{"id":10165,"date":"2024-09-04T08:51:50","date_gmt":"2024-09-04T11:51:50","guid":{"rendered":"https:\/\/www.univ-guyane.fr\/?p=10165"},"modified":"2024-09-04T11:00:45","modified_gmt":"2024-09-04T14:00:45","slug":"reunion-dinformation-sur-le-programme-erasmus","status":"publish","type":"post","link":"https:\/\/www.univ-guyane.fr\/en\/2024\/09\/04\/reunion-dinformation-sur-le-programme-erasmus\/","title":{"rendered":"Information meeting on the ERASMUS programme"},"content":{"rendered":"<div id=\"fws_69f21957bb5de\"  data-column-margin=\"default\" data-midnight=\"dark\"  class=\"wpb_row vc_row-fluid vc_row\"  style=\"padding-top: 0px; padding-bottom: 0px; \"><div class=\"row-bg-wrap\" data-bg-animation=\"none\" data-bg-animation-delay=\"\" data-bg-overlay=\"false\"><div class=\"inner-wrap row-bg-layer\" ><div class=\"row-bg viewport-desktop\"  style=\"\"><\/div><\/div><\/div><div class=\"row_col_wrap_12 col span_12 dark left\">\n\t<div  class=\"vc_col-sm-12 wpb_column column_container vc_column_container col no-extra-padding inherit_tablet inherit_phone\"  data-padding-pos=\"all\" data-has-bg-color=\"false\" data-bg-color=\"\" data-bg-opacity=\"1\" data-animation=\"\" data-delay=\"0\" >\n\t\t<div class=\"vc_column-inner\" >\n\t\t\t<div class=\"wpb_wrapper\">\n\t\t\t\t\n<div class=\"wpb_text_column wpb_content_element  chapo\" >\n\t<h2>Are you dreaming of an international experience that will enrich both your academic and personal career? Don't miss the information meeting on the Erasmus+ programme, organised on 10 September 2024 at 12.45pm in amphitheatre E.<\/h2>\n<\/div>\n\n\n\n\n<div class=\"wpb_text_column wpb_content_element\" >\n\t<h3>Why choose Erasmus+ for your studies abroad?<\/h3>\n<p>The Erasmus+ programme is much more than just an academic exchange. <strong>It opens the doors to more than 13 European countries<\/strong>as well as destinations in South America such as Brazil, Colombia and Guyana. By taking part in this programme, you will have the opportunity to experience a unique cultural immersion, perfect your language skills and discover new cultures that will transform the way you see the world.<\/p>\n<h3>What you will learn at the information meeting<\/h3>\n<p>The meeting on 10 September is essential for any student wishing to go on an international exchange. Members of the International Relations Office will be on hand to explain in detail how to apply, the selection criteria and the destinations available. You will also have the opportunity to talk to former participants who will share their personal experiences and give you invaluable advice on how to make your stay abroad a success.<\/p>\n<p>In addition, this meeting is an opportunity to meet the international students hosted by the University of Guyana this year, and to talk to them about their own experiences of mobility.<\/p>\n<h3>Get ready for an unforgettable adventure with Erasmus+!<\/h3>\n<p>By attending this event, you will leave with all the information you need to prepare your application, obtain an Erasmus+ grant and embark on a life-changing adventure. Whether you're looking for a new academic perspective or an enriching cultural experience, the Erasmus+ programme is the ideal opportunity for you.<\/p>\n<h3><strong>Don't miss it!<\/strong><\/h3>\n<p><strong>Join us on 10 September 2024 at 12.45pm in amphitheatre E at the University of Guyana.<\/strong>. Find out how Erasmus+ can transform your university career into an unforgettable international experience.<\/p>\n<\/div>\n\n\n\n\n\t\t\t<\/div> \n\t\t<\/div>\n\t<\/div> \n<\/div><\/div>","protected":false},"excerpt":{"rendered":"Do you dream of an international experience that will enrich both your academic and personal career?","protected":false},"author":1,"featured_media":10166,"comment_status":"closed","ping_status":"open","sticky":false,"template":"","format":"standard","meta":{"iawp_total_views":108,"footnotes":""},"categories":[171,170],"tags":[],"class_list":{"0":"post-10165","1":"post","2":"type-post","3":"status-publish","4":"format-standard","5":"has-post-thumbnail","7":"category-erasmus","8":"category-international"},"yoast_head":"<!-- This site is optimized with the Yoast SEO plugin v27.5 - https:\/\/yoast.com\/product\/yoast-seo-wordpress\/ -->\n<title>R\u00e9union d&#039;information sur le programme ERASMUS &#8212; Universit\u00e9 de Guyane<\/title>\n<meta name=\"description\" content=\"D\u00e9couvrez le programme Erasmus+ et explorez plus de 13 pays europ\u00e9ens. Des opportunit\u00e9s acad\u00e9miques et culturelles vous attendent.\" \/>\n<meta name=\"robots\" content=\"index, follow, max-snippet:-1, max-image-preview:large, max-video-preview:-1\" \/>\n<link rel=\"canonical\" href=\"https:\/\/www.univ-guyane.fr\/en\/2024\/09\/04\/reunion-dinformation-sur-le-programme-erasmus\/\" \/>\n<meta property=\"og:locale\" content=\"en_GB\" \/>\n<meta property=\"og:type\" content=\"article\" \/>\n<meta property=\"og:title\" content=\"R\u00e9union d&#039;information sur le programme ERASMUS &#8212; Universit\u00e9 de Guyane\" \/>\n<meta property=\"og:description\" content=\"D\u00e9couvrez le programme Erasmus+ et explorez plus de 13 pays europ\u00e9ens. Des opportunit\u00e9s acad\u00e9miques et culturelles vous attendent.\" \/>\n<meta property=\"og:url\" content=\"https:\/\/www.univ-guyane.fr\/en\/2024\/09\/04\/reunion-dinformation-sur-le-programme-erasmus\/\" \/>\n<meta property=\"og:site_name\" content=\"Universit\u00e9 de Guyane\" \/>\n<meta property=\"article:publisher\" content=\"https:\/\/www.facebook.com\/univguyane\" \/>\n<meta property=\"article:published_time\" content=\"2024-09-04T11:51:50+00:00\" \/>\n<meta property=\"article:modified_time\" content=\"2024-09-04T14:00:45+00:00\" \/>\n<meta property=\"og:image\" content=\"https:\/\/www.univ-guyane.fr\/wp-content\/uploads\/osez-l-international-sept-2024.jpg\" \/>\n\t<meta property=\"og:image:width\" content=\"1800\" \/>\n\t<meta property=\"og:image:height\" content=\"1013\" \/>\n\t<meta property=\"og:image:type\" content=\"image\/jpeg\" \/>\n<meta name=\"author\" content=\"Erick Loiti\u00e8re\" \/>\n<meta name=\"twitter:card\" content=\"summary_large_image\" \/>\n<meta name=\"twitter:creator\" content=\"@univguyane\" \/>\n<meta name=\"twitter:site\" content=\"@univguyane\" \/>\n<meta name=\"twitter:label1\" content=\"Written by\" \/>\n\t<meta name=\"twitter:data1\" content=\"Erick Loiti\u00e8re\" \/>\n\t<meta name=\"twitter:label2\" content=\"Estimated reading time\" \/>\n\t<meta name=\"twitter:data2\" content=\"3 minutes\" \/>\n<script type=\"application\/ld+json\" class=\"yoast-schema-graph\">{\"@context\":\"https:\\\/\\\/schema.org\",\"@graph\":[{\"@type\":\"Article\",\"@id\":\"https:\\\/\\\/www.univ-guyane.fr\\\/2024\\\/09\\\/04\\\/reunion-dinformation-sur-le-programme-erasmus\\\/#article\",\"isPartOf\":{\"@id\":\"https:\\\/\\\/www.univ-guyane.fr\\\/2024\\\/09\\\/04\\\/reunion-dinformation-sur-le-programme-erasmus\\\/\"},\"author\":{\"name\":\"Erick Loiti\u00e8re\",\"@id\":\"https:\\\/\\\/www.univ-guyane.fr\\\/#\\\/schema\\\/person\\\/86d946a28a8be51bb096ccfdf19db179\"},\"headline\":\"R\u00e9union d&rsquo;information sur le programme ERASMUS\",\"datePublished\":\"2024-09-04T11:51:50+00:00\",\"dateModified\":\"2024-09-04T14:00:45+00:00\",\"mainEntityOfPage\":{\"@id\":\"https:\\\/\\\/www.univ-guyane.fr\\\/2024\\\/09\\\/04\\\/reunion-dinformation-sur-le-programme-erasmus\\\/\"},\"wordCount\":533,\"publisher\":{\"@id\":\"https:\\\/\\\/www.univ-guyane.fr\\\/#organization\"},\"image\":{\"@id\":\"https:\\\/\\\/www.univ-guyane.fr\\\/2024\\\/09\\\/04\\\/reunion-dinformation-sur-le-programme-erasmus\\\/#primaryimage\"},\"thumbnailUrl\":\"https:\\\/\\\/www.univ-guyane.fr\\\/wp-content\\\/uploads\\\/osez-l-international-sept-2024.jpg\",\"articleSection\":[\"\u2022 Erasmus +\",\"\u2022 International\"],\"inLanguage\":\"en-GB\"},{\"@type\":\"WebPage\",\"@id\":\"https:\\\/\\\/www.univ-guyane.fr\\\/2024\\\/09\\\/04\\\/reunion-dinformation-sur-le-programme-erasmus\\\/\",\"url\":\"https:\\\/\\\/www.univ-guyane.fr\\\/2024\\\/09\\\/04\\\/reunion-dinformation-sur-le-programme-erasmus\\\/\",\"name\":\"R\u00e9union d'information sur le programme ERASMUS &#8212; Universit\u00e9 de Guyane\",\"isPartOf\":{\"@id\":\"https:\\\/\\\/www.univ-guyane.fr\\\/#website\"},\"primaryImageOfPage\":{\"@id\":\"https:\\\/\\\/www.univ-guyane.fr\\\/2024\\\/09\\\/04\\\/reunion-dinformation-sur-le-programme-erasmus\\\/#primaryimage\"},\"image\":{\"@id\":\"https:\\\/\\\/www.univ-guyane.fr\\\/2024\\\/09\\\/04\\\/reunion-dinformation-sur-le-programme-erasmus\\\/#primaryimage\"},\"thumbnailUrl\":\"https:\\\/\\\/www.univ-guyane.fr\\\/wp-content\\\/uploads\\\/osez-l-international-sept-2024.jpg\",\"datePublished\":\"2024-09-04T11:51:50+00:00\",\"dateModified\":\"2024-09-04T14:00:45+00:00\",\"description\":\"D\u00e9couvrez le programme Erasmus+ et explorez plus de 13 pays europ\u00e9ens. Des opportunit\u00e9s acad\u00e9miques et culturelles vous attendent.\",\"breadcrumb\":{\"@id\":\"https:\\\/\\\/www.univ-guyane.fr\\\/2024\\\/09\\\/04\\\/reunion-dinformation-sur-le-programme-erasmus\\\/#breadcrumb\"},\"inLanguage\":\"en-GB\",\"potentialAction\":[{\"@type\":\"ReadAction\",\"target\":[\"https:\\\/\\\/www.univ-guyane.fr\\\/2024\\\/09\\\/04\\\/reunion-dinformation-sur-le-programme-erasmus\\\/\"]}]},{\"@type\":\"ImageObject\",\"inLanguage\":\"en-GB\",\"@id\":\"https:\\\/\\\/www.univ-guyane.fr\\\/2024\\\/09\\\/04\\\/reunion-dinformation-sur-le-programme-erasmus\\\/#primaryimage\",\"url\":\"https:\\\/\\\/www.univ-guyane.fr\\\/wp-content\\\/uploads\\\/osez-l-international-sept-2024.jpg\",\"contentUrl\":\"https:\\\/\\\/www.univ-guyane.fr\\\/wp-content\\\/uploads\\\/osez-l-international-sept-2024.jpg\",\"width\":1800,\"height\":1013},{\"@type\":\"BreadcrumbList\",\"@id\":\"https:\\\/\\\/www.univ-guyane.fr\\\/2024\\\/09\\\/04\\\/reunion-dinformation-sur-le-programme-erasmus\\\/#breadcrumb\",\"itemListElement\":[{\"@type\":\"ListItem\",\"position\":1,\"name\":\"Accueil\",\"item\":\"https:\\\/\\\/www.univ-guyane.fr\\\/\"},{\"@type\":\"ListItem\",\"position\":2,\"name\":\"R\u00e9union d&rsquo;information sur le programme ERASMUS\"}]},{\"@type\":\"WebSite\",\"@id\":\"https:\\\/\\\/www.univ-guyane.fr\\\/#website\",\"url\":\"https:\\\/\\\/www.univ-guyane.fr\\\/\",\"name\":\"Universit\u00e9 de Guyane\",\"description\":\"Au c\u0153ur de l&#039;amazonie\",\"publisher\":{\"@id\":\"https:\\\/\\\/www.univ-guyane.fr\\\/#organization\"},\"alternateName\":\"UG\",\"potentialAction\":[{\"@type\":\"SearchAction\",\"target\":{\"@type\":\"EntryPoint\",\"urlTemplate\":\"https:\\\/\\\/www.univ-guyane.fr\\\/?s={search_term_string}\"},\"query-input\":{\"@type\":\"PropertyValueSpecification\",\"valueRequired\":true,\"valueName\":\"search_term_string\"}}],\"inLanguage\":\"en-GB\"},{\"@type\":\"Organization\",\"@id\":\"https:\\\/\\\/www.univ-guyane.fr\\\/#organization\",\"name\":\"Universit\u00e9 de Guyane\",\"alternateName\":\"UG\",\"url\":\"https:\\\/\\\/www.univ-guyane.fr\\\/\",\"logo\":{\"@type\":\"ImageObject\",\"inLanguage\":\"en-GB\",\"@id\":\"https:\\\/\\\/www.univ-guyane.fr\\\/#\\\/schema\\\/logo\\\/image\\\/\",\"url\":\"https:\\\/\\\/www.univ-guyane.fr\\\/wp-content\\\/uploads\\\/2024\\\/05\\\/f.png\",\"contentUrl\":\"https:\\\/\\\/www.univ-guyane.fr\\\/wp-content\\\/uploads\\\/2024\\\/05\\\/f.png\",\"width\":1024,\"height\":1024,\"caption\":\"Universit\u00e9 de Guyane\"},\"image\":{\"@id\":\"https:\\\/\\\/www.univ-guyane.fr\\\/#\\\/schema\\\/logo\\\/image\\\/\"},\"sameAs\":[\"https:\\\/\\\/www.facebook.com\\\/univguyane\",\"https:\\\/\\\/x.com\\\/univguyane\",\"https:\\\/\\\/gf.linkedin.com\\\/school\\\/universite-de-guyane\\\/\",\"https:\\\/\\\/www.instagram.com\\\/univ_guyane\\\/\"]},{\"@type\":\"Person\",\"@id\":\"https:\\\/\\\/www.univ-guyane.fr\\\/#\\\/schema\\\/person\\\/86d946a28a8be51bb096ccfdf19db179\",\"name\":\"Erick Loiti\u00e8re\",\"image\":{\"@type\":\"ImageObject\",\"inLanguage\":\"en-GB\",\"@id\":\"https:\\\/\\\/secure.gravatar.com\\\/avatar\\\/0584f332103fbeaf37e52c73b15dca3c547fd9300deb05764e9ad8714839d072?s=96&d=robohash&r=g\",\"url\":\"https:\\\/\\\/secure.gravatar.com\\\/avatar\\\/0584f332103fbeaf37e52c73b15dca3c547fd9300deb05764e9ad8714839d072?s=96&d=robohash&r=g\",\"contentUrl\":\"https:\\\/\\\/secure.gravatar.com\\\/avatar\\\/0584f332103fbeaf37e52c73b15dca3c547fd9300deb05764e9ad8714839d072?s=96&d=robohash&r=g\",\"caption\":\"Erick Loiti\u00e8re\"},\"sameAs\":[\"http:\\\/\\\/www.univ-guyane.fr\"],\"url\":\"https:\\\/\\\/www.univ-guyane.fr\\\/en\\\/author\\\/eloitierdbz\\\/\"}]}<\/script>\n<!-- \/ Yoast SEO plugin. -->","yoast_head_json":{"title":"R\u00e9union d'information sur le programme ERASMUS &#8212; Universit\u00e9 de Guyane","description":"D\u00e9couvrez le programme Erasmus+ et explorez plus de 13 pays europ\u00e9ens. Des opportunit\u00e9s acad\u00e9miques et culturelles vous attendent.","robots":{"index":"index","follow":"follow","max-snippet":"max-snippet:-1","max-image-preview":"max-image-preview:large","max-video-preview":"max-video-preview:-1"},"canonical":"https:\/\/www.univ-guyane.fr\/en\/2024\/09\/04\/reunion-dinformation-sur-le-programme-erasmus\/","og_locale":"en_GB","og_type":"article","og_title":"R\u00e9union d'information sur le programme ERASMUS &#8212; Universit\u00e9 de Guyane","og_description":"D\u00e9couvrez le programme Erasmus+ et explorez plus de 13 pays europ\u00e9ens. Des opportunit\u00e9s acad\u00e9miques et culturelles vous attendent.","og_url":"https:\/\/www.univ-guyane.fr\/en\/2024\/09\/04\/reunion-dinformation-sur-le-programme-erasmus\/","og_site_name":"Universit\u00e9 de Guyane","article_publisher":"https:\/\/www.facebook.com\/univguyane","article_published_time":"2024-09-04T11:51:50+00:00","article_modified_time":"2024-09-04T14:00:45+00:00","og_image":[{"width":1800,"height":1013,"url":"https:\/\/www.univ-guyane.fr\/wp-content\/uploads\/osez-l-international-sept-2024.jpg","type":"image\/jpeg"}],"author":"Erick Loiti\u00e8re","twitter_card":"summary_large_image","twitter_creator":"@univguyane","twitter_site":"@univguyane","twitter_misc":{"Written by":"Erick Loiti\u00e8re","Estimated reading time":"3 minutes"},"schema":{"@context":"https:\/\/schema.org","@graph":[{"@type":"Article","@id":"https:\/\/www.univ-guyane.fr\/2024\/09\/04\/reunion-dinformation-sur-le-programme-erasmus\/#article","isPartOf":{"@id":"https:\/\/www.univ-guyane.fr\/2024\/09\/04\/reunion-dinformation-sur-le-programme-erasmus\/"},"author":{"name":"Erick Loiti\u00e8re","@id":"https:\/\/www.univ-guyane.fr\/#\/schema\/person\/86d946a28a8be51bb096ccfdf19db179"},"headline":"R\u00e9union d&rsquo;information sur le programme ERASMUS","datePublished":"2024-09-04T11:51:50+00:00","dateModified":"2024-09-04T14:00:45+00:00","mainEntityOfPage":{"@id":"https:\/\/www.univ-guyane.fr\/2024\/09\/04\/reunion-dinformation-sur-le-programme-erasmus\/"},"wordCount":533,"publisher":{"@id":"https:\/\/www.univ-guyane.fr\/#organization"},"image":{"@id":"https:\/\/www.univ-guyane.fr\/2024\/09\/04\/reunion-dinformation-sur-le-programme-erasmus\/#primaryimage"},"thumbnailUrl":"https:\/\/www.univ-guyane.fr\/wp-content\/uploads\/osez-l-international-sept-2024.jpg","articleSection":["\u2022 Erasmus +","\u2022 International"],"inLanguage":"en-GB"},{"@type":"WebPage","@id":"https:\/\/www.univ-guyane.fr\/2024\/09\/04\/reunion-dinformation-sur-le-programme-erasmus\/","url":"https:\/\/www.univ-guyane.fr\/2024\/09\/04\/reunion-dinformation-sur-le-programme-erasmus\/","name":"R\u00e9union d'information sur le programme ERASMUS &#8212; Universit\u00e9 de Guyane","isPartOf":{"@id":"https:\/\/www.univ-guyane.fr\/#website"},"primaryImageOfPage":{"@id":"https:\/\/www.univ-guyane.fr\/2024\/09\/04\/reunion-dinformation-sur-le-programme-erasmus\/#primaryimage"},"image":{"@id":"https:\/\/www.univ-guyane.fr\/2024\/09\/04\/reunion-dinformation-sur-le-programme-erasmus\/#primaryimage"},"thumbnailUrl":"https:\/\/www.univ-guyane.fr\/wp-content\/uploads\/osez-l-international-sept-2024.jpg","datePublished":"2024-09-04T11:51:50+00:00","dateModified":"2024-09-04T14:00:45+00:00","description":"D\u00e9couvrez le programme Erasmus+ et explorez plus de 13 pays europ\u00e9ens. Des opportunit\u00e9s acad\u00e9miques et culturelles vous attendent.","breadcrumb":{"@id":"https:\/\/www.univ-guyane.fr\/2024\/09\/04\/reunion-dinformation-sur-le-programme-erasmus\/#breadcrumb"},"inLanguage":"en-GB","potentialAction":[{"@type":"ReadAction","target":["https:\/\/www.univ-guyane.fr\/2024\/09\/04\/reunion-dinformation-sur-le-programme-erasmus\/"]}]},{"@type":"ImageObject","inLanguage":"en-GB","@id":"https:\/\/www.univ-guyane.fr\/2024\/09\/04\/reunion-dinformation-sur-le-programme-erasmus\/#primaryimage","url":"https:\/\/www.univ-guyane.fr\/wp-content\/uploads\/osez-l-international-sept-2024.jpg","contentUrl":"https:\/\/www.univ-guyane.fr\/wp-content\/uploads\/osez-l-international-sept-2024.jpg","width":1800,"height":1013},{"@type":"BreadcrumbList","@id":"https:\/\/www.univ-guyane.fr\/2024\/09\/04\/reunion-dinformation-sur-le-programme-erasmus\/#breadcrumb","itemListElement":[{"@type":"ListItem","position":1,"name":"Accueil","item":"https:\/\/www.univ-guyane.fr\/"},{"@type":"ListItem","position":2,"name":"R\u00e9union d&rsquo;information sur le programme ERASMUS"}]},{"@type":"WebSite","@id":"https:\/\/www.univ-guyane.fr\/#website","url":"https:\/\/www.univ-guyane.fr\/","name":"University of Guyana","description":"In the heart of Amazonia","publisher":{"@id":"https:\/\/www.univ-guyane.fr\/#organization"},"alternateName":"UG","potentialAction":[{"@type":"SearchAction","target":{"@type":"EntryPoint","urlTemplate":"https:\/\/www.univ-guyane.fr\/?s={search_term_string}"},"query-input":{"@type":"PropertyValueSpecification","valueRequired":true,"valueName":"search_term_string"}}],"inLanguage":"en-GB"},{"@type":"Organization","@id":"https:\/\/www.univ-guyane.fr\/#organization","name":"University of Guyana","alternateName":"UG","url":"https:\/\/www.univ-guyane.fr\/","logo":{"@type":"ImageObject","inLanguage":"en-GB","@id":"https:\/\/www.univ-guyane.fr\/#\/schema\/logo\/image\/","url":"https:\/\/www.univ-guyane.fr\/wp-content\/uploads\/2024\/05\/f.png","contentUrl":"https:\/\/www.univ-guyane.fr\/wp-content\/uploads\/2024\/05\/f.png","width":1024,"height":1024,"caption":"Universit\u00e9 de Guyane"},"image":{"@id":"https:\/\/www.univ-guyane.fr\/#\/schema\/logo\/image\/"},"sameAs":["https:\/\/www.facebook.com\/univguyane","https:\/\/x.com\/univguyane","https:\/\/gf.linkedin.com\/school\/universite-de-guyane\/","https:\/\/www.instagram.com\/univ_guyane\/"]},{"@type":"Person","@id":"https:\/\/www.univ-guyane.fr\/#\/schema\/person\/86d946a28a8be51bb096ccfdf19db179","name":"Erick Loiti\u00e8re","image":{"@type":"ImageObject","inLanguage":"en-GB","@id":"https:\/\/secure.gravatar.com\/avatar\/0584f332103fbeaf37e52c73b15dca3c547fd9300deb05764e9ad8714839d072?s=96&d=robohash&r=g","url":"https:\/\/secure.gravatar.com\/avatar\/0584f332103fbeaf37e52c73b15dca3c547fd9300deb05764e9ad8714839d072?s=96&d=robohash&r=g","contentUrl":"https:\/\/secure.gravatar.com\/avatar\/0584f332103fbeaf37e52c73b15dca3c547fd9300deb05764e9ad8714839d072?s=96&d=robohash&r=g","caption":"Erick Loiti\u00e8re"},"sameAs":["http:\/\/www.univ-guyane.fr"],"url":"https:\/\/www.univ-guyane.fr\/en\/author\/eloitierdbz\/"}]}},"_links":{"self":[{"href":"https:\/\/www.univ-guyane.fr\/en\/wp-json\/wp\/v2\/posts\/10165","targetHints":{"allow":["GET"]}}],"collection":[{"href":"https:\/\/www.univ-guyane.fr\/en\/wp-json\/wp\/v2\/posts"}],"about":[{"href":"https:\/\/www.univ-guyane.fr\/en\/wp-json\/wp\/v2\/types\/post"}],"author":[{"embeddable":true,"href":"https:\/\/www.univ-guyane.fr\/en\/wp-json\/wp\/v2\/users\/1"}],"replies":[{"embeddable":true,"href":"https:\/\/www.univ-guyane.fr\/en\/wp-json\/wp\/v2\/comments?post=10165"}],"version-history":[{"count":5,"href":"https:\/\/www.univ-guyane.fr\/en\/wp-json\/wp\/v2\/posts\/10165\/revisions"}],"predecessor-version":[{"id":10171,"href":"https:\/\/www.univ-guyane.fr\/en\/wp-json\/wp\/v2\/posts\/10165\/revisions\/10171"}],"wp:featuredmedia":[{"embeddable":true,"href":"https:\/\/www.univ-guyane.fr\/en\/wp-json\/wp\/v2\/media\/10166"}],"wp:attachment":[{"href":"https:\/\/www.univ-guyane.fr\/en\/wp-json\/wp\/v2\/media?parent=10165"}],"wp:term":[{"taxonomy":"category","embeddable":true,"href":"https:\/\/www.univ-guyane.fr\/en\/wp-json\/wp\/v2\/categories?post=10165"},{"taxonomy":"post_tag","embeddable":true,"href":"https:\/\/www.univ-guyane.fr\/en\/wp-json\/wp\/v2\/tags?post=10165"}],"curies":[{"name":"wp","href":"https:\/\/api.w.org\/{rel}","templated":true}]}}