{"id":10176,"date":"2024-09-05T11:51:40","date_gmt":"2024-09-05T14:51:40","guid":{"rendered":"https:\/\/www.univ-guyane.fr\/?p=10176"},"modified":"2024-09-05T13:08:00","modified_gmt":"2024-09-05T16:08:00","slug":"luniversite-de-guyane-dispose-desormais-de-son-iej","status":"publish","type":"post","link":"https:\/\/www.univ-guyane.fr\/en\/2024\/09\/05\/luniversite-de-guyane-dispose-desormais-de-son-iej\/","title":{"rendered":"The University of Guyana now has its own IEJ!"},"content":{"rendered":"<h2>30 May 2024 marks an important milestone for the University of Guyana and the region's legal landscape.<\/h2>\n<p>On that date, the University's Board of Governors took the historic step of adopting the statutes for a new Institute of Legal Studies (IEJ). This ambitious project, the fruit of close collaboration between a number of local partners, promises to strengthen access to legal training in French Guyana and meet the region's growing needs in terms of justice and the law.<\/p>\n<p>A number of major players in Guyana's legal world have joined forces to create this institute. These include the Guyana Bar Association, the Guyana Law School, the Cayenne Court of First Instance and Court of Appeal, as well as the Administrative Court and the Collectivit\u00e9 Territoriale de Guyane, all of which have contributed to this initiative. This ambitious project is part of a shared desire to strengthen the training of Guyanese students in the legal field, enabling them to prepare for various national competitive examinations.<\/p>\n<p>The IEJ, which is part of the university's Department of Legal and Economic Sciences, will focus primarily on preparing students for the entrance exam to the Centres R\u00e9gionaux de Formation Professionnelle d'Avocats (CRFPA) and the entrance exam to the \u00c9cole Nationale de la Magistrature (ENM). These competitive examinations are crucial steps towards entering key professions in the field of justice.<\/p>\n<p>The first course offered by IEJ will begin in September 2025, with dedicated preparation for the CRFPA entrance exam. Master 1 or Master 2 students wishing to sit this exam in Cayenne will be able to enrol from October 2024. The course will run from January to July 2025, providing them with a structured academic framework tailored to their professional ambitions.<\/p>\n<p>Ultimately, the IEJ aims to broaden its range of courses to cover other competitive examinations related to the legal profession. This initiative is also part of a wider development dynamic within the University of Guyana, with the possible creation of an Institut de Pr\u00e9paration \u00e0 l'Administration G\u00e9n\u00e9rale (IPAG). These structures will enable Guianese students to be trained directly on their home territory, thereby reducing the need to travel to mainland France to follow specialised courses. A real step forward for French Guiana.<\/p>","protected":false},"excerpt":{"rendered":"<p>30 May 2024 marks an important milestone for the University of French Guyana and the...<\/p>","protected":false},"author":1,"featured_media":10180,"comment_status":"closed","ping_status":"open","sticky":false,"template":"","format":"standard","meta":{"iawp_total_views":801,"footnotes":""},"categories":[252],"tags":[],"class_list":{"0":"post-10176","1":"post","2":"type-post","3":"status-publish","4":"format-standard","5":"has-post-thumbnail","7":"category-droit"},"yoast_head":"<!-- This site is optimized with the Yoast SEO plugin v27.5 - https:\/\/yoast.com\/product\/yoast-seo-wordpress\/ -->\n<title>L\u2019Universit\u00e9 de Guyane dispose d\u00e9sormais de son IEJ ! &#8212; Universit\u00e9 de Guyane<\/title>\n<meta name=\"robots\" content=\"index, follow, max-snippet:-1, max-image-preview:large, max-video-preview:-1\" \/>\n<link rel=\"canonical\" href=\"https:\/\/www.univ-guyane.fr\/en\/2024\/09\/05\/luniversite-de-guyane-dispose-desormais-de-son-iej\/\" \/>\n<meta property=\"og:locale\" content=\"en_GB\" \/>\n<meta property=\"og:type\" content=\"article\" \/>\n<meta property=\"og:title\" content=\"L\u2019Universit\u00e9 de Guyane dispose d\u00e9sormais de son IEJ ! &#8212; Universit\u00e9 de Guyane\" \/>\n<meta property=\"og:description\" content=\"Le 30 mai 2024 marque une \u00e9tape importante pour l&rsquo;Universit\u00e9 de Guyane et le paysage...\" \/>\n<meta property=\"og:url\" content=\"https:\/\/www.univ-guyane.fr\/en\/2024\/09\/05\/luniversite-de-guyane-dispose-desormais-de-son-iej\/\" \/>\n<meta property=\"og:site_name\" content=\"Universit\u00e9 de Guyane\" \/>\n<meta property=\"article:publisher\" content=\"https:\/\/www.facebook.com\/univguyane\" \/>\n<meta property=\"article:published_time\" content=\"2024-09-05T14:51:40+00:00\" \/>\n<meta property=\"article:modified_time\" content=\"2024-09-05T16:08:00+00:00\" \/>\n<meta property=\"og:image\" content=\"https:\/\/www.univ-guyane.fr\/wp-content\/uploads\/institut-d-etude-judiciaire-iej-universite-de-guyane.jpg\" \/>\n\t<meta property=\"og:image:width\" content=\"1920\" \/>\n\t<meta property=\"og:image:height\" content=\"1080\" \/>\n\t<meta property=\"og:image:type\" content=\"image\/jpeg\" \/>\n<meta name=\"author\" content=\"Erick Loiti\u00e8re\" \/>\n<meta name=\"twitter:card\" content=\"summary_large_image\" \/>\n<meta name=\"twitter:creator\" content=\"@univguyane\" \/>\n<meta name=\"twitter:site\" content=\"@univguyane\" \/>\n<meta name=\"twitter:label1\" content=\"Written by\" \/>\n\t<meta name=\"twitter:data1\" content=\"Erick Loiti\u00e8re\" \/>\n\t<meta name=\"twitter:label2\" content=\"Estimated reading time\" \/>\n\t<meta name=\"twitter:data2\" content=\"3 minutes\" \/>\n<script type=\"application\/ld+json\" class=\"yoast-schema-graph\">{\"@context\":\"https:\\\/\\\/schema.org\",\"@graph\":[{\"@type\":\"Article\",\"@id\":\"https:\\\/\\\/www.univ-guyane.fr\\\/2024\\\/09\\\/05\\\/luniversite-de-guyane-dispose-desormais-de-son-iej\\\/#article\",\"isPartOf\":{\"@id\":\"https:\\\/\\\/www.univ-guyane.fr\\\/2024\\\/09\\\/05\\\/luniversite-de-guyane-dispose-desormais-de-son-iej\\\/\"},\"author\":{\"name\":\"Erick Loiti\u00e8re\",\"@id\":\"https:\\\/\\\/www.univ-guyane.fr\\\/#\\\/schema\\\/person\\\/86d946a28a8be51bb096ccfdf19db179\"},\"headline\":\"L\u2019Universit\u00e9 de Guyane dispose d\u00e9sormais de son IEJ !\",\"datePublished\":\"2024-09-05T14:51:40+00:00\",\"dateModified\":\"2024-09-05T16:08:00+00:00\",\"mainEntityOfPage\":{\"@id\":\"https:\\\/\\\/www.univ-guyane.fr\\\/2024\\\/09\\\/05\\\/luniversite-de-guyane-dispose-desormais-de-son-iej\\\/\"},\"wordCount\":423,\"publisher\":{\"@id\":\"https:\\\/\\\/www.univ-guyane.fr\\\/#organization\"},\"image\":{\"@id\":\"https:\\\/\\\/www.univ-guyane.fr\\\/2024\\\/09\\\/05\\\/luniversite-de-guyane-dispose-desormais-de-son-iej\\\/#primaryimage\"},\"thumbnailUrl\":\"https:\\\/\\\/www.univ-guyane.fr\\\/wp-content\\\/uploads\\\/institut-d-etude-judiciaire-iej-universite-de-guyane.jpg\",\"articleSection\":[\"\u2022\u00a0Droit\"],\"inLanguage\":\"en-GB\"},{\"@type\":\"WebPage\",\"@id\":\"https:\\\/\\\/www.univ-guyane.fr\\\/2024\\\/09\\\/05\\\/luniversite-de-guyane-dispose-desormais-de-son-iej\\\/\",\"url\":\"https:\\\/\\\/www.univ-guyane.fr\\\/2024\\\/09\\\/05\\\/luniversite-de-guyane-dispose-desormais-de-son-iej\\\/\",\"name\":\"L\u2019Universit\u00e9 de Guyane dispose d\u00e9sormais de son IEJ ! &#8212; Universit\u00e9 de Guyane\",\"isPartOf\":{\"@id\":\"https:\\\/\\\/www.univ-guyane.fr\\\/#website\"},\"primaryImageOfPage\":{\"@id\":\"https:\\\/\\\/www.univ-guyane.fr\\\/2024\\\/09\\\/05\\\/luniversite-de-guyane-dispose-desormais-de-son-iej\\\/#primaryimage\"},\"image\":{\"@id\":\"https:\\\/\\\/www.univ-guyane.fr\\\/2024\\\/09\\\/05\\\/luniversite-de-guyane-dispose-desormais-de-son-iej\\\/#primaryimage\"},\"thumbnailUrl\":\"https:\\\/\\\/www.univ-guyane.fr\\\/wp-content\\\/uploads\\\/institut-d-etude-judiciaire-iej-universite-de-guyane.jpg\",\"datePublished\":\"2024-09-05T14:51:40+00:00\",\"dateModified\":\"2024-09-05T16:08:00+00:00\",\"breadcrumb\":{\"@id\":\"https:\\\/\\\/www.univ-guyane.fr\\\/2024\\\/09\\\/05\\\/luniversite-de-guyane-dispose-desormais-de-son-iej\\\/#breadcrumb\"},\"inLanguage\":\"en-GB\",\"potentialAction\":[{\"@type\":\"ReadAction\",\"target\":[\"https:\\\/\\\/www.univ-guyane.fr\\\/2024\\\/09\\\/05\\\/luniversite-de-guyane-dispose-desormais-de-son-iej\\\/\"]}]},{\"@type\":\"ImageObject\",\"inLanguage\":\"en-GB\",\"@id\":\"https:\\\/\\\/www.univ-guyane.fr\\\/2024\\\/09\\\/05\\\/luniversite-de-guyane-dispose-desormais-de-son-iej\\\/#primaryimage\",\"url\":\"https:\\\/\\\/www.univ-guyane.fr\\\/wp-content\\\/uploads\\\/institut-d-etude-judiciaire-iej-universite-de-guyane.jpg\",\"contentUrl\":\"https:\\\/\\\/www.univ-guyane.fr\\\/wp-content\\\/uploads\\\/institut-d-etude-judiciaire-iej-universite-de-guyane.jpg\",\"width\":1920,\"height\":1080,\"caption\":\"IEJ - Institut d'\u00c9tudes Judiciaires\"},{\"@type\":\"BreadcrumbList\",\"@id\":\"https:\\\/\\\/www.univ-guyane.fr\\\/2024\\\/09\\\/05\\\/luniversite-de-guyane-dispose-desormais-de-son-iej\\\/#breadcrumb\",\"itemListElement\":[{\"@type\":\"ListItem\",\"position\":1,\"name\":\"Accueil\",\"item\":\"https:\\\/\\\/www.univ-guyane.fr\\\/\"},{\"@type\":\"ListItem\",\"position\":2,\"name\":\"L\u2019Universit\u00e9 de Guyane dispose d\u00e9sormais de son IEJ !\"}]},{\"@type\":\"WebSite\",\"@id\":\"https:\\\/\\\/www.univ-guyane.fr\\\/#website\",\"url\":\"https:\\\/\\\/www.univ-guyane.fr\\\/\",\"name\":\"Universit\u00e9 de Guyane\",\"description\":\"Au c\u0153ur de l&#039;amazonie\",\"publisher\":{\"@id\":\"https:\\\/\\\/www.univ-guyane.fr\\\/#organization\"},\"alternateName\":\"UG\",\"potentialAction\":[{\"@type\":\"SearchAction\",\"target\":{\"@type\":\"EntryPoint\",\"urlTemplate\":\"https:\\\/\\\/www.univ-guyane.fr\\\/?s={search_term_string}\"},\"query-input\":{\"@type\":\"PropertyValueSpecification\",\"valueRequired\":true,\"valueName\":\"search_term_string\"}}],\"inLanguage\":\"en-GB\"},{\"@type\":\"Organization\",\"@id\":\"https:\\\/\\\/www.univ-guyane.fr\\\/#organization\",\"name\":\"Universit\u00e9 de Guyane\",\"alternateName\":\"UG\",\"url\":\"https:\\\/\\\/www.univ-guyane.fr\\\/\",\"logo\":{\"@type\":\"ImageObject\",\"inLanguage\":\"en-GB\",\"@id\":\"https:\\\/\\\/www.univ-guyane.fr\\\/#\\\/schema\\\/logo\\\/image\\\/\",\"url\":\"https:\\\/\\\/www.univ-guyane.fr\\\/wp-content\\\/uploads\\\/2024\\\/05\\\/f.png\",\"contentUrl\":\"https:\\\/\\\/www.univ-guyane.fr\\\/wp-content\\\/uploads\\\/2024\\\/05\\\/f.png\",\"width\":1024,\"height\":1024,\"caption\":\"Universit\u00e9 de Guyane\"},\"image\":{\"@id\":\"https:\\\/\\\/www.univ-guyane.fr\\\/#\\\/schema\\\/logo\\\/image\\\/\"},\"sameAs\":[\"https:\\\/\\\/www.facebook.com\\\/univguyane\",\"https:\\\/\\\/x.com\\\/univguyane\",\"https:\\\/\\\/gf.linkedin.com\\\/school\\\/universite-de-guyane\\\/\",\"https:\\\/\\\/www.instagram.com\\\/univ_guyane\\\/\"]},{\"@type\":\"Person\",\"@id\":\"https:\\\/\\\/www.univ-guyane.fr\\\/#\\\/schema\\\/person\\\/86d946a28a8be51bb096ccfdf19db179\",\"name\":\"Erick Loiti\u00e8re\",\"image\":{\"@type\":\"ImageObject\",\"inLanguage\":\"en-GB\",\"@id\":\"https:\\\/\\\/secure.gravatar.com\\\/avatar\\\/0584f332103fbeaf37e52c73b15dca3c547fd9300deb05764e9ad8714839d072?s=96&d=robohash&r=g\",\"url\":\"https:\\\/\\\/secure.gravatar.com\\\/avatar\\\/0584f332103fbeaf37e52c73b15dca3c547fd9300deb05764e9ad8714839d072?s=96&d=robohash&r=g\",\"contentUrl\":\"https:\\\/\\\/secure.gravatar.com\\\/avatar\\\/0584f332103fbeaf37e52c73b15dca3c547fd9300deb05764e9ad8714839d072?s=96&d=robohash&r=g\",\"caption\":\"Erick Loiti\u00e8re\"},\"sameAs\":[\"http:\\\/\\\/www.univ-guyane.fr\"],\"url\":\"https:\\\/\\\/www.univ-guyane.fr\\\/en\\\/author\\\/eloitierdbz\\\/\"}]}<\/script>\n<!-- \/ Yoast SEO plugin. -->","yoast_head_json":{"title":"L\u2019Universit\u00e9 de Guyane dispose d\u00e9sormais de son IEJ ! &#8212; Universit\u00e9 de Guyane","robots":{"index":"index","follow":"follow","max-snippet":"max-snippet:-1","max-image-preview":"max-image-preview:large","max-video-preview":"max-video-preview:-1"},"canonical":"https:\/\/www.univ-guyane.fr\/en\/2024\/09\/05\/luniversite-de-guyane-dispose-desormais-de-son-iej\/","og_locale":"en_GB","og_type":"article","og_title":"L\u2019Universit\u00e9 de Guyane dispose d\u00e9sormais de son IEJ ! &#8212; Universit\u00e9 de Guyane","og_description":"Le 30 mai 2024 marque une \u00e9tape importante pour l&rsquo;Universit\u00e9 de Guyane et le paysage...","og_url":"https:\/\/www.univ-guyane.fr\/en\/2024\/09\/05\/luniversite-de-guyane-dispose-desormais-de-son-iej\/","og_site_name":"Universit\u00e9 de Guyane","article_publisher":"https:\/\/www.facebook.com\/univguyane","article_published_time":"2024-09-05T14:51:40+00:00","article_modified_time":"2024-09-05T16:08:00+00:00","og_image":[{"width":1920,"height":1080,"url":"https:\/\/www.univ-guyane.fr\/wp-content\/uploads\/institut-d-etude-judiciaire-iej-universite-de-guyane.jpg","type":"image\/jpeg"}],"author":"Erick Loiti\u00e8re","twitter_card":"summary_large_image","twitter_creator":"@univguyane","twitter_site":"@univguyane","twitter_misc":{"Written by":"Erick Loiti\u00e8re","Estimated reading time":"3 minutes"},"schema":{"@context":"https:\/\/schema.org","@graph":[{"@type":"Article","@id":"https:\/\/www.univ-guyane.fr\/2024\/09\/05\/luniversite-de-guyane-dispose-desormais-de-son-iej\/#article","isPartOf":{"@id":"https:\/\/www.univ-guyane.fr\/2024\/09\/05\/luniversite-de-guyane-dispose-desormais-de-son-iej\/"},"author":{"name":"Erick Loiti\u00e8re","@id":"https:\/\/www.univ-guyane.fr\/#\/schema\/person\/86d946a28a8be51bb096ccfdf19db179"},"headline":"L\u2019Universit\u00e9 de Guyane dispose d\u00e9sormais de son IEJ !","datePublished":"2024-09-05T14:51:40+00:00","dateModified":"2024-09-05T16:08:00+00:00","mainEntityOfPage":{"@id":"https:\/\/www.univ-guyane.fr\/2024\/09\/05\/luniversite-de-guyane-dispose-desormais-de-son-iej\/"},"wordCount":423,"publisher":{"@id":"https:\/\/www.univ-guyane.fr\/#organization"},"image":{"@id":"https:\/\/www.univ-guyane.fr\/2024\/09\/05\/luniversite-de-guyane-dispose-desormais-de-son-iej\/#primaryimage"},"thumbnailUrl":"https:\/\/www.univ-guyane.fr\/wp-content\/uploads\/institut-d-etude-judiciaire-iej-universite-de-guyane.jpg","articleSection":["\u2022\u00a0Droit"],"inLanguage":"en-GB"},{"@type":"WebPage","@id":"https:\/\/www.univ-guyane.fr\/2024\/09\/05\/luniversite-de-guyane-dispose-desormais-de-son-iej\/","url":"https:\/\/www.univ-guyane.fr\/2024\/09\/05\/luniversite-de-guyane-dispose-desormais-de-son-iej\/","name":"L\u2019Universit\u00e9 de Guyane dispose d\u00e9sormais de son IEJ ! &#8212; Universit\u00e9 de Guyane","isPartOf":{"@id":"https:\/\/www.univ-guyane.fr\/#website"},"primaryImageOfPage":{"@id":"https:\/\/www.univ-guyane.fr\/2024\/09\/05\/luniversite-de-guyane-dispose-desormais-de-son-iej\/#primaryimage"},"image":{"@id":"https:\/\/www.univ-guyane.fr\/2024\/09\/05\/luniversite-de-guyane-dispose-desormais-de-son-iej\/#primaryimage"},"thumbnailUrl":"https:\/\/www.univ-guyane.fr\/wp-content\/uploads\/institut-d-etude-judiciaire-iej-universite-de-guyane.jpg","datePublished":"2024-09-05T14:51:40+00:00","dateModified":"2024-09-05T16:08:00+00:00","breadcrumb":{"@id":"https:\/\/www.univ-guyane.fr\/2024\/09\/05\/luniversite-de-guyane-dispose-desormais-de-son-iej\/#breadcrumb"},"inLanguage":"en-GB","potentialAction":[{"@type":"ReadAction","target":["https:\/\/www.univ-guyane.fr\/2024\/09\/05\/luniversite-de-guyane-dispose-desormais-de-son-iej\/"]}]},{"@type":"ImageObject","inLanguage":"en-GB","@id":"https:\/\/www.univ-guyane.fr\/2024\/09\/05\/luniversite-de-guyane-dispose-desormais-de-son-iej\/#primaryimage","url":"https:\/\/www.univ-guyane.fr\/wp-content\/uploads\/institut-d-etude-judiciaire-iej-universite-de-guyane.jpg","contentUrl":"https:\/\/www.univ-guyane.fr\/wp-content\/uploads\/institut-d-etude-judiciaire-iej-universite-de-guyane.jpg","width":1920,"height":1080,"caption":"IEJ - Institut d'\u00c9tudes Judiciaires"},{"@type":"BreadcrumbList","@id":"https:\/\/www.univ-guyane.fr\/2024\/09\/05\/luniversite-de-guyane-dispose-desormais-de-son-iej\/#breadcrumb","itemListElement":[{"@type":"ListItem","position":1,"name":"Accueil","item":"https:\/\/www.univ-guyane.fr\/"},{"@type":"ListItem","position":2,"name":"L\u2019Universit\u00e9 de Guyane dispose d\u00e9sormais de son IEJ !"}]},{"@type":"WebSite","@id":"https:\/\/www.univ-guyane.fr\/#website","url":"https:\/\/www.univ-guyane.fr\/","name":"University of Guyana","description":"In the heart of Amazonia","publisher":{"@id":"https:\/\/www.univ-guyane.fr\/#organization"},"alternateName":"UG","potentialAction":[{"@type":"SearchAction","target":{"@type":"EntryPoint","urlTemplate":"https:\/\/www.univ-guyane.fr\/?s={search_term_string}"},"query-input":{"@type":"PropertyValueSpecification","valueRequired":true,"valueName":"search_term_string"}}],"inLanguage":"en-GB"},{"@type":"Organization","@id":"https:\/\/www.univ-guyane.fr\/#organization","name":"University of Guyana","alternateName":"UG","url":"https:\/\/www.univ-guyane.fr\/","logo":{"@type":"ImageObject","inLanguage":"en-GB","@id":"https:\/\/www.univ-guyane.fr\/#\/schema\/logo\/image\/","url":"https:\/\/www.univ-guyane.fr\/wp-content\/uploads\/2024\/05\/f.png","contentUrl":"https:\/\/www.univ-guyane.fr\/wp-content\/uploads\/2024\/05\/f.png","width":1024,"height":1024,"caption":"Universit\u00e9 de Guyane"},"image":{"@id":"https:\/\/www.univ-guyane.fr\/#\/schema\/logo\/image\/"},"sameAs":["https:\/\/www.facebook.com\/univguyane","https:\/\/x.com\/univguyane","https:\/\/gf.linkedin.com\/school\/universite-de-guyane\/","https:\/\/www.instagram.com\/univ_guyane\/"]},{"@type":"Person","@id":"https:\/\/www.univ-guyane.fr\/#\/schema\/person\/86d946a28a8be51bb096ccfdf19db179","name":"Erick Loiti\u00e8re","image":{"@type":"ImageObject","inLanguage":"en-GB","@id":"https:\/\/secure.gravatar.com\/avatar\/0584f332103fbeaf37e52c73b15dca3c547fd9300deb05764e9ad8714839d072?s=96&d=robohash&r=g","url":"https:\/\/secure.gravatar.com\/avatar\/0584f332103fbeaf37e52c73b15dca3c547fd9300deb05764e9ad8714839d072?s=96&d=robohash&r=g","contentUrl":"https:\/\/secure.gravatar.com\/avatar\/0584f332103fbeaf37e52c73b15dca3c547fd9300deb05764e9ad8714839d072?s=96&d=robohash&r=g","caption":"Erick Loiti\u00e8re"},"sameAs":["http:\/\/www.univ-guyane.fr"],"url":"https:\/\/www.univ-guyane.fr\/en\/author\/eloitierdbz\/"}]}},"_links":{"self":[{"href":"https:\/\/www.univ-guyane.fr\/en\/wp-json\/wp\/v2\/posts\/10176","targetHints":{"allow":["GET"]}}],"collection":[{"href":"https:\/\/www.univ-guyane.fr\/en\/wp-json\/wp\/v2\/posts"}],"about":[{"href":"https:\/\/www.univ-guyane.fr\/en\/wp-json\/wp\/v2\/types\/post"}],"author":[{"embeddable":true,"href":"https:\/\/www.univ-guyane.fr\/en\/wp-json\/wp\/v2\/users\/1"}],"replies":[{"embeddable":true,"href":"https:\/\/www.univ-guyane.fr\/en\/wp-json\/wp\/v2\/comments?post=10176"}],"version-history":[{"count":2,"href":"https:\/\/www.univ-guyane.fr\/en\/wp-json\/wp\/v2\/posts\/10176\/revisions"}],"predecessor-version":[{"id":10178,"href":"https:\/\/www.univ-guyane.fr\/en\/wp-json\/wp\/v2\/posts\/10176\/revisions\/10178"}],"wp:featuredmedia":[{"embeddable":true,"href":"https:\/\/www.univ-guyane.fr\/en\/wp-json\/wp\/v2\/media\/10180"}],"wp:attachment":[{"href":"https:\/\/www.univ-guyane.fr\/en\/wp-json\/wp\/v2\/media?parent=10176"}],"wp:term":[{"taxonomy":"category","embeddable":true,"href":"https:\/\/www.univ-guyane.fr\/en\/wp-json\/wp\/v2\/categories?post=10176"},{"taxonomy":"post_tag","embeddable":true,"href":"https:\/\/www.univ-guyane.fr\/en\/wp-json\/wp\/v2\/tags?post=10176"}],"curies":[{"name":"wp","href":"https:\/\/api.w.org\/{rel}","templated":true}]}}