{"id":10301,"date":"2024-09-25T19:32:22","date_gmt":"2024-09-25T22:32:22","guid":{"rendered":"https:\/\/www.univ-guyane.fr\/?p=10301"},"modified":"2024-09-27T08:21:57","modified_gmt":"2024-09-27T11:21:57","slug":"cycle-de-conferences-plongez-dans-un-ocean-de-savoir","status":"publish","type":"post","link":"https:\/\/www.univ-guyane.fr\/en\/2024\/09\/25\/cycle-de-conferences-plongez-dans-un-ocean-de-savoir\/","title":{"rendered":"Lecture series - Dive into an ocean of knowledge"},"content":{"rendered":"<div id=\"fws_69f318d206f22\"  data-column-margin=\"default\" data-midnight=\"dark\"  class=\"wpb_row vc_row-fluid vc_row\"  style=\"padding-top: 0px; padding-bottom: 0px; \"><div class=\"row-bg-wrap\" data-bg-animation=\"none\" data-bg-animation-delay=\"\" data-bg-overlay=\"false\"><div class=\"inner-wrap row-bg-layer\" ><div class=\"row-bg viewport-desktop\"  style=\"\"><\/div><\/div><\/div><div class=\"row_col_wrap_12 col span_12 dark left\">\n\t<div  class=\"vc_col-sm-12 wpb_column column_container vc_column_container col no-extra-padding inherit_tablet inherit_phone\"  data-padding-pos=\"all\" data-has-bg-color=\"false\" data-bg-color=\"\" data-bg-opacity=\"1\" data-animation=\"\" data-delay=\"0\" >\n\t\t<div class=\"vc_column-inner\" >\n\t\t\t<div class=\"wpb_wrapper\">\n\t\t\t\t\n<div class=\"wpb_text_column wpb_content_element  chapo\" >\n\t<h2>From 4 to 14 October 2024, the F\u00eate de la Science returns to French Guiana with the national theme \"Ocean of Knowledge\", exploring the many facets of water.<\/h2>\n<\/div>\n\n\n\n\n<div class=\"wpb_text_column wpb_content_element\" >\n\t<p>To mark the occasion, the University of Guyana invites you to an exceptional series of lectures on 4 October 2024. Open to all, this event will mark the official launch of scientific festivities in the region.<\/p>\n<p><strong>Experts to explore water issues<\/strong><\/p>\n<p>Throughout the day, researchers, professionals and local players will be sharing the latest advances on water-related issues in French Guiana, a region that is particularly rich in water resources. From the sustainable management of water to its impact on health, via innovative solutions adapted to French Guiana, this series of conferences is aimed at students and the general public alike, with a view to popularising science.<\/p>\n<p><span style=\"color: #008000;\"><strong>Programme for the day<\/strong><\/span><br \/>\n8.30am - 9am<br \/>\nOpening speeches by representatives of the Canop\u00e9e des Sciences, the University of French Guyana and partner institutions (Rectorat, CNES, CTG, DRRT), including Ms Kahina MEZIANI, ambassador for the F\u00eate de la Science in French Guyana.<\/p>\n<\/div>\n\n\n\n<div class=\"toggles\" data-br=\"\" data-starting=\"default\" data-style=\"minimal\"><div class=\"toggle default\" data-inner-wrap=\"true\"><h3 class=\"toggle-title\"><a href=\"#\" role=\"button\" class=\"toggle-heading\"><i role=\"presentation\" class=\"fa fa-plus\"><\/i>Innovation<\/a><\/h3><div><div class=\"inner-toggle-wrap\">\n<div class=\"wpb_text_column wpb_content_element\" >\n\t<p>9am - 9.30am<br \/>\n<em>Kahina MEZIANI, Managing Director of Soci\u00e9t\u00e9 Guyanaise des Eaux - F\u00eate de la Science Ambassador<\/em><\/p>\n<p><span style=\"color: #808080\"><strong>\"Digital Revolution in Water Management<\/strong><\/span><br \/>\nTechnological advances, in particular remote metering, are transforming drinking water management. This conference presents a practical example. The new water meter management system makes it possible to monitor water consumption in real time, optimise resource management and improve customer service.<\/p>\n<p>9.30am - 10am<br \/>\n<em>Margot OBERLIS, Member of the Water Coalition - French Red Cross<\/em><\/p>\n<p><strong><span style=\"color: #808080\">\"The Right to Water: New Rules to Ensure Universal Access<\/span><\/strong><br \/>\nSince 2014, the call to recognise access to water as a human right has grown in importance, with the validation of this citizens' initiative by the European Commission. In 2020, a European directive on drinking water was published and, in 2022, it was incorporated into French law. This legislation requires local authorities to identify areas without sufficient access to drinking water and to propose solutions to improve access within three years. The conference will present these decisive regulatory developments and explain the key role of the Water Coalition and the resources available to help local authorities in their mission.<\/p>\n<p>10 a.m. - 10.30 a.m.<br \/>\n<em>G\u00e9rald LACOMBE, Manager of ETiage Guyane<\/em><\/p>\n<p><span style=\"color: #808080\"><strong>\"Green sanitation in tropical environments: advantages and innovative applications\".<\/strong><\/span><br \/>\nPlanted filters, which are used to treat wastewater, have been the subject of experimental research in French Guiana for the past fifteen years, with the aim of adapting their sizing and the choice of plants. Thanks to the wealth of biomass in our territory, planted filters offer exceptional yields while remaining robust. This conference will explain how these ecological systems work, and explore the prospects for the expansion of planted wastewater treatment in French Guiana, from coastal areas to the most isolated sites.<\/p>\n<p><strong>Break<\/strong><br \/>\n<strong>10.30am - 10.45am<\/strong><\/p>\n<p>10.45am - 11.15am<br \/>\n<em>Ollivier TAMARIN, University Professor, Director of UMR Espace pour le D\u00e9veloppement - University of Guyana<\/em><\/p>\n<p><span style=\"color: #808080\"><strong>\"A first in Amazonia: innovative biosensors to monitor water quality\".<\/strong><\/span><br \/>\nWater quality is crucial to human health, especially in sensitive regions such as the Amazon, a reservoir of biodiversity and fresh water. In the face of growing environmental pressures, it is essential to develop effective methods for monitoring and preserving this vital resource. This conference will present the advances made by the \"Espace pour le D\u00e9veloppement\" Joint Research Unit, which has developed a unique technology for monitoring water quality in a real environment. These innovative biochemical sensors offer practical solutions for accurate and extensive monitoring in the Amazon environment, with the potential to be replicated across the whole of South America.<\/p>\n<p>&nbsp;<\/p>\n<\/div>\n\n\n\n<\/div><\/div><\/div><div class=\"toggle default\" data-inner-wrap=\"true\"><h3 class=\"toggle-title\"><a href=\"#\" role=\"button\" class=\"toggle-heading\"><i role=\"presentation\" class=\"fa fa-plus\"><\/i>Health<\/a><\/h3><div><div class=\"inner-toggle-wrap\">\n<div class=\"wpb_text_column wpb_content_element\" >\n\t<p>11.15 a.m. - 11.45 a.m.<br \/>\n<em>Margot OBERLIS, Project Manager, French Red Cross<\/em><\/p>\n<p><span style=\"color: #808080\"><strong>\"Access to water in informal settlements in and around Cayenne<br \/>\n<\/strong><\/span>A survey conducted between May and July 2023 by the French Red Cross's Mobile Health and Environment Team (EMSE) examined the practices of residents of Cayenne's informal settlements in relation to water, hygiene and sanitation. The study revealed the health risks associated with insalubrity and local coping strategies for accessing water. The results have led to a more inclusive policy for access to water, combining targeted interventions and a support project for home water treatment in these neighbourhoods, aimed at reducing the risks and improving the living conditions of the inhabitants.<\/p>\n<\/div>\n\n\n\n<\/div><\/div><\/div><div class=\"toggle default\" data-inner-wrap=\"true\"><h3 class=\"toggle-title\"><a href=\"#\" role=\"button\" class=\"toggle-heading\"><i role=\"presentation\" class=\"fa fa-plus\"><\/i>Culture<\/a><\/h3><div><div class=\"inner-toggle-wrap\">\n<div class=\"wpb_text_column wpb_content_element\" >\n\t<p>11.45 a.m. - 12.15 p.m.<br \/>\n<em>Myl\u00e8ne DANGLADES, Senior Lecturer in Regional Languages and Cultures at the UR MINEA - University of French Guyana<\/em><\/p>\n<p><span style=\"color: #808080\"><strong>\"The Aquatic Imagination: Between Reality and Fiction in Amazonia<\/strong><\/span><br \/>\nRepresentations of water are shaped by a complex combination of events, perceptions and personal knowledge accumulated since childhood. These aquatic images manifest themselves in a variety of forms, often imprecise and shifting, reflecting an interplay between isolation, flux and experimentation. By examining the boundaries between natural spaces and imagined territories, this talk explores how water influences human destinies, between tangible reality and reverie. Through Micheline Hermine's novel Les iguanes du temps, the talk analyses how water, omnipresent in the work, serves as a mirror for the characters, offering a rich and varied vision of the sea's expanse. Water thus becomes a symbol of renewal and cultural identity in the Amazonian context, revealing the dynamics between dream and reality in this region.<\/p>\n<p><strong>Lunch break<\/strong><br \/>\n<strong>12.15pm-2pm<\/strong><\/p>\n<p>2pm - 2.30pm<br \/>\n<em>Marie-Claire NEWTON, Education Manager and Storyteller - SEPANGUY<\/em><\/p>\n<p><span style=\"color: #808080\"><strong>\"The world of Manman Dilo<\/strong><\/span><br \/>\nManman Dilo, an emblematic figure in traditional tales, embodies wisdom and respect for water and aquatic ecosystems. This conference explores how stories featuring Manman Dilo and other legendary characters convey essential values of water conservation and influence attitudes and behaviour towards water resources.<\/p>\n<\/div>\n\n\n\n<\/div><\/div><\/div><div class=\"toggle default\" data-inner-wrap=\"true\"><h3 class=\"toggle-title\"><a href=\"#\" role=\"button\" class=\"toggle-heading\"><i role=\"presentation\" class=\"fa fa-plus\"><\/i>Coastline<\/a><\/h3><div><div class=\"inner-toggle-wrap\">\n<div class=\"wpb_text_column wpb_content_element\" >\n\t<p>2.30pm - 3pm<br \/>\n<em>Guillaume BRUNIER, Coastal risk research engineer, scientific manager of the Guiana Coastal Dynamics Observatory (ODyC) at the French Geological and Mining Research Bureau (BRGM)<\/em><\/p>\n<p><span style=\"color: #808080\"><strong>\"French Guiana's coastline: one of the most unstable systems in the world<\/strong><\/span><br \/>\nThe coastline of French Guiana, and indeed of the Guianas (Surinam, Guyana), is made up of low-lying land, close to current sea level and extremely unstable. Shoreline fluctuations on mangrove coasts can reach several tens to hundreds of metres per year! The coastline has been built up and is constantly evolving under the influence of mud banks, and the beaches of Cayenne, R\u00e9mire-Montjoly, Kourou and Awala-Yalimapo have been affected by numerous phases of erosion and marine submersion over recent decades. This lecture explains how this coastline functions, threatened by rising sea levels in the context of climate change.<\/p>\n<\/div>\n\n\n\n<\/div><\/div><\/div><div class=\"toggle default\" data-inner-wrap=\"true\"><h3 class=\"toggle-title\"><a href=\"#\" role=\"button\" class=\"toggle-heading\"><i role=\"presentation\" class=\"fa fa-plus\"><\/i>Climate<\/a><\/h3><div><div class=\"inner-toggle-wrap\">\n<div class=\"wpb_text_column wpb_content_element\" >\n\t<p>3pm - 3.30pm<br \/>\n<em>Simon CLAVIER, Director of the Onikha design office<\/em><\/p>\n<p><span style=\"color: #808080\"><strong>\"Freshwater aquatic invertebrates: diversity and bioindicator potential<\/strong><\/span><br \/>\nFreshwater aquatic invertebrates are highly diversified in France, but are still little known. Their role as ecological sentinels makes them invaluable for monitoring the impact of human activities and the consequences of environmental change.<\/p>\n<p>3.30 pm - 4.15 pm<br \/>\n<em>- Marine BRESTEAUX, Climate Change Research Engineer - M\u00e9t\u00e9o France<br \/>\n<\/em><em>- Pierre Cazelles, Head of the Energy Transition Department, Collectivit\u00e9 Territoriale de Guyane (French Guiana Regional Authority)<\/em><\/p>\n<p><span style=\"color: #808080\"><strong>\"Climate change in French Guiana: future projections and adaptation plans for the region\".<\/strong><\/span><br \/>\nThis conference begins with an introduction to climate change, followed by an examination of its specific effects on French Guiana's climate, including temperature increases and variations in rainfall. The results of the Guyaclimat study will then be presented, with detailed projections up to 2100 of future climate change in the region. The conference will close with a presentation on the development of the regional climate change adaptation plan, with a view to providing French Guiana with an operational roadmap by 2025.<\/p>\n<\/div>\n\n\n\n<\/div><\/div><\/div><div class=\"toggle default\" data-inner-wrap=\"true\"><h3 class=\"toggle-title\"><a href=\"#\" role=\"button\" class=\"toggle-heading\"><i role=\"presentation\" class=\"fa fa-plus\"><\/i>Fence<\/a><\/h3><div><div class=\"inner-toggle-wrap\">\n<div class=\"wpb_text_column wpb_content_element\" >\n\t<p>Closing of the conference cycle<br \/>\n4.15pm - 4.30pm<\/p>\n<\/div>\n\n\n\n<\/div><\/div><\/div><\/div>\n\t\t\t<\/div> \n\t\t<\/div>\n\t<\/div> \n<\/div><\/div>","protected":false},"excerpt":{"rendered":"From 4 to 14 October 2024, the F\u00eate de la Science is making a comeback...","protected":false},"author":1,"featured_media":10302,"comment_status":"closed","ping_status":"open","sticky":false,"template":"","format":"standard","meta":{"iawp_total_views":136,"footnotes":""},"categories":[175,229],"tags":[],"class_list":{"0":"post-10301","1":"post","2":"type-post","3":"status-publish","4":"format-standard","5":"has-post-thumbnail","7":"category-laboratoires","8":"category-universite-actualites"},"yoast_head":"<!-- This site is optimized with the Yoast SEO plugin v27.5 - https:\/\/yoast.com\/product\/yoast-seo-wordpress\/ -->\n<title>Cycle de conf\u00e9rences \u2013 Plongez dans un oc\u00e9an de savoir &#8212; Universit\u00e9 de Guyane<\/title>\n<meta name=\"description\" content=\"Assistez au lancement officiel des festivit\u00e9s scientifiques en Guyane lors d&#039;un \u00e9v\u00e9nement exceptionnel. Des experts exploreront les enjeux de l&#039;eau du territoire guyanais.\" \/>\n<meta name=\"robots\" content=\"index, follow, max-snippet:-1, max-image-preview:large, max-video-preview:-1\" \/>\n<link rel=\"canonical\" href=\"https:\/\/www.univ-guyane.fr\/en\/2024\/09\/25\/cycle-de-conferences-plongez-dans-un-ocean-de-savoir\/\" \/>\n<meta property=\"og:locale\" content=\"en_GB\" \/>\n<meta property=\"og:type\" content=\"article\" \/>\n<meta property=\"og:title\" content=\"Cycle de conf\u00e9rences \u2013 Plongez dans un oc\u00e9an de savoir &#8212; Universit\u00e9 de Guyane\" \/>\n<meta property=\"og:description\" content=\"Assistez au lancement officiel des festivit\u00e9s scientifiques en Guyane lors d&#039;un \u00e9v\u00e9nement exceptionnel. Des experts exploreront les enjeux de l&#039;eau du territoire guyanais.\" \/>\n<meta property=\"og:url\" content=\"https:\/\/www.univ-guyane.fr\/en\/2024\/09\/25\/cycle-de-conferences-plongez-dans-un-ocean-de-savoir\/\" \/>\n<meta property=\"og:site_name\" content=\"Universit\u00e9 de Guyane\" \/>\n<meta property=\"article:publisher\" content=\"https:\/\/www.facebook.com\/univguyane\" \/>\n<meta property=\"article:published_time\" content=\"2024-09-25T22:32:22+00:00\" \/>\n<meta property=\"article:modified_time\" content=\"2024-09-27T11:21:57+00:00\" \/>\n<meta property=\"og:image\" content=\"https:\/\/www.univ-guyane.fr\/wp-content\/uploads\/fete-de-la-science-2024.jpg\" \/>\n\t<meta property=\"og:image:width\" content=\"1800\" \/>\n\t<meta property=\"og:image:height\" content=\"1013\" \/>\n\t<meta property=\"og:image:type\" content=\"image\/jpeg\" \/>\n<meta name=\"author\" content=\"Erick Loiti\u00e8re\" \/>\n<meta name=\"twitter:card\" content=\"summary_large_image\" \/>\n<meta name=\"twitter:creator\" content=\"@univguyane\" \/>\n<meta name=\"twitter:site\" content=\"@univguyane\" \/>\n<meta name=\"twitter:label1\" content=\"Written by\" \/>\n\t<meta name=\"twitter:data1\" content=\"Erick Loiti\u00e8re\" \/>\n\t<meta name=\"twitter:label2\" content=\"Estimated reading time\" \/>\n\t<meta name=\"twitter:data2\" content=\"8 minutes\" \/>\n<script type=\"application\/ld+json\" class=\"yoast-schema-graph\">{\"@context\":\"https:\\\/\\\/schema.org\",\"@graph\":[{\"@type\":\"Article\",\"@id\":\"https:\\\/\\\/www.univ-guyane.fr\\\/2024\\\/09\\\/25\\\/cycle-de-conferences-plongez-dans-un-ocean-de-savoir\\\/#article\",\"isPartOf\":{\"@id\":\"https:\\\/\\\/www.univ-guyane.fr\\\/2024\\\/09\\\/25\\\/cycle-de-conferences-plongez-dans-un-ocean-de-savoir\\\/\"},\"author\":{\"name\":\"Erick Loiti\u00e8re\",\"@id\":\"https:\\\/\\\/www.univ-guyane.fr\\\/#\\\/schema\\\/person\\\/86d946a28a8be51bb096ccfdf19db179\"},\"headline\":\"Cycle de conf\u00e9rences \u2013 Plongez dans un oc\u00e9an de savoir\",\"datePublished\":\"2024-09-25T22:32:22+00:00\",\"dateModified\":\"2024-09-27T11:21:57+00:00\",\"mainEntityOfPage\":{\"@id\":\"https:\\\/\\\/www.univ-guyane.fr\\\/2024\\\/09\\\/25\\\/cycle-de-conferences-plongez-dans-un-ocean-de-savoir\\\/\"},\"wordCount\":1854,\"publisher\":{\"@id\":\"https:\\\/\\\/www.univ-guyane.fr\\\/#organization\"},\"image\":{\"@id\":\"https:\\\/\\\/www.univ-guyane.fr\\\/2024\\\/09\\\/25\\\/cycle-de-conferences-plongez-dans-un-ocean-de-savoir\\\/#primaryimage\"},\"thumbnailUrl\":\"https:\\\/\\\/www.univ-guyane.fr\\\/wp-content\\\/uploads\\\/fete-de-la-science-2024.jpg\",\"articleSection\":[\"\u2022\u00a0Laboratoires\",\"\u2022 Universit\u00e9\"],\"inLanguage\":\"en-GB\"},{\"@type\":\"WebPage\",\"@id\":\"https:\\\/\\\/www.univ-guyane.fr\\\/2024\\\/09\\\/25\\\/cycle-de-conferences-plongez-dans-un-ocean-de-savoir\\\/\",\"url\":\"https:\\\/\\\/www.univ-guyane.fr\\\/2024\\\/09\\\/25\\\/cycle-de-conferences-plongez-dans-un-ocean-de-savoir\\\/\",\"name\":\"Cycle de conf\u00e9rences \u2013 Plongez dans un oc\u00e9an de savoir &#8212; Universit\u00e9 de Guyane\",\"isPartOf\":{\"@id\":\"https:\\\/\\\/www.univ-guyane.fr\\\/#website\"},\"primaryImageOfPage\":{\"@id\":\"https:\\\/\\\/www.univ-guyane.fr\\\/2024\\\/09\\\/25\\\/cycle-de-conferences-plongez-dans-un-ocean-de-savoir\\\/#primaryimage\"},\"image\":{\"@id\":\"https:\\\/\\\/www.univ-guyane.fr\\\/2024\\\/09\\\/25\\\/cycle-de-conferences-plongez-dans-un-ocean-de-savoir\\\/#primaryimage\"},\"thumbnailUrl\":\"https:\\\/\\\/www.univ-guyane.fr\\\/wp-content\\\/uploads\\\/fete-de-la-science-2024.jpg\",\"datePublished\":\"2024-09-25T22:32:22+00:00\",\"dateModified\":\"2024-09-27T11:21:57+00:00\",\"description\":\"Assistez au lancement officiel des festivit\u00e9s scientifiques en Guyane lors d'un \u00e9v\u00e9nement exceptionnel. Des experts exploreront les enjeux de l'eau du territoire guyanais.\",\"breadcrumb\":{\"@id\":\"https:\\\/\\\/www.univ-guyane.fr\\\/2024\\\/09\\\/25\\\/cycle-de-conferences-plongez-dans-un-ocean-de-savoir\\\/#breadcrumb\"},\"inLanguage\":\"en-GB\",\"potentialAction\":[{\"@type\":\"ReadAction\",\"target\":[\"https:\\\/\\\/www.univ-guyane.fr\\\/2024\\\/09\\\/25\\\/cycle-de-conferences-plongez-dans-un-ocean-de-savoir\\\/\"]}]},{\"@type\":\"ImageObject\",\"inLanguage\":\"en-GB\",\"@id\":\"https:\\\/\\\/www.univ-guyane.fr\\\/2024\\\/09\\\/25\\\/cycle-de-conferences-plongez-dans-un-ocean-de-savoir\\\/#primaryimage\",\"url\":\"https:\\\/\\\/www.univ-guyane.fr\\\/wp-content\\\/uploads\\\/fete-de-la-science-2024.jpg\",\"contentUrl\":\"https:\\\/\\\/www.univ-guyane.fr\\\/wp-content\\\/uploads\\\/fete-de-la-science-2024.jpg\",\"width\":1800,\"height\":1013,\"caption\":\"tortue marine\"},{\"@type\":\"BreadcrumbList\",\"@id\":\"https:\\\/\\\/www.univ-guyane.fr\\\/2024\\\/09\\\/25\\\/cycle-de-conferences-plongez-dans-un-ocean-de-savoir\\\/#breadcrumb\",\"itemListElement\":[{\"@type\":\"ListItem\",\"position\":1,\"name\":\"Accueil\",\"item\":\"https:\\\/\\\/www.univ-guyane.fr\\\/\"},{\"@type\":\"ListItem\",\"position\":2,\"name\":\"Cycle de conf\u00e9rences \u2013 Plongez dans un oc\u00e9an de savoir\"}]},{\"@type\":\"WebSite\",\"@id\":\"https:\\\/\\\/www.univ-guyane.fr\\\/#website\",\"url\":\"https:\\\/\\\/www.univ-guyane.fr\\\/\",\"name\":\"Universit\u00e9 de Guyane\",\"description\":\"Au c\u0153ur de l&#039;amazonie\",\"publisher\":{\"@id\":\"https:\\\/\\\/www.univ-guyane.fr\\\/#organization\"},\"alternateName\":\"UG\",\"potentialAction\":[{\"@type\":\"SearchAction\",\"target\":{\"@type\":\"EntryPoint\",\"urlTemplate\":\"https:\\\/\\\/www.univ-guyane.fr\\\/?s={search_term_string}\"},\"query-input\":{\"@type\":\"PropertyValueSpecification\",\"valueRequired\":true,\"valueName\":\"search_term_string\"}}],\"inLanguage\":\"en-GB\"},{\"@type\":\"Organization\",\"@id\":\"https:\\\/\\\/www.univ-guyane.fr\\\/#organization\",\"name\":\"Universit\u00e9 de Guyane\",\"alternateName\":\"UG\",\"url\":\"https:\\\/\\\/www.univ-guyane.fr\\\/\",\"logo\":{\"@type\":\"ImageObject\",\"inLanguage\":\"en-GB\",\"@id\":\"https:\\\/\\\/www.univ-guyane.fr\\\/#\\\/schema\\\/logo\\\/image\\\/\",\"url\":\"https:\\\/\\\/www.univ-guyane.fr\\\/wp-content\\\/uploads\\\/2024\\\/05\\\/f.png\",\"contentUrl\":\"https:\\\/\\\/www.univ-guyane.fr\\\/wp-content\\\/uploads\\\/2024\\\/05\\\/f.png\",\"width\":1024,\"height\":1024,\"caption\":\"Universit\u00e9 de Guyane\"},\"image\":{\"@id\":\"https:\\\/\\\/www.univ-guyane.fr\\\/#\\\/schema\\\/logo\\\/image\\\/\"},\"sameAs\":[\"https:\\\/\\\/www.facebook.com\\\/univguyane\",\"https:\\\/\\\/x.com\\\/univguyane\",\"https:\\\/\\\/gf.linkedin.com\\\/school\\\/universite-de-guyane\\\/\",\"https:\\\/\\\/www.instagram.com\\\/univ_guyane\\\/\"]},{\"@type\":\"Person\",\"@id\":\"https:\\\/\\\/www.univ-guyane.fr\\\/#\\\/schema\\\/person\\\/86d946a28a8be51bb096ccfdf19db179\",\"name\":\"Erick Loiti\u00e8re\",\"image\":{\"@type\":\"ImageObject\",\"inLanguage\":\"en-GB\",\"@id\":\"https:\\\/\\\/secure.gravatar.com\\\/avatar\\\/0584f332103fbeaf37e52c73b15dca3c547fd9300deb05764e9ad8714839d072?s=96&d=robohash&r=g\",\"url\":\"https:\\\/\\\/secure.gravatar.com\\\/avatar\\\/0584f332103fbeaf37e52c73b15dca3c547fd9300deb05764e9ad8714839d072?s=96&d=robohash&r=g\",\"contentUrl\":\"https:\\\/\\\/secure.gravatar.com\\\/avatar\\\/0584f332103fbeaf37e52c73b15dca3c547fd9300deb05764e9ad8714839d072?s=96&d=robohash&r=g\",\"caption\":\"Erick Loiti\u00e8re\"},\"sameAs\":[\"http:\\\/\\\/www.univ-guyane.fr\"],\"url\":\"https:\\\/\\\/www.univ-guyane.fr\\\/en\\\/author\\\/eloitierdbz\\\/\"}]}<\/script>\n<!-- \/ Yoast SEO plugin. -->","yoast_head_json":{"title":"Lecture series - Dive into an ocean of knowledge - Universit\u00e9 de Guyane","description":"Attend the official launch of scientific festivities in French Guiana at an exceptional event. Experts will be exploring the issues surrounding water in French Guiana.","robots":{"index":"index","follow":"follow","max-snippet":"max-snippet:-1","max-image-preview":"max-image-preview:large","max-video-preview":"max-video-preview:-1"},"canonical":"https:\/\/www.univ-guyane.fr\/en\/2024\/09\/25\/cycle-de-conferences-plongez-dans-un-ocean-de-savoir\/","og_locale":"en_GB","og_type":"article","og_title":"Cycle de conf\u00e9rences \u2013 Plongez dans un oc\u00e9an de savoir &#8212; Universit\u00e9 de Guyane","og_description":"Assistez au lancement officiel des festivit\u00e9s scientifiques en Guyane lors d'un \u00e9v\u00e9nement exceptionnel. Des experts exploreront les enjeux de l'eau du territoire guyanais.","og_url":"https:\/\/www.univ-guyane.fr\/en\/2024\/09\/25\/cycle-de-conferences-plongez-dans-un-ocean-de-savoir\/","og_site_name":"Universit\u00e9 de Guyane","article_publisher":"https:\/\/www.facebook.com\/univguyane","article_published_time":"2024-09-25T22:32:22+00:00","article_modified_time":"2024-09-27T11:21:57+00:00","og_image":[{"width":1800,"height":1013,"url":"https:\/\/www.univ-guyane.fr\/wp-content\/uploads\/fete-de-la-science-2024.jpg","type":"image\/jpeg"}],"author":"Erick Loiti\u00e8re","twitter_card":"summary_large_image","twitter_creator":"@univguyane","twitter_site":"@univguyane","twitter_misc":{"Written by":"Erick Loiti\u00e8re","Estimated reading time":"8 minutes"},"schema":{"@context":"https:\/\/schema.org","@graph":[{"@type":"Article","@id":"https:\/\/www.univ-guyane.fr\/2024\/09\/25\/cycle-de-conferences-plongez-dans-un-ocean-de-savoir\/#article","isPartOf":{"@id":"https:\/\/www.univ-guyane.fr\/2024\/09\/25\/cycle-de-conferences-plongez-dans-un-ocean-de-savoir\/"},"author":{"name":"Erick Loiti\u00e8re","@id":"https:\/\/www.univ-guyane.fr\/#\/schema\/person\/86d946a28a8be51bb096ccfdf19db179"},"headline":"Cycle de conf\u00e9rences \u2013 Plongez dans un oc\u00e9an de savoir","datePublished":"2024-09-25T22:32:22+00:00","dateModified":"2024-09-27T11:21:57+00:00","mainEntityOfPage":{"@id":"https:\/\/www.univ-guyane.fr\/2024\/09\/25\/cycle-de-conferences-plongez-dans-un-ocean-de-savoir\/"},"wordCount":1854,"publisher":{"@id":"https:\/\/www.univ-guyane.fr\/#organization"},"image":{"@id":"https:\/\/www.univ-guyane.fr\/2024\/09\/25\/cycle-de-conferences-plongez-dans-un-ocean-de-savoir\/#primaryimage"},"thumbnailUrl":"https:\/\/www.univ-guyane.fr\/wp-content\/uploads\/fete-de-la-science-2024.jpg","articleSection":["\u2022\u00a0Laboratoires","\u2022 Universit\u00e9"],"inLanguage":"en-GB"},{"@type":"WebPage","@id":"https:\/\/www.univ-guyane.fr\/2024\/09\/25\/cycle-de-conferences-plongez-dans-un-ocean-de-savoir\/","url":"https:\/\/www.univ-guyane.fr\/2024\/09\/25\/cycle-de-conferences-plongez-dans-un-ocean-de-savoir\/","name":"Lecture series - Dive into an ocean of knowledge - Universit\u00e9 de Guyane","isPartOf":{"@id":"https:\/\/www.univ-guyane.fr\/#website"},"primaryImageOfPage":{"@id":"https:\/\/www.univ-guyane.fr\/2024\/09\/25\/cycle-de-conferences-plongez-dans-un-ocean-de-savoir\/#primaryimage"},"image":{"@id":"https:\/\/www.univ-guyane.fr\/2024\/09\/25\/cycle-de-conferences-plongez-dans-un-ocean-de-savoir\/#primaryimage"},"thumbnailUrl":"https:\/\/www.univ-guyane.fr\/wp-content\/uploads\/fete-de-la-science-2024.jpg","datePublished":"2024-09-25T22:32:22+00:00","dateModified":"2024-09-27T11:21:57+00:00","description":"Attend the official launch of scientific festivities in French Guiana at an exceptional event. Experts will be exploring the issues surrounding water in French Guiana.","breadcrumb":{"@id":"https:\/\/www.univ-guyane.fr\/2024\/09\/25\/cycle-de-conferences-plongez-dans-un-ocean-de-savoir\/#breadcrumb"},"inLanguage":"en-GB","potentialAction":[{"@type":"ReadAction","target":["https:\/\/www.univ-guyane.fr\/2024\/09\/25\/cycle-de-conferences-plongez-dans-un-ocean-de-savoir\/"]}]},{"@type":"ImageObject","inLanguage":"en-GB","@id":"https:\/\/www.univ-guyane.fr\/2024\/09\/25\/cycle-de-conferences-plongez-dans-un-ocean-de-savoir\/#primaryimage","url":"https:\/\/www.univ-guyane.fr\/wp-content\/uploads\/fete-de-la-science-2024.jpg","contentUrl":"https:\/\/www.univ-guyane.fr\/wp-content\/uploads\/fete-de-la-science-2024.jpg","width":1800,"height":1013,"caption":"tortue marine"},{"@type":"BreadcrumbList","@id":"https:\/\/www.univ-guyane.fr\/2024\/09\/25\/cycle-de-conferences-plongez-dans-un-ocean-de-savoir\/#breadcrumb","itemListElement":[{"@type":"ListItem","position":1,"name":"Accueil","item":"https:\/\/www.univ-guyane.fr\/"},{"@type":"ListItem","position":2,"name":"Cycle de conf\u00e9rences \u2013 Plongez dans un oc\u00e9an de savoir"}]},{"@type":"WebSite","@id":"https:\/\/www.univ-guyane.fr\/#website","url":"https:\/\/www.univ-guyane.fr\/","name":"University of Guyana","description":"In the heart of Amazonia","publisher":{"@id":"https:\/\/www.univ-guyane.fr\/#organization"},"alternateName":"UG","potentialAction":[{"@type":"SearchAction","target":{"@type":"EntryPoint","urlTemplate":"https:\/\/www.univ-guyane.fr\/?s={search_term_string}"},"query-input":{"@type":"PropertyValueSpecification","valueRequired":true,"valueName":"search_term_string"}}],"inLanguage":"en-GB"},{"@type":"Organization","@id":"https:\/\/www.univ-guyane.fr\/#organization","name":"University of Guyana","alternateName":"UG","url":"https:\/\/www.univ-guyane.fr\/","logo":{"@type":"ImageObject","inLanguage":"en-GB","@id":"https:\/\/www.univ-guyane.fr\/#\/schema\/logo\/image\/","url":"https:\/\/www.univ-guyane.fr\/wp-content\/uploads\/2024\/05\/f.png","contentUrl":"https:\/\/www.univ-guyane.fr\/wp-content\/uploads\/2024\/05\/f.png","width":1024,"height":1024,"caption":"Universit\u00e9 de Guyane"},"image":{"@id":"https:\/\/www.univ-guyane.fr\/#\/schema\/logo\/image\/"},"sameAs":["https:\/\/www.facebook.com\/univguyane","https:\/\/x.com\/univguyane","https:\/\/gf.linkedin.com\/school\/universite-de-guyane\/","https:\/\/www.instagram.com\/univ_guyane\/"]},{"@type":"Person","@id":"https:\/\/www.univ-guyane.fr\/#\/schema\/person\/86d946a28a8be51bb096ccfdf19db179","name":"Erick Loiti\u00e8re","image":{"@type":"ImageObject","inLanguage":"en-GB","@id":"https:\/\/secure.gravatar.com\/avatar\/0584f332103fbeaf37e52c73b15dca3c547fd9300deb05764e9ad8714839d072?s=96&d=robohash&r=g","url":"https:\/\/secure.gravatar.com\/avatar\/0584f332103fbeaf37e52c73b15dca3c547fd9300deb05764e9ad8714839d072?s=96&d=robohash&r=g","contentUrl":"https:\/\/secure.gravatar.com\/avatar\/0584f332103fbeaf37e52c73b15dca3c547fd9300deb05764e9ad8714839d072?s=96&d=robohash&r=g","caption":"Erick Loiti\u00e8re"},"sameAs":["http:\/\/www.univ-guyane.fr"],"url":"https:\/\/www.univ-guyane.fr\/en\/author\/eloitierdbz\/"}]}},"_links":{"self":[{"href":"https:\/\/www.univ-guyane.fr\/en\/wp-json\/wp\/v2\/posts\/10301","targetHints":{"allow":["GET"]}}],"collection":[{"href":"https:\/\/www.univ-guyane.fr\/en\/wp-json\/wp\/v2\/posts"}],"about":[{"href":"https:\/\/www.univ-guyane.fr\/en\/wp-json\/wp\/v2\/types\/post"}],"author":[{"embeddable":true,"href":"https:\/\/www.univ-guyane.fr\/en\/wp-json\/wp\/v2\/users\/1"}],"replies":[{"embeddable":true,"href":"https:\/\/www.univ-guyane.fr\/en\/wp-json\/wp\/v2\/comments?post=10301"}],"version-history":[{"count":4,"href":"https:\/\/www.univ-guyane.fr\/en\/wp-json\/wp\/v2\/posts\/10301\/revisions"}],"predecessor-version":[{"id":10313,"href":"https:\/\/www.univ-guyane.fr\/en\/wp-json\/wp\/v2\/posts\/10301\/revisions\/10313"}],"wp:featuredmedia":[{"embeddable":true,"href":"https:\/\/www.univ-guyane.fr\/en\/wp-json\/wp\/v2\/media\/10302"}],"wp:attachment":[{"href":"https:\/\/www.univ-guyane.fr\/en\/wp-json\/wp\/v2\/media?parent=10301"}],"wp:term":[{"taxonomy":"category","embeddable":true,"href":"https:\/\/www.univ-guyane.fr\/en\/wp-json\/wp\/v2\/categories?post=10301"},{"taxonomy":"post_tag","embeddable":true,"href":"https:\/\/www.univ-guyane.fr\/en\/wp-json\/wp\/v2\/tags?post=10301"}],"curies":[{"name":"wp","href":"https:\/\/api.w.org\/{rel}","templated":true}]}}