{"id":11082,"date":"2024-11-13T09:01:56","date_gmt":"2024-11-13T12:01:56","guid":{"rendered":"https:\/\/www.univ-guyane.fr\/?p=11082"},"modified":"2024-11-13T09:01:56","modified_gmt":"2024-11-13T12:01:56","slug":"retour-sur-la-journee-de-lalimentation-durable-a-luniversite-de-guyane","status":"publish","type":"post","link":"https:\/\/www.univ-guyane.fr\/en\/2024\/11\/13\/retour-sur-la-journee-de-lalimentation-durable-a-luniversite-de-guyane\/","title":{"rendered":"A look back at Sustainable Food Day at the University of Guyana"},"content":{"rendered":"<div id=\"fws_69f50d91e4f5a\"  data-column-margin=\"default\" data-midnight=\"dark\"  class=\"wpb_row vc_row-fluid vc_row\"  style=\"padding-top: 0px; padding-bottom: 0px; \"><div class=\"row-bg-wrap\" data-bg-animation=\"none\" data-bg-animation-delay=\"\" data-bg-overlay=\"false\"><div class=\"inner-wrap row-bg-layer\" ><div class=\"row-bg viewport-desktop\"  style=\"\"><\/div><\/div><\/div><div class=\"row_col_wrap_12 col span_12 dark left\">\n\t<div  class=\"vc_col-sm-12 wpb_column column_container vc_column_container col no-extra-padding inherit_tablet inherit_phone\"  data-padding-pos=\"all\" data-has-bg-color=\"false\" data-bg-color=\"\" data-bg-opacity=\"1\" data-animation=\"\" data-delay=\"0\" >\n\t\t<div class=\"vc_column-inner\" >\n\t\t\t<div class=\"wpb_wrapper\">\n\t\t\t\t\n<div class=\"wpb_text_column wpb_content_element  chapo\" >\n\t<h2>\u00a0On 16 October 2024, the University of Guyana hosted Sustainable Food Day, celebrated every year on this date in more than 150 countries around the world. Supported by the UG's AIBSI (Amazon Institute for Biodiversity and Sustainable Innovation) project, the event focused on innovation and sustainability in the food sector.<\/h2>\n<\/div>\n\n\n\n\n<div class=\"wpb_text_column wpb_content_element\" >\n\t<p>Researchers, students and socio-economic players gathered on campus for a day of discoveries, exchanges and local flavours.<\/p>\n<h3>Inspiring Conferences and Practical Workshops<\/h3>\n<p>The morning began with a captivating talk by Baudelaire Vilm\u00e9 on his sugar-free chocolate project for diabetics, a subject that sparked a great deal of discussion around local science and innovation. This student-entrepreneur from the University of Guyana spoke about alternatives to traditional sugar, combining the properties of cocoa with those of local fruits (pitaya, wassai, rambutan) to offer a chocolate that is recommended for health, has a reduced carbon footprint and generates positive spin-offs for the local economy. Following the presentation, Mr Vilm\u00e9 was able to discuss how to boost his project with his partner GDI, a project accelerator for the Guianese economy, thanks to the support of DIRVED (Direction de la Recherche et de la Valorisation des \u00c9tudes Doctorales de l'Universit\u00e9 de Guyane).<\/p>\n<p>At 10.00am, Yaovi Tabiou, a doctoral student at the University of Guyana in the COVAPAM research unit (\"COnnaissance et VAlorisation des Produits v\u00e9g\u00e9taux AMazoniens\"), then presented a scientific pitch on the unique benefits of honey from French Guiana. Based on her research work, her talk attracted a great deal of interest, with participants asking numerous questions to find out more about the exceptional qualities of this local product. Honey is recognised as an 'alicament' with countless nutritional and therapeutic virtues, and scientific characterisation of this product should make it possible to support local beekeepers in the certification process, positioning French Guiana as a fully-fledged beekeeping zone in France.<\/p>\n<p>Finally, Yana Wassa\u00ef, supported by the University of French Guiana in the innovation and development of Amazonian fruits, offered a fascinating practical demonstration with a workshop on the extraction of awara oil, led by Mr Dave Drelin, CEO of the Guyanese agro-processing company. The event attracted a large number of curious visitors, who came to learn about the processes involved and the importance of this resource in Guyanese culture, highlighting the high added-value potential of awara-based finished products.<\/p>\n<h3>A Day of Networking and Discovery<\/h3>\n<p>The Carbet Business Dating, from 11.30am, provided an ideal networking opportunity for researchers, students and professionals to forge links, discuss projects and strengthen collaborations around sustainable food.<\/p>\n<p>Representatives from a number of laboratories at the University of French Guiana, the CTG (Collectivit\u00e9 Territoriale de Guyane), MEDEF partner companies and local associations, as well as a class from the catering and hotel management section at Lyc\u00e9e Melkior, took an active part in the event. The pupils from the lyc\u00e9e made a particularly strong impression with their pertinent questions and their interest in the event's themes. Exchanges between researchers and the private sector provided an opportunity to outline the prospects for collaboration in the fisheries sector, to support innovation and sustainable growth in the industry.<\/p>\n<h3>A sustainable lunch and an original treasure hunt<\/h3>\n<p>The lunch, prepared with care using local produce, allowed participants to share a convivial moment around the flavours of French Guiana. This sustainable meal featured local ingredients and eco-responsible practices, allowing participants to sample authentic, high-quality dishes.<br \/>\nAt the same time, a treasure hunt was organised for administrative staff and later opened up to students. The game created a fun and stimulating atmosphere, and the winners were rewarded with packed baskets.<\/p>\n<h3>A successful and forward-looking day<\/h3>\n<p>Sustainable Food Day was a success, offering participants the opportunity to inform, learn and collaborate towards a more sustainable food future for all in French Guiana. The event showcased local talent, innovation and the endless possibilities for harnessing local resources, supported by the University of Guyana.<br \/>\nThank you to all the speakers, partners and participants for their commitment and their contribution to this day rich in exchanges. We look forward to repeating the experience so that we can continue to raise awareness and encourage sustainable initiatives in French Guiana, by strengthening the interaction between science and society.<\/p>\n<\/div>\n\n\n\n\n\t\t\t<\/div> \n\t\t<\/div>\n\t<\/div> \n<\/div><\/div>","protected":false},"excerpt":{"rendered":"\u00a0On 16 October 2024, the University of Guyana hosted Sustainable Food Day, celebrated...","protected":false},"author":1,"featured_media":11083,"comment_status":"closed","ping_status":"open","sticky":false,"template":"","format":"standard","meta":{"iawp_total_views":51,"footnotes":""},"categories":[146,176,175],"tags":[182,178,181],"class_list":{"0":"post-11082","1":"post","2":"type-post","3":"status-publish","4":"format-standard","5":"has-post-thumbnail","7":"category-aibsi","8":"category-covapam","9":"category-laboratoires","10":"tag-aibsi","11":"tag-covapam","12":"tag-medef"},"yoast_head":"<!-- This site is optimized with the Yoast SEO plugin v27.5 - https:\/\/yoast.com\/product\/yoast-seo-wordpress\/ -->\n<title>Retour sur la Journ\u00e9e de l&#039;Alimentation Durable \u00e0 l&#039;Universit\u00e9 de Guyane &#8212; Universit\u00e9 de Guyane<\/title>\n<meta name=\"description\" content=\"D\u00e9couvrez les temps forts de la Journ\u00e9e de l&#039;Alimentation Durable : conf\u00e9rences captivantes, \u00e9changes scientifiques et projets innovants pour une alimentation saine et durable.\" \/>\n<meta name=\"robots\" content=\"index, follow, max-snippet:-1, max-image-preview:large, max-video-preview:-1\" \/>\n<link rel=\"canonical\" href=\"https:\/\/www.univ-guyane.fr\/en\/2024\/11\/13\/retour-sur-la-journee-de-lalimentation-durable-a-luniversite-de-guyane\/\" \/>\n<meta property=\"og:locale\" content=\"en_GB\" \/>\n<meta property=\"og:type\" content=\"article\" \/>\n<meta property=\"og:title\" content=\"Retour sur la Journ\u00e9e de l&#039;Alimentation Durable \u00e0 l&#039;Universit\u00e9 de Guyane &#8212; Universit\u00e9 de Guyane\" \/>\n<meta property=\"og:description\" content=\"D\u00e9couvrez les temps forts de la Journ\u00e9e de l&#039;Alimentation Durable : conf\u00e9rences captivantes, \u00e9changes scientifiques et projets innovants pour une alimentation saine et durable.\" \/>\n<meta property=\"og:url\" content=\"https:\/\/www.univ-guyane.fr\/en\/2024\/11\/13\/retour-sur-la-journee-de-lalimentation-durable-a-luniversite-de-guyane\/\" \/>\n<meta property=\"og:site_name\" content=\"Universit\u00e9 de Guyane\" \/>\n<meta property=\"article:publisher\" content=\"https:\/\/www.facebook.com\/univguyane\" \/>\n<meta property=\"article:published_time\" content=\"2024-11-13T12:01:56+00:00\" \/>\n<meta property=\"og:image\" content=\"https:\/\/www.univ-guyane.fr\/wp-content\/uploads\/retour-sur-la-journee-de-l-alimentation-durable-a-l-universite-de-guyane.jpg\" \/>\n\t<meta property=\"og:image:width\" content=\"1920\" \/>\n\t<meta property=\"og:image:height\" content=\"1080\" \/>\n\t<meta property=\"og:image:type\" content=\"image\/jpeg\" \/>\n<meta name=\"author\" content=\"Erick Loiti\u00e8re\" \/>\n<meta name=\"twitter:card\" content=\"summary_large_image\" \/>\n<meta name=\"twitter:creator\" content=\"@univguyane\" \/>\n<meta name=\"twitter:site\" content=\"@univguyane\" \/>\n<meta name=\"twitter:label1\" content=\"Written by\" \/>\n\t<meta name=\"twitter:data1\" content=\"Erick Loiti\u00e8re\" \/>\n\t<meta name=\"twitter:label2\" content=\"Estimated reading time\" \/>\n\t<meta name=\"twitter:data2\" content=\"5 minutes\" \/>\n<script type=\"application\/ld+json\" class=\"yoast-schema-graph\">{\"@context\":\"https:\\\/\\\/schema.org\",\"@graph\":[{\"@type\":\"Article\",\"@id\":\"https:\\\/\\\/www.univ-guyane.fr\\\/2024\\\/11\\\/13\\\/retour-sur-la-journee-de-lalimentation-durable-a-luniversite-de-guyane\\\/#article\",\"isPartOf\":{\"@id\":\"https:\\\/\\\/www.univ-guyane.fr\\\/2024\\\/11\\\/13\\\/retour-sur-la-journee-de-lalimentation-durable-a-luniversite-de-guyane\\\/\"},\"author\":{\"name\":\"Erick Loiti\u00e8re\",\"@id\":\"https:\\\/\\\/www.univ-guyane.fr\\\/#\\\/schema\\\/person\\\/86d946a28a8be51bb096ccfdf19db179\"},\"headline\":\"Retour sur la Journ\u00e9e de l&rsquo;Alimentation Durable \u00e0 l&rsquo;Universit\u00e9 de Guyane\",\"datePublished\":\"2024-11-13T12:01:56+00:00\",\"mainEntityOfPage\":{\"@id\":\"https:\\\/\\\/www.univ-guyane.fr\\\/2024\\\/11\\\/13\\\/retour-sur-la-journee-de-lalimentation-durable-a-luniversite-de-guyane\\\/\"},\"wordCount\":1038,\"publisher\":{\"@id\":\"https:\\\/\\\/www.univ-guyane.fr\\\/#organization\"},\"image\":{\"@id\":\"https:\\\/\\\/www.univ-guyane.fr\\\/2024\\\/11\\\/13\\\/retour-sur-la-journee-de-lalimentation-durable-a-luniversite-de-guyane\\\/#primaryimage\"},\"thumbnailUrl\":\"https:\\\/\\\/www.univ-guyane.fr\\\/wp-content\\\/uploads\\\/retour-sur-la-journee-de-l-alimentation-durable-a-l-universite-de-guyane.jpg\",\"keywords\":[\"AIBSI\",\"COVAPAM\",\"MEDEF\"],\"articleSection\":[\"\u2022 AIBSI\",\"\u2022 COVAPAM\",\"\u2022\u00a0Laboratoires\"],\"inLanguage\":\"en-GB\"},{\"@type\":\"WebPage\",\"@id\":\"https:\\\/\\\/www.univ-guyane.fr\\\/2024\\\/11\\\/13\\\/retour-sur-la-journee-de-lalimentation-durable-a-luniversite-de-guyane\\\/\",\"url\":\"https:\\\/\\\/www.univ-guyane.fr\\\/2024\\\/11\\\/13\\\/retour-sur-la-journee-de-lalimentation-durable-a-luniversite-de-guyane\\\/\",\"name\":\"Retour sur la Journ\u00e9e de l'Alimentation Durable \u00e0 l'Universit\u00e9 de Guyane &#8212; Universit\u00e9 de Guyane\",\"isPartOf\":{\"@id\":\"https:\\\/\\\/www.univ-guyane.fr\\\/#website\"},\"primaryImageOfPage\":{\"@id\":\"https:\\\/\\\/www.univ-guyane.fr\\\/2024\\\/11\\\/13\\\/retour-sur-la-journee-de-lalimentation-durable-a-luniversite-de-guyane\\\/#primaryimage\"},\"image\":{\"@id\":\"https:\\\/\\\/www.univ-guyane.fr\\\/2024\\\/11\\\/13\\\/retour-sur-la-journee-de-lalimentation-durable-a-luniversite-de-guyane\\\/#primaryimage\"},\"thumbnailUrl\":\"https:\\\/\\\/www.univ-guyane.fr\\\/wp-content\\\/uploads\\\/retour-sur-la-journee-de-l-alimentation-durable-a-l-universite-de-guyane.jpg\",\"datePublished\":\"2024-11-13T12:01:56+00:00\",\"description\":\"D\u00e9couvrez les temps forts de la Journ\u00e9e de l'Alimentation Durable : conf\u00e9rences captivantes, \u00e9changes scientifiques et projets innovants pour une alimentation saine et durable.\",\"breadcrumb\":{\"@id\":\"https:\\\/\\\/www.univ-guyane.fr\\\/2024\\\/11\\\/13\\\/retour-sur-la-journee-de-lalimentation-durable-a-luniversite-de-guyane\\\/#breadcrumb\"},\"inLanguage\":\"en-GB\",\"potentialAction\":[{\"@type\":\"ReadAction\",\"target\":[\"https:\\\/\\\/www.univ-guyane.fr\\\/2024\\\/11\\\/13\\\/retour-sur-la-journee-de-lalimentation-durable-a-luniversite-de-guyane\\\/\"]}]},{\"@type\":\"ImageObject\",\"inLanguage\":\"en-GB\",\"@id\":\"https:\\\/\\\/www.univ-guyane.fr\\\/2024\\\/11\\\/13\\\/retour-sur-la-journee-de-lalimentation-durable-a-luniversite-de-guyane\\\/#primaryimage\",\"url\":\"https:\\\/\\\/www.univ-guyane.fr\\\/wp-content\\\/uploads\\\/retour-sur-la-journee-de-l-alimentation-durable-a-l-universite-de-guyane.jpg\",\"contentUrl\":\"https:\\\/\\\/www.univ-guyane.fr\\\/wp-content\\\/uploads\\\/retour-sur-la-journee-de-l-alimentation-durable-a-l-universite-de-guyane.jpg\",\"width\":1920,\"height\":1080,\"caption\":\"Retour sur la Journ\u00e9e de l'Alimentation Durable \u00e0 l'Universit\u00e9 de Guyane\"},{\"@type\":\"BreadcrumbList\",\"@id\":\"https:\\\/\\\/www.univ-guyane.fr\\\/2024\\\/11\\\/13\\\/retour-sur-la-journee-de-lalimentation-durable-a-luniversite-de-guyane\\\/#breadcrumb\",\"itemListElement\":[{\"@type\":\"ListItem\",\"position\":1,\"name\":\"Accueil\",\"item\":\"https:\\\/\\\/www.univ-guyane.fr\\\/\"},{\"@type\":\"ListItem\",\"position\":2,\"name\":\"Retour sur la Journ\u00e9e de l&rsquo;Alimentation Durable \u00e0 l&rsquo;Universit\u00e9 de Guyane\"}]},{\"@type\":\"WebSite\",\"@id\":\"https:\\\/\\\/www.univ-guyane.fr\\\/#website\",\"url\":\"https:\\\/\\\/www.univ-guyane.fr\\\/\",\"name\":\"Universit\u00e9 de Guyane\",\"description\":\"Au c\u0153ur de l&#039;amazonie\",\"publisher\":{\"@id\":\"https:\\\/\\\/www.univ-guyane.fr\\\/#organization\"},\"alternateName\":\"UG\",\"potentialAction\":[{\"@type\":\"SearchAction\",\"target\":{\"@type\":\"EntryPoint\",\"urlTemplate\":\"https:\\\/\\\/www.univ-guyane.fr\\\/?s={search_term_string}\"},\"query-input\":{\"@type\":\"PropertyValueSpecification\",\"valueRequired\":true,\"valueName\":\"search_term_string\"}}],\"inLanguage\":\"en-GB\"},{\"@type\":\"Organization\",\"@id\":\"https:\\\/\\\/www.univ-guyane.fr\\\/#organization\",\"name\":\"Universit\u00e9 de Guyane\",\"alternateName\":\"UG\",\"url\":\"https:\\\/\\\/www.univ-guyane.fr\\\/\",\"logo\":{\"@type\":\"ImageObject\",\"inLanguage\":\"en-GB\",\"@id\":\"https:\\\/\\\/www.univ-guyane.fr\\\/#\\\/schema\\\/logo\\\/image\\\/\",\"url\":\"https:\\\/\\\/www.univ-guyane.fr\\\/wp-content\\\/uploads\\\/2024\\\/05\\\/f.png\",\"contentUrl\":\"https:\\\/\\\/www.univ-guyane.fr\\\/wp-content\\\/uploads\\\/2024\\\/05\\\/f.png\",\"width\":1024,\"height\":1024,\"caption\":\"Universit\u00e9 de Guyane\"},\"image\":{\"@id\":\"https:\\\/\\\/www.univ-guyane.fr\\\/#\\\/schema\\\/logo\\\/image\\\/\"},\"sameAs\":[\"https:\\\/\\\/www.facebook.com\\\/univguyane\",\"https:\\\/\\\/x.com\\\/univguyane\",\"https:\\\/\\\/gf.linkedin.com\\\/school\\\/universite-de-guyane\\\/\",\"https:\\\/\\\/www.instagram.com\\\/univ_guyane\\\/\"]},{\"@type\":\"Person\",\"@id\":\"https:\\\/\\\/www.univ-guyane.fr\\\/#\\\/schema\\\/person\\\/86d946a28a8be51bb096ccfdf19db179\",\"name\":\"Erick Loiti\u00e8re\",\"image\":{\"@type\":\"ImageObject\",\"inLanguage\":\"en-GB\",\"@id\":\"https:\\\/\\\/secure.gravatar.com\\\/avatar\\\/0584f332103fbeaf37e52c73b15dca3c547fd9300deb05764e9ad8714839d072?s=96&d=robohash&r=g\",\"url\":\"https:\\\/\\\/secure.gravatar.com\\\/avatar\\\/0584f332103fbeaf37e52c73b15dca3c547fd9300deb05764e9ad8714839d072?s=96&d=robohash&r=g\",\"contentUrl\":\"https:\\\/\\\/secure.gravatar.com\\\/avatar\\\/0584f332103fbeaf37e52c73b15dca3c547fd9300deb05764e9ad8714839d072?s=96&d=robohash&r=g\",\"caption\":\"Erick Loiti\u00e8re\"},\"sameAs\":[\"http:\\\/\\\/www.univ-guyane.fr\"],\"url\":\"https:\\\/\\\/www.univ-guyane.fr\\\/en\\\/author\\\/eloitierdbz\\\/\"}]}<\/script>\n<!-- \/ Yoast SEO plugin. -->","yoast_head_json":{"title":"A look back at Sustainable Food Day at the University of French Guiana \u2014 University of French Guiana","description":"Discover the highlights of Sustainable Food Day: captivating conferences, scientific discussions and innovative projects for healthy and sustainable food.","robots":{"index":"index","follow":"follow","max-snippet":"max-snippet:-1","max-image-preview":"max-image-preview:large","max-video-preview":"max-video-preview:-1"},"canonical":"https:\/\/www.univ-guyane.fr\/en\/2024\/11\/13\/retour-sur-la-journee-de-lalimentation-durable-a-luniversite-de-guyane\/","og_locale":"en_GB","og_type":"article","og_title":"Retour sur la Journ\u00e9e de l'Alimentation Durable \u00e0 l'Universit\u00e9 de Guyane &#8212; Universit\u00e9 de Guyane","og_description":"D\u00e9couvrez les temps forts de la Journ\u00e9e de l'Alimentation Durable : conf\u00e9rences captivantes, \u00e9changes scientifiques et projets innovants pour une alimentation saine et durable.","og_url":"https:\/\/www.univ-guyane.fr\/en\/2024\/11\/13\/retour-sur-la-journee-de-lalimentation-durable-a-luniversite-de-guyane\/","og_site_name":"Universit\u00e9 de Guyane","article_publisher":"https:\/\/www.facebook.com\/univguyane","article_published_time":"2024-11-13T12:01:56+00:00","og_image":[{"width":1920,"height":1080,"url":"https:\/\/www.univ-guyane.fr\/wp-content\/uploads\/retour-sur-la-journee-de-l-alimentation-durable-a-l-universite-de-guyane.jpg","type":"image\/jpeg"}],"author":"Erick Loiti\u00e8re","twitter_card":"summary_large_image","twitter_creator":"@univguyane","twitter_site":"@univguyane","twitter_misc":{"Written by":"Erick Loiti\u00e8re","Estimated reading time":"5 minutes"},"schema":{"@context":"https:\/\/schema.org","@graph":[{"@type":"Article","@id":"https:\/\/www.univ-guyane.fr\/2024\/11\/13\/retour-sur-la-journee-de-lalimentation-durable-a-luniversite-de-guyane\/#article","isPartOf":{"@id":"https:\/\/www.univ-guyane.fr\/2024\/11\/13\/retour-sur-la-journee-de-lalimentation-durable-a-luniversite-de-guyane\/"},"author":{"name":"Erick Loiti\u00e8re","@id":"https:\/\/www.univ-guyane.fr\/#\/schema\/person\/86d946a28a8be51bb096ccfdf19db179"},"headline":"Retour sur la Journ\u00e9e de l&rsquo;Alimentation Durable \u00e0 l&rsquo;Universit\u00e9 de Guyane","datePublished":"2024-11-13T12:01:56+00:00","mainEntityOfPage":{"@id":"https:\/\/www.univ-guyane.fr\/2024\/11\/13\/retour-sur-la-journee-de-lalimentation-durable-a-luniversite-de-guyane\/"},"wordCount":1038,"publisher":{"@id":"https:\/\/www.univ-guyane.fr\/#organization"},"image":{"@id":"https:\/\/www.univ-guyane.fr\/2024\/11\/13\/retour-sur-la-journee-de-lalimentation-durable-a-luniversite-de-guyane\/#primaryimage"},"thumbnailUrl":"https:\/\/www.univ-guyane.fr\/wp-content\/uploads\/retour-sur-la-journee-de-l-alimentation-durable-a-l-universite-de-guyane.jpg","keywords":["AIBSI","COVAPAM","MEDEF"],"articleSection":["\u2022 AIBSI","\u2022 COVAPAM","\u2022\u00a0Laboratoires"],"inLanguage":"en-GB"},{"@type":"WebPage","@id":"https:\/\/www.univ-guyane.fr\/2024\/11\/13\/retour-sur-la-journee-de-lalimentation-durable-a-luniversite-de-guyane\/","url":"https:\/\/www.univ-guyane.fr\/2024\/11\/13\/retour-sur-la-journee-de-lalimentation-durable-a-luniversite-de-guyane\/","name":"A look back at Sustainable Food Day at the University of French Guiana \u2014 University of French Guiana","isPartOf":{"@id":"https:\/\/www.univ-guyane.fr\/#website"},"primaryImageOfPage":{"@id":"https:\/\/www.univ-guyane.fr\/2024\/11\/13\/retour-sur-la-journee-de-lalimentation-durable-a-luniversite-de-guyane\/#primaryimage"},"image":{"@id":"https:\/\/www.univ-guyane.fr\/2024\/11\/13\/retour-sur-la-journee-de-lalimentation-durable-a-luniversite-de-guyane\/#primaryimage"},"thumbnailUrl":"https:\/\/www.univ-guyane.fr\/wp-content\/uploads\/retour-sur-la-journee-de-l-alimentation-durable-a-l-universite-de-guyane.jpg","datePublished":"2024-11-13T12:01:56+00:00","description":"Discover the highlights of Sustainable Food Day: captivating conferences, scientific discussions and innovative projects for healthy and sustainable food.","breadcrumb":{"@id":"https:\/\/www.univ-guyane.fr\/2024\/11\/13\/retour-sur-la-journee-de-lalimentation-durable-a-luniversite-de-guyane\/#breadcrumb"},"inLanguage":"en-GB","potentialAction":[{"@type":"ReadAction","target":["https:\/\/www.univ-guyane.fr\/2024\/11\/13\/retour-sur-la-journee-de-lalimentation-durable-a-luniversite-de-guyane\/"]}]},{"@type":"ImageObject","inLanguage":"en-GB","@id":"https:\/\/www.univ-guyane.fr\/2024\/11\/13\/retour-sur-la-journee-de-lalimentation-durable-a-luniversite-de-guyane\/#primaryimage","url":"https:\/\/www.univ-guyane.fr\/wp-content\/uploads\/retour-sur-la-journee-de-l-alimentation-durable-a-l-universite-de-guyane.jpg","contentUrl":"https:\/\/www.univ-guyane.fr\/wp-content\/uploads\/retour-sur-la-journee-de-l-alimentation-durable-a-l-universite-de-guyane.jpg","width":1920,"height":1080,"caption":"Retour sur la Journ\u00e9e de l'Alimentation Durable \u00e0 l'Universit\u00e9 de Guyane"},{"@type":"BreadcrumbList","@id":"https:\/\/www.univ-guyane.fr\/2024\/11\/13\/retour-sur-la-journee-de-lalimentation-durable-a-luniversite-de-guyane\/#breadcrumb","itemListElement":[{"@type":"ListItem","position":1,"name":"Accueil","item":"https:\/\/www.univ-guyane.fr\/"},{"@type":"ListItem","position":2,"name":"Retour sur la Journ\u00e9e de l&rsquo;Alimentation Durable \u00e0 l&rsquo;Universit\u00e9 de Guyane"}]},{"@type":"WebSite","@id":"https:\/\/www.univ-guyane.fr\/#website","url":"https:\/\/www.univ-guyane.fr\/","name":"University of Guyana","description":"In the heart of Amazonia","publisher":{"@id":"https:\/\/www.univ-guyane.fr\/#organization"},"alternateName":"UG","potentialAction":[{"@type":"SearchAction","target":{"@type":"EntryPoint","urlTemplate":"https:\/\/www.univ-guyane.fr\/?s={search_term_string}"},"query-input":{"@type":"PropertyValueSpecification","valueRequired":true,"valueName":"search_term_string"}}],"inLanguage":"en-GB"},{"@type":"Organization","@id":"https:\/\/www.univ-guyane.fr\/#organization","name":"University of Guyana","alternateName":"UG","url":"https:\/\/www.univ-guyane.fr\/","logo":{"@type":"ImageObject","inLanguage":"en-GB","@id":"https:\/\/www.univ-guyane.fr\/#\/schema\/logo\/image\/","url":"https:\/\/www.univ-guyane.fr\/wp-content\/uploads\/2024\/05\/f.png","contentUrl":"https:\/\/www.univ-guyane.fr\/wp-content\/uploads\/2024\/05\/f.png","width":1024,"height":1024,"caption":"Universit\u00e9 de Guyane"},"image":{"@id":"https:\/\/www.univ-guyane.fr\/#\/schema\/logo\/image\/"},"sameAs":["https:\/\/www.facebook.com\/univguyane","https:\/\/x.com\/univguyane","https:\/\/gf.linkedin.com\/school\/universite-de-guyane\/","https:\/\/www.instagram.com\/univ_guyane\/"]},{"@type":"Person","@id":"https:\/\/www.univ-guyane.fr\/#\/schema\/person\/86d946a28a8be51bb096ccfdf19db179","name":"Erick Loiti\u00e8re","image":{"@type":"ImageObject","inLanguage":"en-GB","@id":"https:\/\/secure.gravatar.com\/avatar\/0584f332103fbeaf37e52c73b15dca3c547fd9300deb05764e9ad8714839d072?s=96&d=robohash&r=g","url":"https:\/\/secure.gravatar.com\/avatar\/0584f332103fbeaf37e52c73b15dca3c547fd9300deb05764e9ad8714839d072?s=96&d=robohash&r=g","contentUrl":"https:\/\/secure.gravatar.com\/avatar\/0584f332103fbeaf37e52c73b15dca3c547fd9300deb05764e9ad8714839d072?s=96&d=robohash&r=g","caption":"Erick Loiti\u00e8re"},"sameAs":["http:\/\/www.univ-guyane.fr"],"url":"https:\/\/www.univ-guyane.fr\/en\/author\/eloitierdbz\/"}]}},"_links":{"self":[{"href":"https:\/\/www.univ-guyane.fr\/en\/wp-json\/wp\/v2\/posts\/11082","targetHints":{"allow":["GET"]}}],"collection":[{"href":"https:\/\/www.univ-guyane.fr\/en\/wp-json\/wp\/v2\/posts"}],"about":[{"href":"https:\/\/www.univ-guyane.fr\/en\/wp-json\/wp\/v2\/types\/post"}],"author":[{"embeddable":true,"href":"https:\/\/www.univ-guyane.fr\/en\/wp-json\/wp\/v2\/users\/1"}],"replies":[{"embeddable":true,"href":"https:\/\/www.univ-guyane.fr\/en\/wp-json\/wp\/v2\/comments?post=11082"}],"version-history":[{"count":1,"href":"https:\/\/www.univ-guyane.fr\/en\/wp-json\/wp\/v2\/posts\/11082\/revisions"}],"predecessor-version":[{"id":11084,"href":"https:\/\/www.univ-guyane.fr\/en\/wp-json\/wp\/v2\/posts\/11082\/revisions\/11084"}],"wp:featuredmedia":[{"embeddable":true,"href":"https:\/\/www.univ-guyane.fr\/en\/wp-json\/wp\/v2\/media\/11083"}],"wp:attachment":[{"href":"https:\/\/www.univ-guyane.fr\/en\/wp-json\/wp\/v2\/media?parent=11082"}],"wp:term":[{"taxonomy":"category","embeddable":true,"href":"https:\/\/www.univ-guyane.fr\/en\/wp-json\/wp\/v2\/categories?post=11082"},{"taxonomy":"post_tag","embeddable":true,"href":"https:\/\/www.univ-guyane.fr\/en\/wp-json\/wp\/v2\/tags?post=11082"}],"curies":[{"name":"wp","href":"https:\/\/api.w.org\/{rel}","templated":true}]}}