{"id":11988,"date":"2025-01-16T23:30:30","date_gmt":"2025-01-17T02:30:30","guid":{"rendered":"https:\/\/www.univ-guyane.fr\/?p=11988"},"modified":"2025-01-21T14:33:01","modified_gmt":"2025-01-21T17:33:01","slug":"decouvre-luniversite-de-guyane-lors-de-sa-journee-portes-ouvertes","status":"publish","type":"post","link":"https:\/\/www.univ-guyane.fr\/en\/2025\/01\/16\/decouvre-luniversite-de-guyane-lors-de-sa-journee-portes-ouvertes\/","title":{"rendered":"Discover the University of Guyana at its Open Day"},"content":{"rendered":"<div id=\"fws_69f499face181\"  data-column-margin=\"default\" data-midnight=\"dark\"  class=\"wpb_row vc_row-fluid vc_row\"  style=\"padding-top: 0px; padding-bottom: 0px; \"><div class=\"row-bg-wrap\" data-bg-animation=\"none\" data-bg-animation-delay=\"\" data-bg-overlay=\"false\"><div class=\"inner-wrap row-bg-layer\" ><div class=\"row-bg viewport-desktop\"  style=\"\"><\/div><\/div><\/div><div class=\"row_col_wrap_12 col span_12 dark left\">\n\t<div  class=\"vc_col-sm-12 wpb_column column_container vc_column_container col no-extra-padding inherit_tablet inherit_phone\"  data-padding-pos=\"all\" data-has-bg-color=\"false\" data-bg-color=\"\" data-bg-opacity=\"1\" data-animation=\"\" data-delay=\"0\" >\n\t\t<div class=\"vc_column-inner\" >\n\t\t\t<div class=\"wpb_wrapper\">\n\t\t\t\t\n<div class=\"wpb_text_column wpb_content_element  chapo\" >\n\t<h2>Are you a high school or university student, or simply curious to find out more about the University of French Guiana? On 7 February 2025, the University of French Guiana will be opening its doors to you on its two campuses in Cayenne (Campus Troubiran) and Kourou (Campus Bois-Chaudat).<\/h2>\n<\/div>\n\n\n\n\n<div class=\"wpb_text_column wpb_content_element\" >\n\t<p>This exceptional day is the perfect opportunity to get to the heart of university life, explore our courses and meet the people who make our community tick.<\/p>\n<h4>Campus Troubiran - Cayenne: a day full of discoveries!<\/h4>\n<p><em>Morning (10am - 12.30pm)<\/em><br \/>\n<strong>Personalised welcome : <\/strong>Stand in Building C with brochures, wristbands and welcome items.<br \/>\n<strong>Thematic workshops:<\/strong> Guidance, mental health and student testimonials in dedicated rooms.<br \/>\n<strong>Information stands:<\/strong> Find out more about our courses, university services and immersion opportunities.<\/p>\n<p><em>All day (10.30am - 6pm)<\/em><br \/>\n<strong>Interactive tours of the campus :<\/strong> Departures every 40 minutes to explore our iconic sites.<br \/>\n<strong>Student events:<\/strong> Quizzes, games (hangman, memory) and student association activities.<\/p>\n<p><em>Afternoon (2.00 pm - 6.00 pm)<\/em><br \/>\n<strong>Cultural and sporting activities :<\/strong> Board game tournaments (UNO, domino), drumming, dancing and sports activities for all.<\/p>\n<h4>Bois-Chaudat Campus - Kourou: Immersive workshops!<\/h4>\n<p><em>Morning (8.30am - 11.30am)<\/em><br \/>\n<strong>Exploring technical and service sectors<\/strong><\/p>\n<ul>\n<li>Electrical Engineering and Industrial Computing (GEII) : Robotics, energy and electronics.<\/li>\n<li>Civil Engineering and Sustainable Construction (GCCD): Construction materials, digital mock-ups and building energy.<\/li>\n<li>R\u00e9seaux et T\u00e9l\u00e9coms (RT): Telecoms, networks and IT.<\/li>\n<li>Marketing Techniques (TC): Digital marketing, bioresources and artificial intelligence.<\/li>\n<li>Communication des Organisations (CS): Professional immersion and presentation of the course.<\/li>\n<\/ul>\n<p><em>Afternoon (12.30pm - 3.30pm)<\/em><br \/>\n<strong>Practical demonstrations and interactive workshops:<\/strong> It's the ideal way to find out more about the careers our courses prepare you for.<\/p>\n<h3>Activities and discoveries all day long<\/h3>\n<p>Throughout the day, take advantage of the many activities on offer to explore the campus and discover student life:<br \/>\n- Interactive tours of the campus: departures every 40 minutes for a fun immersion in our emblematic spaces.<br \/>\n- Information stands (building E): Talk to our teams about university life and find out about immersion opportunities during the school holidays.<br \/>\nInteractive activities will also be taking place in dedicated areas between 10.30am and 1pm, including animated quizzes, hangman games, memory games and much more. Student associations will be on hand to liven up the day on the forecourt.<\/p>\n<h3>An afternoon of culture and sport<\/h3>\n<p>After a convivial lunch break in the cafeteria or university restaurant, join us from 2pm for cultural and interactive activities.<br \/>\nUNO tournaments, dominoes, drums, dances and other sports activities will set the pace for the afternoon. You can also find out more about our courses at an information point scheduled between 4.00 and 6.00 pm.<\/p>\n<h3>A day not to be missed<\/h3>\n<p>Whether you want to ask questions, plan your future, or simply enjoy a day of discovery, this Open Day is for you. Come and meet our students, lecturers and staff and share a moment of conviviality and exchange.<\/p>\n<h3><strong>See you on Friday 7 February 2025 on the UG campuses!\u00a0<\/strong><\/h3>\n<p>A day designed just for you, full of discoveries, meetings and exchanges. Come and imagine your future at the University of Guyana!<\/p>\n<p>We look forward to seeing many of you there to make this a memorable event!<\/p>\n<\/div>\n\n\n\n\n\t\t\t<\/div> \n\t\t<\/div>\n\t<\/div> \n<\/div><\/div>","protected":false},"excerpt":{"rendered":"Are you a high school or university student, or simply curious to find out more about the University of French Guiana? On 7...","protected":false},"author":1,"featured_media":11996,"comment_status":"closed","ping_status":"open","sticky":false,"template":"","format":"standard","meta":{"iawp_total_views":198,"footnotes":""},"categories":[156,1],"tags":[],"class_list":{"0":"post-11988","1":"post","2":"type-post","3":"status-publish","4":"format-standard","5":"has-post-thumbnail","7":"category-campus","8":"category-non-classe"},"yoast_head":"<!-- This site is optimized with the Yoast SEO plugin v27.5 - https:\/\/yoast.com\/product\/yoast-seo-wordpress\/ -->\n<title>D\u00e9couvre l\u2019Universit\u00e9 de Guyane lors de sa Journ\u00e9e Portes Ouvertes &#8212; Universit\u00e9 de Guyane<\/title>\n<meta name=\"description\" content=\"Vous \u00eates lyc\u00e9en, \u00e9tudiant, ou simplement curieux de d\u00e9couvrir l\u2019Universit\u00e9 de Guyane ? Ne manquez pas notre Journ\u00e9e Portes Ouvertes\" \/>\n<meta name=\"robots\" content=\"index, follow, max-snippet:-1, max-image-preview:large, max-video-preview:-1\" \/>\n<link rel=\"canonical\" href=\"https:\/\/www.univ-guyane.fr\/en\/2025\/01\/16\/decouvre-luniversite-de-guyane-lors-de-sa-journee-portes-ouvertes\/\" \/>\n<meta property=\"og:locale\" content=\"en_GB\" \/>\n<meta property=\"og:type\" content=\"article\" \/>\n<meta property=\"og:title\" content=\"D\u00e9couvre l\u2019Universit\u00e9 de Guyane lors de sa Journ\u00e9e Portes Ouvertes &#8212; Universit\u00e9 de Guyane\" \/>\n<meta property=\"og:description\" content=\"Vous \u00eates lyc\u00e9en, \u00e9tudiant, ou simplement curieux de d\u00e9couvrir l\u2019Universit\u00e9 de Guyane ? Ne manquez pas notre Journ\u00e9e Portes Ouvertes\" \/>\n<meta property=\"og:url\" content=\"https:\/\/www.univ-guyane.fr\/en\/2025\/01\/16\/decouvre-luniversite-de-guyane-lors-de-sa-journee-portes-ouvertes\/\" \/>\n<meta property=\"og:site_name\" content=\"Universit\u00e9 de Guyane\" \/>\n<meta property=\"article:publisher\" content=\"https:\/\/www.facebook.com\/univguyane\" \/>\n<meta property=\"article:published_time\" content=\"2025-01-17T02:30:30+00:00\" \/>\n<meta property=\"article:modified_time\" content=\"2025-01-21T17:33:01+00:00\" \/>\n<meta property=\"og:image\" content=\"https:\/\/www.univ-guyane.fr\/wp-content\/uploads\/jpo-1.jpg\" \/>\n\t<meta property=\"og:image:width\" content=\"1920\" \/>\n\t<meta property=\"og:image:height\" content=\"1080\" \/>\n\t<meta property=\"og:image:type\" content=\"image\/jpeg\" \/>\n<meta name=\"author\" content=\"Erick Loiti\u00e8re\" \/>\n<meta name=\"twitter:card\" content=\"summary_large_image\" \/>\n<meta name=\"twitter:creator\" content=\"@univguyane\" \/>\n<meta name=\"twitter:site\" content=\"@univguyane\" \/>\n<meta name=\"twitter:label1\" content=\"Written by\" \/>\n\t<meta name=\"twitter:data1\" content=\"Erick Loiti\u00e8re\" \/>\n\t<meta name=\"twitter:label2\" content=\"Estimated reading time\" \/>\n\t<meta name=\"twitter:data2\" content=\"3 minutes\" \/>\n<script type=\"application\/ld+json\" class=\"yoast-schema-graph\">{\"@context\":\"https:\\\/\\\/schema.org\",\"@graph\":[{\"@type\":\"Article\",\"@id\":\"https:\\\/\\\/www.univ-guyane.fr\\\/2025\\\/01\\\/16\\\/decouvre-luniversite-de-guyane-lors-de-sa-journee-portes-ouvertes\\\/#article\",\"isPartOf\":{\"@id\":\"https:\\\/\\\/www.univ-guyane.fr\\\/2025\\\/01\\\/16\\\/decouvre-luniversite-de-guyane-lors-de-sa-journee-portes-ouvertes\\\/\"},\"author\":{\"name\":\"Erick Loiti\u00e8re\",\"@id\":\"https:\\\/\\\/www.univ-guyane.fr\\\/#\\\/schema\\\/person\\\/86d946a28a8be51bb096ccfdf19db179\"},\"headline\":\"D\u00e9couvre l\u2019Universit\u00e9 de Guyane lors de sa Journ\u00e9e Portes Ouvertes\",\"datePublished\":\"2025-01-17T02:30:30+00:00\",\"dateModified\":\"2025-01-21T17:33:01+00:00\",\"mainEntityOfPage\":{\"@id\":\"https:\\\/\\\/www.univ-guyane.fr\\\/2025\\\/01\\\/16\\\/decouvre-luniversite-de-guyane-lors-de-sa-journee-portes-ouvertes\\\/\"},\"wordCount\":777,\"publisher\":{\"@id\":\"https:\\\/\\\/www.univ-guyane.fr\\\/#organization\"},\"image\":{\"@id\":\"https:\\\/\\\/www.univ-guyane.fr\\\/2025\\\/01\\\/16\\\/decouvre-luniversite-de-guyane-lors-de-sa-journee-portes-ouvertes\\\/#primaryimage\"},\"thumbnailUrl\":\"https:\\\/\\\/www.univ-guyane.fr\\\/wp-content\\\/uploads\\\/jpo-1.jpg\",\"articleSection\":[\"\u2022\u00a0Campus\",\"Non class\u00e9\"],\"inLanguage\":\"en-GB\"},{\"@type\":\"WebPage\",\"@id\":\"https:\\\/\\\/www.univ-guyane.fr\\\/2025\\\/01\\\/16\\\/decouvre-luniversite-de-guyane-lors-de-sa-journee-portes-ouvertes\\\/\",\"url\":\"https:\\\/\\\/www.univ-guyane.fr\\\/2025\\\/01\\\/16\\\/decouvre-luniversite-de-guyane-lors-de-sa-journee-portes-ouvertes\\\/\",\"name\":\"D\u00e9couvre l\u2019Universit\u00e9 de Guyane lors de sa Journ\u00e9e Portes Ouvertes &#8212; Universit\u00e9 de Guyane\",\"isPartOf\":{\"@id\":\"https:\\\/\\\/www.univ-guyane.fr\\\/#website\"},\"primaryImageOfPage\":{\"@id\":\"https:\\\/\\\/www.univ-guyane.fr\\\/2025\\\/01\\\/16\\\/decouvre-luniversite-de-guyane-lors-de-sa-journee-portes-ouvertes\\\/#primaryimage\"},\"image\":{\"@id\":\"https:\\\/\\\/www.univ-guyane.fr\\\/2025\\\/01\\\/16\\\/decouvre-luniversite-de-guyane-lors-de-sa-journee-portes-ouvertes\\\/#primaryimage\"},\"thumbnailUrl\":\"https:\\\/\\\/www.univ-guyane.fr\\\/wp-content\\\/uploads\\\/jpo-1.jpg\",\"datePublished\":\"2025-01-17T02:30:30+00:00\",\"dateModified\":\"2025-01-21T17:33:01+00:00\",\"description\":\"Vous \u00eates lyc\u00e9en, \u00e9tudiant, ou simplement curieux de d\u00e9couvrir l\u2019Universit\u00e9 de Guyane ? Ne manquez pas notre Journ\u00e9e Portes Ouvertes\",\"breadcrumb\":{\"@id\":\"https:\\\/\\\/www.univ-guyane.fr\\\/2025\\\/01\\\/16\\\/decouvre-luniversite-de-guyane-lors-de-sa-journee-portes-ouvertes\\\/#breadcrumb\"},\"inLanguage\":\"en-GB\",\"potentialAction\":[{\"@type\":\"ReadAction\",\"target\":[\"https:\\\/\\\/www.univ-guyane.fr\\\/2025\\\/01\\\/16\\\/decouvre-luniversite-de-guyane-lors-de-sa-journee-portes-ouvertes\\\/\"]}]},{\"@type\":\"ImageObject\",\"inLanguage\":\"en-GB\",\"@id\":\"https:\\\/\\\/www.univ-guyane.fr\\\/2025\\\/01\\\/16\\\/decouvre-luniversite-de-guyane-lors-de-sa-journee-portes-ouvertes\\\/#primaryimage\",\"url\":\"https:\\\/\\\/www.univ-guyane.fr\\\/wp-content\\\/uploads\\\/jpo-1.jpg\",\"contentUrl\":\"https:\\\/\\\/www.univ-guyane.fr\\\/wp-content\\\/uploads\\\/jpo-1.jpg\",\"width\":1920,\"height\":1080,\"caption\":\"Lyc\u00e9ens pr\u00e9sents devant un stand d'information lors de la JPO \u00e0 l'Universit\u00e9 de guyane\"},{\"@type\":\"BreadcrumbList\",\"@id\":\"https:\\\/\\\/www.univ-guyane.fr\\\/2025\\\/01\\\/16\\\/decouvre-luniversite-de-guyane-lors-de-sa-journee-portes-ouvertes\\\/#breadcrumb\",\"itemListElement\":[{\"@type\":\"ListItem\",\"position\":1,\"name\":\"Accueil\",\"item\":\"https:\\\/\\\/www.univ-guyane.fr\\\/\"},{\"@type\":\"ListItem\",\"position\":2,\"name\":\"D\u00e9couvre l\u2019Universit\u00e9 de Guyane lors de sa Journ\u00e9e Portes Ouvertes\"}]},{\"@type\":\"WebSite\",\"@id\":\"https:\\\/\\\/www.univ-guyane.fr\\\/#website\",\"url\":\"https:\\\/\\\/www.univ-guyane.fr\\\/\",\"name\":\"Universit\u00e9 de Guyane\",\"description\":\"Au c\u0153ur de l&#039;amazonie\",\"publisher\":{\"@id\":\"https:\\\/\\\/www.univ-guyane.fr\\\/#organization\"},\"alternateName\":\"UG\",\"potentialAction\":[{\"@type\":\"SearchAction\",\"target\":{\"@type\":\"EntryPoint\",\"urlTemplate\":\"https:\\\/\\\/www.univ-guyane.fr\\\/?s={search_term_string}\"},\"query-input\":{\"@type\":\"PropertyValueSpecification\",\"valueRequired\":true,\"valueName\":\"search_term_string\"}}],\"inLanguage\":\"en-GB\"},{\"@type\":\"Organization\",\"@id\":\"https:\\\/\\\/www.univ-guyane.fr\\\/#organization\",\"name\":\"Universit\u00e9 de Guyane\",\"alternateName\":\"UG\",\"url\":\"https:\\\/\\\/www.univ-guyane.fr\\\/\",\"logo\":{\"@type\":\"ImageObject\",\"inLanguage\":\"en-GB\",\"@id\":\"https:\\\/\\\/www.univ-guyane.fr\\\/#\\\/schema\\\/logo\\\/image\\\/\",\"url\":\"https:\\\/\\\/www.univ-guyane.fr\\\/wp-content\\\/uploads\\\/2024\\\/05\\\/f.png\",\"contentUrl\":\"https:\\\/\\\/www.univ-guyane.fr\\\/wp-content\\\/uploads\\\/2024\\\/05\\\/f.png\",\"width\":1024,\"height\":1024,\"caption\":\"Universit\u00e9 de Guyane\"},\"image\":{\"@id\":\"https:\\\/\\\/www.univ-guyane.fr\\\/#\\\/schema\\\/logo\\\/image\\\/\"},\"sameAs\":[\"https:\\\/\\\/www.facebook.com\\\/univguyane\",\"https:\\\/\\\/x.com\\\/univguyane\",\"https:\\\/\\\/gf.linkedin.com\\\/school\\\/universite-de-guyane\\\/\",\"https:\\\/\\\/www.instagram.com\\\/univ_guyane\\\/\"]},{\"@type\":\"Person\",\"@id\":\"https:\\\/\\\/www.univ-guyane.fr\\\/#\\\/schema\\\/person\\\/86d946a28a8be51bb096ccfdf19db179\",\"name\":\"Erick Loiti\u00e8re\",\"image\":{\"@type\":\"ImageObject\",\"inLanguage\":\"en-GB\",\"@id\":\"https:\\\/\\\/secure.gravatar.com\\\/avatar\\\/0584f332103fbeaf37e52c73b15dca3c547fd9300deb05764e9ad8714839d072?s=96&d=robohash&r=g\",\"url\":\"https:\\\/\\\/secure.gravatar.com\\\/avatar\\\/0584f332103fbeaf37e52c73b15dca3c547fd9300deb05764e9ad8714839d072?s=96&d=robohash&r=g\",\"contentUrl\":\"https:\\\/\\\/secure.gravatar.com\\\/avatar\\\/0584f332103fbeaf37e52c73b15dca3c547fd9300deb05764e9ad8714839d072?s=96&d=robohash&r=g\",\"caption\":\"Erick Loiti\u00e8re\"},\"sameAs\":[\"http:\\\/\\\/www.univ-guyane.fr\"],\"url\":\"https:\\\/\\\/www.univ-guyane.fr\\\/en\\\/author\\\/eloitierdbz\\\/\"}]}<\/script>\n<!-- \/ Yoast SEO plugin. -->","yoast_head_json":{"title":"D\u00e9couvre l\u2019Universit\u00e9 de Guyane lors de sa Journ\u00e9e Portes Ouvertes &#8212; Universit\u00e9 de Guyane","description":"Vous \u00eates lyc\u00e9en, \u00e9tudiant, ou simplement curieux de d\u00e9couvrir l\u2019Universit\u00e9 de Guyane ? Ne manquez pas notre Journ\u00e9e Portes Ouvertes","robots":{"index":"index","follow":"follow","max-snippet":"max-snippet:-1","max-image-preview":"max-image-preview:large","max-video-preview":"max-video-preview:-1"},"canonical":"https:\/\/www.univ-guyane.fr\/en\/2025\/01\/16\/decouvre-luniversite-de-guyane-lors-de-sa-journee-portes-ouvertes\/","og_locale":"en_GB","og_type":"article","og_title":"D\u00e9couvre l\u2019Universit\u00e9 de Guyane lors de sa Journ\u00e9e Portes Ouvertes &#8212; Universit\u00e9 de Guyane","og_description":"Vous \u00eates lyc\u00e9en, \u00e9tudiant, ou simplement curieux de d\u00e9couvrir l\u2019Universit\u00e9 de Guyane ? Ne manquez pas notre Journ\u00e9e Portes Ouvertes","og_url":"https:\/\/www.univ-guyane.fr\/en\/2025\/01\/16\/decouvre-luniversite-de-guyane-lors-de-sa-journee-portes-ouvertes\/","og_site_name":"Universit\u00e9 de Guyane","article_publisher":"https:\/\/www.facebook.com\/univguyane","article_published_time":"2025-01-17T02:30:30+00:00","article_modified_time":"2025-01-21T17:33:01+00:00","og_image":[{"width":1920,"height":1080,"url":"https:\/\/www.univ-guyane.fr\/wp-content\/uploads\/jpo-1.jpg","type":"image\/jpeg"}],"author":"Erick Loiti\u00e8re","twitter_card":"summary_large_image","twitter_creator":"@univguyane","twitter_site":"@univguyane","twitter_misc":{"Written by":"Erick Loiti\u00e8re","Estimated reading time":"3 minutes"},"schema":{"@context":"https:\/\/schema.org","@graph":[{"@type":"Article","@id":"https:\/\/www.univ-guyane.fr\/2025\/01\/16\/decouvre-luniversite-de-guyane-lors-de-sa-journee-portes-ouvertes\/#article","isPartOf":{"@id":"https:\/\/www.univ-guyane.fr\/2025\/01\/16\/decouvre-luniversite-de-guyane-lors-de-sa-journee-portes-ouvertes\/"},"author":{"name":"Erick Loiti\u00e8re","@id":"https:\/\/www.univ-guyane.fr\/#\/schema\/person\/86d946a28a8be51bb096ccfdf19db179"},"headline":"D\u00e9couvre l\u2019Universit\u00e9 de Guyane lors de sa Journ\u00e9e Portes Ouvertes","datePublished":"2025-01-17T02:30:30+00:00","dateModified":"2025-01-21T17:33:01+00:00","mainEntityOfPage":{"@id":"https:\/\/www.univ-guyane.fr\/2025\/01\/16\/decouvre-luniversite-de-guyane-lors-de-sa-journee-portes-ouvertes\/"},"wordCount":777,"publisher":{"@id":"https:\/\/www.univ-guyane.fr\/#organization"},"image":{"@id":"https:\/\/www.univ-guyane.fr\/2025\/01\/16\/decouvre-luniversite-de-guyane-lors-de-sa-journee-portes-ouvertes\/#primaryimage"},"thumbnailUrl":"https:\/\/www.univ-guyane.fr\/wp-content\/uploads\/jpo-1.jpg","articleSection":["\u2022\u00a0Campus","Non class\u00e9"],"inLanguage":"en-GB"},{"@type":"WebPage","@id":"https:\/\/www.univ-guyane.fr\/2025\/01\/16\/decouvre-luniversite-de-guyane-lors-de-sa-journee-portes-ouvertes\/","url":"https:\/\/www.univ-guyane.fr\/2025\/01\/16\/decouvre-luniversite-de-guyane-lors-de-sa-journee-portes-ouvertes\/","name":"D\u00e9couvre l\u2019Universit\u00e9 de Guyane lors de sa Journ\u00e9e Portes Ouvertes &#8212; Universit\u00e9 de Guyane","isPartOf":{"@id":"https:\/\/www.univ-guyane.fr\/#website"},"primaryImageOfPage":{"@id":"https:\/\/www.univ-guyane.fr\/2025\/01\/16\/decouvre-luniversite-de-guyane-lors-de-sa-journee-portes-ouvertes\/#primaryimage"},"image":{"@id":"https:\/\/www.univ-guyane.fr\/2025\/01\/16\/decouvre-luniversite-de-guyane-lors-de-sa-journee-portes-ouvertes\/#primaryimage"},"thumbnailUrl":"https:\/\/www.univ-guyane.fr\/wp-content\/uploads\/jpo-1.jpg","datePublished":"2025-01-17T02:30:30+00:00","dateModified":"2025-01-21T17:33:01+00:00","description":"Vous \u00eates lyc\u00e9en, \u00e9tudiant, ou simplement curieux de d\u00e9couvrir l\u2019Universit\u00e9 de Guyane ? Ne manquez pas notre Journ\u00e9e Portes Ouvertes","breadcrumb":{"@id":"https:\/\/www.univ-guyane.fr\/2025\/01\/16\/decouvre-luniversite-de-guyane-lors-de-sa-journee-portes-ouvertes\/#breadcrumb"},"inLanguage":"en-GB","potentialAction":[{"@type":"ReadAction","target":["https:\/\/www.univ-guyane.fr\/2025\/01\/16\/decouvre-luniversite-de-guyane-lors-de-sa-journee-portes-ouvertes\/"]}]},{"@type":"ImageObject","inLanguage":"en-GB","@id":"https:\/\/www.univ-guyane.fr\/2025\/01\/16\/decouvre-luniversite-de-guyane-lors-de-sa-journee-portes-ouvertes\/#primaryimage","url":"https:\/\/www.univ-guyane.fr\/wp-content\/uploads\/jpo-1.jpg","contentUrl":"https:\/\/www.univ-guyane.fr\/wp-content\/uploads\/jpo-1.jpg","width":1920,"height":1080,"caption":"Lyc\u00e9ens pr\u00e9sents devant un stand d'information lors de la JPO \u00e0 l'Universit\u00e9 de guyane"},{"@type":"BreadcrumbList","@id":"https:\/\/www.univ-guyane.fr\/2025\/01\/16\/decouvre-luniversite-de-guyane-lors-de-sa-journee-portes-ouvertes\/#breadcrumb","itemListElement":[{"@type":"ListItem","position":1,"name":"Accueil","item":"https:\/\/www.univ-guyane.fr\/"},{"@type":"ListItem","position":2,"name":"D\u00e9couvre l\u2019Universit\u00e9 de Guyane lors de sa Journ\u00e9e Portes Ouvertes"}]},{"@type":"WebSite","@id":"https:\/\/www.univ-guyane.fr\/#website","url":"https:\/\/www.univ-guyane.fr\/","name":"University of Guyana","description":"In the heart of Amazonia","publisher":{"@id":"https:\/\/www.univ-guyane.fr\/#organization"},"alternateName":"UG","potentialAction":[{"@type":"SearchAction","target":{"@type":"EntryPoint","urlTemplate":"https:\/\/www.univ-guyane.fr\/?s={search_term_string}"},"query-input":{"@type":"PropertyValueSpecification","valueRequired":true,"valueName":"search_term_string"}}],"inLanguage":"en-GB"},{"@type":"Organization","@id":"https:\/\/www.univ-guyane.fr\/#organization","name":"University of Guyana","alternateName":"UG","url":"https:\/\/www.univ-guyane.fr\/","logo":{"@type":"ImageObject","inLanguage":"en-GB","@id":"https:\/\/www.univ-guyane.fr\/#\/schema\/logo\/image\/","url":"https:\/\/www.univ-guyane.fr\/wp-content\/uploads\/2024\/05\/f.png","contentUrl":"https:\/\/www.univ-guyane.fr\/wp-content\/uploads\/2024\/05\/f.png","width":1024,"height":1024,"caption":"Universit\u00e9 de Guyane"},"image":{"@id":"https:\/\/www.univ-guyane.fr\/#\/schema\/logo\/image\/"},"sameAs":["https:\/\/www.facebook.com\/univguyane","https:\/\/x.com\/univguyane","https:\/\/gf.linkedin.com\/school\/universite-de-guyane\/","https:\/\/www.instagram.com\/univ_guyane\/"]},{"@type":"Person","@id":"https:\/\/www.univ-guyane.fr\/#\/schema\/person\/86d946a28a8be51bb096ccfdf19db179","name":"Erick Loiti\u00e8re","image":{"@type":"ImageObject","inLanguage":"en-GB","@id":"https:\/\/secure.gravatar.com\/avatar\/0584f332103fbeaf37e52c73b15dca3c547fd9300deb05764e9ad8714839d072?s=96&d=robohash&r=g","url":"https:\/\/secure.gravatar.com\/avatar\/0584f332103fbeaf37e52c73b15dca3c547fd9300deb05764e9ad8714839d072?s=96&d=robohash&r=g","contentUrl":"https:\/\/secure.gravatar.com\/avatar\/0584f332103fbeaf37e52c73b15dca3c547fd9300deb05764e9ad8714839d072?s=96&d=robohash&r=g","caption":"Erick Loiti\u00e8re"},"sameAs":["http:\/\/www.univ-guyane.fr"],"url":"https:\/\/www.univ-guyane.fr\/en\/author\/eloitierdbz\/"}]}},"_links":{"self":[{"href":"https:\/\/www.univ-guyane.fr\/en\/wp-json\/wp\/v2\/posts\/11988","targetHints":{"allow":["GET"]}}],"collection":[{"href":"https:\/\/www.univ-guyane.fr\/en\/wp-json\/wp\/v2\/posts"}],"about":[{"href":"https:\/\/www.univ-guyane.fr\/en\/wp-json\/wp\/v2\/types\/post"}],"author":[{"embeddable":true,"href":"https:\/\/www.univ-guyane.fr\/en\/wp-json\/wp\/v2\/users\/1"}],"replies":[{"embeddable":true,"href":"https:\/\/www.univ-guyane.fr\/en\/wp-json\/wp\/v2\/comments?post=11988"}],"version-history":[{"count":5,"href":"https:\/\/www.univ-guyane.fr\/en\/wp-json\/wp\/v2\/posts\/11988\/revisions"}],"predecessor-version":[{"id":12069,"href":"https:\/\/www.univ-guyane.fr\/en\/wp-json\/wp\/v2\/posts\/11988\/revisions\/12069"}],"wp:featuredmedia":[{"embeddable":true,"href":"https:\/\/www.univ-guyane.fr\/en\/wp-json\/wp\/v2\/media\/11996"}],"wp:attachment":[{"href":"https:\/\/www.univ-guyane.fr\/en\/wp-json\/wp\/v2\/media?parent=11988"}],"wp:term":[{"taxonomy":"category","embeddable":true,"href":"https:\/\/www.univ-guyane.fr\/en\/wp-json\/wp\/v2\/categories?post=11988"},{"taxonomy":"post_tag","embeddable":true,"href":"https:\/\/www.univ-guyane.fr\/en\/wp-json\/wp\/v2\/tags?post=11988"}],"curies":[{"name":"wp","href":"https:\/\/api.w.org\/{rel}","templated":true}]}}