{"id":12772,"date":"2025-05-19T10:24:31","date_gmt":"2025-05-19T13:24:31","guid":{"rendered":"https:\/\/www.univ-guyane.fr\/?p=12772"},"modified":"2025-05-19T10:24:31","modified_gmt":"2025-05-19T13:24:31","slug":"carrefour-de-lalternance-renforcer-les-liens-entre-universite-et-entreprises","status":"publish","type":"post","link":"https:\/\/www.univ-guyane.fr\/en\/2025\/05\/19\/carrefour-de-lalternance-renforcer-les-liens-entre-universite-et-entreprises\/","title":{"rendered":"Carrefour de l'alternance: strengthening links between universities and businesses"},"content":{"rendered":"<div id=\"fws_69f1f267912dd\"  data-column-margin=\"default\" data-midnight=\"dark\"  class=\"wpb_row vc_row-fluid vc_row\"  style=\"padding-top: 0px; padding-bottom: 0px; \"><div class=\"row-bg-wrap\" data-bg-animation=\"none\" data-bg-animation-delay=\"\" data-bg-overlay=\"false\"><div class=\"inner-wrap row-bg-layer\" ><div class=\"row-bg viewport-desktop\"  style=\"\"><\/div><\/div><\/div><div class=\"row_col_wrap_12 col span_12 dark left\">\n\t<div  class=\"vc_col-sm-12 wpb_column column_container vc_column_container col no-extra-padding inherit_tablet inherit_phone\"  data-padding-pos=\"all\" data-has-bg-color=\"false\" data-bg-color=\"\" data-bg-opacity=\"1\" data-animation=\"\" data-delay=\"0\" >\n\t\t<div class=\"vc_column-inner\" >\n\t\t\t<div class=\"wpb_wrapper\">\n\t\t\t\t\n<div class=\"wpb_text_column wpb_content_element  chapo\" >\n\t<h2>On Wednesday 7 May 2025, the University of Guyana hosted the second edition of the Carrefour de l'alternance. A morning of meetings between companies, teaching staff and students, to build practical bridges between education and the world of work.<\/h2>\n<\/div>\n\n\n\n\n<div class=\"wpb_text_column wpb_content_element\" >\n\t<p>The Carrefour de l'alternance 2025 was held on the Troubiran campus. Organised by the university CFA and supported by the University Professional Training Department (DFPU), the event had a clear objective: to promote dialogue between the university's work-linked training programmes and local economic players.<\/p>\n<p>Around twenty companies attended. They were able to find out about the work-linked courses on offer, talk to the teachers and meet the students.<\/p>\n<h2>Stands hosted by the sectors<\/h2>\n<p>Each department had its own stand. Teachers and students presented their courses, shared their experiences and explained the skills they had acquired through work-linked training. This up-close-and-personal format allowed for simple, concrete and human exchanges.<br \/>\nVisitors were able to ask questions, find out about the specific features of the courses and gain a better understanding of the career opportunities available.<\/p>\n<h2>OPCO expertise at the service of projects<\/h2>\n<p>The funding bodies for work-linked training (OPCOs) were also present. Their presence provided valuable information on :<\/p>\n<ul>\n<li>contractual terms and conditions,<\/li>\n<li>the financial assistance available,<\/li>\n<li>the support offered to companies.<\/li>\n<\/ul>\n<p>Their discussions with the participants helped to remove a number of obstacles and clarify the conditions for implementing work-linked training.<\/p>\n<h2>Concrete prospects for collaboration<\/h2>\n<p>Some companies came to find out about the courses. Others expressed an immediate need for recruitment or partnership. A number of avenues for collaboration were explored during the discussions.<\/p>\n<p>Feedback has been very positive, both from professionals and from teachers and students.<\/p>\n<p>With this event, the University of French Guyana is confirming its commitment to high-quality work-linked training, in tune with the economic realities of the region.<br \/>\nThe Carrefour de l'alternance is fully in line with this dynamic, creating lasting links between higher education, companies and young Guyanese talent.<\/p>\n<\/div>\n\n\n\n\n\t\t\t<\/div> \n\t\t<\/div>\n\t<\/div> \n<\/div><\/div>","protected":false},"excerpt":{"rendered":"On Wednesday 7 May 2025, the University of Guyana hosted the second edition of the Carrefour...","protected":false},"author":1,"featured_media":12773,"comment_status":"closed","ping_status":"open","sticky":false,"template":"","format":"standard","meta":{"iawp_total_views":167,"footnotes":""},"categories":[240],"tags":[],"class_list":{"0":"post-12772","1":"post","2":"type-post","3":"status-publish","4":"format-standard","5":"has-post-thumbnail","7":"category-cfa-u"},"yoast_head":"<!-- This site is optimized with the Yoast SEO plugin v27.5 - https:\/\/yoast.com\/product\/yoast-seo-wordpress\/ -->\n<title>Carrefour de l\u2019alternance : renforcer les liens entre universit\u00e9 et entreprises &#8212; Universit\u00e9 de Guyane<\/title>\n<meta name=\"description\" content=\"Le Carrefour de l&#039;alternance 2025 a rassembl\u00e9 \u00e9tudiants et entreprises pour promouvoir les formations en alternance.\" \/>\n<meta name=\"robots\" content=\"index, follow, max-snippet:-1, max-image-preview:large, max-video-preview:-1\" \/>\n<link rel=\"canonical\" href=\"https:\/\/www.univ-guyane.fr\/en\/2025\/05\/19\/carrefour-de-lalternance-renforcer-les-liens-entre-universite-et-entreprises\/\" \/>\n<meta property=\"og:locale\" content=\"en_GB\" \/>\n<meta property=\"og:type\" content=\"article\" \/>\n<meta property=\"og:title\" content=\"Carrefour de l\u2019alternance : renforcer les liens entre universit\u00e9 et entreprises &#8212; Universit\u00e9 de Guyane\" \/>\n<meta property=\"og:description\" content=\"Le Carrefour de l&#039;alternance 2025 a rassembl\u00e9 \u00e9tudiants et entreprises pour promouvoir les formations en alternance.\" \/>\n<meta property=\"og:url\" content=\"https:\/\/www.univ-guyane.fr\/en\/2025\/05\/19\/carrefour-de-lalternance-renforcer-les-liens-entre-universite-et-entreprises\/\" \/>\n<meta property=\"og:site_name\" content=\"Universit\u00e9 de Guyane\" \/>\n<meta property=\"article:publisher\" content=\"https:\/\/www.facebook.com\/univguyane\" \/>\n<meta property=\"article:published_time\" content=\"2025-05-19T13:24:31+00:00\" \/>\n<meta property=\"og:image\" content=\"https:\/\/www.univ-guyane.fr\/wp-content\/uploads\/Carrefour-alternance.jpg\" \/>\n\t<meta property=\"og:image:width\" content=\"1920\" \/>\n\t<meta property=\"og:image:height\" content=\"1080\" \/>\n\t<meta property=\"og:image:type\" content=\"image\/jpeg\" \/>\n<meta name=\"author\" content=\"Erick Loiti\u00e8re\" \/>\n<meta name=\"twitter:card\" content=\"summary_large_image\" \/>\n<meta name=\"twitter:creator\" content=\"@univguyane\" \/>\n<meta name=\"twitter:site\" content=\"@univguyane\" \/>\n<meta name=\"twitter:label1\" content=\"Written by\" \/>\n\t<meta name=\"twitter:data1\" content=\"Erick Loiti\u00e8re\" \/>\n\t<meta name=\"twitter:label2\" content=\"Estimated reading time\" \/>\n\t<meta name=\"twitter:data2\" content=\"2 minutes\" \/>\n<script type=\"application\/ld+json\" class=\"yoast-schema-graph\">{\"@context\":\"https:\\\/\\\/schema.org\",\"@graph\":[{\"@type\":\"Article\",\"@id\":\"https:\\\/\\\/www.univ-guyane.fr\\\/2025\\\/05\\\/19\\\/carrefour-de-lalternance-renforcer-les-liens-entre-universite-et-entreprises\\\/#article\",\"isPartOf\":{\"@id\":\"https:\\\/\\\/www.univ-guyane.fr\\\/2025\\\/05\\\/19\\\/carrefour-de-lalternance-renforcer-les-liens-entre-universite-et-entreprises\\\/\"},\"author\":{\"name\":\"Erick Loiti\u00e8re\",\"@id\":\"https:\\\/\\\/www.univ-guyane.fr\\\/#\\\/schema\\\/person\\\/86d946a28a8be51bb096ccfdf19db179\"},\"headline\":\"Carrefour de l\u2019alternance : renforcer les liens entre universit\u00e9 et entreprises\",\"datePublished\":\"2025-05-19T13:24:31+00:00\",\"mainEntityOfPage\":{\"@id\":\"https:\\\/\\\/www.univ-guyane.fr\\\/2025\\\/05\\\/19\\\/carrefour-de-lalternance-renforcer-les-liens-entre-universite-et-entreprises\\\/\"},\"wordCount\":561,\"publisher\":{\"@id\":\"https:\\\/\\\/www.univ-guyane.fr\\\/#organization\"},\"image\":{\"@id\":\"https:\\\/\\\/www.univ-guyane.fr\\\/2025\\\/05\\\/19\\\/carrefour-de-lalternance-renforcer-les-liens-entre-universite-et-entreprises\\\/#primaryimage\"},\"thumbnailUrl\":\"https:\\\/\\\/www.univ-guyane.fr\\\/wp-content\\\/uploads\\\/Carrefour-alternance.jpg\",\"articleSection\":[\"\u2022 CFA-U\"],\"inLanguage\":\"en-GB\"},{\"@type\":\"WebPage\",\"@id\":\"https:\\\/\\\/www.univ-guyane.fr\\\/2025\\\/05\\\/19\\\/carrefour-de-lalternance-renforcer-les-liens-entre-universite-et-entreprises\\\/\",\"url\":\"https:\\\/\\\/www.univ-guyane.fr\\\/2025\\\/05\\\/19\\\/carrefour-de-lalternance-renforcer-les-liens-entre-universite-et-entreprises\\\/\",\"name\":\"Carrefour de l\u2019alternance : renforcer les liens entre universit\u00e9 et entreprises &#8212; Universit\u00e9 de Guyane\",\"isPartOf\":{\"@id\":\"https:\\\/\\\/www.univ-guyane.fr\\\/#website\"},\"primaryImageOfPage\":{\"@id\":\"https:\\\/\\\/www.univ-guyane.fr\\\/2025\\\/05\\\/19\\\/carrefour-de-lalternance-renforcer-les-liens-entre-universite-et-entreprises\\\/#primaryimage\"},\"image\":{\"@id\":\"https:\\\/\\\/www.univ-guyane.fr\\\/2025\\\/05\\\/19\\\/carrefour-de-lalternance-renforcer-les-liens-entre-universite-et-entreprises\\\/#primaryimage\"},\"thumbnailUrl\":\"https:\\\/\\\/www.univ-guyane.fr\\\/wp-content\\\/uploads\\\/Carrefour-alternance.jpg\",\"datePublished\":\"2025-05-19T13:24:31+00:00\",\"description\":\"Le Carrefour de l'alternance 2025 a rassembl\u00e9 \u00e9tudiants et entreprises pour promouvoir les formations en alternance.\",\"breadcrumb\":{\"@id\":\"https:\\\/\\\/www.univ-guyane.fr\\\/2025\\\/05\\\/19\\\/carrefour-de-lalternance-renforcer-les-liens-entre-universite-et-entreprises\\\/#breadcrumb\"},\"inLanguage\":\"en-GB\",\"potentialAction\":[{\"@type\":\"ReadAction\",\"target\":[\"https:\\\/\\\/www.univ-guyane.fr\\\/2025\\\/05\\\/19\\\/carrefour-de-lalternance-renforcer-les-liens-entre-universite-et-entreprises\\\/\"]}]},{\"@type\":\"ImageObject\",\"inLanguage\":\"en-GB\",\"@id\":\"https:\\\/\\\/www.univ-guyane.fr\\\/2025\\\/05\\\/19\\\/carrefour-de-lalternance-renforcer-les-liens-entre-universite-et-entreprises\\\/#primaryimage\",\"url\":\"https:\\\/\\\/www.univ-guyane.fr\\\/wp-content\\\/uploads\\\/Carrefour-alternance.jpg\",\"contentUrl\":\"https:\\\/\\\/www.univ-guyane.fr\\\/wp-content\\\/uploads\\\/Carrefour-alternance.jpg\",\"width\":1920,\"height\":1080},{\"@type\":\"BreadcrumbList\",\"@id\":\"https:\\\/\\\/www.univ-guyane.fr\\\/2025\\\/05\\\/19\\\/carrefour-de-lalternance-renforcer-les-liens-entre-universite-et-entreprises\\\/#breadcrumb\",\"itemListElement\":[{\"@type\":\"ListItem\",\"position\":1,\"name\":\"Accueil\",\"item\":\"https:\\\/\\\/www.univ-guyane.fr\\\/\"},{\"@type\":\"ListItem\",\"position\":2,\"name\":\"Carrefour de l\u2019alternance : renforcer les liens entre universit\u00e9 et entreprises\"}]},{\"@type\":\"WebSite\",\"@id\":\"https:\\\/\\\/www.univ-guyane.fr\\\/#website\",\"url\":\"https:\\\/\\\/www.univ-guyane.fr\\\/\",\"name\":\"Universit\u00e9 de Guyane\",\"description\":\"Au c\u0153ur de l&#039;amazonie\",\"publisher\":{\"@id\":\"https:\\\/\\\/www.univ-guyane.fr\\\/#organization\"},\"alternateName\":\"UG\",\"potentialAction\":[{\"@type\":\"SearchAction\",\"target\":{\"@type\":\"EntryPoint\",\"urlTemplate\":\"https:\\\/\\\/www.univ-guyane.fr\\\/?s={search_term_string}\"},\"query-input\":{\"@type\":\"PropertyValueSpecification\",\"valueRequired\":true,\"valueName\":\"search_term_string\"}}],\"inLanguage\":\"en-GB\"},{\"@type\":\"Organization\",\"@id\":\"https:\\\/\\\/www.univ-guyane.fr\\\/#organization\",\"name\":\"Universit\u00e9 de Guyane\",\"alternateName\":\"UG\",\"url\":\"https:\\\/\\\/www.univ-guyane.fr\\\/\",\"logo\":{\"@type\":\"ImageObject\",\"inLanguage\":\"en-GB\",\"@id\":\"https:\\\/\\\/www.univ-guyane.fr\\\/#\\\/schema\\\/logo\\\/image\\\/\",\"url\":\"https:\\\/\\\/www.univ-guyane.fr\\\/wp-content\\\/uploads\\\/2024\\\/05\\\/f.png\",\"contentUrl\":\"https:\\\/\\\/www.univ-guyane.fr\\\/wp-content\\\/uploads\\\/2024\\\/05\\\/f.png\",\"width\":1024,\"height\":1024,\"caption\":\"Universit\u00e9 de Guyane\"},\"image\":{\"@id\":\"https:\\\/\\\/www.univ-guyane.fr\\\/#\\\/schema\\\/logo\\\/image\\\/\"},\"sameAs\":[\"https:\\\/\\\/www.facebook.com\\\/univguyane\",\"https:\\\/\\\/x.com\\\/univguyane\",\"https:\\\/\\\/gf.linkedin.com\\\/school\\\/universite-de-guyane\\\/\",\"https:\\\/\\\/www.instagram.com\\\/univ_guyane\\\/\"]},{\"@type\":\"Person\",\"@id\":\"https:\\\/\\\/www.univ-guyane.fr\\\/#\\\/schema\\\/person\\\/86d946a28a8be51bb096ccfdf19db179\",\"name\":\"Erick Loiti\u00e8re\",\"image\":{\"@type\":\"ImageObject\",\"inLanguage\":\"en-GB\",\"@id\":\"https:\\\/\\\/secure.gravatar.com\\\/avatar\\\/0584f332103fbeaf37e52c73b15dca3c547fd9300deb05764e9ad8714839d072?s=96&d=robohash&r=g\",\"url\":\"https:\\\/\\\/secure.gravatar.com\\\/avatar\\\/0584f332103fbeaf37e52c73b15dca3c547fd9300deb05764e9ad8714839d072?s=96&d=robohash&r=g\",\"contentUrl\":\"https:\\\/\\\/secure.gravatar.com\\\/avatar\\\/0584f332103fbeaf37e52c73b15dca3c547fd9300deb05764e9ad8714839d072?s=96&d=robohash&r=g\",\"caption\":\"Erick Loiti\u00e8re\"},\"sameAs\":[\"http:\\\/\\\/www.univ-guyane.fr\"],\"url\":\"https:\\\/\\\/www.univ-guyane.fr\\\/en\\\/author\\\/eloitierdbz\\\/\"}]}<\/script>\n<!-- \/ Yoast SEO plugin. -->","yoast_head_json":{"title":"Carrefour de l\u2019alternance : renforcer les liens entre universit\u00e9 et entreprises &#8212; Universit\u00e9 de Guyane","description":"Le Carrefour de l'alternance 2025 a rassembl\u00e9 \u00e9tudiants et entreprises pour promouvoir les formations en alternance.","robots":{"index":"index","follow":"follow","max-snippet":"max-snippet:-1","max-image-preview":"max-image-preview:large","max-video-preview":"max-video-preview:-1"},"canonical":"https:\/\/www.univ-guyane.fr\/en\/2025\/05\/19\/carrefour-de-lalternance-renforcer-les-liens-entre-universite-et-entreprises\/","og_locale":"en_GB","og_type":"article","og_title":"Carrefour de l\u2019alternance : renforcer les liens entre universit\u00e9 et entreprises &#8212; Universit\u00e9 de Guyane","og_description":"Le Carrefour de l'alternance 2025 a rassembl\u00e9 \u00e9tudiants et entreprises pour promouvoir les formations en alternance.","og_url":"https:\/\/www.univ-guyane.fr\/en\/2025\/05\/19\/carrefour-de-lalternance-renforcer-les-liens-entre-universite-et-entreprises\/","og_site_name":"Universit\u00e9 de Guyane","article_publisher":"https:\/\/www.facebook.com\/univguyane","article_published_time":"2025-05-19T13:24:31+00:00","og_image":[{"width":1920,"height":1080,"url":"https:\/\/www.univ-guyane.fr\/wp-content\/uploads\/Carrefour-alternance.jpg","type":"image\/jpeg"}],"author":"Erick Loiti\u00e8re","twitter_card":"summary_large_image","twitter_creator":"@univguyane","twitter_site":"@univguyane","twitter_misc":{"Written by":"Erick Loiti\u00e8re","Estimated reading time":"2 minutes"},"schema":{"@context":"https:\/\/schema.org","@graph":[{"@type":"Article","@id":"https:\/\/www.univ-guyane.fr\/2025\/05\/19\/carrefour-de-lalternance-renforcer-les-liens-entre-universite-et-entreprises\/#article","isPartOf":{"@id":"https:\/\/www.univ-guyane.fr\/2025\/05\/19\/carrefour-de-lalternance-renforcer-les-liens-entre-universite-et-entreprises\/"},"author":{"name":"Erick Loiti\u00e8re","@id":"https:\/\/www.univ-guyane.fr\/#\/schema\/person\/86d946a28a8be51bb096ccfdf19db179"},"headline":"Carrefour de l\u2019alternance : renforcer les liens entre universit\u00e9 et entreprises","datePublished":"2025-05-19T13:24:31+00:00","mainEntityOfPage":{"@id":"https:\/\/www.univ-guyane.fr\/2025\/05\/19\/carrefour-de-lalternance-renforcer-les-liens-entre-universite-et-entreprises\/"},"wordCount":561,"publisher":{"@id":"https:\/\/www.univ-guyane.fr\/#organization"},"image":{"@id":"https:\/\/www.univ-guyane.fr\/2025\/05\/19\/carrefour-de-lalternance-renforcer-les-liens-entre-universite-et-entreprises\/#primaryimage"},"thumbnailUrl":"https:\/\/www.univ-guyane.fr\/wp-content\/uploads\/Carrefour-alternance.jpg","articleSection":["\u2022 CFA-U"],"inLanguage":"en-GB"},{"@type":"WebPage","@id":"https:\/\/www.univ-guyane.fr\/2025\/05\/19\/carrefour-de-lalternance-renforcer-les-liens-entre-universite-et-entreprises\/","url":"https:\/\/www.univ-guyane.fr\/2025\/05\/19\/carrefour-de-lalternance-renforcer-les-liens-entre-universite-et-entreprises\/","name":"Carrefour de l\u2019alternance : renforcer les liens entre universit\u00e9 et entreprises &#8212; Universit\u00e9 de Guyane","isPartOf":{"@id":"https:\/\/www.univ-guyane.fr\/#website"},"primaryImageOfPage":{"@id":"https:\/\/www.univ-guyane.fr\/2025\/05\/19\/carrefour-de-lalternance-renforcer-les-liens-entre-universite-et-entreprises\/#primaryimage"},"image":{"@id":"https:\/\/www.univ-guyane.fr\/2025\/05\/19\/carrefour-de-lalternance-renforcer-les-liens-entre-universite-et-entreprises\/#primaryimage"},"thumbnailUrl":"https:\/\/www.univ-guyane.fr\/wp-content\/uploads\/Carrefour-alternance.jpg","datePublished":"2025-05-19T13:24:31+00:00","description":"Le Carrefour de l'alternance 2025 a rassembl\u00e9 \u00e9tudiants et entreprises pour promouvoir les formations en alternance.","breadcrumb":{"@id":"https:\/\/www.univ-guyane.fr\/2025\/05\/19\/carrefour-de-lalternance-renforcer-les-liens-entre-universite-et-entreprises\/#breadcrumb"},"inLanguage":"en-GB","potentialAction":[{"@type":"ReadAction","target":["https:\/\/www.univ-guyane.fr\/2025\/05\/19\/carrefour-de-lalternance-renforcer-les-liens-entre-universite-et-entreprises\/"]}]},{"@type":"ImageObject","inLanguage":"en-GB","@id":"https:\/\/www.univ-guyane.fr\/2025\/05\/19\/carrefour-de-lalternance-renforcer-les-liens-entre-universite-et-entreprises\/#primaryimage","url":"https:\/\/www.univ-guyane.fr\/wp-content\/uploads\/Carrefour-alternance.jpg","contentUrl":"https:\/\/www.univ-guyane.fr\/wp-content\/uploads\/Carrefour-alternance.jpg","width":1920,"height":1080},{"@type":"BreadcrumbList","@id":"https:\/\/www.univ-guyane.fr\/2025\/05\/19\/carrefour-de-lalternance-renforcer-les-liens-entre-universite-et-entreprises\/#breadcrumb","itemListElement":[{"@type":"ListItem","position":1,"name":"Accueil","item":"https:\/\/www.univ-guyane.fr\/"},{"@type":"ListItem","position":2,"name":"Carrefour de l\u2019alternance : renforcer les liens entre universit\u00e9 et entreprises"}]},{"@type":"WebSite","@id":"https:\/\/www.univ-guyane.fr\/#website","url":"https:\/\/www.univ-guyane.fr\/","name":"University of Guyana","description":"In the heart of Amazonia","publisher":{"@id":"https:\/\/www.univ-guyane.fr\/#organization"},"alternateName":"UG","potentialAction":[{"@type":"SearchAction","target":{"@type":"EntryPoint","urlTemplate":"https:\/\/www.univ-guyane.fr\/?s={search_term_string}"},"query-input":{"@type":"PropertyValueSpecification","valueRequired":true,"valueName":"search_term_string"}}],"inLanguage":"en-GB"},{"@type":"Organization","@id":"https:\/\/www.univ-guyane.fr\/#organization","name":"University of Guyana","alternateName":"UG","url":"https:\/\/www.univ-guyane.fr\/","logo":{"@type":"ImageObject","inLanguage":"en-GB","@id":"https:\/\/www.univ-guyane.fr\/#\/schema\/logo\/image\/","url":"https:\/\/www.univ-guyane.fr\/wp-content\/uploads\/2024\/05\/f.png","contentUrl":"https:\/\/www.univ-guyane.fr\/wp-content\/uploads\/2024\/05\/f.png","width":1024,"height":1024,"caption":"Universit\u00e9 de Guyane"},"image":{"@id":"https:\/\/www.univ-guyane.fr\/#\/schema\/logo\/image\/"},"sameAs":["https:\/\/www.facebook.com\/univguyane","https:\/\/x.com\/univguyane","https:\/\/gf.linkedin.com\/school\/universite-de-guyane\/","https:\/\/www.instagram.com\/univ_guyane\/"]},{"@type":"Person","@id":"https:\/\/www.univ-guyane.fr\/#\/schema\/person\/86d946a28a8be51bb096ccfdf19db179","name":"Erick Loiti\u00e8re","image":{"@type":"ImageObject","inLanguage":"en-GB","@id":"https:\/\/secure.gravatar.com\/avatar\/0584f332103fbeaf37e52c73b15dca3c547fd9300deb05764e9ad8714839d072?s=96&d=robohash&r=g","url":"https:\/\/secure.gravatar.com\/avatar\/0584f332103fbeaf37e52c73b15dca3c547fd9300deb05764e9ad8714839d072?s=96&d=robohash&r=g","contentUrl":"https:\/\/secure.gravatar.com\/avatar\/0584f332103fbeaf37e52c73b15dca3c547fd9300deb05764e9ad8714839d072?s=96&d=robohash&r=g","caption":"Erick Loiti\u00e8re"},"sameAs":["http:\/\/www.univ-guyane.fr"],"url":"https:\/\/www.univ-guyane.fr\/en\/author\/eloitierdbz\/"}]}},"_links":{"self":[{"href":"https:\/\/www.univ-guyane.fr\/en\/wp-json\/wp\/v2\/posts\/12772","targetHints":{"allow":["GET"]}}],"collection":[{"href":"https:\/\/www.univ-guyane.fr\/en\/wp-json\/wp\/v2\/posts"}],"about":[{"href":"https:\/\/www.univ-guyane.fr\/en\/wp-json\/wp\/v2\/types\/post"}],"author":[{"embeddable":true,"href":"https:\/\/www.univ-guyane.fr\/en\/wp-json\/wp\/v2\/users\/1"}],"replies":[{"embeddable":true,"href":"https:\/\/www.univ-guyane.fr\/en\/wp-json\/wp\/v2\/comments?post=12772"}],"version-history":[{"count":1,"href":"https:\/\/www.univ-guyane.fr\/en\/wp-json\/wp\/v2\/posts\/12772\/revisions"}],"predecessor-version":[{"id":12774,"href":"https:\/\/www.univ-guyane.fr\/en\/wp-json\/wp\/v2\/posts\/12772\/revisions\/12774"}],"wp:featuredmedia":[{"embeddable":true,"href":"https:\/\/www.univ-guyane.fr\/en\/wp-json\/wp\/v2\/media\/12773"}],"wp:attachment":[{"href":"https:\/\/www.univ-guyane.fr\/en\/wp-json\/wp\/v2\/media?parent=12772"}],"wp:term":[{"taxonomy":"category","embeddable":true,"href":"https:\/\/www.univ-guyane.fr\/en\/wp-json\/wp\/v2\/categories?post=12772"},{"taxonomy":"post_tag","embeddable":true,"href":"https:\/\/www.univ-guyane.fr\/en\/wp-json\/wp\/v2\/tags?post=12772"}],"curies":[{"name":"wp","href":"https:\/\/api.w.org\/{rel}","templated":true}]}}