{"id":14071,"date":"2026-03-13T09:28:45","date_gmt":"2026-03-13T12:28:45","guid":{"rendered":"https:\/\/www.univ-guyane.fr\/?p=14071"},"modified":"2026-03-13T09:28:45","modified_gmt":"2026-03-13T12:28:45","slug":"semaine-des-mathematiques-2026-universite-de-guyane-conferences-et-programme","status":"publish","type":"post","link":"https:\/\/www.univ-guyane.fr\/en\/2026\/03\/13\/semaine-des-mathematiques-2026-universite-de-guyane-conferences-et-programme\/","title":{"rendered":"University of Guyana Mathematics Week 2026: lectures and programme"},"content":{"rendered":"<div id=\"fws_69f17a76eeca2\"  data-column-margin=\"default\" data-midnight=\"dark\"  class=\"wpb_row vc_row-fluid vc_row\"  style=\"padding-top: 0px; padding-bottom: 0px; \"><div class=\"row-bg-wrap\" data-bg-animation=\"none\" data-bg-animation-delay=\"\" data-bg-overlay=\"false\"><div class=\"inner-wrap row-bg-layer\" ><div class=\"row-bg viewport-desktop\"  style=\"\"><\/div><\/div><\/div><div class=\"row_col_wrap_12 col span_12 dark left\">\n\t<div  class=\"vc_col-sm-12 wpb_column column_container vc_column_container col no-extra-padding inherit_tablet inherit_phone flex_gap_desktop_10px\"  data-padding-pos=\"all\" data-has-bg-color=\"false\" data-bg-color=\"\" data-bg-opacity=\"1\" data-animation=\"\" data-delay=\"0\" >\n\t\t<div class=\"vc_column-inner\" >\n\t\t\t<div class=\"wpb_wrapper\">\n\t\t\t\t\n<div class=\"wpb_text_column wpb_content_element  ug_chapo\" >\n\t<h2>Mathematics Week 2026 at the University of Guyana is taking place from 14 to 25 March on the theme of \u00abEqualities\u00bb. Three scientific conferences open to the public will be held in person and by videoconference to promote research and mathematical culture.<\/h2>\n<\/div>\n\n\n\n\n<div class=\"wpb_text_column wpb_content_element\" >\n\t<p>Every year, Mathematics Week celebrates mathematics through educational and scientific events. In 2026, the University of Guyana is playing an active part in this national initiative by offering several conferences open to the public.<\/p>\n<p>The 2026 edition runs from 14 to 25 March and focuses on the theme of \u00abEqualities\u00bb. This theme invites us to reflect on the fundamental role of equality in mathematical reasoning, but also on its applications in many scientific fields.<\/p>\n<p>On this occasion, lecturers and specialists will present their work and share their thoughts at conferences organised on campus. The lectures will be accessible both in person and by videoconference.<\/p>\n<h3>A 2026 theme focusing on equalities in mathematics<\/h3>\n<p>Equalities\u00ab is a central concept in mathematics. It enables us to understand the relationships between different expressions, structures or phenomena.<\/p>\n<p>An equality can express a mathematical identity, a logical equivalence or a structural relationship between mathematical objects. It is therefore at the heart of many scientific demonstrations and models.<\/p>\n<p>This theme also opens up interdisciplinary perspectives. It provides an opportunity to address issues relating to education, modelling and the analysis of natural phenomena.<\/p>\n<h3>Conference on 16 March 2026: Equalities in mathematics<\/h3>\n<p>The first lecture will take place on Monday 16 March 2026 from 2pm to 4pm (Guyana time). It will be led by Silv\u00e8re Paul NUIRO, HDR lecturer at the University of Guyana.<\/p>\n<p>Entitled \u00abEqualities in mathematics: identity, equivalence and structure\u00bb, this talk will offer an in-depth look at the notion of equality in mathematics.<\/p>\n<p>The conference will take place in amphitheatre A and will be accessible both face-to-face and remotely.<\/p>\n<h3>Conference on 17 March 2026: mental arithmetic practices<\/h3>\n<p>The second lecture will take place on Tuesday 17 March 2026, also from 2pm to 4pm. It will be presented by Manuel Gar\u00e7on, a doctor in mathematics and member of INSPE in Martinique.<\/p>\n<p>This talk will focus on \u00abMental arithmetic practices: a comparative analysis of Martinique and Senegal\u00bb. It will analyse the teaching methods used in different educational contexts.<\/p>\n<p>The aim is to gain a better understanding of strategies for learning mental arithmetic and their impact on academic success. The conference will be offered as a distance learning session and broadcast in amphitheatre A.<\/p>\n<h3>Conference on 19 March 2026: modelling and the environment<\/h3>\n<p>The third lecture will take place on Thursday 19 March 2026 from 2pm to 4pm. It will be led by Alain Pietrus, professor of mathematics at the University of Guyana.<\/p>\n<p>Her talk is entitled \u00abModelling the effects of human pressure and climate change on forest biomass\u00bb. She will discuss the use of mathematical models to analyse changes in forest ecosystems.<\/p>\n<p>This conference will illustrate how mathematics contributes to understanding environmental issues. It will take place in amphitheatre C and will be accessible both face-to-face and by videoconference.<\/p>\n<h3>A scientific event open to students and the public<\/h3>\n<p>Mathematics Week 2026 at the University of Guyana is aimed at students, teachers and anyone interested in scientific culture.<\/p>\n<p>The hybrid format makes it easy to take part in conferences, whether on campus or remotely. This accessibility means that mathematical knowledge can be disseminated more widely.<\/p>\n<p>In addition to the conferences, this event also helps to promote the scientific research being carried out in French Guiana and to encourage vocations in scientific disciplines.<\/p>\n<p>The University of Guyana's Mathematics Week 2026 will be highlighting the wealth of research and ideas around the theme of \u00abEqualities\u00bb. Through three conferences accessible in person and by videoconference, this event offers a scientific and educational look at mathematics. Students, teachers and science enthusiasts are invited to take part and discover how mathematics helps us to understand the world. Don't hesitate to attend the conferences to expand your knowledge and exchange ideas with researchers.<\/p>\n<\/div>\n\n\n\n\n\t\t\t<\/div> \n\t\t<\/div>\n\t<\/div> \n<\/div><\/div>\n\t\t<div id=\"fws_69f17a76ef1c6\"  data-column-margin=\"default\" data-midnight=\"dark\"  class=\"wpb_row vc_row-fluid vc_row\"  style=\"padding-top: 0px; padding-bottom: 0px; \"><div class=\"row-bg-wrap\" data-bg-animation=\"none\" data-bg-animation-delay=\"\" data-bg-overlay=\"false\"><div class=\"inner-wrap row-bg-layer\" ><div class=\"row-bg viewport-desktop\"  style=\"\"><\/div><\/div><\/div><div class=\"row_col_wrap_12 col span_12 dark left\">\n\t<div style=\"\" class=\"vc_col-sm-12 wpb_column column_container vc_column_container col left_padding_desktop_30px top_padding_desktop_30px right_padding_desktop_30px bottom_padding_desktop_30px flex_gap_desktop_10px\" data-using-bg=\"true\" data-border-radius=\"20px\" data-padding-pos=\"all\" data-has-bg-color=\"true\" data-bg-color=\"#f6edfb\" data-bg-opacity=\"1\" data-animation=\"\" data-delay=\"0\" >\n\t\t<div class=\"vc_column-inner\" ><div class=\"column-bg-overlay-wrap column-bg-layer\" data-bg-animation=\"none\"><div class=\"column-bg-overlay\" style=\"opacity: 1; background-color: #f6edfb;\"><\/div><\/div>\n\t\t\t<div class=\"wpb_wrapper\">\n\t\t\t\t\n<div class=\"wpb_text_column wpb_content_element\" >\n\t<p><strong>What is Maths Week 2026?<\/strong><br \/>\nMathematics Week 2026 is a national event designed to promote mathematical culture. It runs from 14 to 25 March and features conferences, workshops and scientific meetings.<\/p>\n<p><strong>What is the theme of Mathematics Week 2026?<\/strong><br \/>\nThe theme chosen for 2026 is \u00abEqualities\u00bb. It invites us to explore the role of equality in mathematical reasoning and in various scientific applications.<\/p>\n<p><strong>Where do conferences take place at the University of Guyana?<\/strong><br \/>\nThe conferences take place in amphitheatres A and C at the University of Guyana. They can also be accessed by videoconference to enable remote participation.<\/p>\n<p><strong>Who can attend the conferences?<\/strong><br \/>\nThe lectures are open to students, teachers and the general public. Anyone with an interest in mathematics or science is welcome to attend.<\/p>\n<p><strong>How many conferences are on offer during the event?<\/strong><br \/>\nThe University of Guyana is offering three scientific conferences on 16, 17 and 19 March 2026. They cover a wide range of topics, from mathematical concepts to environmental applications.<\/p>\n<p><strong>Why take part in Mathematics Week 2026 at the University of Guyana?<\/strong><br \/>\nTaking part in this event is an opportunity to discover research work, gain a better understanding of the applications of mathematics and talk to specialist researchers and teachers.<\/p>\n<\/div>\n\n\n\n\n\t\t\t<\/div> \n\t\t<\/div>\n\t<\/div> \n<\/div><\/div>","protected":false},"excerpt":{"rendered":"Mathematics Week 2026 at the University of Guyana runs from 14 to 25 March...","protected":false},"author":1,"featured_media":14072,"comment_status":"closed","ping_status":"open","sticky":false,"template":"","format":"standard","meta":{"iawp_total_views":63,"footnotes":""},"categories":[9],"tags":[334],"class_list":{"0":"post-14071","1":"post","2":"type-post","3":"status-publish","4":"format-standard","5":"has-post-thumbnail","7":"category-st","8":"tag-mathematiques"},"yoast_head":"<!-- This site is optimized with the Yoast SEO plugin v27.5 - https:\/\/yoast.com\/product\/yoast-seo-wordpress\/ -->\n<title>Semaine des Math\u00e9matiques 2026 universit\u00e9 de Guyane : conf\u00e9rences et programme &#8212; Universit\u00e9 de Guyane<\/title>\n<meta name=\"description\" content=\"La semaine des Math\u00e9matiques 2026 universit\u00e9 de Guyane propose trois conf\u00e9rences sur le th\u00e8me \u00ab Les \u00e9galit\u00e9s \u00bb, du 16 au 19 mars, en pr\u00e9sentiel et visioconf\u00e9rence.\" \/>\n<meta name=\"robots\" content=\"index, follow, max-snippet:-1, max-image-preview:large, max-video-preview:-1\" \/>\n<link rel=\"canonical\" href=\"https:\/\/www.univ-guyane.fr\/en\/2026\/03\/13\/semaine-des-mathematiques-2026-universite-de-guyane-conferences-et-programme\/\" \/>\n<meta property=\"og:locale\" content=\"en_GB\" \/>\n<meta property=\"og:type\" content=\"article\" \/>\n<meta property=\"og:title\" content=\"Semaine des Math\u00e9matiques 2026 universit\u00e9 de Guyane : conf\u00e9rences et programme &#8212; Universit\u00e9 de Guyane\" \/>\n<meta property=\"og:description\" content=\"La semaine des Math\u00e9matiques 2026 universit\u00e9 de Guyane propose trois conf\u00e9rences sur le th\u00e8me \u00ab Les \u00e9galit\u00e9s \u00bb, du 16 au 19 mars, en pr\u00e9sentiel et visioconf\u00e9rence.\" \/>\n<meta property=\"og:url\" content=\"https:\/\/www.univ-guyane.fr\/en\/2026\/03\/13\/semaine-des-mathematiques-2026-universite-de-guyane-conferences-et-programme\/\" \/>\n<meta property=\"og:site_name\" content=\"Universit\u00e9 de Guyane\" \/>\n<meta property=\"article:publisher\" content=\"https:\/\/www.facebook.com\/univguyane\" \/>\n<meta property=\"article:published_time\" content=\"2026-03-13T12:28:45+00:00\" \/>\n<meta property=\"og:image\" content=\"https:\/\/www.univ-guyane.fr\/wp-content\/uploads\/semaine-des-mathematiques-2026-conferences-et-programme-universite-de-guyane.jpg\" \/>\n\t<meta property=\"og:image:width\" content=\"1920\" \/>\n\t<meta property=\"og:image:height\" content=\"1280\" \/>\n\t<meta property=\"og:image:type\" content=\"image\/jpeg\" \/>\n<meta name=\"author\" content=\"Erick Loiti\u00e8re\" \/>\n<meta name=\"twitter:card\" content=\"summary_large_image\" \/>\n<meta name=\"twitter:creator\" content=\"@univguyane\" \/>\n<meta name=\"twitter:site\" content=\"@univguyane\" \/>\n<meta name=\"twitter:label1\" content=\"Written by\" \/>\n\t<meta name=\"twitter:data1\" content=\"Erick Loiti\u00e8re\" \/>\n\t<meta name=\"twitter:label2\" content=\"Estimated reading time\" \/>\n\t<meta name=\"twitter:data2\" content=\"5 minutes\" \/>\n<script type=\"application\/ld+json\" class=\"yoast-schema-graph\">{\"@context\":\"https:\\\/\\\/schema.org\",\"@graph\":[{\"@type\":\"Article\",\"@id\":\"https:\\\/\\\/www.univ-guyane.fr\\\/2026\\\/03\\\/13\\\/semaine-des-mathematiques-2026-universite-de-guyane-conferences-et-programme\\\/#article\",\"isPartOf\":{\"@id\":\"https:\\\/\\\/www.univ-guyane.fr\\\/2026\\\/03\\\/13\\\/semaine-des-mathematiques-2026-universite-de-guyane-conferences-et-programme\\\/\"},\"author\":{\"name\":\"Erick Loiti\u00e8re\",\"@id\":\"https:\\\/\\\/www.univ-guyane.fr\\\/#\\\/schema\\\/person\\\/86d946a28a8be51bb096ccfdf19db179\"},\"headline\":\"Semaine des Math\u00e9matiques 2026 universit\u00e9 de Guyane : conf\u00e9rences et programme\",\"datePublished\":\"2026-03-13T12:28:45+00:00\",\"mainEntityOfPage\":{\"@id\":\"https:\\\/\\\/www.univ-guyane.fr\\\/2026\\\/03\\\/13\\\/semaine-des-mathematiques-2026-universite-de-guyane-conferences-et-programme\\\/\"},\"wordCount\":1414,\"publisher\":{\"@id\":\"https:\\\/\\\/www.univ-guyane.fr\\\/#organization\"},\"image\":{\"@id\":\"https:\\\/\\\/www.univ-guyane.fr\\\/2026\\\/03\\\/13\\\/semaine-des-mathematiques-2026-universite-de-guyane-conferences-et-programme\\\/#primaryimage\"},\"thumbnailUrl\":\"https:\\\/\\\/www.univ-guyane.fr\\\/wp-content\\\/uploads\\\/semaine-des-mathematiques-2026-conferences-et-programme-universite-de-guyane.jpg\",\"keywords\":[\"Math\u00e9matiques\"],\"articleSection\":[\"\u2022 ST\"],\"inLanguage\":\"en-GB\"},{\"@type\":\"WebPage\",\"@id\":\"https:\\\/\\\/www.univ-guyane.fr\\\/2026\\\/03\\\/13\\\/semaine-des-mathematiques-2026-universite-de-guyane-conferences-et-programme\\\/\",\"url\":\"https:\\\/\\\/www.univ-guyane.fr\\\/2026\\\/03\\\/13\\\/semaine-des-mathematiques-2026-universite-de-guyane-conferences-et-programme\\\/\",\"name\":\"Semaine des Math\u00e9matiques 2026 universit\u00e9 de Guyane : conf\u00e9rences et programme &#8212; Universit\u00e9 de Guyane\",\"isPartOf\":{\"@id\":\"https:\\\/\\\/www.univ-guyane.fr\\\/#website\"},\"primaryImageOfPage\":{\"@id\":\"https:\\\/\\\/www.univ-guyane.fr\\\/2026\\\/03\\\/13\\\/semaine-des-mathematiques-2026-universite-de-guyane-conferences-et-programme\\\/#primaryimage\"},\"image\":{\"@id\":\"https:\\\/\\\/www.univ-guyane.fr\\\/2026\\\/03\\\/13\\\/semaine-des-mathematiques-2026-universite-de-guyane-conferences-et-programme\\\/#primaryimage\"},\"thumbnailUrl\":\"https:\\\/\\\/www.univ-guyane.fr\\\/wp-content\\\/uploads\\\/semaine-des-mathematiques-2026-conferences-et-programme-universite-de-guyane.jpg\",\"datePublished\":\"2026-03-13T12:28:45+00:00\",\"description\":\"La semaine des Math\u00e9matiques 2026 universit\u00e9 de Guyane propose trois conf\u00e9rences sur le th\u00e8me \u00ab Les \u00e9galit\u00e9s \u00bb, du 16 au 19 mars, en pr\u00e9sentiel et visioconf\u00e9rence.\",\"breadcrumb\":{\"@id\":\"https:\\\/\\\/www.univ-guyane.fr\\\/2026\\\/03\\\/13\\\/semaine-des-mathematiques-2026-universite-de-guyane-conferences-et-programme\\\/#breadcrumb\"},\"inLanguage\":\"en-GB\",\"potentialAction\":[{\"@type\":\"ReadAction\",\"target\":[\"https:\\\/\\\/www.univ-guyane.fr\\\/2026\\\/03\\\/13\\\/semaine-des-mathematiques-2026-universite-de-guyane-conferences-et-programme\\\/\"]}]},{\"@type\":\"ImageObject\",\"inLanguage\":\"en-GB\",\"@id\":\"https:\\\/\\\/www.univ-guyane.fr\\\/2026\\\/03\\\/13\\\/semaine-des-mathematiques-2026-universite-de-guyane-conferences-et-programme\\\/#primaryimage\",\"url\":\"https:\\\/\\\/www.univ-guyane.fr\\\/wp-content\\\/uploads\\\/semaine-des-mathematiques-2026-conferences-et-programme-universite-de-guyane.jpg\",\"contentUrl\":\"https:\\\/\\\/www.univ-guyane.fr\\\/wp-content\\\/uploads\\\/semaine-des-mathematiques-2026-conferences-et-programme-universite-de-guyane.jpg\",\"width\":1920,\"height\":1280,\"caption\":\"Conf\u00e9rences de la semaine des Math\u00e9matiques 2026 universit\u00e9 de Guyane en amphith\u00e9\u00e2tre\"},{\"@type\":\"BreadcrumbList\",\"@id\":\"https:\\\/\\\/www.univ-guyane.fr\\\/2026\\\/03\\\/13\\\/semaine-des-mathematiques-2026-universite-de-guyane-conferences-et-programme\\\/#breadcrumb\",\"itemListElement\":[{\"@type\":\"ListItem\",\"position\":1,\"name\":\"Accueil\",\"item\":\"https:\\\/\\\/www.univ-guyane.fr\\\/\"},{\"@type\":\"ListItem\",\"position\":2,\"name\":\"Semaine des Math\u00e9matiques 2026 universit\u00e9 de Guyane : conf\u00e9rences et programme\"}]},{\"@type\":\"WebSite\",\"@id\":\"https:\\\/\\\/www.univ-guyane.fr\\\/#website\",\"url\":\"https:\\\/\\\/www.univ-guyane.fr\\\/\",\"name\":\"Universit\u00e9 de Guyane\",\"description\":\"Au c\u0153ur de l&#039;amazonie\",\"publisher\":{\"@id\":\"https:\\\/\\\/www.univ-guyane.fr\\\/#organization\"},\"alternateName\":\"UG\",\"potentialAction\":[{\"@type\":\"SearchAction\",\"target\":{\"@type\":\"EntryPoint\",\"urlTemplate\":\"https:\\\/\\\/www.univ-guyane.fr\\\/?s={search_term_string}\"},\"query-input\":{\"@type\":\"PropertyValueSpecification\",\"valueRequired\":true,\"valueName\":\"search_term_string\"}}],\"inLanguage\":\"en-GB\"},{\"@type\":\"Organization\",\"@id\":\"https:\\\/\\\/www.univ-guyane.fr\\\/#organization\",\"name\":\"Universit\u00e9 de Guyane\",\"alternateName\":\"UG\",\"url\":\"https:\\\/\\\/www.univ-guyane.fr\\\/\",\"logo\":{\"@type\":\"ImageObject\",\"inLanguage\":\"en-GB\",\"@id\":\"https:\\\/\\\/www.univ-guyane.fr\\\/#\\\/schema\\\/logo\\\/image\\\/\",\"url\":\"https:\\\/\\\/www.univ-guyane.fr\\\/wp-content\\\/uploads\\\/2024\\\/05\\\/f.png\",\"contentUrl\":\"https:\\\/\\\/www.univ-guyane.fr\\\/wp-content\\\/uploads\\\/2024\\\/05\\\/f.png\",\"width\":1024,\"height\":1024,\"caption\":\"Universit\u00e9 de Guyane\"},\"image\":{\"@id\":\"https:\\\/\\\/www.univ-guyane.fr\\\/#\\\/schema\\\/logo\\\/image\\\/\"},\"sameAs\":[\"https:\\\/\\\/www.facebook.com\\\/univguyane\",\"https:\\\/\\\/x.com\\\/univguyane\",\"https:\\\/\\\/gf.linkedin.com\\\/school\\\/universite-de-guyane\\\/\",\"https:\\\/\\\/www.instagram.com\\\/univ_guyane\\\/\"]},{\"@type\":\"Person\",\"@id\":\"https:\\\/\\\/www.univ-guyane.fr\\\/#\\\/schema\\\/person\\\/86d946a28a8be51bb096ccfdf19db179\",\"name\":\"Erick Loiti\u00e8re\",\"image\":{\"@type\":\"ImageObject\",\"inLanguage\":\"en-GB\",\"@id\":\"https:\\\/\\\/secure.gravatar.com\\\/avatar\\\/0584f332103fbeaf37e52c73b15dca3c547fd9300deb05764e9ad8714839d072?s=96&d=robohash&r=g\",\"url\":\"https:\\\/\\\/secure.gravatar.com\\\/avatar\\\/0584f332103fbeaf37e52c73b15dca3c547fd9300deb05764e9ad8714839d072?s=96&d=robohash&r=g\",\"contentUrl\":\"https:\\\/\\\/secure.gravatar.com\\\/avatar\\\/0584f332103fbeaf37e52c73b15dca3c547fd9300deb05764e9ad8714839d072?s=96&d=robohash&r=g\",\"caption\":\"Erick Loiti\u00e8re\"},\"sameAs\":[\"http:\\\/\\\/www.univ-guyane.fr\"],\"url\":\"https:\\\/\\\/www.univ-guyane.fr\\\/en\\\/author\\\/eloitierdbz\\\/\"}]}<\/script>\n<!-- \/ Yoast SEO plugin. -->","yoast_head_json":{"title":"Mathematics Week 2026 at the University of Guyana: lectures and programme - University of Guyana","description":"The University of Guyana's Mathematics Week 2026 is offering three lectures on the theme of \u00abEqualities\u00bb, from 16 to 19 March, both face-to-face and by videoconference.","robots":{"index":"index","follow":"follow","max-snippet":"max-snippet:-1","max-image-preview":"max-image-preview:large","max-video-preview":"max-video-preview:-1"},"canonical":"https:\/\/www.univ-guyane.fr\/en\/2026\/03\/13\/semaine-des-mathematiques-2026-universite-de-guyane-conferences-et-programme\/","og_locale":"en_GB","og_type":"article","og_title":"Semaine des Math\u00e9matiques 2026 universit\u00e9 de Guyane : conf\u00e9rences et programme &#8212; Universit\u00e9 de Guyane","og_description":"La semaine des Math\u00e9matiques 2026 universit\u00e9 de Guyane propose trois conf\u00e9rences sur le th\u00e8me \u00ab Les \u00e9galit\u00e9s \u00bb, du 16 au 19 mars, en pr\u00e9sentiel et visioconf\u00e9rence.","og_url":"https:\/\/www.univ-guyane.fr\/en\/2026\/03\/13\/semaine-des-mathematiques-2026-universite-de-guyane-conferences-et-programme\/","og_site_name":"Universit\u00e9 de Guyane","article_publisher":"https:\/\/www.facebook.com\/univguyane","article_published_time":"2026-03-13T12:28:45+00:00","og_image":[{"width":1920,"height":1280,"url":"https:\/\/www.univ-guyane.fr\/wp-content\/uploads\/semaine-des-mathematiques-2026-conferences-et-programme-universite-de-guyane.jpg","type":"image\/jpeg"}],"author":"Erick Loiti\u00e8re","twitter_card":"summary_large_image","twitter_creator":"@univguyane","twitter_site":"@univguyane","twitter_misc":{"Written by":"Erick Loiti\u00e8re","Estimated reading time":"5 minutes"},"schema":{"@context":"https:\/\/schema.org","@graph":[{"@type":"Article","@id":"https:\/\/www.univ-guyane.fr\/2026\/03\/13\/semaine-des-mathematiques-2026-universite-de-guyane-conferences-et-programme\/#article","isPartOf":{"@id":"https:\/\/www.univ-guyane.fr\/2026\/03\/13\/semaine-des-mathematiques-2026-universite-de-guyane-conferences-et-programme\/"},"author":{"name":"Erick Loiti\u00e8re","@id":"https:\/\/www.univ-guyane.fr\/#\/schema\/person\/86d946a28a8be51bb096ccfdf19db179"},"headline":"Semaine des Math\u00e9matiques 2026 universit\u00e9 de Guyane : conf\u00e9rences et programme","datePublished":"2026-03-13T12:28:45+00:00","mainEntityOfPage":{"@id":"https:\/\/www.univ-guyane.fr\/2026\/03\/13\/semaine-des-mathematiques-2026-universite-de-guyane-conferences-et-programme\/"},"wordCount":1414,"publisher":{"@id":"https:\/\/www.univ-guyane.fr\/#organization"},"image":{"@id":"https:\/\/www.univ-guyane.fr\/2026\/03\/13\/semaine-des-mathematiques-2026-universite-de-guyane-conferences-et-programme\/#primaryimage"},"thumbnailUrl":"https:\/\/www.univ-guyane.fr\/wp-content\/uploads\/semaine-des-mathematiques-2026-conferences-et-programme-universite-de-guyane.jpg","keywords":["Math\u00e9matiques"],"articleSection":["\u2022 ST"],"inLanguage":"en-GB"},{"@type":"WebPage","@id":"https:\/\/www.univ-guyane.fr\/2026\/03\/13\/semaine-des-mathematiques-2026-universite-de-guyane-conferences-et-programme\/","url":"https:\/\/www.univ-guyane.fr\/2026\/03\/13\/semaine-des-mathematiques-2026-universite-de-guyane-conferences-et-programme\/","name":"Mathematics Week 2026 at the University of Guyana: lectures and programme - University of Guyana","isPartOf":{"@id":"https:\/\/www.univ-guyane.fr\/#website"},"primaryImageOfPage":{"@id":"https:\/\/www.univ-guyane.fr\/2026\/03\/13\/semaine-des-mathematiques-2026-universite-de-guyane-conferences-et-programme\/#primaryimage"},"image":{"@id":"https:\/\/www.univ-guyane.fr\/2026\/03\/13\/semaine-des-mathematiques-2026-universite-de-guyane-conferences-et-programme\/#primaryimage"},"thumbnailUrl":"https:\/\/www.univ-guyane.fr\/wp-content\/uploads\/semaine-des-mathematiques-2026-conferences-et-programme-universite-de-guyane.jpg","datePublished":"2026-03-13T12:28:45+00:00","description":"The University of Guyana's Mathematics Week 2026 is offering three lectures on the theme of \u00abEqualities\u00bb, from 16 to 19 March, both face-to-face and by videoconference.","breadcrumb":{"@id":"https:\/\/www.univ-guyane.fr\/2026\/03\/13\/semaine-des-mathematiques-2026-universite-de-guyane-conferences-et-programme\/#breadcrumb"},"inLanguage":"en-GB","potentialAction":[{"@type":"ReadAction","target":["https:\/\/www.univ-guyane.fr\/2026\/03\/13\/semaine-des-mathematiques-2026-universite-de-guyane-conferences-et-programme\/"]}]},{"@type":"ImageObject","inLanguage":"en-GB","@id":"https:\/\/www.univ-guyane.fr\/2026\/03\/13\/semaine-des-mathematiques-2026-universite-de-guyane-conferences-et-programme\/#primaryimage","url":"https:\/\/www.univ-guyane.fr\/wp-content\/uploads\/semaine-des-mathematiques-2026-conferences-et-programme-universite-de-guyane.jpg","contentUrl":"https:\/\/www.univ-guyane.fr\/wp-content\/uploads\/semaine-des-mathematiques-2026-conferences-et-programme-universite-de-guyane.jpg","width":1920,"height":1280,"caption":"Conf\u00e9rences de la semaine des Math\u00e9matiques 2026 universit\u00e9 de Guyane en amphith\u00e9\u00e2tre"},{"@type":"BreadcrumbList","@id":"https:\/\/www.univ-guyane.fr\/2026\/03\/13\/semaine-des-mathematiques-2026-universite-de-guyane-conferences-et-programme\/#breadcrumb","itemListElement":[{"@type":"ListItem","position":1,"name":"Accueil","item":"https:\/\/www.univ-guyane.fr\/"},{"@type":"ListItem","position":2,"name":"Semaine des Math\u00e9matiques 2026 universit\u00e9 de Guyane : conf\u00e9rences et programme"}]},{"@type":"WebSite","@id":"https:\/\/www.univ-guyane.fr\/#website","url":"https:\/\/www.univ-guyane.fr\/","name":"University of Guyana","description":"In the heart of Amazonia","publisher":{"@id":"https:\/\/www.univ-guyane.fr\/#organization"},"alternateName":"UG","potentialAction":[{"@type":"SearchAction","target":{"@type":"EntryPoint","urlTemplate":"https:\/\/www.univ-guyane.fr\/?s={search_term_string}"},"query-input":{"@type":"PropertyValueSpecification","valueRequired":true,"valueName":"search_term_string"}}],"inLanguage":"en-GB"},{"@type":"Organization","@id":"https:\/\/www.univ-guyane.fr\/#organization","name":"University of Guyana","alternateName":"UG","url":"https:\/\/www.univ-guyane.fr\/","logo":{"@type":"ImageObject","inLanguage":"en-GB","@id":"https:\/\/www.univ-guyane.fr\/#\/schema\/logo\/image\/","url":"https:\/\/www.univ-guyane.fr\/wp-content\/uploads\/2024\/05\/f.png","contentUrl":"https:\/\/www.univ-guyane.fr\/wp-content\/uploads\/2024\/05\/f.png","width":1024,"height":1024,"caption":"Universit\u00e9 de Guyane"},"image":{"@id":"https:\/\/www.univ-guyane.fr\/#\/schema\/logo\/image\/"},"sameAs":["https:\/\/www.facebook.com\/univguyane","https:\/\/x.com\/univguyane","https:\/\/gf.linkedin.com\/school\/universite-de-guyane\/","https:\/\/www.instagram.com\/univ_guyane\/"]},{"@type":"Person","@id":"https:\/\/www.univ-guyane.fr\/#\/schema\/person\/86d946a28a8be51bb096ccfdf19db179","name":"Erick Loiti\u00e8re","image":{"@type":"ImageObject","inLanguage":"en-GB","@id":"https:\/\/secure.gravatar.com\/avatar\/0584f332103fbeaf37e52c73b15dca3c547fd9300deb05764e9ad8714839d072?s=96&d=robohash&r=g","url":"https:\/\/secure.gravatar.com\/avatar\/0584f332103fbeaf37e52c73b15dca3c547fd9300deb05764e9ad8714839d072?s=96&d=robohash&r=g","contentUrl":"https:\/\/secure.gravatar.com\/avatar\/0584f332103fbeaf37e52c73b15dca3c547fd9300deb05764e9ad8714839d072?s=96&d=robohash&r=g","caption":"Erick Loiti\u00e8re"},"sameAs":["http:\/\/www.univ-guyane.fr"],"url":"https:\/\/www.univ-guyane.fr\/en\/author\/eloitierdbz\/"}]}},"_links":{"self":[{"href":"https:\/\/www.univ-guyane.fr\/en\/wp-json\/wp\/v2\/posts\/14071","targetHints":{"allow":["GET"]}}],"collection":[{"href":"https:\/\/www.univ-guyane.fr\/en\/wp-json\/wp\/v2\/posts"}],"about":[{"href":"https:\/\/www.univ-guyane.fr\/en\/wp-json\/wp\/v2\/types\/post"}],"author":[{"embeddable":true,"href":"https:\/\/www.univ-guyane.fr\/en\/wp-json\/wp\/v2\/users\/1"}],"replies":[{"embeddable":true,"href":"https:\/\/www.univ-guyane.fr\/en\/wp-json\/wp\/v2\/comments?post=14071"}],"version-history":[{"count":1,"href":"https:\/\/www.univ-guyane.fr\/en\/wp-json\/wp\/v2\/posts\/14071\/revisions"}],"predecessor-version":[{"id":14073,"href":"https:\/\/www.univ-guyane.fr\/en\/wp-json\/wp\/v2\/posts\/14071\/revisions\/14073"}],"wp:featuredmedia":[{"embeddable":true,"href":"https:\/\/www.univ-guyane.fr\/en\/wp-json\/wp\/v2\/media\/14072"}],"wp:attachment":[{"href":"https:\/\/www.univ-guyane.fr\/en\/wp-json\/wp\/v2\/media?parent=14071"}],"wp:term":[{"taxonomy":"category","embeddable":true,"href":"https:\/\/www.univ-guyane.fr\/en\/wp-json\/wp\/v2\/categories?post=14071"},{"taxonomy":"post_tag","embeddable":true,"href":"https:\/\/www.univ-guyane.fr\/en\/wp-json\/wp\/v2\/tags?post=14071"}],"curies":[{"name":"wp","href":"https:\/\/api.w.org\/{rel}","templated":true}]}}