{"id":6714,"date":"2023-10-23T08:59:06","date_gmt":"2023-10-23T11:59:06","guid":{"rendered":"https:\/\/www.univ-guyane.fr\/?p=6714"},"modified":"2024-07-12T13:25:39","modified_gmt":"2024-07-12T16:25:39","slug":"joseph-belbrun-etudiant-en-master-societes-et-interculturalite-et-vice-president-etudiant","status":"publish","type":"post","link":"https:\/\/www.univ-guyane.fr\/en\/2023\/10\/23\/joseph-belbrun-etudiant-en-master-societes-et-interculturalite-et-vice-president-etudiant\/","title":{"rendered":"Joseph BELBRUN, master's student in societies and interculturality and student vice-president"},"content":{"rendered":"<div id=\"fws_69f3a12162414\"  data-column-margin=\"default\" data-midnight=\"dark\"  class=\"wpb_row vc_row-fluid vc_row\"  style=\"padding-top: 0px; padding-bottom: 0px; \"><div class=\"row-bg-wrap\" data-bg-animation=\"none\" data-bg-animation-delay=\"\" data-bg-overlay=\"false\"><div class=\"inner-wrap row-bg-layer\" ><div class=\"row-bg viewport-desktop\"  style=\"\"><\/div><\/div><\/div><div class=\"row_col_wrap_12 col span_12 dark left\">\n\t<div  class=\"vc_col-sm-12 wpb_column column_container vc_column_container col no-extra-padding inherit_tablet inherit_phone\"  data-padding-pos=\"all\" data-has-bg-color=\"false\" data-bg-color=\"\" data-bg-opacity=\"1\" data-animation=\"\" data-delay=\"0\" >\n\t\t<div class=\"vc_column-inner\" >\n\t\t\t<div class=\"wpb_wrapper\">\n\t\t\t\t\n<div class=\"wpb_text_column wpb_content_element  chapo\" >\n\t<h2>Joseph BELBRUN, a master's student in society and interculturality at the University of Guyana and currently student vice-president, shares his experience and his role as an elected representative. One of the many responsibilities he assumes.<\/h2>\n<\/div>\n\n\n\n\n<div class=\"wpb_text_column wpb_content_element\" >\n\t<h3>Can you introduce yourself in a few words?<\/h3>\n<p>I have a Master's degree in Law. I'm currently doing a Masters in Society and Interculturalism. I find this course very interesting because it gives us a different perspective on French Guyana and the people who make it up. It also complements my law studies to a certain extent. If you want to be a good lawyer in French Guiana, you need to be able to understand the different populations and their individual characteristics.<\/p>\n<h3>Why the University of Guyana?<\/h3>\n<p>I chose the University of Guyana for my studies because I wanted an environment on a human scale, with accessible teaching and a healthy atmosphere between students. The University of French Guyana also offered me training that was adapted to the needs of the region, so that I could be connected to the world of work.<\/p>\n<hr \/>\n<p><em><strong>A look back at your role as Student VP<\/strong><\/em><\/p>\n<h3>Why did you choose to become VP Students and what are the main projects you would like to carry out during your term of office?<\/h3>\n<p>Becoming a student vice-president came naturally to me, with the support of my fellow students and a large part of the university community. For me, it's an important commitment that I place at the heart of my university career. I have the opportunity, alongside all the students, to have a positive impact on our university environment and to ensure that the concerns of Guyanese students are taken into greater account at both local and national level. I hope that my term of office will help to build a positive image of Guyanese students, who are capable of getting involved in causes that are close to their hearts, and who have a vision for their university, particularly with regard to the creation of an autonomous CROUS Guyane that is exclusively at the service of Guyanese students.<\/p>\n<p>During my term of office, I would like to help develop the university community. I would like every student to develop their potential and use the voluntary sector to express their ideas and passions.<\/p>\n<p>My ambition is also to set up a solidarity grocery shop (on campus or nearby) dedicated exclusively to students. The idea is for this to be a student-run structure, which will enable us to demonstrate our expertise and proudly develop solidarity between students.<\/p>\n<h3>If you had to describe the ambition of your mandate in three words, which would you choose? Why or why not?<\/h3>\n<p>The three words that best describe my mandate are: awareness, consultation and conviction. As a student at the end of my university career, I feel a responsibility to pass on to the new arrivals an enlightened understanding of student issues and the development of the University of Guyana within its environment.<\/p>\n<p>My ambition is for every student to understand that for collective success, it is essential to become a committed player rather than a mere spectator. That's why it's important to get actively involved in making a positive difference to campus life.<\/p>\n<hr \/>\n<p><em><strong>A student commitment!<\/strong><\/em><\/p>\n<h3>In your opinion, what are your main responsibilities towards the students at the University of Guyana?<\/h3>\n<p>The Vice-President is a representative elected by the university's student body. My main role is to act as a link between students and the university administration. My role is to listen to the needs, concerns and ideas of all students, whatever their DFR, course of study or level of study. In practical terms, this means that I take part in the University's decision-making bodies (such as the Academic Board and various committees) in order to represent students' interests, voice our concerns and ensure that university policies are in line with our needs. I also work closely with the university administration to resolve academic problems, facilitate administrative procedures and respond to students' specific needs. This may include issues relating to tuition, resource management or the coordination of cultural and community events.<\/p>\n<hr \/>\n<p><em><strong>Many hats!<\/strong><\/em><\/p>\n<h3>You also wear another hat, that of President of the student associations. What does this job entail?<\/h3>\n<p>The key aspect of my role is to support student associations.<\/p>\n<p>To achieve this objective, the majority of student association presidents and I created APA\u00c9, the \"Assembl\u00e9e des Pr\u00e9sidents d'Associations \u00c9tudiantes de l'Universit\u00e9 de Guyane\", of which I am now President.<\/p>\n<p>This tool is there to support associations in carrying out their projects, to help them turn their ideas into reality and to put them in touch with the appropriate contacts within the university.<\/p>\n<p>This association is of particular importance to me, as my role is to ensure that it endures and is passed on to each new generation of committed students.<\/p>\n<p>I'm very proud of the creation of APA\u00c9, because it's a collaborative project developed by students for students.<\/p>\n<\/div>\n\n\n\n\n<div class=\"wpb_text_column wpb_content_element  vc_custom_1716087925201\" >\n\t<h3>About Joseph BELBRUN<\/h3>\n<p>A student on a master's degree in society and interculturality at the University of Guyana, and currently student vice-president, shares his experience and his role as an elected representative. One of the many responsibilities he assumes.<\/p>\n<\/div>\n\n\n\n\n\t\t\t<\/div> \n\t\t<\/div>\n\t<\/div> \n<\/div><\/div>","protected":false},"excerpt":{"rendered":"Joseph BELBRUN, a master's student in society and interculturality at the University of Guyana and currently vice-president of the...","protected":false},"author":1,"featured_media":6715,"comment_status":"closed","ping_status":"open","sticky":false,"template":"","format":"standard","meta":{"iawp_total_views":111,"footnotes":""},"categories":[196],"tags":[197,201],"class_list":{"0":"post-6714","1":"post","2":"type-post","3":"status-publish","4":"format-standard","5":"has-post-thumbnail","7":"category-portraits","8":"tag-portraits","9":"tag-vp-etudiant"},"yoast_head":"<!-- This site is optimized with the Yoast SEO plugin v27.5 - https:\/\/yoast.com\/product\/yoast-seo-wordpress\/ -->\n<title>Joseph BELBRUN, \u00e9tudiant en master soci\u00e9t\u00e9s et interculturalit\u00e9 et vice-pr\u00e9sident \u00e9tudiant &#8212; Universit\u00e9 de Guyane<\/title>\n<meta name=\"robots\" content=\"index, follow, max-snippet:-1, max-image-preview:large, max-video-preview:-1\" \/>\n<link rel=\"canonical\" href=\"https:\/\/www.univ-guyane.fr\/en\/2023\/10\/23\/joseph-belbrun-etudiant-en-master-societes-et-interculturalite-et-vice-president-etudiant\/\" \/>\n<meta property=\"og:locale\" content=\"en_GB\" \/>\n<meta property=\"og:type\" content=\"article\" \/>\n<meta property=\"og:title\" content=\"Joseph BELBRUN, \u00e9tudiant en master soci\u00e9t\u00e9s et interculturalit\u00e9 et vice-pr\u00e9sident \u00e9tudiant &#8212; Universit\u00e9 de Guyane\" \/>\n<meta property=\"og:url\" content=\"https:\/\/www.univ-guyane.fr\/en\/2023\/10\/23\/joseph-belbrun-etudiant-en-master-societes-et-interculturalite-et-vice-president-etudiant\/\" \/>\n<meta property=\"og:site_name\" content=\"Universit\u00e9 de Guyane\" \/>\n<meta property=\"article:publisher\" content=\"https:\/\/www.facebook.com\/univguyane\" \/>\n<meta property=\"article:published_time\" content=\"2023-10-23T11:59:06+00:00\" \/>\n<meta property=\"article:modified_time\" content=\"2024-07-12T16:25:39+00:00\" \/>\n<meta property=\"og:image\" content=\"https:\/\/www.univ-guyane.fr\/wp-content\/uploads\/portrait-joesph-belbrun-etudiant-en-master-societes-et-interculturalite-a-l-universite-de-guyane-et-actuellement-vice-president-etudiant-universite-de-guyane.jpg\" \/>\n\t<meta property=\"og:image:width\" content=\"1800\" \/>\n\t<meta property=\"og:image:height\" content=\"1013\" \/>\n\t<meta property=\"og:image:type\" content=\"image\/jpeg\" \/>\n<meta name=\"author\" content=\"Erick Loiti\u00e8re\" \/>\n<meta name=\"twitter:card\" content=\"summary_large_image\" \/>\n<meta name=\"twitter:creator\" content=\"@univguyane\" \/>\n<meta name=\"twitter:site\" content=\"@univguyane\" \/>\n<meta name=\"twitter:label1\" content=\"Written by\" \/>\n\t<meta name=\"twitter:data1\" content=\"Erick Loiti\u00e8re\" \/>\n\t<meta name=\"twitter:label2\" content=\"Estimated reading time\" \/>\n\t<meta name=\"twitter:data2\" content=\"6 minutes\" \/>\n<script type=\"application\/ld+json\" class=\"yoast-schema-graph\">{\"@context\":\"https:\\\/\\\/schema.org\",\"@graph\":[{\"@type\":\"Article\",\"@id\":\"https:\\\/\\\/www.univ-guyane.fr\\\/2023\\\/10\\\/23\\\/joseph-belbrun-etudiant-en-master-societes-et-interculturalite-et-vice-president-etudiant\\\/#article\",\"isPartOf\":{\"@id\":\"https:\\\/\\\/www.univ-guyane.fr\\\/2023\\\/10\\\/23\\\/joseph-belbrun-etudiant-en-master-societes-et-interculturalite-et-vice-president-etudiant\\\/\"},\"author\":{\"name\":\"Erick Loiti\u00e8re\",\"@id\":\"https:\\\/\\\/www.univ-guyane.fr\\\/#\\\/schema\\\/person\\\/86d946a28a8be51bb096ccfdf19db179\"},\"headline\":\"Joseph BELBRUN, \u00e9tudiant en master soci\u00e9t\u00e9s et interculturalit\u00e9 et vice-pr\u00e9sident \u00e9tudiant\",\"datePublished\":\"2023-10-23T11:59:06+00:00\",\"dateModified\":\"2024-07-12T16:25:39+00:00\",\"mainEntityOfPage\":{\"@id\":\"https:\\\/\\\/www.univ-guyane.fr\\\/2023\\\/10\\\/23\\\/joseph-belbrun-etudiant-en-master-societes-et-interculturalite-et-vice-president-etudiant\\\/\"},\"wordCount\":1197,\"publisher\":{\"@id\":\"https:\\\/\\\/www.univ-guyane.fr\\\/#organization\"},\"image\":{\"@id\":\"https:\\\/\\\/www.univ-guyane.fr\\\/2023\\\/10\\\/23\\\/joseph-belbrun-etudiant-en-master-societes-et-interculturalite-et-vice-president-etudiant\\\/#primaryimage\"},\"thumbnailUrl\":\"https:\\\/\\\/www.univ-guyane.fr\\\/wp-content\\\/uploads\\\/portrait-joesph-belbrun-etudiant-en-master-societes-et-interculturalite-a-l-universite-de-guyane-et-actuellement-vice-president-etudiant-universite-de-guyane.jpg\",\"keywords\":[\"Portraits\",\"VP \u00e9tudiant\"],\"articleSection\":[\"\u2022\u00a0Portraits\"],\"inLanguage\":\"en-GB\"},{\"@type\":\"WebPage\",\"@id\":\"https:\\\/\\\/www.univ-guyane.fr\\\/2023\\\/10\\\/23\\\/joseph-belbrun-etudiant-en-master-societes-et-interculturalite-et-vice-president-etudiant\\\/\",\"url\":\"https:\\\/\\\/www.univ-guyane.fr\\\/2023\\\/10\\\/23\\\/joseph-belbrun-etudiant-en-master-societes-et-interculturalite-et-vice-president-etudiant\\\/\",\"name\":\"Joseph BELBRUN, \u00e9tudiant en master soci\u00e9t\u00e9s et interculturalit\u00e9 et vice-pr\u00e9sident \u00e9tudiant &#8212; Universit\u00e9 de Guyane\",\"isPartOf\":{\"@id\":\"https:\\\/\\\/www.univ-guyane.fr\\\/#website\"},\"primaryImageOfPage\":{\"@id\":\"https:\\\/\\\/www.univ-guyane.fr\\\/2023\\\/10\\\/23\\\/joseph-belbrun-etudiant-en-master-societes-et-interculturalite-et-vice-president-etudiant\\\/#primaryimage\"},\"image\":{\"@id\":\"https:\\\/\\\/www.univ-guyane.fr\\\/2023\\\/10\\\/23\\\/joseph-belbrun-etudiant-en-master-societes-et-interculturalite-et-vice-president-etudiant\\\/#primaryimage\"},\"thumbnailUrl\":\"https:\\\/\\\/www.univ-guyane.fr\\\/wp-content\\\/uploads\\\/portrait-joesph-belbrun-etudiant-en-master-societes-et-interculturalite-a-l-universite-de-guyane-et-actuellement-vice-president-etudiant-universite-de-guyane.jpg\",\"datePublished\":\"2023-10-23T11:59:06+00:00\",\"dateModified\":\"2024-07-12T16:25:39+00:00\",\"breadcrumb\":{\"@id\":\"https:\\\/\\\/www.univ-guyane.fr\\\/2023\\\/10\\\/23\\\/joseph-belbrun-etudiant-en-master-societes-et-interculturalite-et-vice-president-etudiant\\\/#breadcrumb\"},\"inLanguage\":\"en-GB\",\"potentialAction\":[{\"@type\":\"ReadAction\",\"target\":[\"https:\\\/\\\/www.univ-guyane.fr\\\/2023\\\/10\\\/23\\\/joseph-belbrun-etudiant-en-master-societes-et-interculturalite-et-vice-president-etudiant\\\/\"]}]},{\"@type\":\"ImageObject\",\"inLanguage\":\"en-GB\",\"@id\":\"https:\\\/\\\/www.univ-guyane.fr\\\/2023\\\/10\\\/23\\\/joseph-belbrun-etudiant-en-master-societes-et-interculturalite-et-vice-president-etudiant\\\/#primaryimage\",\"url\":\"https:\\\/\\\/www.univ-guyane.fr\\\/wp-content\\\/uploads\\\/portrait-joesph-belbrun-etudiant-en-master-societes-et-interculturalite-a-l-universite-de-guyane-et-actuellement-vice-president-etudiant-universite-de-guyane.jpg\",\"contentUrl\":\"https:\\\/\\\/www.univ-guyane.fr\\\/wp-content\\\/uploads\\\/portrait-joesph-belbrun-etudiant-en-master-societes-et-interculturalite-a-l-universite-de-guyane-et-actuellement-vice-president-etudiant-universite-de-guyane.jpg\",\"width\":1800,\"height\":1013,\"caption\":\"Joseph BELBRUN, \u00e9tudiant en master soci\u00e9t\u00e9s et interculturalit\u00e9 et vice-pr\u00e9sident \u00e9tudiant\"},{\"@type\":\"BreadcrumbList\",\"@id\":\"https:\\\/\\\/www.univ-guyane.fr\\\/2023\\\/10\\\/23\\\/joseph-belbrun-etudiant-en-master-societes-et-interculturalite-et-vice-president-etudiant\\\/#breadcrumb\",\"itemListElement\":[{\"@type\":\"ListItem\",\"position\":1,\"name\":\"Accueil\",\"item\":\"https:\\\/\\\/www.univ-guyane.fr\\\/\"},{\"@type\":\"ListItem\",\"position\":2,\"name\":\"Joseph BELBRUN, \u00e9tudiant en master soci\u00e9t\u00e9s et interculturalit\u00e9 et vice-pr\u00e9sident \u00e9tudiant\"}]},{\"@type\":\"WebSite\",\"@id\":\"https:\\\/\\\/www.univ-guyane.fr\\\/#website\",\"url\":\"https:\\\/\\\/www.univ-guyane.fr\\\/\",\"name\":\"Universit\u00e9 de Guyane\",\"description\":\"Au c\u0153ur de l&#039;amazonie\",\"publisher\":{\"@id\":\"https:\\\/\\\/www.univ-guyane.fr\\\/#organization\"},\"alternateName\":\"UG\",\"potentialAction\":[{\"@type\":\"SearchAction\",\"target\":{\"@type\":\"EntryPoint\",\"urlTemplate\":\"https:\\\/\\\/www.univ-guyane.fr\\\/?s={search_term_string}\"},\"query-input\":{\"@type\":\"PropertyValueSpecification\",\"valueRequired\":true,\"valueName\":\"search_term_string\"}}],\"inLanguage\":\"en-GB\"},{\"@type\":\"Organization\",\"@id\":\"https:\\\/\\\/www.univ-guyane.fr\\\/#organization\",\"name\":\"Universit\u00e9 de Guyane\",\"alternateName\":\"UG\",\"url\":\"https:\\\/\\\/www.univ-guyane.fr\\\/\",\"logo\":{\"@type\":\"ImageObject\",\"inLanguage\":\"en-GB\",\"@id\":\"https:\\\/\\\/www.univ-guyane.fr\\\/#\\\/schema\\\/logo\\\/image\\\/\",\"url\":\"https:\\\/\\\/www.univ-guyane.fr\\\/wp-content\\\/uploads\\\/2024\\\/05\\\/f.png\",\"contentUrl\":\"https:\\\/\\\/www.univ-guyane.fr\\\/wp-content\\\/uploads\\\/2024\\\/05\\\/f.png\",\"width\":1024,\"height\":1024,\"caption\":\"Universit\u00e9 de Guyane\"},\"image\":{\"@id\":\"https:\\\/\\\/www.univ-guyane.fr\\\/#\\\/schema\\\/logo\\\/image\\\/\"},\"sameAs\":[\"https:\\\/\\\/www.facebook.com\\\/univguyane\",\"https:\\\/\\\/x.com\\\/univguyane\",\"https:\\\/\\\/gf.linkedin.com\\\/school\\\/universite-de-guyane\\\/\",\"https:\\\/\\\/www.instagram.com\\\/univ_guyane\\\/\"]},{\"@type\":\"Person\",\"@id\":\"https:\\\/\\\/www.univ-guyane.fr\\\/#\\\/schema\\\/person\\\/86d946a28a8be51bb096ccfdf19db179\",\"name\":\"Erick Loiti\u00e8re\",\"image\":{\"@type\":\"ImageObject\",\"inLanguage\":\"en-GB\",\"@id\":\"https:\\\/\\\/secure.gravatar.com\\\/avatar\\\/0584f332103fbeaf37e52c73b15dca3c547fd9300deb05764e9ad8714839d072?s=96&d=robohash&r=g\",\"url\":\"https:\\\/\\\/secure.gravatar.com\\\/avatar\\\/0584f332103fbeaf37e52c73b15dca3c547fd9300deb05764e9ad8714839d072?s=96&d=robohash&r=g\",\"contentUrl\":\"https:\\\/\\\/secure.gravatar.com\\\/avatar\\\/0584f332103fbeaf37e52c73b15dca3c547fd9300deb05764e9ad8714839d072?s=96&d=robohash&r=g\",\"caption\":\"Erick Loiti\u00e8re\"},\"sameAs\":[\"http:\\\/\\\/www.univ-guyane.fr\"],\"url\":\"https:\\\/\\\/www.univ-guyane.fr\\\/en\\\/author\\\/eloitierdbz\\\/\"}]}<\/script>\n<!-- \/ Yoast SEO plugin. -->","yoast_head_json":{"title":"Joseph BELBRUN, \u00e9tudiant en master soci\u00e9t\u00e9s et interculturalit\u00e9 et vice-pr\u00e9sident \u00e9tudiant &#8212; Universit\u00e9 de Guyane","robots":{"index":"index","follow":"follow","max-snippet":"max-snippet:-1","max-image-preview":"max-image-preview:large","max-video-preview":"max-video-preview:-1"},"canonical":"https:\/\/www.univ-guyane.fr\/en\/2023\/10\/23\/joseph-belbrun-etudiant-en-master-societes-et-interculturalite-et-vice-president-etudiant\/","og_locale":"en_GB","og_type":"article","og_title":"Joseph BELBRUN, \u00e9tudiant en master soci\u00e9t\u00e9s et interculturalit\u00e9 et vice-pr\u00e9sident \u00e9tudiant &#8212; Universit\u00e9 de Guyane","og_url":"https:\/\/www.univ-guyane.fr\/en\/2023\/10\/23\/joseph-belbrun-etudiant-en-master-societes-et-interculturalite-et-vice-president-etudiant\/","og_site_name":"Universit\u00e9 de Guyane","article_publisher":"https:\/\/www.facebook.com\/univguyane","article_published_time":"2023-10-23T11:59:06+00:00","article_modified_time":"2024-07-12T16:25:39+00:00","og_image":[{"width":1800,"height":1013,"url":"https:\/\/www.univ-guyane.fr\/wp-content\/uploads\/portrait-joesph-belbrun-etudiant-en-master-societes-et-interculturalite-a-l-universite-de-guyane-et-actuellement-vice-president-etudiant-universite-de-guyane.jpg","type":"image\/jpeg"}],"author":"Erick Loiti\u00e8re","twitter_card":"summary_large_image","twitter_creator":"@univguyane","twitter_site":"@univguyane","twitter_misc":{"Written by":"Erick Loiti\u00e8re","Estimated reading time":"6 minutes"},"schema":{"@context":"https:\/\/schema.org","@graph":[{"@type":"Article","@id":"https:\/\/www.univ-guyane.fr\/2023\/10\/23\/joseph-belbrun-etudiant-en-master-societes-et-interculturalite-et-vice-president-etudiant\/#article","isPartOf":{"@id":"https:\/\/www.univ-guyane.fr\/2023\/10\/23\/joseph-belbrun-etudiant-en-master-societes-et-interculturalite-et-vice-president-etudiant\/"},"author":{"name":"Erick Loiti\u00e8re","@id":"https:\/\/www.univ-guyane.fr\/#\/schema\/person\/86d946a28a8be51bb096ccfdf19db179"},"headline":"Joseph BELBRUN, \u00e9tudiant en master soci\u00e9t\u00e9s et interculturalit\u00e9 et vice-pr\u00e9sident \u00e9tudiant","datePublished":"2023-10-23T11:59:06+00:00","dateModified":"2024-07-12T16:25:39+00:00","mainEntityOfPage":{"@id":"https:\/\/www.univ-guyane.fr\/2023\/10\/23\/joseph-belbrun-etudiant-en-master-societes-et-interculturalite-et-vice-president-etudiant\/"},"wordCount":1197,"publisher":{"@id":"https:\/\/www.univ-guyane.fr\/#organization"},"image":{"@id":"https:\/\/www.univ-guyane.fr\/2023\/10\/23\/joseph-belbrun-etudiant-en-master-societes-et-interculturalite-et-vice-president-etudiant\/#primaryimage"},"thumbnailUrl":"https:\/\/www.univ-guyane.fr\/wp-content\/uploads\/portrait-joesph-belbrun-etudiant-en-master-societes-et-interculturalite-a-l-universite-de-guyane-et-actuellement-vice-president-etudiant-universite-de-guyane.jpg","keywords":["Portraits","VP \u00e9tudiant"],"articleSection":["\u2022\u00a0Portraits"],"inLanguage":"en-GB"},{"@type":"WebPage","@id":"https:\/\/www.univ-guyane.fr\/2023\/10\/23\/joseph-belbrun-etudiant-en-master-societes-et-interculturalite-et-vice-president-etudiant\/","url":"https:\/\/www.univ-guyane.fr\/2023\/10\/23\/joseph-belbrun-etudiant-en-master-societes-et-interculturalite-et-vice-president-etudiant\/","name":"Joseph BELBRUN, \u00e9tudiant en master soci\u00e9t\u00e9s et interculturalit\u00e9 et vice-pr\u00e9sident \u00e9tudiant &#8212; Universit\u00e9 de Guyane","isPartOf":{"@id":"https:\/\/www.univ-guyane.fr\/#website"},"primaryImageOfPage":{"@id":"https:\/\/www.univ-guyane.fr\/2023\/10\/23\/joseph-belbrun-etudiant-en-master-societes-et-interculturalite-et-vice-president-etudiant\/#primaryimage"},"image":{"@id":"https:\/\/www.univ-guyane.fr\/2023\/10\/23\/joseph-belbrun-etudiant-en-master-societes-et-interculturalite-et-vice-president-etudiant\/#primaryimage"},"thumbnailUrl":"https:\/\/www.univ-guyane.fr\/wp-content\/uploads\/portrait-joesph-belbrun-etudiant-en-master-societes-et-interculturalite-a-l-universite-de-guyane-et-actuellement-vice-president-etudiant-universite-de-guyane.jpg","datePublished":"2023-10-23T11:59:06+00:00","dateModified":"2024-07-12T16:25:39+00:00","breadcrumb":{"@id":"https:\/\/www.univ-guyane.fr\/2023\/10\/23\/joseph-belbrun-etudiant-en-master-societes-et-interculturalite-et-vice-president-etudiant\/#breadcrumb"},"inLanguage":"en-GB","potentialAction":[{"@type":"ReadAction","target":["https:\/\/www.univ-guyane.fr\/2023\/10\/23\/joseph-belbrun-etudiant-en-master-societes-et-interculturalite-et-vice-president-etudiant\/"]}]},{"@type":"ImageObject","inLanguage":"en-GB","@id":"https:\/\/www.univ-guyane.fr\/2023\/10\/23\/joseph-belbrun-etudiant-en-master-societes-et-interculturalite-et-vice-president-etudiant\/#primaryimage","url":"https:\/\/www.univ-guyane.fr\/wp-content\/uploads\/portrait-joesph-belbrun-etudiant-en-master-societes-et-interculturalite-a-l-universite-de-guyane-et-actuellement-vice-president-etudiant-universite-de-guyane.jpg","contentUrl":"https:\/\/www.univ-guyane.fr\/wp-content\/uploads\/portrait-joesph-belbrun-etudiant-en-master-societes-et-interculturalite-a-l-universite-de-guyane-et-actuellement-vice-president-etudiant-universite-de-guyane.jpg","width":1800,"height":1013,"caption":"Joseph BELBRUN, \u00e9tudiant en master soci\u00e9t\u00e9s et interculturalit\u00e9 et vice-pr\u00e9sident \u00e9tudiant"},{"@type":"BreadcrumbList","@id":"https:\/\/www.univ-guyane.fr\/2023\/10\/23\/joseph-belbrun-etudiant-en-master-societes-et-interculturalite-et-vice-president-etudiant\/#breadcrumb","itemListElement":[{"@type":"ListItem","position":1,"name":"Accueil","item":"https:\/\/www.univ-guyane.fr\/"},{"@type":"ListItem","position":2,"name":"Joseph BELBRUN, \u00e9tudiant en master soci\u00e9t\u00e9s et interculturalit\u00e9 et vice-pr\u00e9sident \u00e9tudiant"}]},{"@type":"WebSite","@id":"https:\/\/www.univ-guyane.fr\/#website","url":"https:\/\/www.univ-guyane.fr\/","name":"University of Guyana","description":"In the heart of Amazonia","publisher":{"@id":"https:\/\/www.univ-guyane.fr\/#organization"},"alternateName":"UG","potentialAction":[{"@type":"SearchAction","target":{"@type":"EntryPoint","urlTemplate":"https:\/\/www.univ-guyane.fr\/?s={search_term_string}"},"query-input":{"@type":"PropertyValueSpecification","valueRequired":true,"valueName":"search_term_string"}}],"inLanguage":"en-GB"},{"@type":"Organization","@id":"https:\/\/www.univ-guyane.fr\/#organization","name":"University of Guyana","alternateName":"UG","url":"https:\/\/www.univ-guyane.fr\/","logo":{"@type":"ImageObject","inLanguage":"en-GB","@id":"https:\/\/www.univ-guyane.fr\/#\/schema\/logo\/image\/","url":"https:\/\/www.univ-guyane.fr\/wp-content\/uploads\/2024\/05\/f.png","contentUrl":"https:\/\/www.univ-guyane.fr\/wp-content\/uploads\/2024\/05\/f.png","width":1024,"height":1024,"caption":"Universit\u00e9 de Guyane"},"image":{"@id":"https:\/\/www.univ-guyane.fr\/#\/schema\/logo\/image\/"},"sameAs":["https:\/\/www.facebook.com\/univguyane","https:\/\/x.com\/univguyane","https:\/\/gf.linkedin.com\/school\/universite-de-guyane\/","https:\/\/www.instagram.com\/univ_guyane\/"]},{"@type":"Person","@id":"https:\/\/www.univ-guyane.fr\/#\/schema\/person\/86d946a28a8be51bb096ccfdf19db179","name":"Erick Loiti\u00e8re","image":{"@type":"ImageObject","inLanguage":"en-GB","@id":"https:\/\/secure.gravatar.com\/avatar\/0584f332103fbeaf37e52c73b15dca3c547fd9300deb05764e9ad8714839d072?s=96&d=robohash&r=g","url":"https:\/\/secure.gravatar.com\/avatar\/0584f332103fbeaf37e52c73b15dca3c547fd9300deb05764e9ad8714839d072?s=96&d=robohash&r=g","contentUrl":"https:\/\/secure.gravatar.com\/avatar\/0584f332103fbeaf37e52c73b15dca3c547fd9300deb05764e9ad8714839d072?s=96&d=robohash&r=g","caption":"Erick Loiti\u00e8re"},"sameAs":["http:\/\/www.univ-guyane.fr"],"url":"https:\/\/www.univ-guyane.fr\/en\/author\/eloitierdbz\/"}]}},"_links":{"self":[{"href":"https:\/\/www.univ-guyane.fr\/en\/wp-json\/wp\/v2\/posts\/6714","targetHints":{"allow":["GET"]}}],"collection":[{"href":"https:\/\/www.univ-guyane.fr\/en\/wp-json\/wp\/v2\/posts"}],"about":[{"href":"https:\/\/www.univ-guyane.fr\/en\/wp-json\/wp\/v2\/types\/post"}],"author":[{"embeddable":true,"href":"https:\/\/www.univ-guyane.fr\/en\/wp-json\/wp\/v2\/users\/1"}],"replies":[{"embeddable":true,"href":"https:\/\/www.univ-guyane.fr\/en\/wp-json\/wp\/v2\/comments?post=6714"}],"version-history":[{"count":4,"href":"https:\/\/www.univ-guyane.fr\/en\/wp-json\/wp\/v2\/posts\/6714\/revisions"}],"predecessor-version":[{"id":9980,"href":"https:\/\/www.univ-guyane.fr\/en\/wp-json\/wp\/v2\/posts\/6714\/revisions\/9980"}],"wp:featuredmedia":[{"embeddable":true,"href":"https:\/\/www.univ-guyane.fr\/en\/wp-json\/wp\/v2\/media\/6715"}],"wp:attachment":[{"href":"https:\/\/www.univ-guyane.fr\/en\/wp-json\/wp\/v2\/media?parent=6714"}],"wp:term":[{"taxonomy":"category","embeddable":true,"href":"https:\/\/www.univ-guyane.fr\/en\/wp-json\/wp\/v2\/categories?post=6714"},{"taxonomy":"post_tag","embeddable":true,"href":"https:\/\/www.univ-guyane.fr\/en\/wp-json\/wp\/v2\/tags?post=6714"}],"curies":[{"name":"wp","href":"https:\/\/api.w.org\/{rel}","templated":true}]}}