{"id":8312,"date":"2024-02-05T09:48:51","date_gmt":"2024-02-05T12:48:51","guid":{"rendered":"https:\/\/www.univ-guyane.fr\/?p=8312"},"modified":"2024-07-12T13:08:10","modified_gmt":"2024-07-12T16:08:10","slug":"conferences-sur-la-biologie-marine-par-joao-pedro-barreiros","status":"publish","type":"post","link":"https:\/\/www.univ-guyane.fr\/en\/2024\/02\/05\/conferences-sur-la-biologie-marine-par-joao-pedro-barreiros\/","title":{"rendered":"Lectures on marine biology by Jo\u00e3o Pedro Barreiros"},"content":{"rendered":"<div id=\"fws_69f1f26d1a9a9\"  data-column-margin=\"default\" data-midnight=\"dark\"  class=\"wpb_row vc_row-fluid vc_row\"  style=\"padding-top: 0px; padding-bottom: 0px; \"><div class=\"row-bg-wrap\" data-bg-animation=\"none\" data-bg-animation-delay=\"\" data-bg-overlay=\"false\"><div class=\"inner-wrap row-bg-layer\" ><div class=\"row-bg viewport-desktop\"  style=\"\"><\/div><\/div><\/div><div class=\"row_col_wrap_12 col span_12 dark left\">\n\t<div  class=\"vc_col-sm-12 wpb_column column_container vc_column_container col no-extra-padding inherit_tablet inherit_phone\"  data-padding-pos=\"all\" data-has-bg-color=\"false\" data-bg-color=\"\" data-bg-opacity=\"1\" data-animation=\"\" data-delay=\"0\" >\n\t\t<div class=\"vc_column-inner\" >\n\t\t\t<div class=\"wpb_wrapper\">\n\t\t\t\t\n<div class=\"wpb_text_column wpb_content_element  chapo\" >\n\t<h2>The Department of Training and Research (DFR) Science and Technology is organising two exclusive lectures by Professor Jo\u00e3o Pedro Barreiros, Associate Professor at the University of the Azores (Portugal) and a recognised expert in marine biology. The lectures will enhance the public's knowledge of marine life by exploring two fascinating themes: marine biology and the evolution of fish.<\/h2>\n<\/div>\n\n\n\n\n<div class=\"wpb_text_column wpb_content_element\" >\n\t<h3>Fish evolution and adaptation to marine habitats<\/h3>\n<h4><em>Date and time: Tuesday 6 February, from 1pm to 1.55pm<\/em><br \/>\n<em>Venue: Amphi C<\/em><\/h4>\n<p>Fish evolved from ancient chordates - probably similar to today's cephalochordates - during the Cambrian explosion of life, around 530 million years BC. Although a large number of taxa are now extinct and even the word 'fish' is an artificial non-zoological term, we still have present-day species from the main branches of fish phylogeny: from the Agnathans to the Chondrichthyes, from the Coelacanths to the Actinopterygians, and so on. Fish have adapted to all aquatic environments and form the most diverse group of vertebrates (Craniata), found all over the world, from the ocean depths to rivers, lakes and even hydrothermal springs both inland and at tectonic ridges on the ocean floor. Some species have developed lungs and others even avoid water most of the time. In this presentation, the speaker will take you on a 'journey' through time and show you how fish evolved and adapted, eventually giving an evolutionary path to amphibians, reptiles, and of course, mammals and ourselves.<\/p>\n<h3>Elasmobranchs of the North-East Atlantic - species from the Azores as a case study<\/h3>\n<h4><em>Date and time: Wednesday 7 February, from 1pm to 1.55pm<\/em><br \/>\n<em>Venue: Amphi C<\/em><\/h4>\n<p>The Azores, the most northerly archipelago in Macaronesia, are dominated by deep waters in their vast Exclusive Economic Zone. Elasmobranchs are found in these waters, ranging from pelagic to coastal oceanic species, and above all to a vast and little-studied range of deep-sea species. In this presentation, the speaker will show all the current species known from this region and discuss their relative abundances, erratic\/vagrant occurrences and vertical distributions, while detailing those of some economic importance.<\/p>\n<\/div>\n\n\n\n\n<div class=\"wpb_text_column wpb_content_element  vc_custom_1720800486930\" >\n\t<h4><strong>A few words about the speaker<\/strong><\/h4>\n<p>Jo\u00e3o Pedro Barreiros was born in Lisbon on 21 October 1964, into a Macanese family that had lived in Angola and Lisbon, but chose to study and live in the Azores when he finished secondary school. Already a graduate in Zootechnical Engineering, he joined the University of the Azores as a trainee assistant in 1991. In 1995, he passed the pedagogical and scientific aptitude tests in the animal ethology speciality and, in 2001, completed his doctorate in Animal Biology\/Ecology. In 2008, he passed the agr\u00e9gation exams in animal ethology and is currently associate professor of agr\u00e9gation at the University of the Azores, where he teaches various subjects in the Nature and Heritage, Agronomic Sciences, Veterinary Medicine and Zootechnical Engineering degrees. The author and co-author of around a hundred publications in international peer-reviewed journals, as well as several articles, columns and popular science books, he has focused his research mainly on aquatic predators in the Azores, the Gulf of Guinea and Brazil, where in recent years he has concentrated mainly on the Amazon basin.<\/p>\n<p>Researcher at the Azores Biodiversity Group (GBA, ABG), Centre d'\u00c9volution de l'Ecologie et des Changements Environnementaux (ce3c) and member of the CHANGE associated laboratory.<\/p>\n<p>A scientific illustrator and member of the Guild of Natural Science Illustrators, he also devotes himself to studying the classical guitar. From an early age, the sea has played an important role in his life, both as a researcher and as an underwater hunter, a modality he combines with his work in data collection techniques. He belongs to a number of national and international associations, including the Marine Academy's Class of Arts, Letters and Sciences as a full member. He is also a member of the grouper and wrasse specialist group of the International Union for Conservation of Nature.<\/p>\n<\/div>\n\n\n\n\n\t\t\t<\/div> \n\t\t<\/div>\n\t<\/div> \n<\/div><\/div>","protected":false},"excerpt":{"rendered":"The Department of Training and Research (DFR) Science and Technology is organising two exclusive conferences...","protected":false},"author":1,"featured_media":8313,"comment_status":"closed","ping_status":"open","sticky":false,"template":"","format":"standard","meta":{"iawp_total_views":67,"footnotes":""},"categories":[9],"tags":[],"class_list":{"0":"post-8312","1":"post","2":"type-post","3":"status-publish","4":"format-standard","5":"has-post-thumbnail","7":"category-st"},"yoast_head":"<!-- This site is optimized with the Yoast SEO plugin v27.5 - https:\/\/yoast.com\/product\/yoast-seo-wordpress\/ -->\n<title>Conf\u00e9rences sur la biologie marine par Jo\u00e3o Pedro Barreiros &#8212; Universit\u00e9 de Guyane<\/title>\n<meta name=\"description\" content=\"Plongez dans l&#039;univers des poissons et d\u00e9couvrez leur incroyable diversit\u00e9 et leur adaptation \u00e0 diff\u00e9rents milieux.\" \/>\n<meta name=\"robots\" content=\"index, follow, max-snippet:-1, max-image-preview:large, max-video-preview:-1\" \/>\n<link rel=\"canonical\" href=\"https:\/\/www.univ-guyane.fr\/en\/2024\/02\/05\/conferences-sur-la-biologie-marine-par-joao-pedro-barreiros\/\" \/>\n<meta property=\"og:locale\" content=\"en_GB\" \/>\n<meta property=\"og:type\" content=\"article\" \/>\n<meta property=\"og:title\" content=\"Conf\u00e9rences sur la biologie marine par Jo\u00e3o Pedro Barreiros &#8212; Universit\u00e9 de Guyane\" \/>\n<meta property=\"og:description\" content=\"Plongez dans l&#039;univers des poissons et d\u00e9couvrez leur incroyable diversit\u00e9 et leur adaptation \u00e0 diff\u00e9rents milieux.\" \/>\n<meta property=\"og:url\" content=\"https:\/\/www.univ-guyane.fr\/en\/2024\/02\/05\/conferences-sur-la-biologie-marine-par-joao-pedro-barreiros\/\" \/>\n<meta property=\"og:site_name\" content=\"Universit\u00e9 de Guyane\" \/>\n<meta property=\"article:publisher\" content=\"https:\/\/www.facebook.com\/univguyane\" \/>\n<meta property=\"article:published_time\" content=\"2024-02-05T12:48:51+00:00\" \/>\n<meta property=\"article:modified_time\" content=\"2024-07-12T16:08:10+00:00\" \/>\n<meta property=\"og:image\" content=\"https:\/\/www.univ-guyane.fr\/wp-content\/uploads\/conference-st-biologie-marine.jpeg\" \/>\n\t<meta property=\"og:image:width\" content=\"1800\" \/>\n\t<meta property=\"og:image:height\" content=\"1013\" \/>\n\t<meta property=\"og:image:type\" content=\"image\/jpeg\" \/>\n<meta name=\"author\" content=\"Erick Loiti\u00e8re\" \/>\n<meta name=\"twitter:card\" content=\"summary_large_image\" \/>\n<meta name=\"twitter:creator\" content=\"@univguyane\" \/>\n<meta name=\"twitter:site\" content=\"@univguyane\" \/>\n<meta name=\"twitter:label1\" content=\"Written by\" \/>\n\t<meta name=\"twitter:data1\" content=\"Erick Loiti\u00e8re\" \/>\n\t<meta name=\"twitter:label2\" content=\"Estimated reading time\" \/>\n\t<meta name=\"twitter:data2\" content=\"3 minutes\" \/>\n<script type=\"application\/ld+json\" class=\"yoast-schema-graph\">{\"@context\":\"https:\\\/\\\/schema.org\",\"@graph\":[{\"@type\":\"Article\",\"@id\":\"https:\\\/\\\/www.univ-guyane.fr\\\/2024\\\/02\\\/05\\\/conferences-sur-la-biologie-marine-par-joao-pedro-barreiros\\\/#article\",\"isPartOf\":{\"@id\":\"https:\\\/\\\/www.univ-guyane.fr\\\/2024\\\/02\\\/05\\\/conferences-sur-la-biologie-marine-par-joao-pedro-barreiros\\\/\"},\"author\":{\"name\":\"Erick Loiti\u00e8re\",\"@id\":\"https:\\\/\\\/www.univ-guyane.fr\\\/#\\\/schema\\\/person\\\/86d946a28a8be51bb096ccfdf19db179\"},\"headline\":\"Conf\u00e9rences sur la biologie marine par Jo\u00e3o Pedro Barreiros\",\"datePublished\":\"2024-02-05T12:48:51+00:00\",\"dateModified\":\"2024-07-12T16:08:10+00:00\",\"mainEntityOfPage\":{\"@id\":\"https:\\\/\\\/www.univ-guyane.fr\\\/2024\\\/02\\\/05\\\/conferences-sur-la-biologie-marine-par-joao-pedro-barreiros\\\/\"},\"wordCount\":995,\"publisher\":{\"@id\":\"https:\\\/\\\/www.univ-guyane.fr\\\/#organization\"},\"image\":{\"@id\":\"https:\\\/\\\/www.univ-guyane.fr\\\/2024\\\/02\\\/05\\\/conferences-sur-la-biologie-marine-par-joao-pedro-barreiros\\\/#primaryimage\"},\"thumbnailUrl\":\"https:\\\/\\\/www.univ-guyane.fr\\\/wp-content\\\/uploads\\\/conference-st-biologie-marine.jpeg\",\"articleSection\":[\"\u2022 ST\"],\"inLanguage\":\"en-GB\"},{\"@type\":\"WebPage\",\"@id\":\"https:\\\/\\\/www.univ-guyane.fr\\\/2024\\\/02\\\/05\\\/conferences-sur-la-biologie-marine-par-joao-pedro-barreiros\\\/\",\"url\":\"https:\\\/\\\/www.univ-guyane.fr\\\/2024\\\/02\\\/05\\\/conferences-sur-la-biologie-marine-par-joao-pedro-barreiros\\\/\",\"name\":\"Conf\u00e9rences sur la biologie marine par Jo\u00e3o Pedro Barreiros &#8212; Universit\u00e9 de Guyane\",\"isPartOf\":{\"@id\":\"https:\\\/\\\/www.univ-guyane.fr\\\/#website\"},\"primaryImageOfPage\":{\"@id\":\"https:\\\/\\\/www.univ-guyane.fr\\\/2024\\\/02\\\/05\\\/conferences-sur-la-biologie-marine-par-joao-pedro-barreiros\\\/#primaryimage\"},\"image\":{\"@id\":\"https:\\\/\\\/www.univ-guyane.fr\\\/2024\\\/02\\\/05\\\/conferences-sur-la-biologie-marine-par-joao-pedro-barreiros\\\/#primaryimage\"},\"thumbnailUrl\":\"https:\\\/\\\/www.univ-guyane.fr\\\/wp-content\\\/uploads\\\/conference-st-biologie-marine.jpeg\",\"datePublished\":\"2024-02-05T12:48:51+00:00\",\"dateModified\":\"2024-07-12T16:08:10+00:00\",\"description\":\"Plongez dans l'univers des poissons et d\u00e9couvrez leur incroyable diversit\u00e9 et leur adaptation \u00e0 diff\u00e9rents milieux.\",\"breadcrumb\":{\"@id\":\"https:\\\/\\\/www.univ-guyane.fr\\\/2024\\\/02\\\/05\\\/conferences-sur-la-biologie-marine-par-joao-pedro-barreiros\\\/#breadcrumb\"},\"inLanguage\":\"en-GB\",\"potentialAction\":[{\"@type\":\"ReadAction\",\"target\":[\"https:\\\/\\\/www.univ-guyane.fr\\\/2024\\\/02\\\/05\\\/conferences-sur-la-biologie-marine-par-joao-pedro-barreiros\\\/\"]}]},{\"@type\":\"ImageObject\",\"inLanguage\":\"en-GB\",\"@id\":\"https:\\\/\\\/www.univ-guyane.fr\\\/2024\\\/02\\\/05\\\/conferences-sur-la-biologie-marine-par-joao-pedro-barreiros\\\/#primaryimage\",\"url\":\"https:\\\/\\\/www.univ-guyane.fr\\\/wp-content\\\/uploads\\\/conference-st-biologie-marine.jpeg\",\"contentUrl\":\"https:\\\/\\\/www.univ-guyane.fr\\\/wp-content\\\/uploads\\\/conference-st-biologie-marine.jpeg\",\"width\":1800,\"height\":1013,\"caption\":\"Conf\u00e9rences sur la biologie marine par Jo\u00e3o Pedro Barreiros\"},{\"@type\":\"BreadcrumbList\",\"@id\":\"https:\\\/\\\/www.univ-guyane.fr\\\/2024\\\/02\\\/05\\\/conferences-sur-la-biologie-marine-par-joao-pedro-barreiros\\\/#breadcrumb\",\"itemListElement\":[{\"@type\":\"ListItem\",\"position\":1,\"name\":\"Accueil\",\"item\":\"https:\\\/\\\/www.univ-guyane.fr\\\/\"},{\"@type\":\"ListItem\",\"position\":2,\"name\":\"Conf\u00e9rences sur la biologie marine par Jo\u00e3o Pedro Barreiros\"}]},{\"@type\":\"WebSite\",\"@id\":\"https:\\\/\\\/www.univ-guyane.fr\\\/#website\",\"url\":\"https:\\\/\\\/www.univ-guyane.fr\\\/\",\"name\":\"Universit\u00e9 de Guyane\",\"description\":\"Au c\u0153ur de l&#039;amazonie\",\"publisher\":{\"@id\":\"https:\\\/\\\/www.univ-guyane.fr\\\/#organization\"},\"alternateName\":\"UG\",\"potentialAction\":[{\"@type\":\"SearchAction\",\"target\":{\"@type\":\"EntryPoint\",\"urlTemplate\":\"https:\\\/\\\/www.univ-guyane.fr\\\/?s={search_term_string}\"},\"query-input\":{\"@type\":\"PropertyValueSpecification\",\"valueRequired\":true,\"valueName\":\"search_term_string\"}}],\"inLanguage\":\"en-GB\"},{\"@type\":\"Organization\",\"@id\":\"https:\\\/\\\/www.univ-guyane.fr\\\/#organization\",\"name\":\"Universit\u00e9 de Guyane\",\"alternateName\":\"UG\",\"url\":\"https:\\\/\\\/www.univ-guyane.fr\\\/\",\"logo\":{\"@type\":\"ImageObject\",\"inLanguage\":\"en-GB\",\"@id\":\"https:\\\/\\\/www.univ-guyane.fr\\\/#\\\/schema\\\/logo\\\/image\\\/\",\"url\":\"https:\\\/\\\/www.univ-guyane.fr\\\/wp-content\\\/uploads\\\/2024\\\/05\\\/f.png\",\"contentUrl\":\"https:\\\/\\\/www.univ-guyane.fr\\\/wp-content\\\/uploads\\\/2024\\\/05\\\/f.png\",\"width\":1024,\"height\":1024,\"caption\":\"Universit\u00e9 de Guyane\"},\"image\":{\"@id\":\"https:\\\/\\\/www.univ-guyane.fr\\\/#\\\/schema\\\/logo\\\/image\\\/\"},\"sameAs\":[\"https:\\\/\\\/www.facebook.com\\\/univguyane\",\"https:\\\/\\\/x.com\\\/univguyane\",\"https:\\\/\\\/gf.linkedin.com\\\/school\\\/universite-de-guyane\\\/\",\"https:\\\/\\\/www.instagram.com\\\/univ_guyane\\\/\"]},{\"@type\":\"Person\",\"@id\":\"https:\\\/\\\/www.univ-guyane.fr\\\/#\\\/schema\\\/person\\\/86d946a28a8be51bb096ccfdf19db179\",\"name\":\"Erick Loiti\u00e8re\",\"image\":{\"@type\":\"ImageObject\",\"inLanguage\":\"en-GB\",\"@id\":\"https:\\\/\\\/secure.gravatar.com\\\/avatar\\\/0584f332103fbeaf37e52c73b15dca3c547fd9300deb05764e9ad8714839d072?s=96&d=robohash&r=g\",\"url\":\"https:\\\/\\\/secure.gravatar.com\\\/avatar\\\/0584f332103fbeaf37e52c73b15dca3c547fd9300deb05764e9ad8714839d072?s=96&d=robohash&r=g\",\"contentUrl\":\"https:\\\/\\\/secure.gravatar.com\\\/avatar\\\/0584f332103fbeaf37e52c73b15dca3c547fd9300deb05764e9ad8714839d072?s=96&d=robohash&r=g\",\"caption\":\"Erick Loiti\u00e8re\"},\"sameAs\":[\"http:\\\/\\\/www.univ-guyane.fr\"],\"url\":\"https:\\\/\\\/www.univ-guyane.fr\\\/en\\\/author\\\/eloitierdbz\\\/\"}]}<\/script>\n<!-- \/ Yoast SEO plugin. -->","yoast_head_json":{"title":"Lectures on marine biology by Jo\u00e3o Pedro Barreiros - University of Guyana","description":"Dive into the world of fish and discover their incredible diversity and adaptation to different environments.","robots":{"index":"index","follow":"follow","max-snippet":"max-snippet:-1","max-image-preview":"max-image-preview:large","max-video-preview":"max-video-preview:-1"},"canonical":"https:\/\/www.univ-guyane.fr\/en\/2024\/02\/05\/conferences-sur-la-biologie-marine-par-joao-pedro-barreiros\/","og_locale":"en_GB","og_type":"article","og_title":"Conf\u00e9rences sur la biologie marine par Jo\u00e3o Pedro Barreiros &#8212; Universit\u00e9 de Guyane","og_description":"Plongez dans l'univers des poissons et d\u00e9couvrez leur incroyable diversit\u00e9 et leur adaptation \u00e0 diff\u00e9rents milieux.","og_url":"https:\/\/www.univ-guyane.fr\/en\/2024\/02\/05\/conferences-sur-la-biologie-marine-par-joao-pedro-barreiros\/","og_site_name":"Universit\u00e9 de Guyane","article_publisher":"https:\/\/www.facebook.com\/univguyane","article_published_time":"2024-02-05T12:48:51+00:00","article_modified_time":"2024-07-12T16:08:10+00:00","og_image":[{"width":1800,"height":1013,"url":"https:\/\/www.univ-guyane.fr\/wp-content\/uploads\/conference-st-biologie-marine.jpeg","type":"image\/jpeg"}],"author":"Erick Loiti\u00e8re","twitter_card":"summary_large_image","twitter_creator":"@univguyane","twitter_site":"@univguyane","twitter_misc":{"Written by":"Erick Loiti\u00e8re","Estimated reading time":"3 minutes"},"schema":{"@context":"https:\/\/schema.org","@graph":[{"@type":"Article","@id":"https:\/\/www.univ-guyane.fr\/2024\/02\/05\/conferences-sur-la-biologie-marine-par-joao-pedro-barreiros\/#article","isPartOf":{"@id":"https:\/\/www.univ-guyane.fr\/2024\/02\/05\/conferences-sur-la-biologie-marine-par-joao-pedro-barreiros\/"},"author":{"name":"Erick Loiti\u00e8re","@id":"https:\/\/www.univ-guyane.fr\/#\/schema\/person\/86d946a28a8be51bb096ccfdf19db179"},"headline":"Conf\u00e9rences sur la biologie marine par Jo\u00e3o Pedro Barreiros","datePublished":"2024-02-05T12:48:51+00:00","dateModified":"2024-07-12T16:08:10+00:00","mainEntityOfPage":{"@id":"https:\/\/www.univ-guyane.fr\/2024\/02\/05\/conferences-sur-la-biologie-marine-par-joao-pedro-barreiros\/"},"wordCount":995,"publisher":{"@id":"https:\/\/www.univ-guyane.fr\/#organization"},"image":{"@id":"https:\/\/www.univ-guyane.fr\/2024\/02\/05\/conferences-sur-la-biologie-marine-par-joao-pedro-barreiros\/#primaryimage"},"thumbnailUrl":"https:\/\/www.univ-guyane.fr\/wp-content\/uploads\/conference-st-biologie-marine.jpeg","articleSection":["\u2022 ST"],"inLanguage":"en-GB"},{"@type":"WebPage","@id":"https:\/\/www.univ-guyane.fr\/2024\/02\/05\/conferences-sur-la-biologie-marine-par-joao-pedro-barreiros\/","url":"https:\/\/www.univ-guyane.fr\/2024\/02\/05\/conferences-sur-la-biologie-marine-par-joao-pedro-barreiros\/","name":"Lectures on marine biology by Jo\u00e3o Pedro Barreiros - University of Guyana","isPartOf":{"@id":"https:\/\/www.univ-guyane.fr\/#website"},"primaryImageOfPage":{"@id":"https:\/\/www.univ-guyane.fr\/2024\/02\/05\/conferences-sur-la-biologie-marine-par-joao-pedro-barreiros\/#primaryimage"},"image":{"@id":"https:\/\/www.univ-guyane.fr\/2024\/02\/05\/conferences-sur-la-biologie-marine-par-joao-pedro-barreiros\/#primaryimage"},"thumbnailUrl":"https:\/\/www.univ-guyane.fr\/wp-content\/uploads\/conference-st-biologie-marine.jpeg","datePublished":"2024-02-05T12:48:51+00:00","dateModified":"2024-07-12T16:08:10+00:00","description":"Dive into the world of fish and discover their incredible diversity and adaptation to different environments.","breadcrumb":{"@id":"https:\/\/www.univ-guyane.fr\/2024\/02\/05\/conferences-sur-la-biologie-marine-par-joao-pedro-barreiros\/#breadcrumb"},"inLanguage":"en-GB","potentialAction":[{"@type":"ReadAction","target":["https:\/\/www.univ-guyane.fr\/2024\/02\/05\/conferences-sur-la-biologie-marine-par-joao-pedro-barreiros\/"]}]},{"@type":"ImageObject","inLanguage":"en-GB","@id":"https:\/\/www.univ-guyane.fr\/2024\/02\/05\/conferences-sur-la-biologie-marine-par-joao-pedro-barreiros\/#primaryimage","url":"https:\/\/www.univ-guyane.fr\/wp-content\/uploads\/conference-st-biologie-marine.jpeg","contentUrl":"https:\/\/www.univ-guyane.fr\/wp-content\/uploads\/conference-st-biologie-marine.jpeg","width":1800,"height":1013,"caption":"Conf\u00e9rences sur la biologie marine par Jo\u00e3o Pedro Barreiros"},{"@type":"BreadcrumbList","@id":"https:\/\/www.univ-guyane.fr\/2024\/02\/05\/conferences-sur-la-biologie-marine-par-joao-pedro-barreiros\/#breadcrumb","itemListElement":[{"@type":"ListItem","position":1,"name":"Accueil","item":"https:\/\/www.univ-guyane.fr\/"},{"@type":"ListItem","position":2,"name":"Conf\u00e9rences sur la biologie marine par Jo\u00e3o Pedro Barreiros"}]},{"@type":"WebSite","@id":"https:\/\/www.univ-guyane.fr\/#website","url":"https:\/\/www.univ-guyane.fr\/","name":"University of Guyana","description":"In the heart of Amazonia","publisher":{"@id":"https:\/\/www.univ-guyane.fr\/#organization"},"alternateName":"UG","potentialAction":[{"@type":"SearchAction","target":{"@type":"EntryPoint","urlTemplate":"https:\/\/www.univ-guyane.fr\/?s={search_term_string}"},"query-input":{"@type":"PropertyValueSpecification","valueRequired":true,"valueName":"search_term_string"}}],"inLanguage":"en-GB"},{"@type":"Organization","@id":"https:\/\/www.univ-guyane.fr\/#organization","name":"University of Guyana","alternateName":"UG","url":"https:\/\/www.univ-guyane.fr\/","logo":{"@type":"ImageObject","inLanguage":"en-GB","@id":"https:\/\/www.univ-guyane.fr\/#\/schema\/logo\/image\/","url":"https:\/\/www.univ-guyane.fr\/wp-content\/uploads\/2024\/05\/f.png","contentUrl":"https:\/\/www.univ-guyane.fr\/wp-content\/uploads\/2024\/05\/f.png","width":1024,"height":1024,"caption":"Universit\u00e9 de Guyane"},"image":{"@id":"https:\/\/www.univ-guyane.fr\/#\/schema\/logo\/image\/"},"sameAs":["https:\/\/www.facebook.com\/univguyane","https:\/\/x.com\/univguyane","https:\/\/gf.linkedin.com\/school\/universite-de-guyane\/","https:\/\/www.instagram.com\/univ_guyane\/"]},{"@type":"Person","@id":"https:\/\/www.univ-guyane.fr\/#\/schema\/person\/86d946a28a8be51bb096ccfdf19db179","name":"Erick Loiti\u00e8re","image":{"@type":"ImageObject","inLanguage":"en-GB","@id":"https:\/\/secure.gravatar.com\/avatar\/0584f332103fbeaf37e52c73b15dca3c547fd9300deb05764e9ad8714839d072?s=96&d=robohash&r=g","url":"https:\/\/secure.gravatar.com\/avatar\/0584f332103fbeaf37e52c73b15dca3c547fd9300deb05764e9ad8714839d072?s=96&d=robohash&r=g","contentUrl":"https:\/\/secure.gravatar.com\/avatar\/0584f332103fbeaf37e52c73b15dca3c547fd9300deb05764e9ad8714839d072?s=96&d=robohash&r=g","caption":"Erick Loiti\u00e8re"},"sameAs":["http:\/\/www.univ-guyane.fr"],"url":"https:\/\/www.univ-guyane.fr\/en\/author\/eloitierdbz\/"}]}},"_links":{"self":[{"href":"https:\/\/www.univ-guyane.fr\/en\/wp-json\/wp\/v2\/posts\/8312","targetHints":{"allow":["GET"]}}],"collection":[{"href":"https:\/\/www.univ-guyane.fr\/en\/wp-json\/wp\/v2\/posts"}],"about":[{"href":"https:\/\/www.univ-guyane.fr\/en\/wp-json\/wp\/v2\/types\/post"}],"author":[{"embeddable":true,"href":"https:\/\/www.univ-guyane.fr\/en\/wp-json\/wp\/v2\/users\/1"}],"replies":[{"embeddable":true,"href":"https:\/\/www.univ-guyane.fr\/en\/wp-json\/wp\/v2\/comments?post=8312"}],"version-history":[{"count":4,"href":"https:\/\/www.univ-guyane.fr\/en\/wp-json\/wp\/v2\/posts\/8312\/revisions"}],"predecessor-version":[{"id":9978,"href":"https:\/\/www.univ-guyane.fr\/en\/wp-json\/wp\/v2\/posts\/8312\/revisions\/9978"}],"wp:featuredmedia":[{"embeddable":true,"href":"https:\/\/www.univ-guyane.fr\/en\/wp-json\/wp\/v2\/media\/8313"}],"wp:attachment":[{"href":"https:\/\/www.univ-guyane.fr\/en\/wp-json\/wp\/v2\/media?parent=8312"}],"wp:term":[{"taxonomy":"category","embeddable":true,"href":"https:\/\/www.univ-guyane.fr\/en\/wp-json\/wp\/v2\/categories?post=8312"},{"taxonomy":"post_tag","embeddable":true,"href":"https:\/\/www.univ-guyane.fr\/en\/wp-json\/wp\/v2\/tags?post=8312"}],"curies":[{"name":"wp","href":"https:\/\/api.w.org\/{rel}","templated":true}]}}