{"id":8442,"date":"2023-11-15T14:43:42","date_gmt":"2023-11-15T17:43:42","guid":{"rendered":"https:\/\/www.univ-guyane.fr\/?p=8442"},"modified":"2024-06-17T14:50:03","modified_gmt":"2024-06-17T17:50:03","slug":"luniversite-de-guyane-vous-ouvre-ses-portes","status":"publish","type":"post","link":"https:\/\/www.univ-guyane.fr\/en\/2023\/11\/15\/luniversite-de-guyane-vous-ouvre-ses-portes\/","title":{"rendered":"The University of French Guyana opens its doors to you"},"content":{"rendered":"<div id=\"fws_69f35b387ad75\"  data-column-margin=\"default\" data-midnight=\"dark\"  class=\"wpb_row vc_row-fluid vc_row\"  style=\"padding-top: 0px; padding-bottom: 0px; \"><div class=\"row-bg-wrap\" data-bg-animation=\"none\" data-bg-animation-delay=\"\" data-bg-overlay=\"false\"><div class=\"inner-wrap row-bg-layer\" ><div class=\"row-bg viewport-desktop\"  style=\"\"><\/div><\/div><\/div><div class=\"row_col_wrap_12 col span_12 dark left\">\n\t<div  class=\"vc_col-sm-12 wpb_column column_container vc_column_container col no-extra-padding inherit_tablet inherit_phone\"  data-padding-pos=\"all\" data-has-bg-color=\"false\" data-bg-color=\"\" data-bg-opacity=\"1\" data-animation=\"\" data-delay=\"0\" >\n\t\t<div class=\"vc_column-inner\" >\n\t\t\t<div class=\"wpb_wrapper\">\n\t\t\t\t\n<div class=\"wpb_text_column wpb_content_element  chapo\" >\n\t<div id=\"fws_65555929ac5dc\" class=\"wpb_row vc_row-fluid vc_row\" data-column-margin=\"default\" data-midnight=\"dark\">\n<div class=\"row_col_wrap_12 col span_12 dark left\">\n<div class=\"vc_col-sm-12 wpb_column column_container vc_column_container col no-extra-padding inherit_tablet inherit_phone\" data-padding-pos=\"all\" data-has-bg-color=\"false\" data-bg-color=\"\" data-bg-opacity=\"1\" data-animation=\"\" data-delay=\"0\">\n<div class=\"vc_column-inner\">\n<div class=\"wpb_wrapper\">\n<div class=\"wpb_text_column wpb_content_element\">\n<div class=\"wpb_wrapper\">\n<h2>On Thursday 23 November 2023, from 9 a.m. to 4 p.m., the Troubiran campus of the University of French Guiana will be opening its doors for you to discover its range of courses and student services. High school students, future students, students, your future starts here!<\/h2>\n<\/div>\n<\/div>\n<\/div>\n<\/div>\n<\/div>\n<\/div>\n<\/div>\n<div id=\"fws_65555929ac7a7\" class=\"wpb_row vc_row-fluid vc_row\" data-column-margin=\"default\" data-midnight=\"dark\">\n<div class=\"row-bg-wrap\" data-bg-animation=\"none\" data-bg-animation-delay=\"\" data-bg-overlay=\"false\">\n<div class=\"inner-wrap row-bg-layer\">\n<div class=\"row-bg viewport-desktop\"><\/div>\n<\/div>\n<\/div>\n<div class=\"row_col_wrap_12 col span_12 dark left\">\n<div class=\"vc_col-sm-12 wpb_column column_container vc_column_container col no-extra-padding inherit_tablet inherit_phone\" data-padding-pos=\"all\" data-has-bg-color=\"false\" data-bg-color=\"\" data-bg-opacity=\"1\" data-animation=\"\" data-delay=\"0\">\n<div class=\"vc_column-inner\">\n<div class=\"wpb_wrapper\">\n<div class=\"wpb_text_column wpb_content_element\">\n<div class=\"wpb_wrapper\">\n<div id=\"lipsum\"><\/div>\n<\/div>\n<\/div>\n<\/div>\n<\/div>\n<\/div>\n<\/div>\n<\/div>\n<\/div>\n\n\n\n\n<div class=\"wpb_text_column wpb_content_element\" >\n\t<div class=\"wpb_text_column wpb_content_element\">\n<div class=\"wpb_wrapper\">\n<div id=\"lipsum\">\n<span class=\"nectar-dropcap\" >L <\/span>or our Open Day, <strong>you can discover the full range of courses on offer at the University of Guyana<\/strong><strong>\u00a0<\/strong><strong>:<\/strong> bachelor's degrees, B.U.T., professional bachelor's degrees, master's degrees, preparation for teaching competitions, work-linked training or resumption of studies. Students, lecturers, teaching staff... our teams will answer all your questions!<\/p>\n<p>The Open Day is an essential opportunity to plan your studies, get answers to your questions and make informed choices. It's also an opportunity to talk to lecturers, students and other members of the teaching staff to find out more about the course, the programmes, the pathways, the objectives, the job opportunities and possible further studies...<\/p>\n<p>The JPO is also an opportunity to discover campus life through the many activities on offer (sport, student associations, cultural workshops, etc.) and study visits abroad.<\/p>\n<\/div>\n<\/div>\n<\/div>\n<div class=\"wpb_text_column wpb_content_element vc_custom_1700071568314\">\n<div class=\"wpb_wrapper\">\n<h2><strong>Programme<\/strong><\/h2>\n<p><em>Free admission, no registration required.<\/em><\/p>\n<p>A rich programme will be on offer to the public.<\/p>\n<p>Tours of the campus will take place throughout the day.<\/p>\n<p>Activities will be organised throughout the day:<\/p>\n<ul>\n<li>10am to 1pm: Disability awareness activities<\/li>\n<li>10 a.m. to 3 p.m.: musical blind test<\/li>\n<li>10 a.m. to 3 p.m.: quiz on professional integration, the PEPITE programme, etc.<\/li>\n<li>1.30 pm to 3.30 pm: cultural workshops (film arts, drumming, dance, plastic arts, etc.)<\/li>\n<\/ul>\n<p>Come and talk to the teams from our training and research departments and our student services by visiting their stand. You'll find colleagues from the IUT, the Humanities, Legal and Economic Sciences, Science and Technology and Health departments, the INSPE, the Language Resources Centre, the International Relations Office, the University Library, the Digital Department and our student services (health, student associations, student life office, career guidance and integration, etc.).<\/p>\n<\/div>\n<\/div>\n<\/div>\n\n\n\n\n\t\t\t<\/div> \n\t\t<\/div>\n\t<\/div> \n<\/div><\/div>","protected":false},"excerpt":{"rendered":"On Thursday 23 November 2023, from 9am to 4pm, the Troubiran campus of the University of...","protected":false},"author":1,"featured_media":8447,"comment_status":"closed","ping_status":"open","sticky":false,"template":"","format":"standard","meta":{"iawp_total_views":58,"footnotes":""},"categories":[152],"tags":[],"class_list":{"0":"post-8442","1":"post","2":"type-post","3":"status-publish","4":"format-standard","5":"has-post-thumbnail","7":"category-dosip"},"yoast_head":"<!-- This site is optimized with the Yoast SEO plugin v27.5 - https:\/\/yoast.com\/product\/yoast-seo-wordpress\/ -->\n<title>L\u2019Universit\u00e9 de Guyane vous ouvre ses portes &#8212; Universit\u00e9 de Guyane<\/title>\n<meta name=\"description\" content=\"Rencontrez notre \u00e9quipe p\u00e9dagogique et d\u00e9couvrez l&#039;offre de formation de l&#039;Universit\u00e9 de Guyane lors de notre Journ\u00e9e Portes Ouvertes.\" \/>\n<meta name=\"robots\" content=\"index, follow, max-snippet:-1, max-image-preview:large, max-video-preview:-1\" \/>\n<link rel=\"canonical\" href=\"https:\/\/www.univ-guyane.fr\/en\/2023\/11\/15\/luniversite-de-guyane-vous-ouvre-ses-portes\/\" \/>\n<meta property=\"og:locale\" content=\"en_GB\" \/>\n<meta property=\"og:type\" content=\"article\" \/>\n<meta property=\"og:title\" content=\"L\u2019Universit\u00e9 de Guyane vous ouvre ses portes &#8212; Universit\u00e9 de Guyane\" \/>\n<meta property=\"og:description\" content=\"Rencontrez notre \u00e9quipe p\u00e9dagogique et d\u00e9couvrez l&#039;offre de formation de l&#039;Universit\u00e9 de Guyane lors de notre Journ\u00e9e Portes Ouvertes.\" \/>\n<meta property=\"og:url\" content=\"https:\/\/www.univ-guyane.fr\/en\/2023\/11\/15\/luniversite-de-guyane-vous-ouvre-ses-portes\/\" \/>\n<meta property=\"og:site_name\" content=\"Universit\u00e9 de Guyane\" \/>\n<meta property=\"article:publisher\" content=\"https:\/\/www.facebook.com\/univguyane\" \/>\n<meta property=\"article:published_time\" content=\"2023-11-15T17:43:42+00:00\" \/>\n<meta property=\"article:modified_time\" content=\"2024-06-17T17:50:03+00:00\" \/>\n<meta property=\"og:image\" content=\"https:\/\/www.univ-guyane.fr\/wp-content\/uploads\/luniversite-de-guyane-vous-ouvre-ses-portes-universite-de-guyane-scaled-1.jpeg\" \/>\n\t<meta property=\"og:image:width\" content=\"2560\" \/>\n\t<meta property=\"og:image:height\" content=\"1441\" \/>\n\t<meta property=\"og:image:type\" content=\"image\/jpeg\" \/>\n<meta name=\"author\" content=\"Erick Loiti\u00e8re\" \/>\n<meta name=\"twitter:card\" content=\"summary_large_image\" \/>\n<meta name=\"twitter:creator\" content=\"@univguyane\" \/>\n<meta name=\"twitter:site\" content=\"@univguyane\" \/>\n<meta name=\"twitter:label1\" content=\"Written by\" \/>\n\t<meta name=\"twitter:data1\" content=\"Erick Loiti\u00e8re\" \/>\n\t<meta name=\"twitter:label2\" content=\"Estimated reading time\" \/>\n\t<meta name=\"twitter:data2\" content=\"3 minutes\" \/>\n<script type=\"application\/ld+json\" class=\"yoast-schema-graph\">{\"@context\":\"https:\\\/\\\/schema.org\",\"@graph\":[{\"@type\":\"Article\",\"@id\":\"https:\\\/\\\/www.univ-guyane.fr\\\/2023\\\/11\\\/15\\\/luniversite-de-guyane-vous-ouvre-ses-portes\\\/#article\",\"isPartOf\":{\"@id\":\"https:\\\/\\\/www.univ-guyane.fr\\\/2023\\\/11\\\/15\\\/luniversite-de-guyane-vous-ouvre-ses-portes\\\/\"},\"author\":{\"name\":\"Erick Loiti\u00e8re\",\"@id\":\"https:\\\/\\\/www.univ-guyane.fr\\\/#\\\/schema\\\/person\\\/86d946a28a8be51bb096ccfdf19db179\"},\"headline\":\"L\u2019Universit\u00e9 de Guyane vous ouvre ses portes\",\"datePublished\":\"2023-11-15T17:43:42+00:00\",\"dateModified\":\"2024-06-17T17:50:03+00:00\",\"mainEntityOfPage\":{\"@id\":\"https:\\\/\\\/www.univ-guyane.fr\\\/2023\\\/11\\\/15\\\/luniversite-de-guyane-vous-ouvre-ses-portes\\\/\"},\"wordCount\":563,\"publisher\":{\"@id\":\"https:\\\/\\\/www.univ-guyane.fr\\\/#organization\"},\"image\":{\"@id\":\"https:\\\/\\\/www.univ-guyane.fr\\\/2023\\\/11\\\/15\\\/luniversite-de-guyane-vous-ouvre-ses-portes\\\/#primaryimage\"},\"thumbnailUrl\":\"https:\\\/\\\/www.univ-guyane.fr\\\/wp-content\\\/uploads\\\/luniversite-de-guyane-vous-ouvre-ses-portes-universite-de-guyane-scaled-1.jpeg\",\"articleSection\":[\"\u2022 DOSIP\"],\"inLanguage\":\"en-GB\"},{\"@type\":\"WebPage\",\"@id\":\"https:\\\/\\\/www.univ-guyane.fr\\\/2023\\\/11\\\/15\\\/luniversite-de-guyane-vous-ouvre-ses-portes\\\/\",\"url\":\"https:\\\/\\\/www.univ-guyane.fr\\\/2023\\\/11\\\/15\\\/luniversite-de-guyane-vous-ouvre-ses-portes\\\/\",\"name\":\"L\u2019Universit\u00e9 de Guyane vous ouvre ses portes &#8212; Universit\u00e9 de Guyane\",\"isPartOf\":{\"@id\":\"https:\\\/\\\/www.univ-guyane.fr\\\/#website\"},\"primaryImageOfPage\":{\"@id\":\"https:\\\/\\\/www.univ-guyane.fr\\\/2023\\\/11\\\/15\\\/luniversite-de-guyane-vous-ouvre-ses-portes\\\/#primaryimage\"},\"image\":{\"@id\":\"https:\\\/\\\/www.univ-guyane.fr\\\/2023\\\/11\\\/15\\\/luniversite-de-guyane-vous-ouvre-ses-portes\\\/#primaryimage\"},\"thumbnailUrl\":\"https:\\\/\\\/www.univ-guyane.fr\\\/wp-content\\\/uploads\\\/luniversite-de-guyane-vous-ouvre-ses-portes-universite-de-guyane-scaled-1.jpeg\",\"datePublished\":\"2023-11-15T17:43:42+00:00\",\"dateModified\":\"2024-06-17T17:50:03+00:00\",\"description\":\"Rencontrez notre \u00e9quipe p\u00e9dagogique et d\u00e9couvrez l'offre de formation de l'Universit\u00e9 de Guyane lors de notre Journ\u00e9e Portes Ouvertes.\",\"breadcrumb\":{\"@id\":\"https:\\\/\\\/www.univ-guyane.fr\\\/2023\\\/11\\\/15\\\/luniversite-de-guyane-vous-ouvre-ses-portes\\\/#breadcrumb\"},\"inLanguage\":\"en-GB\",\"potentialAction\":[{\"@type\":\"ReadAction\",\"target\":[\"https:\\\/\\\/www.univ-guyane.fr\\\/2023\\\/11\\\/15\\\/luniversite-de-guyane-vous-ouvre-ses-portes\\\/\"]}]},{\"@type\":\"ImageObject\",\"inLanguage\":\"en-GB\",\"@id\":\"https:\\\/\\\/www.univ-guyane.fr\\\/2023\\\/11\\\/15\\\/luniversite-de-guyane-vous-ouvre-ses-portes\\\/#primaryimage\",\"url\":\"https:\\\/\\\/www.univ-guyane.fr\\\/wp-content\\\/uploads\\\/luniversite-de-guyane-vous-ouvre-ses-portes-universite-de-guyane-scaled-1.jpeg\",\"contentUrl\":\"https:\\\/\\\/www.univ-guyane.fr\\\/wp-content\\\/uploads\\\/luniversite-de-guyane-vous-ouvre-ses-portes-universite-de-guyane-scaled-1.jpeg\",\"width\":2560,\"height\":1441,\"caption\":\"L\u2019Universit\u00e9 de Guyane vous ouvre ses portes\"},{\"@type\":\"BreadcrumbList\",\"@id\":\"https:\\\/\\\/www.univ-guyane.fr\\\/2023\\\/11\\\/15\\\/luniversite-de-guyane-vous-ouvre-ses-portes\\\/#breadcrumb\",\"itemListElement\":[{\"@type\":\"ListItem\",\"position\":1,\"name\":\"Accueil\",\"item\":\"https:\\\/\\\/www.univ-guyane.fr\\\/\"},{\"@type\":\"ListItem\",\"position\":2,\"name\":\"L\u2019Universit\u00e9 de Guyane vous ouvre ses portes\"}]},{\"@type\":\"WebSite\",\"@id\":\"https:\\\/\\\/www.univ-guyane.fr\\\/#website\",\"url\":\"https:\\\/\\\/www.univ-guyane.fr\\\/\",\"name\":\"Universit\u00e9 de Guyane\",\"description\":\"Au c\u0153ur de l&#039;amazonie\",\"publisher\":{\"@id\":\"https:\\\/\\\/www.univ-guyane.fr\\\/#organization\"},\"alternateName\":\"UG\",\"potentialAction\":[{\"@type\":\"SearchAction\",\"target\":{\"@type\":\"EntryPoint\",\"urlTemplate\":\"https:\\\/\\\/www.univ-guyane.fr\\\/?s={search_term_string}\"},\"query-input\":{\"@type\":\"PropertyValueSpecification\",\"valueRequired\":true,\"valueName\":\"search_term_string\"}}],\"inLanguage\":\"en-GB\"},{\"@type\":\"Organization\",\"@id\":\"https:\\\/\\\/www.univ-guyane.fr\\\/#organization\",\"name\":\"Universit\u00e9 de Guyane\",\"alternateName\":\"UG\",\"url\":\"https:\\\/\\\/www.univ-guyane.fr\\\/\",\"logo\":{\"@type\":\"ImageObject\",\"inLanguage\":\"en-GB\",\"@id\":\"https:\\\/\\\/www.univ-guyane.fr\\\/#\\\/schema\\\/logo\\\/image\\\/\",\"url\":\"https:\\\/\\\/www.univ-guyane.fr\\\/wp-content\\\/uploads\\\/2024\\\/05\\\/f.png\",\"contentUrl\":\"https:\\\/\\\/www.univ-guyane.fr\\\/wp-content\\\/uploads\\\/2024\\\/05\\\/f.png\",\"width\":1024,\"height\":1024,\"caption\":\"Universit\u00e9 de Guyane\"},\"image\":{\"@id\":\"https:\\\/\\\/www.univ-guyane.fr\\\/#\\\/schema\\\/logo\\\/image\\\/\"},\"sameAs\":[\"https:\\\/\\\/www.facebook.com\\\/univguyane\",\"https:\\\/\\\/x.com\\\/univguyane\",\"https:\\\/\\\/gf.linkedin.com\\\/school\\\/universite-de-guyane\\\/\",\"https:\\\/\\\/www.instagram.com\\\/univ_guyane\\\/\"]},{\"@type\":\"Person\",\"@id\":\"https:\\\/\\\/www.univ-guyane.fr\\\/#\\\/schema\\\/person\\\/86d946a28a8be51bb096ccfdf19db179\",\"name\":\"Erick Loiti\u00e8re\",\"image\":{\"@type\":\"ImageObject\",\"inLanguage\":\"en-GB\",\"@id\":\"https:\\\/\\\/secure.gravatar.com\\\/avatar\\\/0584f332103fbeaf37e52c73b15dca3c547fd9300deb05764e9ad8714839d072?s=96&d=robohash&r=g\",\"url\":\"https:\\\/\\\/secure.gravatar.com\\\/avatar\\\/0584f332103fbeaf37e52c73b15dca3c547fd9300deb05764e9ad8714839d072?s=96&d=robohash&r=g\",\"contentUrl\":\"https:\\\/\\\/secure.gravatar.com\\\/avatar\\\/0584f332103fbeaf37e52c73b15dca3c547fd9300deb05764e9ad8714839d072?s=96&d=robohash&r=g\",\"caption\":\"Erick Loiti\u00e8re\"},\"sameAs\":[\"http:\\\/\\\/www.univ-guyane.fr\"],\"url\":\"https:\\\/\\\/www.univ-guyane.fr\\\/en\\\/author\\\/eloitierdbz\\\/\"}]}<\/script>\n<!-- \/ Yoast SEO plugin. -->","yoast_head_json":{"title":"The University of French Guyana opens its doors to you - Universit\u00e9 de Guyane","description":"Meet our teaching team and find out more about the range of courses on offer at the University of Guyana during our Open Day.","robots":{"index":"index","follow":"follow","max-snippet":"max-snippet:-1","max-image-preview":"max-image-preview:large","max-video-preview":"max-video-preview:-1"},"canonical":"https:\/\/www.univ-guyane.fr\/en\/2023\/11\/15\/luniversite-de-guyane-vous-ouvre-ses-portes\/","og_locale":"en_GB","og_type":"article","og_title":"L\u2019Universit\u00e9 de Guyane vous ouvre ses portes &#8212; Universit\u00e9 de Guyane","og_description":"Rencontrez notre \u00e9quipe p\u00e9dagogique et d\u00e9couvrez l'offre de formation de l'Universit\u00e9 de Guyane lors de notre Journ\u00e9e Portes Ouvertes.","og_url":"https:\/\/www.univ-guyane.fr\/en\/2023\/11\/15\/luniversite-de-guyane-vous-ouvre-ses-portes\/","og_site_name":"Universit\u00e9 de Guyane","article_publisher":"https:\/\/www.facebook.com\/univguyane","article_published_time":"2023-11-15T17:43:42+00:00","article_modified_time":"2024-06-17T17:50:03+00:00","og_image":[{"width":2560,"height":1441,"url":"https:\/\/www.univ-guyane.fr\/wp-content\/uploads\/luniversite-de-guyane-vous-ouvre-ses-portes-universite-de-guyane-scaled-1.jpeg","type":"image\/jpeg"}],"author":"Erick Loiti\u00e8re","twitter_card":"summary_large_image","twitter_creator":"@univguyane","twitter_site":"@univguyane","twitter_misc":{"Written by":"Erick Loiti\u00e8re","Estimated reading time":"3 minutes"},"schema":{"@context":"https:\/\/schema.org","@graph":[{"@type":"Article","@id":"https:\/\/www.univ-guyane.fr\/2023\/11\/15\/luniversite-de-guyane-vous-ouvre-ses-portes\/#article","isPartOf":{"@id":"https:\/\/www.univ-guyane.fr\/2023\/11\/15\/luniversite-de-guyane-vous-ouvre-ses-portes\/"},"author":{"name":"Erick Loiti\u00e8re","@id":"https:\/\/www.univ-guyane.fr\/#\/schema\/person\/86d946a28a8be51bb096ccfdf19db179"},"headline":"L\u2019Universit\u00e9 de Guyane vous ouvre ses portes","datePublished":"2023-11-15T17:43:42+00:00","dateModified":"2024-06-17T17:50:03+00:00","mainEntityOfPage":{"@id":"https:\/\/www.univ-guyane.fr\/2023\/11\/15\/luniversite-de-guyane-vous-ouvre-ses-portes\/"},"wordCount":563,"publisher":{"@id":"https:\/\/www.univ-guyane.fr\/#organization"},"image":{"@id":"https:\/\/www.univ-guyane.fr\/2023\/11\/15\/luniversite-de-guyane-vous-ouvre-ses-portes\/#primaryimage"},"thumbnailUrl":"https:\/\/www.univ-guyane.fr\/wp-content\/uploads\/luniversite-de-guyane-vous-ouvre-ses-portes-universite-de-guyane-scaled-1.jpeg","articleSection":["\u2022 DOSIP"],"inLanguage":"en-GB"},{"@type":"WebPage","@id":"https:\/\/www.univ-guyane.fr\/2023\/11\/15\/luniversite-de-guyane-vous-ouvre-ses-portes\/","url":"https:\/\/www.univ-guyane.fr\/2023\/11\/15\/luniversite-de-guyane-vous-ouvre-ses-portes\/","name":"The University of French Guyana opens its doors to you - Universit\u00e9 de Guyane","isPartOf":{"@id":"https:\/\/www.univ-guyane.fr\/#website"},"primaryImageOfPage":{"@id":"https:\/\/www.univ-guyane.fr\/2023\/11\/15\/luniversite-de-guyane-vous-ouvre-ses-portes\/#primaryimage"},"image":{"@id":"https:\/\/www.univ-guyane.fr\/2023\/11\/15\/luniversite-de-guyane-vous-ouvre-ses-portes\/#primaryimage"},"thumbnailUrl":"https:\/\/www.univ-guyane.fr\/wp-content\/uploads\/luniversite-de-guyane-vous-ouvre-ses-portes-universite-de-guyane-scaled-1.jpeg","datePublished":"2023-11-15T17:43:42+00:00","dateModified":"2024-06-17T17:50:03+00:00","description":"Meet our teaching team and find out more about the range of courses on offer at the University of Guyana during our Open Day.","breadcrumb":{"@id":"https:\/\/www.univ-guyane.fr\/2023\/11\/15\/luniversite-de-guyane-vous-ouvre-ses-portes\/#breadcrumb"},"inLanguage":"en-GB","potentialAction":[{"@type":"ReadAction","target":["https:\/\/www.univ-guyane.fr\/2023\/11\/15\/luniversite-de-guyane-vous-ouvre-ses-portes\/"]}]},{"@type":"ImageObject","inLanguage":"en-GB","@id":"https:\/\/www.univ-guyane.fr\/2023\/11\/15\/luniversite-de-guyane-vous-ouvre-ses-portes\/#primaryimage","url":"https:\/\/www.univ-guyane.fr\/wp-content\/uploads\/luniversite-de-guyane-vous-ouvre-ses-portes-universite-de-guyane-scaled-1.jpeg","contentUrl":"https:\/\/www.univ-guyane.fr\/wp-content\/uploads\/luniversite-de-guyane-vous-ouvre-ses-portes-universite-de-guyane-scaled-1.jpeg","width":2560,"height":1441,"caption":"L\u2019Universit\u00e9 de Guyane vous ouvre ses portes"},{"@type":"BreadcrumbList","@id":"https:\/\/www.univ-guyane.fr\/2023\/11\/15\/luniversite-de-guyane-vous-ouvre-ses-portes\/#breadcrumb","itemListElement":[{"@type":"ListItem","position":1,"name":"Accueil","item":"https:\/\/www.univ-guyane.fr\/"},{"@type":"ListItem","position":2,"name":"L\u2019Universit\u00e9 de Guyane vous ouvre ses portes"}]},{"@type":"WebSite","@id":"https:\/\/www.univ-guyane.fr\/#website","url":"https:\/\/www.univ-guyane.fr\/","name":"University of Guyana","description":"In the heart of Amazonia","publisher":{"@id":"https:\/\/www.univ-guyane.fr\/#organization"},"alternateName":"UG","potentialAction":[{"@type":"SearchAction","target":{"@type":"EntryPoint","urlTemplate":"https:\/\/www.univ-guyane.fr\/?s={search_term_string}"},"query-input":{"@type":"PropertyValueSpecification","valueRequired":true,"valueName":"search_term_string"}}],"inLanguage":"en-GB"},{"@type":"Organization","@id":"https:\/\/www.univ-guyane.fr\/#organization","name":"University of Guyana","alternateName":"UG","url":"https:\/\/www.univ-guyane.fr\/","logo":{"@type":"ImageObject","inLanguage":"en-GB","@id":"https:\/\/www.univ-guyane.fr\/#\/schema\/logo\/image\/","url":"https:\/\/www.univ-guyane.fr\/wp-content\/uploads\/2024\/05\/f.png","contentUrl":"https:\/\/www.univ-guyane.fr\/wp-content\/uploads\/2024\/05\/f.png","width":1024,"height":1024,"caption":"Universit\u00e9 de Guyane"},"image":{"@id":"https:\/\/www.univ-guyane.fr\/#\/schema\/logo\/image\/"},"sameAs":["https:\/\/www.facebook.com\/univguyane","https:\/\/x.com\/univguyane","https:\/\/gf.linkedin.com\/school\/universite-de-guyane\/","https:\/\/www.instagram.com\/univ_guyane\/"]},{"@type":"Person","@id":"https:\/\/www.univ-guyane.fr\/#\/schema\/person\/86d946a28a8be51bb096ccfdf19db179","name":"Erick Loiti\u00e8re","image":{"@type":"ImageObject","inLanguage":"en-GB","@id":"https:\/\/secure.gravatar.com\/avatar\/0584f332103fbeaf37e52c73b15dca3c547fd9300deb05764e9ad8714839d072?s=96&d=robohash&r=g","url":"https:\/\/secure.gravatar.com\/avatar\/0584f332103fbeaf37e52c73b15dca3c547fd9300deb05764e9ad8714839d072?s=96&d=robohash&r=g","contentUrl":"https:\/\/secure.gravatar.com\/avatar\/0584f332103fbeaf37e52c73b15dca3c547fd9300deb05764e9ad8714839d072?s=96&d=robohash&r=g","caption":"Erick Loiti\u00e8re"},"sameAs":["http:\/\/www.univ-guyane.fr"],"url":"https:\/\/www.univ-guyane.fr\/en\/author\/eloitierdbz\/"}]}},"_links":{"self":[{"href":"https:\/\/www.univ-guyane.fr\/en\/wp-json\/wp\/v2\/posts\/8442","targetHints":{"allow":["GET"]}}],"collection":[{"href":"https:\/\/www.univ-guyane.fr\/en\/wp-json\/wp\/v2\/posts"}],"about":[{"href":"https:\/\/www.univ-guyane.fr\/en\/wp-json\/wp\/v2\/types\/post"}],"author":[{"embeddable":true,"href":"https:\/\/www.univ-guyane.fr\/en\/wp-json\/wp\/v2\/users\/1"}],"replies":[{"embeddable":true,"href":"https:\/\/www.univ-guyane.fr\/en\/wp-json\/wp\/v2\/comments?post=8442"}],"version-history":[{"count":2,"href":"https:\/\/www.univ-guyane.fr\/en\/wp-json\/wp\/v2\/posts\/8442\/revisions"}],"predecessor-version":[{"id":8448,"href":"https:\/\/www.univ-guyane.fr\/en\/wp-json\/wp\/v2\/posts\/8442\/revisions\/8448"}],"wp:featuredmedia":[{"embeddable":true,"href":"https:\/\/www.univ-guyane.fr\/en\/wp-json\/wp\/v2\/media\/8447"}],"wp:attachment":[{"href":"https:\/\/www.univ-guyane.fr\/en\/wp-json\/wp\/v2\/media?parent=8442"}],"wp:term":[{"taxonomy":"category","embeddable":true,"href":"https:\/\/www.univ-guyane.fr\/en\/wp-json\/wp\/v2\/categories?post=8442"},{"taxonomy":"post_tag","embeddable":true,"href":"https:\/\/www.univ-guyane.fr\/en\/wp-json\/wp\/v2\/tags?post=8442"}],"curies":[{"name":"wp","href":"https:\/\/api.w.org\/{rel}","templated":true}]}}