{"id":8513,"date":"2023-09-07T08:24:01","date_gmt":"2023-09-07T11:24:01","guid":{"rendered":"https:\/\/www.univ-guyane.fr\/?p=8513"},"modified":"2024-06-18T08:28:54","modified_gmt":"2024-06-18T11:28:54","slug":"pepite-guyane-une-nouvelle-promotion-a-lhonneur","status":"publish","type":"post","link":"https:\/\/www.univ-guyane.fr\/en\/2023\/09\/07\/pepite-guyane-une-nouvelle-promotion-a-lhonneur\/","title":{"rendered":"PEPITE-Guyane, a new class honoured"},"content":{"rendered":"<div id=\"fws_69f3a92137977\"  data-column-margin=\"default\" data-midnight=\"dark\"  class=\"wpb_row vc_row-fluid vc_row\"  style=\"padding-top: 0px; padding-bottom: 0px; \"><div class=\"row-bg-wrap\" data-bg-animation=\"none\" data-bg-animation-delay=\"\" data-bg-overlay=\"false\"><div class=\"inner-wrap row-bg-layer\" ><div class=\"row-bg viewport-desktop\"  style=\"\"><\/div><\/div><\/div><div class=\"row_col_wrap_12 col span_12 dark left\">\n\t<div  class=\"vc_col-sm-12 wpb_column column_container vc_column_container col no-extra-padding inherit_tablet inherit_phone\"  data-padding-pos=\"all\" data-has-bg-color=\"false\" data-bg-color=\"\" data-bg-opacity=\"1\" data-animation=\"\" data-delay=\"0\" >\n\t\t<div class=\"vc_column-inner\" >\n\t\t\t<div class=\"wpb_wrapper\">\n\t\t\t\t\n<div class=\"wpb_text_column wpb_content_element  chapo\" >\n\t<h2>On 11 July 2023, the Direction de l'Orientation, des Stages et de l'Insertion Professionnelle held its annual meeting with entrepreneurial excellence. Seventeen students from the PEPITE (P\u00f4le \u00c9tudiant Pour l'Innovation, le Transfert et l'Entrepreneuriat) programme in French Guiana were honoured for their hard work and entrepreneurial spirit at a ceremony held in their honour.<\/h2>\n<\/div>\n\n\n\n\n<div class=\"wpb_text_column wpb_content_element\" >\n\t<div id=\"fws_652b47af4e416\" class=\"wpb_row vc_row-fluid vc_row\" data-column-margin=\"default\" data-midnight=\"dark\">\n<div class=\"row_col_wrap_12 col span_12 dark left\">\n<div class=\"vc_col-sm-12 wpb_column column_container vc_column_container col no-extra-padding inherit_tablet inherit_phone\" data-padding-pos=\"all\" data-has-bg-color=\"false\" data-bg-color=\"\" data-bg-opacity=\"1\" data-animation=\"\" data-delay=\"0\">\n<div class=\"vc_column-inner\">\n<div class=\"wpb_wrapper\">\n<div class=\"wpb_text_column wpb_content_element\">\n<div class=\"wpb_wrapper\">\n<span class=\"nectar-dropcap\" >C <\/span>his ceremony took place in the presence of the President of the University of Guyana, Laurent Linguet, the Representative of R\u00e9seaux Entreprendre, Marc Ho Ha CHUCK, and the tutors who have accompanied these young talents throughout their project. It was under the watchful eye of their close friends and family and members of the university community that these nuggets received the precious seal of approval: the \"Student Entrepreneur Diploma\" and the \"Regional Prizes of the PEPITE 2023 competition\". The diversity of the audience in attendance demonstrated the value and scope of this distinction, as well as the constant support and encouragement these young entrepreneurs receive.<\/p>\n<p>PEPITE is an initiative designed to encourage and support young people who want to become entrepreneurs, right from the start of their university career. Obtaining this diploma is therefore a major recognition of their commitment and their ability to innovate, create and develop an entrepreneurial project.<\/p>\n<p>At the end of the ceremony, the new graduates celebrated this crucial stage in their academic and entrepreneurial careers. They presented their products and projects to the audience. Another important exercise for these entrepreneurial seeds.<\/p>\n<p>These new entrepreneurs are undoubtedly the ambassadors of a dynamic, innovative and forward-looking generation. We wish them every success in their future entrepreneurial ventures.<\/p>\n<\/div>\n<\/div>\n<\/div>\n<\/div>\n<\/div>\n<\/div>\n<\/div>\n<div id=\"fws_652b47af4e64e\" class=\"wpb_row vc_row-fluid vc_row\" data-column-margin=\"default\" data-midnight=\"dark\">\n<div class=\"row-bg-wrap\" data-bg-animation=\"none\" data-bg-animation-delay=\"\" data-bg-overlay=\"false\">\n<div class=\"inner-wrap row-bg-layer\">\n<div class=\"row-bg viewport-desktop\"><\/div>\n<\/div>\n<\/div>\n<div class=\"row_col_wrap_12 col span_12 dark left\">\n<div class=\"vc_col-sm-12 wpb_column column_container vc_column_container col no-extra-padding inherit_tablet inherit_phone\" data-padding-pos=\"all\" data-has-bg-color=\"false\" data-bg-color=\"\" data-bg-opacity=\"1\" data-animation=\"\" data-delay=\"0\">\n<div class=\"vc_column-inner\">\n<div class=\"wpb_wrapper\">\n<div class=\"wpb_text_column wpb_content_element\">\n<div class=\"wpb_wrapper\">\n<div id=\"lipsum\">\n<hr \/>\n<h3>Special prizes<\/h3>\n<p>Special prizes were awarded by the jury to reward and highlight outstanding projects. Five graduates received these distinctions.<\/p>\n<p>The \"Jury's Special Prize\", which rewards young people for their initiative in acquiring the equipment they need to launch their project, was awarded to :<\/p>\n<p><strong>JEAN BAPTISTE Dyhonny<\/strong><br \/>\n<em>Therapeutic Garden<\/em><\/p>\n<p><strong>JANUARY Schnader<br \/>\n<\/strong><em>Schnader Events and Voice Over<\/em><\/p>\n<p><strong>MILFORT Darbucha Farahdja<\/strong><br \/>\n<em>GouPeyi<\/em><\/p>\n<p>The \"Student Entrepreneur Prize\" for students who have set up a business or are in the process of doing so has been awarded to :<\/p>\n<p><strong>VIGUE S\u0153urette<br \/>\n<\/strong><em>LydieHair<\/em><\/p>\n<p>Lastly, the \"Local Initiative\" prize was awarded to the student whose project highlights local products or practices:<\/p>\n<p><strong>ASJEME Loana<br \/>\n<\/strong><em>Native American Beauty by Luana<\/em><\/p>\n<p>These prizes, worth between \u20ac2,000 and \u20ac5,000 for each winner, were awarded in recognition of the quality, innovation and potential of their projects. More than just a monetary reward, this gesture shows the confidence and support of the DOSIP and the members of the jury towards these young talents. These awards represent a significant boost to the realisation and pursuit of their initiatives.<\/p>\n<\/div>\n<\/div>\n<\/div>\n<\/div>\n<\/div>\n<\/div>\n<\/div>\n<\/div>\n<\/div>\n\n\n\n\n\t\t\t<\/div> \n\t\t<\/div>\n\t<\/div> \n<\/div><\/div>","protected":false},"excerpt":{"rendered":"On 11 July 2023, the Direction de l'Orientation, des Stages et de l'Insertion Professionnelle...","protected":false},"author":1,"featured_media":8514,"comment_status":"closed","ping_status":"open","sticky":false,"template":"","format":"standard","meta":{"iawp_total_views":91,"footnotes":""},"categories":[152,236],"tags":[],"class_list":{"0":"post-8513","1":"post","2":"type-post","3":"status-publish","4":"format-standard","5":"has-post-thumbnail","7":"category-dosip","8":"category-pepite"},"yoast_head":"<!-- This site is optimized with the Yoast SEO plugin v27.5 - https:\/\/yoast.com\/product\/yoast-seo-wordpress\/ -->\n<title>PEPITE-Guyane, une nouvelle promotion \u00e0 l\u2019honneur &#8212; Universit\u00e9 de Guyane<\/title>\n<meta name=\"description\" content=\"Partagez la fiert\u00e9 des jeunes entrepreneurs en Guyane r\u00e9compens\u00e9s lors de cette c\u00e9r\u00e9monie. Une \u00e9tape cl\u00e9 dans leur parcours entrepreneurial.\" \/>\n<meta name=\"robots\" content=\"index, follow, max-snippet:-1, max-image-preview:large, max-video-preview:-1\" \/>\n<link rel=\"canonical\" href=\"https:\/\/www.univ-guyane.fr\/en\/2023\/09\/07\/pepite-guyane-une-nouvelle-promotion-a-lhonneur\/\" \/>\n<meta property=\"og:locale\" content=\"en_GB\" \/>\n<meta property=\"og:type\" content=\"article\" \/>\n<meta property=\"og:title\" content=\"PEPITE-Guyane, une nouvelle promotion \u00e0 l\u2019honneur &#8212; Universit\u00e9 de Guyane\" \/>\n<meta property=\"og:description\" content=\"Partagez la fiert\u00e9 des jeunes entrepreneurs en Guyane r\u00e9compens\u00e9s lors de cette c\u00e9r\u00e9monie. Une \u00e9tape cl\u00e9 dans leur parcours entrepreneurial.\" \/>\n<meta property=\"og:url\" content=\"https:\/\/www.univ-guyane.fr\/en\/2023\/09\/07\/pepite-guyane-une-nouvelle-promotion-a-lhonneur\/\" \/>\n<meta property=\"og:site_name\" content=\"Universit\u00e9 de Guyane\" \/>\n<meta property=\"article:publisher\" content=\"https:\/\/www.facebook.com\/univguyane\" \/>\n<meta property=\"article:published_time\" content=\"2023-09-07T11:24:01+00:00\" \/>\n<meta property=\"article:modified_time\" content=\"2024-06-18T11:28:54+00:00\" \/>\n<meta property=\"og:image\" content=\"https:\/\/www.univ-guyane.fr\/wp-content\/uploads\/ceremonie-prix-pepite11-07-2023-universite-de-guyane.jpeg\" \/>\n\t<meta property=\"og:image:width\" content=\"1800\" \/>\n\t<meta property=\"og:image:height\" content=\"1013\" \/>\n\t<meta property=\"og:image:type\" content=\"image\/jpeg\" \/>\n<meta name=\"author\" content=\"Erick Loiti\u00e8re\" \/>\n<meta name=\"twitter:card\" content=\"summary_large_image\" \/>\n<meta name=\"twitter:creator\" content=\"@univguyane\" \/>\n<meta name=\"twitter:site\" content=\"@univguyane\" \/>\n<meta name=\"twitter:label1\" content=\"Written by\" \/>\n\t<meta name=\"twitter:data1\" content=\"Erick Loiti\u00e8re\" \/>\n\t<meta name=\"twitter:label2\" content=\"Estimated reading time\" \/>\n\t<meta name=\"twitter:data2\" content=\"3 minutes\" \/>\n<script type=\"application\/ld+json\" class=\"yoast-schema-graph\">{\"@context\":\"https:\\\/\\\/schema.org\",\"@graph\":[{\"@type\":\"Article\",\"@id\":\"https:\\\/\\\/www.univ-guyane.fr\\\/2023\\\/09\\\/07\\\/pepite-guyane-une-nouvelle-promotion-a-lhonneur\\\/#article\",\"isPartOf\":{\"@id\":\"https:\\\/\\\/www.univ-guyane.fr\\\/2023\\\/09\\\/07\\\/pepite-guyane-une-nouvelle-promotion-a-lhonneur\\\/\"},\"author\":{\"name\":\"Erick Loiti\u00e8re\",\"@id\":\"https:\\\/\\\/www.univ-guyane.fr\\\/#\\\/schema\\\/person\\\/86d946a28a8be51bb096ccfdf19db179\"},\"headline\":\"PEPITE-Guyane, une nouvelle promotion \u00e0 l\u2019honneur\",\"datePublished\":\"2023-09-07T11:24:01+00:00\",\"dateModified\":\"2024-06-18T11:28:54+00:00\",\"mainEntityOfPage\":{\"@id\":\"https:\\\/\\\/www.univ-guyane.fr\\\/2023\\\/09\\\/07\\\/pepite-guyane-une-nouvelle-promotion-a-lhonneur\\\/\"},\"wordCount\":742,\"publisher\":{\"@id\":\"https:\\\/\\\/www.univ-guyane.fr\\\/#organization\"},\"image\":{\"@id\":\"https:\\\/\\\/www.univ-guyane.fr\\\/2023\\\/09\\\/07\\\/pepite-guyane-une-nouvelle-promotion-a-lhonneur\\\/#primaryimage\"},\"thumbnailUrl\":\"https:\\\/\\\/www.univ-guyane.fr\\\/wp-content\\\/uploads\\\/ceremonie-prix-pepite11-07-2023-universite-de-guyane.jpeg\",\"articleSection\":[\"\u2022 DOSIP\",\"\u2022 Pepite\"],\"inLanguage\":\"en-GB\"},{\"@type\":\"WebPage\",\"@id\":\"https:\\\/\\\/www.univ-guyane.fr\\\/2023\\\/09\\\/07\\\/pepite-guyane-une-nouvelle-promotion-a-lhonneur\\\/\",\"url\":\"https:\\\/\\\/www.univ-guyane.fr\\\/2023\\\/09\\\/07\\\/pepite-guyane-une-nouvelle-promotion-a-lhonneur\\\/\",\"name\":\"PEPITE-Guyane, une nouvelle promotion \u00e0 l\u2019honneur &#8212; Universit\u00e9 de Guyane\",\"isPartOf\":{\"@id\":\"https:\\\/\\\/www.univ-guyane.fr\\\/#website\"},\"primaryImageOfPage\":{\"@id\":\"https:\\\/\\\/www.univ-guyane.fr\\\/2023\\\/09\\\/07\\\/pepite-guyane-une-nouvelle-promotion-a-lhonneur\\\/#primaryimage\"},\"image\":{\"@id\":\"https:\\\/\\\/www.univ-guyane.fr\\\/2023\\\/09\\\/07\\\/pepite-guyane-une-nouvelle-promotion-a-lhonneur\\\/#primaryimage\"},\"thumbnailUrl\":\"https:\\\/\\\/www.univ-guyane.fr\\\/wp-content\\\/uploads\\\/ceremonie-prix-pepite11-07-2023-universite-de-guyane.jpeg\",\"datePublished\":\"2023-09-07T11:24:01+00:00\",\"dateModified\":\"2024-06-18T11:28:54+00:00\",\"description\":\"Partagez la fiert\u00e9 des jeunes entrepreneurs en Guyane r\u00e9compens\u00e9s lors de cette c\u00e9r\u00e9monie. Une \u00e9tape cl\u00e9 dans leur parcours entrepreneurial.\",\"breadcrumb\":{\"@id\":\"https:\\\/\\\/www.univ-guyane.fr\\\/2023\\\/09\\\/07\\\/pepite-guyane-une-nouvelle-promotion-a-lhonneur\\\/#breadcrumb\"},\"inLanguage\":\"en-GB\",\"potentialAction\":[{\"@type\":\"ReadAction\",\"target\":[\"https:\\\/\\\/www.univ-guyane.fr\\\/2023\\\/09\\\/07\\\/pepite-guyane-une-nouvelle-promotion-a-lhonneur\\\/\"]}]},{\"@type\":\"ImageObject\",\"inLanguage\":\"en-GB\",\"@id\":\"https:\\\/\\\/www.univ-guyane.fr\\\/2023\\\/09\\\/07\\\/pepite-guyane-une-nouvelle-promotion-a-lhonneur\\\/#primaryimage\",\"url\":\"https:\\\/\\\/www.univ-guyane.fr\\\/wp-content\\\/uploads\\\/ceremonie-prix-pepite11-07-2023-universite-de-guyane.jpeg\",\"contentUrl\":\"https:\\\/\\\/www.univ-guyane.fr\\\/wp-content\\\/uploads\\\/ceremonie-prix-pepite11-07-2023-universite-de-guyane.jpeg\",\"width\":1800,\"height\":1013,\"caption\":\"PEPITE-Guyane, une nouvelle promotion \u00e0 l\u2019honneur\"},{\"@type\":\"BreadcrumbList\",\"@id\":\"https:\\\/\\\/www.univ-guyane.fr\\\/2023\\\/09\\\/07\\\/pepite-guyane-une-nouvelle-promotion-a-lhonneur\\\/#breadcrumb\",\"itemListElement\":[{\"@type\":\"ListItem\",\"position\":1,\"name\":\"Accueil\",\"item\":\"https:\\\/\\\/www.univ-guyane.fr\\\/\"},{\"@type\":\"ListItem\",\"position\":2,\"name\":\"PEPITE-Guyane, une nouvelle promotion \u00e0 l\u2019honneur\"}]},{\"@type\":\"WebSite\",\"@id\":\"https:\\\/\\\/www.univ-guyane.fr\\\/#website\",\"url\":\"https:\\\/\\\/www.univ-guyane.fr\\\/\",\"name\":\"Universit\u00e9 de Guyane\",\"description\":\"Au c\u0153ur de l&#039;amazonie\",\"publisher\":{\"@id\":\"https:\\\/\\\/www.univ-guyane.fr\\\/#organization\"},\"alternateName\":\"UG\",\"potentialAction\":[{\"@type\":\"SearchAction\",\"target\":{\"@type\":\"EntryPoint\",\"urlTemplate\":\"https:\\\/\\\/www.univ-guyane.fr\\\/?s={search_term_string}\"},\"query-input\":{\"@type\":\"PropertyValueSpecification\",\"valueRequired\":true,\"valueName\":\"search_term_string\"}}],\"inLanguage\":\"en-GB\"},{\"@type\":\"Organization\",\"@id\":\"https:\\\/\\\/www.univ-guyane.fr\\\/#organization\",\"name\":\"Universit\u00e9 de Guyane\",\"alternateName\":\"UG\",\"url\":\"https:\\\/\\\/www.univ-guyane.fr\\\/\",\"logo\":{\"@type\":\"ImageObject\",\"inLanguage\":\"en-GB\",\"@id\":\"https:\\\/\\\/www.univ-guyane.fr\\\/#\\\/schema\\\/logo\\\/image\\\/\",\"url\":\"https:\\\/\\\/www.univ-guyane.fr\\\/wp-content\\\/uploads\\\/2024\\\/05\\\/f.png\",\"contentUrl\":\"https:\\\/\\\/www.univ-guyane.fr\\\/wp-content\\\/uploads\\\/2024\\\/05\\\/f.png\",\"width\":1024,\"height\":1024,\"caption\":\"Universit\u00e9 de Guyane\"},\"image\":{\"@id\":\"https:\\\/\\\/www.univ-guyane.fr\\\/#\\\/schema\\\/logo\\\/image\\\/\"},\"sameAs\":[\"https:\\\/\\\/www.facebook.com\\\/univguyane\",\"https:\\\/\\\/x.com\\\/univguyane\",\"https:\\\/\\\/gf.linkedin.com\\\/school\\\/universite-de-guyane\\\/\",\"https:\\\/\\\/www.instagram.com\\\/univ_guyane\\\/\"]},{\"@type\":\"Person\",\"@id\":\"https:\\\/\\\/www.univ-guyane.fr\\\/#\\\/schema\\\/person\\\/86d946a28a8be51bb096ccfdf19db179\",\"name\":\"Erick Loiti\u00e8re\",\"image\":{\"@type\":\"ImageObject\",\"inLanguage\":\"en-GB\",\"@id\":\"https:\\\/\\\/secure.gravatar.com\\\/avatar\\\/0584f332103fbeaf37e52c73b15dca3c547fd9300deb05764e9ad8714839d072?s=96&d=robohash&r=g\",\"url\":\"https:\\\/\\\/secure.gravatar.com\\\/avatar\\\/0584f332103fbeaf37e52c73b15dca3c547fd9300deb05764e9ad8714839d072?s=96&d=robohash&r=g\",\"contentUrl\":\"https:\\\/\\\/secure.gravatar.com\\\/avatar\\\/0584f332103fbeaf37e52c73b15dca3c547fd9300deb05764e9ad8714839d072?s=96&d=robohash&r=g\",\"caption\":\"Erick Loiti\u00e8re\"},\"sameAs\":[\"http:\\\/\\\/www.univ-guyane.fr\"],\"url\":\"https:\\\/\\\/www.univ-guyane.fr\\\/en\\\/author\\\/eloitierdbz\\\/\"}]}<\/script>\n<!-- \/ Yoast SEO plugin. -->","yoast_head_json":{"title":"PEPITE-Guyane, a new class honoured - Universit\u00e9 de Guyane","description":"Share the pride of the young entrepreneurs in French Guiana rewarded at this ceremony. A milestone in their entrepreneurial journey.","robots":{"index":"index","follow":"follow","max-snippet":"max-snippet:-1","max-image-preview":"max-image-preview:large","max-video-preview":"max-video-preview:-1"},"canonical":"https:\/\/www.univ-guyane.fr\/en\/2023\/09\/07\/pepite-guyane-une-nouvelle-promotion-a-lhonneur\/","og_locale":"en_GB","og_type":"article","og_title":"PEPITE-Guyane, une nouvelle promotion \u00e0 l\u2019honneur &#8212; Universit\u00e9 de Guyane","og_description":"Partagez la fiert\u00e9 des jeunes entrepreneurs en Guyane r\u00e9compens\u00e9s lors de cette c\u00e9r\u00e9monie. Une \u00e9tape cl\u00e9 dans leur parcours entrepreneurial.","og_url":"https:\/\/www.univ-guyane.fr\/en\/2023\/09\/07\/pepite-guyane-une-nouvelle-promotion-a-lhonneur\/","og_site_name":"Universit\u00e9 de Guyane","article_publisher":"https:\/\/www.facebook.com\/univguyane","article_published_time":"2023-09-07T11:24:01+00:00","article_modified_time":"2024-06-18T11:28:54+00:00","og_image":[{"width":1800,"height":1013,"url":"https:\/\/www.univ-guyane.fr\/wp-content\/uploads\/ceremonie-prix-pepite11-07-2023-universite-de-guyane.jpeg","type":"image\/jpeg"}],"author":"Erick Loiti\u00e8re","twitter_card":"summary_large_image","twitter_creator":"@univguyane","twitter_site":"@univguyane","twitter_misc":{"Written by":"Erick Loiti\u00e8re","Estimated reading time":"3 minutes"},"schema":{"@context":"https:\/\/schema.org","@graph":[{"@type":"Article","@id":"https:\/\/www.univ-guyane.fr\/2023\/09\/07\/pepite-guyane-une-nouvelle-promotion-a-lhonneur\/#article","isPartOf":{"@id":"https:\/\/www.univ-guyane.fr\/2023\/09\/07\/pepite-guyane-une-nouvelle-promotion-a-lhonneur\/"},"author":{"name":"Erick Loiti\u00e8re","@id":"https:\/\/www.univ-guyane.fr\/#\/schema\/person\/86d946a28a8be51bb096ccfdf19db179"},"headline":"PEPITE-Guyane, une nouvelle promotion \u00e0 l\u2019honneur","datePublished":"2023-09-07T11:24:01+00:00","dateModified":"2024-06-18T11:28:54+00:00","mainEntityOfPage":{"@id":"https:\/\/www.univ-guyane.fr\/2023\/09\/07\/pepite-guyane-une-nouvelle-promotion-a-lhonneur\/"},"wordCount":742,"publisher":{"@id":"https:\/\/www.univ-guyane.fr\/#organization"},"image":{"@id":"https:\/\/www.univ-guyane.fr\/2023\/09\/07\/pepite-guyane-une-nouvelle-promotion-a-lhonneur\/#primaryimage"},"thumbnailUrl":"https:\/\/www.univ-guyane.fr\/wp-content\/uploads\/ceremonie-prix-pepite11-07-2023-universite-de-guyane.jpeg","articleSection":["\u2022 DOSIP","\u2022 Pepite"],"inLanguage":"en-GB"},{"@type":"WebPage","@id":"https:\/\/www.univ-guyane.fr\/2023\/09\/07\/pepite-guyane-une-nouvelle-promotion-a-lhonneur\/","url":"https:\/\/www.univ-guyane.fr\/2023\/09\/07\/pepite-guyane-une-nouvelle-promotion-a-lhonneur\/","name":"PEPITE-Guyane, a new class honoured - Universit\u00e9 de Guyane","isPartOf":{"@id":"https:\/\/www.univ-guyane.fr\/#website"},"primaryImageOfPage":{"@id":"https:\/\/www.univ-guyane.fr\/2023\/09\/07\/pepite-guyane-une-nouvelle-promotion-a-lhonneur\/#primaryimage"},"image":{"@id":"https:\/\/www.univ-guyane.fr\/2023\/09\/07\/pepite-guyane-une-nouvelle-promotion-a-lhonneur\/#primaryimage"},"thumbnailUrl":"https:\/\/www.univ-guyane.fr\/wp-content\/uploads\/ceremonie-prix-pepite11-07-2023-universite-de-guyane.jpeg","datePublished":"2023-09-07T11:24:01+00:00","dateModified":"2024-06-18T11:28:54+00:00","description":"Share the pride of the young entrepreneurs in French Guiana rewarded at this ceremony. A milestone in their entrepreneurial journey.","breadcrumb":{"@id":"https:\/\/www.univ-guyane.fr\/2023\/09\/07\/pepite-guyane-une-nouvelle-promotion-a-lhonneur\/#breadcrumb"},"inLanguage":"en-GB","potentialAction":[{"@type":"ReadAction","target":["https:\/\/www.univ-guyane.fr\/2023\/09\/07\/pepite-guyane-une-nouvelle-promotion-a-lhonneur\/"]}]},{"@type":"ImageObject","inLanguage":"en-GB","@id":"https:\/\/www.univ-guyane.fr\/2023\/09\/07\/pepite-guyane-une-nouvelle-promotion-a-lhonneur\/#primaryimage","url":"https:\/\/www.univ-guyane.fr\/wp-content\/uploads\/ceremonie-prix-pepite11-07-2023-universite-de-guyane.jpeg","contentUrl":"https:\/\/www.univ-guyane.fr\/wp-content\/uploads\/ceremonie-prix-pepite11-07-2023-universite-de-guyane.jpeg","width":1800,"height":1013,"caption":"PEPITE-Guyane, une nouvelle promotion \u00e0 l\u2019honneur"},{"@type":"BreadcrumbList","@id":"https:\/\/www.univ-guyane.fr\/2023\/09\/07\/pepite-guyane-une-nouvelle-promotion-a-lhonneur\/#breadcrumb","itemListElement":[{"@type":"ListItem","position":1,"name":"Accueil","item":"https:\/\/www.univ-guyane.fr\/"},{"@type":"ListItem","position":2,"name":"PEPITE-Guyane, une nouvelle promotion \u00e0 l\u2019honneur"}]},{"@type":"WebSite","@id":"https:\/\/www.univ-guyane.fr\/#website","url":"https:\/\/www.univ-guyane.fr\/","name":"University of Guyana","description":"In the heart of Amazonia","publisher":{"@id":"https:\/\/www.univ-guyane.fr\/#organization"},"alternateName":"UG","potentialAction":[{"@type":"SearchAction","target":{"@type":"EntryPoint","urlTemplate":"https:\/\/www.univ-guyane.fr\/?s={search_term_string}"},"query-input":{"@type":"PropertyValueSpecification","valueRequired":true,"valueName":"search_term_string"}}],"inLanguage":"en-GB"},{"@type":"Organization","@id":"https:\/\/www.univ-guyane.fr\/#organization","name":"University of Guyana","alternateName":"UG","url":"https:\/\/www.univ-guyane.fr\/","logo":{"@type":"ImageObject","inLanguage":"en-GB","@id":"https:\/\/www.univ-guyane.fr\/#\/schema\/logo\/image\/","url":"https:\/\/www.univ-guyane.fr\/wp-content\/uploads\/2024\/05\/f.png","contentUrl":"https:\/\/www.univ-guyane.fr\/wp-content\/uploads\/2024\/05\/f.png","width":1024,"height":1024,"caption":"Universit\u00e9 de Guyane"},"image":{"@id":"https:\/\/www.univ-guyane.fr\/#\/schema\/logo\/image\/"},"sameAs":["https:\/\/www.facebook.com\/univguyane","https:\/\/x.com\/univguyane","https:\/\/gf.linkedin.com\/school\/universite-de-guyane\/","https:\/\/www.instagram.com\/univ_guyane\/"]},{"@type":"Person","@id":"https:\/\/www.univ-guyane.fr\/#\/schema\/person\/86d946a28a8be51bb096ccfdf19db179","name":"Erick Loiti\u00e8re","image":{"@type":"ImageObject","inLanguage":"en-GB","@id":"https:\/\/secure.gravatar.com\/avatar\/0584f332103fbeaf37e52c73b15dca3c547fd9300deb05764e9ad8714839d072?s=96&d=robohash&r=g","url":"https:\/\/secure.gravatar.com\/avatar\/0584f332103fbeaf37e52c73b15dca3c547fd9300deb05764e9ad8714839d072?s=96&d=robohash&r=g","contentUrl":"https:\/\/secure.gravatar.com\/avatar\/0584f332103fbeaf37e52c73b15dca3c547fd9300deb05764e9ad8714839d072?s=96&d=robohash&r=g","caption":"Erick Loiti\u00e8re"},"sameAs":["http:\/\/www.univ-guyane.fr"],"url":"https:\/\/www.univ-guyane.fr\/en\/author\/eloitierdbz\/"}]}},"_links":{"self":[{"href":"https:\/\/www.univ-guyane.fr\/en\/wp-json\/wp\/v2\/posts\/8513","targetHints":{"allow":["GET"]}}],"collection":[{"href":"https:\/\/www.univ-guyane.fr\/en\/wp-json\/wp\/v2\/posts"}],"about":[{"href":"https:\/\/www.univ-guyane.fr\/en\/wp-json\/wp\/v2\/types\/post"}],"author":[{"embeddable":true,"href":"https:\/\/www.univ-guyane.fr\/en\/wp-json\/wp\/v2\/users\/1"}],"replies":[{"embeddable":true,"href":"https:\/\/www.univ-guyane.fr\/en\/wp-json\/wp\/v2\/comments?post=8513"}],"version-history":[{"count":1,"href":"https:\/\/www.univ-guyane.fr\/en\/wp-json\/wp\/v2\/posts\/8513\/revisions"}],"predecessor-version":[{"id":8515,"href":"https:\/\/www.univ-guyane.fr\/en\/wp-json\/wp\/v2\/posts\/8513\/revisions\/8515"}],"wp:featuredmedia":[{"embeddable":true,"href":"https:\/\/www.univ-guyane.fr\/en\/wp-json\/wp\/v2\/media\/8514"}],"wp:attachment":[{"href":"https:\/\/www.univ-guyane.fr\/en\/wp-json\/wp\/v2\/media?parent=8513"}],"wp:term":[{"taxonomy":"category","embeddable":true,"href":"https:\/\/www.univ-guyane.fr\/en\/wp-json\/wp\/v2\/categories?post=8513"},{"taxonomy":"post_tag","embeddable":true,"href":"https:\/\/www.univ-guyane.fr\/en\/wp-json\/wp\/v2\/tags?post=8513"}],"curies":[{"name":"wp","href":"https:\/\/api.w.org\/{rel}","templated":true}]}}