{"id":8553,"date":"2023-04-21T09:27:05","date_gmt":"2023-04-21T12:27:05","guid":{"rendered":"https:\/\/www.univ-guyane.fr\/?p=8553"},"modified":"2024-06-18T09:30:10","modified_gmt":"2024-06-18T12:30:10","slug":"prise-en-charge-des-maladies-chroniques-un-regard-croise-benin-guyane-francaise","status":"publish","type":"post","link":"https:\/\/www.univ-guyane.fr\/en\/2023\/04\/21\/prise-en-charge-des-maladies-chroniques-un-regard-croise-benin-guyane-francaise\/","title":{"rendered":"Chronic disease management: a Benin-French Guyana perspective"},"content":{"rendered":"<div id=\"fws_69f389ead61c8\"  data-column-margin=\"default\" data-midnight=\"dark\"  class=\"wpb_row vc_row-fluid vc_row\"  style=\"padding-top: 0px; padding-bottom: 0px; \"><div class=\"row-bg-wrap\" data-bg-animation=\"none\" data-bg-animation-delay=\"\" data-bg-overlay=\"false\"><div class=\"inner-wrap row-bg-layer\" ><div class=\"row-bg viewport-desktop\"  style=\"\"><\/div><\/div><\/div><div class=\"row_col_wrap_12 col span_12 dark left\">\n\t<div  class=\"vc_col-sm-12 wpb_column column_container vc_column_container col no-extra-padding inherit_tablet inherit_phone\"  data-padding-pos=\"all\" data-has-bg-color=\"false\" data-bg-color=\"\" data-bg-opacity=\"1\" data-animation=\"\" data-delay=\"0\" >\n\t\t<div class=\"vc_column-inner\" >\n\t\t\t<div class=\"wpb_wrapper\">\n\t\t\t\t\n<div class=\"wpb_text_column wpb_content_element  chapo\" >\n\t<h2><strong>On the occasion of the visit to French Guyana of Mrs Doroth\u00e9e KINDE-GAZARD, Professor of Medicine at the University of Abomey Calavi, the MINEA laboratory is organising a conference. This will take place on Wednesday 26 April 2023 from 9am in amphitheatre A on the Troubiran campus. The conference will focus on the management of chronic diseases.<\/strong><\/h2>\n<\/div>\n\n\n\n\n<div class=\"wpb_text_column wpb_content_element\" >\n\t<div class=\"wpb_text_column wpb_content_element\">\n<div class=\"wpb_wrapper\">\n<div id=\"lipsum\">\n<span class=\"nectar-dropcap\" >L <\/span>his conference will be led by Mrs Doroth\u00e9e KINDE-GAZARD, Professor of Medicine at the University of Abomey Calavi, specialist in tropical health and former Minister of Health in Benin. She will also be present in French Guiana during the seminar on society, culture and health organised by the MINEA laboratory and their partners.<\/p>\n<p>This seminar will provide a cross-country perspective between French Guyana and Benin, highlighting practices and experiences in the management of chronic diseases in these two territories, which are faced with specific health realities.<\/p>\n<p>During the visit, a number of meetings and conferences will be held in Cayenne, Saint-Laurent du Maroni and Macouria. During these conferences, a number of players from the region's healthcare sector will be taking the floor. Lecturers and researchers from the University of Guyana will discuss various aspects of the management of chronic diseases, with a particular focus on high blood pressure, HIV and malaria; a cross-cutting approach between Guyana and Benin.<\/p>\n<\/div>\n<\/div>\n<\/div>\n<div class=\"wpb_text_column wpb_content_element vc_custom_1682347295099\">\n<div class=\"wpb_wrapper\">\n<h3><strong>Programme<\/strong><\/h3>\n<p>Monday 24th April<\/p>\n<ul>\n<li>Departure for a discovery tour of Macouria.<\/li>\n<li>Tuberculosis\" public health conference - City of Macouria \/ ARS Guyane.<\/li>\n<\/ul>\n<hr \/>\n<p>Tuesday 25 April<\/p>\n<ul>\n<li>Visit to the local research units: TBIPP and Institut PASTEUR.<\/li>\n<li>Malaria\" public health conference - City of Macouria \/ ARS Guyane.<\/li>\n<\/ul>\n<hr \/>\n<p>Wednesday 26th April<\/p>\n<ul>\n<li>Multi-disciplinary round tables: \"The management of chronic diseases, a cross-section of Benin and French Guyana\" - University of French Guyana \/ MINEA Laboratory.<\/li>\n<li>Meeting with health students - Universit\u00e9 de Guyane \/ IFSI \/ Externat \/ IUT de Kourou.<\/li>\n<\/ul>\n<hr \/>\n<p>Thursday 27 April<\/p>\n<ul>\n<li>Visit to Saint-Laurent du Maroni.<\/li>\n<li>Meeting with the Mama Bobi association - Local de l'<\/li>\n<li>Alternative medicine and interculturality\" conference - at the SLM CHOG.<\/li>\n<\/ul>\n<\/div>\n<\/div>\n<div class=\"wpb_text_column wpb_content_element\">\n<div class=\"wpb_wrapper\">\n<h3><strong>Information and registration for conferences<\/strong><\/h3>\n<p>Macouria Town Hall: kaGRACEETIENNE@villedemacouria.fr<br \/>\nUniversity of Guyana: 0694244450 monique.blerald@univ-guyane.fr<br \/>\nMINEA: +33 6 95008069 hugues.domingo@univ-guyane.fr<br \/>\nGuyana-Benin correspondent: 0694226062 happykoffi@gmail.com<\/p>\n<\/div>\n<\/div>\n<div class=\"wpb_text_column wpb_content_element vc_custom_1682347060343\">\n<div class=\"wpb_wrapper\">\n<p><strong>A few words about Doroth\u00e9e Akoko Kind\u00e9<\/strong><strong>-Gazard<\/strong><\/p>\n<p>Doroth\u00e9e Akoko Kind\u00e9-Gazard (KINDE-GAZARD) has been Full Professor of Parasitology-Mycology at the University of Abomey Calavi in Benin since 2012, after obtaining her agr\u00e9gation in 2004. Her internationally renowned expertise has earned her several awards, including:<\/p>\n<ul>\n<li>Knight of the Legion of Honour of the French Republic (2009)<\/li>\n<li>Knight of the Legion of Honour of Benin (2014)<\/li>\n<li>Ministerial Heath Leadership Harvard (2014)<\/li>\n<li>Paul Harris Fellow of the Rotary Club Medal<\/li>\n<\/ul>\n<p>Professor KINDE-GAZARD is currently Chair of the Global Fund's Strategy Committee, and was Coordinator of the National Malaria Control Programme (2001-2005) in Benin and Co-Director of the 1st and 2nd International Francophone Malaria Control Courses as part of the \"Roll Back Malaria\" initiative (2000 and 2003).<\/p>\n<p>An international expert and consultant, Professor Doroth\u00e9e KINDE-GAZARD has worked with a number of international institutions, including the WHO (World Health Organisation; she was even a candidate for the Africa regional directorate in 2014). UNICEF, Pan-African Steering Committee, UNFPA etc.<\/p>\n<p>Chair of the Global Fund CCM: Mobilisation of rounds 5 HIV\/AIDS, round 6 Tuberculosis, round 7 and Chair of the Regional Coordination Committee of the Abidjan-Lagos Corridor project to combat HIV\/AIDS among migrant populations, Professor KINDE-GAZARD has recently held the positions of Head of the Parasitology-Mycology Training and Research Unit at the Faculty of Health Sciences in Cotonou; Coordinator of the Integrated Malaria Control Centre (CLIP); Deputy Director of the Clinical Research Institute of Benin (IRCB); and Coordinator of the Diploma of Special Studies in Clinical Biology from 2015-2022.<\/p>\n<p>Professor Doroth\u00e9e Akoko KINDE-GAZARD is 65 years old and eligible for retirement. She is the author of more than seventy (70) scientific publications and the director of some sixty PhD theses in medicine and pharmacy in Africa.<\/p>\n<\/div>\n<\/div>\n<\/div>\n\n\n\n\n\t\t\t<\/div> \n\t\t<\/div>\n\t<\/div> \n<\/div><\/div>","protected":false},"excerpt":{"rendered":"On the occasion of the visit to French Guiana of Mrs Doroth\u00e9e KINDE-GAZARD, Professor of Medicine at...","protected":false},"author":1,"featured_media":8554,"comment_status":"closed","ping_status":"open","sticky":false,"template":"","format":"standard","meta":{"iawp_total_views":42,"footnotes":""},"categories":[187],"tags":[],"class_list":{"0":"post-8553","1":"post","2":"type-post","3":"status-publish","4":"format-standard","5":"has-post-thumbnail","7":"category-minea"},"yoast_head":"<!-- This site is optimized with the Yoast SEO plugin v27.5 - https:\/\/yoast.com\/product\/yoast-seo-wordpress\/ -->\n<title>Prise en charge des maladies chroniques : un regard crois\u00e9 B\u00e9nin-Guyane fran\u00e7aise &#8212; Universit\u00e9 de Guyane<\/title>\n<meta name=\"description\" content=\"Conf\u00e9rence sur la prise en charge des maladies chroniques en Guyane et au B\u00e9nin par Doroth\u00e9e KINDE-GAZARD, sp\u00e9cialiste de sant\u00e9 tropicale.\" \/>\n<meta name=\"robots\" content=\"index, follow, max-snippet:-1, max-image-preview:large, max-video-preview:-1\" \/>\n<link rel=\"canonical\" href=\"https:\/\/www.univ-guyane.fr\/en\/2023\/04\/21\/prise-en-charge-des-maladies-chroniques-un-regard-croise-benin-guyane-francaise\/\" \/>\n<meta property=\"og:locale\" content=\"en_GB\" \/>\n<meta property=\"og:type\" content=\"article\" \/>\n<meta property=\"og:title\" content=\"Prise en charge des maladies chroniques : un regard crois\u00e9 B\u00e9nin-Guyane fran\u00e7aise &#8212; Universit\u00e9 de Guyane\" \/>\n<meta property=\"og:description\" content=\"Conf\u00e9rence sur la prise en charge des maladies chroniques en Guyane et au B\u00e9nin par Doroth\u00e9e KINDE-GAZARD, sp\u00e9cialiste de sant\u00e9 tropicale.\" \/>\n<meta property=\"og:url\" content=\"https:\/\/www.univ-guyane.fr\/en\/2023\/04\/21\/prise-en-charge-des-maladies-chroniques-un-regard-croise-benin-guyane-francaise\/\" \/>\n<meta property=\"og:site_name\" content=\"Universit\u00e9 de Guyane\" \/>\n<meta property=\"article:publisher\" content=\"https:\/\/www.facebook.com\/univguyane\" \/>\n<meta property=\"article:published_time\" content=\"2023-04-21T12:27:05+00:00\" \/>\n<meta property=\"article:modified_time\" content=\"2024-06-18T12:30:10+00:00\" \/>\n<meta property=\"og:image\" content=\"https:\/\/www.univ-guyane.fr\/wp-content\/uploads\/conference-prise-en-charge-des-maladies-chroniques-un-regard-croise-benin-guyane-universite-de-guyane.jpeg\" \/>\n\t<meta property=\"og:image:width\" content=\"1800\" \/>\n\t<meta property=\"og:image:height\" content=\"1013\" \/>\n\t<meta property=\"og:image:type\" content=\"image\/jpeg\" \/>\n<meta name=\"author\" content=\"Erick Loiti\u00e8re\" \/>\n<meta name=\"twitter:card\" content=\"summary_large_image\" \/>\n<meta name=\"twitter:creator\" content=\"@univguyane\" \/>\n<meta name=\"twitter:site\" content=\"@univguyane\" \/>\n<meta name=\"twitter:label1\" content=\"Written by\" \/>\n\t<meta name=\"twitter:data1\" content=\"Erick Loiti\u00e8re\" \/>\n\t<meta name=\"twitter:label2\" content=\"Estimated reading time\" \/>\n\t<meta name=\"twitter:data2\" content=\"4 minutes\" \/>\n<script type=\"application\/ld+json\" class=\"yoast-schema-graph\">{\"@context\":\"https:\\\/\\\/schema.org\",\"@graph\":[{\"@type\":\"Article\",\"@id\":\"https:\\\/\\\/www.univ-guyane.fr\\\/2023\\\/04\\\/21\\\/prise-en-charge-des-maladies-chroniques-un-regard-croise-benin-guyane-francaise\\\/#article\",\"isPartOf\":{\"@id\":\"https:\\\/\\\/www.univ-guyane.fr\\\/2023\\\/04\\\/21\\\/prise-en-charge-des-maladies-chroniques-un-regard-croise-benin-guyane-francaise\\\/\"},\"author\":{\"name\":\"Erick Loiti\u00e8re\",\"@id\":\"https:\\\/\\\/www.univ-guyane.fr\\\/#\\\/schema\\\/person\\\/86d946a28a8be51bb096ccfdf19db179\"},\"headline\":\"Prise en charge des maladies chroniques : un regard crois\u00e9 B\u00e9nin-Guyane fran\u00e7aise\",\"datePublished\":\"2023-04-21T12:27:05+00:00\",\"dateModified\":\"2024-06-18T12:30:10+00:00\",\"mainEntityOfPage\":{\"@id\":\"https:\\\/\\\/www.univ-guyane.fr\\\/2023\\\/04\\\/21\\\/prise-en-charge-des-maladies-chroniques-un-regard-croise-benin-guyane-francaise\\\/\"},\"wordCount\":929,\"publisher\":{\"@id\":\"https:\\\/\\\/www.univ-guyane.fr\\\/#organization\"},\"image\":{\"@id\":\"https:\\\/\\\/www.univ-guyane.fr\\\/2023\\\/04\\\/21\\\/prise-en-charge-des-maladies-chroniques-un-regard-croise-benin-guyane-francaise\\\/#primaryimage\"},\"thumbnailUrl\":\"https:\\\/\\\/www.univ-guyane.fr\\\/wp-content\\\/uploads\\\/conference-prise-en-charge-des-maladies-chroniques-un-regard-croise-benin-guyane-universite-de-guyane.jpeg\",\"articleSection\":[\"\u2022\u00a0MINEA\"],\"inLanguage\":\"en-GB\"},{\"@type\":\"WebPage\",\"@id\":\"https:\\\/\\\/www.univ-guyane.fr\\\/2023\\\/04\\\/21\\\/prise-en-charge-des-maladies-chroniques-un-regard-croise-benin-guyane-francaise\\\/\",\"url\":\"https:\\\/\\\/www.univ-guyane.fr\\\/2023\\\/04\\\/21\\\/prise-en-charge-des-maladies-chroniques-un-regard-croise-benin-guyane-francaise\\\/\",\"name\":\"Prise en charge des maladies chroniques : un regard crois\u00e9 B\u00e9nin-Guyane fran\u00e7aise &#8212; Universit\u00e9 de Guyane\",\"isPartOf\":{\"@id\":\"https:\\\/\\\/www.univ-guyane.fr\\\/#website\"},\"primaryImageOfPage\":{\"@id\":\"https:\\\/\\\/www.univ-guyane.fr\\\/2023\\\/04\\\/21\\\/prise-en-charge-des-maladies-chroniques-un-regard-croise-benin-guyane-francaise\\\/#primaryimage\"},\"image\":{\"@id\":\"https:\\\/\\\/www.univ-guyane.fr\\\/2023\\\/04\\\/21\\\/prise-en-charge-des-maladies-chroniques-un-regard-croise-benin-guyane-francaise\\\/#primaryimage\"},\"thumbnailUrl\":\"https:\\\/\\\/www.univ-guyane.fr\\\/wp-content\\\/uploads\\\/conference-prise-en-charge-des-maladies-chroniques-un-regard-croise-benin-guyane-universite-de-guyane.jpeg\",\"datePublished\":\"2023-04-21T12:27:05+00:00\",\"dateModified\":\"2024-06-18T12:30:10+00:00\",\"description\":\"Conf\u00e9rence sur la prise en charge des maladies chroniques en Guyane et au B\u00e9nin par Doroth\u00e9e KINDE-GAZARD, sp\u00e9cialiste de sant\u00e9 tropicale.\",\"breadcrumb\":{\"@id\":\"https:\\\/\\\/www.univ-guyane.fr\\\/2023\\\/04\\\/21\\\/prise-en-charge-des-maladies-chroniques-un-regard-croise-benin-guyane-francaise\\\/#breadcrumb\"},\"inLanguage\":\"en-GB\",\"potentialAction\":[{\"@type\":\"ReadAction\",\"target\":[\"https:\\\/\\\/www.univ-guyane.fr\\\/2023\\\/04\\\/21\\\/prise-en-charge-des-maladies-chroniques-un-regard-croise-benin-guyane-francaise\\\/\"]}]},{\"@type\":\"ImageObject\",\"inLanguage\":\"en-GB\",\"@id\":\"https:\\\/\\\/www.univ-guyane.fr\\\/2023\\\/04\\\/21\\\/prise-en-charge-des-maladies-chroniques-un-regard-croise-benin-guyane-francaise\\\/#primaryimage\",\"url\":\"https:\\\/\\\/www.univ-guyane.fr\\\/wp-content\\\/uploads\\\/conference-prise-en-charge-des-maladies-chroniques-un-regard-croise-benin-guyane-universite-de-guyane.jpeg\",\"contentUrl\":\"https:\\\/\\\/www.univ-guyane.fr\\\/wp-content\\\/uploads\\\/conference-prise-en-charge-des-maladies-chroniques-un-regard-croise-benin-guyane-universite-de-guyane.jpeg\",\"width\":1800,\"height\":1013,\"caption\":\"Prise en charge des maladies chroniques : un regard crois\u00e9 B\u00e9nin-Guyane fran\u00e7aise\"},{\"@type\":\"BreadcrumbList\",\"@id\":\"https:\\\/\\\/www.univ-guyane.fr\\\/2023\\\/04\\\/21\\\/prise-en-charge-des-maladies-chroniques-un-regard-croise-benin-guyane-francaise\\\/#breadcrumb\",\"itemListElement\":[{\"@type\":\"ListItem\",\"position\":1,\"name\":\"Accueil\",\"item\":\"https:\\\/\\\/www.univ-guyane.fr\\\/\"},{\"@type\":\"ListItem\",\"position\":2,\"name\":\"Prise en charge des maladies chroniques : un regard crois\u00e9 B\u00e9nin-Guyane fran\u00e7aise\"}]},{\"@type\":\"WebSite\",\"@id\":\"https:\\\/\\\/www.univ-guyane.fr\\\/#website\",\"url\":\"https:\\\/\\\/www.univ-guyane.fr\\\/\",\"name\":\"Universit\u00e9 de Guyane\",\"description\":\"Au c\u0153ur de l&#039;amazonie\",\"publisher\":{\"@id\":\"https:\\\/\\\/www.univ-guyane.fr\\\/#organization\"},\"alternateName\":\"UG\",\"potentialAction\":[{\"@type\":\"SearchAction\",\"target\":{\"@type\":\"EntryPoint\",\"urlTemplate\":\"https:\\\/\\\/www.univ-guyane.fr\\\/?s={search_term_string}\"},\"query-input\":{\"@type\":\"PropertyValueSpecification\",\"valueRequired\":true,\"valueName\":\"search_term_string\"}}],\"inLanguage\":\"en-GB\"},{\"@type\":\"Organization\",\"@id\":\"https:\\\/\\\/www.univ-guyane.fr\\\/#organization\",\"name\":\"Universit\u00e9 de Guyane\",\"alternateName\":\"UG\",\"url\":\"https:\\\/\\\/www.univ-guyane.fr\\\/\",\"logo\":{\"@type\":\"ImageObject\",\"inLanguage\":\"en-GB\",\"@id\":\"https:\\\/\\\/www.univ-guyane.fr\\\/#\\\/schema\\\/logo\\\/image\\\/\",\"url\":\"https:\\\/\\\/www.univ-guyane.fr\\\/wp-content\\\/uploads\\\/2024\\\/05\\\/f.png\",\"contentUrl\":\"https:\\\/\\\/www.univ-guyane.fr\\\/wp-content\\\/uploads\\\/2024\\\/05\\\/f.png\",\"width\":1024,\"height\":1024,\"caption\":\"Universit\u00e9 de Guyane\"},\"image\":{\"@id\":\"https:\\\/\\\/www.univ-guyane.fr\\\/#\\\/schema\\\/logo\\\/image\\\/\"},\"sameAs\":[\"https:\\\/\\\/www.facebook.com\\\/univguyane\",\"https:\\\/\\\/x.com\\\/univguyane\",\"https:\\\/\\\/gf.linkedin.com\\\/school\\\/universite-de-guyane\\\/\",\"https:\\\/\\\/www.instagram.com\\\/univ_guyane\\\/\"]},{\"@type\":\"Person\",\"@id\":\"https:\\\/\\\/www.univ-guyane.fr\\\/#\\\/schema\\\/person\\\/86d946a28a8be51bb096ccfdf19db179\",\"name\":\"Erick Loiti\u00e8re\",\"image\":{\"@type\":\"ImageObject\",\"inLanguage\":\"en-GB\",\"@id\":\"https:\\\/\\\/secure.gravatar.com\\\/avatar\\\/0584f332103fbeaf37e52c73b15dca3c547fd9300deb05764e9ad8714839d072?s=96&d=robohash&r=g\",\"url\":\"https:\\\/\\\/secure.gravatar.com\\\/avatar\\\/0584f332103fbeaf37e52c73b15dca3c547fd9300deb05764e9ad8714839d072?s=96&d=robohash&r=g\",\"contentUrl\":\"https:\\\/\\\/secure.gravatar.com\\\/avatar\\\/0584f332103fbeaf37e52c73b15dca3c547fd9300deb05764e9ad8714839d072?s=96&d=robohash&r=g\",\"caption\":\"Erick Loiti\u00e8re\"},\"sameAs\":[\"http:\\\/\\\/www.univ-guyane.fr\"],\"url\":\"https:\\\/\\\/www.univ-guyane.fr\\\/en\\\/author\\\/eloitierdbz\\\/\"}]}<\/script>\n<!-- \/ Yoast SEO plugin. -->","yoast_head_json":{"title":"Prise en charge des maladies chroniques : un regard crois\u00e9 B\u00e9nin-Guyane fran\u00e7aise &#8212; Universit\u00e9 de Guyane","description":"Conf\u00e9rence sur la prise en charge des maladies chroniques en Guyane et au B\u00e9nin par Doroth\u00e9e KINDE-GAZARD, sp\u00e9cialiste de sant\u00e9 tropicale.","robots":{"index":"index","follow":"follow","max-snippet":"max-snippet:-1","max-image-preview":"max-image-preview:large","max-video-preview":"max-video-preview:-1"},"canonical":"https:\/\/www.univ-guyane.fr\/en\/2023\/04\/21\/prise-en-charge-des-maladies-chroniques-un-regard-croise-benin-guyane-francaise\/","og_locale":"en_GB","og_type":"article","og_title":"Prise en charge des maladies chroniques : un regard crois\u00e9 B\u00e9nin-Guyane fran\u00e7aise &#8212; Universit\u00e9 de Guyane","og_description":"Conf\u00e9rence sur la prise en charge des maladies chroniques en Guyane et au B\u00e9nin par Doroth\u00e9e KINDE-GAZARD, sp\u00e9cialiste de sant\u00e9 tropicale.","og_url":"https:\/\/www.univ-guyane.fr\/en\/2023\/04\/21\/prise-en-charge-des-maladies-chroniques-un-regard-croise-benin-guyane-francaise\/","og_site_name":"Universit\u00e9 de Guyane","article_publisher":"https:\/\/www.facebook.com\/univguyane","article_published_time":"2023-04-21T12:27:05+00:00","article_modified_time":"2024-06-18T12:30:10+00:00","og_image":[{"width":1800,"height":1013,"url":"https:\/\/www.univ-guyane.fr\/wp-content\/uploads\/conference-prise-en-charge-des-maladies-chroniques-un-regard-croise-benin-guyane-universite-de-guyane.jpeg","type":"image\/jpeg"}],"author":"Erick Loiti\u00e8re","twitter_card":"summary_large_image","twitter_creator":"@univguyane","twitter_site":"@univguyane","twitter_misc":{"Written by":"Erick Loiti\u00e8re","Estimated reading time":"4 minutes"},"schema":{"@context":"https:\/\/schema.org","@graph":[{"@type":"Article","@id":"https:\/\/www.univ-guyane.fr\/2023\/04\/21\/prise-en-charge-des-maladies-chroniques-un-regard-croise-benin-guyane-francaise\/#article","isPartOf":{"@id":"https:\/\/www.univ-guyane.fr\/2023\/04\/21\/prise-en-charge-des-maladies-chroniques-un-regard-croise-benin-guyane-francaise\/"},"author":{"name":"Erick Loiti\u00e8re","@id":"https:\/\/www.univ-guyane.fr\/#\/schema\/person\/86d946a28a8be51bb096ccfdf19db179"},"headline":"Prise en charge des maladies chroniques : un regard crois\u00e9 B\u00e9nin-Guyane fran\u00e7aise","datePublished":"2023-04-21T12:27:05+00:00","dateModified":"2024-06-18T12:30:10+00:00","mainEntityOfPage":{"@id":"https:\/\/www.univ-guyane.fr\/2023\/04\/21\/prise-en-charge-des-maladies-chroniques-un-regard-croise-benin-guyane-francaise\/"},"wordCount":929,"publisher":{"@id":"https:\/\/www.univ-guyane.fr\/#organization"},"image":{"@id":"https:\/\/www.univ-guyane.fr\/2023\/04\/21\/prise-en-charge-des-maladies-chroniques-un-regard-croise-benin-guyane-francaise\/#primaryimage"},"thumbnailUrl":"https:\/\/www.univ-guyane.fr\/wp-content\/uploads\/conference-prise-en-charge-des-maladies-chroniques-un-regard-croise-benin-guyane-universite-de-guyane.jpeg","articleSection":["\u2022\u00a0MINEA"],"inLanguage":"en-GB"},{"@type":"WebPage","@id":"https:\/\/www.univ-guyane.fr\/2023\/04\/21\/prise-en-charge-des-maladies-chroniques-un-regard-croise-benin-guyane-francaise\/","url":"https:\/\/www.univ-guyane.fr\/2023\/04\/21\/prise-en-charge-des-maladies-chroniques-un-regard-croise-benin-guyane-francaise\/","name":"Prise en charge des maladies chroniques : un regard crois\u00e9 B\u00e9nin-Guyane fran\u00e7aise &#8212; Universit\u00e9 de Guyane","isPartOf":{"@id":"https:\/\/www.univ-guyane.fr\/#website"},"primaryImageOfPage":{"@id":"https:\/\/www.univ-guyane.fr\/2023\/04\/21\/prise-en-charge-des-maladies-chroniques-un-regard-croise-benin-guyane-francaise\/#primaryimage"},"image":{"@id":"https:\/\/www.univ-guyane.fr\/2023\/04\/21\/prise-en-charge-des-maladies-chroniques-un-regard-croise-benin-guyane-francaise\/#primaryimage"},"thumbnailUrl":"https:\/\/www.univ-guyane.fr\/wp-content\/uploads\/conference-prise-en-charge-des-maladies-chroniques-un-regard-croise-benin-guyane-universite-de-guyane.jpeg","datePublished":"2023-04-21T12:27:05+00:00","dateModified":"2024-06-18T12:30:10+00:00","description":"Conf\u00e9rence sur la prise en charge des maladies chroniques en Guyane et au B\u00e9nin par Doroth\u00e9e KINDE-GAZARD, sp\u00e9cialiste de sant\u00e9 tropicale.","breadcrumb":{"@id":"https:\/\/www.univ-guyane.fr\/2023\/04\/21\/prise-en-charge-des-maladies-chroniques-un-regard-croise-benin-guyane-francaise\/#breadcrumb"},"inLanguage":"en-GB","potentialAction":[{"@type":"ReadAction","target":["https:\/\/www.univ-guyane.fr\/2023\/04\/21\/prise-en-charge-des-maladies-chroniques-un-regard-croise-benin-guyane-francaise\/"]}]},{"@type":"ImageObject","inLanguage":"en-GB","@id":"https:\/\/www.univ-guyane.fr\/2023\/04\/21\/prise-en-charge-des-maladies-chroniques-un-regard-croise-benin-guyane-francaise\/#primaryimage","url":"https:\/\/www.univ-guyane.fr\/wp-content\/uploads\/conference-prise-en-charge-des-maladies-chroniques-un-regard-croise-benin-guyane-universite-de-guyane.jpeg","contentUrl":"https:\/\/www.univ-guyane.fr\/wp-content\/uploads\/conference-prise-en-charge-des-maladies-chroniques-un-regard-croise-benin-guyane-universite-de-guyane.jpeg","width":1800,"height":1013,"caption":"Prise en charge des maladies chroniques : un regard crois\u00e9 B\u00e9nin-Guyane fran\u00e7aise"},{"@type":"BreadcrumbList","@id":"https:\/\/www.univ-guyane.fr\/2023\/04\/21\/prise-en-charge-des-maladies-chroniques-un-regard-croise-benin-guyane-francaise\/#breadcrumb","itemListElement":[{"@type":"ListItem","position":1,"name":"Accueil","item":"https:\/\/www.univ-guyane.fr\/"},{"@type":"ListItem","position":2,"name":"Prise en charge des maladies chroniques : un regard crois\u00e9 B\u00e9nin-Guyane fran\u00e7aise"}]},{"@type":"WebSite","@id":"https:\/\/www.univ-guyane.fr\/#website","url":"https:\/\/www.univ-guyane.fr\/","name":"University of Guyana","description":"In the heart of Amazonia","publisher":{"@id":"https:\/\/www.univ-guyane.fr\/#organization"},"alternateName":"UG","potentialAction":[{"@type":"SearchAction","target":{"@type":"EntryPoint","urlTemplate":"https:\/\/www.univ-guyane.fr\/?s={search_term_string}"},"query-input":{"@type":"PropertyValueSpecification","valueRequired":true,"valueName":"search_term_string"}}],"inLanguage":"en-GB"},{"@type":"Organization","@id":"https:\/\/www.univ-guyane.fr\/#organization","name":"University of Guyana","alternateName":"UG","url":"https:\/\/www.univ-guyane.fr\/","logo":{"@type":"ImageObject","inLanguage":"en-GB","@id":"https:\/\/www.univ-guyane.fr\/#\/schema\/logo\/image\/","url":"https:\/\/www.univ-guyane.fr\/wp-content\/uploads\/2024\/05\/f.png","contentUrl":"https:\/\/www.univ-guyane.fr\/wp-content\/uploads\/2024\/05\/f.png","width":1024,"height":1024,"caption":"Universit\u00e9 de Guyane"},"image":{"@id":"https:\/\/www.univ-guyane.fr\/#\/schema\/logo\/image\/"},"sameAs":["https:\/\/www.facebook.com\/univguyane","https:\/\/x.com\/univguyane","https:\/\/gf.linkedin.com\/school\/universite-de-guyane\/","https:\/\/www.instagram.com\/univ_guyane\/"]},{"@type":"Person","@id":"https:\/\/www.univ-guyane.fr\/#\/schema\/person\/86d946a28a8be51bb096ccfdf19db179","name":"Erick Loiti\u00e8re","image":{"@type":"ImageObject","inLanguage":"en-GB","@id":"https:\/\/secure.gravatar.com\/avatar\/0584f332103fbeaf37e52c73b15dca3c547fd9300deb05764e9ad8714839d072?s=96&d=robohash&r=g","url":"https:\/\/secure.gravatar.com\/avatar\/0584f332103fbeaf37e52c73b15dca3c547fd9300deb05764e9ad8714839d072?s=96&d=robohash&r=g","contentUrl":"https:\/\/secure.gravatar.com\/avatar\/0584f332103fbeaf37e52c73b15dca3c547fd9300deb05764e9ad8714839d072?s=96&d=robohash&r=g","caption":"Erick Loiti\u00e8re"},"sameAs":["http:\/\/www.univ-guyane.fr"],"url":"https:\/\/www.univ-guyane.fr\/en\/author\/eloitierdbz\/"}]}},"_links":{"self":[{"href":"https:\/\/www.univ-guyane.fr\/en\/wp-json\/wp\/v2\/posts\/8553","targetHints":{"allow":["GET"]}}],"collection":[{"href":"https:\/\/www.univ-guyane.fr\/en\/wp-json\/wp\/v2\/posts"}],"about":[{"href":"https:\/\/www.univ-guyane.fr\/en\/wp-json\/wp\/v2\/types\/post"}],"author":[{"embeddable":true,"href":"https:\/\/www.univ-guyane.fr\/en\/wp-json\/wp\/v2\/users\/1"}],"replies":[{"embeddable":true,"href":"https:\/\/www.univ-guyane.fr\/en\/wp-json\/wp\/v2\/comments?post=8553"}],"version-history":[{"count":1,"href":"https:\/\/www.univ-guyane.fr\/en\/wp-json\/wp\/v2\/posts\/8553\/revisions"}],"predecessor-version":[{"id":8555,"href":"https:\/\/www.univ-guyane.fr\/en\/wp-json\/wp\/v2\/posts\/8553\/revisions\/8555"}],"wp:featuredmedia":[{"embeddable":true,"href":"https:\/\/www.univ-guyane.fr\/en\/wp-json\/wp\/v2\/media\/8554"}],"wp:attachment":[{"href":"https:\/\/www.univ-guyane.fr\/en\/wp-json\/wp\/v2\/media?parent=8553"}],"wp:term":[{"taxonomy":"category","embeddable":true,"href":"https:\/\/www.univ-guyane.fr\/en\/wp-json\/wp\/v2\/categories?post=8553"},{"taxonomy":"post_tag","embeddable":true,"href":"https:\/\/www.univ-guyane.fr\/en\/wp-json\/wp\/v2\/tags?post=8553"}],"curies":[{"name":"wp","href":"https:\/\/api.w.org\/{rel}","templated":true}]}}