{"id":8581,"date":"2023-03-15T10:06:36","date_gmt":"2023-03-15T13:06:36","guid":{"rendered":"https:\/\/www.univ-guyane.fr\/?p=8581"},"modified":"2024-06-18T10:49:15","modified_gmt":"2024-06-18T13:49:15","slug":"rencontres-litteraires-adryen-montet-dix-sept-ans-et-onze-mois","status":"publish","type":"post","link":"https:\/\/www.univ-guyane.fr\/en\/2023\/03\/15\/rencontres-litteraires-adryen-montet-dix-sept-ans-et-onze-mois\/","title":{"rendered":"Rencontres Litt\u00e9raires | Adryen MONTET, Seventeen years and eleven months"},"content":{"rendered":"<div id=\"fws_69f510b4e6963\"  data-column-margin=\"default\" data-midnight=\"dark\"  class=\"wpb_row vc_row-fluid vc_row\"  style=\"padding-top: 0px; padding-bottom: 0px; \"><div class=\"row-bg-wrap\" data-bg-animation=\"none\" data-bg-animation-delay=\"\" data-bg-overlay=\"false\"><div class=\"inner-wrap row-bg-layer\" ><div class=\"row-bg viewport-desktop\"  style=\"\"><\/div><\/div><\/div><div class=\"row_col_wrap_12 col span_12 dark left\">\n\t<div  class=\"vc_col-sm-12 wpb_column column_container vc_column_container col no-extra-padding inherit_tablet inherit_phone\"  data-padding-pos=\"all\" data-has-bg-color=\"false\" data-bg-color=\"\" data-bg-opacity=\"1\" data-animation=\"\" data-delay=\"0\" >\n\t\t<div class=\"vc_column-inner\" >\n\t\t\t<div class=\"wpb_wrapper\">\n\t\t\t\t\n<div class=\"wpb_text_column wpb_content_element  chapo\" >\n\t<h2><strong>The Culture Commission is organising a monthly literary event: the Rencontres Litt\u00e9raires. This new edition will take place on Wednesday 15 March from 4pm to 6pm in FSC001, on the ground floor of building F. Come and listen to Adryen MONTET, a student at the University of Guyana, who will present his first book <em>Seventeen years and eleven months<\/em>.<\/strong><\/h2>\n<\/div>\n\n\n\n\n<div class=\"wpb_text_column wpb_content_element\" >\n\t<div class=\"wpb_text_column wpb_content_element\">\n<div class=\"wpb_wrapper\">\n<div id=\"lipsum\">\n<span class=\"nectar-dropcap\" >D <\/span>avidy, a young poet and amateur thinker, talks for the last time about his experiences, his current situation and his philosophy of life.<\/p>\n<p>Despite giving up and having suicidal thoughts, he manages to get back on his feet thanks to Antoinette, an old lady who takes him into her home and treats him like a son.<\/p>\n<p>Gradually his being no longer lives among others and Davidy dies socially against his will.<\/p>\n<p>Jealousy and a sense of injustice wound his inflated ego, leading him into a sea of hatred, where his demons become his most loyal friends. The decline is bewitching, but also fatal, as Davidy suffocates and drowns little by little.<\/p>\n<p>His inner hell was murdering and devouring him. On the night of 26 December, the teenager sank into the depths of his gaping wounds...<\/p>\n<\/div>\n<\/div>\n<\/div>\n<div class=\"wpb_text_column wpb_content_element vc_custom_1678458254780\">\n<div class=\"wpb_wrapper\">\n<p><strong>A few words about the author<\/strong><\/p>\n<p>Born in Toulouse and living in French Guiana, Adryen MONTET is a student at the University of French Guiana, in the second year of a 3PE degree (Preparatory Course for School Teachers) and aspires to become a school teacher. He spent his entire school career in French Guiana and has a general baccalaureate. This first book, a dark novel, is the first he has written and published by Les Trois colonnes.<\/p>\n<\/div>\n<\/div>\n<\/div>\n\n\n\n\n\t\t\t<\/div> \n\t\t<\/div>\n\t<\/div> \n<\/div><\/div>","protected":false},"excerpt":{"rendered":"The Culture Committee is organising a monthly literary event: the Rencontres Litt\u00e9raires....","protected":false},"author":1,"featured_media":8587,"comment_status":"closed","ping_status":"open","sticky":false,"template":"","format":"standard","meta":{"iawp_total_views":23,"footnotes":""},"categories":[239],"tags":[],"class_list":{"0":"post-8581","1":"post","2":"type-post","3":"status-publish","4":"format-standard","5":"has-post-thumbnail","7":"category-culture"},"yoast_head":"<!-- This site is optimized with the Yoast SEO plugin v27.5 - https:\/\/yoast.com\/product\/yoast-seo-wordpress\/ -->\n<title>Rencontres Litt\u00e9raires | Adryen MONTET, Dix-sept ans et onze mois &#8212; Universit\u00e9 de Guyane<\/title>\n<meta name=\"description\" content=\"Plongez dans le monde int\u00e9rieur de Davidy \u00e0 travers ces rencontres litt\u00e9raires captivantes d&#039;Adryen MONTET.\" \/>\n<meta name=\"robots\" content=\"index, follow, max-snippet:-1, max-image-preview:large, max-video-preview:-1\" \/>\n<link rel=\"canonical\" href=\"https:\/\/www.univ-guyane.fr\/en\/2023\/03\/15\/rencontres-litteraires-adryen-montet-dix-sept-ans-et-onze-mois\/\" \/>\n<meta property=\"og:locale\" content=\"en_GB\" \/>\n<meta property=\"og:type\" content=\"article\" \/>\n<meta property=\"og:title\" content=\"Rencontres Litt\u00e9raires | Adryen MONTET, Dix-sept ans et onze mois &#8212; Universit\u00e9 de Guyane\" \/>\n<meta property=\"og:description\" content=\"Plongez dans le monde int\u00e9rieur de Davidy \u00e0 travers ces rencontres litt\u00e9raires captivantes d&#039;Adryen MONTET.\" \/>\n<meta property=\"og:url\" content=\"https:\/\/www.univ-guyane.fr\/en\/2023\/03\/15\/rencontres-litteraires-adryen-montet-dix-sept-ans-et-onze-mois\/\" \/>\n<meta property=\"og:site_name\" content=\"Universit\u00e9 de Guyane\" \/>\n<meta property=\"article:publisher\" content=\"https:\/\/www.facebook.com\/univguyane\" \/>\n<meta property=\"article:published_time\" content=\"2023-03-15T13:06:36+00:00\" \/>\n<meta property=\"article:modified_time\" content=\"2024-06-18T13:49:15+00:00\" \/>\n<meta property=\"og:image\" content=\"https:\/\/www.univ-guyane.fr\/wp-content\/uploads\/rencontres-litteraires-clean-universite-de-guyane.jpeg\" \/>\n\t<meta property=\"og:image:width\" content=\"1800\" \/>\n\t<meta property=\"og:image:height\" content=\"1013\" \/>\n\t<meta property=\"og:image:type\" content=\"image\/jpeg\" \/>\n<meta name=\"author\" content=\"Erick Loiti\u00e8re\" \/>\n<meta name=\"twitter:card\" content=\"summary_large_image\" \/>\n<meta name=\"twitter:creator\" content=\"@univguyane\" \/>\n<meta name=\"twitter:site\" content=\"@univguyane\" \/>\n<meta name=\"twitter:label1\" content=\"Written by\" \/>\n\t<meta name=\"twitter:data1\" content=\"Erick Loiti\u00e8re\" \/>\n\t<meta name=\"twitter:label2\" content=\"Estimated reading time\" \/>\n\t<meta name=\"twitter:data2\" content=\"2 minutes\" \/>\n<script type=\"application\/ld+json\" class=\"yoast-schema-graph\">{\"@context\":\"https:\\\/\\\/schema.org\",\"@graph\":[{\"@type\":\"Article\",\"@id\":\"https:\\\/\\\/www.univ-guyane.fr\\\/2023\\\/03\\\/15\\\/rencontres-litteraires-adryen-montet-dix-sept-ans-et-onze-mois\\\/#article\",\"isPartOf\":{\"@id\":\"https:\\\/\\\/www.univ-guyane.fr\\\/2023\\\/03\\\/15\\\/rencontres-litteraires-adryen-montet-dix-sept-ans-et-onze-mois\\\/\"},\"author\":{\"name\":\"Erick Loiti\u00e8re\",\"@id\":\"https:\\\/\\\/www.univ-guyane.fr\\\/#\\\/schema\\\/person\\\/86d946a28a8be51bb096ccfdf19db179\"},\"headline\":\"Rencontres Litt\u00e9raires | Adryen MONTET, Dix-sept ans et onze mois\",\"datePublished\":\"2023-03-15T13:06:36+00:00\",\"dateModified\":\"2024-06-18T13:49:15+00:00\",\"mainEntityOfPage\":{\"@id\":\"https:\\\/\\\/www.univ-guyane.fr\\\/2023\\\/03\\\/15\\\/rencontres-litteraires-adryen-montet-dix-sept-ans-et-onze-mois\\\/\"},\"wordCount\":483,\"publisher\":{\"@id\":\"https:\\\/\\\/www.univ-guyane.fr\\\/#organization\"},\"image\":{\"@id\":\"https:\\\/\\\/www.univ-guyane.fr\\\/2023\\\/03\\\/15\\\/rencontres-litteraires-adryen-montet-dix-sept-ans-et-onze-mois\\\/#primaryimage\"},\"thumbnailUrl\":\"https:\\\/\\\/www.univ-guyane.fr\\\/wp-content\\\/uploads\\\/rencontres-litteraires-clean-universite-de-guyane.jpeg\",\"articleSection\":[\"\u2022 Culture\"],\"inLanguage\":\"en-GB\"},{\"@type\":\"WebPage\",\"@id\":\"https:\\\/\\\/www.univ-guyane.fr\\\/2023\\\/03\\\/15\\\/rencontres-litteraires-adryen-montet-dix-sept-ans-et-onze-mois\\\/\",\"url\":\"https:\\\/\\\/www.univ-guyane.fr\\\/2023\\\/03\\\/15\\\/rencontres-litteraires-adryen-montet-dix-sept-ans-et-onze-mois\\\/\",\"name\":\"Rencontres Litt\u00e9raires | Adryen MONTET, Dix-sept ans et onze mois &#8212; Universit\u00e9 de Guyane\",\"isPartOf\":{\"@id\":\"https:\\\/\\\/www.univ-guyane.fr\\\/#website\"},\"primaryImageOfPage\":{\"@id\":\"https:\\\/\\\/www.univ-guyane.fr\\\/2023\\\/03\\\/15\\\/rencontres-litteraires-adryen-montet-dix-sept-ans-et-onze-mois\\\/#primaryimage\"},\"image\":{\"@id\":\"https:\\\/\\\/www.univ-guyane.fr\\\/2023\\\/03\\\/15\\\/rencontres-litteraires-adryen-montet-dix-sept-ans-et-onze-mois\\\/#primaryimage\"},\"thumbnailUrl\":\"https:\\\/\\\/www.univ-guyane.fr\\\/wp-content\\\/uploads\\\/rencontres-litteraires-clean-universite-de-guyane.jpeg\",\"datePublished\":\"2023-03-15T13:06:36+00:00\",\"dateModified\":\"2024-06-18T13:49:15+00:00\",\"description\":\"Plongez dans le monde int\u00e9rieur de Davidy \u00e0 travers ces rencontres litt\u00e9raires captivantes d'Adryen MONTET.\",\"breadcrumb\":{\"@id\":\"https:\\\/\\\/www.univ-guyane.fr\\\/2023\\\/03\\\/15\\\/rencontres-litteraires-adryen-montet-dix-sept-ans-et-onze-mois\\\/#breadcrumb\"},\"inLanguage\":\"en-GB\",\"potentialAction\":[{\"@type\":\"ReadAction\",\"target\":[\"https:\\\/\\\/www.univ-guyane.fr\\\/2023\\\/03\\\/15\\\/rencontres-litteraires-adryen-montet-dix-sept-ans-et-onze-mois\\\/\"]}]},{\"@type\":\"ImageObject\",\"inLanguage\":\"en-GB\",\"@id\":\"https:\\\/\\\/www.univ-guyane.fr\\\/2023\\\/03\\\/15\\\/rencontres-litteraires-adryen-montet-dix-sept-ans-et-onze-mois\\\/#primaryimage\",\"url\":\"https:\\\/\\\/www.univ-guyane.fr\\\/wp-content\\\/uploads\\\/rencontres-litteraires-clean-universite-de-guyane.jpeg\",\"contentUrl\":\"https:\\\/\\\/www.univ-guyane.fr\\\/wp-content\\\/uploads\\\/rencontres-litteraires-clean-universite-de-guyane.jpeg\",\"width\":1800,\"height\":1013,\"caption\":\"Rencontres Litt\u00e9raires | Adryen MONTET, Dix-sept ans et onze mois\"},{\"@type\":\"BreadcrumbList\",\"@id\":\"https:\\\/\\\/www.univ-guyane.fr\\\/2023\\\/03\\\/15\\\/rencontres-litteraires-adryen-montet-dix-sept-ans-et-onze-mois\\\/#breadcrumb\",\"itemListElement\":[{\"@type\":\"ListItem\",\"position\":1,\"name\":\"Accueil\",\"item\":\"https:\\\/\\\/www.univ-guyane.fr\\\/\"},{\"@type\":\"ListItem\",\"position\":2,\"name\":\"Rencontres Litt\u00e9raires | Adryen MONTET, Dix-sept ans et onze mois\"}]},{\"@type\":\"WebSite\",\"@id\":\"https:\\\/\\\/www.univ-guyane.fr\\\/#website\",\"url\":\"https:\\\/\\\/www.univ-guyane.fr\\\/\",\"name\":\"Universit\u00e9 de Guyane\",\"description\":\"Au c\u0153ur de l&#039;amazonie\",\"publisher\":{\"@id\":\"https:\\\/\\\/www.univ-guyane.fr\\\/#organization\"},\"alternateName\":\"UG\",\"potentialAction\":[{\"@type\":\"SearchAction\",\"target\":{\"@type\":\"EntryPoint\",\"urlTemplate\":\"https:\\\/\\\/www.univ-guyane.fr\\\/?s={search_term_string}\"},\"query-input\":{\"@type\":\"PropertyValueSpecification\",\"valueRequired\":true,\"valueName\":\"search_term_string\"}}],\"inLanguage\":\"en-GB\"},{\"@type\":\"Organization\",\"@id\":\"https:\\\/\\\/www.univ-guyane.fr\\\/#organization\",\"name\":\"Universit\u00e9 de Guyane\",\"alternateName\":\"UG\",\"url\":\"https:\\\/\\\/www.univ-guyane.fr\\\/\",\"logo\":{\"@type\":\"ImageObject\",\"inLanguage\":\"en-GB\",\"@id\":\"https:\\\/\\\/www.univ-guyane.fr\\\/#\\\/schema\\\/logo\\\/image\\\/\",\"url\":\"https:\\\/\\\/www.univ-guyane.fr\\\/wp-content\\\/uploads\\\/2024\\\/05\\\/f.png\",\"contentUrl\":\"https:\\\/\\\/www.univ-guyane.fr\\\/wp-content\\\/uploads\\\/2024\\\/05\\\/f.png\",\"width\":1024,\"height\":1024,\"caption\":\"Universit\u00e9 de Guyane\"},\"image\":{\"@id\":\"https:\\\/\\\/www.univ-guyane.fr\\\/#\\\/schema\\\/logo\\\/image\\\/\"},\"sameAs\":[\"https:\\\/\\\/www.facebook.com\\\/univguyane\",\"https:\\\/\\\/x.com\\\/univguyane\",\"https:\\\/\\\/gf.linkedin.com\\\/school\\\/universite-de-guyane\\\/\",\"https:\\\/\\\/www.instagram.com\\\/univ_guyane\\\/\"]},{\"@type\":\"Person\",\"@id\":\"https:\\\/\\\/www.univ-guyane.fr\\\/#\\\/schema\\\/person\\\/86d946a28a8be51bb096ccfdf19db179\",\"name\":\"Erick Loiti\u00e8re\",\"image\":{\"@type\":\"ImageObject\",\"inLanguage\":\"en-GB\",\"@id\":\"https:\\\/\\\/secure.gravatar.com\\\/avatar\\\/0584f332103fbeaf37e52c73b15dca3c547fd9300deb05764e9ad8714839d072?s=96&d=robohash&r=g\",\"url\":\"https:\\\/\\\/secure.gravatar.com\\\/avatar\\\/0584f332103fbeaf37e52c73b15dca3c547fd9300deb05764e9ad8714839d072?s=96&d=robohash&r=g\",\"contentUrl\":\"https:\\\/\\\/secure.gravatar.com\\\/avatar\\\/0584f332103fbeaf37e52c73b15dca3c547fd9300deb05764e9ad8714839d072?s=96&d=robohash&r=g\",\"caption\":\"Erick Loiti\u00e8re\"},\"sameAs\":[\"http:\\\/\\\/www.univ-guyane.fr\"],\"url\":\"https:\\\/\\\/www.univ-guyane.fr\\\/en\\\/author\\\/eloitierdbz\\\/\"}]}<\/script>\n<!-- \/ Yoast SEO plugin. -->","yoast_head_json":{"title":"Rencontres Litt\u00e9raires | Adryen MONTET, Seventeen years and eleven months - University of Guyana","description":"Immerse yourself in Davidy's inner world through these captivating literary encounters by Adryen MONTET.","robots":{"index":"index","follow":"follow","max-snippet":"max-snippet:-1","max-image-preview":"max-image-preview:large","max-video-preview":"max-video-preview:-1"},"canonical":"https:\/\/www.univ-guyane.fr\/en\/2023\/03\/15\/rencontres-litteraires-adryen-montet-dix-sept-ans-et-onze-mois\/","og_locale":"en_GB","og_type":"article","og_title":"Rencontres Litt\u00e9raires | Adryen MONTET, Dix-sept ans et onze mois &#8212; Universit\u00e9 de Guyane","og_description":"Plongez dans le monde int\u00e9rieur de Davidy \u00e0 travers ces rencontres litt\u00e9raires captivantes d'Adryen MONTET.","og_url":"https:\/\/www.univ-guyane.fr\/en\/2023\/03\/15\/rencontres-litteraires-adryen-montet-dix-sept-ans-et-onze-mois\/","og_site_name":"Universit\u00e9 de Guyane","article_publisher":"https:\/\/www.facebook.com\/univguyane","article_published_time":"2023-03-15T13:06:36+00:00","article_modified_time":"2024-06-18T13:49:15+00:00","og_image":[{"width":1800,"height":1013,"url":"https:\/\/www.univ-guyane.fr\/wp-content\/uploads\/rencontres-litteraires-clean-universite-de-guyane.jpeg","type":"image\/jpeg"}],"author":"Erick Loiti\u00e8re","twitter_card":"summary_large_image","twitter_creator":"@univguyane","twitter_site":"@univguyane","twitter_misc":{"Written by":"Erick Loiti\u00e8re","Estimated reading time":"2 minutes"},"schema":{"@context":"https:\/\/schema.org","@graph":[{"@type":"Article","@id":"https:\/\/www.univ-guyane.fr\/2023\/03\/15\/rencontres-litteraires-adryen-montet-dix-sept-ans-et-onze-mois\/#article","isPartOf":{"@id":"https:\/\/www.univ-guyane.fr\/2023\/03\/15\/rencontres-litteraires-adryen-montet-dix-sept-ans-et-onze-mois\/"},"author":{"name":"Erick Loiti\u00e8re","@id":"https:\/\/www.univ-guyane.fr\/#\/schema\/person\/86d946a28a8be51bb096ccfdf19db179"},"headline":"Rencontres Litt\u00e9raires | Adryen MONTET, Dix-sept ans et onze mois","datePublished":"2023-03-15T13:06:36+00:00","dateModified":"2024-06-18T13:49:15+00:00","mainEntityOfPage":{"@id":"https:\/\/www.univ-guyane.fr\/2023\/03\/15\/rencontres-litteraires-adryen-montet-dix-sept-ans-et-onze-mois\/"},"wordCount":483,"publisher":{"@id":"https:\/\/www.univ-guyane.fr\/#organization"},"image":{"@id":"https:\/\/www.univ-guyane.fr\/2023\/03\/15\/rencontres-litteraires-adryen-montet-dix-sept-ans-et-onze-mois\/#primaryimage"},"thumbnailUrl":"https:\/\/www.univ-guyane.fr\/wp-content\/uploads\/rencontres-litteraires-clean-universite-de-guyane.jpeg","articleSection":["\u2022 Culture"],"inLanguage":"en-GB"},{"@type":"WebPage","@id":"https:\/\/www.univ-guyane.fr\/2023\/03\/15\/rencontres-litteraires-adryen-montet-dix-sept-ans-et-onze-mois\/","url":"https:\/\/www.univ-guyane.fr\/2023\/03\/15\/rencontres-litteraires-adryen-montet-dix-sept-ans-et-onze-mois\/","name":"Rencontres Litt\u00e9raires | Adryen MONTET, Seventeen years and eleven months - University of Guyana","isPartOf":{"@id":"https:\/\/www.univ-guyane.fr\/#website"},"primaryImageOfPage":{"@id":"https:\/\/www.univ-guyane.fr\/2023\/03\/15\/rencontres-litteraires-adryen-montet-dix-sept-ans-et-onze-mois\/#primaryimage"},"image":{"@id":"https:\/\/www.univ-guyane.fr\/2023\/03\/15\/rencontres-litteraires-adryen-montet-dix-sept-ans-et-onze-mois\/#primaryimage"},"thumbnailUrl":"https:\/\/www.univ-guyane.fr\/wp-content\/uploads\/rencontres-litteraires-clean-universite-de-guyane.jpeg","datePublished":"2023-03-15T13:06:36+00:00","dateModified":"2024-06-18T13:49:15+00:00","description":"Immerse yourself in Davidy's inner world through these captivating literary encounters by Adryen MONTET.","breadcrumb":{"@id":"https:\/\/www.univ-guyane.fr\/2023\/03\/15\/rencontres-litteraires-adryen-montet-dix-sept-ans-et-onze-mois\/#breadcrumb"},"inLanguage":"en-GB","potentialAction":[{"@type":"ReadAction","target":["https:\/\/www.univ-guyane.fr\/2023\/03\/15\/rencontres-litteraires-adryen-montet-dix-sept-ans-et-onze-mois\/"]}]},{"@type":"ImageObject","inLanguage":"en-GB","@id":"https:\/\/www.univ-guyane.fr\/2023\/03\/15\/rencontres-litteraires-adryen-montet-dix-sept-ans-et-onze-mois\/#primaryimage","url":"https:\/\/www.univ-guyane.fr\/wp-content\/uploads\/rencontres-litteraires-clean-universite-de-guyane.jpeg","contentUrl":"https:\/\/www.univ-guyane.fr\/wp-content\/uploads\/rencontres-litteraires-clean-universite-de-guyane.jpeg","width":1800,"height":1013,"caption":"Rencontres Litt\u00e9raires | Adryen MONTET, Dix-sept ans et onze mois"},{"@type":"BreadcrumbList","@id":"https:\/\/www.univ-guyane.fr\/2023\/03\/15\/rencontres-litteraires-adryen-montet-dix-sept-ans-et-onze-mois\/#breadcrumb","itemListElement":[{"@type":"ListItem","position":1,"name":"Accueil","item":"https:\/\/www.univ-guyane.fr\/"},{"@type":"ListItem","position":2,"name":"Rencontres Litt\u00e9raires | Adryen MONTET, Dix-sept ans et onze mois"}]},{"@type":"WebSite","@id":"https:\/\/www.univ-guyane.fr\/#website","url":"https:\/\/www.univ-guyane.fr\/","name":"University of Guyana","description":"In the heart of Amazonia","publisher":{"@id":"https:\/\/www.univ-guyane.fr\/#organization"},"alternateName":"UG","potentialAction":[{"@type":"SearchAction","target":{"@type":"EntryPoint","urlTemplate":"https:\/\/www.univ-guyane.fr\/?s={search_term_string}"},"query-input":{"@type":"PropertyValueSpecification","valueRequired":true,"valueName":"search_term_string"}}],"inLanguage":"en-GB"},{"@type":"Organization","@id":"https:\/\/www.univ-guyane.fr\/#organization","name":"University of Guyana","alternateName":"UG","url":"https:\/\/www.univ-guyane.fr\/","logo":{"@type":"ImageObject","inLanguage":"en-GB","@id":"https:\/\/www.univ-guyane.fr\/#\/schema\/logo\/image\/","url":"https:\/\/www.univ-guyane.fr\/wp-content\/uploads\/2024\/05\/f.png","contentUrl":"https:\/\/www.univ-guyane.fr\/wp-content\/uploads\/2024\/05\/f.png","width":1024,"height":1024,"caption":"Universit\u00e9 de Guyane"},"image":{"@id":"https:\/\/www.univ-guyane.fr\/#\/schema\/logo\/image\/"},"sameAs":["https:\/\/www.facebook.com\/univguyane","https:\/\/x.com\/univguyane","https:\/\/gf.linkedin.com\/school\/universite-de-guyane\/","https:\/\/www.instagram.com\/univ_guyane\/"]},{"@type":"Person","@id":"https:\/\/www.univ-guyane.fr\/#\/schema\/person\/86d946a28a8be51bb096ccfdf19db179","name":"Erick Loiti\u00e8re","image":{"@type":"ImageObject","inLanguage":"en-GB","@id":"https:\/\/secure.gravatar.com\/avatar\/0584f332103fbeaf37e52c73b15dca3c547fd9300deb05764e9ad8714839d072?s=96&d=robohash&r=g","url":"https:\/\/secure.gravatar.com\/avatar\/0584f332103fbeaf37e52c73b15dca3c547fd9300deb05764e9ad8714839d072?s=96&d=robohash&r=g","contentUrl":"https:\/\/secure.gravatar.com\/avatar\/0584f332103fbeaf37e52c73b15dca3c547fd9300deb05764e9ad8714839d072?s=96&d=robohash&r=g","caption":"Erick Loiti\u00e8re"},"sameAs":["http:\/\/www.univ-guyane.fr"],"url":"https:\/\/www.univ-guyane.fr\/en\/author\/eloitierdbz\/"}]}},"_links":{"self":[{"href":"https:\/\/www.univ-guyane.fr\/en\/wp-json\/wp\/v2\/posts\/8581","targetHints":{"allow":["GET"]}}],"collection":[{"href":"https:\/\/www.univ-guyane.fr\/en\/wp-json\/wp\/v2\/posts"}],"about":[{"href":"https:\/\/www.univ-guyane.fr\/en\/wp-json\/wp\/v2\/types\/post"}],"author":[{"embeddable":true,"href":"https:\/\/www.univ-guyane.fr\/en\/wp-json\/wp\/v2\/users\/1"}],"replies":[{"embeddable":true,"href":"https:\/\/www.univ-guyane.fr\/en\/wp-json\/wp\/v2\/comments?post=8581"}],"version-history":[{"count":1,"href":"https:\/\/www.univ-guyane.fr\/en\/wp-json\/wp\/v2\/posts\/8581\/revisions"}],"predecessor-version":[{"id":8588,"href":"https:\/\/www.univ-guyane.fr\/en\/wp-json\/wp\/v2\/posts\/8581\/revisions\/8588"}],"wp:featuredmedia":[{"embeddable":true,"href":"https:\/\/www.univ-guyane.fr\/en\/wp-json\/wp\/v2\/media\/8587"}],"wp:attachment":[{"href":"https:\/\/www.univ-guyane.fr\/en\/wp-json\/wp\/v2\/media?parent=8581"}],"wp:term":[{"taxonomy":"category","embeddable":true,"href":"https:\/\/www.univ-guyane.fr\/en\/wp-json\/wp\/v2\/categories?post=8581"},{"taxonomy":"post_tag","embeddable":true,"href":"https:\/\/www.univ-guyane.fr\/en\/wp-json\/wp\/v2\/tags?post=8581"}],"curies":[{"name":"wp","href":"https:\/\/api.w.org\/{rel}","templated":true}]}}