{"id":8638,"date":"2022-11-30T11:23:16","date_gmt":"2022-11-30T14:23:16","guid":{"rendered":"https:\/\/www.univ-guyane.fr\/?p=8638"},"modified":"2024-06-18T11:31:09","modified_gmt":"2024-06-18T14:31:09","slug":"lancement-de-la-conference-des-recteurs-duniversites-du-plateau-des-guyanes","status":"publish","type":"post","link":"https:\/\/www.univ-guyane.fr\/en\/2022\/11\/30\/lancement-de-la-conference-des-recteurs-duniversites-du-plateau-des-guyanes\/","title":{"rendered":"Launch of the Conference of Rectors of the Universities of the Guiana Shield"},"content":{"rendered":"<div id=\"fws_69f3e31536921\"  data-column-margin=\"default\" data-midnight=\"dark\"  class=\"wpb_row vc_row-fluid vc_row\"  style=\"padding-top: 0px; padding-bottom: 0px; \"><div class=\"row-bg-wrap\" data-bg-animation=\"none\" data-bg-animation-delay=\"\" data-bg-overlay=\"false\"><div class=\"inner-wrap row-bg-layer\" ><div class=\"row-bg viewport-desktop\"  style=\"\"><\/div><\/div><\/div><div class=\"row_col_wrap_12 col span_12 dark left\">\n\t<div  class=\"vc_col-sm-12 wpb_column column_container vc_column_container col no-extra-padding inherit_tablet inherit_phone\"  data-padding-pos=\"all\" data-has-bg-color=\"false\" data-bg-color=\"\" data-bg-opacity=\"1\" data-animation=\"\" data-delay=\"0\" >\n\t\t<div class=\"vc_column-inner\" >\n\t\t\t<div class=\"wpb_wrapper\">\n\t\t\t\t\n<div class=\"wpb_text_column wpb_content_element  chapo\" >\n\t<h2>Echoing the <a href=\"https:\/\/web.archive.org\/web\/20231129174702\/https:\/\/www.univ-guyane.fr\/2022\/06\/mission-guyuniv2\/\">GUYUNIV2 mission<\/a>Following its exploratory mission to Surinam and Guyana last June, the University of Guyana welcomed 3 university delegations from 14 to 16 November. The University of Surinam (ADEKUS), the University of Guyana (UoG) and the Federal University of Amapa (UNIFAP) met at the University of French Guiana to officially launch the Conference of University Rectors of the Guiana Shield.<\/h2>\n<\/div>\n\n\n\n\n<div class=\"wpb_text_column wpb_content_element\" >\n\t<p><span class=\"nectar-dropcap\" >L' <\/span>Universit\u00e9 de Guyane organised the launch of the first Conference of University Rectors of the Guyana Plateau. On this occasion, it welcomed its counterpart partners from the macro-region: the University of Surinam (ADEKUS), the University of Guyana and the Federal University of Amapa (UNIFAP). This event marks a turning point and the start of a great adventure for the four higher education establishments.<\/p>\n<p>Over the course of the three days, the four institutions discussed the issues they face in common, both in terms of research and training. The question of an academic and university identity for the Guiana Shield macro-region came to the fore. The challenges faced by these territories and countries, the issues of public health and the richness of their biodiversity are all common themes.<\/p>\n<p>Through this meeting, the University of French Guiana hopes to lay the foundations for a consortium of universities from the Guiana Shield, which is set to expand, in order to boost educational and scientific initiatives between the four universities. The meeting will also provide an opportunity to lay the foundations for three key projects: the Amazonian Institute of Biodiversity and sustainable Innovation (AIBSI), the creation of a university press for the Guiana Shield and the creation of a North Amazonian doctoral conference.<\/p>\n<h3><strong>Building a macro-regional university identity<\/strong><\/h3>\n<p>Over the course of the three days, a morning session was organised to lay the foundations for the three key projects that will help to build a macro-regional academic and university identity for the Guyana Plateau.<\/p>\n<p>AIBSI (Amazonian Institute of Biodiversity and Sustainable Innovation): an operational framework to support the emergence of a macro-regional academic and university identity;<\/p>\n<p>A North Amazonian doctoral conference as a forum for building an academic identity through high-level training. The creation of an Amazonian doctoral training programme could make a major contribution to strengthening the emergence on the Guiana Shield of networks of specialists and experts on Amazonia, focusing on issues such as knowledge of biodiversity, the environment, the use of innovative technologies, knowledge of our societies on the Guiana Shield and development issues.<\/p>\n<p>A university press for the Guyana Plateau: a tool for building a macro-regional identity. The aim is to raise the international profile of scientific and educational publications, as well as popular works by the four institutions. By pooling the skills of the four institutions, the idea of a shared university press could create a real space in which their scientists and doctoral students could publish their work.<\/p>\n<\/div>\n\n\n\n\n\t\t\t<\/div> \n\t\t<\/div>\n\t<\/div> \n<\/div><\/div>","protected":false},"excerpt":{"rendered":"Following on from the GUYUNIV2 exploratory mission to Surinam and Guyana in June...","protected":false},"author":1,"featured_media":8639,"comment_status":"closed","ping_status":"open","sticky":false,"template":"","format":"standard","meta":{"iawp_total_views":26,"footnotes":""},"categories":[170,229],"tags":[],"class_list":{"0":"post-8638","1":"post","2":"type-post","3":"status-publish","4":"format-standard","5":"has-post-thumbnail","7":"category-international","8":"category-universite-actualites"},"yoast_head":"<!-- This site is optimized with the Yoast SEO plugin v27.5 - https:\/\/yoast.com\/product\/yoast-seo-wordpress\/ -->\n<title>Lancement de la Conf\u00e9rence des Recteurs d\u2019Universit\u00e9s du Plateau des Guyanes &#8212; Universit\u00e9 de Guyane<\/title>\n<meta name=\"description\" content=\"L&#039;Universit\u00e9 de Guyane accueille la premi\u00e8re Conf\u00e9rence des Recteurs d&#039;Universit\u00e9s du Plateau des Guyanes. Un moment cl\u00e9 pour les partenaires universitaires de la macro-r\u00e9gion.\" \/>\n<meta name=\"robots\" content=\"index, follow, max-snippet:-1, max-image-preview:large, max-video-preview:-1\" \/>\n<link rel=\"canonical\" href=\"https:\/\/www.univ-guyane.fr\/en\/2022\/11\/30\/lancement-de-la-conference-des-recteurs-duniversites-du-plateau-des-guyanes\/\" \/>\n<meta property=\"og:locale\" content=\"en_GB\" \/>\n<meta property=\"og:type\" content=\"article\" \/>\n<meta property=\"og:title\" content=\"Lancement de la Conf\u00e9rence des Recteurs d\u2019Universit\u00e9s du Plateau des Guyanes &#8212; Universit\u00e9 de Guyane\" \/>\n<meta property=\"og:description\" content=\"L&#039;Universit\u00e9 de Guyane accueille la premi\u00e8re Conf\u00e9rence des Recteurs d&#039;Universit\u00e9s du Plateau des Guyanes. Un moment cl\u00e9 pour les partenaires universitaires de la macro-r\u00e9gion.\" \/>\n<meta property=\"og:url\" content=\"https:\/\/www.univ-guyane.fr\/en\/2022\/11\/30\/lancement-de-la-conference-des-recteurs-duniversites-du-plateau-des-guyanes\/\" \/>\n<meta property=\"og:site_name\" content=\"Universit\u00e9 de Guyane\" \/>\n<meta property=\"article:publisher\" content=\"https:\/\/www.facebook.com\/univguyane\" \/>\n<meta property=\"article:published_time\" content=\"2022-11-30T14:23:16+00:00\" \/>\n<meta property=\"article:modified_time\" content=\"2024-06-18T14:31:09+00:00\" \/>\n<meta property=\"og:image\" content=\"https:\/\/www.univ-guyane.fr\/wp-content\/uploads\/conference-des-recteurs-du-plateau-des-guyanes-2022.jpeg\" \/>\n\t<meta property=\"og:image:width\" content=\"1800\" \/>\n\t<meta property=\"og:image:height\" content=\"1013\" \/>\n\t<meta property=\"og:image:type\" content=\"image\/jpeg\" \/>\n<meta name=\"author\" content=\"Erick Loiti\u00e8re\" \/>\n<meta name=\"twitter:card\" content=\"summary_large_image\" \/>\n<meta name=\"twitter:creator\" content=\"@univguyane\" \/>\n<meta name=\"twitter:site\" content=\"@univguyane\" \/>\n<meta name=\"twitter:label1\" content=\"Written by\" \/>\n\t<meta name=\"twitter:data1\" content=\"Erick Loiti\u00e8re\" \/>\n\t<meta name=\"twitter:label2\" content=\"Estimated reading time\" \/>\n\t<meta name=\"twitter:data2\" content=\"3 minutes\" \/>\n<script type=\"application\/ld+json\" class=\"yoast-schema-graph\">{\"@context\":\"https:\\\/\\\/schema.org\",\"@graph\":[{\"@type\":\"Article\",\"@id\":\"https:\\\/\\\/www.univ-guyane.fr\\\/2022\\\/11\\\/30\\\/lancement-de-la-conference-des-recteurs-duniversites-du-plateau-des-guyanes\\\/#article\",\"isPartOf\":{\"@id\":\"https:\\\/\\\/www.univ-guyane.fr\\\/2022\\\/11\\\/30\\\/lancement-de-la-conference-des-recteurs-duniversites-du-plateau-des-guyanes\\\/\"},\"author\":{\"name\":\"Erick Loiti\u00e8re\",\"@id\":\"https:\\\/\\\/www.univ-guyane.fr\\\/#\\\/schema\\\/person\\\/86d946a28a8be51bb096ccfdf19db179\"},\"headline\":\"Lancement de la Conf\u00e9rence des Recteurs d\u2019Universit\u00e9s du Plateau des Guyanes\",\"datePublished\":\"2022-11-30T14:23:16+00:00\",\"dateModified\":\"2024-06-18T14:31:09+00:00\",\"mainEntityOfPage\":{\"@id\":\"https:\\\/\\\/www.univ-guyane.fr\\\/2022\\\/11\\\/30\\\/lancement-de-la-conference-des-recteurs-duniversites-du-plateau-des-guyanes\\\/\"},\"wordCount\":761,\"publisher\":{\"@id\":\"https:\\\/\\\/www.univ-guyane.fr\\\/#organization\"},\"image\":{\"@id\":\"https:\\\/\\\/www.univ-guyane.fr\\\/2022\\\/11\\\/30\\\/lancement-de-la-conference-des-recteurs-duniversites-du-plateau-des-guyanes\\\/#primaryimage\"},\"thumbnailUrl\":\"https:\\\/\\\/www.univ-guyane.fr\\\/wp-content\\\/uploads\\\/conference-des-recteurs-du-plateau-des-guyanes-2022.jpeg\",\"articleSection\":[\"\u2022 International\",\"\u2022 Universit\u00e9\"],\"inLanguage\":\"en-GB\"},{\"@type\":\"WebPage\",\"@id\":\"https:\\\/\\\/www.univ-guyane.fr\\\/2022\\\/11\\\/30\\\/lancement-de-la-conference-des-recteurs-duniversites-du-plateau-des-guyanes\\\/\",\"url\":\"https:\\\/\\\/www.univ-guyane.fr\\\/2022\\\/11\\\/30\\\/lancement-de-la-conference-des-recteurs-duniversites-du-plateau-des-guyanes\\\/\",\"name\":\"Lancement de la Conf\u00e9rence des Recteurs d\u2019Universit\u00e9s du Plateau des Guyanes &#8212; Universit\u00e9 de Guyane\",\"isPartOf\":{\"@id\":\"https:\\\/\\\/www.univ-guyane.fr\\\/#website\"},\"primaryImageOfPage\":{\"@id\":\"https:\\\/\\\/www.univ-guyane.fr\\\/2022\\\/11\\\/30\\\/lancement-de-la-conference-des-recteurs-duniversites-du-plateau-des-guyanes\\\/#primaryimage\"},\"image\":{\"@id\":\"https:\\\/\\\/www.univ-guyane.fr\\\/2022\\\/11\\\/30\\\/lancement-de-la-conference-des-recteurs-duniversites-du-plateau-des-guyanes\\\/#primaryimage\"},\"thumbnailUrl\":\"https:\\\/\\\/www.univ-guyane.fr\\\/wp-content\\\/uploads\\\/conference-des-recteurs-du-plateau-des-guyanes-2022.jpeg\",\"datePublished\":\"2022-11-30T14:23:16+00:00\",\"dateModified\":\"2024-06-18T14:31:09+00:00\",\"description\":\"L'Universit\u00e9 de Guyane accueille la premi\u00e8re Conf\u00e9rence des Recteurs d'Universit\u00e9s du Plateau des Guyanes. Un moment cl\u00e9 pour les partenaires universitaires de la macro-r\u00e9gion.\",\"breadcrumb\":{\"@id\":\"https:\\\/\\\/www.univ-guyane.fr\\\/2022\\\/11\\\/30\\\/lancement-de-la-conference-des-recteurs-duniversites-du-plateau-des-guyanes\\\/#breadcrumb\"},\"inLanguage\":\"en-GB\",\"potentialAction\":[{\"@type\":\"ReadAction\",\"target\":[\"https:\\\/\\\/www.univ-guyane.fr\\\/2022\\\/11\\\/30\\\/lancement-de-la-conference-des-recteurs-duniversites-du-plateau-des-guyanes\\\/\"]}]},{\"@type\":\"ImageObject\",\"inLanguage\":\"en-GB\",\"@id\":\"https:\\\/\\\/www.univ-guyane.fr\\\/2022\\\/11\\\/30\\\/lancement-de-la-conference-des-recteurs-duniversites-du-plateau-des-guyanes\\\/#primaryimage\",\"url\":\"https:\\\/\\\/www.univ-guyane.fr\\\/wp-content\\\/uploads\\\/conference-des-recteurs-du-plateau-des-guyanes-2022.jpeg\",\"contentUrl\":\"https:\\\/\\\/www.univ-guyane.fr\\\/wp-content\\\/uploads\\\/conference-des-recteurs-du-plateau-des-guyanes-2022.jpeg\",\"width\":1800,\"height\":1013,\"caption\":\"Lancement de la Conf\u00e9rence des Recteurs d\u2019Universit\u00e9s du Plateau des Guyanes\"},{\"@type\":\"BreadcrumbList\",\"@id\":\"https:\\\/\\\/www.univ-guyane.fr\\\/2022\\\/11\\\/30\\\/lancement-de-la-conference-des-recteurs-duniversites-du-plateau-des-guyanes\\\/#breadcrumb\",\"itemListElement\":[{\"@type\":\"ListItem\",\"position\":1,\"name\":\"Accueil\",\"item\":\"https:\\\/\\\/www.univ-guyane.fr\\\/\"},{\"@type\":\"ListItem\",\"position\":2,\"name\":\"Lancement de la Conf\u00e9rence des Recteurs d\u2019Universit\u00e9s du Plateau des Guyanes\"}]},{\"@type\":\"WebSite\",\"@id\":\"https:\\\/\\\/www.univ-guyane.fr\\\/#website\",\"url\":\"https:\\\/\\\/www.univ-guyane.fr\\\/\",\"name\":\"Universit\u00e9 de Guyane\",\"description\":\"Au c\u0153ur de l&#039;amazonie\",\"publisher\":{\"@id\":\"https:\\\/\\\/www.univ-guyane.fr\\\/#organization\"},\"alternateName\":\"UG\",\"potentialAction\":[{\"@type\":\"SearchAction\",\"target\":{\"@type\":\"EntryPoint\",\"urlTemplate\":\"https:\\\/\\\/www.univ-guyane.fr\\\/?s={search_term_string}\"},\"query-input\":{\"@type\":\"PropertyValueSpecification\",\"valueRequired\":true,\"valueName\":\"search_term_string\"}}],\"inLanguage\":\"en-GB\"},{\"@type\":\"Organization\",\"@id\":\"https:\\\/\\\/www.univ-guyane.fr\\\/#organization\",\"name\":\"Universit\u00e9 de Guyane\",\"alternateName\":\"UG\",\"url\":\"https:\\\/\\\/www.univ-guyane.fr\\\/\",\"logo\":{\"@type\":\"ImageObject\",\"inLanguage\":\"en-GB\",\"@id\":\"https:\\\/\\\/www.univ-guyane.fr\\\/#\\\/schema\\\/logo\\\/image\\\/\",\"url\":\"https:\\\/\\\/www.univ-guyane.fr\\\/wp-content\\\/uploads\\\/2024\\\/05\\\/f.png\",\"contentUrl\":\"https:\\\/\\\/www.univ-guyane.fr\\\/wp-content\\\/uploads\\\/2024\\\/05\\\/f.png\",\"width\":1024,\"height\":1024,\"caption\":\"Universit\u00e9 de Guyane\"},\"image\":{\"@id\":\"https:\\\/\\\/www.univ-guyane.fr\\\/#\\\/schema\\\/logo\\\/image\\\/\"},\"sameAs\":[\"https:\\\/\\\/www.facebook.com\\\/univguyane\",\"https:\\\/\\\/x.com\\\/univguyane\",\"https:\\\/\\\/gf.linkedin.com\\\/school\\\/universite-de-guyane\\\/\",\"https:\\\/\\\/www.instagram.com\\\/univ_guyane\\\/\"]},{\"@type\":\"Person\",\"@id\":\"https:\\\/\\\/www.univ-guyane.fr\\\/#\\\/schema\\\/person\\\/86d946a28a8be51bb096ccfdf19db179\",\"name\":\"Erick Loiti\u00e8re\",\"image\":{\"@type\":\"ImageObject\",\"inLanguage\":\"en-GB\",\"@id\":\"https:\\\/\\\/secure.gravatar.com\\\/avatar\\\/0584f332103fbeaf37e52c73b15dca3c547fd9300deb05764e9ad8714839d072?s=96&d=robohash&r=g\",\"url\":\"https:\\\/\\\/secure.gravatar.com\\\/avatar\\\/0584f332103fbeaf37e52c73b15dca3c547fd9300deb05764e9ad8714839d072?s=96&d=robohash&r=g\",\"contentUrl\":\"https:\\\/\\\/secure.gravatar.com\\\/avatar\\\/0584f332103fbeaf37e52c73b15dca3c547fd9300deb05764e9ad8714839d072?s=96&d=robohash&r=g\",\"caption\":\"Erick Loiti\u00e8re\"},\"sameAs\":[\"http:\\\/\\\/www.univ-guyane.fr\"],\"url\":\"https:\\\/\\\/www.univ-guyane.fr\\\/en\\\/author\\\/eloitierdbz\\\/\"}]}<\/script>\n<!-- \/ Yoast SEO plugin. -->","yoast_head_json":{"title":"Lancement de la Conf\u00e9rence des Recteurs d\u2019Universit\u00e9s du Plateau des Guyanes &#8212; Universit\u00e9 de Guyane","description":"L'Universit\u00e9 de Guyane accueille la premi\u00e8re Conf\u00e9rence des Recteurs d'Universit\u00e9s du Plateau des Guyanes. Un moment cl\u00e9 pour les partenaires universitaires de la macro-r\u00e9gion.","robots":{"index":"index","follow":"follow","max-snippet":"max-snippet:-1","max-image-preview":"max-image-preview:large","max-video-preview":"max-video-preview:-1"},"canonical":"https:\/\/www.univ-guyane.fr\/en\/2022\/11\/30\/lancement-de-la-conference-des-recteurs-duniversites-du-plateau-des-guyanes\/","og_locale":"en_GB","og_type":"article","og_title":"Lancement de la Conf\u00e9rence des Recteurs d\u2019Universit\u00e9s du Plateau des Guyanes &#8212; Universit\u00e9 de Guyane","og_description":"L'Universit\u00e9 de Guyane accueille la premi\u00e8re Conf\u00e9rence des Recteurs d'Universit\u00e9s du Plateau des Guyanes. Un moment cl\u00e9 pour les partenaires universitaires de la macro-r\u00e9gion.","og_url":"https:\/\/www.univ-guyane.fr\/en\/2022\/11\/30\/lancement-de-la-conference-des-recteurs-duniversites-du-plateau-des-guyanes\/","og_site_name":"Universit\u00e9 de Guyane","article_publisher":"https:\/\/www.facebook.com\/univguyane","article_published_time":"2022-11-30T14:23:16+00:00","article_modified_time":"2024-06-18T14:31:09+00:00","og_image":[{"width":1800,"height":1013,"url":"https:\/\/www.univ-guyane.fr\/wp-content\/uploads\/conference-des-recteurs-du-plateau-des-guyanes-2022.jpeg","type":"image\/jpeg"}],"author":"Erick Loiti\u00e8re","twitter_card":"summary_large_image","twitter_creator":"@univguyane","twitter_site":"@univguyane","twitter_misc":{"Written by":"Erick Loiti\u00e8re","Estimated reading time":"3 minutes"},"schema":{"@context":"https:\/\/schema.org","@graph":[{"@type":"Article","@id":"https:\/\/www.univ-guyane.fr\/2022\/11\/30\/lancement-de-la-conference-des-recteurs-duniversites-du-plateau-des-guyanes\/#article","isPartOf":{"@id":"https:\/\/www.univ-guyane.fr\/2022\/11\/30\/lancement-de-la-conference-des-recteurs-duniversites-du-plateau-des-guyanes\/"},"author":{"name":"Erick Loiti\u00e8re","@id":"https:\/\/www.univ-guyane.fr\/#\/schema\/person\/86d946a28a8be51bb096ccfdf19db179"},"headline":"Lancement de la Conf\u00e9rence des Recteurs d\u2019Universit\u00e9s du Plateau des Guyanes","datePublished":"2022-11-30T14:23:16+00:00","dateModified":"2024-06-18T14:31:09+00:00","mainEntityOfPage":{"@id":"https:\/\/www.univ-guyane.fr\/2022\/11\/30\/lancement-de-la-conference-des-recteurs-duniversites-du-plateau-des-guyanes\/"},"wordCount":761,"publisher":{"@id":"https:\/\/www.univ-guyane.fr\/#organization"},"image":{"@id":"https:\/\/www.univ-guyane.fr\/2022\/11\/30\/lancement-de-la-conference-des-recteurs-duniversites-du-plateau-des-guyanes\/#primaryimage"},"thumbnailUrl":"https:\/\/www.univ-guyane.fr\/wp-content\/uploads\/conference-des-recteurs-du-plateau-des-guyanes-2022.jpeg","articleSection":["\u2022 International","\u2022 Universit\u00e9"],"inLanguage":"en-GB"},{"@type":"WebPage","@id":"https:\/\/www.univ-guyane.fr\/2022\/11\/30\/lancement-de-la-conference-des-recteurs-duniversites-du-plateau-des-guyanes\/","url":"https:\/\/www.univ-guyane.fr\/2022\/11\/30\/lancement-de-la-conference-des-recteurs-duniversites-du-plateau-des-guyanes\/","name":"Lancement de la Conf\u00e9rence des Recteurs d\u2019Universit\u00e9s du Plateau des Guyanes &#8212; Universit\u00e9 de Guyane","isPartOf":{"@id":"https:\/\/www.univ-guyane.fr\/#website"},"primaryImageOfPage":{"@id":"https:\/\/www.univ-guyane.fr\/2022\/11\/30\/lancement-de-la-conference-des-recteurs-duniversites-du-plateau-des-guyanes\/#primaryimage"},"image":{"@id":"https:\/\/www.univ-guyane.fr\/2022\/11\/30\/lancement-de-la-conference-des-recteurs-duniversites-du-plateau-des-guyanes\/#primaryimage"},"thumbnailUrl":"https:\/\/www.univ-guyane.fr\/wp-content\/uploads\/conference-des-recteurs-du-plateau-des-guyanes-2022.jpeg","datePublished":"2022-11-30T14:23:16+00:00","dateModified":"2024-06-18T14:31:09+00:00","description":"L'Universit\u00e9 de Guyane accueille la premi\u00e8re Conf\u00e9rence des Recteurs d'Universit\u00e9s du Plateau des Guyanes. Un moment cl\u00e9 pour les partenaires universitaires de la macro-r\u00e9gion.","breadcrumb":{"@id":"https:\/\/www.univ-guyane.fr\/2022\/11\/30\/lancement-de-la-conference-des-recteurs-duniversites-du-plateau-des-guyanes\/#breadcrumb"},"inLanguage":"en-GB","potentialAction":[{"@type":"ReadAction","target":["https:\/\/www.univ-guyane.fr\/2022\/11\/30\/lancement-de-la-conference-des-recteurs-duniversites-du-plateau-des-guyanes\/"]}]},{"@type":"ImageObject","inLanguage":"en-GB","@id":"https:\/\/www.univ-guyane.fr\/2022\/11\/30\/lancement-de-la-conference-des-recteurs-duniversites-du-plateau-des-guyanes\/#primaryimage","url":"https:\/\/www.univ-guyane.fr\/wp-content\/uploads\/conference-des-recteurs-du-plateau-des-guyanes-2022.jpeg","contentUrl":"https:\/\/www.univ-guyane.fr\/wp-content\/uploads\/conference-des-recteurs-du-plateau-des-guyanes-2022.jpeg","width":1800,"height":1013,"caption":"Lancement de la Conf\u00e9rence des Recteurs d\u2019Universit\u00e9s du Plateau des Guyanes"},{"@type":"BreadcrumbList","@id":"https:\/\/www.univ-guyane.fr\/2022\/11\/30\/lancement-de-la-conference-des-recteurs-duniversites-du-plateau-des-guyanes\/#breadcrumb","itemListElement":[{"@type":"ListItem","position":1,"name":"Accueil","item":"https:\/\/www.univ-guyane.fr\/"},{"@type":"ListItem","position":2,"name":"Lancement de la Conf\u00e9rence des Recteurs d\u2019Universit\u00e9s du Plateau des Guyanes"}]},{"@type":"WebSite","@id":"https:\/\/www.univ-guyane.fr\/#website","url":"https:\/\/www.univ-guyane.fr\/","name":"University of Guyana","description":"In the heart of Amazonia","publisher":{"@id":"https:\/\/www.univ-guyane.fr\/#organization"},"alternateName":"UG","potentialAction":[{"@type":"SearchAction","target":{"@type":"EntryPoint","urlTemplate":"https:\/\/www.univ-guyane.fr\/?s={search_term_string}"},"query-input":{"@type":"PropertyValueSpecification","valueRequired":true,"valueName":"search_term_string"}}],"inLanguage":"en-GB"},{"@type":"Organization","@id":"https:\/\/www.univ-guyane.fr\/#organization","name":"University of Guyana","alternateName":"UG","url":"https:\/\/www.univ-guyane.fr\/","logo":{"@type":"ImageObject","inLanguage":"en-GB","@id":"https:\/\/www.univ-guyane.fr\/#\/schema\/logo\/image\/","url":"https:\/\/www.univ-guyane.fr\/wp-content\/uploads\/2024\/05\/f.png","contentUrl":"https:\/\/www.univ-guyane.fr\/wp-content\/uploads\/2024\/05\/f.png","width":1024,"height":1024,"caption":"Universit\u00e9 de Guyane"},"image":{"@id":"https:\/\/www.univ-guyane.fr\/#\/schema\/logo\/image\/"},"sameAs":["https:\/\/www.facebook.com\/univguyane","https:\/\/x.com\/univguyane","https:\/\/gf.linkedin.com\/school\/universite-de-guyane\/","https:\/\/www.instagram.com\/univ_guyane\/"]},{"@type":"Person","@id":"https:\/\/www.univ-guyane.fr\/#\/schema\/person\/86d946a28a8be51bb096ccfdf19db179","name":"Erick Loiti\u00e8re","image":{"@type":"ImageObject","inLanguage":"en-GB","@id":"https:\/\/secure.gravatar.com\/avatar\/0584f332103fbeaf37e52c73b15dca3c547fd9300deb05764e9ad8714839d072?s=96&d=robohash&r=g","url":"https:\/\/secure.gravatar.com\/avatar\/0584f332103fbeaf37e52c73b15dca3c547fd9300deb05764e9ad8714839d072?s=96&d=robohash&r=g","contentUrl":"https:\/\/secure.gravatar.com\/avatar\/0584f332103fbeaf37e52c73b15dca3c547fd9300deb05764e9ad8714839d072?s=96&d=robohash&r=g","caption":"Erick Loiti\u00e8re"},"sameAs":["http:\/\/www.univ-guyane.fr"],"url":"https:\/\/www.univ-guyane.fr\/en\/author\/eloitierdbz\/"}]}},"_links":{"self":[{"href":"https:\/\/www.univ-guyane.fr\/en\/wp-json\/wp\/v2\/posts\/8638","targetHints":{"allow":["GET"]}}],"collection":[{"href":"https:\/\/www.univ-guyane.fr\/en\/wp-json\/wp\/v2\/posts"}],"about":[{"href":"https:\/\/www.univ-guyane.fr\/en\/wp-json\/wp\/v2\/types\/post"}],"author":[{"embeddable":true,"href":"https:\/\/www.univ-guyane.fr\/en\/wp-json\/wp\/v2\/users\/1"}],"replies":[{"embeddable":true,"href":"https:\/\/www.univ-guyane.fr\/en\/wp-json\/wp\/v2\/comments?post=8638"}],"version-history":[{"count":1,"href":"https:\/\/www.univ-guyane.fr\/en\/wp-json\/wp\/v2\/posts\/8638\/revisions"}],"predecessor-version":[{"id":8640,"href":"https:\/\/www.univ-guyane.fr\/en\/wp-json\/wp\/v2\/posts\/8638\/revisions\/8640"}],"wp:featuredmedia":[{"embeddable":true,"href":"https:\/\/www.univ-guyane.fr\/en\/wp-json\/wp\/v2\/media\/8639"}],"wp:attachment":[{"href":"https:\/\/www.univ-guyane.fr\/en\/wp-json\/wp\/v2\/media?parent=8638"}],"wp:term":[{"taxonomy":"category","embeddable":true,"href":"https:\/\/www.univ-guyane.fr\/en\/wp-json\/wp\/v2\/categories?post=8638"},{"taxonomy":"post_tag","embeddable":true,"href":"https:\/\/www.univ-guyane.fr\/en\/wp-json\/wp\/v2\/tags?post=8638"}],"curies":[{"name":"wp","href":"https:\/\/api.w.org\/{rel}","templated":true}]}}