{"id":8688,"date":"2022-10-03T15:10:07","date_gmt":"2022-10-03T18:10:07","guid":{"rendered":"https:\/\/www.univ-guyane.fr\/?p=8688"},"modified":"2024-06-18T15:13:00","modified_gmt":"2024-06-18T18:13:00","slug":"le-famnenisme-de-fabienne-kanor-tisser-racines-et-goumer-ensemble","status":"publish","type":"post","link":"https:\/\/www.univ-guyane.fr\/en\/2022\/10\/03\/le-famnenisme-de-fabienne-kanor-tisser-racines-et-goumer-ensemble\/","title":{"rendered":"Le famn\u00e9nisme de Fabienne Kanor: Weaving roots and goumer together"},"content":{"rendered":"<div id=\"fws_69f5834396cca\"  data-column-margin=\"default\" data-midnight=\"dark\"  class=\"wpb_row vc_row-fluid vc_row\"  style=\"padding-top: 0px; padding-bottom: 0px; \"><div class=\"row-bg-wrap\" data-bg-animation=\"none\" data-bg-animation-delay=\"\" data-bg-overlay=\"false\"><div class=\"inner-wrap row-bg-layer\" ><div class=\"row-bg viewport-desktop\"  style=\"\"><\/div><\/div><\/div><div class=\"row_col_wrap_12 col span_12 dark left\">\n\t<div  class=\"vc_col-sm-12 wpb_column column_container vc_column_container col no-extra-padding inherit_tablet inherit_phone\"  data-padding-pos=\"all\" data-has-bg-color=\"false\" data-bg-color=\"\" data-bg-opacity=\"1\" data-animation=\"\" data-delay=\"0\" >\n\t\t<div class=\"vc_column-inner\" >\n\t\t\t<div class=\"wpb_wrapper\">\n\t\t\t\t\n<div class=\"wpb_text_column wpb_content_element  chapo\" >\n\t<h2 class=\"justify\">As part of the FEMPOCO seminar, Gladys M. Francis, University Professor at Howard University, will give a lecture entitled: \"Le famn\u00e9nisme de Fabienne Kanor: Tisser racines et goumer ensemble\", on Monday 10 October 2022 from 6pm to 8pm in Amphi E.<\/h2>\n<\/div>\n\n\n\n\n<div class=\"wpb_text_column wpb_content_element\" >\n\t<div class=\"wpb_text_column wpb_content_element\">\n<div class=\"wpb_wrapper\">\n<span class=\"nectar-dropcap\" >L <\/span>he feminism of Fabienne Kanor - a renowned artist, novelist, journalist and film-maker - is characterised by neo-colonial ecosystems that reveal the mechanisms and strategies by which trauma is emanated or reinscribed in the bodies of black women. Originally from Martinique, Fabienne Kanor's work takes in Africa, its black diaspora and the Caribbean through the theme of traumatic confinement, which she calls \"the poetics of the hold\".<\/p>\n<\/div>\n<\/div>\n<div class=\"wpb_text_column wpb_content_element\">\n<div class=\"wpb_wrapper\">\n<div id=\"lipsum\">\n<p>This enclosed space (where the brutality of geographical dislocation impacts on the psychological, emotional and social) also embodies a Creole, feminist and transformative cartography that Kanor theorises under the term <em>fanmenism<\/em>. A number of novels, film extracts and performances will be presented to capture Fabienne Kanor's black feminism caught between forgetting and remembering, captivity and deportation, power and powerlessness, order and disorder. This repertoire will highlight Kanor's commitment to mobilising our bodies and reconnecting us to the diversity of experience. <em>fanmaker<\/em>. It's about discovering individual resistance and the <em>goum\u00e9 ansanm<\/em> that can emanate from trauma. It is through this resistance that Kanor's female characters and\/or subjects attempt to create their own intimate and private spaces, which at the same time reveal their sexual subjectivities and forbidden desires.<\/p>\n<\/div>\n<\/div>\n<\/div>\n<div class=\"wpb_text_column wpb_content_element vc_custom_1664807828497\">\n<div class=\"wpb_wrapper\">\n<p><strong>About the speaker<\/strong><\/p>\n<p><strong>Gladys M. Francis <\/strong>is Dean and University Professor at Howard University (Washington DC, USA) where she directs the Office of Academic and Student Affairs in the College of Arts and Sciences (COAS) and is also responsible for the development of innovative and international study programmes for all COAS academic departments. She specialises in African, francophone, cultural and theoretical studies. Her recent interdisciplinary work focuses on the aesthetics of representations of the suffering body in literature and the visual arts. She explores issues of social justice, resistance, trauma, identity construction, gender and sexuality. Dr. Francis is invited throughout the world as a consultant and researcher on issues of identity formation and social justice related to gender, ethnicity and class, among others. She has two Research Chairs in the Humanities, over five million dollars raised for educational and cultural missions, various national and international scholarships, and three awards for teaching excellence. In 2019, she received the Faculty of Arts and Sciences Award for Excellence in Diversity, Equity and Inclusion. Dr. Gladys M. Francis has more than forty articles in her areas of specialization, as well as four books <em>Love, sex, gender and trauma in the French-speaking Caribbean<\/em>\u00a0(2016), <em>Odious Caribbean Women: The Palpable Aesthetics of Transgression<\/em> (2017), <em>Epic<\/em> <em>Creole: Stories of transgression <\/em>(2022), and <em>Fabienne Kanor in Transgression<\/em> (2022).<\/p>\n<\/div>\n<\/div>\n<\/div>\n\n\n\n\n\t\t\t<\/div> \n\t\t<\/div>\n\t<\/div> \n<\/div><\/div>","protected":false},"excerpt":{"rendered":"As part of the FEMPOCO seminar, Gladys M. Francis, University Professor at the Howard Steiger...","protected":false},"author":1,"featured_media":8689,"comment_status":"closed","ping_status":"open","sticky":false,"template":"","format":"standard","meta":{"iawp_total_views":58,"footnotes":""},"categories":[234,14,187],"tags":[],"class_list":{"0":"post-8688","1":"post","2":"type-post","3":"status-publish","4":"format-standard","5":"has-post-thumbnail","7":"category-a-la-une","8":"category-lsh","9":"category-minea"},"yoast_head":"<!-- This site is optimized with the Yoast SEO plugin v27.5 - https:\/\/yoast.com\/product\/yoast-seo-wordpress\/ -->\n<title>Le famn\u00e9nisme de Fabienne Kanor : Tisser racines et goumer ensemble &#8212; Universit\u00e9 de Guyane<\/title>\n<meta name=\"description\" content=\"D\u00e9couvrez la th\u00e9matique captivante du fanm\u00e9nisme d\u00e9velopp\u00e9 par Fabienne Kanor \u00e0 travers son \u0153uvre artistique pluridisciplinaire.\" \/>\n<meta name=\"robots\" content=\"index, follow, max-snippet:-1, max-image-preview:large, max-video-preview:-1\" \/>\n<link rel=\"canonical\" href=\"https:\/\/www.univ-guyane.fr\/en\/2022\/10\/03\/le-famnenisme-de-fabienne-kanor-tisser-racines-et-goumer-ensemble\/\" \/>\n<meta property=\"og:locale\" content=\"en_GB\" \/>\n<meta property=\"og:type\" content=\"article\" \/>\n<meta property=\"og:title\" content=\"Le famn\u00e9nisme de Fabienne Kanor : Tisser racines et goumer ensemble &#8212; Universit\u00e9 de Guyane\" \/>\n<meta property=\"og:description\" content=\"D\u00e9couvrez la th\u00e9matique captivante du fanm\u00e9nisme d\u00e9velopp\u00e9 par Fabienne Kanor \u00e0 travers son \u0153uvre artistique pluridisciplinaire.\" \/>\n<meta property=\"og:url\" content=\"https:\/\/www.univ-guyane.fr\/en\/2022\/10\/03\/le-famnenisme-de-fabienne-kanor-tisser-racines-et-goumer-ensemble\/\" \/>\n<meta property=\"og:site_name\" content=\"Universit\u00e9 de Guyane\" \/>\n<meta property=\"article:publisher\" content=\"https:\/\/www.facebook.com\/univguyane\" \/>\n<meta property=\"article:published_time\" content=\"2022-10-03T18:10:07+00:00\" \/>\n<meta property=\"article:modified_time\" content=\"2024-06-18T18:13:00+00:00\" \/>\n<meta property=\"og:image\" content=\"https:\/\/www.univ-guyane.fr\/wp-content\/uploads\/conference-fempoco-famnenisme-oct-2022-universite-de-guyane.jpeg\" \/>\n\t<meta property=\"og:image:width\" content=\"1800\" \/>\n\t<meta property=\"og:image:height\" content=\"1013\" \/>\n\t<meta property=\"og:image:type\" content=\"image\/jpeg\" \/>\n<meta name=\"author\" content=\"Erick Loiti\u00e8re\" \/>\n<meta name=\"twitter:card\" content=\"summary_large_image\" \/>\n<meta name=\"twitter:creator\" content=\"@univguyane\" \/>\n<meta name=\"twitter:site\" content=\"@univguyane\" \/>\n<meta name=\"twitter:label1\" content=\"Written by\" \/>\n\t<meta name=\"twitter:data1\" content=\"Erick Loiti\u00e8re\" \/>\n\t<meta name=\"twitter:label2\" content=\"Estimated reading time\" \/>\n\t<meta name=\"twitter:data2\" content=\"4 minutes\" \/>\n<script type=\"application\/ld+json\" class=\"yoast-schema-graph\">{\"@context\":\"https:\\\/\\\/schema.org\",\"@graph\":[{\"@type\":\"Article\",\"@id\":\"https:\\\/\\\/www.univ-guyane.fr\\\/2022\\\/10\\\/03\\\/le-famnenisme-de-fabienne-kanor-tisser-racines-et-goumer-ensemble\\\/#article\",\"isPartOf\":{\"@id\":\"https:\\\/\\\/www.univ-guyane.fr\\\/2022\\\/10\\\/03\\\/le-famnenisme-de-fabienne-kanor-tisser-racines-et-goumer-ensemble\\\/\"},\"author\":{\"name\":\"Erick Loiti\u00e8re\",\"@id\":\"https:\\\/\\\/www.univ-guyane.fr\\\/#\\\/schema\\\/person\\\/86d946a28a8be51bb096ccfdf19db179\"},\"headline\":\"Le famn\u00e9nisme de Fabienne Kanor : Tisser racines et goumer ensemble\",\"datePublished\":\"2022-10-03T18:10:07+00:00\",\"dateModified\":\"2024-06-18T18:13:00+00:00\",\"mainEntityOfPage\":{\"@id\":\"https:\\\/\\\/www.univ-guyane.fr\\\/2022\\\/10\\\/03\\\/le-famnenisme-de-fabienne-kanor-tisser-racines-et-goumer-ensemble\\\/\"},\"wordCount\":768,\"publisher\":{\"@id\":\"https:\\\/\\\/www.univ-guyane.fr\\\/#organization\"},\"image\":{\"@id\":\"https:\\\/\\\/www.univ-guyane.fr\\\/2022\\\/10\\\/03\\\/le-famnenisme-de-fabienne-kanor-tisser-racines-et-goumer-ensemble\\\/#primaryimage\"},\"thumbnailUrl\":\"https:\\\/\\\/www.univ-guyane.fr\\\/wp-content\\\/uploads\\\/conference-fempoco-famnenisme-oct-2022-universite-de-guyane.jpeg\",\"articleSection\":[\"\u2022 \u00c0 la une\",\"\u2022 LSH\",\"\u2022\u00a0MINEA\"],\"inLanguage\":\"en-GB\"},{\"@type\":\"WebPage\",\"@id\":\"https:\\\/\\\/www.univ-guyane.fr\\\/2022\\\/10\\\/03\\\/le-famnenisme-de-fabienne-kanor-tisser-racines-et-goumer-ensemble\\\/\",\"url\":\"https:\\\/\\\/www.univ-guyane.fr\\\/2022\\\/10\\\/03\\\/le-famnenisme-de-fabienne-kanor-tisser-racines-et-goumer-ensemble\\\/\",\"name\":\"Le famn\u00e9nisme de Fabienne Kanor : Tisser racines et goumer ensemble &#8212; Universit\u00e9 de Guyane\",\"isPartOf\":{\"@id\":\"https:\\\/\\\/www.univ-guyane.fr\\\/#website\"},\"primaryImageOfPage\":{\"@id\":\"https:\\\/\\\/www.univ-guyane.fr\\\/2022\\\/10\\\/03\\\/le-famnenisme-de-fabienne-kanor-tisser-racines-et-goumer-ensemble\\\/#primaryimage\"},\"image\":{\"@id\":\"https:\\\/\\\/www.univ-guyane.fr\\\/2022\\\/10\\\/03\\\/le-famnenisme-de-fabienne-kanor-tisser-racines-et-goumer-ensemble\\\/#primaryimage\"},\"thumbnailUrl\":\"https:\\\/\\\/www.univ-guyane.fr\\\/wp-content\\\/uploads\\\/conference-fempoco-famnenisme-oct-2022-universite-de-guyane.jpeg\",\"datePublished\":\"2022-10-03T18:10:07+00:00\",\"dateModified\":\"2024-06-18T18:13:00+00:00\",\"description\":\"D\u00e9couvrez la th\u00e9matique captivante du fanm\u00e9nisme d\u00e9velopp\u00e9 par Fabienne Kanor \u00e0 travers son \u0153uvre artistique pluridisciplinaire.\",\"breadcrumb\":{\"@id\":\"https:\\\/\\\/www.univ-guyane.fr\\\/2022\\\/10\\\/03\\\/le-famnenisme-de-fabienne-kanor-tisser-racines-et-goumer-ensemble\\\/#breadcrumb\"},\"inLanguage\":\"en-GB\",\"potentialAction\":[{\"@type\":\"ReadAction\",\"target\":[\"https:\\\/\\\/www.univ-guyane.fr\\\/2022\\\/10\\\/03\\\/le-famnenisme-de-fabienne-kanor-tisser-racines-et-goumer-ensemble\\\/\"]}]},{\"@type\":\"ImageObject\",\"inLanguage\":\"en-GB\",\"@id\":\"https:\\\/\\\/www.univ-guyane.fr\\\/2022\\\/10\\\/03\\\/le-famnenisme-de-fabienne-kanor-tisser-racines-et-goumer-ensemble\\\/#primaryimage\",\"url\":\"https:\\\/\\\/www.univ-guyane.fr\\\/wp-content\\\/uploads\\\/conference-fempoco-famnenisme-oct-2022-universite-de-guyane.jpeg\",\"contentUrl\":\"https:\\\/\\\/www.univ-guyane.fr\\\/wp-content\\\/uploads\\\/conference-fempoco-famnenisme-oct-2022-universite-de-guyane.jpeg\",\"width\":1800,\"height\":1013,\"caption\":\"Le famn\u00e9nisme de Fabienne Kanor : Tisser racines et goumer ensemble\"},{\"@type\":\"BreadcrumbList\",\"@id\":\"https:\\\/\\\/www.univ-guyane.fr\\\/2022\\\/10\\\/03\\\/le-famnenisme-de-fabienne-kanor-tisser-racines-et-goumer-ensemble\\\/#breadcrumb\",\"itemListElement\":[{\"@type\":\"ListItem\",\"position\":1,\"name\":\"Accueil\",\"item\":\"https:\\\/\\\/www.univ-guyane.fr\\\/\"},{\"@type\":\"ListItem\",\"position\":2,\"name\":\"Le famn\u00e9nisme de Fabienne Kanor : Tisser racines et goumer ensemble\"}]},{\"@type\":\"WebSite\",\"@id\":\"https:\\\/\\\/www.univ-guyane.fr\\\/#website\",\"url\":\"https:\\\/\\\/www.univ-guyane.fr\\\/\",\"name\":\"Universit\u00e9 de Guyane\",\"description\":\"Au c\u0153ur de l&#039;amazonie\",\"publisher\":{\"@id\":\"https:\\\/\\\/www.univ-guyane.fr\\\/#organization\"},\"alternateName\":\"UG\",\"potentialAction\":[{\"@type\":\"SearchAction\",\"target\":{\"@type\":\"EntryPoint\",\"urlTemplate\":\"https:\\\/\\\/www.univ-guyane.fr\\\/?s={search_term_string}\"},\"query-input\":{\"@type\":\"PropertyValueSpecification\",\"valueRequired\":true,\"valueName\":\"search_term_string\"}}],\"inLanguage\":\"en-GB\"},{\"@type\":\"Organization\",\"@id\":\"https:\\\/\\\/www.univ-guyane.fr\\\/#organization\",\"name\":\"Universit\u00e9 de Guyane\",\"alternateName\":\"UG\",\"url\":\"https:\\\/\\\/www.univ-guyane.fr\\\/\",\"logo\":{\"@type\":\"ImageObject\",\"inLanguage\":\"en-GB\",\"@id\":\"https:\\\/\\\/www.univ-guyane.fr\\\/#\\\/schema\\\/logo\\\/image\\\/\",\"url\":\"https:\\\/\\\/www.univ-guyane.fr\\\/wp-content\\\/uploads\\\/2024\\\/05\\\/f.png\",\"contentUrl\":\"https:\\\/\\\/www.univ-guyane.fr\\\/wp-content\\\/uploads\\\/2024\\\/05\\\/f.png\",\"width\":1024,\"height\":1024,\"caption\":\"Universit\u00e9 de Guyane\"},\"image\":{\"@id\":\"https:\\\/\\\/www.univ-guyane.fr\\\/#\\\/schema\\\/logo\\\/image\\\/\"},\"sameAs\":[\"https:\\\/\\\/www.facebook.com\\\/univguyane\",\"https:\\\/\\\/x.com\\\/univguyane\",\"https:\\\/\\\/gf.linkedin.com\\\/school\\\/universite-de-guyane\\\/\",\"https:\\\/\\\/www.instagram.com\\\/univ_guyane\\\/\"]},{\"@type\":\"Person\",\"@id\":\"https:\\\/\\\/www.univ-guyane.fr\\\/#\\\/schema\\\/person\\\/86d946a28a8be51bb096ccfdf19db179\",\"name\":\"Erick Loiti\u00e8re\",\"image\":{\"@type\":\"ImageObject\",\"inLanguage\":\"en-GB\",\"@id\":\"https:\\\/\\\/secure.gravatar.com\\\/avatar\\\/0584f332103fbeaf37e52c73b15dca3c547fd9300deb05764e9ad8714839d072?s=96&d=robohash&r=g\",\"url\":\"https:\\\/\\\/secure.gravatar.com\\\/avatar\\\/0584f332103fbeaf37e52c73b15dca3c547fd9300deb05764e9ad8714839d072?s=96&d=robohash&r=g\",\"contentUrl\":\"https:\\\/\\\/secure.gravatar.com\\\/avatar\\\/0584f332103fbeaf37e52c73b15dca3c547fd9300deb05764e9ad8714839d072?s=96&d=robohash&r=g\",\"caption\":\"Erick Loiti\u00e8re\"},\"sameAs\":[\"http:\\\/\\\/www.univ-guyane.fr\"],\"url\":\"https:\\\/\\\/www.univ-guyane.fr\\\/en\\\/author\\\/eloitierdbz\\\/\"}]}<\/script>\n<!-- \/ Yoast SEO plugin. -->","yoast_head_json":{"title":"Le famn\u00e9nisme de Fabienne Kanor : Tisser racines et goumer ensemble &#8212; Universit\u00e9 de Guyane","description":"D\u00e9couvrez la th\u00e9matique captivante du fanm\u00e9nisme d\u00e9velopp\u00e9 par Fabienne Kanor \u00e0 travers son \u0153uvre artistique pluridisciplinaire.","robots":{"index":"index","follow":"follow","max-snippet":"max-snippet:-1","max-image-preview":"max-image-preview:large","max-video-preview":"max-video-preview:-1"},"canonical":"https:\/\/www.univ-guyane.fr\/en\/2022\/10\/03\/le-famnenisme-de-fabienne-kanor-tisser-racines-et-goumer-ensemble\/","og_locale":"en_GB","og_type":"article","og_title":"Le famn\u00e9nisme de Fabienne Kanor : Tisser racines et goumer ensemble &#8212; Universit\u00e9 de Guyane","og_description":"D\u00e9couvrez la th\u00e9matique captivante du fanm\u00e9nisme d\u00e9velopp\u00e9 par Fabienne Kanor \u00e0 travers son \u0153uvre artistique pluridisciplinaire.","og_url":"https:\/\/www.univ-guyane.fr\/en\/2022\/10\/03\/le-famnenisme-de-fabienne-kanor-tisser-racines-et-goumer-ensemble\/","og_site_name":"Universit\u00e9 de Guyane","article_publisher":"https:\/\/www.facebook.com\/univguyane","article_published_time":"2022-10-03T18:10:07+00:00","article_modified_time":"2024-06-18T18:13:00+00:00","og_image":[{"width":1800,"height":1013,"url":"https:\/\/www.univ-guyane.fr\/wp-content\/uploads\/conference-fempoco-famnenisme-oct-2022-universite-de-guyane.jpeg","type":"image\/jpeg"}],"author":"Erick Loiti\u00e8re","twitter_card":"summary_large_image","twitter_creator":"@univguyane","twitter_site":"@univguyane","twitter_misc":{"Written by":"Erick Loiti\u00e8re","Estimated reading time":"4 minutes"},"schema":{"@context":"https:\/\/schema.org","@graph":[{"@type":"Article","@id":"https:\/\/www.univ-guyane.fr\/2022\/10\/03\/le-famnenisme-de-fabienne-kanor-tisser-racines-et-goumer-ensemble\/#article","isPartOf":{"@id":"https:\/\/www.univ-guyane.fr\/2022\/10\/03\/le-famnenisme-de-fabienne-kanor-tisser-racines-et-goumer-ensemble\/"},"author":{"name":"Erick Loiti\u00e8re","@id":"https:\/\/www.univ-guyane.fr\/#\/schema\/person\/86d946a28a8be51bb096ccfdf19db179"},"headline":"Le famn\u00e9nisme de Fabienne Kanor : Tisser racines et goumer ensemble","datePublished":"2022-10-03T18:10:07+00:00","dateModified":"2024-06-18T18:13:00+00:00","mainEntityOfPage":{"@id":"https:\/\/www.univ-guyane.fr\/2022\/10\/03\/le-famnenisme-de-fabienne-kanor-tisser-racines-et-goumer-ensemble\/"},"wordCount":768,"publisher":{"@id":"https:\/\/www.univ-guyane.fr\/#organization"},"image":{"@id":"https:\/\/www.univ-guyane.fr\/2022\/10\/03\/le-famnenisme-de-fabienne-kanor-tisser-racines-et-goumer-ensemble\/#primaryimage"},"thumbnailUrl":"https:\/\/www.univ-guyane.fr\/wp-content\/uploads\/conference-fempoco-famnenisme-oct-2022-universite-de-guyane.jpeg","articleSection":["\u2022 \u00c0 la une","\u2022 LSH","\u2022\u00a0MINEA"],"inLanguage":"en-GB"},{"@type":"WebPage","@id":"https:\/\/www.univ-guyane.fr\/2022\/10\/03\/le-famnenisme-de-fabienne-kanor-tisser-racines-et-goumer-ensemble\/","url":"https:\/\/www.univ-guyane.fr\/2022\/10\/03\/le-famnenisme-de-fabienne-kanor-tisser-racines-et-goumer-ensemble\/","name":"Le famn\u00e9nisme de Fabienne Kanor : Tisser racines et goumer ensemble &#8212; Universit\u00e9 de Guyane","isPartOf":{"@id":"https:\/\/www.univ-guyane.fr\/#website"},"primaryImageOfPage":{"@id":"https:\/\/www.univ-guyane.fr\/2022\/10\/03\/le-famnenisme-de-fabienne-kanor-tisser-racines-et-goumer-ensemble\/#primaryimage"},"image":{"@id":"https:\/\/www.univ-guyane.fr\/2022\/10\/03\/le-famnenisme-de-fabienne-kanor-tisser-racines-et-goumer-ensemble\/#primaryimage"},"thumbnailUrl":"https:\/\/www.univ-guyane.fr\/wp-content\/uploads\/conference-fempoco-famnenisme-oct-2022-universite-de-guyane.jpeg","datePublished":"2022-10-03T18:10:07+00:00","dateModified":"2024-06-18T18:13:00+00:00","description":"D\u00e9couvrez la th\u00e9matique captivante du fanm\u00e9nisme d\u00e9velopp\u00e9 par Fabienne Kanor \u00e0 travers son \u0153uvre artistique pluridisciplinaire.","breadcrumb":{"@id":"https:\/\/www.univ-guyane.fr\/2022\/10\/03\/le-famnenisme-de-fabienne-kanor-tisser-racines-et-goumer-ensemble\/#breadcrumb"},"inLanguage":"en-GB","potentialAction":[{"@type":"ReadAction","target":["https:\/\/www.univ-guyane.fr\/2022\/10\/03\/le-famnenisme-de-fabienne-kanor-tisser-racines-et-goumer-ensemble\/"]}]},{"@type":"ImageObject","inLanguage":"en-GB","@id":"https:\/\/www.univ-guyane.fr\/2022\/10\/03\/le-famnenisme-de-fabienne-kanor-tisser-racines-et-goumer-ensemble\/#primaryimage","url":"https:\/\/www.univ-guyane.fr\/wp-content\/uploads\/conference-fempoco-famnenisme-oct-2022-universite-de-guyane.jpeg","contentUrl":"https:\/\/www.univ-guyane.fr\/wp-content\/uploads\/conference-fempoco-famnenisme-oct-2022-universite-de-guyane.jpeg","width":1800,"height":1013,"caption":"Le famn\u00e9nisme de Fabienne Kanor : Tisser racines et goumer ensemble"},{"@type":"BreadcrumbList","@id":"https:\/\/www.univ-guyane.fr\/2022\/10\/03\/le-famnenisme-de-fabienne-kanor-tisser-racines-et-goumer-ensemble\/#breadcrumb","itemListElement":[{"@type":"ListItem","position":1,"name":"Accueil","item":"https:\/\/www.univ-guyane.fr\/"},{"@type":"ListItem","position":2,"name":"Le famn\u00e9nisme de Fabienne Kanor : Tisser racines et goumer ensemble"}]},{"@type":"WebSite","@id":"https:\/\/www.univ-guyane.fr\/#website","url":"https:\/\/www.univ-guyane.fr\/","name":"University of Guyana","description":"In the heart of Amazonia","publisher":{"@id":"https:\/\/www.univ-guyane.fr\/#organization"},"alternateName":"UG","potentialAction":[{"@type":"SearchAction","target":{"@type":"EntryPoint","urlTemplate":"https:\/\/www.univ-guyane.fr\/?s={search_term_string}"},"query-input":{"@type":"PropertyValueSpecification","valueRequired":true,"valueName":"search_term_string"}}],"inLanguage":"en-GB"},{"@type":"Organization","@id":"https:\/\/www.univ-guyane.fr\/#organization","name":"University of Guyana","alternateName":"UG","url":"https:\/\/www.univ-guyane.fr\/","logo":{"@type":"ImageObject","inLanguage":"en-GB","@id":"https:\/\/www.univ-guyane.fr\/#\/schema\/logo\/image\/","url":"https:\/\/www.univ-guyane.fr\/wp-content\/uploads\/2024\/05\/f.png","contentUrl":"https:\/\/www.univ-guyane.fr\/wp-content\/uploads\/2024\/05\/f.png","width":1024,"height":1024,"caption":"Universit\u00e9 de Guyane"},"image":{"@id":"https:\/\/www.univ-guyane.fr\/#\/schema\/logo\/image\/"},"sameAs":["https:\/\/www.facebook.com\/univguyane","https:\/\/x.com\/univguyane","https:\/\/gf.linkedin.com\/school\/universite-de-guyane\/","https:\/\/www.instagram.com\/univ_guyane\/"]},{"@type":"Person","@id":"https:\/\/www.univ-guyane.fr\/#\/schema\/person\/86d946a28a8be51bb096ccfdf19db179","name":"Erick Loiti\u00e8re","image":{"@type":"ImageObject","inLanguage":"en-GB","@id":"https:\/\/secure.gravatar.com\/avatar\/0584f332103fbeaf37e52c73b15dca3c547fd9300deb05764e9ad8714839d072?s=96&d=robohash&r=g","url":"https:\/\/secure.gravatar.com\/avatar\/0584f332103fbeaf37e52c73b15dca3c547fd9300deb05764e9ad8714839d072?s=96&d=robohash&r=g","contentUrl":"https:\/\/secure.gravatar.com\/avatar\/0584f332103fbeaf37e52c73b15dca3c547fd9300deb05764e9ad8714839d072?s=96&d=robohash&r=g","caption":"Erick Loiti\u00e8re"},"sameAs":["http:\/\/www.univ-guyane.fr"],"url":"https:\/\/www.univ-guyane.fr\/en\/author\/eloitierdbz\/"}]}},"_links":{"self":[{"href":"https:\/\/www.univ-guyane.fr\/en\/wp-json\/wp\/v2\/posts\/8688","targetHints":{"allow":["GET"]}}],"collection":[{"href":"https:\/\/www.univ-guyane.fr\/en\/wp-json\/wp\/v2\/posts"}],"about":[{"href":"https:\/\/www.univ-guyane.fr\/en\/wp-json\/wp\/v2\/types\/post"}],"author":[{"embeddable":true,"href":"https:\/\/www.univ-guyane.fr\/en\/wp-json\/wp\/v2\/users\/1"}],"replies":[{"embeddable":true,"href":"https:\/\/www.univ-guyane.fr\/en\/wp-json\/wp\/v2\/comments?post=8688"}],"version-history":[{"count":1,"href":"https:\/\/www.univ-guyane.fr\/en\/wp-json\/wp\/v2\/posts\/8688\/revisions"}],"predecessor-version":[{"id":8690,"href":"https:\/\/www.univ-guyane.fr\/en\/wp-json\/wp\/v2\/posts\/8688\/revisions\/8690"}],"wp:featuredmedia":[{"embeddable":true,"href":"https:\/\/www.univ-guyane.fr\/en\/wp-json\/wp\/v2\/media\/8689"}],"wp:attachment":[{"href":"https:\/\/www.univ-guyane.fr\/en\/wp-json\/wp\/v2\/media?parent=8688"}],"wp:term":[{"taxonomy":"category","embeddable":true,"href":"https:\/\/www.univ-guyane.fr\/en\/wp-json\/wp\/v2\/categories?post=8688"},{"taxonomy":"post_tag","embeddable":true,"href":"https:\/\/www.univ-guyane.fr\/en\/wp-json\/wp\/v2\/tags?post=8688"}],"curies":[{"name":"wp","href":"https:\/\/api.w.org\/{rel}","templated":true}]}}