{"id":8842,"date":"2022-09-08T09:50:42","date_gmt":"2022-09-08T12:50:42","guid":{"rendered":"https:\/\/www.univ-guyane.fr\/?p=8842"},"modified":"2024-06-20T09:54:32","modified_gmt":"2024-06-20T12:54:32","slug":"2emes-assises-internationales-du-carnaval-guyanais","status":"publish","type":"post","link":"https:\/\/www.univ-guyane.fr\/en\/2022\/09\/08\/2emes-assises-internationales-du-carnaval-guyanais\/","title":{"rendered":"2nd International Guiana Carnival Conference"},"content":{"rendered":"<div id=\"fws_69f36bb10ddcb\"  data-column-margin=\"default\" data-midnight=\"dark\"  class=\"wpb_row vc_row-fluid vc_row\"  style=\"padding-top: 0px; padding-bottom: 0px; \"><div class=\"row-bg-wrap\" data-bg-animation=\"none\" data-bg-animation-delay=\"\" data-bg-overlay=\"false\"><div class=\"inner-wrap row-bg-layer\" ><div class=\"row-bg viewport-desktop\"  style=\"\"><\/div><\/div><\/div><div class=\"row_col_wrap_12 col span_12 dark left\">\n\t<div  class=\"vc_col-sm-12 wpb_column column_container vc_column_container col no-extra-padding inherit_tablet inherit_phone\"  data-padding-pos=\"all\" data-has-bg-color=\"false\" data-bg-color=\"\" data-bg-opacity=\"1\" data-animation=\"\" data-delay=\"0\" >\n\t\t<div class=\"vc_column-inner\" >\n\t\t\t<div class=\"wpb_wrapper\">\n\t\t\t\t\n<div class=\"wpb_text_column wpb_content_element  chapo\" >\n\t<h2>The Observatoire R\u00e9gional du Carnaval Guyanais (ORCG) is organising the second edition of the Assises internationales du carnaval guyanais, on Friday 30 September and Saturday 1 October, at the ENCRE auditorium in Cayenne. The event, which is open to all, will also be broadcast live on the Facebook pages of the University of French Guiana and the Collectivit\u00e9 Territoriale de Guyane.<\/h2>\n<\/div>\n\n\n\n\n<div class=\"wpb_text_column wpb_content_element\" >\n\t<p><span class=\"nectar-dropcap\" >\u00c9 <\/span>he Carnival of French Guiana is an important part of Guyana's heritage and a tool for social cohesion, bringing together the different cultures of the population. It contributes to the promotion of tourism in French Guiana, as well as to its economic development. It's a time when art, creativity and imagination combine with tradition to create a series of festivities that are unique to French Guiana. Carnival in French Guiana is a time of socialisation that requires preparation for both the body and the mind. This entertainment event, which combines rituals and energy expenditure, requires an understanding of the physical, psychological and spiritual dimensions associated with it.<\/p>\n<h3><strong>A second edition under the theme of health<\/strong><\/h3>\n<p>The second edition of the Assises du Carnaval guyanais will mobilise the knowledge associated with Health. Discussions between members of the public, cultural players, associations, socio-professionals, institutions and academics will enable concrete, collective and constructive proposals to be drawn up for public policies and carnival-goers. This will make it possible to examine and better understand the issues surrounding physical activity, as well as the use of food resources and the use of Guianese pharmacopoeia during the carnival period. This will also lead to an understanding of the evolution of these practices and the various influences they have undergone (cross-border movements, globalisation).<\/p>\n<p>Five lines of thought are proposed:<\/p>\n<p>Theme 1: Carnival and health (physical, mental and psychosocial)<br \/>\nTheme 2: Carnival and physical activities<br \/>\nTheme 3: Carnival and nutrition<br \/>\nTheme 4: Carnival and rituals (pharmaceuticals and pharmacopoeia)<br \/>\nTheme 5: Carnival and beliefs<\/p>\n<h3><strong>Presentation of the personalities and bodies invited<\/strong><\/h3>\n<p><strong>Marcel ZOUNON,<\/strong> President of the Towara B\u00e9nin association. Director of the national artistic ensemble of Benin. Representative for West Africa on the International Council of Folklore and Traditional Arts Festivals (CIOFF) at UNESCO. Lecturer at the Institut national des m\u00e9tiers d'art, d'arch\u00e9ologie et de la culture (INMAAC)-University of Abomey Calavi in Benin.<\/p>\n<p><strong>Happy Koffi GOUDOU<\/strong>,<br \/>\nAdministrator\/Manager of Heritage &amp; Cultural Industries Cultural Journalist. Communication Officer of the National Artistic Ensemble of Benin.<\/p>\n<p><strong>Lecturers from Anton de Kom University in Surinam and the University of Guyana<\/strong>,<br \/>\nwithin the framework of cooperation between the universities of the Guyana Plateau (Humanities and Social Sciences departments)<\/p>\n<p>Download the programme <a href=\"https:\/\/web.archive.org\/web\/20220925084711\/https:\/\/www.dropbox.com\/s\/qwfxdz2pjqe6qbr\/Programme-Assises-v2022-FR.pdf?dl=0\">here<\/a><strong>.<\/strong><\/p>\n<\/div>\n\n\n\n\n\t\t\t<\/div> \n\t\t<\/div>\n\t<\/div> \n<\/div><\/div>","protected":false},"excerpt":{"rendered":"The Observatoire R\u00e9gional du Carnaval Guyanais (ORCG) is organising the second edition of the Assises internationales du carnaval...","protected":false},"author":1,"featured_media":8843,"comment_status":"closed","ping_status":"open","sticky":false,"template":"","format":"standard","meta":{"iawp_total_views":36,"footnotes":""},"categories":[187],"tags":[],"class_list":{"0":"post-8842","1":"post","2":"type-post","3":"status-publish","4":"format-standard","5":"has-post-thumbnail","7":"category-minea"},"yoast_head":"<!-- This site is optimized with the Yoast SEO plugin v27.5 - https:\/\/yoast.com\/product\/yoast-seo-wordpress\/ -->\n<title>2\u00e8mes assises internationales du Carnaval Guyanais &#8212; Universit\u00e9 de Guyane<\/title>\n<meta name=\"description\" content=\"D\u00e9couvrez la richesse du carnaval guyanais, un \u00e9v\u00e9nement culturel embl\u00e9matique m\u00e9langeant art, cr\u00e9ativit\u00e9 et tradition.\" \/>\n<meta name=\"robots\" content=\"index, follow, max-snippet:-1, max-image-preview:large, max-video-preview:-1\" \/>\n<link rel=\"canonical\" href=\"https:\/\/www.univ-guyane.fr\/en\/2022\/09\/08\/2emes-assises-internationales-du-carnaval-guyanais\/\" \/>\n<meta property=\"og:locale\" content=\"en_GB\" \/>\n<meta property=\"og:type\" content=\"article\" \/>\n<meta property=\"og:title\" content=\"2\u00e8mes assises internationales du Carnaval Guyanais &#8212; Universit\u00e9 de Guyane\" \/>\n<meta property=\"og:description\" content=\"D\u00e9couvrez la richesse du carnaval guyanais, un \u00e9v\u00e9nement culturel embl\u00e9matique m\u00e9langeant art, cr\u00e9ativit\u00e9 et tradition.\" \/>\n<meta property=\"og:url\" content=\"https:\/\/www.univ-guyane.fr\/en\/2022\/09\/08\/2emes-assises-internationales-du-carnaval-guyanais\/\" \/>\n<meta property=\"og:site_name\" content=\"Universit\u00e9 de Guyane\" \/>\n<meta property=\"article:publisher\" content=\"https:\/\/www.facebook.com\/univguyane\" \/>\n<meta property=\"article:published_time\" content=\"2022-09-08T12:50:42+00:00\" \/>\n<meta property=\"article:modified_time\" content=\"2024-06-20T12:54:32+00:00\" \/>\n<meta property=\"og:image\" content=\"https:\/\/www.univ-guyane.fr\/wp-content\/uploads\/2e-assises-intl-du-carnaval-guyanais-universite-de-guyane.jpg\" \/>\n\t<meta property=\"og:image:width\" content=\"1700\" \/>\n\t<meta property=\"og:image:height\" content=\"1041\" \/>\n\t<meta property=\"og:image:type\" content=\"image\/jpeg\" \/>\n<meta name=\"author\" content=\"Erick Loiti\u00e8re\" \/>\n<meta name=\"twitter:card\" content=\"summary_large_image\" \/>\n<meta name=\"twitter:creator\" content=\"@univguyane\" \/>\n<meta name=\"twitter:site\" content=\"@univguyane\" \/>\n<meta name=\"twitter:label1\" content=\"Written by\" \/>\n\t<meta name=\"twitter:data1\" content=\"Erick Loiti\u00e8re\" \/>\n\t<meta name=\"twitter:label2\" content=\"Estimated reading time\" \/>\n\t<meta name=\"twitter:data2\" content=\"3 minutes\" \/>\n<script type=\"application\/ld+json\" class=\"yoast-schema-graph\">{\"@context\":\"https:\\\/\\\/schema.org\",\"@graph\":[{\"@type\":\"Article\",\"@id\":\"https:\\\/\\\/www.univ-guyane.fr\\\/2022\\\/09\\\/08\\\/2emes-assises-internationales-du-carnaval-guyanais\\\/#article\",\"isPartOf\":{\"@id\":\"https:\\\/\\\/www.univ-guyane.fr\\\/2022\\\/09\\\/08\\\/2emes-assises-internationales-du-carnaval-guyanais\\\/\"},\"author\":{\"name\":\"Erick Loiti\u00e8re\",\"@id\":\"https:\\\/\\\/www.univ-guyane.fr\\\/#\\\/schema\\\/person\\\/86d946a28a8be51bb096ccfdf19db179\"},\"headline\":\"2\u00e8mes assises internationales du Carnaval Guyanais\",\"datePublished\":\"2022-09-08T12:50:42+00:00\",\"dateModified\":\"2024-06-20T12:54:32+00:00\",\"mainEntityOfPage\":{\"@id\":\"https:\\\/\\\/www.univ-guyane.fr\\\/2022\\\/09\\\/08\\\/2emes-assises-internationales-du-carnaval-guyanais\\\/\"},\"wordCount\":705,\"publisher\":{\"@id\":\"https:\\\/\\\/www.univ-guyane.fr\\\/#organization\"},\"image\":{\"@id\":\"https:\\\/\\\/www.univ-guyane.fr\\\/2022\\\/09\\\/08\\\/2emes-assises-internationales-du-carnaval-guyanais\\\/#primaryimage\"},\"thumbnailUrl\":\"https:\\\/\\\/www.univ-guyane.fr\\\/wp-content\\\/uploads\\\/2e-assises-intl-du-carnaval-guyanais-universite-de-guyane.jpg\",\"articleSection\":[\"\u2022\u00a0MINEA\"],\"inLanguage\":\"en-GB\"},{\"@type\":\"WebPage\",\"@id\":\"https:\\\/\\\/www.univ-guyane.fr\\\/2022\\\/09\\\/08\\\/2emes-assises-internationales-du-carnaval-guyanais\\\/\",\"url\":\"https:\\\/\\\/www.univ-guyane.fr\\\/2022\\\/09\\\/08\\\/2emes-assises-internationales-du-carnaval-guyanais\\\/\",\"name\":\"2\u00e8mes assises internationales du Carnaval Guyanais &#8212; Universit\u00e9 de Guyane\",\"isPartOf\":{\"@id\":\"https:\\\/\\\/www.univ-guyane.fr\\\/#website\"},\"primaryImageOfPage\":{\"@id\":\"https:\\\/\\\/www.univ-guyane.fr\\\/2022\\\/09\\\/08\\\/2emes-assises-internationales-du-carnaval-guyanais\\\/#primaryimage\"},\"image\":{\"@id\":\"https:\\\/\\\/www.univ-guyane.fr\\\/2022\\\/09\\\/08\\\/2emes-assises-internationales-du-carnaval-guyanais\\\/#primaryimage\"},\"thumbnailUrl\":\"https:\\\/\\\/www.univ-guyane.fr\\\/wp-content\\\/uploads\\\/2e-assises-intl-du-carnaval-guyanais-universite-de-guyane.jpg\",\"datePublished\":\"2022-09-08T12:50:42+00:00\",\"dateModified\":\"2024-06-20T12:54:32+00:00\",\"description\":\"D\u00e9couvrez la richesse du carnaval guyanais, un \u00e9v\u00e9nement culturel embl\u00e9matique m\u00e9langeant art, cr\u00e9ativit\u00e9 et tradition.\",\"breadcrumb\":{\"@id\":\"https:\\\/\\\/www.univ-guyane.fr\\\/2022\\\/09\\\/08\\\/2emes-assises-internationales-du-carnaval-guyanais\\\/#breadcrumb\"},\"inLanguage\":\"en-GB\",\"potentialAction\":[{\"@type\":\"ReadAction\",\"target\":[\"https:\\\/\\\/www.univ-guyane.fr\\\/2022\\\/09\\\/08\\\/2emes-assises-internationales-du-carnaval-guyanais\\\/\"]}]},{\"@type\":\"ImageObject\",\"inLanguage\":\"en-GB\",\"@id\":\"https:\\\/\\\/www.univ-guyane.fr\\\/2022\\\/09\\\/08\\\/2emes-assises-internationales-du-carnaval-guyanais\\\/#primaryimage\",\"url\":\"https:\\\/\\\/www.univ-guyane.fr\\\/wp-content\\\/uploads\\\/2e-assises-intl-du-carnaval-guyanais-universite-de-guyane.jpg\",\"contentUrl\":\"https:\\\/\\\/www.univ-guyane.fr\\\/wp-content\\\/uploads\\\/2e-assises-intl-du-carnaval-guyanais-universite-de-guyane.jpg\",\"width\":1700,\"height\":1041,\"caption\":\"2\u00e8mes assises internationales du Carnaval Guyanais\"},{\"@type\":\"BreadcrumbList\",\"@id\":\"https:\\\/\\\/www.univ-guyane.fr\\\/2022\\\/09\\\/08\\\/2emes-assises-internationales-du-carnaval-guyanais\\\/#breadcrumb\",\"itemListElement\":[{\"@type\":\"ListItem\",\"position\":1,\"name\":\"Accueil\",\"item\":\"https:\\\/\\\/www.univ-guyane.fr\\\/\"},{\"@type\":\"ListItem\",\"position\":2,\"name\":\"2\u00e8mes assises internationales du Carnaval Guyanais\"}]},{\"@type\":\"WebSite\",\"@id\":\"https:\\\/\\\/www.univ-guyane.fr\\\/#website\",\"url\":\"https:\\\/\\\/www.univ-guyane.fr\\\/\",\"name\":\"Universit\u00e9 de Guyane\",\"description\":\"Au c\u0153ur de l&#039;amazonie\",\"publisher\":{\"@id\":\"https:\\\/\\\/www.univ-guyane.fr\\\/#organization\"},\"alternateName\":\"UG\",\"potentialAction\":[{\"@type\":\"SearchAction\",\"target\":{\"@type\":\"EntryPoint\",\"urlTemplate\":\"https:\\\/\\\/www.univ-guyane.fr\\\/?s={search_term_string}\"},\"query-input\":{\"@type\":\"PropertyValueSpecification\",\"valueRequired\":true,\"valueName\":\"search_term_string\"}}],\"inLanguage\":\"en-GB\"},{\"@type\":\"Organization\",\"@id\":\"https:\\\/\\\/www.univ-guyane.fr\\\/#organization\",\"name\":\"Universit\u00e9 de Guyane\",\"alternateName\":\"UG\",\"url\":\"https:\\\/\\\/www.univ-guyane.fr\\\/\",\"logo\":{\"@type\":\"ImageObject\",\"inLanguage\":\"en-GB\",\"@id\":\"https:\\\/\\\/www.univ-guyane.fr\\\/#\\\/schema\\\/logo\\\/image\\\/\",\"url\":\"https:\\\/\\\/www.univ-guyane.fr\\\/wp-content\\\/uploads\\\/2024\\\/05\\\/f.png\",\"contentUrl\":\"https:\\\/\\\/www.univ-guyane.fr\\\/wp-content\\\/uploads\\\/2024\\\/05\\\/f.png\",\"width\":1024,\"height\":1024,\"caption\":\"Universit\u00e9 de Guyane\"},\"image\":{\"@id\":\"https:\\\/\\\/www.univ-guyane.fr\\\/#\\\/schema\\\/logo\\\/image\\\/\"},\"sameAs\":[\"https:\\\/\\\/www.facebook.com\\\/univguyane\",\"https:\\\/\\\/x.com\\\/univguyane\",\"https:\\\/\\\/gf.linkedin.com\\\/school\\\/universite-de-guyane\\\/\",\"https:\\\/\\\/www.instagram.com\\\/univ_guyane\\\/\"]},{\"@type\":\"Person\",\"@id\":\"https:\\\/\\\/www.univ-guyane.fr\\\/#\\\/schema\\\/person\\\/86d946a28a8be51bb096ccfdf19db179\",\"name\":\"Erick Loiti\u00e8re\",\"image\":{\"@type\":\"ImageObject\",\"inLanguage\":\"en-GB\",\"@id\":\"https:\\\/\\\/secure.gravatar.com\\\/avatar\\\/0584f332103fbeaf37e52c73b15dca3c547fd9300deb05764e9ad8714839d072?s=96&d=robohash&r=g\",\"url\":\"https:\\\/\\\/secure.gravatar.com\\\/avatar\\\/0584f332103fbeaf37e52c73b15dca3c547fd9300deb05764e9ad8714839d072?s=96&d=robohash&r=g\",\"contentUrl\":\"https:\\\/\\\/secure.gravatar.com\\\/avatar\\\/0584f332103fbeaf37e52c73b15dca3c547fd9300deb05764e9ad8714839d072?s=96&d=robohash&r=g\",\"caption\":\"Erick Loiti\u00e8re\"},\"sameAs\":[\"http:\\\/\\\/www.univ-guyane.fr\"],\"url\":\"https:\\\/\\\/www.univ-guyane.fr\\\/en\\\/author\\\/eloitierdbz\\\/\"}]}<\/script>\n<!-- \/ Yoast SEO plugin. -->","yoast_head_json":{"title":"2\u00e8mes assises internationales du Carnaval Guyanais &#8212; Universit\u00e9 de Guyane","description":"D\u00e9couvrez la richesse du carnaval guyanais, un \u00e9v\u00e9nement culturel embl\u00e9matique m\u00e9langeant art, cr\u00e9ativit\u00e9 et tradition.","robots":{"index":"index","follow":"follow","max-snippet":"max-snippet:-1","max-image-preview":"max-image-preview:large","max-video-preview":"max-video-preview:-1"},"canonical":"https:\/\/www.univ-guyane.fr\/en\/2022\/09\/08\/2emes-assises-internationales-du-carnaval-guyanais\/","og_locale":"en_GB","og_type":"article","og_title":"2\u00e8mes assises internationales du Carnaval Guyanais &#8212; Universit\u00e9 de Guyane","og_description":"D\u00e9couvrez la richesse du carnaval guyanais, un \u00e9v\u00e9nement culturel embl\u00e9matique m\u00e9langeant art, cr\u00e9ativit\u00e9 et tradition.","og_url":"https:\/\/www.univ-guyane.fr\/en\/2022\/09\/08\/2emes-assises-internationales-du-carnaval-guyanais\/","og_site_name":"Universit\u00e9 de Guyane","article_publisher":"https:\/\/www.facebook.com\/univguyane","article_published_time":"2022-09-08T12:50:42+00:00","article_modified_time":"2024-06-20T12:54:32+00:00","og_image":[{"width":1700,"height":1041,"url":"https:\/\/www.univ-guyane.fr\/wp-content\/uploads\/2e-assises-intl-du-carnaval-guyanais-universite-de-guyane.jpg","type":"image\/jpeg"}],"author":"Erick Loiti\u00e8re","twitter_card":"summary_large_image","twitter_creator":"@univguyane","twitter_site":"@univguyane","twitter_misc":{"Written by":"Erick Loiti\u00e8re","Estimated reading time":"3 minutes"},"schema":{"@context":"https:\/\/schema.org","@graph":[{"@type":"Article","@id":"https:\/\/www.univ-guyane.fr\/2022\/09\/08\/2emes-assises-internationales-du-carnaval-guyanais\/#article","isPartOf":{"@id":"https:\/\/www.univ-guyane.fr\/2022\/09\/08\/2emes-assises-internationales-du-carnaval-guyanais\/"},"author":{"name":"Erick Loiti\u00e8re","@id":"https:\/\/www.univ-guyane.fr\/#\/schema\/person\/86d946a28a8be51bb096ccfdf19db179"},"headline":"2\u00e8mes assises internationales du Carnaval Guyanais","datePublished":"2022-09-08T12:50:42+00:00","dateModified":"2024-06-20T12:54:32+00:00","mainEntityOfPage":{"@id":"https:\/\/www.univ-guyane.fr\/2022\/09\/08\/2emes-assises-internationales-du-carnaval-guyanais\/"},"wordCount":705,"publisher":{"@id":"https:\/\/www.univ-guyane.fr\/#organization"},"image":{"@id":"https:\/\/www.univ-guyane.fr\/2022\/09\/08\/2emes-assises-internationales-du-carnaval-guyanais\/#primaryimage"},"thumbnailUrl":"https:\/\/www.univ-guyane.fr\/wp-content\/uploads\/2e-assises-intl-du-carnaval-guyanais-universite-de-guyane.jpg","articleSection":["\u2022\u00a0MINEA"],"inLanguage":"en-GB"},{"@type":"WebPage","@id":"https:\/\/www.univ-guyane.fr\/2022\/09\/08\/2emes-assises-internationales-du-carnaval-guyanais\/","url":"https:\/\/www.univ-guyane.fr\/2022\/09\/08\/2emes-assises-internationales-du-carnaval-guyanais\/","name":"2\u00e8mes assises internationales du Carnaval Guyanais &#8212; Universit\u00e9 de Guyane","isPartOf":{"@id":"https:\/\/www.univ-guyane.fr\/#website"},"primaryImageOfPage":{"@id":"https:\/\/www.univ-guyane.fr\/2022\/09\/08\/2emes-assises-internationales-du-carnaval-guyanais\/#primaryimage"},"image":{"@id":"https:\/\/www.univ-guyane.fr\/2022\/09\/08\/2emes-assises-internationales-du-carnaval-guyanais\/#primaryimage"},"thumbnailUrl":"https:\/\/www.univ-guyane.fr\/wp-content\/uploads\/2e-assises-intl-du-carnaval-guyanais-universite-de-guyane.jpg","datePublished":"2022-09-08T12:50:42+00:00","dateModified":"2024-06-20T12:54:32+00:00","description":"D\u00e9couvrez la richesse du carnaval guyanais, un \u00e9v\u00e9nement culturel embl\u00e9matique m\u00e9langeant art, cr\u00e9ativit\u00e9 et tradition.","breadcrumb":{"@id":"https:\/\/www.univ-guyane.fr\/2022\/09\/08\/2emes-assises-internationales-du-carnaval-guyanais\/#breadcrumb"},"inLanguage":"en-GB","potentialAction":[{"@type":"ReadAction","target":["https:\/\/www.univ-guyane.fr\/2022\/09\/08\/2emes-assises-internationales-du-carnaval-guyanais\/"]}]},{"@type":"ImageObject","inLanguage":"en-GB","@id":"https:\/\/www.univ-guyane.fr\/2022\/09\/08\/2emes-assises-internationales-du-carnaval-guyanais\/#primaryimage","url":"https:\/\/www.univ-guyane.fr\/wp-content\/uploads\/2e-assises-intl-du-carnaval-guyanais-universite-de-guyane.jpg","contentUrl":"https:\/\/www.univ-guyane.fr\/wp-content\/uploads\/2e-assises-intl-du-carnaval-guyanais-universite-de-guyane.jpg","width":1700,"height":1041,"caption":"2\u00e8mes assises internationales du Carnaval Guyanais"},{"@type":"BreadcrumbList","@id":"https:\/\/www.univ-guyane.fr\/2022\/09\/08\/2emes-assises-internationales-du-carnaval-guyanais\/#breadcrumb","itemListElement":[{"@type":"ListItem","position":1,"name":"Accueil","item":"https:\/\/www.univ-guyane.fr\/"},{"@type":"ListItem","position":2,"name":"2\u00e8mes assises internationales du Carnaval Guyanais"}]},{"@type":"WebSite","@id":"https:\/\/www.univ-guyane.fr\/#website","url":"https:\/\/www.univ-guyane.fr\/","name":"University of Guyana","description":"In the heart of Amazonia","publisher":{"@id":"https:\/\/www.univ-guyane.fr\/#organization"},"alternateName":"UG","potentialAction":[{"@type":"SearchAction","target":{"@type":"EntryPoint","urlTemplate":"https:\/\/www.univ-guyane.fr\/?s={search_term_string}"},"query-input":{"@type":"PropertyValueSpecification","valueRequired":true,"valueName":"search_term_string"}}],"inLanguage":"en-GB"},{"@type":"Organization","@id":"https:\/\/www.univ-guyane.fr\/#organization","name":"University of Guyana","alternateName":"UG","url":"https:\/\/www.univ-guyane.fr\/","logo":{"@type":"ImageObject","inLanguage":"en-GB","@id":"https:\/\/www.univ-guyane.fr\/#\/schema\/logo\/image\/","url":"https:\/\/www.univ-guyane.fr\/wp-content\/uploads\/2024\/05\/f.png","contentUrl":"https:\/\/www.univ-guyane.fr\/wp-content\/uploads\/2024\/05\/f.png","width":1024,"height":1024,"caption":"Universit\u00e9 de Guyane"},"image":{"@id":"https:\/\/www.univ-guyane.fr\/#\/schema\/logo\/image\/"},"sameAs":["https:\/\/www.facebook.com\/univguyane","https:\/\/x.com\/univguyane","https:\/\/gf.linkedin.com\/school\/universite-de-guyane\/","https:\/\/www.instagram.com\/univ_guyane\/"]},{"@type":"Person","@id":"https:\/\/www.univ-guyane.fr\/#\/schema\/person\/86d946a28a8be51bb096ccfdf19db179","name":"Erick Loiti\u00e8re","image":{"@type":"ImageObject","inLanguage":"en-GB","@id":"https:\/\/secure.gravatar.com\/avatar\/0584f332103fbeaf37e52c73b15dca3c547fd9300deb05764e9ad8714839d072?s=96&d=robohash&r=g","url":"https:\/\/secure.gravatar.com\/avatar\/0584f332103fbeaf37e52c73b15dca3c547fd9300deb05764e9ad8714839d072?s=96&d=robohash&r=g","contentUrl":"https:\/\/secure.gravatar.com\/avatar\/0584f332103fbeaf37e52c73b15dca3c547fd9300deb05764e9ad8714839d072?s=96&d=robohash&r=g","caption":"Erick Loiti\u00e8re"},"sameAs":["http:\/\/www.univ-guyane.fr"],"url":"https:\/\/www.univ-guyane.fr\/en\/author\/eloitierdbz\/"}]}},"_links":{"self":[{"href":"https:\/\/www.univ-guyane.fr\/en\/wp-json\/wp\/v2\/posts\/8842","targetHints":{"allow":["GET"]}}],"collection":[{"href":"https:\/\/www.univ-guyane.fr\/en\/wp-json\/wp\/v2\/posts"}],"about":[{"href":"https:\/\/www.univ-guyane.fr\/en\/wp-json\/wp\/v2\/types\/post"}],"author":[{"embeddable":true,"href":"https:\/\/www.univ-guyane.fr\/en\/wp-json\/wp\/v2\/users\/1"}],"replies":[{"embeddable":true,"href":"https:\/\/www.univ-guyane.fr\/en\/wp-json\/wp\/v2\/comments?post=8842"}],"version-history":[{"count":1,"href":"https:\/\/www.univ-guyane.fr\/en\/wp-json\/wp\/v2\/posts\/8842\/revisions"}],"predecessor-version":[{"id":8844,"href":"https:\/\/www.univ-guyane.fr\/en\/wp-json\/wp\/v2\/posts\/8842\/revisions\/8844"}],"wp:featuredmedia":[{"embeddable":true,"href":"https:\/\/www.univ-guyane.fr\/en\/wp-json\/wp\/v2\/media\/8843"}],"wp:attachment":[{"href":"https:\/\/www.univ-guyane.fr\/en\/wp-json\/wp\/v2\/media?parent=8842"}],"wp:term":[{"taxonomy":"category","embeddable":true,"href":"https:\/\/www.univ-guyane.fr\/en\/wp-json\/wp\/v2\/categories?post=8842"},{"taxonomy":"post_tag","embeddable":true,"href":"https:\/\/www.univ-guyane.fr\/en\/wp-json\/wp\/v2\/tags?post=8842"}],"curies":[{"name":"wp","href":"https:\/\/api.w.org\/{rel}","templated":true}]}}