{"id":9405,"date":"2019-10-07T10:33:31","date_gmt":"2019-10-07T13:33:31","guid":{"rendered":"https:\/\/www.univ-guyane.fr\/?p=9405"},"modified":"2024-06-27T10:43:02","modified_gmt":"2024-06-27T13:43:02","slug":"dispositif-de-preprofessionnalisation-l2-en-alternance-2019-2020","status":"publish","type":"post","link":"https:\/\/www.univ-guyane.fr\/en\/2019\/10\/07\/dispositif-de-preprofessionnalisation-l2-en-alternance-2019-2020\/","title":{"rendered":"Pre-professionalisation scheme: L2 sandwich course 2019-2020"},"content":{"rendered":"<div id=\"fws_69f5f966e675f\"  data-column-margin=\"default\" data-midnight=\"dark\"  class=\"wpb_row vc_row-fluid vc_row\"  style=\"padding-top: 0px; padding-bottom: 0px; \"><div class=\"row-bg-wrap\" data-bg-animation=\"none\" data-bg-animation-delay=\"\" data-bg-overlay=\"false\"><div class=\"inner-wrap row-bg-layer\" ><div class=\"row-bg viewport-desktop\"  style=\"\"><\/div><\/div><\/div><div class=\"row_col_wrap_12 col span_12 dark left\">\n\t<div  class=\"vc_col-sm-12 wpb_column column_container vc_column_container col no-extra-padding inherit_tablet inherit_phone\"  data-padding-pos=\"all\" data-has-bg-color=\"false\" data-bg-color=\"\" data-bg-opacity=\"1\" data-animation=\"\" data-delay=\"0\" >\n\t\t<div class=\"vc_column-inner\" >\n\t\t\t<div class=\"wpb_wrapper\">\n\t\t\t\t\n<div class=\"wpb_text_column wpb_content_element  chapo\" >\n\t<h2>At the start of the 2019 academic year, a three-year pre-professionalisation programme will be offered to students from the second year of the bachelor's degree (L2). This will enable students to enter the teaching profession gradually, with appropriate support and responsibility.<\/h2>\n<\/div>\n\n\n\n\n<div class=\"wpb_text_column wpb_content_element\" >\n\t<h1>CAMPAIGN N\u00b02<\/h1>\n<h3>What is pre-professionalisation?<\/h3>\n<p>This scheme is open to students who wish to become teachers or who want to work in the world of education. This 3-year contract (L2, L3, M1) combines a\u00a0<strong>university training cycle<\/strong>\u00a0with a\u00a0<strong>on-the-job training<\/strong>\u00a0in a secondary school or educational establishment. The time spent in the classroom is progressive. To ensure that the performance of these duties remains compatible with individual success, working time in the school or establishment is limited to<strong>\u00a08 hours per week\u00a0<em>(including 2 hours devoted to preparation for a DU)<\/em><\/strong>.<\/p>\n<p><strong>The tasks entrusted to the students recruited<\/strong><\/p>\n<ul class=\"ug-list\">\n<li><strong>In L2: observations<\/strong>These include, for example, the use of the \"Devoirs faits\" (homework done) programme, occasional assistance with sequences, and participation in homework help.<\/li>\n<li><strong>In L3 :<\/strong>\u00a0participation in personalised support, occasional assistance with teaching sequences under the teacher's responsibility, participation in homework help<\/li>\n<li><strong>In M1 MEEF:\u00a0<\/strong>the student will be given full responsibility for teaching sequences, in particular replacing teachers in the school or establishment<\/li>\n<\/ul>\n<h3>Recruitment campaign in the Acad\u00e9mie<\/h3>\n<p>For the start of the 2019 academic year, the French Guiana education authority is recruiting L2 students who are intending to go into the teaching profession :<\/p>\n<ul class=\"ug-list\">\n<li>1<sup>er<\/sup>\u00a0degree (school teacher)<\/li>\n<li>2<sup>nd<\/sup>\u00a0degree (in humanities and mathematics)<\/li>\n<\/ul>\n<p>Students will be recruited as education assistants (public law employment contract) to work 6 hours a week in a state secondary school or coll\u00e8ge in the Acad\u00e9mie.\u00a0<em>(+ 2 hours preparation for the DU teaching diploma)<\/em><\/p>\n<p><strong>The purpose of the employment contract is :<\/strong><\/p>\n<ul class=\"ug-list\">\n<li>can be renewed for 3 years provided that the student is enrolled in L3 in the second year and in M1 MEEF in the 3rd year.<sup>th<\/sup>\u00a0year ;<\/li>\n<li>to be part of the pre-professionalisation programmes offered in the bachelor's degrees and, depending on the bachelor's degree programme, may lead to the award of ECTS credits.<\/li>\n<\/ul>\n<h3>Status<\/h3>\n<p>The education authorities recruit students for this scheme in partnership with the University of Guyana. These partnerships enable training times to be adjusted to allow students on pre-professionalisation contracts to carry out their duties in schools or establishments. The contract is co-signed by the student on the pre-professionalization contract and the school or college to which he or she is assigned.<\/p>\n<p><strong>Remuneration conditions\u00a0<\/strong><\/p>\n<ul class=\"ug-list\">\n<li><strong>In L2 :\u00a0<\/strong>693 net per month<\/li>\n<li><strong>In L3 :\u00a0<\/strong>963 net per month<\/li>\n<li><strong>In M1 MEEF :\u00a0<\/strong>980 net per month.<\/li>\n<\/ul>\n<p><strong>This remuneration can be combined with a higher education grant.<\/strong><\/p>\n<h3>What are the conditions of access?<\/h3>\n<ul class=\"ug-list\">\n<li>be enrolled in the 1st year of a bachelor's degree (subject to passing)<\/li>\n<li>have French or European citizenship<\/li>\n<li>have a clean criminal record<\/li>\n<li>not have already benefited from a work-linked training scheme<\/li>\n<\/ul>\n<p><strong>How to apply<\/strong><\/p>\n<p>All applicants for the L2 work-linked scheme must\u00a0<strong class=\"melon\">must be<\/strong>\u00a0create an electronic file on the platform\u00a0<a href=\"https:\/\/web.archive.org\/web\/20231028022740\/http:\/\/ecandidat.univ-guyane.fr\/ecandidat\">E-Candidate\u00a0<\/a>to the following address\u00a0<a href=\"https:\/\/web.archive.org\/web\/20231028022740\/http:\/\/ecandidat.univ-guyane.fr\/ecandidat\">http:\/\/ecandidat.univ-guyane.fr\/ecandidat<\/a><\/p>\n<h3>Documents to be supplied<\/h3>\n<p>Fill in a\u00a0<strong>electronic file<\/strong>\u00a0on the platform\u00a0<a href=\"https:\/\/web.archive.org\/web\/20231028022740\/http:\/\/ecandidat.univ-guyane.fr\/ecandidat\">E-Candidate<\/a>and\u00a0<strong class=\"melon\">submit online ONLY<\/strong>\u00a0digitised supporting documents :<\/p>\n<ul class=\"ug-list\">\n<li>a photo<\/li>\n<li>a copy of an identity document<\/li>\n<li>a detailed curriculum vitae<\/li>\n<li>a covering letter setting out the applicant's career objectives and their motivation for the pre-professionalisation course<\/li>\n<li>a copy of diplomas obtained since the baccalaur\u00e9at<\/li>\n<\/ul>\n<p>transcripts available for the L1 year or equivalent<\/p>\n<ul class=\"ug-list\">\n<li>a copy of the student card showing current enrolment in L1<\/li>\n<li>a possible request for validation of personal and professional achievements<\/li>\n<\/ul>\n<h3>The provisional timetable<\/h3>\n<ol class=\"ug-number-list\">\n<li>Online application via the\u00a0<a href=\"https:\/\/web.archive.org\/web\/20231028022740\/http:\/\/ecandidat.univ-guyane.fr\/ecandidat\/#!accueilView\" target=\"_blank\" rel=\"noopener noreferrer\">e-candidat<\/a>\u00a0<strong class=\"melon\">mandatory<\/strong>\u00a0until\u00a0<strong class=\"melon\">20 October 2019<\/strong><\/li>\n<li>Application possible for several courses (2 maximum)<\/li>\n<li>Mid-June - Joint UG-Rectorat committee meetings to examine applications and draw up the main and additional lists.<\/li>\n<li>Receiving an e-mail<\/li>\n<li>Registration due by mid-September at the latest<\/li>\n<li>Signing of contracts at the Rectorat (date to be provided)<\/li>\n<\/ol>\n<h3>Selection criteria<\/h3>\n<ul class=\"ug-list\">\n<li>Level bac + 1 or equivalent<\/li>\n<li>Adapted or similar licence<\/li>\n<li>Where the licence was obtained<\/li>\n<li>Bachelor's degree 1<sup>e<\/sup>\u00a0year<\/li>\n<li>Mention baccalaur\u00e9at<\/li>\n<li>University course<\/li>\n<li>Pre-professionalisation in the field<\/li>\n<\/ul>\n<\/div>\n\n\n\n\n\t\t\t<\/div> \n\t\t<\/div>\n\t<\/div> \n<\/div><\/div>","protected":false},"excerpt":{"rendered":"At the start of the 2019 academic year, a three-year pre-professionalisation course will be offered to students...","protected":false},"author":1,"featured_media":9406,"comment_status":"closed","ping_status":"open","sticky":false,"template":"","format":"standard","meta":{"iawp_total_views":57,"footnotes":""},"categories":[226],"tags":[],"class_list":{"0":"post-9405","1":"post","2":"type-post","3":"status-publish","4":"format-standard","5":"has-post-thumbnail","7":"category-scolarite"},"yoast_head":"<!-- This site is optimized with the Yoast SEO plugin v27.5 - https:\/\/yoast.com\/product\/yoast-seo-wordpress\/ -->\n<title>Dispositif de Pr\u00e9professionnalisation : L2 en alternance 2019-2020 &#8212; Universit\u00e9 de Guyane<\/title>\n<meta name=\"description\" content=\"D\u00e9couvrez le dispositif de pr\u00e9professionnalisation pour les \u00e9tudiants souhaitant devenir professeur ou travailler dans l&#039;\u00e9ducation. Une excellente opportunit\u00e9 d&#039;association de formation th\u00e9orique et pratique.\" \/>\n<meta name=\"robots\" content=\"index, follow, max-snippet:-1, max-image-preview:large, max-video-preview:-1\" \/>\n<link rel=\"canonical\" href=\"https:\/\/www.univ-guyane.fr\/en\/2019\/10\/07\/dispositif-de-preprofessionnalisation-l2-en-alternance-2019-2020\/\" \/>\n<meta property=\"og:locale\" content=\"en_GB\" \/>\n<meta property=\"og:type\" content=\"article\" \/>\n<meta property=\"og:title\" content=\"Dispositif de Pr\u00e9professionnalisation : L2 en alternance 2019-2020 &#8212; Universit\u00e9 de Guyane\" \/>\n<meta property=\"og:description\" content=\"D\u00e9couvrez le dispositif de pr\u00e9professionnalisation pour les \u00e9tudiants souhaitant devenir professeur ou travailler dans l&#039;\u00e9ducation. Une excellente opportunit\u00e9 d&#039;association de formation th\u00e9orique et pratique.\" \/>\n<meta property=\"og:url\" content=\"https:\/\/www.univ-guyane.fr\/en\/2019\/10\/07\/dispositif-de-preprofessionnalisation-l2-en-alternance-2019-2020\/\" \/>\n<meta property=\"og:site_name\" content=\"Universit\u00e9 de Guyane\" \/>\n<meta property=\"article:publisher\" content=\"https:\/\/www.facebook.com\/univguyane\" \/>\n<meta property=\"article:published_time\" content=\"2019-10-07T13:33:31+00:00\" \/>\n<meta property=\"article:modified_time\" content=\"2024-06-27T13:43:02+00:00\" \/>\n<meta property=\"og:image\" content=\"https:\/\/www.univ-guyane.fr\/wp-content\/uploads\/appel-candidature-L2-alternance-universite-de-guyane.jpeg\" \/>\n\t<meta property=\"og:image:width\" content=\"1024\" \/>\n\t<meta property=\"og:image:height\" content=\"640\" \/>\n\t<meta property=\"og:image:type\" content=\"image\/jpeg\" \/>\n<meta name=\"author\" content=\"Erick Loiti\u00e8re\" \/>\n<meta name=\"twitter:card\" content=\"summary_large_image\" \/>\n<meta name=\"twitter:creator\" content=\"@univguyane\" \/>\n<meta name=\"twitter:site\" content=\"@univguyane\" \/>\n<meta name=\"twitter:label1\" content=\"Written by\" \/>\n\t<meta name=\"twitter:data1\" content=\"Erick Loiti\u00e8re\" \/>\n\t<meta name=\"twitter:label2\" content=\"Estimated reading time\" \/>\n\t<meta name=\"twitter:data2\" content=\"4 minutes\" \/>\n<script type=\"application\/ld+json\" class=\"yoast-schema-graph\">{\"@context\":\"https:\\\/\\\/schema.org\",\"@graph\":[{\"@type\":\"Article\",\"@id\":\"https:\\\/\\\/www.univ-guyane.fr\\\/2019\\\/10\\\/07\\\/dispositif-de-preprofessionnalisation-l2-en-alternance-2019-2020\\\/#article\",\"isPartOf\":{\"@id\":\"https:\\\/\\\/www.univ-guyane.fr\\\/2019\\\/10\\\/07\\\/dispositif-de-preprofessionnalisation-l2-en-alternance-2019-2020\\\/\"},\"author\":{\"name\":\"Erick Loiti\u00e8re\",\"@id\":\"https:\\\/\\\/www.univ-guyane.fr\\\/#\\\/schema\\\/person\\\/86d946a28a8be51bb096ccfdf19db179\"},\"headline\":\"Dispositif de Pr\u00e9professionnalisation : L2 en alternance 2019-2020\",\"datePublished\":\"2019-10-07T13:33:31+00:00\",\"dateModified\":\"2024-06-27T13:43:02+00:00\",\"mainEntityOfPage\":{\"@id\":\"https:\\\/\\\/www.univ-guyane.fr\\\/2019\\\/10\\\/07\\\/dispositif-de-preprofessionnalisation-l2-en-alternance-2019-2020\\\/\"},\"wordCount\":957,\"publisher\":{\"@id\":\"https:\\\/\\\/www.univ-guyane.fr\\\/#organization\"},\"image\":{\"@id\":\"https:\\\/\\\/www.univ-guyane.fr\\\/2019\\\/10\\\/07\\\/dispositif-de-preprofessionnalisation-l2-en-alternance-2019-2020\\\/#primaryimage\"},\"thumbnailUrl\":\"https:\\\/\\\/www.univ-guyane.fr\\\/wp-content\\\/uploads\\\/appel-candidature-L2-alternance-universite-de-guyane.jpeg\",\"articleSection\":[\"\u2022 Scolarit\u00e9\"],\"inLanguage\":\"en-GB\"},{\"@type\":\"WebPage\",\"@id\":\"https:\\\/\\\/www.univ-guyane.fr\\\/2019\\\/10\\\/07\\\/dispositif-de-preprofessionnalisation-l2-en-alternance-2019-2020\\\/\",\"url\":\"https:\\\/\\\/www.univ-guyane.fr\\\/2019\\\/10\\\/07\\\/dispositif-de-preprofessionnalisation-l2-en-alternance-2019-2020\\\/\",\"name\":\"Dispositif de Pr\u00e9professionnalisation : L2 en alternance 2019-2020 &#8212; Universit\u00e9 de Guyane\",\"isPartOf\":{\"@id\":\"https:\\\/\\\/www.univ-guyane.fr\\\/#website\"},\"primaryImageOfPage\":{\"@id\":\"https:\\\/\\\/www.univ-guyane.fr\\\/2019\\\/10\\\/07\\\/dispositif-de-preprofessionnalisation-l2-en-alternance-2019-2020\\\/#primaryimage\"},\"image\":{\"@id\":\"https:\\\/\\\/www.univ-guyane.fr\\\/2019\\\/10\\\/07\\\/dispositif-de-preprofessionnalisation-l2-en-alternance-2019-2020\\\/#primaryimage\"},\"thumbnailUrl\":\"https:\\\/\\\/www.univ-guyane.fr\\\/wp-content\\\/uploads\\\/appel-candidature-L2-alternance-universite-de-guyane.jpeg\",\"datePublished\":\"2019-10-07T13:33:31+00:00\",\"dateModified\":\"2024-06-27T13:43:02+00:00\",\"description\":\"D\u00e9couvrez le dispositif de pr\u00e9professionnalisation pour les \u00e9tudiants souhaitant devenir professeur ou travailler dans l'\u00e9ducation. Une excellente opportunit\u00e9 d'association de formation th\u00e9orique et pratique.\",\"breadcrumb\":{\"@id\":\"https:\\\/\\\/www.univ-guyane.fr\\\/2019\\\/10\\\/07\\\/dispositif-de-preprofessionnalisation-l2-en-alternance-2019-2020\\\/#breadcrumb\"},\"inLanguage\":\"en-GB\",\"potentialAction\":[{\"@type\":\"ReadAction\",\"target\":[\"https:\\\/\\\/www.univ-guyane.fr\\\/2019\\\/10\\\/07\\\/dispositif-de-preprofessionnalisation-l2-en-alternance-2019-2020\\\/\"]}]},{\"@type\":\"ImageObject\",\"inLanguage\":\"en-GB\",\"@id\":\"https:\\\/\\\/www.univ-guyane.fr\\\/2019\\\/10\\\/07\\\/dispositif-de-preprofessionnalisation-l2-en-alternance-2019-2020\\\/#primaryimage\",\"url\":\"https:\\\/\\\/www.univ-guyane.fr\\\/wp-content\\\/uploads\\\/appel-candidature-L2-alternance-universite-de-guyane.jpeg\",\"contentUrl\":\"https:\\\/\\\/www.univ-guyane.fr\\\/wp-content\\\/uploads\\\/appel-candidature-L2-alternance-universite-de-guyane.jpeg\",\"width\":1024,\"height\":640,\"caption\":\"Dispositif de Pr\u00e9professionnalisation : L2 en alternance 2019-2020\"},{\"@type\":\"BreadcrumbList\",\"@id\":\"https:\\\/\\\/www.univ-guyane.fr\\\/2019\\\/10\\\/07\\\/dispositif-de-preprofessionnalisation-l2-en-alternance-2019-2020\\\/#breadcrumb\",\"itemListElement\":[{\"@type\":\"ListItem\",\"position\":1,\"name\":\"Accueil\",\"item\":\"https:\\\/\\\/www.univ-guyane.fr\\\/\"},{\"@type\":\"ListItem\",\"position\":2,\"name\":\"Dispositif de Pr\u00e9professionnalisation : L2 en alternance 2019-2020\"}]},{\"@type\":\"WebSite\",\"@id\":\"https:\\\/\\\/www.univ-guyane.fr\\\/#website\",\"url\":\"https:\\\/\\\/www.univ-guyane.fr\\\/\",\"name\":\"Universit\u00e9 de Guyane\",\"description\":\"Au c\u0153ur de l&#039;amazonie\",\"publisher\":{\"@id\":\"https:\\\/\\\/www.univ-guyane.fr\\\/#organization\"},\"alternateName\":\"UG\",\"potentialAction\":[{\"@type\":\"SearchAction\",\"target\":{\"@type\":\"EntryPoint\",\"urlTemplate\":\"https:\\\/\\\/www.univ-guyane.fr\\\/?s={search_term_string}\"},\"query-input\":{\"@type\":\"PropertyValueSpecification\",\"valueRequired\":true,\"valueName\":\"search_term_string\"}}],\"inLanguage\":\"en-GB\"},{\"@type\":\"Organization\",\"@id\":\"https:\\\/\\\/www.univ-guyane.fr\\\/#organization\",\"name\":\"Universit\u00e9 de Guyane\",\"alternateName\":\"UG\",\"url\":\"https:\\\/\\\/www.univ-guyane.fr\\\/\",\"logo\":{\"@type\":\"ImageObject\",\"inLanguage\":\"en-GB\",\"@id\":\"https:\\\/\\\/www.univ-guyane.fr\\\/#\\\/schema\\\/logo\\\/image\\\/\",\"url\":\"https:\\\/\\\/www.univ-guyane.fr\\\/wp-content\\\/uploads\\\/2024\\\/05\\\/f.png\",\"contentUrl\":\"https:\\\/\\\/www.univ-guyane.fr\\\/wp-content\\\/uploads\\\/2024\\\/05\\\/f.png\",\"width\":1024,\"height\":1024,\"caption\":\"Universit\u00e9 de Guyane\"},\"image\":{\"@id\":\"https:\\\/\\\/www.univ-guyane.fr\\\/#\\\/schema\\\/logo\\\/image\\\/\"},\"sameAs\":[\"https:\\\/\\\/www.facebook.com\\\/univguyane\",\"https:\\\/\\\/x.com\\\/univguyane\",\"https:\\\/\\\/gf.linkedin.com\\\/school\\\/universite-de-guyane\\\/\",\"https:\\\/\\\/www.instagram.com\\\/univ_guyane\\\/\"]},{\"@type\":\"Person\",\"@id\":\"https:\\\/\\\/www.univ-guyane.fr\\\/#\\\/schema\\\/person\\\/86d946a28a8be51bb096ccfdf19db179\",\"name\":\"Erick Loiti\u00e8re\",\"image\":{\"@type\":\"ImageObject\",\"inLanguage\":\"en-GB\",\"@id\":\"https:\\\/\\\/secure.gravatar.com\\\/avatar\\\/0584f332103fbeaf37e52c73b15dca3c547fd9300deb05764e9ad8714839d072?s=96&d=robohash&r=g\",\"url\":\"https:\\\/\\\/secure.gravatar.com\\\/avatar\\\/0584f332103fbeaf37e52c73b15dca3c547fd9300deb05764e9ad8714839d072?s=96&d=robohash&r=g\",\"contentUrl\":\"https:\\\/\\\/secure.gravatar.com\\\/avatar\\\/0584f332103fbeaf37e52c73b15dca3c547fd9300deb05764e9ad8714839d072?s=96&d=robohash&r=g\",\"caption\":\"Erick Loiti\u00e8re\"},\"sameAs\":[\"http:\\\/\\\/www.univ-guyane.fr\"],\"url\":\"https:\\\/\\\/www.univ-guyane.fr\\\/en\\\/author\\\/eloitierdbz\\\/\"}]}<\/script>\n<!-- \/ Yoast SEO plugin. -->","yoast_head_json":{"title":"Pre-professionalisation scheme: L2 sandwich course 2019-2020 - Universit\u00e9 de Guyane","description":"Find out more about the pre-professionalisation scheme for students who want to become teachers or work in education. An excellent opportunity to combine theoretical and practical training.","robots":{"index":"index","follow":"follow","max-snippet":"max-snippet:-1","max-image-preview":"max-image-preview:large","max-video-preview":"max-video-preview:-1"},"canonical":"https:\/\/www.univ-guyane.fr\/en\/2019\/10\/07\/dispositif-de-preprofessionnalisation-l2-en-alternance-2019-2020\/","og_locale":"en_GB","og_type":"article","og_title":"Dispositif de Pr\u00e9professionnalisation : L2 en alternance 2019-2020 &#8212; Universit\u00e9 de Guyane","og_description":"D\u00e9couvrez le dispositif de pr\u00e9professionnalisation pour les \u00e9tudiants souhaitant devenir professeur ou travailler dans l'\u00e9ducation. Une excellente opportunit\u00e9 d'association de formation th\u00e9orique et pratique.","og_url":"https:\/\/www.univ-guyane.fr\/en\/2019\/10\/07\/dispositif-de-preprofessionnalisation-l2-en-alternance-2019-2020\/","og_site_name":"Universit\u00e9 de Guyane","article_publisher":"https:\/\/www.facebook.com\/univguyane","article_published_time":"2019-10-07T13:33:31+00:00","article_modified_time":"2024-06-27T13:43:02+00:00","og_image":[{"width":1024,"height":640,"url":"https:\/\/www.univ-guyane.fr\/wp-content\/uploads\/appel-candidature-L2-alternance-universite-de-guyane.jpeg","type":"image\/jpeg"}],"author":"Erick Loiti\u00e8re","twitter_card":"summary_large_image","twitter_creator":"@univguyane","twitter_site":"@univguyane","twitter_misc":{"Written by":"Erick Loiti\u00e8re","Estimated reading time":"4 minutes"},"schema":{"@context":"https:\/\/schema.org","@graph":[{"@type":"Article","@id":"https:\/\/www.univ-guyane.fr\/2019\/10\/07\/dispositif-de-preprofessionnalisation-l2-en-alternance-2019-2020\/#article","isPartOf":{"@id":"https:\/\/www.univ-guyane.fr\/2019\/10\/07\/dispositif-de-preprofessionnalisation-l2-en-alternance-2019-2020\/"},"author":{"name":"Erick Loiti\u00e8re","@id":"https:\/\/www.univ-guyane.fr\/#\/schema\/person\/86d946a28a8be51bb096ccfdf19db179"},"headline":"Dispositif de Pr\u00e9professionnalisation : L2 en alternance 2019-2020","datePublished":"2019-10-07T13:33:31+00:00","dateModified":"2024-06-27T13:43:02+00:00","mainEntityOfPage":{"@id":"https:\/\/www.univ-guyane.fr\/2019\/10\/07\/dispositif-de-preprofessionnalisation-l2-en-alternance-2019-2020\/"},"wordCount":957,"publisher":{"@id":"https:\/\/www.univ-guyane.fr\/#organization"},"image":{"@id":"https:\/\/www.univ-guyane.fr\/2019\/10\/07\/dispositif-de-preprofessionnalisation-l2-en-alternance-2019-2020\/#primaryimage"},"thumbnailUrl":"https:\/\/www.univ-guyane.fr\/wp-content\/uploads\/appel-candidature-L2-alternance-universite-de-guyane.jpeg","articleSection":["\u2022 Scolarit\u00e9"],"inLanguage":"en-GB"},{"@type":"WebPage","@id":"https:\/\/www.univ-guyane.fr\/2019\/10\/07\/dispositif-de-preprofessionnalisation-l2-en-alternance-2019-2020\/","url":"https:\/\/www.univ-guyane.fr\/2019\/10\/07\/dispositif-de-preprofessionnalisation-l2-en-alternance-2019-2020\/","name":"Pre-professionalisation scheme: L2 sandwich course 2019-2020 - Universit\u00e9 de Guyane","isPartOf":{"@id":"https:\/\/www.univ-guyane.fr\/#website"},"primaryImageOfPage":{"@id":"https:\/\/www.univ-guyane.fr\/2019\/10\/07\/dispositif-de-preprofessionnalisation-l2-en-alternance-2019-2020\/#primaryimage"},"image":{"@id":"https:\/\/www.univ-guyane.fr\/2019\/10\/07\/dispositif-de-preprofessionnalisation-l2-en-alternance-2019-2020\/#primaryimage"},"thumbnailUrl":"https:\/\/www.univ-guyane.fr\/wp-content\/uploads\/appel-candidature-L2-alternance-universite-de-guyane.jpeg","datePublished":"2019-10-07T13:33:31+00:00","dateModified":"2024-06-27T13:43:02+00:00","description":"Find out more about the pre-professionalisation scheme for students who want to become teachers or work in education. An excellent opportunity to combine theoretical and practical training.","breadcrumb":{"@id":"https:\/\/www.univ-guyane.fr\/2019\/10\/07\/dispositif-de-preprofessionnalisation-l2-en-alternance-2019-2020\/#breadcrumb"},"inLanguage":"en-GB","potentialAction":[{"@type":"ReadAction","target":["https:\/\/www.univ-guyane.fr\/2019\/10\/07\/dispositif-de-preprofessionnalisation-l2-en-alternance-2019-2020\/"]}]},{"@type":"ImageObject","inLanguage":"en-GB","@id":"https:\/\/www.univ-guyane.fr\/2019\/10\/07\/dispositif-de-preprofessionnalisation-l2-en-alternance-2019-2020\/#primaryimage","url":"https:\/\/www.univ-guyane.fr\/wp-content\/uploads\/appel-candidature-L2-alternance-universite-de-guyane.jpeg","contentUrl":"https:\/\/www.univ-guyane.fr\/wp-content\/uploads\/appel-candidature-L2-alternance-universite-de-guyane.jpeg","width":1024,"height":640,"caption":"Dispositif de Pr\u00e9professionnalisation : L2 en alternance 2019-2020"},{"@type":"BreadcrumbList","@id":"https:\/\/www.univ-guyane.fr\/2019\/10\/07\/dispositif-de-preprofessionnalisation-l2-en-alternance-2019-2020\/#breadcrumb","itemListElement":[{"@type":"ListItem","position":1,"name":"Accueil","item":"https:\/\/www.univ-guyane.fr\/"},{"@type":"ListItem","position":2,"name":"Dispositif de Pr\u00e9professionnalisation : L2 en alternance 2019-2020"}]},{"@type":"WebSite","@id":"https:\/\/www.univ-guyane.fr\/#website","url":"https:\/\/www.univ-guyane.fr\/","name":"University of Guyana","description":"In the heart of Amazonia","publisher":{"@id":"https:\/\/www.univ-guyane.fr\/#organization"},"alternateName":"UG","potentialAction":[{"@type":"SearchAction","target":{"@type":"EntryPoint","urlTemplate":"https:\/\/www.univ-guyane.fr\/?s={search_term_string}"},"query-input":{"@type":"PropertyValueSpecification","valueRequired":true,"valueName":"search_term_string"}}],"inLanguage":"en-GB"},{"@type":"Organization","@id":"https:\/\/www.univ-guyane.fr\/#organization","name":"University of Guyana","alternateName":"UG","url":"https:\/\/www.univ-guyane.fr\/","logo":{"@type":"ImageObject","inLanguage":"en-GB","@id":"https:\/\/www.univ-guyane.fr\/#\/schema\/logo\/image\/","url":"https:\/\/www.univ-guyane.fr\/wp-content\/uploads\/2024\/05\/f.png","contentUrl":"https:\/\/www.univ-guyane.fr\/wp-content\/uploads\/2024\/05\/f.png","width":1024,"height":1024,"caption":"Universit\u00e9 de Guyane"},"image":{"@id":"https:\/\/www.univ-guyane.fr\/#\/schema\/logo\/image\/"},"sameAs":["https:\/\/www.facebook.com\/univguyane","https:\/\/x.com\/univguyane","https:\/\/gf.linkedin.com\/school\/universite-de-guyane\/","https:\/\/www.instagram.com\/univ_guyane\/"]},{"@type":"Person","@id":"https:\/\/www.univ-guyane.fr\/#\/schema\/person\/86d946a28a8be51bb096ccfdf19db179","name":"Erick Loiti\u00e8re","image":{"@type":"ImageObject","inLanguage":"en-GB","@id":"https:\/\/secure.gravatar.com\/avatar\/0584f332103fbeaf37e52c73b15dca3c547fd9300deb05764e9ad8714839d072?s=96&d=robohash&r=g","url":"https:\/\/secure.gravatar.com\/avatar\/0584f332103fbeaf37e52c73b15dca3c547fd9300deb05764e9ad8714839d072?s=96&d=robohash&r=g","contentUrl":"https:\/\/secure.gravatar.com\/avatar\/0584f332103fbeaf37e52c73b15dca3c547fd9300deb05764e9ad8714839d072?s=96&d=robohash&r=g","caption":"Erick Loiti\u00e8re"},"sameAs":["http:\/\/www.univ-guyane.fr"],"url":"https:\/\/www.univ-guyane.fr\/en\/author\/eloitierdbz\/"}]}},"_links":{"self":[{"href":"https:\/\/www.univ-guyane.fr\/en\/wp-json\/wp\/v2\/posts\/9405","targetHints":{"allow":["GET"]}}],"collection":[{"href":"https:\/\/www.univ-guyane.fr\/en\/wp-json\/wp\/v2\/posts"}],"about":[{"href":"https:\/\/www.univ-guyane.fr\/en\/wp-json\/wp\/v2\/types\/post"}],"author":[{"embeddable":true,"href":"https:\/\/www.univ-guyane.fr\/en\/wp-json\/wp\/v2\/users\/1"}],"replies":[{"embeddable":true,"href":"https:\/\/www.univ-guyane.fr\/en\/wp-json\/wp\/v2\/comments?post=9405"}],"version-history":[{"count":1,"href":"https:\/\/www.univ-guyane.fr\/en\/wp-json\/wp\/v2\/posts\/9405\/revisions"}],"predecessor-version":[{"id":9407,"href":"https:\/\/www.univ-guyane.fr\/en\/wp-json\/wp\/v2\/posts\/9405\/revisions\/9407"}],"wp:featuredmedia":[{"embeddable":true,"href":"https:\/\/www.univ-guyane.fr\/en\/wp-json\/wp\/v2\/media\/9406"}],"wp:attachment":[{"href":"https:\/\/www.univ-guyane.fr\/en\/wp-json\/wp\/v2\/media?parent=9405"}],"wp:term":[{"taxonomy":"category","embeddable":true,"href":"https:\/\/www.univ-guyane.fr\/en\/wp-json\/wp\/v2\/categories?post=9405"},{"taxonomy":"post_tag","embeddable":true,"href":"https:\/\/www.univ-guyane.fr\/en\/wp-json\/wp\/v2\/tags?post=9405"}],"curies":[{"name":"wp","href":"https:\/\/api.w.org\/{rel}","templated":true}]}}