{"id":9415,"date":"2020-03-05T11:07:22","date_gmt":"2020-03-05T14:07:22","guid":{"rendered":"https:\/\/www.univ-guyane.fr\/?p=9415"},"modified":"2024-06-27T11:16:09","modified_gmt":"2024-06-27T14:16:09","slug":"transition-energetique-dans-un-contexte-africain","status":"publish","type":"post","link":"https:\/\/www.univ-guyane.fr\/en\/2020\/03\/05\/transition-energetique-dans-un-contexte-africain\/","title":{"rendered":"Energy transition in an African context"},"content":{"rendered":"<div id=\"fws_69f3b92d8aeaa\"  data-column-margin=\"default\" data-midnight=\"dark\"  class=\"wpb_row vc_row-fluid vc_row\"  style=\"padding-top: 0px; padding-bottom: 0px; \"><div class=\"row-bg-wrap\" data-bg-animation=\"none\" data-bg-animation-delay=\"\" data-bg-overlay=\"false\"><div class=\"inner-wrap row-bg-layer\" ><div class=\"row-bg viewport-desktop\"  style=\"\"><\/div><\/div><\/div><div class=\"row_col_wrap_12 col span_12 dark left\">\n\t<div  class=\"vc_col-sm-12 wpb_column column_container vc_column_container col no-extra-padding inherit_tablet inherit_phone\"  data-padding-pos=\"all\" data-has-bg-color=\"false\" data-bg-color=\"\" data-bg-opacity=\"1\" data-animation=\"\" data-delay=\"0\" >\n\t\t<div class=\"vc_column-inner\" >\n\t\t\t<div class=\"wpb_wrapper\">\n\t\t\t\t\n<div class=\"wpb_text_column wpb_content_element  chapo\" >\n\t<h2>The Kourou IUT is organising a conference on Monday 9 March 2020 from 6pm in amphitheatre E on the Troubiran campus, entitled \"Energy transition in an African context\". The lecture will be given by Dr Mamadou Lamine NDIAYE, lecturer and researcher in electronics at the \u00c9cole Sup\u00e9rieure Polytechnique de l'Univ<\/h2>\n<\/div>\n\n\n\n\n<div class=\"wpb_text_column wpb_content_element\" >\n\t<div class=\"wpb_text_column wpb_content_element\">\n<div class=\"wpb_wrapper\">\n<span class=\"nectar-dropcap\" >A <\/span>ith a population of over one billion, sub-Saharan Africa is the region of the world most affected by energy poverty: over 600 million people have no access to electricity (Oxfam, 2017) and around 80% of the population use traditional fuels (wood, charcoal) for cooking (AFD, 2016). This situation contrasts with universal access to energy, 7<sup>th<\/sup>\u00a0Sustainable Development Goal, which aims to ensure that by 2030 everyone has access to reliable, sustainable and modern energy services at an affordable cost. Energy is a key sector for reducing poverty and achieving the MDGs. Access to better energy services is a major determinant of poverty reduction.<\/p>\n<p>Rural Africa in general, and Senegal in particular, is characterised by monetary and energy poverty, particularly affecting women. The Senegalese rural environment is also characterised by a high dependence on wood energy and a low consumption of electrical energy.<\/p>\n<p>The presentation will look at the energy context in Africa in general and Senegal in particular, and will also focus on the paradox between the energy deficit and the availability of energy resources, especially from renewable sources. Renewable energy development strategies will be addressed through the regulatory framework, energy guidelines, the challenges of integrating renewable energy sources and a presentation of current projects. We will conclude our presentation with a few points. The presentation will close with a look at the international challenges.<\/p>\n<\/div>\n<\/div>\n<div class=\"wpb_text_column wpb_content_element vc_custom_1665423439500\">\n<div class=\"wpb_wrapper\">\n<p><strong>A few words about the speaker<\/strong><\/p>\n<p>Mamadou Lamine NDIAYE is Professor of Electronics and Telecommunications in the Department of Electrical Engineering at the ESP. He currently heads the ESP's Research and Cooperation Department. His research focuses on the modelling of complex systems, signal processing and renewable energies. He has written around twenty publications over the last five years.   Prof NDIAYE has been leading a research group on energy management systems at the ESP's CIFRES since 2010. His team's research focuses on optimising intelligent energy control strategies. Dr NDIAYE was a member of the team that won the \"Energy and first prize\" in Orange's D4D (Data For Development) programme. His work \"Use of mobile phone data for rural electrification planning in developing countries\" aims to assess the contribution of mobile phone data to the development of models of energy demand evolution in order to improve energy planning studies and existing electrification practices. He was an energy expert for the \"women entrepreneurship and adaptation\" project funded by CIDA to the tune of 3 million dollars. This project helped to strengthen the climate resilience of communities and in particular women's groups in the villages of Dionewar, Niodior and Falia in the Saloum delta in Senegal. He was one of the leaders of the EolSenegal project: production and maintenance of small local wind turbines for rural electrification. This project led to the creation of a local industry for the manufacture and maintenance of wind turbines for rural electrification. He is one of the leaders of the \"Monitoring the performance of solar street lamps in the Sahel\" project (currently underway), funded by the Ministry of Higher Education and Scientific Research. He is one of the leaders of the project \"Setting up a test centre in Dakar to carry out quality checks on photovoltaic modules\" (October 2017 - December 2019). This project has been funded by the Swiss Federal Office of Energy. Professor NDIAYE is also leading the project \"Optimising the performance of a solar press for the productive extraction of groundnut oil in Senegal\", funded by the German Development Cooperation (GIZ) for the period January - September 2018. This project aims to develop the processing of groundnuts using solar energy. He has co-supervised three doctoral theses already defended and is currently supervising five doctoral students in the field of electrical systems.<\/p>\n<\/div>\n<\/div>\n<\/div>\n\n\n\n\n\t\t\t<\/div> \n\t\t<\/div>\n\t<\/div> \n<\/div><\/div>","protected":false},"excerpt":{"rendered":"The Kourou IUT is organising a conference on Monday 9 March 2020 from 6 pm...","protected":false},"author":1,"featured_media":9417,"comment_status":"closed","ping_status":"open","sticky":false,"template":"","format":"standard","meta":{"iawp_total_views":28,"footnotes":""},"categories":[17],"tags":[],"class_list":{"0":"post-9415","1":"post","2":"type-post","3":"status-publish","4":"format-standard","5":"has-post-thumbnail","7":"category-iut"},"yoast_head":"<!-- This site is optimized with the Yoast SEO plugin v27.5 - https:\/\/yoast.com\/product\/yoast-seo-wordpress\/ -->\n<title>Transition \u00e9nerg\u00e9tique dans un contexte Africain &#8212; Universit\u00e9 de Guyane<\/title>\n<meta name=\"description\" content=\"D\u00e9couvrez les enjeux de la transition \u00e9nerg\u00e9tique en Afrique subsaharienne. Comment garantir l&#039;acc\u00e8s \u00e0 l&#039;\u00e9nergie pour tous dans une r\u00e9gion touch\u00e9e par la pauvret\u00e9 \u00e9nerg\u00e9tique.\" \/>\n<meta name=\"robots\" content=\"index, follow, max-snippet:-1, max-image-preview:large, max-video-preview:-1\" \/>\n<link rel=\"canonical\" href=\"https:\/\/www.univ-guyane.fr\/en\/2020\/03\/05\/transition-energetique-dans-un-contexte-africain\/\" \/>\n<meta property=\"og:locale\" content=\"en_GB\" \/>\n<meta property=\"og:type\" content=\"article\" \/>\n<meta property=\"og:title\" content=\"Transition \u00e9nerg\u00e9tique dans un contexte Africain &#8212; Universit\u00e9 de Guyane\" \/>\n<meta property=\"og:description\" content=\"D\u00e9couvrez les enjeux de la transition \u00e9nerg\u00e9tique en Afrique subsaharienne. Comment garantir l&#039;acc\u00e8s \u00e0 l&#039;\u00e9nergie pour tous dans une r\u00e9gion touch\u00e9e par la pauvret\u00e9 \u00e9nerg\u00e9tique.\" \/>\n<meta property=\"og:url\" content=\"https:\/\/www.univ-guyane.fr\/en\/2020\/03\/05\/transition-energetique-dans-un-contexte-africain\/\" \/>\n<meta property=\"og:site_name\" content=\"Universit\u00e9 de Guyane\" \/>\n<meta property=\"article:publisher\" content=\"https:\/\/www.facebook.com\/univguyane\" \/>\n<meta property=\"article:published_time\" content=\"2020-03-05T14:07:22+00:00\" \/>\n<meta property=\"article:modified_time\" content=\"2024-06-27T14:16:09+00:00\" \/>\n<meta property=\"og:image\" content=\"https:\/\/www.univ-guyane.fr\/wp-content\/uploads\/Transition-energetique-dans-un-contexte-Africain-universite-de-guyane.jpeg\" \/>\n\t<meta property=\"og:image:width\" content=\"1024\" \/>\n\t<meta property=\"og:image:height\" content=\"683\" \/>\n\t<meta property=\"og:image:type\" content=\"image\/jpeg\" \/>\n<meta name=\"author\" content=\"Erick Loiti\u00e8re\" \/>\n<meta name=\"twitter:card\" content=\"summary_large_image\" \/>\n<meta name=\"twitter:creator\" content=\"@univguyane\" \/>\n<meta name=\"twitter:site\" content=\"@univguyane\" \/>\n<meta name=\"twitter:label1\" content=\"Written by\" \/>\n\t<meta name=\"twitter:data1\" content=\"Erick Loiti\u00e8re\" \/>\n\t<meta name=\"twitter:label2\" content=\"Estimated reading time\" \/>\n\t<meta name=\"twitter:data2\" content=\"5 minutes\" \/>\n<script type=\"application\/ld+json\" class=\"yoast-schema-graph\">{\"@context\":\"https:\\\/\\\/schema.org\",\"@graph\":[{\"@type\":\"Article\",\"@id\":\"https:\\\/\\\/www.univ-guyane.fr\\\/2020\\\/03\\\/05\\\/transition-energetique-dans-un-contexte-africain\\\/#article\",\"isPartOf\":{\"@id\":\"https:\\\/\\\/www.univ-guyane.fr\\\/2020\\\/03\\\/05\\\/transition-energetique-dans-un-contexte-africain\\\/\"},\"author\":{\"name\":\"Erick Loiti\u00e8re\",\"@id\":\"https:\\\/\\\/www.univ-guyane.fr\\\/#\\\/schema\\\/person\\\/86d946a28a8be51bb096ccfdf19db179\"},\"headline\":\"Transition \u00e9nerg\u00e9tique dans un contexte Africain\",\"datePublished\":\"2020-03-05T14:07:22+00:00\",\"dateModified\":\"2024-06-27T14:16:09+00:00\",\"mainEntityOfPage\":{\"@id\":\"https:\\\/\\\/www.univ-guyane.fr\\\/2020\\\/03\\\/05\\\/transition-energetique-dans-un-contexte-africain\\\/\"},\"wordCount\":1028,\"publisher\":{\"@id\":\"https:\\\/\\\/www.univ-guyane.fr\\\/#organization\"},\"image\":{\"@id\":\"https:\\\/\\\/www.univ-guyane.fr\\\/2020\\\/03\\\/05\\\/transition-energetique-dans-un-contexte-africain\\\/#primaryimage\"},\"thumbnailUrl\":\"https:\\\/\\\/www.univ-guyane.fr\\\/wp-content\\\/uploads\\\/Transition-energetique-dans-un-contexte-Africain-universite-de-guyane.jpeg\",\"articleSection\":[\"\u2022 IUT\"],\"inLanguage\":\"en-GB\"},{\"@type\":\"WebPage\",\"@id\":\"https:\\\/\\\/www.univ-guyane.fr\\\/2020\\\/03\\\/05\\\/transition-energetique-dans-un-contexte-africain\\\/\",\"url\":\"https:\\\/\\\/www.univ-guyane.fr\\\/2020\\\/03\\\/05\\\/transition-energetique-dans-un-contexte-africain\\\/\",\"name\":\"Transition \u00e9nerg\u00e9tique dans un contexte Africain &#8212; Universit\u00e9 de Guyane\",\"isPartOf\":{\"@id\":\"https:\\\/\\\/www.univ-guyane.fr\\\/#website\"},\"primaryImageOfPage\":{\"@id\":\"https:\\\/\\\/www.univ-guyane.fr\\\/2020\\\/03\\\/05\\\/transition-energetique-dans-un-contexte-africain\\\/#primaryimage\"},\"image\":{\"@id\":\"https:\\\/\\\/www.univ-guyane.fr\\\/2020\\\/03\\\/05\\\/transition-energetique-dans-un-contexte-africain\\\/#primaryimage\"},\"thumbnailUrl\":\"https:\\\/\\\/www.univ-guyane.fr\\\/wp-content\\\/uploads\\\/Transition-energetique-dans-un-contexte-Africain-universite-de-guyane.jpeg\",\"datePublished\":\"2020-03-05T14:07:22+00:00\",\"dateModified\":\"2024-06-27T14:16:09+00:00\",\"description\":\"D\u00e9couvrez les enjeux de la transition \u00e9nerg\u00e9tique en Afrique subsaharienne. Comment garantir l'acc\u00e8s \u00e0 l'\u00e9nergie pour tous dans une r\u00e9gion touch\u00e9e par la pauvret\u00e9 \u00e9nerg\u00e9tique.\",\"breadcrumb\":{\"@id\":\"https:\\\/\\\/www.univ-guyane.fr\\\/2020\\\/03\\\/05\\\/transition-energetique-dans-un-contexte-africain\\\/#breadcrumb\"},\"inLanguage\":\"en-GB\",\"potentialAction\":[{\"@type\":\"ReadAction\",\"target\":[\"https:\\\/\\\/www.univ-guyane.fr\\\/2020\\\/03\\\/05\\\/transition-energetique-dans-un-contexte-africain\\\/\"]}]},{\"@type\":\"ImageObject\",\"inLanguage\":\"en-GB\",\"@id\":\"https:\\\/\\\/www.univ-guyane.fr\\\/2020\\\/03\\\/05\\\/transition-energetique-dans-un-contexte-africain\\\/#primaryimage\",\"url\":\"https:\\\/\\\/www.univ-guyane.fr\\\/wp-content\\\/uploads\\\/Transition-energetique-dans-un-contexte-Africain-universite-de-guyane.jpeg\",\"contentUrl\":\"https:\\\/\\\/www.univ-guyane.fr\\\/wp-content\\\/uploads\\\/Transition-energetique-dans-un-contexte-Africain-universite-de-guyane.jpeg\",\"width\":1024,\"height\":683,\"caption\":\"Transition \u00e9nerg\u00e9tique dans un contexte Africain\"},{\"@type\":\"BreadcrumbList\",\"@id\":\"https:\\\/\\\/www.univ-guyane.fr\\\/2020\\\/03\\\/05\\\/transition-energetique-dans-un-contexte-africain\\\/#breadcrumb\",\"itemListElement\":[{\"@type\":\"ListItem\",\"position\":1,\"name\":\"Accueil\",\"item\":\"https:\\\/\\\/www.univ-guyane.fr\\\/\"},{\"@type\":\"ListItem\",\"position\":2,\"name\":\"Transition \u00e9nerg\u00e9tique dans un contexte Africain\"}]},{\"@type\":\"WebSite\",\"@id\":\"https:\\\/\\\/www.univ-guyane.fr\\\/#website\",\"url\":\"https:\\\/\\\/www.univ-guyane.fr\\\/\",\"name\":\"Universit\u00e9 de Guyane\",\"description\":\"Au c\u0153ur de l&#039;amazonie\",\"publisher\":{\"@id\":\"https:\\\/\\\/www.univ-guyane.fr\\\/#organization\"},\"alternateName\":\"UG\",\"potentialAction\":[{\"@type\":\"SearchAction\",\"target\":{\"@type\":\"EntryPoint\",\"urlTemplate\":\"https:\\\/\\\/www.univ-guyane.fr\\\/?s={search_term_string}\"},\"query-input\":{\"@type\":\"PropertyValueSpecification\",\"valueRequired\":true,\"valueName\":\"search_term_string\"}}],\"inLanguage\":\"en-GB\"},{\"@type\":\"Organization\",\"@id\":\"https:\\\/\\\/www.univ-guyane.fr\\\/#organization\",\"name\":\"Universit\u00e9 de Guyane\",\"alternateName\":\"UG\",\"url\":\"https:\\\/\\\/www.univ-guyane.fr\\\/\",\"logo\":{\"@type\":\"ImageObject\",\"inLanguage\":\"en-GB\",\"@id\":\"https:\\\/\\\/www.univ-guyane.fr\\\/#\\\/schema\\\/logo\\\/image\\\/\",\"url\":\"https:\\\/\\\/www.univ-guyane.fr\\\/wp-content\\\/uploads\\\/2024\\\/05\\\/f.png\",\"contentUrl\":\"https:\\\/\\\/www.univ-guyane.fr\\\/wp-content\\\/uploads\\\/2024\\\/05\\\/f.png\",\"width\":1024,\"height\":1024,\"caption\":\"Universit\u00e9 de Guyane\"},\"image\":{\"@id\":\"https:\\\/\\\/www.univ-guyane.fr\\\/#\\\/schema\\\/logo\\\/image\\\/\"},\"sameAs\":[\"https:\\\/\\\/www.facebook.com\\\/univguyane\",\"https:\\\/\\\/x.com\\\/univguyane\",\"https:\\\/\\\/gf.linkedin.com\\\/school\\\/universite-de-guyane\\\/\",\"https:\\\/\\\/www.instagram.com\\\/univ_guyane\\\/\"]},{\"@type\":\"Person\",\"@id\":\"https:\\\/\\\/www.univ-guyane.fr\\\/#\\\/schema\\\/person\\\/86d946a28a8be51bb096ccfdf19db179\",\"name\":\"Erick Loiti\u00e8re\",\"image\":{\"@type\":\"ImageObject\",\"inLanguage\":\"en-GB\",\"@id\":\"https:\\\/\\\/secure.gravatar.com\\\/avatar\\\/0584f332103fbeaf37e52c73b15dca3c547fd9300deb05764e9ad8714839d072?s=96&d=robohash&r=g\",\"url\":\"https:\\\/\\\/secure.gravatar.com\\\/avatar\\\/0584f332103fbeaf37e52c73b15dca3c547fd9300deb05764e9ad8714839d072?s=96&d=robohash&r=g\",\"contentUrl\":\"https:\\\/\\\/secure.gravatar.com\\\/avatar\\\/0584f332103fbeaf37e52c73b15dca3c547fd9300deb05764e9ad8714839d072?s=96&d=robohash&r=g\",\"caption\":\"Erick Loiti\u00e8re\"},\"sameAs\":[\"http:\\\/\\\/www.univ-guyane.fr\"],\"url\":\"https:\\\/\\\/www.univ-guyane.fr\\\/en\\\/author\\\/eloitierdbz\\\/\"}]}<\/script>\n<!-- \/ Yoast SEO plugin. -->","yoast_head_json":{"title":"Energy transition in an African context - Universit\u00e9 de Guyane","description":"Discover the challenges of the energy transition in sub-Saharan Africa. How to guarantee access to energy for all in a region affected by energy poverty.","robots":{"index":"index","follow":"follow","max-snippet":"max-snippet:-1","max-image-preview":"max-image-preview:large","max-video-preview":"max-video-preview:-1"},"canonical":"https:\/\/www.univ-guyane.fr\/en\/2020\/03\/05\/transition-energetique-dans-un-contexte-africain\/","og_locale":"en_GB","og_type":"article","og_title":"Transition \u00e9nerg\u00e9tique dans un contexte Africain &#8212; Universit\u00e9 de Guyane","og_description":"D\u00e9couvrez les enjeux de la transition \u00e9nerg\u00e9tique en Afrique subsaharienne. Comment garantir l'acc\u00e8s \u00e0 l'\u00e9nergie pour tous dans une r\u00e9gion touch\u00e9e par la pauvret\u00e9 \u00e9nerg\u00e9tique.","og_url":"https:\/\/www.univ-guyane.fr\/en\/2020\/03\/05\/transition-energetique-dans-un-contexte-africain\/","og_site_name":"Universit\u00e9 de Guyane","article_publisher":"https:\/\/www.facebook.com\/univguyane","article_published_time":"2020-03-05T14:07:22+00:00","article_modified_time":"2024-06-27T14:16:09+00:00","og_image":[{"width":1024,"height":683,"url":"https:\/\/www.univ-guyane.fr\/wp-content\/uploads\/Transition-energetique-dans-un-contexte-Africain-universite-de-guyane.jpeg","type":"image\/jpeg"}],"author":"Erick Loiti\u00e8re","twitter_card":"summary_large_image","twitter_creator":"@univguyane","twitter_site":"@univguyane","twitter_misc":{"Written by":"Erick Loiti\u00e8re","Estimated reading time":"5 minutes"},"schema":{"@context":"https:\/\/schema.org","@graph":[{"@type":"Article","@id":"https:\/\/www.univ-guyane.fr\/2020\/03\/05\/transition-energetique-dans-un-contexte-africain\/#article","isPartOf":{"@id":"https:\/\/www.univ-guyane.fr\/2020\/03\/05\/transition-energetique-dans-un-contexte-africain\/"},"author":{"name":"Erick Loiti\u00e8re","@id":"https:\/\/www.univ-guyane.fr\/#\/schema\/person\/86d946a28a8be51bb096ccfdf19db179"},"headline":"Transition \u00e9nerg\u00e9tique dans un contexte Africain","datePublished":"2020-03-05T14:07:22+00:00","dateModified":"2024-06-27T14:16:09+00:00","mainEntityOfPage":{"@id":"https:\/\/www.univ-guyane.fr\/2020\/03\/05\/transition-energetique-dans-un-contexte-africain\/"},"wordCount":1028,"publisher":{"@id":"https:\/\/www.univ-guyane.fr\/#organization"},"image":{"@id":"https:\/\/www.univ-guyane.fr\/2020\/03\/05\/transition-energetique-dans-un-contexte-africain\/#primaryimage"},"thumbnailUrl":"https:\/\/www.univ-guyane.fr\/wp-content\/uploads\/Transition-energetique-dans-un-contexte-Africain-universite-de-guyane.jpeg","articleSection":["\u2022 IUT"],"inLanguage":"en-GB"},{"@type":"WebPage","@id":"https:\/\/www.univ-guyane.fr\/2020\/03\/05\/transition-energetique-dans-un-contexte-africain\/","url":"https:\/\/www.univ-guyane.fr\/2020\/03\/05\/transition-energetique-dans-un-contexte-africain\/","name":"Energy transition in an African context - Universit\u00e9 de Guyane","isPartOf":{"@id":"https:\/\/www.univ-guyane.fr\/#website"},"primaryImageOfPage":{"@id":"https:\/\/www.univ-guyane.fr\/2020\/03\/05\/transition-energetique-dans-un-contexte-africain\/#primaryimage"},"image":{"@id":"https:\/\/www.univ-guyane.fr\/2020\/03\/05\/transition-energetique-dans-un-contexte-africain\/#primaryimage"},"thumbnailUrl":"https:\/\/www.univ-guyane.fr\/wp-content\/uploads\/Transition-energetique-dans-un-contexte-Africain-universite-de-guyane.jpeg","datePublished":"2020-03-05T14:07:22+00:00","dateModified":"2024-06-27T14:16:09+00:00","description":"Discover the challenges of the energy transition in sub-Saharan Africa. How to guarantee access to energy for all in a region affected by energy poverty.","breadcrumb":{"@id":"https:\/\/www.univ-guyane.fr\/2020\/03\/05\/transition-energetique-dans-un-contexte-africain\/#breadcrumb"},"inLanguage":"en-GB","potentialAction":[{"@type":"ReadAction","target":["https:\/\/www.univ-guyane.fr\/2020\/03\/05\/transition-energetique-dans-un-contexte-africain\/"]}]},{"@type":"ImageObject","inLanguage":"en-GB","@id":"https:\/\/www.univ-guyane.fr\/2020\/03\/05\/transition-energetique-dans-un-contexte-africain\/#primaryimage","url":"https:\/\/www.univ-guyane.fr\/wp-content\/uploads\/Transition-energetique-dans-un-contexte-Africain-universite-de-guyane.jpeg","contentUrl":"https:\/\/www.univ-guyane.fr\/wp-content\/uploads\/Transition-energetique-dans-un-contexte-Africain-universite-de-guyane.jpeg","width":1024,"height":683,"caption":"Transition \u00e9nerg\u00e9tique dans un contexte Africain"},{"@type":"BreadcrumbList","@id":"https:\/\/www.univ-guyane.fr\/2020\/03\/05\/transition-energetique-dans-un-contexte-africain\/#breadcrumb","itemListElement":[{"@type":"ListItem","position":1,"name":"Accueil","item":"https:\/\/www.univ-guyane.fr\/"},{"@type":"ListItem","position":2,"name":"Transition \u00e9nerg\u00e9tique dans un contexte Africain"}]},{"@type":"WebSite","@id":"https:\/\/www.univ-guyane.fr\/#website","url":"https:\/\/www.univ-guyane.fr\/","name":"University of Guyana","description":"In the heart of Amazonia","publisher":{"@id":"https:\/\/www.univ-guyane.fr\/#organization"},"alternateName":"UG","potentialAction":[{"@type":"SearchAction","target":{"@type":"EntryPoint","urlTemplate":"https:\/\/www.univ-guyane.fr\/?s={search_term_string}"},"query-input":{"@type":"PropertyValueSpecification","valueRequired":true,"valueName":"search_term_string"}}],"inLanguage":"en-GB"},{"@type":"Organization","@id":"https:\/\/www.univ-guyane.fr\/#organization","name":"University of Guyana","alternateName":"UG","url":"https:\/\/www.univ-guyane.fr\/","logo":{"@type":"ImageObject","inLanguage":"en-GB","@id":"https:\/\/www.univ-guyane.fr\/#\/schema\/logo\/image\/","url":"https:\/\/www.univ-guyane.fr\/wp-content\/uploads\/2024\/05\/f.png","contentUrl":"https:\/\/www.univ-guyane.fr\/wp-content\/uploads\/2024\/05\/f.png","width":1024,"height":1024,"caption":"Universit\u00e9 de Guyane"},"image":{"@id":"https:\/\/www.univ-guyane.fr\/#\/schema\/logo\/image\/"},"sameAs":["https:\/\/www.facebook.com\/univguyane","https:\/\/x.com\/univguyane","https:\/\/gf.linkedin.com\/school\/universite-de-guyane\/","https:\/\/www.instagram.com\/univ_guyane\/"]},{"@type":"Person","@id":"https:\/\/www.univ-guyane.fr\/#\/schema\/person\/86d946a28a8be51bb096ccfdf19db179","name":"Erick Loiti\u00e8re","image":{"@type":"ImageObject","inLanguage":"en-GB","@id":"https:\/\/secure.gravatar.com\/avatar\/0584f332103fbeaf37e52c73b15dca3c547fd9300deb05764e9ad8714839d072?s=96&d=robohash&r=g","url":"https:\/\/secure.gravatar.com\/avatar\/0584f332103fbeaf37e52c73b15dca3c547fd9300deb05764e9ad8714839d072?s=96&d=robohash&r=g","contentUrl":"https:\/\/secure.gravatar.com\/avatar\/0584f332103fbeaf37e52c73b15dca3c547fd9300deb05764e9ad8714839d072?s=96&d=robohash&r=g","caption":"Erick Loiti\u00e8re"},"sameAs":["http:\/\/www.univ-guyane.fr"],"url":"https:\/\/www.univ-guyane.fr\/en\/author\/eloitierdbz\/"}]}},"_links":{"self":[{"href":"https:\/\/www.univ-guyane.fr\/en\/wp-json\/wp\/v2\/posts\/9415","targetHints":{"allow":["GET"]}}],"collection":[{"href":"https:\/\/www.univ-guyane.fr\/en\/wp-json\/wp\/v2\/posts"}],"about":[{"href":"https:\/\/www.univ-guyane.fr\/en\/wp-json\/wp\/v2\/types\/post"}],"author":[{"embeddable":true,"href":"https:\/\/www.univ-guyane.fr\/en\/wp-json\/wp\/v2\/users\/1"}],"replies":[{"embeddable":true,"href":"https:\/\/www.univ-guyane.fr\/en\/wp-json\/wp\/v2\/comments?post=9415"}],"version-history":[{"count":1,"href":"https:\/\/www.univ-guyane.fr\/en\/wp-json\/wp\/v2\/posts\/9415\/revisions"}],"predecessor-version":[{"id":9419,"href":"https:\/\/www.univ-guyane.fr\/en\/wp-json\/wp\/v2\/posts\/9415\/revisions\/9419"}],"wp:featuredmedia":[{"embeddable":true,"href":"https:\/\/www.univ-guyane.fr\/en\/wp-json\/wp\/v2\/media\/9417"}],"wp:attachment":[{"href":"https:\/\/www.univ-guyane.fr\/en\/wp-json\/wp\/v2\/media?parent=9415"}],"wp:term":[{"taxonomy":"category","embeddable":true,"href":"https:\/\/www.univ-guyane.fr\/en\/wp-json\/wp\/v2\/categories?post=9415"},{"taxonomy":"post_tag","embeddable":true,"href":"https:\/\/www.univ-guyane.fr\/en\/wp-json\/wp\/v2\/tags?post=9415"}],"curies":[{"name":"wp","href":"https:\/\/api.w.org\/{rel}","templated":true}]}}