{"id":9478,"date":"2017-01-01T08:13:43","date_gmt":"2017-01-01T11:13:43","guid":{"rendered":"https:\/\/www.univ-guyane.fr\/?p=9478"},"modified":"2024-06-28T08:18:43","modified_gmt":"2024-06-28T11:18:43","slug":"elections-2016-des-representants-etudiants-au-ca-et-cac","status":"publish","type":"post","link":"https:\/\/www.univ-guyane.fr\/en\/2017\/01\/01\/elections-2016-des-representants-etudiants-au-ca-et-cac\/","title":{"rendered":"2016 elections of student representatives to the Board and CAC"},"content":{"rendered":"<div id=\"fws_69f25f1800791\"  data-column-margin=\"default\" data-midnight=\"dark\"  class=\"wpb_row vc_row-fluid vc_row\"  style=\"padding-top: 0px; padding-bottom: 0px; \"><div class=\"row-bg-wrap\" data-bg-animation=\"none\" data-bg-animation-delay=\"\" data-bg-overlay=\"false\"><div class=\"inner-wrap row-bg-layer\" ><div class=\"row-bg viewport-desktop\"  style=\"\"><\/div><\/div><\/div><div class=\"row_col_wrap_12 col span_12 dark left\">\n\t<div  class=\"vc_col-sm-12 wpb_column column_container vc_column_container col no-extra-padding inherit_tablet inherit_phone\"  data-padding-pos=\"all\" data-has-bg-color=\"false\" data-bg-color=\"\" data-bg-opacity=\"1\" data-animation=\"\" data-delay=\"0\" >\n\t\t<div class=\"vc_column-inner\" >\n\t\t\t<div class=\"wpb_wrapper\">\n\t\t\t\t\n<div class=\"wpb_text_column wpb_content_element  chapo\" >\n\t<h2>The University of Guyana organises elections for student representatives to the Board of Directors and the Academic Council.<\/h2>\n<\/div>\n\n\n\n\n\t\t\t<\/div> \n\t\t<\/div>\n\t<\/div> \n<\/div><\/div>\n\t\t<div id=\"fws_69f25f1800bb8\"  data-column-margin=\"default\" data-midnight=\"dark\"  class=\"wpb_row vc_row-fluid vc_row\"  style=\"padding-top: 0px; padding-bottom: 0px; \"><div class=\"row-bg-wrap\" data-bg-animation=\"none\" data-bg-animation-delay=\"\" data-bg-overlay=\"false\"><div class=\"inner-wrap row-bg-layer\" ><div class=\"row-bg viewport-desktop\"  style=\"\"><\/div><\/div><\/div><div class=\"row_col_wrap_12 col span_12 dark left\">\n\t<div  class=\"vc_col-sm-12 wpb_column column_container vc_column_container col no-extra-padding inherit_tablet inherit_phone\"  data-padding-pos=\"all\" data-has-bg-color=\"false\" data-bg-color=\"\" data-bg-opacity=\"1\" data-animation=\"\" data-delay=\"0\" >\n\t\t<div class=\"vc_column-inner\" >\n\t\t\t<div class=\"wpb_wrapper\">\n\t\t\t\t\n<div class=\"wpb_text_column wpb_content_element\" >\n\t<div id=\"fws_652b2fcb10650\" class=\"wpb_row vc_row-fluid vc_row\" data-column-margin=\"default\" data-midnight=\"dark\">\n<div class=\"row_col_wrap_12 col span_12 dark left\">\n<div class=\"vc_col-sm-12 wpb_column column_container vc_column_container col no-extra-padding inherit_tablet inherit_phone\" data-padding-pos=\"all\" data-has-bg-color=\"false\" data-bg-color=\"\" data-bg-opacity=\"1\" data-animation=\"\" data-delay=\"0\">\n<div class=\"vc_column-inner\">\n<div class=\"wpb_wrapper\">\n<div class=\"wpb_text_column wpb_content_element vc_custom_1653998989671\">\n<div class=\"wpb_wrapper\">\n<h3 class=\"melon\">Your newly elected members of the Board of Directors and the Academic Board :<\/h3>\n<div class=\"row\">\n<div class=\"col-md-6 col-xs-12\">\n<h4><strong>Academic Council :<\/strong><\/h4>\n<p>Student Unity\" list: 6 seats<\/p>\n<ul class=\"ug-list pine-list\">\n<li>BAUDRIT Tristan<\/li>\n<li>AWENKINA Madeline<\/li>\n<li>PESLIER Yohan<\/li>\n<li>KOESE Ashley<\/li>\n<li>HERNANDEZ GARCIA Abel<\/li>\n<li>JOSEPH Cleo<\/li>\n<\/ul>\n<\/div>\n<div class=\"col-md-6 col-xs-12\">\n<h4><strong>Board of Directors :<\/strong><\/h4>\n<p>Ensemble ouvrons les chemins de l'impossible\" list: 1 seat<\/p>\n<ul class=\"ug-list pine-list\">\n<li>THOM Lewis<\/li>\n<li>SIGHN Marica (substitute)<\/li>\n<\/ul>\n<p>PARIS-MASSE list: 1 seat<\/p>\n<ul class=\"ug-list pine-list\">\n<li>PARIS Benoit<\/li>\n<li>MASSE Agn\u00e8s (alternate)<\/li>\n<\/ul>\n<\/div>\n<\/div>\n<\/div>\n<\/div>\n<\/div>\n<\/div>\n<\/div>\n<\/div>\n<\/div>\n<div id=\"fws_652b2fcb10927\" class=\"wpb_row vc_row-fluid vc_row\" data-column-margin=\"default\" data-midnight=\"dark\">\n<div class=\"row-bg-wrap\" data-bg-animation=\"none\" data-bg-animation-delay=\"\" data-bg-overlay=\"false\">\n<div class=\"inner-wrap row-bg-layer\">\n<div class=\"row-bg viewport-desktop\"><\/div>\n<\/div>\n<\/div>\n<div class=\"row_col_wrap_12 col span_12 dark left\">\n<div class=\"vc_col-sm-12 wpb_column column_container vc_column_container col no-extra-padding inherit_tablet inherit_phone\" data-padding-pos=\"all\" data-has-bg-color=\"false\" data-bg-color=\"\" data-bg-opacity=\"1\" data-animation=\"\" data-delay=\"0\">\n<div class=\"vc_column-inner\">\n<div class=\"wpb_wrapper\">\n<div class=\"wpb_text_column wpb_content_element\">\n<div class=\"wpb_wrapper\">\n<div id=\"lipsum\">\n<h3>What is the role of the Board of Directors?<\/h3>\n<p>The Board of Directors is the central body responsible for determining the\u00a0<strong>general school policy<\/strong>:<\/p>\n<ul class=\"ug-list pine-list\">\n<li>Establishment contract<\/li>\n<li>Budget and accounts<\/li>\n<li>Agreements and conventions signed by the Chairman<\/li>\n<li>Articles of association and internal rules<\/li>\n<li>Breakdown of jobs<\/li>\n<li>Approval of the annual activity report and social balance sheet<\/li>\n<\/ul>\n<h3>What is the role of the Academic Council?<\/h3>\n<p>The Cac, established in accordance with the decree creating the University, is the central council responsible for the main issues relating to the organisation of teaching. The Academic Council has plenary decision-making and advisory powers.<\/p>\n<p><strong>These decision-making powers cover the following points:<\/strong><\/p>\n<ul class=\"ug-list pine-list\">\n<li>Training resources<\/li>\n<li>Examination rules ;<\/li>\n<li>Rules for evaluating courses ;<\/li>\n<li>Success, guidance and integration into working life<\/li>\n<li>Cultural, sporting, social and community activities for students,<\/li>\n<li>Living and working conditions, in particular measures relating to support activities, university and school facilities, medical and social services, libraries, etc.<\/li>\n<li>Initiatives for interaction between science and society, initiated and run by students or teacher-researchers,<\/li>\n<li>Students with a disability or disabling health condition,<\/li>\n<\/ul>\n<p><strong>These advisory powers cover the following areas:\u00a0<\/strong><\/p>\n<ul class=\"ug-list pine-list\">\n<li>Training policies,<\/li>\n<li>Research policies,<\/li>\n<li>Disseminating scientific, technical and industrial culture,<\/li>\n<li>Scientific and technical documentation,<\/li>\n<li>Qualification to be given to teaching and research posts that are vacant or in demand,<\/li>\n<li>Application for accreditation and establishment contract.<\/li>\n<\/ul>\n<p><strong>It has two sections:<\/strong><\/p>\n<ul class=\"ug-list pine-list\">\n<li>The section responsible for examining individual questions relating to the recruitment, assignment and career of teacher-researchers.<\/li>\n<li>The disciplinary section<\/li>\n<\/ul>\n<h3>Who are the voters?<\/h3>\n<p>All students at the University are called to vote and are automatically registered (see the lists posted in the various departments).<\/p>\n<h3>Number of seats<\/h3>\n<p><strong>Board of Directors<br \/>\n<\/strong>2 permanent seats are to be filled.<br \/>\nNB: In correlation, 2 substitute seats are also to be filled. Lists may therefore present up to 4 names but may be incomplete.<\/p>\n<p><strong>Academic Council<br \/>\n<\/strong>6 full seats are to be filled.<br \/>\nNB: In correlation, 6 substitute seats are also to be filled. Lists may therefore present up to 12 names but may be incomplete.<\/p>\n<h3>Procedure<\/h3>\n<p><strong>Application :<br \/>\n<\/strong>Nominations are submitted in the form of a joint list. All students may stand. There is no obligation to join a trade union. Please fill in the annexes to the by-laws provided for this purpose and return them to the contacts listed below before 9 December, 12 noon.<\/p>\n<p><a href=\"https:\/\/web.archive.org\/web\/20231015001809\/https:\/\/www.univ-guyane.fr\/wp-content\/uploads\/Elections-2016-CA-CAc-etudiants.zip\">Download the file<\/a>\u00a0|\u00a0<a href=\"https:\/\/web.archive.org\/web\/20231015001809\/https:\/\/www.univ-guyane.fr\/docs\/actes-administratifs\/arretes\/2016\/ARRETE-2016-110-Organisation-des-elections-etudiants-Conseil-administration-Conseil-academique-CA-CAc.pdf\">Order<\/a>.<\/p>\n<p><strong>Ballot :<br \/>\n<\/strong>The elections take place on 16 December 2016 from 9am to 5pm.<\/p>\n<ul class=\"ug-list pine-list\">\n<li>polling stations :\n<ul class=\"ug-list pine-list\">\n<li>on the Troubiran campus, Cayenne, salle Polyvalente (building G)<\/li>\n<li>on the IUT campus in Kourou - Bois Chaudat<\/li>\n<li>on the University's premises in Saint Laurent du Maroni<\/li>\n<\/ul>\n<\/li>\n<li>on presentation of a student card.<\/li>\n<\/ul>\n<\/div>\n<\/div>\n<\/div>\n<div class=\"wpb_text_column wpb_content_element vc_custom_1653999047956\">\n<div class=\"wpb_wrapper\">\n<h3>Contact:<\/h3>\n<p><em>(for the submission of applications and questions)<\/em><br \/>\nMarc de Geyer, Director of Legal Affairs, DAJMPA, B\u00e2timent A (ESPE).<br \/>\nTel: 0594272729 | daj@univ-guyane.fr<\/p>\n<\/div>\n<\/div>\n<\/div>\n<\/div>\n<\/div>\n<\/div>\n<\/div>\n<\/div>\n\n\n\n\n\t\t\t<\/div> \n\t\t<\/div>\n\t<\/div> \n<\/div><\/div>","protected":false},"excerpt":{"rendered":"The University of Guyana is organising elections for student representatives to the Board of Governors and the Executive Committee....","protected":false},"author":1,"featured_media":9479,"comment_status":"closed","ping_status":"open","sticky":false,"template":"","format":"standard","meta":{"iawp_total_views":9,"footnotes":""},"categories":[151,156,145],"tags":[],"class_list":{"0":"post-9478","1":"post","2":"type-post","3":"status-publish","4":"format-standard","5":"has-post-thumbnail","7":"category-bve","8":"category-campus","9":"category-actualites"},"yoast_head":"<!-- This site is optimized with the Yoast SEO plugin v27.5 - https:\/\/yoast.com\/product\/yoast-seo-wordpress\/ -->\n<title>\u00c9lections 2016 des repr\u00e9sentants \u00e9tudiants au CA et CAC &#8212; Universit\u00e9 de Guyane<\/title>\n<meta name=\"description\" content=\"Consultez notre guide complet sur les \u00e9lections\u00a0: informations sur les candidats, les votes, et les enjeux.\" \/>\n<meta name=\"robots\" content=\"index, follow, max-snippet:-1, max-image-preview:large, max-video-preview:-1\" \/>\n<link rel=\"canonical\" href=\"https:\/\/www.univ-guyane.fr\/en\/2017\/01\/01\/elections-2016-des-representants-etudiants-au-ca-et-cac\/\" \/>\n<meta property=\"og:locale\" content=\"en_GB\" \/>\n<meta property=\"og:type\" content=\"article\" \/>\n<meta property=\"og:title\" content=\"\u00c9lections 2016 des repr\u00e9sentants \u00e9tudiants au CA et CAC &#8212; Universit\u00e9 de Guyane\" \/>\n<meta property=\"og:description\" content=\"Consultez notre guide complet sur les \u00e9lections\u00a0: informations sur les candidats, les votes, et les enjeux.\" \/>\n<meta property=\"og:url\" content=\"https:\/\/www.univ-guyane.fr\/en\/2017\/01\/01\/elections-2016-des-representants-etudiants-au-ca-et-cac\/\" \/>\n<meta property=\"og:site_name\" content=\"Universit\u00e9 de Guyane\" \/>\n<meta property=\"article:publisher\" content=\"https:\/\/www.facebook.com\/univguyane\" \/>\n<meta property=\"article:published_time\" content=\"2017-01-01T11:13:43+00:00\" \/>\n<meta property=\"article:modified_time\" content=\"2024-06-28T11:18:43+00:00\" \/>\n<meta property=\"og:image\" content=\"https:\/\/www.univ-guyane.fr\/wp-content\/uploads\/elections-ca-cac-web.jpeg\" \/>\n\t<meta property=\"og:image:width\" content=\"1300\" \/>\n\t<meta property=\"og:image:height\" content=\"760\" \/>\n\t<meta property=\"og:image:type\" content=\"image\/jpeg\" \/>\n<meta name=\"author\" content=\"Erick Loiti\u00e8re\" \/>\n<meta name=\"twitter:card\" content=\"summary_large_image\" \/>\n<meta name=\"twitter:creator\" content=\"@univguyane\" \/>\n<meta name=\"twitter:site\" content=\"@univguyane\" \/>\n<meta name=\"twitter:label1\" content=\"Written by\" \/>\n\t<meta name=\"twitter:data1\" content=\"Erick Loiti\u00e8re\" \/>\n\t<meta name=\"twitter:label2\" content=\"Estimated reading time\" \/>\n\t<meta name=\"twitter:data2\" content=\"4 minutes\" \/>\n<script type=\"application\/ld+json\" class=\"yoast-schema-graph\">{\"@context\":\"https:\\\/\\\/schema.org\",\"@graph\":[{\"@type\":\"Article\",\"@id\":\"https:\\\/\\\/www.univ-guyane.fr\\\/2017\\\/01\\\/01\\\/elections-2016-des-representants-etudiants-au-ca-et-cac\\\/#article\",\"isPartOf\":{\"@id\":\"https:\\\/\\\/www.univ-guyane.fr\\\/2017\\\/01\\\/01\\\/elections-2016-des-representants-etudiants-au-ca-et-cac\\\/\"},\"author\":{\"name\":\"Erick Loiti\u00e8re\",\"@id\":\"https:\\\/\\\/www.univ-guyane.fr\\\/#\\\/schema\\\/person\\\/86d946a28a8be51bb096ccfdf19db179\"},\"headline\":\"\u00c9lections 2016 des repr\u00e9sentants \u00e9tudiants au CA et CAC\",\"datePublished\":\"2017-01-01T11:13:43+00:00\",\"dateModified\":\"2024-06-28T11:18:43+00:00\",\"mainEntityOfPage\":{\"@id\":\"https:\\\/\\\/www.univ-guyane.fr\\\/2017\\\/01\\\/01\\\/elections-2016-des-representants-etudiants-au-ca-et-cac\\\/\"},\"wordCount\":977,\"publisher\":{\"@id\":\"https:\\\/\\\/www.univ-guyane.fr\\\/#organization\"},\"image\":{\"@id\":\"https:\\\/\\\/www.univ-guyane.fr\\\/2017\\\/01\\\/01\\\/elections-2016-des-representants-etudiants-au-ca-et-cac\\\/#primaryimage\"},\"thumbnailUrl\":\"https:\\\/\\\/www.univ-guyane.fr\\\/wp-content\\\/uploads\\\/elections-ca-cac-web.jpeg\",\"articleSection\":[\"\u2022 BVE\",\"\u2022\u00a0Campus\",\"Actualit\u00e9s\"],\"inLanguage\":\"en-GB\"},{\"@type\":\"WebPage\",\"@id\":\"https:\\\/\\\/www.univ-guyane.fr\\\/2017\\\/01\\\/01\\\/elections-2016-des-representants-etudiants-au-ca-et-cac\\\/\",\"url\":\"https:\\\/\\\/www.univ-guyane.fr\\\/2017\\\/01\\\/01\\\/elections-2016-des-representants-etudiants-au-ca-et-cac\\\/\",\"name\":\"\u00c9lections 2016 des repr\u00e9sentants \u00e9tudiants au CA et CAC &#8212; Universit\u00e9 de Guyane\",\"isPartOf\":{\"@id\":\"https:\\\/\\\/www.univ-guyane.fr\\\/#website\"},\"primaryImageOfPage\":{\"@id\":\"https:\\\/\\\/www.univ-guyane.fr\\\/2017\\\/01\\\/01\\\/elections-2016-des-representants-etudiants-au-ca-et-cac\\\/#primaryimage\"},\"image\":{\"@id\":\"https:\\\/\\\/www.univ-guyane.fr\\\/2017\\\/01\\\/01\\\/elections-2016-des-representants-etudiants-au-ca-et-cac\\\/#primaryimage\"},\"thumbnailUrl\":\"https:\\\/\\\/www.univ-guyane.fr\\\/wp-content\\\/uploads\\\/elections-ca-cac-web.jpeg\",\"datePublished\":\"2017-01-01T11:13:43+00:00\",\"dateModified\":\"2024-06-28T11:18:43+00:00\",\"description\":\"Consultez notre guide complet sur les \u00e9lections\u00a0: informations sur les candidats, les votes, et les enjeux.\",\"breadcrumb\":{\"@id\":\"https:\\\/\\\/www.univ-guyane.fr\\\/2017\\\/01\\\/01\\\/elections-2016-des-representants-etudiants-au-ca-et-cac\\\/#breadcrumb\"},\"inLanguage\":\"en-GB\",\"potentialAction\":[{\"@type\":\"ReadAction\",\"target\":[\"https:\\\/\\\/www.univ-guyane.fr\\\/2017\\\/01\\\/01\\\/elections-2016-des-representants-etudiants-au-ca-et-cac\\\/\"]}]},{\"@type\":\"ImageObject\",\"inLanguage\":\"en-GB\",\"@id\":\"https:\\\/\\\/www.univ-guyane.fr\\\/2017\\\/01\\\/01\\\/elections-2016-des-representants-etudiants-au-ca-et-cac\\\/#primaryimage\",\"url\":\"https:\\\/\\\/www.univ-guyane.fr\\\/wp-content\\\/uploads\\\/elections-ca-cac-web.jpeg\",\"contentUrl\":\"https:\\\/\\\/www.univ-guyane.fr\\\/wp-content\\\/uploads\\\/elections-ca-cac-web.jpeg\",\"width\":1300,\"height\":760,\"caption\":\"\u00c9lections 2016 des repr\u00e9sentants \u00e9tudiants au CA et CAC\"},{\"@type\":\"BreadcrumbList\",\"@id\":\"https:\\\/\\\/www.univ-guyane.fr\\\/2017\\\/01\\\/01\\\/elections-2016-des-representants-etudiants-au-ca-et-cac\\\/#breadcrumb\",\"itemListElement\":[{\"@type\":\"ListItem\",\"position\":1,\"name\":\"Accueil\",\"item\":\"https:\\\/\\\/www.univ-guyane.fr\\\/\"},{\"@type\":\"ListItem\",\"position\":2,\"name\":\"\u00c9lections 2016 des repr\u00e9sentants \u00e9tudiants au CA et CAC\"}]},{\"@type\":\"WebSite\",\"@id\":\"https:\\\/\\\/www.univ-guyane.fr\\\/#website\",\"url\":\"https:\\\/\\\/www.univ-guyane.fr\\\/\",\"name\":\"Universit\u00e9 de Guyane\",\"description\":\"Au c\u0153ur de l&#039;amazonie\",\"publisher\":{\"@id\":\"https:\\\/\\\/www.univ-guyane.fr\\\/#organization\"},\"alternateName\":\"UG\",\"potentialAction\":[{\"@type\":\"SearchAction\",\"target\":{\"@type\":\"EntryPoint\",\"urlTemplate\":\"https:\\\/\\\/www.univ-guyane.fr\\\/?s={search_term_string}\"},\"query-input\":{\"@type\":\"PropertyValueSpecification\",\"valueRequired\":true,\"valueName\":\"search_term_string\"}}],\"inLanguage\":\"en-GB\"},{\"@type\":\"Organization\",\"@id\":\"https:\\\/\\\/www.univ-guyane.fr\\\/#organization\",\"name\":\"Universit\u00e9 de Guyane\",\"alternateName\":\"UG\",\"url\":\"https:\\\/\\\/www.univ-guyane.fr\\\/\",\"logo\":{\"@type\":\"ImageObject\",\"inLanguage\":\"en-GB\",\"@id\":\"https:\\\/\\\/www.univ-guyane.fr\\\/#\\\/schema\\\/logo\\\/image\\\/\",\"url\":\"https:\\\/\\\/www.univ-guyane.fr\\\/wp-content\\\/uploads\\\/2024\\\/05\\\/f.png\",\"contentUrl\":\"https:\\\/\\\/www.univ-guyane.fr\\\/wp-content\\\/uploads\\\/2024\\\/05\\\/f.png\",\"width\":1024,\"height\":1024,\"caption\":\"Universit\u00e9 de Guyane\"},\"image\":{\"@id\":\"https:\\\/\\\/www.univ-guyane.fr\\\/#\\\/schema\\\/logo\\\/image\\\/\"},\"sameAs\":[\"https:\\\/\\\/www.facebook.com\\\/univguyane\",\"https:\\\/\\\/x.com\\\/univguyane\",\"https:\\\/\\\/gf.linkedin.com\\\/school\\\/universite-de-guyane\\\/\",\"https:\\\/\\\/www.instagram.com\\\/univ_guyane\\\/\"]},{\"@type\":\"Person\",\"@id\":\"https:\\\/\\\/www.univ-guyane.fr\\\/#\\\/schema\\\/person\\\/86d946a28a8be51bb096ccfdf19db179\",\"name\":\"Erick Loiti\u00e8re\",\"image\":{\"@type\":\"ImageObject\",\"inLanguage\":\"en-GB\",\"@id\":\"https:\\\/\\\/secure.gravatar.com\\\/avatar\\\/0584f332103fbeaf37e52c73b15dca3c547fd9300deb05764e9ad8714839d072?s=96&d=robohash&r=g\",\"url\":\"https:\\\/\\\/secure.gravatar.com\\\/avatar\\\/0584f332103fbeaf37e52c73b15dca3c547fd9300deb05764e9ad8714839d072?s=96&d=robohash&r=g\",\"contentUrl\":\"https:\\\/\\\/secure.gravatar.com\\\/avatar\\\/0584f332103fbeaf37e52c73b15dca3c547fd9300deb05764e9ad8714839d072?s=96&d=robohash&r=g\",\"caption\":\"Erick Loiti\u00e8re\"},\"sameAs\":[\"http:\\\/\\\/www.univ-guyane.fr\"],\"url\":\"https:\\\/\\\/www.univ-guyane.fr\\\/en\\\/author\\\/eloitierdbz\\\/\"}]}<\/script>\n<!-- \/ Yoast SEO plugin. -->","yoast_head_json":{"title":"\u00c9lections 2016 des repr\u00e9sentants \u00e9tudiants au CA et CAC &#8212; Universit\u00e9 de Guyane","description":"Consultez notre guide complet sur les \u00e9lections\u00a0: informations sur les candidats, les votes, et les enjeux.","robots":{"index":"index","follow":"follow","max-snippet":"max-snippet:-1","max-image-preview":"max-image-preview:large","max-video-preview":"max-video-preview:-1"},"canonical":"https:\/\/www.univ-guyane.fr\/en\/2017\/01\/01\/elections-2016-des-representants-etudiants-au-ca-et-cac\/","og_locale":"en_GB","og_type":"article","og_title":"\u00c9lections 2016 des repr\u00e9sentants \u00e9tudiants au CA et CAC &#8212; Universit\u00e9 de Guyane","og_description":"Consultez notre guide complet sur les \u00e9lections\u00a0: informations sur les candidats, les votes, et les enjeux.","og_url":"https:\/\/www.univ-guyane.fr\/en\/2017\/01\/01\/elections-2016-des-representants-etudiants-au-ca-et-cac\/","og_site_name":"Universit\u00e9 de Guyane","article_publisher":"https:\/\/www.facebook.com\/univguyane","article_published_time":"2017-01-01T11:13:43+00:00","article_modified_time":"2024-06-28T11:18:43+00:00","og_image":[{"width":1300,"height":760,"url":"https:\/\/www.univ-guyane.fr\/wp-content\/uploads\/elections-ca-cac-web.jpeg","type":"image\/jpeg"}],"author":"Erick Loiti\u00e8re","twitter_card":"summary_large_image","twitter_creator":"@univguyane","twitter_site":"@univguyane","twitter_misc":{"Written by":"Erick Loiti\u00e8re","Estimated reading time":"4 minutes"},"schema":{"@context":"https:\/\/schema.org","@graph":[{"@type":"Article","@id":"https:\/\/www.univ-guyane.fr\/2017\/01\/01\/elections-2016-des-representants-etudiants-au-ca-et-cac\/#article","isPartOf":{"@id":"https:\/\/www.univ-guyane.fr\/2017\/01\/01\/elections-2016-des-representants-etudiants-au-ca-et-cac\/"},"author":{"name":"Erick Loiti\u00e8re","@id":"https:\/\/www.univ-guyane.fr\/#\/schema\/person\/86d946a28a8be51bb096ccfdf19db179"},"headline":"\u00c9lections 2016 des repr\u00e9sentants \u00e9tudiants au CA et CAC","datePublished":"2017-01-01T11:13:43+00:00","dateModified":"2024-06-28T11:18:43+00:00","mainEntityOfPage":{"@id":"https:\/\/www.univ-guyane.fr\/2017\/01\/01\/elections-2016-des-representants-etudiants-au-ca-et-cac\/"},"wordCount":977,"publisher":{"@id":"https:\/\/www.univ-guyane.fr\/#organization"},"image":{"@id":"https:\/\/www.univ-guyane.fr\/2017\/01\/01\/elections-2016-des-representants-etudiants-au-ca-et-cac\/#primaryimage"},"thumbnailUrl":"https:\/\/www.univ-guyane.fr\/wp-content\/uploads\/elections-ca-cac-web.jpeg","articleSection":["\u2022 BVE","\u2022\u00a0Campus","Actualit\u00e9s"],"inLanguage":"en-GB"},{"@type":"WebPage","@id":"https:\/\/www.univ-guyane.fr\/2017\/01\/01\/elections-2016-des-representants-etudiants-au-ca-et-cac\/","url":"https:\/\/www.univ-guyane.fr\/2017\/01\/01\/elections-2016-des-representants-etudiants-au-ca-et-cac\/","name":"\u00c9lections 2016 des repr\u00e9sentants \u00e9tudiants au CA et CAC &#8212; Universit\u00e9 de Guyane","isPartOf":{"@id":"https:\/\/www.univ-guyane.fr\/#website"},"primaryImageOfPage":{"@id":"https:\/\/www.univ-guyane.fr\/2017\/01\/01\/elections-2016-des-representants-etudiants-au-ca-et-cac\/#primaryimage"},"image":{"@id":"https:\/\/www.univ-guyane.fr\/2017\/01\/01\/elections-2016-des-representants-etudiants-au-ca-et-cac\/#primaryimage"},"thumbnailUrl":"https:\/\/www.univ-guyane.fr\/wp-content\/uploads\/elections-ca-cac-web.jpeg","datePublished":"2017-01-01T11:13:43+00:00","dateModified":"2024-06-28T11:18:43+00:00","description":"Consultez notre guide complet sur les \u00e9lections\u00a0: informations sur les candidats, les votes, et les enjeux.","breadcrumb":{"@id":"https:\/\/www.univ-guyane.fr\/2017\/01\/01\/elections-2016-des-representants-etudiants-au-ca-et-cac\/#breadcrumb"},"inLanguage":"en-GB","potentialAction":[{"@type":"ReadAction","target":["https:\/\/www.univ-guyane.fr\/2017\/01\/01\/elections-2016-des-representants-etudiants-au-ca-et-cac\/"]}]},{"@type":"ImageObject","inLanguage":"en-GB","@id":"https:\/\/www.univ-guyane.fr\/2017\/01\/01\/elections-2016-des-representants-etudiants-au-ca-et-cac\/#primaryimage","url":"https:\/\/www.univ-guyane.fr\/wp-content\/uploads\/elections-ca-cac-web.jpeg","contentUrl":"https:\/\/www.univ-guyane.fr\/wp-content\/uploads\/elections-ca-cac-web.jpeg","width":1300,"height":760,"caption":"\u00c9lections 2016 des repr\u00e9sentants \u00e9tudiants au CA et CAC"},{"@type":"BreadcrumbList","@id":"https:\/\/www.univ-guyane.fr\/2017\/01\/01\/elections-2016-des-representants-etudiants-au-ca-et-cac\/#breadcrumb","itemListElement":[{"@type":"ListItem","position":1,"name":"Accueil","item":"https:\/\/www.univ-guyane.fr\/"},{"@type":"ListItem","position":2,"name":"\u00c9lections 2016 des repr\u00e9sentants \u00e9tudiants au CA et CAC"}]},{"@type":"WebSite","@id":"https:\/\/www.univ-guyane.fr\/#website","url":"https:\/\/www.univ-guyane.fr\/","name":"University of Guyana","description":"In the heart of Amazonia","publisher":{"@id":"https:\/\/www.univ-guyane.fr\/#organization"},"alternateName":"UG","potentialAction":[{"@type":"SearchAction","target":{"@type":"EntryPoint","urlTemplate":"https:\/\/www.univ-guyane.fr\/?s={search_term_string}"},"query-input":{"@type":"PropertyValueSpecification","valueRequired":true,"valueName":"search_term_string"}}],"inLanguage":"en-GB"},{"@type":"Organization","@id":"https:\/\/www.univ-guyane.fr\/#organization","name":"University of Guyana","alternateName":"UG","url":"https:\/\/www.univ-guyane.fr\/","logo":{"@type":"ImageObject","inLanguage":"en-GB","@id":"https:\/\/www.univ-guyane.fr\/#\/schema\/logo\/image\/","url":"https:\/\/www.univ-guyane.fr\/wp-content\/uploads\/2024\/05\/f.png","contentUrl":"https:\/\/www.univ-guyane.fr\/wp-content\/uploads\/2024\/05\/f.png","width":1024,"height":1024,"caption":"Universit\u00e9 de Guyane"},"image":{"@id":"https:\/\/www.univ-guyane.fr\/#\/schema\/logo\/image\/"},"sameAs":["https:\/\/www.facebook.com\/univguyane","https:\/\/x.com\/univguyane","https:\/\/gf.linkedin.com\/school\/universite-de-guyane\/","https:\/\/www.instagram.com\/univ_guyane\/"]},{"@type":"Person","@id":"https:\/\/www.univ-guyane.fr\/#\/schema\/person\/86d946a28a8be51bb096ccfdf19db179","name":"Erick Loiti\u00e8re","image":{"@type":"ImageObject","inLanguage":"en-GB","@id":"https:\/\/secure.gravatar.com\/avatar\/0584f332103fbeaf37e52c73b15dca3c547fd9300deb05764e9ad8714839d072?s=96&d=robohash&r=g","url":"https:\/\/secure.gravatar.com\/avatar\/0584f332103fbeaf37e52c73b15dca3c547fd9300deb05764e9ad8714839d072?s=96&d=robohash&r=g","contentUrl":"https:\/\/secure.gravatar.com\/avatar\/0584f332103fbeaf37e52c73b15dca3c547fd9300deb05764e9ad8714839d072?s=96&d=robohash&r=g","caption":"Erick Loiti\u00e8re"},"sameAs":["http:\/\/www.univ-guyane.fr"],"url":"https:\/\/www.univ-guyane.fr\/en\/author\/eloitierdbz\/"}]}},"_links":{"self":[{"href":"https:\/\/www.univ-guyane.fr\/en\/wp-json\/wp\/v2\/posts\/9478","targetHints":{"allow":["GET"]}}],"collection":[{"href":"https:\/\/www.univ-guyane.fr\/en\/wp-json\/wp\/v2\/posts"}],"about":[{"href":"https:\/\/www.univ-guyane.fr\/en\/wp-json\/wp\/v2\/types\/post"}],"author":[{"embeddable":true,"href":"https:\/\/www.univ-guyane.fr\/en\/wp-json\/wp\/v2\/users\/1"}],"replies":[{"embeddable":true,"href":"https:\/\/www.univ-guyane.fr\/en\/wp-json\/wp\/v2\/comments?post=9478"}],"version-history":[{"count":2,"href":"https:\/\/www.univ-guyane.fr\/en\/wp-json\/wp\/v2\/posts\/9478\/revisions"}],"predecessor-version":[{"id":9481,"href":"https:\/\/www.univ-guyane.fr\/en\/wp-json\/wp\/v2\/posts\/9478\/revisions\/9481"}],"wp:featuredmedia":[{"embeddable":true,"href":"https:\/\/www.univ-guyane.fr\/en\/wp-json\/wp\/v2\/media\/9479"}],"wp:attachment":[{"href":"https:\/\/www.univ-guyane.fr\/en\/wp-json\/wp\/v2\/media?parent=9478"}],"wp:term":[{"taxonomy":"category","embeddable":true,"href":"https:\/\/www.univ-guyane.fr\/en\/wp-json\/wp\/v2\/categories?post=9478"},{"taxonomy":"post_tag","embeddable":true,"href":"https:\/\/www.univ-guyane.fr\/en\/wp-json\/wp\/v2\/tags?post=9478"}],"curies":[{"name":"wp","href":"https:\/\/api.w.org\/{rel}","templated":true}]}}