{"id":10040,"date":"2024-07-17T00:27:34","date_gmt":"2024-07-17T03:27:34","guid":{"rendered":"https:\/\/www.univ-guyane.fr\/?p=10040"},"modified":"2024-07-17T10:20:34","modified_gmt":"2024-07-17T13:20:34","slug":"signature-du-contrat-dobjectifs-de-moyens-et-de-performance-de-luniversite-de-guyane","status":"publish","type":"post","link":"https:\/\/www.univ-guyane.fr\/es\/2024\/07\/17\/signature-du-contrat-dobjectifs-de-moyens-et-de-performance-de-luniversite-de-guyane\/","title":{"rendered":"Firma del Contrato de Objetivos, Recursos y Rendimiento de la Universidad de Guyana"},"content":{"rendered":"<div id=\"fws_69f5cf1b8a7a8\"  data-column-margin=\"default\" data-midnight=\"dark\"  class=\"wpb_row vc_row-fluid vc_row\"  style=\"padding-top: 0px; padding-bottom: 0px; \"><div class=\"row-bg-wrap\" data-bg-animation=\"none\" data-bg-animation-delay=\"\" data-bg-overlay=\"false\"><div class=\"inner-wrap row-bg-layer\" ><div class=\"row-bg viewport-desktop\"  style=\"\"><\/div><\/div><\/div><div class=\"row_col_wrap_12 col span_12 dark left\">\n\t<div  class=\"vc_col-sm-12 wpb_column column_container vc_column_container col no-extra-padding inherit_tablet inherit_phone\"  data-padding-pos=\"all\" data-has-bg-color=\"false\" data-bg-color=\"\" data-bg-opacity=\"1\" data-animation=\"\" data-delay=\"0\" >\n\t\t<div class=\"vc_column-inner\" >\n\t\t\t<div class=\"wpb_wrapper\">\n\t\t\t\t\n<div class=\"wpb_text_column wpb_content_element  chapo\" >\n\t<h2>El 28 de junio, la Universidad de Guyana dio un paso decisivo en su desarrollo con la firma de su Contrato de Objetivos, Recursos y Rendimiento (COMP).<\/h2>\n<\/div>\n\n\n\n\n<div class=\"wpb_text_column wpb_content_element\" >\n\t<p>A la ceremonia asistieron personalidades como Sylvie Retailleau, Ministra de Ense\u00f1anza Superior e Investigaci\u00f3n, Anne-Sophie Barthez, Directora General de Ense\u00f1anza Superior e Inserci\u00f3n Profesional, Philippe Dulbecco, Rector de la Acad\u00e9mie de Guyane, y Laurent Linguet, Presidente de la Universit\u00e9 de Guyane.<\/p>\n<p>Este contrato marca una revisi\u00f3n del di\u00e1logo entre la universidad, el rectorado y el ministerio. Establece una firma institucional clara e identificable, reforzando la autonom\u00eda y la responsabilidad de la Universidad de Guyana.<\/p>\n<h3>Una herramienta para la rendici\u00f3n de cuentas y la gesti\u00f3n<\/h3>\n<p>Lanzado en junio de 2023, el COMP ha sido probado por 34 establecimientos pioneros que han recibido financiaci\u00f3n adicional. Se llevar\u00e1 a cabo una evaluaci\u00f3n posterior a la prueba para medir los resultados obtenidos y ajustar las estrategias en consecuencia.<\/p>\n<h3>Objetivos claros y ambiciosos<\/h3>\n<p>El COMP de la Universidad de Guyana tiene seis objetivos:<\/p>\n<p><strong>Transici\u00f3n ecol\u00f3gica y desarrollo sostenible :<\/strong> La Universidad de Guyana se compromete a construir una pol\u00edtica de desarrollo sostenible basada en las siguientes orientaciones estrat\u00e9gicas: - Desarrollar la ense\u00f1anza sobre los retos de la transici\u00f3n ecol\u00f3gica y sensibilizar a los estudiantes y al personal sobre la necesidad de reducir su huella de carbono. - Reducir nuestra huella ecol\u00f3gica aplicando pr\u00e1cticas operativas, de gesti\u00f3n y de gobernanza s\u00f3lidas.<\/p>\n<p><strong>Investigaci\u00f3n e innovaci\u00f3n :<\/strong> La UG se compromete a apoyar la maduraci\u00f3n de los resultados de investigaci\u00f3n de sus doctorandos y profesores-investigadores mediante el avance de los niveles de madurez tecnol\u00f3gica y la creaci\u00f3n de spin-offs (empresas innovadoras). Este proyecto se basar\u00e1 en la contrataci\u00f3n de un responsable de maduraci\u00f3n.<\/p>\n<p><strong>Adaptar la oferta de formaci\u00f3n :<\/strong> La UG se compromete a adaptar sus programas a las necesidades espec\u00edficas de su regi\u00f3n y a formar a m\u00e1s estudiantes en sectores en los que hay escasez de alumnos: creaci\u00f3n de un M\u00e1ster en Ingenier\u00eda Civil en septiembre de 2023, de un Grado en Educaci\u00f3n F\u00edsica y Deportiva y aumento de la capacidad de admisi\u00f3n del Grado en T\u00e9cnicas de Marketing y del Grado Profesional en Direcci\u00f3n y Gesti\u00f3n de Organizaciones (MGO).<\/p>\n<p><strong>Bienestar y \u00e9xito de los estudiantes :<\/strong> la UG se compromete a facilitar a los estudiantes el acceso a una atenci\u00f3n especializada m\u00e1s amplia: psic\u00f3logo, dentista, oftalm\u00f3logo, ginec\u00f3logo, etc. La UG tambi\u00e9n se compromete a implantar un sistema de valoraci\u00f3n y reconocimiento del compromiso de los estudiantes, como el \"ECL Engagement\", y a financiar puestos de trabajo de estudiantes dedicados a todas las formas de tutor\u00eda.<\/p>\n<p><strong>Mejorar la gesti\u00f3n :<\/strong> La UG se compromete a aplicar su plan estrat\u00e9gico inmobiliario plurianual (SPSI). Se compromete a que cada componente de formaci\u00f3n disponga de un contrato de objetivos y recursos (COM), que servir\u00e1 de base para el di\u00e1logo presupuestario.<\/p>\n<p><strong>Estrategia escolar :<\/strong> La UG apuesta por la creaci\u00f3n de una Escuela de Postgrado que implique a todos los laboratorios en la impartici\u00f3n de los m\u00e1steres y doctorados de la UG y se apoye en las asociaciones existentes con organismos de investigaci\u00f3n, empresas y otros agentes locales.<\/p>\n<\/div>\n\n\n\n\n\t\t\t<\/div> \n\t\t<\/div>\n\t<\/div> \n<\/div><\/div>","protected":false},"excerpt":{"rendered":"El 28 de junio, la Universidad de Guyana dio un paso decisivo en su desarrollo...","protected":false},"author":1,"featured_media":10044,"comment_status":"closed","ping_status":"open","sticky":false,"template":"","format":"standard","meta":{"iawp_total_views":58,"footnotes":""},"categories":[229],"tags":[],"class_list":{"0":"post-10040","1":"post","2":"type-post","3":"status-publish","4":"format-standard","5":"has-post-thumbnail","7":"category-universite-actualites"},"yoast_head":"<!-- This site is optimized with the Yoast SEO plugin v27.5 - https:\/\/yoast.com\/product\/yoast-seo-wordpress\/ -->\n<title>Signature du Contrat d\u2019Objectifs, de Moyens et de Performance de l\u2019Universit\u00e9 de Guyane &#8212; Universit\u00e9 de Guyane<\/title>\n<meta name=\"description\" content=\"L&#039;Universit\u00e9 de Guyane renforce son autonomie et sa responsabilit\u00e9 avec le COMP. D\u00e9couvrez les objectifs de ce contrat d&#039;\u00e9tablissement.\" \/>\n<meta name=\"robots\" content=\"index, follow, max-snippet:-1, max-image-preview:large, max-video-preview:-1\" \/>\n<link rel=\"canonical\" href=\"https:\/\/www.univ-guyane.fr\/es\/2024\/07\/17\/signature-du-contrat-dobjectifs-de-moyens-et-de-performance-de-luniversite-de-guyane\/\" \/>\n<meta property=\"og:locale\" content=\"es_ES\" \/>\n<meta property=\"og:type\" content=\"article\" \/>\n<meta property=\"og:title\" content=\"Signature du Contrat d\u2019Objectifs, de Moyens et de Performance de l\u2019Universit\u00e9 de Guyane &#8212; Universit\u00e9 de Guyane\" \/>\n<meta property=\"og:description\" content=\"L&#039;Universit\u00e9 de Guyane renforce son autonomie et sa responsabilit\u00e9 avec le COMP. D\u00e9couvrez les objectifs de ce contrat d&#039;\u00e9tablissement.\" \/>\n<meta property=\"og:url\" content=\"https:\/\/www.univ-guyane.fr\/es\/2024\/07\/17\/signature-du-contrat-dobjectifs-de-moyens-et-de-performance-de-luniversite-de-guyane\/\" \/>\n<meta property=\"og:site_name\" content=\"Universit\u00e9 de Guyane\" \/>\n<meta property=\"article:publisher\" content=\"https:\/\/www.facebook.com\/univguyane\" \/>\n<meta property=\"article:published_time\" content=\"2024-07-17T03:27:34+00:00\" \/>\n<meta property=\"article:modified_time\" content=\"2024-07-17T13:20:34+00:00\" \/>\n<meta property=\"og:image\" content=\"https:\/\/www.univ-guyane.fr\/wp-content\/uploads\/signature-comp.jpg\" \/>\n\t<meta property=\"og:image:width\" content=\"1800\" \/>\n\t<meta property=\"og:image:height\" content=\"1013\" \/>\n\t<meta property=\"og:image:type\" content=\"image\/jpeg\" \/>\n<meta name=\"author\" content=\"Erick Loiti\u00e8re\" \/>\n<meta name=\"twitter:card\" content=\"summary_large_image\" \/>\n<meta name=\"twitter:creator\" content=\"@univguyane\" \/>\n<meta name=\"twitter:site\" content=\"@univguyane\" \/>\n<meta name=\"twitter:label1\" content=\"Escrito por\" \/>\n\t<meta name=\"twitter:data1\" content=\"Erick Loiti\u00e8re\" \/>\n\t<meta name=\"twitter:label2\" content=\"Tiempo de lectura\" \/>\n\t<meta name=\"twitter:data2\" content=\"3 minutos\" \/>\n<script type=\"application\/ld+json\" class=\"yoast-schema-graph\">{\"@context\":\"https:\\\/\\\/schema.org\",\"@graph\":[{\"@type\":\"Article\",\"@id\":\"https:\\\/\\\/www.univ-guyane.fr\\\/2024\\\/07\\\/17\\\/signature-du-contrat-dobjectifs-de-moyens-et-de-performance-de-luniversite-de-guyane\\\/#article\",\"isPartOf\":{\"@id\":\"https:\\\/\\\/www.univ-guyane.fr\\\/2024\\\/07\\\/17\\\/signature-du-contrat-dobjectifs-de-moyens-et-de-performance-de-luniversite-de-guyane\\\/\"},\"author\":{\"name\":\"Erick Loiti\u00e8re\",\"@id\":\"https:\\\/\\\/www.univ-guyane.fr\\\/#\\\/schema\\\/person\\\/86d946a28a8be51bb096ccfdf19db179\"},\"headline\":\"Signature du Contrat d\u2019Objectifs, de Moyens et de Performance de l\u2019Universit\u00e9 de Guyane\",\"datePublished\":\"2024-07-17T03:27:34+00:00\",\"dateModified\":\"2024-07-17T13:20:34+00:00\",\"mainEntityOfPage\":{\"@id\":\"https:\\\/\\\/www.univ-guyane.fr\\\/2024\\\/07\\\/17\\\/signature-du-contrat-dobjectifs-de-moyens-et-de-performance-de-luniversite-de-guyane\\\/\"},\"wordCount\":748,\"publisher\":{\"@id\":\"https:\\\/\\\/www.univ-guyane.fr\\\/#organization\"},\"image\":{\"@id\":\"https:\\\/\\\/www.univ-guyane.fr\\\/2024\\\/07\\\/17\\\/signature-du-contrat-dobjectifs-de-moyens-et-de-performance-de-luniversite-de-guyane\\\/#primaryimage\"},\"thumbnailUrl\":\"https:\\\/\\\/www.univ-guyane.fr\\\/wp-content\\\/uploads\\\/signature-comp.jpg\",\"articleSection\":[\"\u2022 Universit\u00e9\"],\"inLanguage\":\"es\"},{\"@type\":\"WebPage\",\"@id\":\"https:\\\/\\\/www.univ-guyane.fr\\\/2024\\\/07\\\/17\\\/signature-du-contrat-dobjectifs-de-moyens-et-de-performance-de-luniversite-de-guyane\\\/\",\"url\":\"https:\\\/\\\/www.univ-guyane.fr\\\/2024\\\/07\\\/17\\\/signature-du-contrat-dobjectifs-de-moyens-et-de-performance-de-luniversite-de-guyane\\\/\",\"name\":\"Signature du Contrat d\u2019Objectifs, de Moyens et de Performance de l\u2019Universit\u00e9 de Guyane &#8212; Universit\u00e9 de Guyane\",\"isPartOf\":{\"@id\":\"https:\\\/\\\/www.univ-guyane.fr\\\/#website\"},\"primaryImageOfPage\":{\"@id\":\"https:\\\/\\\/www.univ-guyane.fr\\\/2024\\\/07\\\/17\\\/signature-du-contrat-dobjectifs-de-moyens-et-de-performance-de-luniversite-de-guyane\\\/#primaryimage\"},\"image\":{\"@id\":\"https:\\\/\\\/www.univ-guyane.fr\\\/2024\\\/07\\\/17\\\/signature-du-contrat-dobjectifs-de-moyens-et-de-performance-de-luniversite-de-guyane\\\/#primaryimage\"},\"thumbnailUrl\":\"https:\\\/\\\/www.univ-guyane.fr\\\/wp-content\\\/uploads\\\/signature-comp.jpg\",\"datePublished\":\"2024-07-17T03:27:34+00:00\",\"dateModified\":\"2024-07-17T13:20:34+00:00\",\"description\":\"L'Universit\u00e9 de Guyane renforce son autonomie et sa responsabilit\u00e9 avec le COMP. D\u00e9couvrez les objectifs de ce contrat d'\u00e9tablissement.\",\"breadcrumb\":{\"@id\":\"https:\\\/\\\/www.univ-guyane.fr\\\/2024\\\/07\\\/17\\\/signature-du-contrat-dobjectifs-de-moyens-et-de-performance-de-luniversite-de-guyane\\\/#breadcrumb\"},\"inLanguage\":\"es\",\"potentialAction\":[{\"@type\":\"ReadAction\",\"target\":[\"https:\\\/\\\/www.univ-guyane.fr\\\/2024\\\/07\\\/17\\\/signature-du-contrat-dobjectifs-de-moyens-et-de-performance-de-luniversite-de-guyane\\\/\"]}]},{\"@type\":\"ImageObject\",\"inLanguage\":\"es\",\"@id\":\"https:\\\/\\\/www.univ-guyane.fr\\\/2024\\\/07\\\/17\\\/signature-du-contrat-dobjectifs-de-moyens-et-de-performance-de-luniversite-de-guyane\\\/#primaryimage\",\"url\":\"https:\\\/\\\/www.univ-guyane.fr\\\/wp-content\\\/uploads\\\/signature-comp.jpg\",\"contentUrl\":\"https:\\\/\\\/www.univ-guyane.fr\\\/wp-content\\\/uploads\\\/signature-comp.jpg\",\"width\":1800,\"height\":1013},{\"@type\":\"BreadcrumbList\",\"@id\":\"https:\\\/\\\/www.univ-guyane.fr\\\/2024\\\/07\\\/17\\\/signature-du-contrat-dobjectifs-de-moyens-et-de-performance-de-luniversite-de-guyane\\\/#breadcrumb\",\"itemListElement\":[{\"@type\":\"ListItem\",\"position\":1,\"name\":\"Accueil\",\"item\":\"https:\\\/\\\/www.univ-guyane.fr\\\/\"},{\"@type\":\"ListItem\",\"position\":2,\"name\":\"Signature du Contrat d\u2019Objectifs, de Moyens et de Performance de l\u2019Universit\u00e9 de Guyane\"}]},{\"@type\":\"WebSite\",\"@id\":\"https:\\\/\\\/www.univ-guyane.fr\\\/#website\",\"url\":\"https:\\\/\\\/www.univ-guyane.fr\\\/\",\"name\":\"Universit\u00e9 de Guyane\",\"description\":\"Au c\u0153ur de l&#039;amazonie\",\"publisher\":{\"@id\":\"https:\\\/\\\/www.univ-guyane.fr\\\/#organization\"},\"alternateName\":\"UG\",\"potentialAction\":[{\"@type\":\"SearchAction\",\"target\":{\"@type\":\"EntryPoint\",\"urlTemplate\":\"https:\\\/\\\/www.univ-guyane.fr\\\/?s={search_term_string}\"},\"query-input\":{\"@type\":\"PropertyValueSpecification\",\"valueRequired\":true,\"valueName\":\"search_term_string\"}}],\"inLanguage\":\"es\"},{\"@type\":\"Organization\",\"@id\":\"https:\\\/\\\/www.univ-guyane.fr\\\/#organization\",\"name\":\"Universit\u00e9 de Guyane\",\"alternateName\":\"UG\",\"url\":\"https:\\\/\\\/www.univ-guyane.fr\\\/\",\"logo\":{\"@type\":\"ImageObject\",\"inLanguage\":\"es\",\"@id\":\"https:\\\/\\\/www.univ-guyane.fr\\\/#\\\/schema\\\/logo\\\/image\\\/\",\"url\":\"https:\\\/\\\/www.univ-guyane.fr\\\/wp-content\\\/uploads\\\/2024\\\/05\\\/f.png\",\"contentUrl\":\"https:\\\/\\\/www.univ-guyane.fr\\\/wp-content\\\/uploads\\\/2024\\\/05\\\/f.png\",\"width\":1024,\"height\":1024,\"caption\":\"Universit\u00e9 de Guyane\"},\"image\":{\"@id\":\"https:\\\/\\\/www.univ-guyane.fr\\\/#\\\/schema\\\/logo\\\/image\\\/\"},\"sameAs\":[\"https:\\\/\\\/www.facebook.com\\\/univguyane\",\"https:\\\/\\\/x.com\\\/univguyane\",\"https:\\\/\\\/gf.linkedin.com\\\/school\\\/universite-de-guyane\\\/\",\"https:\\\/\\\/www.instagram.com\\\/univ_guyane\\\/\"]},{\"@type\":\"Person\",\"@id\":\"https:\\\/\\\/www.univ-guyane.fr\\\/#\\\/schema\\\/person\\\/86d946a28a8be51bb096ccfdf19db179\",\"name\":\"Erick Loiti\u00e8re\",\"image\":{\"@type\":\"ImageObject\",\"inLanguage\":\"es\",\"@id\":\"https:\\\/\\\/secure.gravatar.com\\\/avatar\\\/0584f332103fbeaf37e52c73b15dca3c547fd9300deb05764e9ad8714839d072?s=96&d=robohash&r=g\",\"url\":\"https:\\\/\\\/secure.gravatar.com\\\/avatar\\\/0584f332103fbeaf37e52c73b15dca3c547fd9300deb05764e9ad8714839d072?s=96&d=robohash&r=g\",\"contentUrl\":\"https:\\\/\\\/secure.gravatar.com\\\/avatar\\\/0584f332103fbeaf37e52c73b15dca3c547fd9300deb05764e9ad8714839d072?s=96&d=robohash&r=g\",\"caption\":\"Erick Loiti\u00e8re\"},\"sameAs\":[\"http:\\\/\\\/www.univ-guyane.fr\"],\"url\":\"https:\\\/\\\/www.univ-guyane.fr\\\/es\\\/author\\\/eloitierdbz\\\/\"}]}<\/script>\n<!-- \/ Yoast SEO plugin. -->","yoast_head_json":{"title":"Signature du Contrat d\u2019Objectifs, de Moyens et de Performance de l\u2019Universit\u00e9 de Guyane &#8212; Universit\u00e9 de Guyane","description":"L'Universit\u00e9 de Guyane renforce son autonomie et sa responsabilit\u00e9 avec le COMP. D\u00e9couvrez les objectifs de ce contrat d'\u00e9tablissement.","robots":{"index":"index","follow":"follow","max-snippet":"max-snippet:-1","max-image-preview":"max-image-preview:large","max-video-preview":"max-video-preview:-1"},"canonical":"https:\/\/www.univ-guyane.fr\/es\/2024\/07\/17\/signature-du-contrat-dobjectifs-de-moyens-et-de-performance-de-luniversite-de-guyane\/","og_locale":"es_ES","og_type":"article","og_title":"Signature du Contrat d\u2019Objectifs, de Moyens et de Performance de l\u2019Universit\u00e9 de Guyane &#8212; Universit\u00e9 de Guyane","og_description":"L'Universit\u00e9 de Guyane renforce son autonomie et sa responsabilit\u00e9 avec le COMP. D\u00e9couvrez les objectifs de ce contrat d'\u00e9tablissement.","og_url":"https:\/\/www.univ-guyane.fr\/es\/2024\/07\/17\/signature-du-contrat-dobjectifs-de-moyens-et-de-performance-de-luniversite-de-guyane\/","og_site_name":"Universit\u00e9 de Guyane","article_publisher":"https:\/\/www.facebook.com\/univguyane","article_published_time":"2024-07-17T03:27:34+00:00","article_modified_time":"2024-07-17T13:20:34+00:00","og_image":[{"width":1800,"height":1013,"url":"https:\/\/www.univ-guyane.fr\/wp-content\/uploads\/signature-comp.jpg","type":"image\/jpeg"}],"author":"Erick Loiti\u00e8re","twitter_card":"summary_large_image","twitter_creator":"@univguyane","twitter_site":"@univguyane","twitter_misc":{"Escrito por":"Erick Loiti\u00e8re","Tiempo de lectura":"3 minutos"},"schema":{"@context":"https:\/\/schema.org","@graph":[{"@type":"Article","@id":"https:\/\/www.univ-guyane.fr\/2024\/07\/17\/signature-du-contrat-dobjectifs-de-moyens-et-de-performance-de-luniversite-de-guyane\/#article","isPartOf":{"@id":"https:\/\/www.univ-guyane.fr\/2024\/07\/17\/signature-du-contrat-dobjectifs-de-moyens-et-de-performance-de-luniversite-de-guyane\/"},"author":{"name":"Erick Loiti\u00e8re","@id":"https:\/\/www.univ-guyane.fr\/#\/schema\/person\/86d946a28a8be51bb096ccfdf19db179"},"headline":"Signature du Contrat d\u2019Objectifs, de Moyens et de Performance de l\u2019Universit\u00e9 de Guyane","datePublished":"2024-07-17T03:27:34+00:00","dateModified":"2024-07-17T13:20:34+00:00","mainEntityOfPage":{"@id":"https:\/\/www.univ-guyane.fr\/2024\/07\/17\/signature-du-contrat-dobjectifs-de-moyens-et-de-performance-de-luniversite-de-guyane\/"},"wordCount":748,"publisher":{"@id":"https:\/\/www.univ-guyane.fr\/#organization"},"image":{"@id":"https:\/\/www.univ-guyane.fr\/2024\/07\/17\/signature-du-contrat-dobjectifs-de-moyens-et-de-performance-de-luniversite-de-guyane\/#primaryimage"},"thumbnailUrl":"https:\/\/www.univ-guyane.fr\/wp-content\/uploads\/signature-comp.jpg","articleSection":["\u2022 Universit\u00e9"],"inLanguage":"es"},{"@type":"WebPage","@id":"https:\/\/www.univ-guyane.fr\/2024\/07\/17\/signature-du-contrat-dobjectifs-de-moyens-et-de-performance-de-luniversite-de-guyane\/","url":"https:\/\/www.univ-guyane.fr\/2024\/07\/17\/signature-du-contrat-dobjectifs-de-moyens-et-de-performance-de-luniversite-de-guyane\/","name":"Signature du Contrat d\u2019Objectifs, de Moyens et de Performance de l\u2019Universit\u00e9 de Guyane &#8212; Universit\u00e9 de Guyane","isPartOf":{"@id":"https:\/\/www.univ-guyane.fr\/#website"},"primaryImageOfPage":{"@id":"https:\/\/www.univ-guyane.fr\/2024\/07\/17\/signature-du-contrat-dobjectifs-de-moyens-et-de-performance-de-luniversite-de-guyane\/#primaryimage"},"image":{"@id":"https:\/\/www.univ-guyane.fr\/2024\/07\/17\/signature-du-contrat-dobjectifs-de-moyens-et-de-performance-de-luniversite-de-guyane\/#primaryimage"},"thumbnailUrl":"https:\/\/www.univ-guyane.fr\/wp-content\/uploads\/signature-comp.jpg","datePublished":"2024-07-17T03:27:34+00:00","dateModified":"2024-07-17T13:20:34+00:00","description":"L'Universit\u00e9 de Guyane renforce son autonomie et sa responsabilit\u00e9 avec le COMP. D\u00e9couvrez les objectifs de ce contrat d'\u00e9tablissement.","breadcrumb":{"@id":"https:\/\/www.univ-guyane.fr\/2024\/07\/17\/signature-du-contrat-dobjectifs-de-moyens-et-de-performance-de-luniversite-de-guyane\/#breadcrumb"},"inLanguage":"es","potentialAction":[{"@type":"ReadAction","target":["https:\/\/www.univ-guyane.fr\/2024\/07\/17\/signature-du-contrat-dobjectifs-de-moyens-et-de-performance-de-luniversite-de-guyane\/"]}]},{"@type":"ImageObject","inLanguage":"es","@id":"https:\/\/www.univ-guyane.fr\/2024\/07\/17\/signature-du-contrat-dobjectifs-de-moyens-et-de-performance-de-luniversite-de-guyane\/#primaryimage","url":"https:\/\/www.univ-guyane.fr\/wp-content\/uploads\/signature-comp.jpg","contentUrl":"https:\/\/www.univ-guyane.fr\/wp-content\/uploads\/signature-comp.jpg","width":1800,"height":1013},{"@type":"BreadcrumbList","@id":"https:\/\/www.univ-guyane.fr\/2024\/07\/17\/signature-du-contrat-dobjectifs-de-moyens-et-de-performance-de-luniversite-de-guyane\/#breadcrumb","itemListElement":[{"@type":"ListItem","position":1,"name":"Accueil","item":"https:\/\/www.univ-guyane.fr\/"},{"@type":"ListItem","position":2,"name":"Signature du Contrat d\u2019Objectifs, de Moyens et de Performance de l\u2019Universit\u00e9 de Guyane"}]},{"@type":"WebSite","@id":"https:\/\/www.univ-guyane.fr\/#website","url":"https:\/\/www.univ-guyane.fr\/","name":"Universidad de Guyana","description":"En el coraz\u00f3n de la Amazonia","publisher":{"@id":"https:\/\/www.univ-guyane.fr\/#organization"},"alternateName":"UG","potentialAction":[{"@type":"SearchAction","target":{"@type":"EntryPoint","urlTemplate":"https:\/\/www.univ-guyane.fr\/?s={search_term_string}"},"query-input":{"@type":"PropertyValueSpecification","valueRequired":true,"valueName":"search_term_string"}}],"inLanguage":"es"},{"@type":"Organization","@id":"https:\/\/www.univ-guyane.fr\/#organization","name":"Universidad de Guyana","alternateName":"UG","url":"https:\/\/www.univ-guyane.fr\/","logo":{"@type":"ImageObject","inLanguage":"es","@id":"https:\/\/www.univ-guyane.fr\/#\/schema\/logo\/image\/","url":"https:\/\/www.univ-guyane.fr\/wp-content\/uploads\/2024\/05\/f.png","contentUrl":"https:\/\/www.univ-guyane.fr\/wp-content\/uploads\/2024\/05\/f.png","width":1024,"height":1024,"caption":"Universit\u00e9 de Guyane"},"image":{"@id":"https:\/\/www.univ-guyane.fr\/#\/schema\/logo\/image\/"},"sameAs":["https:\/\/www.facebook.com\/univguyane","https:\/\/x.com\/univguyane","https:\/\/gf.linkedin.com\/school\/universite-de-guyane\/","https:\/\/www.instagram.com\/univ_guyane\/"]},{"@type":"Person","@id":"https:\/\/www.univ-guyane.fr\/#\/schema\/person\/86d946a28a8be51bb096ccfdf19db179","name":"Erick Loiti\u00e8re","image":{"@type":"ImageObject","inLanguage":"es","@id":"https:\/\/secure.gravatar.com\/avatar\/0584f332103fbeaf37e52c73b15dca3c547fd9300deb05764e9ad8714839d072?s=96&d=robohash&r=g","url":"https:\/\/secure.gravatar.com\/avatar\/0584f332103fbeaf37e52c73b15dca3c547fd9300deb05764e9ad8714839d072?s=96&d=robohash&r=g","contentUrl":"https:\/\/secure.gravatar.com\/avatar\/0584f332103fbeaf37e52c73b15dca3c547fd9300deb05764e9ad8714839d072?s=96&d=robohash&r=g","caption":"Erick Loiti\u00e8re"},"sameAs":["http:\/\/www.univ-guyane.fr"],"url":"https:\/\/www.univ-guyane.fr\/es\/author\/eloitierdbz\/"}]}},"_links":{"self":[{"href":"https:\/\/www.univ-guyane.fr\/es\/wp-json\/wp\/v2\/posts\/10040","targetHints":{"allow":["GET"]}}],"collection":[{"href":"https:\/\/www.univ-guyane.fr\/es\/wp-json\/wp\/v2\/posts"}],"about":[{"href":"https:\/\/www.univ-guyane.fr\/es\/wp-json\/wp\/v2\/types\/post"}],"author":[{"embeddable":true,"href":"https:\/\/www.univ-guyane.fr\/es\/wp-json\/wp\/v2\/users\/1"}],"replies":[{"embeddable":true,"href":"https:\/\/www.univ-guyane.fr\/es\/wp-json\/wp\/v2\/comments?post=10040"}],"version-history":[{"count":3,"href":"https:\/\/www.univ-guyane.fr\/es\/wp-json\/wp\/v2\/posts\/10040\/revisions"}],"predecessor-version":[{"id":10043,"href":"https:\/\/www.univ-guyane.fr\/es\/wp-json\/wp\/v2\/posts\/10040\/revisions\/10043"}],"wp:featuredmedia":[{"embeddable":true,"href":"https:\/\/www.univ-guyane.fr\/es\/wp-json\/wp\/v2\/media\/10044"}],"wp:attachment":[{"href":"https:\/\/www.univ-guyane.fr\/es\/wp-json\/wp\/v2\/media?parent=10040"}],"wp:term":[{"taxonomy":"category","embeddable":true,"href":"https:\/\/www.univ-guyane.fr\/es\/wp-json\/wp\/v2\/categories?post=10040"},{"taxonomy":"post_tag","embeddable":true,"href":"https:\/\/www.univ-guyane.fr\/es\/wp-json\/wp\/v2\/tags?post=10040"}],"curies":[{"name":"wp","href":"https:\/\/api.w.org\/{rel}","templated":true}]}}