{"id":10326,"date":"2024-09-30T15:01:03","date_gmt":"2024-09-30T18:01:03","guid":{"rendered":"https:\/\/www.univ-guyane.fr\/?p=10326"},"modified":"2024-10-10T08:22:57","modified_gmt":"2024-10-10T11:22:57","slug":"la-sortie-des-frontieres-de-la-pauvrete-et-ses-obstacles-au-ceara","status":"publish","type":"post","link":"https:\/\/www.univ-guyane.fr\/es\/2024\/09\/30\/la-sortie-des-frontieres-de-la-pauvrete-et-ses-obstacles-au-ceara\/","title":{"rendered":"Salir de las \"fronteras\" de la pobreza y sus obst\u00e1culos en Cear\u00e1"},"content":{"rendered":"<div id=\"fws_69f397635344d\"  data-column-margin=\"default\" data-midnight=\"dark\"  class=\"wpb_row vc_row-fluid vc_row\"  style=\"padding-top: 0px; padding-bottom: 0px; \"><div class=\"row-bg-wrap\" data-bg-animation=\"none\" data-bg-animation-delay=\"\" data-bg-overlay=\"false\"><div class=\"inner-wrap row-bg-layer\" ><div class=\"row-bg viewport-desktop\"  style=\"\"><\/div><\/div><\/div><div class=\"row_col_wrap_12 col span_12 dark left\">\n\t<div  class=\"vc_col-sm-12 wpb_column column_container vc_column_container col no-extra-padding inherit_tablet inherit_phone\"  data-padding-pos=\"all\" data-has-bg-color=\"false\" data-bg-color=\"\" data-bg-opacity=\"1\" data-animation=\"\" data-delay=\"0\" >\n\t\t<div class=\"vc_column-inner\" >\n\t\t\t<div class=\"wpb_wrapper\">\n\t\t\t\t\n<div class=\"wpb_text_column wpb_content_element  chapo\" >\n\t<h2>En el marco del ciclo de seminarios \"Fronteras, Circulaciones, Interculturalidades e Interacciones Hombre-Medio\", la Universidad de Guyana tiene el placer de invitarle a una conferencia especial sobre los retos de la lucha contra la pobreza en Brasil. Esta sesi\u00f3n pondr\u00e1 de relieve el emblem\u00e1tico programa social Bolsa Fam\u00edlia y su impacto en las familias m\u00e1s vulnerables del estado de Cear\u00e1.<\/h2>\n<\/div>\n\n\n\n\n<div class=\"wpb_text_column wpb_content_element\" >\n\t<p><strong>Fecha y lugar :<\/strong><br \/>\n<em>Jueves 10 de octubre de 2024, de 18.00 a 20.00 horas<\/em><br \/>\n<strong>Sala 105<\/strong>Edificio F, 1\u00aa planta<br \/>\nCampus de Troubiran, Universidad de Guyana<\/p>\n<p>Esta conferencia inaugurar\u00e1 nuestra primera sesi\u00f3n del a\u00f1o acad\u00e9mico, y promete ser un debate enriquecedor sobre la eficacia de las pol\u00edticas p\u00fablicas de lucha contra la pobreza en Brasil.<\/p>\n<p>En 2004, el Gobierno brasile\u00f1o puso en marcha el\u00a0<strong>Programa Bolsa Familia<\/strong>\u00a0(PBF) con el objetivo de garantizar unos ingresos m\u00ednimos a las familias en situaci\u00f3n precaria. Este programa condiciona la ayuda econ\u00f3mica a la escolarizaci\u00f3n de los hijos, considerada tanto un deber de los padres como un derecho fundamental de los ni\u00f1os y adolescentes.<\/p>\n<p>La investigaci\u00f3n que se presentar\u00e1 durante esta sesi\u00f3n tiene como objetivo identificar los factores que influyen en la capacidad de las familias para cumplir con los requisitos de asistencia escolar impuestos por el programa. Realizado en 2016 entre 400 madres del estado de Cear\u00e1, el cuarto m\u00e1s pobre de Brasil, el estudio revela que la regularidad escolar depende no solo de factores objetivos (como el n\u00famero de hijos, la presencia de enfermedades o el apoyo de la pareja), sino sobre todo del compromiso de las madres con la educaci\u00f3n de sus hijos. Este compromiso, clave del \u00e9xito escolar, refleja la importancia que las madres conceden a la educaci\u00f3n como medio de \u00e9xito social.<\/p>\n<h3><strong>Biograf\u00eda del orador<\/strong><\/h3>\n<p>Domingos S\u00e1vio Abreu es profesor de Sociolog\u00eda en la Universidad Federal de Cear\u00e1. Es doctor en sociolog\u00eda por la misma universidad, obtenido en 2000, as\u00ed como m\u00e1ster por la Universit\u00e9 Lumi\u00e8re Lyon 2 (Francia). Est\u00e1 especializado en el estudio de las pol\u00edticas p\u00fablicas para ni\u00f1os y adolescentes sin hogar. Desde 2015, sus investigaciones se centran en los v\u00ednculos entre educaci\u00f3n y desigualdad social en Brasil. Al mismo tiempo, estudia la paternidad, en particular desde la perspectiva de la adopci\u00f3n y la adopci\u00f3n internacional.<\/p>\n<p>Recientemente ha coordinado el libro\u00a0<em>O Bolsa Fam\u00edlia e a Educa\u00e7\u00e3o: Pesquisas no \u00e2mbito da Iniciativa Educa\u00e7\u00e3o Pobreza e Desigualdade Social<\/em>\u00a0(EPDS\/UFC, Pontes 2019).<\/p>\n<\/div>\n\n\n\n\n\t\t\t<\/div> \n\t\t<\/div>\n\t<\/div> \n<\/div><\/div>","protected":false},"excerpt":{"rendered":"En el marco de la serie de seminarios \"Fronteras, Circulaciones, Interculturalidades e Interacciones Hombre-Medio\", la Universidad de...","protected":false},"author":1,"featured_media":10336,"comment_status":"closed","ping_status":"open","sticky":false,"template":"","format":"standard","meta":{"iawp_total_views":27,"footnotes":""},"categories":[145,1],"tags":[],"class_list":{"0":"post-10326","1":"post","2":"type-post","3":"status-publish","4":"format-standard","5":"has-post-thumbnail","7":"category-actualites","8":"category-non-classe"},"yoast_head":"<!-- This site is optimized with the Yoast SEO plugin v27.5 - https:\/\/yoast.com\/product\/yoast-seo-wordpress\/ -->\n<title>La sortie des &quot;fronti\u00e8res&quot; de la pauvret\u00e9 et ses obstacles au Cear\u00e1 &#8212; Universit\u00e9 de Guyane<\/title>\n<meta name=\"robots\" content=\"index, follow, max-snippet:-1, max-image-preview:large, max-video-preview:-1\" \/>\n<link rel=\"canonical\" href=\"https:\/\/www.univ-guyane.fr\/es\/2024\/09\/30\/la-sortie-des-frontieres-de-la-pauvrete-et-ses-obstacles-au-ceara\/\" \/>\n<meta property=\"og:locale\" content=\"es_ES\" \/>\n<meta property=\"og:type\" content=\"article\" \/>\n<meta property=\"og:title\" content=\"La sortie des &quot;fronti\u00e8res&quot; de la pauvret\u00e9 et ses obstacles au Cear\u00e1 &#8212; Universit\u00e9 de Guyane\" \/>\n<meta property=\"og:url\" content=\"https:\/\/www.univ-guyane.fr\/es\/2024\/09\/30\/la-sortie-des-frontieres-de-la-pauvrete-et-ses-obstacles-au-ceara\/\" \/>\n<meta property=\"og:site_name\" content=\"Universit\u00e9 de Guyane\" \/>\n<meta property=\"article:publisher\" content=\"https:\/\/www.facebook.com\/univguyane\" \/>\n<meta property=\"article:published_time\" content=\"2024-09-30T18:01:03+00:00\" \/>\n<meta property=\"article:modified_time\" content=\"2024-10-10T11:22:57+00:00\" \/>\n<meta property=\"og:image\" content=\"https:\/\/www.univ-guyane.fr\/wp-content\/uploads\/conference-bresil-ceara-1.jpg\" \/>\n\t<meta property=\"og:image:width\" content=\"1800\" \/>\n\t<meta property=\"og:image:height\" content=\"1013\" \/>\n\t<meta property=\"og:image:type\" content=\"image\/jpeg\" \/>\n<meta name=\"author\" content=\"Erick Loiti\u00e8re\" \/>\n<meta name=\"twitter:card\" content=\"summary_large_image\" \/>\n<meta name=\"twitter:creator\" content=\"@univguyane\" \/>\n<meta name=\"twitter:site\" content=\"@univguyane\" \/>\n<meta name=\"twitter:label1\" content=\"Escrito por\" \/>\n\t<meta name=\"twitter:data1\" content=\"Erick Loiti\u00e8re\" \/>\n\t<meta name=\"twitter:label2\" content=\"Tiempo de lectura\" \/>\n\t<meta name=\"twitter:data2\" content=\"3 minutos\" \/>\n<script type=\"application\/ld+json\" class=\"yoast-schema-graph\">{\"@context\":\"https:\\\/\\\/schema.org\",\"@graph\":[{\"@type\":\"Article\",\"@id\":\"https:\\\/\\\/www.univ-guyane.fr\\\/2024\\\/09\\\/30\\\/la-sortie-des-frontieres-de-la-pauvrete-et-ses-obstacles-au-ceara\\\/#article\",\"isPartOf\":{\"@id\":\"https:\\\/\\\/www.univ-guyane.fr\\\/2024\\\/09\\\/30\\\/la-sortie-des-frontieres-de-la-pauvrete-et-ses-obstacles-au-ceara\\\/\"},\"author\":{\"name\":\"Erick Loiti\u00e8re\",\"@id\":\"https:\\\/\\\/www.univ-guyane.fr\\\/#\\\/schema\\\/person\\\/86d946a28a8be51bb096ccfdf19db179\"},\"headline\":\"La sortie des \u00ab\u00a0fronti\u00e8res\u00a0\u00bb de la pauvret\u00e9 et ses obstacles au Cear\u00e1\",\"datePublished\":\"2024-09-30T18:01:03+00:00\",\"dateModified\":\"2024-10-10T11:22:57+00:00\",\"mainEntityOfPage\":{\"@id\":\"https:\\\/\\\/www.univ-guyane.fr\\\/2024\\\/09\\\/30\\\/la-sortie-des-frontieres-de-la-pauvrete-et-ses-obstacles-au-ceara\\\/\"},\"wordCount\":642,\"publisher\":{\"@id\":\"https:\\\/\\\/www.univ-guyane.fr\\\/#organization\"},\"image\":{\"@id\":\"https:\\\/\\\/www.univ-guyane.fr\\\/2024\\\/09\\\/30\\\/la-sortie-des-frontieres-de-la-pauvrete-et-ses-obstacles-au-ceara\\\/#primaryimage\"},\"thumbnailUrl\":\"https:\\\/\\\/www.univ-guyane.fr\\\/wp-content\\\/uploads\\\/conference-bresil-ceara-1.jpg\",\"articleSection\":[\"Actualit\u00e9s\",\"Non class\u00e9\"],\"inLanguage\":\"es\"},{\"@type\":\"WebPage\",\"@id\":\"https:\\\/\\\/www.univ-guyane.fr\\\/2024\\\/09\\\/30\\\/la-sortie-des-frontieres-de-la-pauvrete-et-ses-obstacles-au-ceara\\\/\",\"url\":\"https:\\\/\\\/www.univ-guyane.fr\\\/2024\\\/09\\\/30\\\/la-sortie-des-frontieres-de-la-pauvrete-et-ses-obstacles-au-ceara\\\/\",\"name\":\"La sortie des \\\"fronti\u00e8res\\\" de la pauvret\u00e9 et ses obstacles au Cear\u00e1 &#8212; Universit\u00e9 de Guyane\",\"isPartOf\":{\"@id\":\"https:\\\/\\\/www.univ-guyane.fr\\\/#website\"},\"primaryImageOfPage\":{\"@id\":\"https:\\\/\\\/www.univ-guyane.fr\\\/2024\\\/09\\\/30\\\/la-sortie-des-frontieres-de-la-pauvrete-et-ses-obstacles-au-ceara\\\/#primaryimage\"},\"image\":{\"@id\":\"https:\\\/\\\/www.univ-guyane.fr\\\/2024\\\/09\\\/30\\\/la-sortie-des-frontieres-de-la-pauvrete-et-ses-obstacles-au-ceara\\\/#primaryimage\"},\"thumbnailUrl\":\"https:\\\/\\\/www.univ-guyane.fr\\\/wp-content\\\/uploads\\\/conference-bresil-ceara-1.jpg\",\"datePublished\":\"2024-09-30T18:01:03+00:00\",\"dateModified\":\"2024-10-10T11:22:57+00:00\",\"breadcrumb\":{\"@id\":\"https:\\\/\\\/www.univ-guyane.fr\\\/2024\\\/09\\\/30\\\/la-sortie-des-frontieres-de-la-pauvrete-et-ses-obstacles-au-ceara\\\/#breadcrumb\"},\"inLanguage\":\"es\",\"potentialAction\":[{\"@type\":\"ReadAction\",\"target\":[\"https:\\\/\\\/www.univ-guyane.fr\\\/2024\\\/09\\\/30\\\/la-sortie-des-frontieres-de-la-pauvrete-et-ses-obstacles-au-ceara\\\/\"]}]},{\"@type\":\"ImageObject\",\"inLanguage\":\"es\",\"@id\":\"https:\\\/\\\/www.univ-guyane.fr\\\/2024\\\/09\\\/30\\\/la-sortie-des-frontieres-de-la-pauvrete-et-ses-obstacles-au-ceara\\\/#primaryimage\",\"url\":\"https:\\\/\\\/www.univ-guyane.fr\\\/wp-content\\\/uploads\\\/conference-bresil-ceara-1.jpg\",\"contentUrl\":\"https:\\\/\\\/www.univ-guyane.fr\\\/wp-content\\\/uploads\\\/conference-bresil-ceara-1.jpg\",\"width\":1800,\"height\":1013},{\"@type\":\"BreadcrumbList\",\"@id\":\"https:\\\/\\\/www.univ-guyane.fr\\\/2024\\\/09\\\/30\\\/la-sortie-des-frontieres-de-la-pauvrete-et-ses-obstacles-au-ceara\\\/#breadcrumb\",\"itemListElement\":[{\"@type\":\"ListItem\",\"position\":1,\"name\":\"Accueil\",\"item\":\"https:\\\/\\\/www.univ-guyane.fr\\\/\"},{\"@type\":\"ListItem\",\"position\":2,\"name\":\"La sortie des \u00ab\u00a0fronti\u00e8res\u00a0\u00bb de la pauvret\u00e9 et ses obstacles au Cear\u00e1\"}]},{\"@type\":\"WebSite\",\"@id\":\"https:\\\/\\\/www.univ-guyane.fr\\\/#website\",\"url\":\"https:\\\/\\\/www.univ-guyane.fr\\\/\",\"name\":\"Universit\u00e9 de Guyane\",\"description\":\"Au c\u0153ur de l&#039;amazonie\",\"publisher\":{\"@id\":\"https:\\\/\\\/www.univ-guyane.fr\\\/#organization\"},\"alternateName\":\"UG\",\"potentialAction\":[{\"@type\":\"SearchAction\",\"target\":{\"@type\":\"EntryPoint\",\"urlTemplate\":\"https:\\\/\\\/www.univ-guyane.fr\\\/?s={search_term_string}\"},\"query-input\":{\"@type\":\"PropertyValueSpecification\",\"valueRequired\":true,\"valueName\":\"search_term_string\"}}],\"inLanguage\":\"es\"},{\"@type\":\"Organization\",\"@id\":\"https:\\\/\\\/www.univ-guyane.fr\\\/#organization\",\"name\":\"Universit\u00e9 de Guyane\",\"alternateName\":\"UG\",\"url\":\"https:\\\/\\\/www.univ-guyane.fr\\\/\",\"logo\":{\"@type\":\"ImageObject\",\"inLanguage\":\"es\",\"@id\":\"https:\\\/\\\/www.univ-guyane.fr\\\/#\\\/schema\\\/logo\\\/image\\\/\",\"url\":\"https:\\\/\\\/www.univ-guyane.fr\\\/wp-content\\\/uploads\\\/2024\\\/05\\\/f.png\",\"contentUrl\":\"https:\\\/\\\/www.univ-guyane.fr\\\/wp-content\\\/uploads\\\/2024\\\/05\\\/f.png\",\"width\":1024,\"height\":1024,\"caption\":\"Universit\u00e9 de Guyane\"},\"image\":{\"@id\":\"https:\\\/\\\/www.univ-guyane.fr\\\/#\\\/schema\\\/logo\\\/image\\\/\"},\"sameAs\":[\"https:\\\/\\\/www.facebook.com\\\/univguyane\",\"https:\\\/\\\/x.com\\\/univguyane\",\"https:\\\/\\\/gf.linkedin.com\\\/school\\\/universite-de-guyane\\\/\",\"https:\\\/\\\/www.instagram.com\\\/univ_guyane\\\/\"]},{\"@type\":\"Person\",\"@id\":\"https:\\\/\\\/www.univ-guyane.fr\\\/#\\\/schema\\\/person\\\/86d946a28a8be51bb096ccfdf19db179\",\"name\":\"Erick Loiti\u00e8re\",\"image\":{\"@type\":\"ImageObject\",\"inLanguage\":\"es\",\"@id\":\"https:\\\/\\\/secure.gravatar.com\\\/avatar\\\/0584f332103fbeaf37e52c73b15dca3c547fd9300deb05764e9ad8714839d072?s=96&d=robohash&r=g\",\"url\":\"https:\\\/\\\/secure.gravatar.com\\\/avatar\\\/0584f332103fbeaf37e52c73b15dca3c547fd9300deb05764e9ad8714839d072?s=96&d=robohash&r=g\",\"contentUrl\":\"https:\\\/\\\/secure.gravatar.com\\\/avatar\\\/0584f332103fbeaf37e52c73b15dca3c547fd9300deb05764e9ad8714839d072?s=96&d=robohash&r=g\",\"caption\":\"Erick Loiti\u00e8re\"},\"sameAs\":[\"http:\\\/\\\/www.univ-guyane.fr\"],\"url\":\"https:\\\/\\\/www.univ-guyane.fr\\\/es\\\/author\\\/eloitierdbz\\\/\"}]}<\/script>\n<!-- \/ Yoast SEO plugin. -->","yoast_head_json":{"title":"La sortie des \"fronti\u00e8res\" de la pauvret\u00e9 et ses obstacles au Cear\u00e1 &#8212; Universit\u00e9 de Guyane","robots":{"index":"index","follow":"follow","max-snippet":"max-snippet:-1","max-image-preview":"max-image-preview:large","max-video-preview":"max-video-preview:-1"},"canonical":"https:\/\/www.univ-guyane.fr\/es\/2024\/09\/30\/la-sortie-des-frontieres-de-la-pauvrete-et-ses-obstacles-au-ceara\/","og_locale":"es_ES","og_type":"article","og_title":"La sortie des \"fronti\u00e8res\" de la pauvret\u00e9 et ses obstacles au Cear\u00e1 &#8212; Universit\u00e9 de Guyane","og_url":"https:\/\/www.univ-guyane.fr\/es\/2024\/09\/30\/la-sortie-des-frontieres-de-la-pauvrete-et-ses-obstacles-au-ceara\/","og_site_name":"Universit\u00e9 de Guyane","article_publisher":"https:\/\/www.facebook.com\/univguyane","article_published_time":"2024-09-30T18:01:03+00:00","article_modified_time":"2024-10-10T11:22:57+00:00","og_image":[{"width":1800,"height":1013,"url":"https:\/\/www.univ-guyane.fr\/wp-content\/uploads\/conference-bresil-ceara-1.jpg","type":"image\/jpeg"}],"author":"Erick Loiti\u00e8re","twitter_card":"summary_large_image","twitter_creator":"@univguyane","twitter_site":"@univguyane","twitter_misc":{"Escrito por":"Erick Loiti\u00e8re","Tiempo de lectura":"3 minutos"},"schema":{"@context":"https:\/\/schema.org","@graph":[{"@type":"Article","@id":"https:\/\/www.univ-guyane.fr\/2024\/09\/30\/la-sortie-des-frontieres-de-la-pauvrete-et-ses-obstacles-au-ceara\/#article","isPartOf":{"@id":"https:\/\/www.univ-guyane.fr\/2024\/09\/30\/la-sortie-des-frontieres-de-la-pauvrete-et-ses-obstacles-au-ceara\/"},"author":{"name":"Erick Loiti\u00e8re","@id":"https:\/\/www.univ-guyane.fr\/#\/schema\/person\/86d946a28a8be51bb096ccfdf19db179"},"headline":"La sortie des \u00ab\u00a0fronti\u00e8res\u00a0\u00bb de la pauvret\u00e9 et ses obstacles au Cear\u00e1","datePublished":"2024-09-30T18:01:03+00:00","dateModified":"2024-10-10T11:22:57+00:00","mainEntityOfPage":{"@id":"https:\/\/www.univ-guyane.fr\/2024\/09\/30\/la-sortie-des-frontieres-de-la-pauvrete-et-ses-obstacles-au-ceara\/"},"wordCount":642,"publisher":{"@id":"https:\/\/www.univ-guyane.fr\/#organization"},"image":{"@id":"https:\/\/www.univ-guyane.fr\/2024\/09\/30\/la-sortie-des-frontieres-de-la-pauvrete-et-ses-obstacles-au-ceara\/#primaryimage"},"thumbnailUrl":"https:\/\/www.univ-guyane.fr\/wp-content\/uploads\/conference-bresil-ceara-1.jpg","articleSection":["Actualit\u00e9s","Non class\u00e9"],"inLanguage":"es"},{"@type":"WebPage","@id":"https:\/\/www.univ-guyane.fr\/2024\/09\/30\/la-sortie-des-frontieres-de-la-pauvrete-et-ses-obstacles-au-ceara\/","url":"https:\/\/www.univ-guyane.fr\/2024\/09\/30\/la-sortie-des-frontieres-de-la-pauvrete-et-ses-obstacles-au-ceara\/","name":"La sortie des \"fronti\u00e8res\" de la pauvret\u00e9 et ses obstacles au Cear\u00e1 &#8212; Universit\u00e9 de Guyane","isPartOf":{"@id":"https:\/\/www.univ-guyane.fr\/#website"},"primaryImageOfPage":{"@id":"https:\/\/www.univ-guyane.fr\/2024\/09\/30\/la-sortie-des-frontieres-de-la-pauvrete-et-ses-obstacles-au-ceara\/#primaryimage"},"image":{"@id":"https:\/\/www.univ-guyane.fr\/2024\/09\/30\/la-sortie-des-frontieres-de-la-pauvrete-et-ses-obstacles-au-ceara\/#primaryimage"},"thumbnailUrl":"https:\/\/www.univ-guyane.fr\/wp-content\/uploads\/conference-bresil-ceara-1.jpg","datePublished":"2024-09-30T18:01:03+00:00","dateModified":"2024-10-10T11:22:57+00:00","breadcrumb":{"@id":"https:\/\/www.univ-guyane.fr\/2024\/09\/30\/la-sortie-des-frontieres-de-la-pauvrete-et-ses-obstacles-au-ceara\/#breadcrumb"},"inLanguage":"es","potentialAction":[{"@type":"ReadAction","target":["https:\/\/www.univ-guyane.fr\/2024\/09\/30\/la-sortie-des-frontieres-de-la-pauvrete-et-ses-obstacles-au-ceara\/"]}]},{"@type":"ImageObject","inLanguage":"es","@id":"https:\/\/www.univ-guyane.fr\/2024\/09\/30\/la-sortie-des-frontieres-de-la-pauvrete-et-ses-obstacles-au-ceara\/#primaryimage","url":"https:\/\/www.univ-guyane.fr\/wp-content\/uploads\/conference-bresil-ceara-1.jpg","contentUrl":"https:\/\/www.univ-guyane.fr\/wp-content\/uploads\/conference-bresil-ceara-1.jpg","width":1800,"height":1013},{"@type":"BreadcrumbList","@id":"https:\/\/www.univ-guyane.fr\/2024\/09\/30\/la-sortie-des-frontieres-de-la-pauvrete-et-ses-obstacles-au-ceara\/#breadcrumb","itemListElement":[{"@type":"ListItem","position":1,"name":"Accueil","item":"https:\/\/www.univ-guyane.fr\/"},{"@type":"ListItem","position":2,"name":"La sortie des \u00ab\u00a0fronti\u00e8res\u00a0\u00bb de la pauvret\u00e9 et ses obstacles au Cear\u00e1"}]},{"@type":"WebSite","@id":"https:\/\/www.univ-guyane.fr\/#website","url":"https:\/\/www.univ-guyane.fr\/","name":"Universidad de Guyana","description":"En el coraz\u00f3n de la Amazonia","publisher":{"@id":"https:\/\/www.univ-guyane.fr\/#organization"},"alternateName":"UG","potentialAction":[{"@type":"SearchAction","target":{"@type":"EntryPoint","urlTemplate":"https:\/\/www.univ-guyane.fr\/?s={search_term_string}"},"query-input":{"@type":"PropertyValueSpecification","valueRequired":true,"valueName":"search_term_string"}}],"inLanguage":"es"},{"@type":"Organization","@id":"https:\/\/www.univ-guyane.fr\/#organization","name":"Universidad de Guyana","alternateName":"UG","url":"https:\/\/www.univ-guyane.fr\/","logo":{"@type":"ImageObject","inLanguage":"es","@id":"https:\/\/www.univ-guyane.fr\/#\/schema\/logo\/image\/","url":"https:\/\/www.univ-guyane.fr\/wp-content\/uploads\/2024\/05\/f.png","contentUrl":"https:\/\/www.univ-guyane.fr\/wp-content\/uploads\/2024\/05\/f.png","width":1024,"height":1024,"caption":"Universit\u00e9 de Guyane"},"image":{"@id":"https:\/\/www.univ-guyane.fr\/#\/schema\/logo\/image\/"},"sameAs":["https:\/\/www.facebook.com\/univguyane","https:\/\/x.com\/univguyane","https:\/\/gf.linkedin.com\/school\/universite-de-guyane\/","https:\/\/www.instagram.com\/univ_guyane\/"]},{"@type":"Person","@id":"https:\/\/www.univ-guyane.fr\/#\/schema\/person\/86d946a28a8be51bb096ccfdf19db179","name":"Erick Loiti\u00e8re","image":{"@type":"ImageObject","inLanguage":"es","@id":"https:\/\/secure.gravatar.com\/avatar\/0584f332103fbeaf37e52c73b15dca3c547fd9300deb05764e9ad8714839d072?s=96&d=robohash&r=g","url":"https:\/\/secure.gravatar.com\/avatar\/0584f332103fbeaf37e52c73b15dca3c547fd9300deb05764e9ad8714839d072?s=96&d=robohash&r=g","contentUrl":"https:\/\/secure.gravatar.com\/avatar\/0584f332103fbeaf37e52c73b15dca3c547fd9300deb05764e9ad8714839d072?s=96&d=robohash&r=g","caption":"Erick Loiti\u00e8re"},"sameAs":["http:\/\/www.univ-guyane.fr"],"url":"https:\/\/www.univ-guyane.fr\/es\/author\/eloitierdbz\/"}]}},"_links":{"self":[{"href":"https:\/\/www.univ-guyane.fr\/es\/wp-json\/wp\/v2\/posts\/10326","targetHints":{"allow":["GET"]}}],"collection":[{"href":"https:\/\/www.univ-guyane.fr\/es\/wp-json\/wp\/v2\/posts"}],"about":[{"href":"https:\/\/www.univ-guyane.fr\/es\/wp-json\/wp\/v2\/types\/post"}],"author":[{"embeddable":true,"href":"https:\/\/www.univ-guyane.fr\/es\/wp-json\/wp\/v2\/users\/1"}],"replies":[{"embeddable":true,"href":"https:\/\/www.univ-guyane.fr\/es\/wp-json\/wp\/v2\/comments?post=10326"}],"version-history":[{"count":1,"href":"https:\/\/www.univ-guyane.fr\/es\/wp-json\/wp\/v2\/posts\/10326\/revisions"}],"predecessor-version":[{"id":10327,"href":"https:\/\/www.univ-guyane.fr\/es\/wp-json\/wp\/v2\/posts\/10326\/revisions\/10327"}],"wp:featuredmedia":[{"embeddable":true,"href":"https:\/\/www.univ-guyane.fr\/es\/wp-json\/wp\/v2\/media\/10336"}],"wp:attachment":[{"href":"https:\/\/www.univ-guyane.fr\/es\/wp-json\/wp\/v2\/media?parent=10326"}],"wp:term":[{"taxonomy":"category","embeddable":true,"href":"https:\/\/www.univ-guyane.fr\/es\/wp-json\/wp\/v2\/categories?post=10326"},{"taxonomy":"post_tag","embeddable":true,"href":"https:\/\/www.univ-guyane.fr\/es\/wp-json\/wp\/v2\/tags?post=10326"}],"curies":[{"name":"wp","href":"https:\/\/api.w.org\/{rel}","templated":true}]}}