{"id":11388,"date":"2024-11-29T12:29:59","date_gmt":"2024-11-29T15:29:59","guid":{"rendered":"https:\/\/www.univ-guyane.fr\/?p=11388"},"modified":"2024-11-29T13:39:41","modified_gmt":"2024-11-29T16:39:41","slug":"quelles-pratiques-pour-accompagner-les-familles-et-les-adolescents-en-contexte-migratoire","status":"publish","type":"post","link":"https:\/\/www.univ-guyane.fr\/es\/2024\/11\/29\/quelles-pratiques-pour-accompagner-les-familles-et-les-adolescents-en-contexte-migratoire\/","title":{"rendered":"\u00bfQu\u00e9 pr\u00e1cticas son necesarias para apoyar a las familias y los adolescentes en el contexto de la migraci\u00f3n?"},"content":{"rendered":"<div id=\"fws_69f42bc54301e\"  data-column-margin=\"default\" data-midnight=\"dark\"  class=\"wpb_row vc_row-fluid vc_row\"  style=\"padding-top: 0px; padding-bottom: 0px; \"><div class=\"row-bg-wrap\" data-bg-animation=\"none\" data-bg-animation-delay=\"\" data-bg-overlay=\"false\"><div class=\"inner-wrap row-bg-layer\" ><div class=\"row-bg viewport-desktop\"  style=\"\"><\/div><\/div><\/div><div class=\"row_col_wrap_12 col span_12 dark left\">\n\t<div  class=\"vc_col-sm-12 wpb_column column_container vc_column_container col no-extra-padding inherit_tablet inherit_phone\"  data-padding-pos=\"all\" data-has-bg-color=\"false\" data-bg-color=\"\" data-bg-opacity=\"1\" data-animation=\"\" data-delay=\"0\" >\n\t\t<div class=\"vc_column-inner\" >\n\t\t\t<div class=\"wpb_wrapper\">\n\t\t\t\t\n<div class=\"wpb_text_column wpb_content_element  chapo\" >\n\t<h2>La unidad de investigaci\u00f3n MINEA le invita a una conferencia sobre los efectos de la migraci\u00f3n en las familias y los adolescentes. Organizada por S\u00e9bastien Chapellon, se celebrar\u00e1 el 19 de diciembre de 2024 a las 18:30 en la Universidad de Guyana.<\/h2>\n<\/div>\n\n\n\n\n<div class=\"wpb_text_column wpb_content_element\" >\n\t<p><strong>La migraci\u00f3n como rito de paso<\/strong><br \/>\nEn algunas trayectorias migratorias, la salida del pa\u00eds de origen marca un paso decisivo, comparable a un rito de iniciaci\u00f3n. Para los adolescentes, este cambio puede simbolizar el final de la infancia y la entrada en un nuevo mundo. Este seminario analizar\u00e1 c\u00f3mo la migraci\u00f3n, al trastocar los puntos de referencia culturales y familiares, puede alterar las relaciones dentro del grupo familiar.<\/p>\n<p><strong>De las rupturas silenciosas a los conflictos visibles<\/strong><br \/>\nLas diferencias culturales entre el pa\u00eds de origen de los padres y el pa\u00eds de acogida pueden causar fisuras invisibles en la relaci\u00f3n padres-hijos. Estas tensiones suelen hacerse m\u00e1s perceptibles en la pubertad, cuando los ni\u00f1os se adaptan a un mundo que sus padres no siempre comprenden. Se examinar\u00e1n situaciones cl\u00ednicas, en particular las de j\u00f3venes enviados a la fuerza al pa\u00eds de origen de sus padres, con la esperanza de que all\u00ed crezcan \"mejor\". Estos casos ilustrar\u00e1n los malentendidos mutuos y los sentimientos de extra\u00f1eza que pueden surgir en el seno de las familias.<\/p>\n<p><strong>Imaginarios familiares ante la migraci\u00f3n<\/strong><br \/>\nMediante ejemplos extra\u00eddos de vi\u00f1etas cl\u00ednicas, el ponente mostrar\u00e1 c\u00f3mo la migraci\u00f3n afecta al imaginario familiar. Los padres, a menudo todav\u00eda apegados a su pasado en el pa\u00eds de origen, luchan por proyectarse en su nueva realidad. Mientras tanto, los hijos se integran en una sociedad diferente, lo que a veces crea una brecha emocional y cultural entre generaciones. Esta brecha puede provocar conflictos, alimentados por sentimientos de aislamiento e incomprensi\u00f3n mutua.<\/p>\n<p><strong>El papel de los profesionales: retos y posiciones<\/strong><br \/>\nEsta conferencia tambi\u00e9n examinar\u00e1 el papel de los profesionales en el apoyo a estas familias. \u00bfC\u00f3mo pueden intervenir ante din\u00e1micas familiares debilitadas por la migraci\u00f3n? \u00bfQu\u00e9 obst\u00e1culos encuentran, sobre todo cuando ellos mismos son percibidos como extranjeros? La conferencia examinar\u00e1 c\u00f3mo responder a las necesidades de estas familias superando al mismo tiempo cualquier resistencia.<\/p>\n<p><strong>Sobre el ponente<\/strong><br \/>\n<strong>S\u00e9bastien Chapellon<\/strong> es profesor de psicolog\u00eda en la Universidad de Guyana, donde trabaja en la unidad de investigaci\u00f3n MINEA. Especialista en temas relacionados con la adolescencia y la migraci\u00f3n, es autor de numerosos art\u00edculos y cap\u00edtulos de libros, entre ellos :<br \/>\n- Parents \u00e9trangers\/\u00e9tranges parents, en Pluralit\u00e9 des adolescences (2024) ;<br \/>\n- Cruzar una frontera en la adolescencia, en Adolescencia (2020) ;<br \/>\n- Una alegor\u00eda de las identidades cambiantes provocadas por la migraci\u00f3n: Amok (2016).<\/p>\n<p><strong>Informaci\u00f3n pr\u00e1ctica:<\/strong><br \/>\n- Fecha: Jueves 19 de diciembre de 2024<br \/>\n- Hora: 18.30 h<br \/>\n- Lugar: Amphi A, Universidad de Guyana<\/p>\n<\/div>\n\n\n\n\n\t\t\t<\/div> \n\t\t<\/div>\n\t<\/div> \n<\/div><\/div>","protected":false},"excerpt":{"rendered":"La unidad de investigaci\u00f3n MINEA le invita a una conferencia sobre los efectos de la migraci\u00f3n...","protected":false},"author":1,"featured_media":11389,"comment_status":"closed","ping_status":"open","sticky":false,"template":"","format":"standard","meta":{"iawp_total_views":55,"footnotes":""},"categories":[187],"tags":[],"class_list":{"0":"post-11388","1":"post","2":"type-post","3":"status-publish","4":"format-standard","5":"has-post-thumbnail","7":"category-minea"},"yoast_head":"<!-- This site is optimized with the Yoast SEO plugin v27.5 - https:\/\/yoast.com\/product\/yoast-seo-wordpress\/ -->\n<title>Quelles pratiques pour accompagner les familles et les adolescents en contexte migratoire ? &#8212; Universit\u00e9 de Guyane<\/title>\n<meta name=\"description\" content=\"Impact de la migration sur les relations familiales: de la rupture silencieuse aux conflits visibles. \u00c9tude de cas cliniques et des changements culturels provoqu\u00e9s.\" \/>\n<meta name=\"robots\" content=\"index, follow, max-snippet:-1, max-image-preview:large, max-video-preview:-1\" \/>\n<link rel=\"canonical\" href=\"https:\/\/www.univ-guyane.fr\/es\/2024\/11\/29\/quelles-pratiques-pour-accompagner-les-familles-et-les-adolescents-en-contexte-migratoire\/\" \/>\n<meta property=\"og:locale\" content=\"es_ES\" \/>\n<meta property=\"og:type\" content=\"article\" \/>\n<meta property=\"og:title\" content=\"Quelles pratiques pour accompagner les familles et les adolescents en contexte migratoire ? &#8212; Universit\u00e9 de Guyane\" \/>\n<meta property=\"og:description\" content=\"Impact de la migration sur les relations familiales: de la rupture silencieuse aux conflits visibles. \u00c9tude de cas cliniques et des changements culturels provoqu\u00e9s.\" \/>\n<meta property=\"og:url\" content=\"https:\/\/www.univ-guyane.fr\/es\/2024\/11\/29\/quelles-pratiques-pour-accompagner-les-familles-et-les-adolescents-en-contexte-migratoire\/\" \/>\n<meta property=\"og:site_name\" content=\"Universit\u00e9 de Guyane\" \/>\n<meta property=\"article:publisher\" content=\"https:\/\/www.facebook.com\/univguyane\" \/>\n<meta property=\"article:published_time\" content=\"2024-11-29T15:29:59+00:00\" \/>\n<meta property=\"article:modified_time\" content=\"2024-11-29T16:39:41+00:00\" \/>\n<meta property=\"og:image\" content=\"https:\/\/www.univ-guyane.fr\/wp-content\/uploads\/famille.jpg\" \/>\n\t<meta property=\"og:image:width\" content=\"1920\" \/>\n\t<meta property=\"og:image:height\" content=\"1080\" \/>\n\t<meta property=\"og:image:type\" content=\"image\/jpeg\" \/>\n<meta name=\"author\" content=\"Erick Loiti\u00e8re\" \/>\n<meta name=\"twitter:card\" content=\"summary_large_image\" \/>\n<meta name=\"twitter:creator\" content=\"@univguyane\" \/>\n<meta name=\"twitter:site\" content=\"@univguyane\" \/>\n<meta name=\"twitter:label1\" content=\"Escrito por\" \/>\n\t<meta name=\"twitter:data1\" content=\"Erick Loiti\u00e8re\" \/>\n\t<meta name=\"twitter:label2\" content=\"Tiempo de lectura\" \/>\n\t<meta name=\"twitter:data2\" content=\"3 minutos\" \/>\n<script type=\"application\/ld+json\" class=\"yoast-schema-graph\">{\"@context\":\"https:\\\/\\\/schema.org\",\"@graph\":[{\"@type\":\"Article\",\"@id\":\"https:\\\/\\\/www.univ-guyane.fr\\\/2024\\\/11\\\/29\\\/quelles-pratiques-pour-accompagner-les-familles-et-les-adolescents-en-contexte-migratoire\\\/#article\",\"isPartOf\":{\"@id\":\"https:\\\/\\\/www.univ-guyane.fr\\\/2024\\\/11\\\/29\\\/quelles-pratiques-pour-accompagner-les-familles-et-les-adolescents-en-contexte-migratoire\\\/\"},\"author\":{\"name\":\"Erick Loiti\u00e8re\",\"@id\":\"https:\\\/\\\/www.univ-guyane.fr\\\/#\\\/schema\\\/person\\\/86d946a28a8be51bb096ccfdf19db179\"},\"headline\":\"Quelles pratiques pour accompagner les familles et les adolescents en contexte migratoire ?\",\"datePublished\":\"2024-11-29T15:29:59+00:00\",\"dateModified\":\"2024-11-29T16:39:41+00:00\",\"mainEntityOfPage\":{\"@id\":\"https:\\\/\\\/www.univ-guyane.fr\\\/2024\\\/11\\\/29\\\/quelles-pratiques-pour-accompagner-les-familles-et-les-adolescents-en-contexte-migratoire\\\/\"},\"wordCount\":660,\"publisher\":{\"@id\":\"https:\\\/\\\/www.univ-guyane.fr\\\/#organization\"},\"image\":{\"@id\":\"https:\\\/\\\/www.univ-guyane.fr\\\/2024\\\/11\\\/29\\\/quelles-pratiques-pour-accompagner-les-familles-et-les-adolescents-en-contexte-migratoire\\\/#primaryimage\"},\"thumbnailUrl\":\"https:\\\/\\\/www.univ-guyane.fr\\\/wp-content\\\/uploads\\\/famille.jpg\",\"articleSection\":[\"\u2022\u00a0MINEA\"],\"inLanguage\":\"es\"},{\"@type\":\"WebPage\",\"@id\":\"https:\\\/\\\/www.univ-guyane.fr\\\/2024\\\/11\\\/29\\\/quelles-pratiques-pour-accompagner-les-familles-et-les-adolescents-en-contexte-migratoire\\\/\",\"url\":\"https:\\\/\\\/www.univ-guyane.fr\\\/2024\\\/11\\\/29\\\/quelles-pratiques-pour-accompagner-les-familles-et-les-adolescents-en-contexte-migratoire\\\/\",\"name\":\"Quelles pratiques pour accompagner les familles et les adolescents en contexte migratoire ? &#8212; Universit\u00e9 de Guyane\",\"isPartOf\":{\"@id\":\"https:\\\/\\\/www.univ-guyane.fr\\\/#website\"},\"primaryImageOfPage\":{\"@id\":\"https:\\\/\\\/www.univ-guyane.fr\\\/2024\\\/11\\\/29\\\/quelles-pratiques-pour-accompagner-les-familles-et-les-adolescents-en-contexte-migratoire\\\/#primaryimage\"},\"image\":{\"@id\":\"https:\\\/\\\/www.univ-guyane.fr\\\/2024\\\/11\\\/29\\\/quelles-pratiques-pour-accompagner-les-familles-et-les-adolescents-en-contexte-migratoire\\\/#primaryimage\"},\"thumbnailUrl\":\"https:\\\/\\\/www.univ-guyane.fr\\\/wp-content\\\/uploads\\\/famille.jpg\",\"datePublished\":\"2024-11-29T15:29:59+00:00\",\"dateModified\":\"2024-11-29T16:39:41+00:00\",\"description\":\"Impact de la migration sur les relations familiales: de la rupture silencieuse aux conflits visibles. \u00c9tude de cas cliniques et des changements culturels provoqu\u00e9s.\",\"breadcrumb\":{\"@id\":\"https:\\\/\\\/www.univ-guyane.fr\\\/2024\\\/11\\\/29\\\/quelles-pratiques-pour-accompagner-les-familles-et-les-adolescents-en-contexte-migratoire\\\/#breadcrumb\"},\"inLanguage\":\"es\",\"potentialAction\":[{\"@type\":\"ReadAction\",\"target\":[\"https:\\\/\\\/www.univ-guyane.fr\\\/2024\\\/11\\\/29\\\/quelles-pratiques-pour-accompagner-les-familles-et-les-adolescents-en-contexte-migratoire\\\/\"]}]},{\"@type\":\"ImageObject\",\"inLanguage\":\"es\",\"@id\":\"https:\\\/\\\/www.univ-guyane.fr\\\/2024\\\/11\\\/29\\\/quelles-pratiques-pour-accompagner-les-familles-et-les-adolescents-en-contexte-migratoire\\\/#primaryimage\",\"url\":\"https:\\\/\\\/www.univ-guyane.fr\\\/wp-content\\\/uploads\\\/famille.jpg\",\"contentUrl\":\"https:\\\/\\\/www.univ-guyane.fr\\\/wp-content\\\/uploads\\\/famille.jpg\",\"width\":1920,\"height\":1080},{\"@type\":\"BreadcrumbList\",\"@id\":\"https:\\\/\\\/www.univ-guyane.fr\\\/2024\\\/11\\\/29\\\/quelles-pratiques-pour-accompagner-les-familles-et-les-adolescents-en-contexte-migratoire\\\/#breadcrumb\",\"itemListElement\":[{\"@type\":\"ListItem\",\"position\":1,\"name\":\"Accueil\",\"item\":\"https:\\\/\\\/www.univ-guyane.fr\\\/\"},{\"@type\":\"ListItem\",\"position\":2,\"name\":\"Quelles pratiques pour accompagner les familles et les adolescents en contexte migratoire ?\"}]},{\"@type\":\"WebSite\",\"@id\":\"https:\\\/\\\/www.univ-guyane.fr\\\/#website\",\"url\":\"https:\\\/\\\/www.univ-guyane.fr\\\/\",\"name\":\"Universit\u00e9 de Guyane\",\"description\":\"Au c\u0153ur de l&#039;amazonie\",\"publisher\":{\"@id\":\"https:\\\/\\\/www.univ-guyane.fr\\\/#organization\"},\"alternateName\":\"UG\",\"potentialAction\":[{\"@type\":\"SearchAction\",\"target\":{\"@type\":\"EntryPoint\",\"urlTemplate\":\"https:\\\/\\\/www.univ-guyane.fr\\\/?s={search_term_string}\"},\"query-input\":{\"@type\":\"PropertyValueSpecification\",\"valueRequired\":true,\"valueName\":\"search_term_string\"}}],\"inLanguage\":\"es\"},{\"@type\":\"Organization\",\"@id\":\"https:\\\/\\\/www.univ-guyane.fr\\\/#organization\",\"name\":\"Universit\u00e9 de Guyane\",\"alternateName\":\"UG\",\"url\":\"https:\\\/\\\/www.univ-guyane.fr\\\/\",\"logo\":{\"@type\":\"ImageObject\",\"inLanguage\":\"es\",\"@id\":\"https:\\\/\\\/www.univ-guyane.fr\\\/#\\\/schema\\\/logo\\\/image\\\/\",\"url\":\"https:\\\/\\\/www.univ-guyane.fr\\\/wp-content\\\/uploads\\\/2024\\\/05\\\/f.png\",\"contentUrl\":\"https:\\\/\\\/www.univ-guyane.fr\\\/wp-content\\\/uploads\\\/2024\\\/05\\\/f.png\",\"width\":1024,\"height\":1024,\"caption\":\"Universit\u00e9 de Guyane\"},\"image\":{\"@id\":\"https:\\\/\\\/www.univ-guyane.fr\\\/#\\\/schema\\\/logo\\\/image\\\/\"},\"sameAs\":[\"https:\\\/\\\/www.facebook.com\\\/univguyane\",\"https:\\\/\\\/x.com\\\/univguyane\",\"https:\\\/\\\/gf.linkedin.com\\\/school\\\/universite-de-guyane\\\/\",\"https:\\\/\\\/www.instagram.com\\\/univ_guyane\\\/\"]},{\"@type\":\"Person\",\"@id\":\"https:\\\/\\\/www.univ-guyane.fr\\\/#\\\/schema\\\/person\\\/86d946a28a8be51bb096ccfdf19db179\",\"name\":\"Erick Loiti\u00e8re\",\"image\":{\"@type\":\"ImageObject\",\"inLanguage\":\"es\",\"@id\":\"https:\\\/\\\/secure.gravatar.com\\\/avatar\\\/0584f332103fbeaf37e52c73b15dca3c547fd9300deb05764e9ad8714839d072?s=96&d=robohash&r=g\",\"url\":\"https:\\\/\\\/secure.gravatar.com\\\/avatar\\\/0584f332103fbeaf37e52c73b15dca3c547fd9300deb05764e9ad8714839d072?s=96&d=robohash&r=g\",\"contentUrl\":\"https:\\\/\\\/secure.gravatar.com\\\/avatar\\\/0584f332103fbeaf37e52c73b15dca3c547fd9300deb05764e9ad8714839d072?s=96&d=robohash&r=g\",\"caption\":\"Erick Loiti\u00e8re\"},\"sameAs\":[\"http:\\\/\\\/www.univ-guyane.fr\"],\"url\":\"https:\\\/\\\/www.univ-guyane.fr\\\/es\\\/author\\\/eloitierdbz\\\/\"}]}<\/script>\n<!-- \/ Yoast SEO plugin. -->","yoast_head_json":{"title":"Quelles pratiques pour accompagner les familles et les adolescents en contexte migratoire ? &#8212; Universit\u00e9 de Guyane","description":"Impact de la migration sur les relations familiales: de la rupture silencieuse aux conflits visibles. \u00c9tude de cas cliniques et des changements culturels provoqu\u00e9s.","robots":{"index":"index","follow":"follow","max-snippet":"max-snippet:-1","max-image-preview":"max-image-preview:large","max-video-preview":"max-video-preview:-1"},"canonical":"https:\/\/www.univ-guyane.fr\/es\/2024\/11\/29\/quelles-pratiques-pour-accompagner-les-familles-et-les-adolescents-en-contexte-migratoire\/","og_locale":"es_ES","og_type":"article","og_title":"Quelles pratiques pour accompagner les familles et les adolescents en contexte migratoire ? &#8212; Universit\u00e9 de Guyane","og_description":"Impact de la migration sur les relations familiales: de la rupture silencieuse aux conflits visibles. \u00c9tude de cas cliniques et des changements culturels provoqu\u00e9s.","og_url":"https:\/\/www.univ-guyane.fr\/es\/2024\/11\/29\/quelles-pratiques-pour-accompagner-les-familles-et-les-adolescents-en-contexte-migratoire\/","og_site_name":"Universit\u00e9 de Guyane","article_publisher":"https:\/\/www.facebook.com\/univguyane","article_published_time":"2024-11-29T15:29:59+00:00","article_modified_time":"2024-11-29T16:39:41+00:00","og_image":[{"width":1920,"height":1080,"url":"https:\/\/www.univ-guyane.fr\/wp-content\/uploads\/famille.jpg","type":"image\/jpeg"}],"author":"Erick Loiti\u00e8re","twitter_card":"summary_large_image","twitter_creator":"@univguyane","twitter_site":"@univguyane","twitter_misc":{"Escrito por":"Erick Loiti\u00e8re","Tiempo de lectura":"3 minutos"},"schema":{"@context":"https:\/\/schema.org","@graph":[{"@type":"Article","@id":"https:\/\/www.univ-guyane.fr\/2024\/11\/29\/quelles-pratiques-pour-accompagner-les-familles-et-les-adolescents-en-contexte-migratoire\/#article","isPartOf":{"@id":"https:\/\/www.univ-guyane.fr\/2024\/11\/29\/quelles-pratiques-pour-accompagner-les-familles-et-les-adolescents-en-contexte-migratoire\/"},"author":{"name":"Erick Loiti\u00e8re","@id":"https:\/\/www.univ-guyane.fr\/#\/schema\/person\/86d946a28a8be51bb096ccfdf19db179"},"headline":"Quelles pratiques pour accompagner les familles et les adolescents en contexte migratoire ?","datePublished":"2024-11-29T15:29:59+00:00","dateModified":"2024-11-29T16:39:41+00:00","mainEntityOfPage":{"@id":"https:\/\/www.univ-guyane.fr\/2024\/11\/29\/quelles-pratiques-pour-accompagner-les-familles-et-les-adolescents-en-contexte-migratoire\/"},"wordCount":660,"publisher":{"@id":"https:\/\/www.univ-guyane.fr\/#organization"},"image":{"@id":"https:\/\/www.univ-guyane.fr\/2024\/11\/29\/quelles-pratiques-pour-accompagner-les-familles-et-les-adolescents-en-contexte-migratoire\/#primaryimage"},"thumbnailUrl":"https:\/\/www.univ-guyane.fr\/wp-content\/uploads\/famille.jpg","articleSection":["\u2022\u00a0MINEA"],"inLanguage":"es"},{"@type":"WebPage","@id":"https:\/\/www.univ-guyane.fr\/2024\/11\/29\/quelles-pratiques-pour-accompagner-les-familles-et-les-adolescents-en-contexte-migratoire\/","url":"https:\/\/www.univ-guyane.fr\/2024\/11\/29\/quelles-pratiques-pour-accompagner-les-familles-et-les-adolescents-en-contexte-migratoire\/","name":"Quelles pratiques pour accompagner les familles et les adolescents en contexte migratoire ? &#8212; Universit\u00e9 de Guyane","isPartOf":{"@id":"https:\/\/www.univ-guyane.fr\/#website"},"primaryImageOfPage":{"@id":"https:\/\/www.univ-guyane.fr\/2024\/11\/29\/quelles-pratiques-pour-accompagner-les-familles-et-les-adolescents-en-contexte-migratoire\/#primaryimage"},"image":{"@id":"https:\/\/www.univ-guyane.fr\/2024\/11\/29\/quelles-pratiques-pour-accompagner-les-familles-et-les-adolescents-en-contexte-migratoire\/#primaryimage"},"thumbnailUrl":"https:\/\/www.univ-guyane.fr\/wp-content\/uploads\/famille.jpg","datePublished":"2024-11-29T15:29:59+00:00","dateModified":"2024-11-29T16:39:41+00:00","description":"Impact de la migration sur les relations familiales: de la rupture silencieuse aux conflits visibles. \u00c9tude de cas cliniques et des changements culturels provoqu\u00e9s.","breadcrumb":{"@id":"https:\/\/www.univ-guyane.fr\/2024\/11\/29\/quelles-pratiques-pour-accompagner-les-familles-et-les-adolescents-en-contexte-migratoire\/#breadcrumb"},"inLanguage":"es","potentialAction":[{"@type":"ReadAction","target":["https:\/\/www.univ-guyane.fr\/2024\/11\/29\/quelles-pratiques-pour-accompagner-les-familles-et-les-adolescents-en-contexte-migratoire\/"]}]},{"@type":"ImageObject","inLanguage":"es","@id":"https:\/\/www.univ-guyane.fr\/2024\/11\/29\/quelles-pratiques-pour-accompagner-les-familles-et-les-adolescents-en-contexte-migratoire\/#primaryimage","url":"https:\/\/www.univ-guyane.fr\/wp-content\/uploads\/famille.jpg","contentUrl":"https:\/\/www.univ-guyane.fr\/wp-content\/uploads\/famille.jpg","width":1920,"height":1080},{"@type":"BreadcrumbList","@id":"https:\/\/www.univ-guyane.fr\/2024\/11\/29\/quelles-pratiques-pour-accompagner-les-familles-et-les-adolescents-en-contexte-migratoire\/#breadcrumb","itemListElement":[{"@type":"ListItem","position":1,"name":"Accueil","item":"https:\/\/www.univ-guyane.fr\/"},{"@type":"ListItem","position":2,"name":"Quelles pratiques pour accompagner les familles et les adolescents en contexte migratoire ?"}]},{"@type":"WebSite","@id":"https:\/\/www.univ-guyane.fr\/#website","url":"https:\/\/www.univ-guyane.fr\/","name":"Universidad de Guyana","description":"En el coraz\u00f3n de la Amazonia","publisher":{"@id":"https:\/\/www.univ-guyane.fr\/#organization"},"alternateName":"UG","potentialAction":[{"@type":"SearchAction","target":{"@type":"EntryPoint","urlTemplate":"https:\/\/www.univ-guyane.fr\/?s={search_term_string}"},"query-input":{"@type":"PropertyValueSpecification","valueRequired":true,"valueName":"search_term_string"}}],"inLanguage":"es"},{"@type":"Organization","@id":"https:\/\/www.univ-guyane.fr\/#organization","name":"Universidad de Guyana","alternateName":"UG","url":"https:\/\/www.univ-guyane.fr\/","logo":{"@type":"ImageObject","inLanguage":"es","@id":"https:\/\/www.univ-guyane.fr\/#\/schema\/logo\/image\/","url":"https:\/\/www.univ-guyane.fr\/wp-content\/uploads\/2024\/05\/f.png","contentUrl":"https:\/\/www.univ-guyane.fr\/wp-content\/uploads\/2024\/05\/f.png","width":1024,"height":1024,"caption":"Universit\u00e9 de Guyane"},"image":{"@id":"https:\/\/www.univ-guyane.fr\/#\/schema\/logo\/image\/"},"sameAs":["https:\/\/www.facebook.com\/univguyane","https:\/\/x.com\/univguyane","https:\/\/gf.linkedin.com\/school\/universite-de-guyane\/","https:\/\/www.instagram.com\/univ_guyane\/"]},{"@type":"Person","@id":"https:\/\/www.univ-guyane.fr\/#\/schema\/person\/86d946a28a8be51bb096ccfdf19db179","name":"Erick Loiti\u00e8re","image":{"@type":"ImageObject","inLanguage":"es","@id":"https:\/\/secure.gravatar.com\/avatar\/0584f332103fbeaf37e52c73b15dca3c547fd9300deb05764e9ad8714839d072?s=96&d=robohash&r=g","url":"https:\/\/secure.gravatar.com\/avatar\/0584f332103fbeaf37e52c73b15dca3c547fd9300deb05764e9ad8714839d072?s=96&d=robohash&r=g","contentUrl":"https:\/\/secure.gravatar.com\/avatar\/0584f332103fbeaf37e52c73b15dca3c547fd9300deb05764e9ad8714839d072?s=96&d=robohash&r=g","caption":"Erick Loiti\u00e8re"},"sameAs":["http:\/\/www.univ-guyane.fr"],"url":"https:\/\/www.univ-guyane.fr\/es\/author\/eloitierdbz\/"}]}},"_links":{"self":[{"href":"https:\/\/www.univ-guyane.fr\/es\/wp-json\/wp\/v2\/posts\/11388","targetHints":{"allow":["GET"]}}],"collection":[{"href":"https:\/\/www.univ-guyane.fr\/es\/wp-json\/wp\/v2\/posts"}],"about":[{"href":"https:\/\/www.univ-guyane.fr\/es\/wp-json\/wp\/v2\/types\/post"}],"author":[{"embeddable":true,"href":"https:\/\/www.univ-guyane.fr\/es\/wp-json\/wp\/v2\/users\/1"}],"replies":[{"embeddable":true,"href":"https:\/\/www.univ-guyane.fr\/es\/wp-json\/wp\/v2\/comments?post=11388"}],"version-history":[{"count":1,"href":"https:\/\/www.univ-guyane.fr\/es\/wp-json\/wp\/v2\/posts\/11388\/revisions"}],"predecessor-version":[{"id":11390,"href":"https:\/\/www.univ-guyane.fr\/es\/wp-json\/wp\/v2\/posts\/11388\/revisions\/11390"}],"wp:featuredmedia":[{"embeddable":true,"href":"https:\/\/www.univ-guyane.fr\/es\/wp-json\/wp\/v2\/media\/11389"}],"wp:attachment":[{"href":"https:\/\/www.univ-guyane.fr\/es\/wp-json\/wp\/v2\/media?parent=11388"}],"wp:term":[{"taxonomy":"category","embeddable":true,"href":"https:\/\/www.univ-guyane.fr\/es\/wp-json\/wp\/v2\/categories?post=11388"},{"taxonomy":"post_tag","embeddable":true,"href":"https:\/\/www.univ-guyane.fr\/es\/wp-json\/wp\/v2\/tags?post=11388"}],"curies":[{"name":"wp","href":"https:\/\/api.w.org\/{rel}","templated":true}]}}