{"id":11988,"date":"2025-01-16T23:30:30","date_gmt":"2025-01-17T02:30:30","guid":{"rendered":"https:\/\/www.univ-guyane.fr\/?p=11988"},"modified":"2025-01-21T14:33:01","modified_gmt":"2025-01-21T17:33:01","slug":"decouvre-luniversite-de-guyane-lors-de-sa-journee-portes-ouvertes","status":"publish","type":"post","link":"https:\/\/www.univ-guyane.fr\/es\/2025\/01\/16\/decouvre-luniversite-de-guyane-lors-de-sa-journee-portes-ouvertes\/","title":{"rendered":"Descubra la Universidad de Guyana en su Jornada de Puertas Abiertas"},"content":{"rendered":"<div id=\"fws_69f4a84496699\"  data-column-margin=\"default\" data-midnight=\"dark\"  class=\"wpb_row vc_row-fluid vc_row\"  style=\"padding-top: 0px; padding-bottom: 0px; \"><div class=\"row-bg-wrap\" data-bg-animation=\"none\" data-bg-animation-delay=\"\" data-bg-overlay=\"false\"><div class=\"inner-wrap row-bg-layer\" ><div class=\"row-bg viewport-desktop\"  style=\"\"><\/div><\/div><\/div><div class=\"row_col_wrap_12 col span_12 dark left\">\n\t<div  class=\"vc_col-sm-12 wpb_column column_container vc_column_container col no-extra-padding inherit_tablet inherit_phone\"  data-padding-pos=\"all\" data-has-bg-color=\"false\" data-bg-color=\"\" data-bg-opacity=\"1\" data-animation=\"\" data-delay=\"0\" >\n\t\t<div class=\"vc_column-inner\" >\n\t\t\t<div class=\"wpb_wrapper\">\n\t\t\t\t\n<div class=\"wpb_text_column wpb_content_element  chapo\" >\n\t<h2>\u00bfEs usted estudiante de bachillerato o universitario, o simplemente tiene curiosidad por saber m\u00e1s sobre la Universidad de la Guayana Francesa? El 7 de febrero de 2025, la Universidad de la Guayana Francesa le abrir\u00e1 sus puertas en sus dos campus de Cayena (Campus Troubiran) y Kourou (Campus Bois-Chaudat).<\/h2>\n<\/div>\n\n\n\n\n<div class=\"wpb_text_column wpb_content_element\" >\n\t<p>Este d\u00eda excepcional es la oportunidad perfecta para adentrarse en el coraz\u00f3n de la vida universitaria, explorar nuestros cursos y conocer a las personas que hacen vibrar a nuestra comunidad.<\/p>\n<h4>Campus Troubiran - Cayena: \u00a1un d\u00eda lleno de descubrimientos!<\/h4>\n<p><em>Ma\u00f1ana (10.00 - 12.30)<\/em><br \/>\n<strong>Bienvenida personalizada : <\/strong>Stand en el Edificio C con folletos, pulseras y art\u00edculos de bienvenida.<br \/>\n<strong>Talleres tem\u00e1ticos:<\/strong> Orientaci\u00f3n, salud mental y testimonios de estudiantes en salas espec\u00edficas.<br \/>\n<strong>Puestos de informaci\u00f3n:<\/strong> M\u00e1s informaci\u00f3n sobre nuestros cursos, servicios universitarios y oportunidades de inmersi\u00f3n.<\/p>\n<p><em>Todo el d\u00eda (de 10.30 a 18.00)<\/em><br \/>\n<strong>Visitas interactivas al campus :<\/strong> Salidas cada 40 minutos para explorar nuestros lugares emblem\u00e1ticos.<br \/>\n<strong>Actos estudiantiles:<\/strong> Concursos, juegos (ahorcado, memoria) y actividades de la asociaci\u00f3n de estudiantes.<\/p>\n<p><em>Tarde (14.00 - 18.00)<\/em><br \/>\n<strong>Actividades culturales y deportivas :<\/strong> Torneos de juegos de mesa (UNO, domin\u00f3), percusi\u00f3n, baile y actividades deportivas para todos.<\/p>\n<h4>Campus Bois-Chaudat - Kourou: \u00a1talleres inmersivos!<\/h4>\n<p><em>Ma\u00f1ana (8.30 - 11.30)<\/em><br \/>\n<strong>Explorar los sectores t\u00e9cnicos y de servicios<\/strong><\/p>\n<ul>\n<li>Ingenier\u00eda El\u00e9ctrica e Inform\u00e1tica Industrial (GEII) : Rob\u00f3tica, energ\u00eda y electr\u00f3nica.<\/li>\n<li>Ingenier\u00eda Civil y Construcci\u00f3n Sostenible (GCCD): Materiales de construcci\u00f3n, maquetas digitales y energ\u00eda de los edificios.<\/li>\n<li>R\u00e9seaux et T\u00e9l\u00e9coms (RT): Telecomunicaciones, redes e inform\u00e1tica.<\/li>\n<li>T\u00e9cnicas de marketing (TC): Marketing digital, biorrecursos e inteligencia artificial.<\/li>\n<li>Communication des Organisations (CS): Inmersi\u00f3n profesional y presentaci\u00f3n del curso.<\/li>\n<\/ul>\n<p><em>Tarde (12.30 - 15.30)<\/em><br \/>\n<strong>Demostraciones pr\u00e1cticas y talleres interactivos:<\/strong> Es la forma ideal de saber m\u00e1s sobre las carreras para las que te preparan nuestros cursos.<\/p>\n<h3>Actividades y descubrimientos durante todo el d\u00eda<\/h3>\n<p>A lo largo del d\u00eda, aproveche las numerosas actividades que se ofrecen para explorar el campus y descubrir la vida estudiantil:<br \/>\n- Visitas interactivas al campus: salidas cada 40 minutos para una inmersi\u00f3n l\u00fadica en nuestros espacios emblem\u00e1ticos.<br \/>\n- Puestos de informaci\u00f3n (edificio E): hable con nuestros equipos sobre la vida universitaria e inf\u00f3rmese sobre las oportunidades de inmersi\u00f3n durante las vacaciones escolares.<br \/>\nEntre las 10.30 y las 13.00 horas tambi\u00e9n se organizar\u00e1n actividades interactivas en zonas espec\u00edficas, como concursos animados, juegos del ahorcado, juegos de memoria y mucho m\u00e1s. Las asociaciones de estudiantes animar\u00e1n la jornada en la explanada.<\/p>\n<h3>Una tarde de cultura y deporte<\/h3>\n<p>Tras una agradable pausa para almorzar en la cafeter\u00eda o en el restaurante de la universidad, \u00fanase a nosotros a partir de las 14:00 para participar en actividades culturales e interactivas.<br \/>\nTorneos de UNO, domin\u00f3, tambores, bailes y otras actividades deportivas marcar\u00e1n el ritmo de la tarde. Tambi\u00e9n podr\u00e1 informarse sobre nuestros cursos en un punto de informaci\u00f3n previsto entre las 16.00 y las 18.00 horas.<\/p>\n<h3>Un d\u00eda que no debe perderse<\/h3>\n<p>Si desea hacer preguntas, planificar su futuro o simplemente disfrutar de un d\u00eda de descubrimiento, esta Jornada de Puertas Abiertas es para usted. Venga a conocer a nuestros estudiantes, profesores y personal y comparta un momento de convivencia e intercambio.<\/p>\n<h3><strong>\u00a1Nos vemos el viernes 7 de febrero de 2025 en los campus de la UG!\u00a0<\/strong><\/h3>\n<p>Una jornada pensada para ti, llena de descubrimientos, encuentros e intercambios. \u00a1Ven e imagina tu futuro en la Universidad de Guyana!<\/p>\n<p>\u00a1Esperamos ver a muchos de ustedes all\u00ed para hacer de este un evento memorable!<\/p>\n<\/div>\n\n\n\n\n\t\t\t<\/div> \n\t\t<\/div>\n\t<\/div> \n<\/div><\/div>","protected":false},"excerpt":{"rendered":"\u00bfEs usted estudiante de bachillerato o universitario, o simplemente tiene curiosidad por saber m\u00e1s sobre la Universidad de la Guayana Francesa? El 7...","protected":false},"author":1,"featured_media":11996,"comment_status":"closed","ping_status":"open","sticky":false,"template":"","format":"standard","meta":{"iawp_total_views":198,"footnotes":""},"categories":[156,1],"tags":[],"class_list":{"0":"post-11988","1":"post","2":"type-post","3":"status-publish","4":"format-standard","5":"has-post-thumbnail","7":"category-campus","8":"category-non-classe"},"yoast_head":"<!-- This site is optimized with the Yoast SEO plugin v27.5 - https:\/\/yoast.com\/product\/yoast-seo-wordpress\/ -->\n<title>D\u00e9couvre l\u2019Universit\u00e9 de Guyane lors de sa Journ\u00e9e Portes Ouvertes &#8212; Universit\u00e9 de Guyane<\/title>\n<meta name=\"description\" content=\"Vous \u00eates lyc\u00e9en, \u00e9tudiant, ou simplement curieux de d\u00e9couvrir l\u2019Universit\u00e9 de Guyane ? Ne manquez pas notre Journ\u00e9e Portes Ouvertes\" \/>\n<meta name=\"robots\" content=\"index, follow, max-snippet:-1, max-image-preview:large, max-video-preview:-1\" \/>\n<link rel=\"canonical\" href=\"https:\/\/www.univ-guyane.fr\/es\/2025\/01\/16\/decouvre-luniversite-de-guyane-lors-de-sa-journee-portes-ouvertes\/\" \/>\n<meta property=\"og:locale\" content=\"es_ES\" \/>\n<meta property=\"og:type\" content=\"article\" \/>\n<meta property=\"og:title\" content=\"D\u00e9couvre l\u2019Universit\u00e9 de Guyane lors de sa Journ\u00e9e Portes Ouvertes &#8212; Universit\u00e9 de Guyane\" \/>\n<meta property=\"og:description\" content=\"Vous \u00eates lyc\u00e9en, \u00e9tudiant, ou simplement curieux de d\u00e9couvrir l\u2019Universit\u00e9 de Guyane ? Ne manquez pas notre Journ\u00e9e Portes Ouvertes\" \/>\n<meta property=\"og:url\" content=\"https:\/\/www.univ-guyane.fr\/es\/2025\/01\/16\/decouvre-luniversite-de-guyane-lors-de-sa-journee-portes-ouvertes\/\" \/>\n<meta property=\"og:site_name\" content=\"Universit\u00e9 de Guyane\" \/>\n<meta property=\"article:publisher\" content=\"https:\/\/www.facebook.com\/univguyane\" \/>\n<meta property=\"article:published_time\" content=\"2025-01-17T02:30:30+00:00\" \/>\n<meta property=\"article:modified_time\" content=\"2025-01-21T17:33:01+00:00\" \/>\n<meta property=\"og:image\" content=\"https:\/\/www.univ-guyane.fr\/wp-content\/uploads\/jpo-1.jpg\" \/>\n\t<meta property=\"og:image:width\" content=\"1920\" \/>\n\t<meta property=\"og:image:height\" content=\"1080\" \/>\n\t<meta property=\"og:image:type\" content=\"image\/jpeg\" \/>\n<meta name=\"author\" content=\"Erick Loiti\u00e8re\" \/>\n<meta name=\"twitter:card\" content=\"summary_large_image\" \/>\n<meta name=\"twitter:creator\" content=\"@univguyane\" \/>\n<meta name=\"twitter:site\" content=\"@univguyane\" \/>\n<meta name=\"twitter:label1\" content=\"Escrito por\" \/>\n\t<meta name=\"twitter:data1\" content=\"Erick Loiti\u00e8re\" \/>\n\t<meta name=\"twitter:label2\" content=\"Tiempo de lectura\" \/>\n\t<meta name=\"twitter:data2\" content=\"3 minutos\" \/>\n<script type=\"application\/ld+json\" class=\"yoast-schema-graph\">{\"@context\":\"https:\\\/\\\/schema.org\",\"@graph\":[{\"@type\":\"Article\",\"@id\":\"https:\\\/\\\/www.univ-guyane.fr\\\/2025\\\/01\\\/16\\\/decouvre-luniversite-de-guyane-lors-de-sa-journee-portes-ouvertes\\\/#article\",\"isPartOf\":{\"@id\":\"https:\\\/\\\/www.univ-guyane.fr\\\/2025\\\/01\\\/16\\\/decouvre-luniversite-de-guyane-lors-de-sa-journee-portes-ouvertes\\\/\"},\"author\":{\"name\":\"Erick Loiti\u00e8re\",\"@id\":\"https:\\\/\\\/www.univ-guyane.fr\\\/#\\\/schema\\\/person\\\/86d946a28a8be51bb096ccfdf19db179\"},\"headline\":\"D\u00e9couvre l\u2019Universit\u00e9 de Guyane lors de sa Journ\u00e9e Portes Ouvertes\",\"datePublished\":\"2025-01-17T02:30:30+00:00\",\"dateModified\":\"2025-01-21T17:33:01+00:00\",\"mainEntityOfPage\":{\"@id\":\"https:\\\/\\\/www.univ-guyane.fr\\\/2025\\\/01\\\/16\\\/decouvre-luniversite-de-guyane-lors-de-sa-journee-portes-ouvertes\\\/\"},\"wordCount\":777,\"publisher\":{\"@id\":\"https:\\\/\\\/www.univ-guyane.fr\\\/#organization\"},\"image\":{\"@id\":\"https:\\\/\\\/www.univ-guyane.fr\\\/2025\\\/01\\\/16\\\/decouvre-luniversite-de-guyane-lors-de-sa-journee-portes-ouvertes\\\/#primaryimage\"},\"thumbnailUrl\":\"https:\\\/\\\/www.univ-guyane.fr\\\/wp-content\\\/uploads\\\/jpo-1.jpg\",\"articleSection\":[\"\u2022\u00a0Campus\",\"Non class\u00e9\"],\"inLanguage\":\"es\"},{\"@type\":\"WebPage\",\"@id\":\"https:\\\/\\\/www.univ-guyane.fr\\\/2025\\\/01\\\/16\\\/decouvre-luniversite-de-guyane-lors-de-sa-journee-portes-ouvertes\\\/\",\"url\":\"https:\\\/\\\/www.univ-guyane.fr\\\/2025\\\/01\\\/16\\\/decouvre-luniversite-de-guyane-lors-de-sa-journee-portes-ouvertes\\\/\",\"name\":\"D\u00e9couvre l\u2019Universit\u00e9 de Guyane lors de sa Journ\u00e9e Portes Ouvertes &#8212; Universit\u00e9 de Guyane\",\"isPartOf\":{\"@id\":\"https:\\\/\\\/www.univ-guyane.fr\\\/#website\"},\"primaryImageOfPage\":{\"@id\":\"https:\\\/\\\/www.univ-guyane.fr\\\/2025\\\/01\\\/16\\\/decouvre-luniversite-de-guyane-lors-de-sa-journee-portes-ouvertes\\\/#primaryimage\"},\"image\":{\"@id\":\"https:\\\/\\\/www.univ-guyane.fr\\\/2025\\\/01\\\/16\\\/decouvre-luniversite-de-guyane-lors-de-sa-journee-portes-ouvertes\\\/#primaryimage\"},\"thumbnailUrl\":\"https:\\\/\\\/www.univ-guyane.fr\\\/wp-content\\\/uploads\\\/jpo-1.jpg\",\"datePublished\":\"2025-01-17T02:30:30+00:00\",\"dateModified\":\"2025-01-21T17:33:01+00:00\",\"description\":\"Vous \u00eates lyc\u00e9en, \u00e9tudiant, ou simplement curieux de d\u00e9couvrir l\u2019Universit\u00e9 de Guyane ? Ne manquez pas notre Journ\u00e9e Portes Ouvertes\",\"breadcrumb\":{\"@id\":\"https:\\\/\\\/www.univ-guyane.fr\\\/2025\\\/01\\\/16\\\/decouvre-luniversite-de-guyane-lors-de-sa-journee-portes-ouvertes\\\/#breadcrumb\"},\"inLanguage\":\"es\",\"potentialAction\":[{\"@type\":\"ReadAction\",\"target\":[\"https:\\\/\\\/www.univ-guyane.fr\\\/2025\\\/01\\\/16\\\/decouvre-luniversite-de-guyane-lors-de-sa-journee-portes-ouvertes\\\/\"]}]},{\"@type\":\"ImageObject\",\"inLanguage\":\"es\",\"@id\":\"https:\\\/\\\/www.univ-guyane.fr\\\/2025\\\/01\\\/16\\\/decouvre-luniversite-de-guyane-lors-de-sa-journee-portes-ouvertes\\\/#primaryimage\",\"url\":\"https:\\\/\\\/www.univ-guyane.fr\\\/wp-content\\\/uploads\\\/jpo-1.jpg\",\"contentUrl\":\"https:\\\/\\\/www.univ-guyane.fr\\\/wp-content\\\/uploads\\\/jpo-1.jpg\",\"width\":1920,\"height\":1080,\"caption\":\"Lyc\u00e9ens pr\u00e9sents devant un stand d'information lors de la JPO \u00e0 l'Universit\u00e9 de guyane\"},{\"@type\":\"BreadcrumbList\",\"@id\":\"https:\\\/\\\/www.univ-guyane.fr\\\/2025\\\/01\\\/16\\\/decouvre-luniversite-de-guyane-lors-de-sa-journee-portes-ouvertes\\\/#breadcrumb\",\"itemListElement\":[{\"@type\":\"ListItem\",\"position\":1,\"name\":\"Accueil\",\"item\":\"https:\\\/\\\/www.univ-guyane.fr\\\/\"},{\"@type\":\"ListItem\",\"position\":2,\"name\":\"D\u00e9couvre l\u2019Universit\u00e9 de Guyane lors de sa Journ\u00e9e Portes Ouvertes\"}]},{\"@type\":\"WebSite\",\"@id\":\"https:\\\/\\\/www.univ-guyane.fr\\\/#website\",\"url\":\"https:\\\/\\\/www.univ-guyane.fr\\\/\",\"name\":\"Universit\u00e9 de Guyane\",\"description\":\"Au c\u0153ur de l&#039;amazonie\",\"publisher\":{\"@id\":\"https:\\\/\\\/www.univ-guyane.fr\\\/#organization\"},\"alternateName\":\"UG\",\"potentialAction\":[{\"@type\":\"SearchAction\",\"target\":{\"@type\":\"EntryPoint\",\"urlTemplate\":\"https:\\\/\\\/www.univ-guyane.fr\\\/?s={search_term_string}\"},\"query-input\":{\"@type\":\"PropertyValueSpecification\",\"valueRequired\":true,\"valueName\":\"search_term_string\"}}],\"inLanguage\":\"es\"},{\"@type\":\"Organization\",\"@id\":\"https:\\\/\\\/www.univ-guyane.fr\\\/#organization\",\"name\":\"Universit\u00e9 de Guyane\",\"alternateName\":\"UG\",\"url\":\"https:\\\/\\\/www.univ-guyane.fr\\\/\",\"logo\":{\"@type\":\"ImageObject\",\"inLanguage\":\"es\",\"@id\":\"https:\\\/\\\/www.univ-guyane.fr\\\/#\\\/schema\\\/logo\\\/image\\\/\",\"url\":\"https:\\\/\\\/www.univ-guyane.fr\\\/wp-content\\\/uploads\\\/2024\\\/05\\\/f.png\",\"contentUrl\":\"https:\\\/\\\/www.univ-guyane.fr\\\/wp-content\\\/uploads\\\/2024\\\/05\\\/f.png\",\"width\":1024,\"height\":1024,\"caption\":\"Universit\u00e9 de Guyane\"},\"image\":{\"@id\":\"https:\\\/\\\/www.univ-guyane.fr\\\/#\\\/schema\\\/logo\\\/image\\\/\"},\"sameAs\":[\"https:\\\/\\\/www.facebook.com\\\/univguyane\",\"https:\\\/\\\/x.com\\\/univguyane\",\"https:\\\/\\\/gf.linkedin.com\\\/school\\\/universite-de-guyane\\\/\",\"https:\\\/\\\/www.instagram.com\\\/univ_guyane\\\/\"]},{\"@type\":\"Person\",\"@id\":\"https:\\\/\\\/www.univ-guyane.fr\\\/#\\\/schema\\\/person\\\/86d946a28a8be51bb096ccfdf19db179\",\"name\":\"Erick Loiti\u00e8re\",\"image\":{\"@type\":\"ImageObject\",\"inLanguage\":\"es\",\"@id\":\"https:\\\/\\\/secure.gravatar.com\\\/avatar\\\/0584f332103fbeaf37e52c73b15dca3c547fd9300deb05764e9ad8714839d072?s=96&d=robohash&r=g\",\"url\":\"https:\\\/\\\/secure.gravatar.com\\\/avatar\\\/0584f332103fbeaf37e52c73b15dca3c547fd9300deb05764e9ad8714839d072?s=96&d=robohash&r=g\",\"contentUrl\":\"https:\\\/\\\/secure.gravatar.com\\\/avatar\\\/0584f332103fbeaf37e52c73b15dca3c547fd9300deb05764e9ad8714839d072?s=96&d=robohash&r=g\",\"caption\":\"Erick Loiti\u00e8re\"},\"sameAs\":[\"http:\\\/\\\/www.univ-guyane.fr\"],\"url\":\"https:\\\/\\\/www.univ-guyane.fr\\\/es\\\/author\\\/eloitierdbz\\\/\"}]}<\/script>\n<!-- \/ Yoast SEO plugin. -->","yoast_head_json":{"title":"D\u00e9couvre l\u2019Universit\u00e9 de Guyane lors de sa Journ\u00e9e Portes Ouvertes &#8212; Universit\u00e9 de Guyane","description":"Vous \u00eates lyc\u00e9en, \u00e9tudiant, ou simplement curieux de d\u00e9couvrir l\u2019Universit\u00e9 de Guyane ? Ne manquez pas notre Journ\u00e9e Portes Ouvertes","robots":{"index":"index","follow":"follow","max-snippet":"max-snippet:-1","max-image-preview":"max-image-preview:large","max-video-preview":"max-video-preview:-1"},"canonical":"https:\/\/www.univ-guyane.fr\/es\/2025\/01\/16\/decouvre-luniversite-de-guyane-lors-de-sa-journee-portes-ouvertes\/","og_locale":"es_ES","og_type":"article","og_title":"D\u00e9couvre l\u2019Universit\u00e9 de Guyane lors de sa Journ\u00e9e Portes Ouvertes &#8212; Universit\u00e9 de Guyane","og_description":"Vous \u00eates lyc\u00e9en, \u00e9tudiant, ou simplement curieux de d\u00e9couvrir l\u2019Universit\u00e9 de Guyane ? Ne manquez pas notre Journ\u00e9e Portes Ouvertes","og_url":"https:\/\/www.univ-guyane.fr\/es\/2025\/01\/16\/decouvre-luniversite-de-guyane-lors-de-sa-journee-portes-ouvertes\/","og_site_name":"Universit\u00e9 de Guyane","article_publisher":"https:\/\/www.facebook.com\/univguyane","article_published_time":"2025-01-17T02:30:30+00:00","article_modified_time":"2025-01-21T17:33:01+00:00","og_image":[{"width":1920,"height":1080,"url":"https:\/\/www.univ-guyane.fr\/wp-content\/uploads\/jpo-1.jpg","type":"image\/jpeg"}],"author":"Erick Loiti\u00e8re","twitter_card":"summary_large_image","twitter_creator":"@univguyane","twitter_site":"@univguyane","twitter_misc":{"Escrito por":"Erick Loiti\u00e8re","Tiempo de lectura":"3 minutos"},"schema":{"@context":"https:\/\/schema.org","@graph":[{"@type":"Article","@id":"https:\/\/www.univ-guyane.fr\/2025\/01\/16\/decouvre-luniversite-de-guyane-lors-de-sa-journee-portes-ouvertes\/#article","isPartOf":{"@id":"https:\/\/www.univ-guyane.fr\/2025\/01\/16\/decouvre-luniversite-de-guyane-lors-de-sa-journee-portes-ouvertes\/"},"author":{"name":"Erick Loiti\u00e8re","@id":"https:\/\/www.univ-guyane.fr\/#\/schema\/person\/86d946a28a8be51bb096ccfdf19db179"},"headline":"D\u00e9couvre l\u2019Universit\u00e9 de Guyane lors de sa Journ\u00e9e Portes Ouvertes","datePublished":"2025-01-17T02:30:30+00:00","dateModified":"2025-01-21T17:33:01+00:00","mainEntityOfPage":{"@id":"https:\/\/www.univ-guyane.fr\/2025\/01\/16\/decouvre-luniversite-de-guyane-lors-de-sa-journee-portes-ouvertes\/"},"wordCount":777,"publisher":{"@id":"https:\/\/www.univ-guyane.fr\/#organization"},"image":{"@id":"https:\/\/www.univ-guyane.fr\/2025\/01\/16\/decouvre-luniversite-de-guyane-lors-de-sa-journee-portes-ouvertes\/#primaryimage"},"thumbnailUrl":"https:\/\/www.univ-guyane.fr\/wp-content\/uploads\/jpo-1.jpg","articleSection":["\u2022\u00a0Campus","Non class\u00e9"],"inLanguage":"es"},{"@type":"WebPage","@id":"https:\/\/www.univ-guyane.fr\/2025\/01\/16\/decouvre-luniversite-de-guyane-lors-de-sa-journee-portes-ouvertes\/","url":"https:\/\/www.univ-guyane.fr\/2025\/01\/16\/decouvre-luniversite-de-guyane-lors-de-sa-journee-portes-ouvertes\/","name":"D\u00e9couvre l\u2019Universit\u00e9 de Guyane lors de sa Journ\u00e9e Portes Ouvertes &#8212; Universit\u00e9 de Guyane","isPartOf":{"@id":"https:\/\/www.univ-guyane.fr\/#website"},"primaryImageOfPage":{"@id":"https:\/\/www.univ-guyane.fr\/2025\/01\/16\/decouvre-luniversite-de-guyane-lors-de-sa-journee-portes-ouvertes\/#primaryimage"},"image":{"@id":"https:\/\/www.univ-guyane.fr\/2025\/01\/16\/decouvre-luniversite-de-guyane-lors-de-sa-journee-portes-ouvertes\/#primaryimage"},"thumbnailUrl":"https:\/\/www.univ-guyane.fr\/wp-content\/uploads\/jpo-1.jpg","datePublished":"2025-01-17T02:30:30+00:00","dateModified":"2025-01-21T17:33:01+00:00","description":"Vous \u00eates lyc\u00e9en, \u00e9tudiant, ou simplement curieux de d\u00e9couvrir l\u2019Universit\u00e9 de Guyane ? Ne manquez pas notre Journ\u00e9e Portes Ouvertes","breadcrumb":{"@id":"https:\/\/www.univ-guyane.fr\/2025\/01\/16\/decouvre-luniversite-de-guyane-lors-de-sa-journee-portes-ouvertes\/#breadcrumb"},"inLanguage":"es","potentialAction":[{"@type":"ReadAction","target":["https:\/\/www.univ-guyane.fr\/2025\/01\/16\/decouvre-luniversite-de-guyane-lors-de-sa-journee-portes-ouvertes\/"]}]},{"@type":"ImageObject","inLanguage":"es","@id":"https:\/\/www.univ-guyane.fr\/2025\/01\/16\/decouvre-luniversite-de-guyane-lors-de-sa-journee-portes-ouvertes\/#primaryimage","url":"https:\/\/www.univ-guyane.fr\/wp-content\/uploads\/jpo-1.jpg","contentUrl":"https:\/\/www.univ-guyane.fr\/wp-content\/uploads\/jpo-1.jpg","width":1920,"height":1080,"caption":"Lyc\u00e9ens pr\u00e9sents devant un stand d'information lors de la JPO \u00e0 l'Universit\u00e9 de guyane"},{"@type":"BreadcrumbList","@id":"https:\/\/www.univ-guyane.fr\/2025\/01\/16\/decouvre-luniversite-de-guyane-lors-de-sa-journee-portes-ouvertes\/#breadcrumb","itemListElement":[{"@type":"ListItem","position":1,"name":"Accueil","item":"https:\/\/www.univ-guyane.fr\/"},{"@type":"ListItem","position":2,"name":"D\u00e9couvre l\u2019Universit\u00e9 de Guyane lors de sa Journ\u00e9e Portes Ouvertes"}]},{"@type":"WebSite","@id":"https:\/\/www.univ-guyane.fr\/#website","url":"https:\/\/www.univ-guyane.fr\/","name":"Universidad de Guyana","description":"En el coraz\u00f3n de la Amazonia","publisher":{"@id":"https:\/\/www.univ-guyane.fr\/#organization"},"alternateName":"UG","potentialAction":[{"@type":"SearchAction","target":{"@type":"EntryPoint","urlTemplate":"https:\/\/www.univ-guyane.fr\/?s={search_term_string}"},"query-input":{"@type":"PropertyValueSpecification","valueRequired":true,"valueName":"search_term_string"}}],"inLanguage":"es"},{"@type":"Organization","@id":"https:\/\/www.univ-guyane.fr\/#organization","name":"Universidad de Guyana","alternateName":"UG","url":"https:\/\/www.univ-guyane.fr\/","logo":{"@type":"ImageObject","inLanguage":"es","@id":"https:\/\/www.univ-guyane.fr\/#\/schema\/logo\/image\/","url":"https:\/\/www.univ-guyane.fr\/wp-content\/uploads\/2024\/05\/f.png","contentUrl":"https:\/\/www.univ-guyane.fr\/wp-content\/uploads\/2024\/05\/f.png","width":1024,"height":1024,"caption":"Universit\u00e9 de Guyane"},"image":{"@id":"https:\/\/www.univ-guyane.fr\/#\/schema\/logo\/image\/"},"sameAs":["https:\/\/www.facebook.com\/univguyane","https:\/\/x.com\/univguyane","https:\/\/gf.linkedin.com\/school\/universite-de-guyane\/","https:\/\/www.instagram.com\/univ_guyane\/"]},{"@type":"Person","@id":"https:\/\/www.univ-guyane.fr\/#\/schema\/person\/86d946a28a8be51bb096ccfdf19db179","name":"Erick Loiti\u00e8re","image":{"@type":"ImageObject","inLanguage":"es","@id":"https:\/\/secure.gravatar.com\/avatar\/0584f332103fbeaf37e52c73b15dca3c547fd9300deb05764e9ad8714839d072?s=96&d=robohash&r=g","url":"https:\/\/secure.gravatar.com\/avatar\/0584f332103fbeaf37e52c73b15dca3c547fd9300deb05764e9ad8714839d072?s=96&d=robohash&r=g","contentUrl":"https:\/\/secure.gravatar.com\/avatar\/0584f332103fbeaf37e52c73b15dca3c547fd9300deb05764e9ad8714839d072?s=96&d=robohash&r=g","caption":"Erick Loiti\u00e8re"},"sameAs":["http:\/\/www.univ-guyane.fr"],"url":"https:\/\/www.univ-guyane.fr\/es\/author\/eloitierdbz\/"}]}},"_links":{"self":[{"href":"https:\/\/www.univ-guyane.fr\/es\/wp-json\/wp\/v2\/posts\/11988","targetHints":{"allow":["GET"]}}],"collection":[{"href":"https:\/\/www.univ-guyane.fr\/es\/wp-json\/wp\/v2\/posts"}],"about":[{"href":"https:\/\/www.univ-guyane.fr\/es\/wp-json\/wp\/v2\/types\/post"}],"author":[{"embeddable":true,"href":"https:\/\/www.univ-guyane.fr\/es\/wp-json\/wp\/v2\/users\/1"}],"replies":[{"embeddable":true,"href":"https:\/\/www.univ-guyane.fr\/es\/wp-json\/wp\/v2\/comments?post=11988"}],"version-history":[{"count":5,"href":"https:\/\/www.univ-guyane.fr\/es\/wp-json\/wp\/v2\/posts\/11988\/revisions"}],"predecessor-version":[{"id":12069,"href":"https:\/\/www.univ-guyane.fr\/es\/wp-json\/wp\/v2\/posts\/11988\/revisions\/12069"}],"wp:featuredmedia":[{"embeddable":true,"href":"https:\/\/www.univ-guyane.fr\/es\/wp-json\/wp\/v2\/media\/11996"}],"wp:attachment":[{"href":"https:\/\/www.univ-guyane.fr\/es\/wp-json\/wp\/v2\/media?parent=11988"}],"wp:term":[{"taxonomy":"category","embeddable":true,"href":"https:\/\/www.univ-guyane.fr\/es\/wp-json\/wp\/v2\/categories?post=11988"},{"taxonomy":"post_tag","embeddable":true,"href":"https:\/\/www.univ-guyane.fr\/es\/wp-json\/wp\/v2\/tags?post=11988"}],"curies":[{"name":"wp","href":"https:\/\/api.w.org\/{rel}","templated":true}]}}