{"id":12066,"date":"2025-01-21T12:41:10","date_gmt":"2025-01-21T15:41:10","guid":{"rendered":"https:\/\/www.univ-guyane.fr\/?p=12066"},"modified":"2025-01-21T12:41:10","modified_gmt":"2025-01-21T15:41:10","slug":"retour-sur-la-vie-etudiante-en-2024-une-annee-dengagement-et-dinitiatives","status":"publish","type":"post","link":"https:\/\/www.univ-guyane.fr\/es\/2025\/01\/21\/retour-sur-la-vie-etudiante-en-2024-une-annee-dengagement-et-dinitiatives\/","title":{"rendered":"Una mirada retrospectiva a la vida estudiantil en 2024: un a\u00f1o de compromisos e iniciativas"},"content":{"rendered":"<div id=\"fws_69f16c67b06c7\"  data-column-margin=\"default\" data-midnight=\"dark\"  class=\"wpb_row vc_row-fluid vc_row\"  style=\"padding-top: 0px; padding-bottom: 0px; \"><div class=\"row-bg-wrap\" data-bg-animation=\"none\" data-bg-animation-delay=\"\" data-bg-overlay=\"false\"><div class=\"inner-wrap row-bg-layer\" ><div class=\"row-bg viewport-desktop\"  style=\"\"><\/div><\/div><\/div><div class=\"row_col_wrap_12 col span_12 dark left\">\n\t<div  class=\"vc_col-sm-12 wpb_column column_container vc_column_container col no-extra-padding inherit_tablet inherit_phone\"  data-padding-pos=\"all\" data-has-bg-color=\"false\" data-bg-color=\"\" data-bg-opacity=\"1\" data-animation=\"\" data-delay=\"0\" >\n\t\t<div class=\"vc_column-inner\" >\n\t\t\t<div class=\"wpb_wrapper\">\n\t\t\t\t\n<div class=\"wpb_text_column wpb_content_element  chapo\" >\n\t<h2>El a\u00f1o 2024 fue un periodo hist\u00f3rico para la Universidad de Guyana, con una movilizaci\u00f3n sin precedentes en torno a los estudiantes, ya fuera en t\u00e9rminos de orientaci\u00f3n, inclusi\u00f3n o compromiso c\u00edvico. He aqu\u00ed un repaso a algunas de las iniciativas clave que han impulsado la vida universitaria.<\/h2>\n<\/div>\n\n\n\n\n<div class=\"wpb_text_column wpb_content_element\" >\n\t<h3>Semanas de orientaci\u00f3n post-Bac: una puerta de entrada a la ense\u00f1anza superior<\/h3>\n<p>En el marco de las Semanas de Orientaci\u00f3n Post-Bac, la Universidad acogi\u00f3 en su campus a m\u00e1s de 250 estudiantes de secundaria. Estos j\u00f3venes tuvieron la oportunidad \u00fanica de :<br \/>\n- Participar en cursos y talleres de orientaci\u00f3n,<br \/>\n- Inf\u00f3rmese sobre los cursos que ofrece la Universidad,<br \/>\n- Hablar con profesores y alumnos para comprender mejor su futuro acad\u00e9mico.<br \/>\nAl mismo tiempo, equipos de la Universidad recorrieron toda la regi\u00f3n, visitaron m\u00e1s de una docena de centros de ense\u00f1anza secundaria y se reunieron con m\u00e1s de 1.000 estudiantes. Estos intercambios permitieron responder directamente a las preguntas de los estudiantes y presentar las numerosas oportunidades que ofrece la Universidad de la Guayana Francesa, haciendo especial hincapi\u00e9 en la importancia de la educaci\u00f3n para el desarrollo de la regi\u00f3n.<\/p>\n<h3>DUODAY: inclusi\u00f3n y descubrimiento profesional<\/h3>\n<p>Con motivo de la 7\u1d49 edici\u00f3n de DUODAY, organizada en el marco de la Semana Europea para el Empleo de las Personas con Discapacidad (SEEPH), tres estudiantes participaron en una inmersi\u00f3n en estructuras profesionales. Dos de ellos se incorporaron a los servicios de la Prefectura de Guayana Francesa, mientras que un tercero descubri\u00f3 el funcionamiento de una empresa privada.<br \/>\nEsta experiencia permiti\u00f3 a los estudiantes familiarizarse con el mundo laboral al tiempo que se beneficiaban de un entorno inclusivo y solidario. M\u00e1s all\u00e1 de la experiencia profesional, la jornada contribuy\u00f3 a cambiar la mirada sobre la discapacidad, subrayando la importancia de un entorno profesional abierto y accesible a todos.<\/p>\n<h3>El compromiso de los estudiantes: una palanca para el \u00e9xito y la ciudadan\u00eda<\/h3>\n<p>La Universidad de Guyana anima activamente a sus estudiantes a implicarse a trav\u00e9s de programas como el servicio c\u00edvico y el empleo estudiantil. En 2024 :<br \/>\n- <strong>Se han contratado 10 voluntarios del servicio c\u00edvico<\/strong>. Estos j\u00f3venes han llevado a cabo tareas muy diversas, desde la concienciaci\u00f3n sobre temas de salud y educaci\u00f3n hasta la organizaci\u00f3n de actividades culturales y deportivas.<br \/>\n- <strong>62 estudiantes empleados<\/strong> han contribuido al funcionamiento cotidiano de la Universidad, ya sea dando la bienvenida a los estudiantes, prestando asistencia docente u organizando actos.<br \/>\nEstos programas complementarios permiten a los estudiantes desarrollar competencias profesionales al tiempo que participan activamente en la vida universitaria. Tambi\u00e9n refuerzan su sentido de pertenencia a la comunidad universitaria y les proporcionan las herramientas necesarias para incorporarse al mundo profesional.<\/p>\n<p>Estas acciones demuestran el compromiso de la Universidad de Guyana con sus estudiantes y su \u00e9xito. Al invertir en proyectos de orientaci\u00f3n, inclusi\u00f3n y compromiso c\u00edvico, la Universidad act\u00faa como catalizador del desarrollo de la Guayana Francesa, al tiempo que promueve el talento local.<\/p>\n<\/div>\n\n\n\n\n\t\t\t<\/div> \n\t\t<\/div>\n\t<\/div> \n<\/div><\/div>","protected":false},"excerpt":{"rendered":"El a\u00f1o 2024 fue un periodo hist\u00f3rico para la Universidad de Guyana, con una movilizaci\u00f3n sin precedentes de...","protected":false},"author":1,"featured_media":8327,"comment_status":"closed","ping_status":"open","sticky":false,"template":"","format":"standard","meta":{"iawp_total_views":64,"footnotes":""},"categories":[156,229],"tags":[],"class_list":{"0":"post-12066","1":"post","2":"type-post","3":"status-publish","4":"format-standard","5":"has-post-thumbnail","7":"category-campus","8":"category-universite-actualites"},"yoast_head":"<!-- This site is optimized with the Yoast SEO plugin v27.5 - https:\/\/yoast.com\/product\/yoast-seo-wordpress\/ -->\n<title>Retour sur la vie \u00e9tudiante en 2024 : une ann\u00e9e d\u2019engagement et d\u2019initiatives &#8212; Universit\u00e9 de Guyane<\/title>\n<meta name=\"description\" content=\"L\u2019ann\u00e9e 2024 a \u00e9t\u00e9 une p\u00e9riode marquante pour l\u2019Universit\u00e9 de Guyane, avec une mobilisation sans pr\u00e9c\u00e9dent autour des \u00e9tudiants, qu\u2019il s\u2019agisse d\u2019orientation, d\u2019inclusion ou d\u2019engagement citoyen. Retour sur les initiatives phares qui ont dynamis\u00e9 la vie universitaire.\" \/>\n<meta name=\"robots\" content=\"index, follow, max-snippet:-1, max-image-preview:large, max-video-preview:-1\" \/>\n<link rel=\"canonical\" href=\"https:\/\/www.univ-guyane.fr\/es\/2025\/01\/21\/retour-sur-la-vie-etudiante-en-2024-une-annee-dengagement-et-dinitiatives\/\" \/>\n<meta property=\"og:locale\" content=\"es_ES\" \/>\n<meta property=\"og:type\" content=\"article\" \/>\n<meta property=\"og:title\" content=\"Retour sur la vie \u00e9tudiante en 2024 : une ann\u00e9e d\u2019engagement et d\u2019initiatives &#8212; Universit\u00e9 de Guyane\" \/>\n<meta property=\"og:description\" content=\"L\u2019ann\u00e9e 2024 a \u00e9t\u00e9 une p\u00e9riode marquante pour l\u2019Universit\u00e9 de Guyane, avec une mobilisation sans pr\u00e9c\u00e9dent autour des \u00e9tudiants, qu\u2019il s\u2019agisse d\u2019orientation, d\u2019inclusion ou d\u2019engagement citoyen. Retour sur les initiatives phares qui ont dynamis\u00e9 la vie universitaire.\" \/>\n<meta property=\"og:url\" content=\"https:\/\/www.univ-guyane.fr\/es\/2025\/01\/21\/retour-sur-la-vie-etudiante-en-2024-une-annee-dengagement-et-dinitiatives\/\" \/>\n<meta property=\"og:site_name\" content=\"Universit\u00e9 de Guyane\" \/>\n<meta property=\"article:publisher\" content=\"https:\/\/www.facebook.com\/univguyane\" \/>\n<meta property=\"article:published_time\" content=\"2025-01-21T15:41:10+00:00\" \/>\n<meta property=\"og:image\" content=\"https:\/\/www.univ-guyane.fr\/wp-content\/uploads\/Les-cordees-de-la-reussite.jpeg\" \/>\n\t<meta property=\"og:image:width\" content=\"1800\" \/>\n\t<meta property=\"og:image:height\" content=\"1013\" \/>\n\t<meta property=\"og:image:type\" content=\"image\/jpeg\" \/>\n<meta name=\"author\" content=\"Erick Loiti\u00e8re\" \/>\n<meta name=\"twitter:card\" content=\"summary_large_image\" \/>\n<meta name=\"twitter:creator\" content=\"@univguyane\" \/>\n<meta name=\"twitter:site\" content=\"@univguyane\" \/>\n<meta name=\"twitter:label1\" content=\"Escrito por\" \/>\n\t<meta name=\"twitter:data1\" content=\"Erick Loiti\u00e8re\" \/>\n\t<meta name=\"twitter:label2\" content=\"Tiempo de lectura\" \/>\n\t<meta name=\"twitter:data2\" content=\"3 minutos\" \/>\n<script type=\"application\/ld+json\" class=\"yoast-schema-graph\">{\"@context\":\"https:\\\/\\\/schema.org\",\"@graph\":[{\"@type\":\"Article\",\"@id\":\"https:\\\/\\\/www.univ-guyane.fr\\\/2025\\\/01\\\/21\\\/retour-sur-la-vie-etudiante-en-2024-une-annee-dengagement-et-dinitiatives\\\/#article\",\"isPartOf\":{\"@id\":\"https:\\\/\\\/www.univ-guyane.fr\\\/2025\\\/01\\\/21\\\/retour-sur-la-vie-etudiante-en-2024-une-annee-dengagement-et-dinitiatives\\\/\"},\"author\":{\"name\":\"Erick Loiti\u00e8re\",\"@id\":\"https:\\\/\\\/www.univ-guyane.fr\\\/#\\\/schema\\\/person\\\/86d946a28a8be51bb096ccfdf19db179\"},\"headline\":\"Retour sur la vie \u00e9tudiante en 2024 : une ann\u00e9e d\u2019engagement et d\u2019initiatives\",\"datePublished\":\"2025-01-21T15:41:10+00:00\",\"mainEntityOfPage\":{\"@id\":\"https:\\\/\\\/www.univ-guyane.fr\\\/2025\\\/01\\\/21\\\/retour-sur-la-vie-etudiante-en-2024-une-annee-dengagement-et-dinitiatives\\\/\"},\"wordCount\":702,\"publisher\":{\"@id\":\"https:\\\/\\\/www.univ-guyane.fr\\\/#organization\"},\"image\":{\"@id\":\"https:\\\/\\\/www.univ-guyane.fr\\\/2025\\\/01\\\/21\\\/retour-sur-la-vie-etudiante-en-2024-une-annee-dengagement-et-dinitiatives\\\/#primaryimage\"},\"thumbnailUrl\":\"https:\\\/\\\/www.univ-guyane.fr\\\/wp-content\\\/uploads\\\/Les-cordees-de-la-reussite.jpeg\",\"articleSection\":[\"\u2022\u00a0Campus\",\"\u2022 Universit\u00e9\"],\"inLanguage\":\"es\"},{\"@type\":\"WebPage\",\"@id\":\"https:\\\/\\\/www.univ-guyane.fr\\\/2025\\\/01\\\/21\\\/retour-sur-la-vie-etudiante-en-2024-une-annee-dengagement-et-dinitiatives\\\/\",\"url\":\"https:\\\/\\\/www.univ-guyane.fr\\\/2025\\\/01\\\/21\\\/retour-sur-la-vie-etudiante-en-2024-une-annee-dengagement-et-dinitiatives\\\/\",\"name\":\"Retour sur la vie \u00e9tudiante en 2024 : une ann\u00e9e d\u2019engagement et d\u2019initiatives &#8212; Universit\u00e9 de Guyane\",\"isPartOf\":{\"@id\":\"https:\\\/\\\/www.univ-guyane.fr\\\/#website\"},\"primaryImageOfPage\":{\"@id\":\"https:\\\/\\\/www.univ-guyane.fr\\\/2025\\\/01\\\/21\\\/retour-sur-la-vie-etudiante-en-2024-une-annee-dengagement-et-dinitiatives\\\/#primaryimage\"},\"image\":{\"@id\":\"https:\\\/\\\/www.univ-guyane.fr\\\/2025\\\/01\\\/21\\\/retour-sur-la-vie-etudiante-en-2024-une-annee-dengagement-et-dinitiatives\\\/#primaryimage\"},\"thumbnailUrl\":\"https:\\\/\\\/www.univ-guyane.fr\\\/wp-content\\\/uploads\\\/Les-cordees-de-la-reussite.jpeg\",\"datePublished\":\"2025-01-21T15:41:10+00:00\",\"description\":\"L\u2019ann\u00e9e 2024 a \u00e9t\u00e9 une p\u00e9riode marquante pour l\u2019Universit\u00e9 de Guyane, avec une mobilisation sans pr\u00e9c\u00e9dent autour des \u00e9tudiants, qu\u2019il s\u2019agisse d\u2019orientation, d\u2019inclusion ou d\u2019engagement citoyen. Retour sur les initiatives phares qui ont dynamis\u00e9 la vie universitaire.\",\"breadcrumb\":{\"@id\":\"https:\\\/\\\/www.univ-guyane.fr\\\/2025\\\/01\\\/21\\\/retour-sur-la-vie-etudiante-en-2024-une-annee-dengagement-et-dinitiatives\\\/#breadcrumb\"},\"inLanguage\":\"es\",\"potentialAction\":[{\"@type\":\"ReadAction\",\"target\":[\"https:\\\/\\\/www.univ-guyane.fr\\\/2025\\\/01\\\/21\\\/retour-sur-la-vie-etudiante-en-2024-une-annee-dengagement-et-dinitiatives\\\/\"]}]},{\"@type\":\"ImageObject\",\"inLanguage\":\"es\",\"@id\":\"https:\\\/\\\/www.univ-guyane.fr\\\/2025\\\/01\\\/21\\\/retour-sur-la-vie-etudiante-en-2024-une-annee-dengagement-et-dinitiatives\\\/#primaryimage\",\"url\":\"https:\\\/\\\/www.univ-guyane.fr\\\/wp-content\\\/uploads\\\/Les-cordees-de-la-reussite.jpeg\",\"contentUrl\":\"https:\\\/\\\/www.univ-guyane.fr\\\/wp-content\\\/uploads\\\/Les-cordees-de-la-reussite.jpeg\",\"width\":1800,\"height\":1013,\"caption\":\"Les Cord\u00e9es de la r\u00e9ussite \u00e0 l\u2019 Universit\u00e9 de Guyane : \u00c9largir les horizons pour tous\"},{\"@type\":\"BreadcrumbList\",\"@id\":\"https:\\\/\\\/www.univ-guyane.fr\\\/2025\\\/01\\\/21\\\/retour-sur-la-vie-etudiante-en-2024-une-annee-dengagement-et-dinitiatives\\\/#breadcrumb\",\"itemListElement\":[{\"@type\":\"ListItem\",\"position\":1,\"name\":\"Accueil\",\"item\":\"https:\\\/\\\/www.univ-guyane.fr\\\/\"},{\"@type\":\"ListItem\",\"position\":2,\"name\":\"Retour sur la vie \u00e9tudiante en 2024 : une ann\u00e9e d\u2019engagement et d\u2019initiatives\"}]},{\"@type\":\"WebSite\",\"@id\":\"https:\\\/\\\/www.univ-guyane.fr\\\/#website\",\"url\":\"https:\\\/\\\/www.univ-guyane.fr\\\/\",\"name\":\"Universit\u00e9 de Guyane\",\"description\":\"Au c\u0153ur de l&#039;amazonie\",\"publisher\":{\"@id\":\"https:\\\/\\\/www.univ-guyane.fr\\\/#organization\"},\"alternateName\":\"UG\",\"potentialAction\":[{\"@type\":\"SearchAction\",\"target\":{\"@type\":\"EntryPoint\",\"urlTemplate\":\"https:\\\/\\\/www.univ-guyane.fr\\\/?s={search_term_string}\"},\"query-input\":{\"@type\":\"PropertyValueSpecification\",\"valueRequired\":true,\"valueName\":\"search_term_string\"}}],\"inLanguage\":\"es\"},{\"@type\":\"Organization\",\"@id\":\"https:\\\/\\\/www.univ-guyane.fr\\\/#organization\",\"name\":\"Universit\u00e9 de Guyane\",\"alternateName\":\"UG\",\"url\":\"https:\\\/\\\/www.univ-guyane.fr\\\/\",\"logo\":{\"@type\":\"ImageObject\",\"inLanguage\":\"es\",\"@id\":\"https:\\\/\\\/www.univ-guyane.fr\\\/#\\\/schema\\\/logo\\\/image\\\/\",\"url\":\"https:\\\/\\\/www.univ-guyane.fr\\\/wp-content\\\/uploads\\\/2024\\\/05\\\/f.png\",\"contentUrl\":\"https:\\\/\\\/www.univ-guyane.fr\\\/wp-content\\\/uploads\\\/2024\\\/05\\\/f.png\",\"width\":1024,\"height\":1024,\"caption\":\"Universit\u00e9 de Guyane\"},\"image\":{\"@id\":\"https:\\\/\\\/www.univ-guyane.fr\\\/#\\\/schema\\\/logo\\\/image\\\/\"},\"sameAs\":[\"https:\\\/\\\/www.facebook.com\\\/univguyane\",\"https:\\\/\\\/x.com\\\/univguyane\",\"https:\\\/\\\/gf.linkedin.com\\\/school\\\/universite-de-guyane\\\/\",\"https:\\\/\\\/www.instagram.com\\\/univ_guyane\\\/\"]},{\"@type\":\"Person\",\"@id\":\"https:\\\/\\\/www.univ-guyane.fr\\\/#\\\/schema\\\/person\\\/86d946a28a8be51bb096ccfdf19db179\",\"name\":\"Erick Loiti\u00e8re\",\"image\":{\"@type\":\"ImageObject\",\"inLanguage\":\"es\",\"@id\":\"https:\\\/\\\/secure.gravatar.com\\\/avatar\\\/0584f332103fbeaf37e52c73b15dca3c547fd9300deb05764e9ad8714839d072?s=96&d=robohash&r=g\",\"url\":\"https:\\\/\\\/secure.gravatar.com\\\/avatar\\\/0584f332103fbeaf37e52c73b15dca3c547fd9300deb05764e9ad8714839d072?s=96&d=robohash&r=g\",\"contentUrl\":\"https:\\\/\\\/secure.gravatar.com\\\/avatar\\\/0584f332103fbeaf37e52c73b15dca3c547fd9300deb05764e9ad8714839d072?s=96&d=robohash&r=g\",\"caption\":\"Erick Loiti\u00e8re\"},\"sameAs\":[\"http:\\\/\\\/www.univ-guyane.fr\"],\"url\":\"https:\\\/\\\/www.univ-guyane.fr\\\/es\\\/author\\\/eloitierdbz\\\/\"}]}<\/script>\n<!-- \/ Yoast SEO plugin. -->","yoast_head_json":{"title":"Retour sur la vie \u00e9tudiante en 2024 : une ann\u00e9e d\u2019engagement et d\u2019initiatives &#8212; Universit\u00e9 de Guyane","description":"El a\u00f1o 2024 fue un periodo hist\u00f3rico para la Universidad de Guyana, con una movilizaci\u00f3n sin precedentes en torno a los estudiantes, ya fuera en t\u00e9rminos de orientaci\u00f3n, inclusi\u00f3n o compromiso c\u00edvico. He aqu\u00ed un repaso a algunas de las iniciativas clave que han impulsado la vida universitaria.","robots":{"index":"index","follow":"follow","max-snippet":"max-snippet:-1","max-image-preview":"max-image-preview:large","max-video-preview":"max-video-preview:-1"},"canonical":"https:\/\/www.univ-guyane.fr\/es\/2025\/01\/21\/retour-sur-la-vie-etudiante-en-2024-une-annee-dengagement-et-dinitiatives\/","og_locale":"es_ES","og_type":"article","og_title":"Retour sur la vie \u00e9tudiante en 2024 : une ann\u00e9e d\u2019engagement et d\u2019initiatives &#8212; Universit\u00e9 de Guyane","og_description":"L\u2019ann\u00e9e 2024 a \u00e9t\u00e9 une p\u00e9riode marquante pour l\u2019Universit\u00e9 de Guyane, avec une mobilisation sans pr\u00e9c\u00e9dent autour des \u00e9tudiants, qu\u2019il s\u2019agisse d\u2019orientation, d\u2019inclusion ou d\u2019engagement citoyen. Retour sur les initiatives phares qui ont dynamis\u00e9 la vie universitaire.","og_url":"https:\/\/www.univ-guyane.fr\/es\/2025\/01\/21\/retour-sur-la-vie-etudiante-en-2024-une-annee-dengagement-et-dinitiatives\/","og_site_name":"Universit\u00e9 de Guyane","article_publisher":"https:\/\/www.facebook.com\/univguyane","article_published_time":"2025-01-21T15:41:10+00:00","og_image":[{"width":1800,"height":1013,"url":"https:\/\/www.univ-guyane.fr\/wp-content\/uploads\/Les-cordees-de-la-reussite.jpeg","type":"image\/jpeg"}],"author":"Erick Loiti\u00e8re","twitter_card":"summary_large_image","twitter_creator":"@univguyane","twitter_site":"@univguyane","twitter_misc":{"Escrito por":"Erick Loiti\u00e8re","Tiempo de lectura":"3 minutos"},"schema":{"@context":"https:\/\/schema.org","@graph":[{"@type":"Article","@id":"https:\/\/www.univ-guyane.fr\/2025\/01\/21\/retour-sur-la-vie-etudiante-en-2024-une-annee-dengagement-et-dinitiatives\/#article","isPartOf":{"@id":"https:\/\/www.univ-guyane.fr\/2025\/01\/21\/retour-sur-la-vie-etudiante-en-2024-une-annee-dengagement-et-dinitiatives\/"},"author":{"name":"Erick Loiti\u00e8re","@id":"https:\/\/www.univ-guyane.fr\/#\/schema\/person\/86d946a28a8be51bb096ccfdf19db179"},"headline":"Retour sur la vie \u00e9tudiante en 2024 : une ann\u00e9e d\u2019engagement et d\u2019initiatives","datePublished":"2025-01-21T15:41:10+00:00","mainEntityOfPage":{"@id":"https:\/\/www.univ-guyane.fr\/2025\/01\/21\/retour-sur-la-vie-etudiante-en-2024-une-annee-dengagement-et-dinitiatives\/"},"wordCount":702,"publisher":{"@id":"https:\/\/www.univ-guyane.fr\/#organization"},"image":{"@id":"https:\/\/www.univ-guyane.fr\/2025\/01\/21\/retour-sur-la-vie-etudiante-en-2024-une-annee-dengagement-et-dinitiatives\/#primaryimage"},"thumbnailUrl":"https:\/\/www.univ-guyane.fr\/wp-content\/uploads\/Les-cordees-de-la-reussite.jpeg","articleSection":["\u2022\u00a0Campus","\u2022 Universit\u00e9"],"inLanguage":"es"},{"@type":"WebPage","@id":"https:\/\/www.univ-guyane.fr\/2025\/01\/21\/retour-sur-la-vie-etudiante-en-2024-une-annee-dengagement-et-dinitiatives\/","url":"https:\/\/www.univ-guyane.fr\/2025\/01\/21\/retour-sur-la-vie-etudiante-en-2024-une-annee-dengagement-et-dinitiatives\/","name":"Retour sur la vie \u00e9tudiante en 2024 : une ann\u00e9e d\u2019engagement et d\u2019initiatives &#8212; Universit\u00e9 de Guyane","isPartOf":{"@id":"https:\/\/www.univ-guyane.fr\/#website"},"primaryImageOfPage":{"@id":"https:\/\/www.univ-guyane.fr\/2025\/01\/21\/retour-sur-la-vie-etudiante-en-2024-une-annee-dengagement-et-dinitiatives\/#primaryimage"},"image":{"@id":"https:\/\/www.univ-guyane.fr\/2025\/01\/21\/retour-sur-la-vie-etudiante-en-2024-une-annee-dengagement-et-dinitiatives\/#primaryimage"},"thumbnailUrl":"https:\/\/www.univ-guyane.fr\/wp-content\/uploads\/Les-cordees-de-la-reussite.jpeg","datePublished":"2025-01-21T15:41:10+00:00","description":"El a\u00f1o 2024 fue un periodo hist\u00f3rico para la Universidad de Guyana, con una movilizaci\u00f3n sin precedentes en torno a los estudiantes, ya fuera en t\u00e9rminos de orientaci\u00f3n, inclusi\u00f3n o compromiso c\u00edvico. He aqu\u00ed un repaso a algunas de las iniciativas clave que han impulsado la vida universitaria.","breadcrumb":{"@id":"https:\/\/www.univ-guyane.fr\/2025\/01\/21\/retour-sur-la-vie-etudiante-en-2024-une-annee-dengagement-et-dinitiatives\/#breadcrumb"},"inLanguage":"es","potentialAction":[{"@type":"ReadAction","target":["https:\/\/www.univ-guyane.fr\/2025\/01\/21\/retour-sur-la-vie-etudiante-en-2024-une-annee-dengagement-et-dinitiatives\/"]}]},{"@type":"ImageObject","inLanguage":"es","@id":"https:\/\/www.univ-guyane.fr\/2025\/01\/21\/retour-sur-la-vie-etudiante-en-2024-une-annee-dengagement-et-dinitiatives\/#primaryimage","url":"https:\/\/www.univ-guyane.fr\/wp-content\/uploads\/Les-cordees-de-la-reussite.jpeg","contentUrl":"https:\/\/www.univ-guyane.fr\/wp-content\/uploads\/Les-cordees-de-la-reussite.jpeg","width":1800,"height":1013,"caption":"Les Cord\u00e9es de la r\u00e9ussite \u00e0 l\u2019 Universit\u00e9 de Guyane : \u00c9largir les horizons pour tous"},{"@type":"BreadcrumbList","@id":"https:\/\/www.univ-guyane.fr\/2025\/01\/21\/retour-sur-la-vie-etudiante-en-2024-une-annee-dengagement-et-dinitiatives\/#breadcrumb","itemListElement":[{"@type":"ListItem","position":1,"name":"Accueil","item":"https:\/\/www.univ-guyane.fr\/"},{"@type":"ListItem","position":2,"name":"Retour sur la vie \u00e9tudiante en 2024 : une ann\u00e9e d\u2019engagement et d\u2019initiatives"}]},{"@type":"WebSite","@id":"https:\/\/www.univ-guyane.fr\/#website","url":"https:\/\/www.univ-guyane.fr\/","name":"Universidad de Guyana","description":"En el coraz\u00f3n de la Amazonia","publisher":{"@id":"https:\/\/www.univ-guyane.fr\/#organization"},"alternateName":"UG","potentialAction":[{"@type":"SearchAction","target":{"@type":"EntryPoint","urlTemplate":"https:\/\/www.univ-guyane.fr\/?s={search_term_string}"},"query-input":{"@type":"PropertyValueSpecification","valueRequired":true,"valueName":"search_term_string"}}],"inLanguage":"es"},{"@type":"Organization","@id":"https:\/\/www.univ-guyane.fr\/#organization","name":"Universidad de Guyana","alternateName":"UG","url":"https:\/\/www.univ-guyane.fr\/","logo":{"@type":"ImageObject","inLanguage":"es","@id":"https:\/\/www.univ-guyane.fr\/#\/schema\/logo\/image\/","url":"https:\/\/www.univ-guyane.fr\/wp-content\/uploads\/2024\/05\/f.png","contentUrl":"https:\/\/www.univ-guyane.fr\/wp-content\/uploads\/2024\/05\/f.png","width":1024,"height":1024,"caption":"Universit\u00e9 de Guyane"},"image":{"@id":"https:\/\/www.univ-guyane.fr\/#\/schema\/logo\/image\/"},"sameAs":["https:\/\/www.facebook.com\/univguyane","https:\/\/x.com\/univguyane","https:\/\/gf.linkedin.com\/school\/universite-de-guyane\/","https:\/\/www.instagram.com\/univ_guyane\/"]},{"@type":"Person","@id":"https:\/\/www.univ-guyane.fr\/#\/schema\/person\/86d946a28a8be51bb096ccfdf19db179","name":"Erick Loiti\u00e8re","image":{"@type":"ImageObject","inLanguage":"es","@id":"https:\/\/secure.gravatar.com\/avatar\/0584f332103fbeaf37e52c73b15dca3c547fd9300deb05764e9ad8714839d072?s=96&d=robohash&r=g","url":"https:\/\/secure.gravatar.com\/avatar\/0584f332103fbeaf37e52c73b15dca3c547fd9300deb05764e9ad8714839d072?s=96&d=robohash&r=g","contentUrl":"https:\/\/secure.gravatar.com\/avatar\/0584f332103fbeaf37e52c73b15dca3c547fd9300deb05764e9ad8714839d072?s=96&d=robohash&r=g","caption":"Erick Loiti\u00e8re"},"sameAs":["http:\/\/www.univ-guyane.fr"],"url":"https:\/\/www.univ-guyane.fr\/es\/author\/eloitierdbz\/"}]}},"_links":{"self":[{"href":"https:\/\/www.univ-guyane.fr\/es\/wp-json\/wp\/v2\/posts\/12066","targetHints":{"allow":["GET"]}}],"collection":[{"href":"https:\/\/www.univ-guyane.fr\/es\/wp-json\/wp\/v2\/posts"}],"about":[{"href":"https:\/\/www.univ-guyane.fr\/es\/wp-json\/wp\/v2\/types\/post"}],"author":[{"embeddable":true,"href":"https:\/\/www.univ-guyane.fr\/es\/wp-json\/wp\/v2\/users\/1"}],"replies":[{"embeddable":true,"href":"https:\/\/www.univ-guyane.fr\/es\/wp-json\/wp\/v2\/comments?post=12066"}],"version-history":[{"count":1,"href":"https:\/\/www.univ-guyane.fr\/es\/wp-json\/wp\/v2\/posts\/12066\/revisions"}],"predecessor-version":[{"id":12067,"href":"https:\/\/www.univ-guyane.fr\/es\/wp-json\/wp\/v2\/posts\/12066\/revisions\/12067"}],"wp:featuredmedia":[{"embeddable":true,"href":"https:\/\/www.univ-guyane.fr\/es\/wp-json\/wp\/v2\/media\/8327"}],"wp:attachment":[{"href":"https:\/\/www.univ-guyane.fr\/es\/wp-json\/wp\/v2\/media?parent=12066"}],"wp:term":[{"taxonomy":"category","embeddable":true,"href":"https:\/\/www.univ-guyane.fr\/es\/wp-json\/wp\/v2\/categories?post=12066"},{"taxonomy":"post_tag","embeddable":true,"href":"https:\/\/www.univ-guyane.fr\/es\/wp-json\/wp\/v2\/tags?post=12066"}],"curies":[{"name":"wp","href":"https:\/\/api.w.org\/{rel}","templated":true}]}}