{"id":13211,"date":"2025-09-05T10:58:16","date_gmt":"2025-09-05T13:58:16","guid":{"rendered":"https:\/\/www.univ-guyane.fr\/?p=13211"},"modified":"2025-09-05T11:07:36","modified_gmt":"2025-09-05T14:07:36","slug":"rentree-2025-luniversite-de-guyane-accueille-ses-nouveaux-talents-dans-une-ambiance-federatrice","status":"publish","type":"post","link":"https:\/\/www.univ-guyane.fr\/es\/2025\/09\/05\/rentree-2025-luniversite-de-guyane-accueille-ses-nouveaux-talents-dans-une-ambiance-federatrice\/","title":{"rendered":"Inicio del curso 2025: la Universidad de la Guayana Francesa acoge a sus nuevos talentos en un ambiente unificador"},"content":{"rendered":"<div id=\"fws_69f1e76f6924e\"  data-column-margin=\"default\" data-midnight=\"dark\"  class=\"wpb_row vc_row-fluid vc_row\"  style=\"padding-top: 0px; padding-bottom: 0px; \"><div class=\"row-bg-wrap\" data-bg-animation=\"none\" data-bg-animation-delay=\"\" data-bg-overlay=\"false\"><div class=\"inner-wrap row-bg-layer\" ><div class=\"row-bg viewport-desktop\"  style=\"\"><\/div><\/div><\/div><div class=\"row_col_wrap_12 col span_12 dark left\">\n\t<div  class=\"vc_col-sm-12 wpb_column column_container vc_column_container col no-extra-padding inherit_tablet inherit_phone\"  data-padding-pos=\"all\" data-has-bg-color=\"false\" data-bg-color=\"\" data-bg-opacity=\"1\" data-animation=\"\" data-delay=\"0\" >\n\t\t<div class=\"vc_column-inner\" >\n\t\t\t<div class=\"wpb_wrapper\">\n\t\t\t\t\n<div class=\"wpb_text_column wpb_content_element  chapo\" >\n\t<h2>Un a\u00f1o m\u00e1s, la Universidad de Guyana celebra el inicio del nuevo curso acad\u00e9mico en un ambiente din\u00e1mico y unificador.<\/h2>\n<p>Bajo la autoridad de su Presidente, Laurent Linguet, m\u00e1s de mil nuevos estudiantes han entrado por las puertas del campus de Troubiran, dispuestos a iniciar un nuevo a\u00f1o de \u00e9xito, apoyo y apertura a una regi\u00f3n con casi 4.500 estudiantes. Gracias al apoyo de los 350 miembros del personal y de las seis unidades de investigaci\u00f3n, siete componentes e institutos que componen la UG, este nuevo curso acad\u00e9mico promete ser rico y estructurado.<\/p>\n<p>El P\u00f4le d'accompagnement de la vie \u00e9tudiante de l'Universit\u00e9 organiz\u00f3 este acto para ofrecer a los estudiantes un primer contacto con su entorno universitario en un ambiente agradable. Las actividades de la jornada incluyeron stands informativos, coaching personal, talleres de salud y bienestar y encuentros con el personal docente y administrativo.<\/p>\n<p>El objetivo era claro: facilitar la integraci\u00f3n de los reci\u00e9n llegados y reforzar su sentimiento de pertenencia a la comunidad universitaria.<\/p>\n<p>El \u00e9xito de esta jornada de integraci\u00f3n se debe tambi\u00e9n al compromiso de todos los socios y actores de la vida estudiantil presentes en la aldea estudiantil. Este esp\u00edritu de colaboraci\u00f3n refleja la voluntad de la Universidad de Guyana de trabajar mano a mano con los actores locales para ofrecer el mejor entorno posible a todos sus estudiantes.<\/p>\n<p>Para el Presidente Laurent Linguet y sus equipos administrativo y docente, el inicio del nuevo curso acad\u00e9mico es un momento clave: encarna la vitalidad de una instituci\u00f3n en pleno crecimiento, atenta a las necesidades de sus j\u00f3venes y deseosa de promover la riqueza cultural y social de la regi\u00f3n. La Universidad de Guyana confirma as\u00ed su posici\u00f3n central en el panorama acad\u00e9mico regional, ofreciendo no s\u00f3lo una amplia gama de cursos de alta calidad, sino tambi\u00e9n un entorno de vida propicio al \u00e9xito y a la obtenci\u00f3n de t\u00edtulos, as\u00ed como a la realizaci\u00f3n y el desarrollo personales, en un marco que sigue promoviendo la igualdad de oportunidades para todos.<\/p>\n<p>El inicio del curso 2025 marca, pues, el comienzo de un a\u00f1o prometedor, en el que el compromiso, la solidaridad y la ambici\u00f3n guiar\u00e1n los talentos de nuestra comunidad universitaria hacia nuevos \u00e9xitos.<\/p>\n<hr \/>\n<p><a href=\"https:\/\/la1ere.franceinfo.fr\/guyane\/programme-video\/la1ere_guyane_guyane-soir\/diffusion\/7453619-emission-du-mardi-02-septembre-2025.html\" target=\"_blank\" rel=\"noopener\">Intervenci\u00f3n de Laurent Linguet en las noticias de Guyane 1ere TV<\/a><\/p>\n<\/div>\n\n\n\n\n\t\t\t<\/div> \n\t\t<\/div>\n\t<\/div> \n<\/div><\/div>","protected":false},"excerpt":{"rendered":"Un a\u00f1o m\u00e1s, la Universidad de Guyana celebra el inicio del curso acad\u00e9mico en un ambiente din\u00e1mico y unificador....","protected":false},"author":1,"featured_media":13212,"comment_status":"closed","ping_status":"open","sticky":false,"template":"","format":"standard","meta":{"iawp_total_views":178,"footnotes":""},"categories":[229],"tags":[],"class_list":{"0":"post-13211","1":"post","2":"type-post","3":"status-publish","4":"format-standard","5":"has-post-thumbnail","7":"category-universite-actualites"},"yoast_head":"<!-- This site is optimized with the Yoast SEO plugin v27.5 - https:\/\/yoast.com\/product\/yoast-seo-wordpress\/ -->\n<title>Rentr\u00e9e 2025 : l\u2019Universit\u00e9 de Guyane accueille ses nouveaux talents dans une ambiance f\u00e9d\u00e9ratrice &#8212; Universit\u00e9 de Guyane<\/title>\n<meta name=\"robots\" content=\"index, follow, max-snippet:-1, max-image-preview:large, max-video-preview:-1\" \/>\n<link rel=\"canonical\" href=\"https:\/\/www.univ-guyane.fr\/es\/2025\/09\/05\/rentree-2025-luniversite-de-guyane-accueille-ses-nouveaux-talents-dans-une-ambiance-federatrice\/\" \/>\n<meta property=\"og:locale\" content=\"es_ES\" \/>\n<meta property=\"og:type\" content=\"article\" \/>\n<meta property=\"og:title\" content=\"Rentr\u00e9e 2025 : l\u2019Universit\u00e9 de Guyane accueille ses nouveaux talents dans une ambiance f\u00e9d\u00e9ratrice &#8212; Universit\u00e9 de Guyane\" \/>\n<meta property=\"og:url\" content=\"https:\/\/www.univ-guyane.fr\/es\/2025\/09\/05\/rentree-2025-luniversite-de-guyane-accueille-ses-nouveaux-talents-dans-une-ambiance-federatrice\/\" \/>\n<meta property=\"og:site_name\" content=\"Universit\u00e9 de Guyane\" \/>\n<meta property=\"article:publisher\" content=\"https:\/\/www.facebook.com\/univguyane\" \/>\n<meta property=\"article:published_time\" content=\"2025-09-05T13:58:16+00:00\" \/>\n<meta property=\"article:modified_time\" content=\"2025-09-05T14:07:36+00:00\" \/>\n<meta property=\"og:image\" content=\"https:\/\/www.univ-guyane.fr\/wp-content\/uploads\/rentree-universitaire-2025.jpg\" \/>\n\t<meta property=\"og:image:width\" content=\"1920\" \/>\n\t<meta property=\"og:image:height\" content=\"1080\" \/>\n\t<meta property=\"og:image:type\" content=\"image\/jpeg\" \/>\n<meta name=\"author\" content=\"Erick Loiti\u00e8re\" \/>\n<meta name=\"twitter:card\" content=\"summary_large_image\" \/>\n<meta name=\"twitter:creator\" content=\"@univguyane\" \/>\n<meta name=\"twitter:site\" content=\"@univguyane\" \/>\n<meta name=\"twitter:label1\" content=\"Escrito por\" \/>\n\t<meta name=\"twitter:data1\" content=\"Erick Loiti\u00e8re\" \/>\n\t<meta name=\"twitter:label2\" content=\"Tiempo de lectura\" \/>\n\t<meta name=\"twitter:data2\" content=\"3 minutos\" \/>\n<script type=\"application\/ld+json\" class=\"yoast-schema-graph\">{\"@context\":\"https:\\\/\\\/schema.org\",\"@graph\":[{\"@type\":\"Article\",\"@id\":\"https:\\\/\\\/www.univ-guyane.fr\\\/2025\\\/09\\\/05\\\/rentree-2025-luniversite-de-guyane-accueille-ses-nouveaux-talents-dans-une-ambiance-federatrice\\\/#article\",\"isPartOf\":{\"@id\":\"https:\\\/\\\/www.univ-guyane.fr\\\/2025\\\/09\\\/05\\\/rentree-2025-luniversite-de-guyane-accueille-ses-nouveaux-talents-dans-une-ambiance-federatrice\\\/\"},\"author\":{\"name\":\"Erick Loiti\u00e8re\",\"@id\":\"https:\\\/\\\/www.univ-guyane.fr\\\/#\\\/schema\\\/person\\\/86d946a28a8be51bb096ccfdf19db179\"},\"headline\":\"Rentr\u00e9e 2025 : l\u2019Universit\u00e9 de Guyane accueille ses nouveaux talents dans une ambiance f\u00e9d\u00e9ratrice\",\"datePublished\":\"2025-09-05T13:58:16+00:00\",\"dateModified\":\"2025-09-05T14:07:36+00:00\",\"mainEntityOfPage\":{\"@id\":\"https:\\\/\\\/www.univ-guyane.fr\\\/2025\\\/09\\\/05\\\/rentree-2025-luniversite-de-guyane-accueille-ses-nouveaux-talents-dans-une-ambiance-federatrice\\\/\"},\"wordCount\":590,\"publisher\":{\"@id\":\"https:\\\/\\\/www.univ-guyane.fr\\\/#organization\"},\"image\":{\"@id\":\"https:\\\/\\\/www.univ-guyane.fr\\\/2025\\\/09\\\/05\\\/rentree-2025-luniversite-de-guyane-accueille-ses-nouveaux-talents-dans-une-ambiance-federatrice\\\/#primaryimage\"},\"thumbnailUrl\":\"https:\\\/\\\/www.univ-guyane.fr\\\/wp-content\\\/uploads\\\/rentree-universitaire-2025.jpg\",\"articleSection\":[\"\u2022 Universit\u00e9\"],\"inLanguage\":\"es\"},{\"@type\":\"WebPage\",\"@id\":\"https:\\\/\\\/www.univ-guyane.fr\\\/2025\\\/09\\\/05\\\/rentree-2025-luniversite-de-guyane-accueille-ses-nouveaux-talents-dans-une-ambiance-federatrice\\\/\",\"url\":\"https:\\\/\\\/www.univ-guyane.fr\\\/2025\\\/09\\\/05\\\/rentree-2025-luniversite-de-guyane-accueille-ses-nouveaux-talents-dans-une-ambiance-federatrice\\\/\",\"name\":\"Rentr\u00e9e 2025 : l\u2019Universit\u00e9 de Guyane accueille ses nouveaux talents dans une ambiance f\u00e9d\u00e9ratrice &#8212; Universit\u00e9 de Guyane\",\"isPartOf\":{\"@id\":\"https:\\\/\\\/www.univ-guyane.fr\\\/#website\"},\"primaryImageOfPage\":{\"@id\":\"https:\\\/\\\/www.univ-guyane.fr\\\/2025\\\/09\\\/05\\\/rentree-2025-luniversite-de-guyane-accueille-ses-nouveaux-talents-dans-une-ambiance-federatrice\\\/#primaryimage\"},\"image\":{\"@id\":\"https:\\\/\\\/www.univ-guyane.fr\\\/2025\\\/09\\\/05\\\/rentree-2025-luniversite-de-guyane-accueille-ses-nouveaux-talents-dans-une-ambiance-federatrice\\\/#primaryimage\"},\"thumbnailUrl\":\"https:\\\/\\\/www.univ-guyane.fr\\\/wp-content\\\/uploads\\\/rentree-universitaire-2025.jpg\",\"datePublished\":\"2025-09-05T13:58:16+00:00\",\"dateModified\":\"2025-09-05T14:07:36+00:00\",\"breadcrumb\":{\"@id\":\"https:\\\/\\\/www.univ-guyane.fr\\\/2025\\\/09\\\/05\\\/rentree-2025-luniversite-de-guyane-accueille-ses-nouveaux-talents-dans-une-ambiance-federatrice\\\/#breadcrumb\"},\"inLanguage\":\"es\",\"potentialAction\":[{\"@type\":\"ReadAction\",\"target\":[\"https:\\\/\\\/www.univ-guyane.fr\\\/2025\\\/09\\\/05\\\/rentree-2025-luniversite-de-guyane-accueille-ses-nouveaux-talents-dans-une-ambiance-federatrice\\\/\"]}]},{\"@type\":\"ImageObject\",\"inLanguage\":\"es\",\"@id\":\"https:\\\/\\\/www.univ-guyane.fr\\\/2025\\\/09\\\/05\\\/rentree-2025-luniversite-de-guyane-accueille-ses-nouveaux-talents-dans-une-ambiance-federatrice\\\/#primaryimage\",\"url\":\"https:\\\/\\\/www.univ-guyane.fr\\\/wp-content\\\/uploads\\\/rentree-universitaire-2025.jpg\",\"contentUrl\":\"https:\\\/\\\/www.univ-guyane.fr\\\/wp-content\\\/uploads\\\/rentree-universitaire-2025.jpg\",\"width\":1920,\"height\":1080,\"caption\":\"\u00c9tudiant\u00b7es et primo-arrivants assis dans un amphith\u00e9\u00e2tre, de dos, attentifs aux discours lors de la rentr\u00e9e universitaire \u00e0 l\u2019Universit\u00e9 de Guyane.\"},{\"@type\":\"BreadcrumbList\",\"@id\":\"https:\\\/\\\/www.univ-guyane.fr\\\/2025\\\/09\\\/05\\\/rentree-2025-luniversite-de-guyane-accueille-ses-nouveaux-talents-dans-une-ambiance-federatrice\\\/#breadcrumb\",\"itemListElement\":[{\"@type\":\"ListItem\",\"position\":1,\"name\":\"Accueil\",\"item\":\"https:\\\/\\\/www.univ-guyane.fr\\\/\"},{\"@type\":\"ListItem\",\"position\":2,\"name\":\"Rentr\u00e9e 2025 : l\u2019Universit\u00e9 de Guyane accueille ses nouveaux talents dans une ambiance f\u00e9d\u00e9ratrice\"}]},{\"@type\":\"WebSite\",\"@id\":\"https:\\\/\\\/www.univ-guyane.fr\\\/#website\",\"url\":\"https:\\\/\\\/www.univ-guyane.fr\\\/\",\"name\":\"Universit\u00e9 de Guyane\",\"description\":\"Au c\u0153ur de l&#039;amazonie\",\"publisher\":{\"@id\":\"https:\\\/\\\/www.univ-guyane.fr\\\/#organization\"},\"alternateName\":\"UG\",\"potentialAction\":[{\"@type\":\"SearchAction\",\"target\":{\"@type\":\"EntryPoint\",\"urlTemplate\":\"https:\\\/\\\/www.univ-guyane.fr\\\/?s={search_term_string}\"},\"query-input\":{\"@type\":\"PropertyValueSpecification\",\"valueRequired\":true,\"valueName\":\"search_term_string\"}}],\"inLanguage\":\"es\"},{\"@type\":\"Organization\",\"@id\":\"https:\\\/\\\/www.univ-guyane.fr\\\/#organization\",\"name\":\"Universit\u00e9 de Guyane\",\"alternateName\":\"UG\",\"url\":\"https:\\\/\\\/www.univ-guyane.fr\\\/\",\"logo\":{\"@type\":\"ImageObject\",\"inLanguage\":\"es\",\"@id\":\"https:\\\/\\\/www.univ-guyane.fr\\\/#\\\/schema\\\/logo\\\/image\\\/\",\"url\":\"https:\\\/\\\/www.univ-guyane.fr\\\/wp-content\\\/uploads\\\/2024\\\/05\\\/f.png\",\"contentUrl\":\"https:\\\/\\\/www.univ-guyane.fr\\\/wp-content\\\/uploads\\\/2024\\\/05\\\/f.png\",\"width\":1024,\"height\":1024,\"caption\":\"Universit\u00e9 de Guyane\"},\"image\":{\"@id\":\"https:\\\/\\\/www.univ-guyane.fr\\\/#\\\/schema\\\/logo\\\/image\\\/\"},\"sameAs\":[\"https:\\\/\\\/www.facebook.com\\\/univguyane\",\"https:\\\/\\\/x.com\\\/univguyane\",\"https:\\\/\\\/gf.linkedin.com\\\/school\\\/universite-de-guyane\\\/\",\"https:\\\/\\\/www.instagram.com\\\/univ_guyane\\\/\"]},{\"@type\":\"Person\",\"@id\":\"https:\\\/\\\/www.univ-guyane.fr\\\/#\\\/schema\\\/person\\\/86d946a28a8be51bb096ccfdf19db179\",\"name\":\"Erick Loiti\u00e8re\",\"image\":{\"@type\":\"ImageObject\",\"inLanguage\":\"es\",\"@id\":\"https:\\\/\\\/secure.gravatar.com\\\/avatar\\\/0584f332103fbeaf37e52c73b15dca3c547fd9300deb05764e9ad8714839d072?s=96&d=robohash&r=g\",\"url\":\"https:\\\/\\\/secure.gravatar.com\\\/avatar\\\/0584f332103fbeaf37e52c73b15dca3c547fd9300deb05764e9ad8714839d072?s=96&d=robohash&r=g\",\"contentUrl\":\"https:\\\/\\\/secure.gravatar.com\\\/avatar\\\/0584f332103fbeaf37e52c73b15dca3c547fd9300deb05764e9ad8714839d072?s=96&d=robohash&r=g\",\"caption\":\"Erick Loiti\u00e8re\"},\"sameAs\":[\"http:\\\/\\\/www.univ-guyane.fr\"],\"url\":\"https:\\\/\\\/www.univ-guyane.fr\\\/es\\\/author\\\/eloitierdbz\\\/\"}]}<\/script>\n<!-- \/ Yoast SEO plugin. -->","yoast_head_json":{"title":"Rentr\u00e9e 2025 : l\u2019Universit\u00e9 de Guyane accueille ses nouveaux talents dans une ambiance f\u00e9d\u00e9ratrice &#8212; Universit\u00e9 de Guyane","robots":{"index":"index","follow":"follow","max-snippet":"max-snippet:-1","max-image-preview":"max-image-preview:large","max-video-preview":"max-video-preview:-1"},"canonical":"https:\/\/www.univ-guyane.fr\/es\/2025\/09\/05\/rentree-2025-luniversite-de-guyane-accueille-ses-nouveaux-talents-dans-une-ambiance-federatrice\/","og_locale":"es_ES","og_type":"article","og_title":"Rentr\u00e9e 2025 : l\u2019Universit\u00e9 de Guyane accueille ses nouveaux talents dans une ambiance f\u00e9d\u00e9ratrice &#8212; Universit\u00e9 de Guyane","og_url":"https:\/\/www.univ-guyane.fr\/es\/2025\/09\/05\/rentree-2025-luniversite-de-guyane-accueille-ses-nouveaux-talents-dans-une-ambiance-federatrice\/","og_site_name":"Universit\u00e9 de Guyane","article_publisher":"https:\/\/www.facebook.com\/univguyane","article_published_time":"2025-09-05T13:58:16+00:00","article_modified_time":"2025-09-05T14:07:36+00:00","og_image":[{"width":1920,"height":1080,"url":"https:\/\/www.univ-guyane.fr\/wp-content\/uploads\/rentree-universitaire-2025.jpg","type":"image\/jpeg"}],"author":"Erick Loiti\u00e8re","twitter_card":"summary_large_image","twitter_creator":"@univguyane","twitter_site":"@univguyane","twitter_misc":{"Escrito por":"Erick Loiti\u00e8re","Tiempo de lectura":"3 minutos"},"schema":{"@context":"https:\/\/schema.org","@graph":[{"@type":"Article","@id":"https:\/\/www.univ-guyane.fr\/2025\/09\/05\/rentree-2025-luniversite-de-guyane-accueille-ses-nouveaux-talents-dans-une-ambiance-federatrice\/#article","isPartOf":{"@id":"https:\/\/www.univ-guyane.fr\/2025\/09\/05\/rentree-2025-luniversite-de-guyane-accueille-ses-nouveaux-talents-dans-une-ambiance-federatrice\/"},"author":{"name":"Erick Loiti\u00e8re","@id":"https:\/\/www.univ-guyane.fr\/#\/schema\/person\/86d946a28a8be51bb096ccfdf19db179"},"headline":"Rentr\u00e9e 2025 : l\u2019Universit\u00e9 de Guyane accueille ses nouveaux talents dans une ambiance f\u00e9d\u00e9ratrice","datePublished":"2025-09-05T13:58:16+00:00","dateModified":"2025-09-05T14:07:36+00:00","mainEntityOfPage":{"@id":"https:\/\/www.univ-guyane.fr\/2025\/09\/05\/rentree-2025-luniversite-de-guyane-accueille-ses-nouveaux-talents-dans-une-ambiance-federatrice\/"},"wordCount":590,"publisher":{"@id":"https:\/\/www.univ-guyane.fr\/#organization"},"image":{"@id":"https:\/\/www.univ-guyane.fr\/2025\/09\/05\/rentree-2025-luniversite-de-guyane-accueille-ses-nouveaux-talents-dans-une-ambiance-federatrice\/#primaryimage"},"thumbnailUrl":"https:\/\/www.univ-guyane.fr\/wp-content\/uploads\/rentree-universitaire-2025.jpg","articleSection":["\u2022 Universit\u00e9"],"inLanguage":"es"},{"@type":"WebPage","@id":"https:\/\/www.univ-guyane.fr\/2025\/09\/05\/rentree-2025-luniversite-de-guyane-accueille-ses-nouveaux-talents-dans-une-ambiance-federatrice\/","url":"https:\/\/www.univ-guyane.fr\/2025\/09\/05\/rentree-2025-luniversite-de-guyane-accueille-ses-nouveaux-talents-dans-une-ambiance-federatrice\/","name":"Rentr\u00e9e 2025 : l\u2019Universit\u00e9 de Guyane accueille ses nouveaux talents dans une ambiance f\u00e9d\u00e9ratrice &#8212; Universit\u00e9 de Guyane","isPartOf":{"@id":"https:\/\/www.univ-guyane.fr\/#website"},"primaryImageOfPage":{"@id":"https:\/\/www.univ-guyane.fr\/2025\/09\/05\/rentree-2025-luniversite-de-guyane-accueille-ses-nouveaux-talents-dans-une-ambiance-federatrice\/#primaryimage"},"image":{"@id":"https:\/\/www.univ-guyane.fr\/2025\/09\/05\/rentree-2025-luniversite-de-guyane-accueille-ses-nouveaux-talents-dans-une-ambiance-federatrice\/#primaryimage"},"thumbnailUrl":"https:\/\/www.univ-guyane.fr\/wp-content\/uploads\/rentree-universitaire-2025.jpg","datePublished":"2025-09-05T13:58:16+00:00","dateModified":"2025-09-05T14:07:36+00:00","breadcrumb":{"@id":"https:\/\/www.univ-guyane.fr\/2025\/09\/05\/rentree-2025-luniversite-de-guyane-accueille-ses-nouveaux-talents-dans-une-ambiance-federatrice\/#breadcrumb"},"inLanguage":"es","potentialAction":[{"@type":"ReadAction","target":["https:\/\/www.univ-guyane.fr\/2025\/09\/05\/rentree-2025-luniversite-de-guyane-accueille-ses-nouveaux-talents-dans-une-ambiance-federatrice\/"]}]},{"@type":"ImageObject","inLanguage":"es","@id":"https:\/\/www.univ-guyane.fr\/2025\/09\/05\/rentree-2025-luniversite-de-guyane-accueille-ses-nouveaux-talents-dans-une-ambiance-federatrice\/#primaryimage","url":"https:\/\/www.univ-guyane.fr\/wp-content\/uploads\/rentree-universitaire-2025.jpg","contentUrl":"https:\/\/www.univ-guyane.fr\/wp-content\/uploads\/rentree-universitaire-2025.jpg","width":1920,"height":1080,"caption":"\u00c9tudiant\u00b7es et primo-arrivants assis dans un amphith\u00e9\u00e2tre, de dos, attentifs aux discours lors de la rentr\u00e9e universitaire \u00e0 l\u2019Universit\u00e9 de Guyane."},{"@type":"BreadcrumbList","@id":"https:\/\/www.univ-guyane.fr\/2025\/09\/05\/rentree-2025-luniversite-de-guyane-accueille-ses-nouveaux-talents-dans-une-ambiance-federatrice\/#breadcrumb","itemListElement":[{"@type":"ListItem","position":1,"name":"Accueil","item":"https:\/\/www.univ-guyane.fr\/"},{"@type":"ListItem","position":2,"name":"Rentr\u00e9e 2025 : l\u2019Universit\u00e9 de Guyane accueille ses nouveaux talents dans une ambiance f\u00e9d\u00e9ratrice"}]},{"@type":"WebSite","@id":"https:\/\/www.univ-guyane.fr\/#website","url":"https:\/\/www.univ-guyane.fr\/","name":"Universidad de Guyana","description":"En el coraz\u00f3n de la Amazonia","publisher":{"@id":"https:\/\/www.univ-guyane.fr\/#organization"},"alternateName":"UG","potentialAction":[{"@type":"SearchAction","target":{"@type":"EntryPoint","urlTemplate":"https:\/\/www.univ-guyane.fr\/?s={search_term_string}"},"query-input":{"@type":"PropertyValueSpecification","valueRequired":true,"valueName":"search_term_string"}}],"inLanguage":"es"},{"@type":"Organization","@id":"https:\/\/www.univ-guyane.fr\/#organization","name":"Universidad de Guyana","alternateName":"UG","url":"https:\/\/www.univ-guyane.fr\/","logo":{"@type":"ImageObject","inLanguage":"es","@id":"https:\/\/www.univ-guyane.fr\/#\/schema\/logo\/image\/","url":"https:\/\/www.univ-guyane.fr\/wp-content\/uploads\/2024\/05\/f.png","contentUrl":"https:\/\/www.univ-guyane.fr\/wp-content\/uploads\/2024\/05\/f.png","width":1024,"height":1024,"caption":"Universit\u00e9 de Guyane"},"image":{"@id":"https:\/\/www.univ-guyane.fr\/#\/schema\/logo\/image\/"},"sameAs":["https:\/\/www.facebook.com\/univguyane","https:\/\/x.com\/univguyane","https:\/\/gf.linkedin.com\/school\/universite-de-guyane\/","https:\/\/www.instagram.com\/univ_guyane\/"]},{"@type":"Person","@id":"https:\/\/www.univ-guyane.fr\/#\/schema\/person\/86d946a28a8be51bb096ccfdf19db179","name":"Erick Loiti\u00e8re","image":{"@type":"ImageObject","inLanguage":"es","@id":"https:\/\/secure.gravatar.com\/avatar\/0584f332103fbeaf37e52c73b15dca3c547fd9300deb05764e9ad8714839d072?s=96&d=robohash&r=g","url":"https:\/\/secure.gravatar.com\/avatar\/0584f332103fbeaf37e52c73b15dca3c547fd9300deb05764e9ad8714839d072?s=96&d=robohash&r=g","contentUrl":"https:\/\/secure.gravatar.com\/avatar\/0584f332103fbeaf37e52c73b15dca3c547fd9300deb05764e9ad8714839d072?s=96&d=robohash&r=g","caption":"Erick Loiti\u00e8re"},"sameAs":["http:\/\/www.univ-guyane.fr"],"url":"https:\/\/www.univ-guyane.fr\/es\/author\/eloitierdbz\/"}]}},"_links":{"self":[{"href":"https:\/\/www.univ-guyane.fr\/es\/wp-json\/wp\/v2\/posts\/13211","targetHints":{"allow":["GET"]}}],"collection":[{"href":"https:\/\/www.univ-guyane.fr\/es\/wp-json\/wp\/v2\/posts"}],"about":[{"href":"https:\/\/www.univ-guyane.fr\/es\/wp-json\/wp\/v2\/types\/post"}],"author":[{"embeddable":true,"href":"https:\/\/www.univ-guyane.fr\/es\/wp-json\/wp\/v2\/users\/1"}],"replies":[{"embeddable":true,"href":"https:\/\/www.univ-guyane.fr\/es\/wp-json\/wp\/v2\/comments?post=13211"}],"version-history":[{"count":3,"href":"https:\/\/www.univ-guyane.fr\/es\/wp-json\/wp\/v2\/posts\/13211\/revisions"}],"predecessor-version":[{"id":13215,"href":"https:\/\/www.univ-guyane.fr\/es\/wp-json\/wp\/v2\/posts\/13211\/revisions\/13215"}],"wp:featuredmedia":[{"embeddable":true,"href":"https:\/\/www.univ-guyane.fr\/es\/wp-json\/wp\/v2\/media\/13212"}],"wp:attachment":[{"href":"https:\/\/www.univ-guyane.fr\/es\/wp-json\/wp\/v2\/media?parent=13211"}],"wp:term":[{"taxonomy":"category","embeddable":true,"href":"https:\/\/www.univ-guyane.fr\/es\/wp-json\/wp\/v2\/categories?post=13211"},{"taxonomy":"post_tag","embeddable":true,"href":"https:\/\/www.univ-guyane.fr\/es\/wp-json\/wp\/v2\/tags?post=13211"}],"curies":[{"name":"wp","href":"https:\/\/api.w.org\/{rel}","templated":true}]}}