{"id":13407,"date":"2025-10-08T10:45:25","date_gmt":"2025-10-08T13:45:25","guid":{"rendered":"https:\/\/www.univ-guyane.fr\/?p=13407"},"modified":"2025-10-22T12:13:01","modified_gmt":"2025-10-22T15:13:01","slug":"habiter-le-littoral-des-guyanes-retour-sur-un-projet-de-recherche-aux-frontieres-des-disciplines","status":"publish","type":"post","link":"https:\/\/www.univ-guyane.fr\/es\/2025\/10\/08\/habiter-le-littoral-des-guyanes-retour-sur-un-projet-de-recherche-aux-frontieres-des-disciplines\/","title":{"rendered":"Habitar el litoral guayan\u00e9s: retrospectiva de un proyecto de investigaci\u00f3n en la frontera de las disciplinas"},"content":{"rendered":"<div id=\"fws_69f25f188bd5e\"  data-column-margin=\"default\" data-midnight=\"dark\"  class=\"wpb_row vc_row-fluid vc_row\"  style=\"padding-top: 0px; padding-bottom: 0px; \"><div class=\"row-bg-wrap\" data-bg-animation=\"none\" data-bg-animation-delay=\"\" data-bg-overlay=\"false\"><div class=\"inner-wrap row-bg-layer\" ><div class=\"row-bg viewport-desktop\"  style=\"\"><\/div><\/div><\/div><div class=\"row_col_wrap_12 col span_12 dark left\">\n\t<div  class=\"vc_col-sm-12 wpb_column column_container vc_column_container col no-extra-padding inherit_tablet inherit_phone\"  data-padding-pos=\"all\" data-has-bg-color=\"false\" data-bg-color=\"\" data-bg-opacity=\"1\" data-animation=\"\" data-delay=\"0\" >\n\t\t<div class=\"vc_column-inner\" >\n\t\t\t<div class=\"wpb_wrapper\">\n\t\t\t\t\n<div class=\"wpb_text_column wpb_content_element  ug_chapo\" >\n\t<h2>El jueves 16 de octubre de 2025, la Biblioteca Universitaria de la Universidad de Guyana acogi\u00f3 una nueva sesi\u00f3n del seminario \u201cFronteras, circulaciones, interculturalidades e interacciones hombre-medio\u201d. Esta reuni\u00f3n puso de relieve el proyecto colectivo de investigaci\u00f3n en torno al libro Habiter le littoral des Guyanes, s'adapter au changement? dirigido por Marianne Palisse y G\u00e9rard Collomb.<\/h2>\n<\/div>\n\n\n\n\n<div class=\"wpb_text_column wpb_content_element\" >\n\t<h3><strong>Comprender la din\u00e1mica del litoral de Guyana<\/strong><\/h3>\n<p>\u00bfC\u00f3mo se vive en el litoral del Escudo Guayan\u00e9s, uno de los m\u00e1s m\u00f3viles del mundo? Este litoral, bordeado por marismas del Amazonas, cambia constantemente de fisonom\u00eda. Los manglares se desplazan, las playas aparecen o desaparecen y los episodios de r\u00e1pida erosi\u00f3n transforman profundamente las zonas habitadas. Este seminario brind\u00f3 la oportunidad de combinar enfoques cient\u00edficos, medioambientales y sociales para comprender mejor estos cambios.<br \/>\nLos investigadores compartieron sus an\u00e1lisis y cuestionaron la capacidad de las personas para adaptarse a estas transformaciones naturales.<\/p>\n<h3><strong>Una obra colectiva sobre el cambio<\/strong><\/h3>\n<p>El libro <em>Vivir en la costa guayanesa, \u00bfadaptarse al cambio?<\/em> re\u00fane a investigadores de muy diversas disciplinas. Su primera ambici\u00f3n es describir c\u00f3mo las personas han habitado y siguen habitando este litoral \u00fanico. La segunda, comprender la vulnerabilidad de las sociedades y sus mecanismos de adaptaci\u00f3n ante los r\u00e1pidos cambios medioambientales. Hoy, con el cambio clim\u00e1tico mundial como tel\u00f3n de fondo, el libro ofrece una panor\u00e1mica de los conocimientos locales y cient\u00edficos. Destaca la riqueza de la experiencia humana y la diversidad de respuestas a los retos que afronta la Guayana costera.<\/p>\n<h3><strong>Un enfoque multidisciplinar<\/strong><\/h3>\n<p>Cada cap\u00edtulo explora un aspecto concreto de la costa guayanesa:<\/p>\n<ul>\n<li>Los arque\u00f3logos presentan sus hallazgos sobre las ocupaciones precolombinas.<\/li>\n<li>Ge\u00f3grafos e historiadores analizan los intentos coloniales de controlar el medio ambiente, como la recuperaci\u00f3n de tierras en Surinam y la construcci\u00f3n de diques en Guyana.<\/li>\n<li>Los antrop\u00f3logos estudian los modos de vida amerindios y criollos, basados en la movilidad y la adaptaci\u00f3n.<\/li>\n<li>Por \u00faltimo, el caso de Kourou, la \u201cciudad espacial\u201d, ilustra la tensi\u00f3n entre el desarrollo planificado y el espont\u00e1neo.<\/li>\n<\/ul>\n<p>Esta diversidad de perspectivas permite comprender mejor la relaci\u00f3n entre las sociedades humanas y su entorno costero.<\/p>\n<h3><strong>Un seminario en el centro de los asuntos locales<\/strong><\/h3>\n<p>El seminario \u201cFronteras, Circulaciones, Interculturalidades e Interacciones Hombre-Medio\u201d, que reuni\u00f3 a investigadores de muy diversa procedencia, confirma la posici\u00f3n de la Universidad de Guyana como protagonista de la investigaci\u00f3n regional.<br \/>\nContribuye a promover el trabajo interdisciplinario y la reflexi\u00f3n colectiva sobre los retos medioambientales a los que se enfrentan las Guayanas.<\/p>\n<p>Este proyecto ilustra perfectamente nuestra voluntad de reflexionar sobre las fronteras, la movilidad y las interacciones entre el hombre y el medio ambiente.<\/p>\n<p>Esta revisi\u00f3n de la <em>Vivir en la costa guayanesa<\/em> destaca la <strong>la necesidad de di\u00e1logo entre disciplinas<\/strong> para comprender y anticipar los cambios del litoral. Esta iniciativa, que a\u00fana ciencia, cultura y sociedad, refuerza el papel de la investigaci\u00f3n en la construcci\u00f3n de un futuro sostenible para las Guayanas.<\/p>\n<p>\ud83d\udc49 <strong>Pr\u00f3ximo evento:<\/strong> continuar estos intercambios cient\u00edficos para comprender mejor la relaci\u00f3n entre las poblaciones y su entorno.<\/p>\n<p><a href=\"https:\/\/www.dropbox.com\/scl\/fo\/d7bvraoifanldsh9r9qie\/AIoBBDFmDoe7DBSOBtVRFNo?rlkey=efpux6xvdg5jig6xi9rrius6b&amp;dl=0\" target=\"_blank\" rel=\"noopener\">M\u00e1s informaci\u00f3n sobre el libro<\/a> : <span style=\"color: #333333;\"><em>Palisse, Marianne, y G\u00e9rard Collomb. 2025. Vivir en la costa de Guyana, \u00bfadaptarse al cambio? De las Am\u00e9ricas. Presses universitaires de Rennes.<\/em><\/span><\/p>\n<\/div>\n\n\n\n<div class=\"toggles accordion\" data-br=\"\" data-starting=\"closed\" data-style=\"minimal\"><div class=\"toggle default\" data-inner-wrap=\"true\"><h3 class=\"toggle-title\"><a href=\"#\" role=\"button\" class=\"toggle-heading\"><i role=\"presentation\" class=\"fa fa-plus\"><\/i>FAQ - Preguntas m\u00e1s frecuentes<\/a><\/h3><div><div class=\"inner-toggle-wrap\">\n<div class=\"wpb_text_column wpb_content_element\" >\n\t<h3>\u00bfCu\u00e1ndo tendr\u00e1 lugar el seminario?<\/h3>\n<p>El seminario se celebrar\u00e1 el jueves 16 de octubre de 2025, de 18.00 a 20.00 horas.<\/p>\n<h3>\u00bfD\u00f3nde tendr\u00e1 lugar la sesi\u00f3n?<\/h3>\n<p>La reuni\u00f3n tendr\u00e1 lugar en la Biblioteca Universitaria de la Universidad de Guyana, campus de Troubiran, Cayena.<\/p>\n<h3>\u00bfQui\u00e9n organiza el acto?<\/h3>\n<p>El acto se organiza en el marco del seminario \u00abFronteras, circulaci\u00f3n, interculturalidad e interacci\u00f3n hombre-medio\u00bb de :<\/p>\n<p>Agn\u00e8s Clerc-Renaud (LEEISA), Damien Davy (LEEISA), Rosuel Lima-Pereira (MINEA), Marianne Palisse (LEEISA)<\/p>\n<h3>\u00bfQu\u00e9 tema se tratar\u00e1?<\/h3>\n<p>La sesi\u00f3n se centrar\u00e1 en el proyecto colectivo de investigaci\u00f3n basado en el libro Habiter le littoral des Guyanes, s'adapter au changement? (Presses universitaires de Rennes, 2025), dirigido por Marianne Palisse y G\u00e9rard Collomb. Explorar\u00e1 la din\u00e1mica del litoral guayan\u00e9s, las transformaciones medioambientales y las estrategias de adaptaci\u00f3n de las sociedades humanas.<\/p>\n<h3>\u00bfQui\u00e9n intervendr\u00e1 en la sesi\u00f3n?<\/h3>\n<p>Marianne Palisse (Universidad de Guyana \/ LEEISA); Antoine Gardel (CNRS \/ LEEISA)<\/p>\n<h3>\u00bfPor qu\u00e9 hablar de la costa guayanesa?<\/h3>\n<p>Porque esta costa es una de las m\u00e1s m\u00f3viles del mundo. Est\u00e1 sujeta a r\u00e1pidos cambios como consecuencia de los bancos de limo procedentes del Amazonas, y plantea grandes retos a las personas que viven en ella. Esta reuni\u00f3n brindar\u00e1 la oportunidad de reflexionar sobre cuestiones medioambientales y sociales en el contexto del cambio clim\u00e1tico.<\/p>\n<h3>\u00bfA qui\u00e9n va dirigido este seminario?<\/h3>\n<p>Cualquier persona interesada en la din\u00e1mica costera, las interacciones sociedad-medio ambiente, la investigaci\u00f3n interdisciplinar y las cuestiones clim\u00e1ticas. La entrada es gratuita.<\/p>\n<h3>\u00bfTengo que registrarme?<\/h3>\n<p>No se requiere inscripci\u00f3n previa. El acceso es libre y gratuito.<\/p>\n<\/div>\n\n\n\n<\/div><\/div><\/div><\/div>\n\t\t\t<\/div> \n\t\t<\/div>\n\t<\/div> \n<\/div><\/div>","protected":false},"excerpt":{"rendered":"El jueves 16 de octubre de 2025, la Biblioteca Universitaria de la Universidad de la Guayana Francesa acogi\u00f3...","protected":false},"author":1,"featured_media":13410,"comment_status":"closed","ping_status":"open","sticky":false,"template":"","format":"standard","meta":{"iawp_total_views":165,"footnotes":""},"categories":[192,14,187],"tags":[],"class_list":{"0":"post-13407","1":"post","2":"type-post","3":"status-publish","4":"format-standard","5":"has-post-thumbnail","7":"category-leeisa","8":"category-lsh","9":"category-minea"},"yoast_head":"<!-- This site is optimized with the Yoast SEO plugin v27.5 - https:\/\/yoast.com\/product\/yoast-seo-wordpress\/ -->\n<title>Habiter le littoral des Guyanes : retour sur un projet de recherche aux fronti\u00e8res des disciplines &#8212; Universit\u00e9 de Guyane<\/title>\n<meta name=\"description\" content=\"Habiter le littoral des Guyanes : un s\u00e9minaire \u00e0 l\u2019Universit\u00e9 de Guyane explore les dynamiques humaines et environnementales d\u2019un littoral en perp\u00e9tuel changement.\" \/>\n<meta name=\"robots\" content=\"index, follow, max-snippet:-1, max-image-preview:large, max-video-preview:-1\" \/>\n<link rel=\"canonical\" href=\"https:\/\/www.univ-guyane.fr\/es\/2025\/10\/08\/habiter-le-littoral-des-guyanes-retour-sur-un-projet-de-recherche-aux-frontieres-des-disciplines\/\" \/>\n<meta property=\"og:locale\" content=\"es_ES\" \/>\n<meta property=\"og:type\" content=\"article\" \/>\n<meta property=\"og:title\" content=\"Habiter le littoral des Guyanes : retour sur un projet de recherche aux fronti\u00e8res des disciplines &#8212; Universit\u00e9 de Guyane\" \/>\n<meta property=\"og:description\" content=\"Habiter le littoral des Guyanes : un s\u00e9minaire \u00e0 l\u2019Universit\u00e9 de Guyane explore les dynamiques humaines et environnementales d\u2019un littoral en perp\u00e9tuel changement.\" \/>\n<meta property=\"og:url\" content=\"https:\/\/www.univ-guyane.fr\/es\/2025\/10\/08\/habiter-le-littoral-des-guyanes-retour-sur-un-projet-de-recherche-aux-frontieres-des-disciplines\/\" \/>\n<meta property=\"og:site_name\" content=\"Universit\u00e9 de Guyane\" \/>\n<meta property=\"article:publisher\" content=\"https:\/\/www.facebook.com\/univguyane\" \/>\n<meta property=\"article:published_time\" content=\"2025-10-08T13:45:25+00:00\" \/>\n<meta property=\"article:modified_time\" content=\"2025-10-22T15:13:01+00:00\" \/>\n<meta property=\"og:image\" content=\"https:\/\/www.univ-guyane.fr\/wp-content\/uploads\/frontieres.jpg\" \/>\n\t<meta property=\"og:image:width\" content=\"1920\" \/>\n\t<meta property=\"og:image:height\" content=\"1080\" \/>\n\t<meta property=\"og:image:type\" content=\"image\/jpeg\" \/>\n<meta name=\"author\" content=\"Erick Loiti\u00e8re\" \/>\n<meta name=\"twitter:card\" content=\"summary_large_image\" \/>\n<meta name=\"twitter:creator\" content=\"@univguyane\" \/>\n<meta name=\"twitter:site\" content=\"@univguyane\" \/>\n<meta name=\"twitter:label1\" content=\"Escrito por\" \/>\n\t<meta name=\"twitter:data1\" content=\"Erick Loiti\u00e8re\" \/>\n\t<meta name=\"twitter:label2\" content=\"Tiempo de lectura\" \/>\n\t<meta name=\"twitter:data2\" content=\"4 minutos\" \/>\n<script type=\"application\/ld+json\" class=\"yoast-schema-graph\">{\"@context\":\"https:\\\/\\\/schema.org\",\"@graph\":[{\"@type\":\"Article\",\"@id\":\"https:\\\/\\\/www.univ-guyane.fr\\\/2025\\\/10\\\/08\\\/habiter-le-littoral-des-guyanes-retour-sur-un-projet-de-recherche-aux-frontieres-des-disciplines\\\/#article\",\"isPartOf\":{\"@id\":\"https:\\\/\\\/www.univ-guyane.fr\\\/2025\\\/10\\\/08\\\/habiter-le-littoral-des-guyanes-retour-sur-un-projet-de-recherche-aux-frontieres-des-disciplines\\\/\"},\"author\":{\"name\":\"Erick Loiti\u00e8re\",\"@id\":\"https:\\\/\\\/www.univ-guyane.fr\\\/#\\\/schema\\\/person\\\/86d946a28a8be51bb096ccfdf19db179\"},\"headline\":\"Habiter le littoral des Guyanes : retour sur un projet de recherche aux fronti\u00e8res des disciplines\",\"datePublished\":\"2025-10-08T13:45:25+00:00\",\"dateModified\":\"2025-10-22T15:13:01+00:00\",\"mainEntityOfPage\":{\"@id\":\"https:\\\/\\\/www.univ-guyane.fr\\\/2025\\\/10\\\/08\\\/habiter-le-littoral-des-guyanes-retour-sur-un-projet-de-recherche-aux-frontieres-des-disciplines\\\/\"},\"wordCount\":1066,\"publisher\":{\"@id\":\"https:\\\/\\\/www.univ-guyane.fr\\\/#organization\"},\"image\":{\"@id\":\"https:\\\/\\\/www.univ-guyane.fr\\\/2025\\\/10\\\/08\\\/habiter-le-littoral-des-guyanes-retour-sur-un-projet-de-recherche-aux-frontieres-des-disciplines\\\/#primaryimage\"},\"thumbnailUrl\":\"https:\\\/\\\/www.univ-guyane.fr\\\/wp-content\\\/uploads\\\/frontieres.jpg\",\"articleSection\":[\"\u2022 LEEISA\",\"\u2022 LSH\",\"\u2022\u00a0MINEA\"],\"inLanguage\":\"es\"},{\"@type\":\"WebPage\",\"@id\":\"https:\\\/\\\/www.univ-guyane.fr\\\/2025\\\/10\\\/08\\\/habiter-le-littoral-des-guyanes-retour-sur-un-projet-de-recherche-aux-frontieres-des-disciplines\\\/\",\"url\":\"https:\\\/\\\/www.univ-guyane.fr\\\/2025\\\/10\\\/08\\\/habiter-le-littoral-des-guyanes-retour-sur-un-projet-de-recherche-aux-frontieres-des-disciplines\\\/\",\"name\":\"Habiter le littoral des Guyanes : retour sur un projet de recherche aux fronti\u00e8res des disciplines &#8212; Universit\u00e9 de Guyane\",\"isPartOf\":{\"@id\":\"https:\\\/\\\/www.univ-guyane.fr\\\/#website\"},\"primaryImageOfPage\":{\"@id\":\"https:\\\/\\\/www.univ-guyane.fr\\\/2025\\\/10\\\/08\\\/habiter-le-littoral-des-guyanes-retour-sur-un-projet-de-recherche-aux-frontieres-des-disciplines\\\/#primaryimage\"},\"image\":{\"@id\":\"https:\\\/\\\/www.univ-guyane.fr\\\/2025\\\/10\\\/08\\\/habiter-le-littoral-des-guyanes-retour-sur-un-projet-de-recherche-aux-frontieres-des-disciplines\\\/#primaryimage\"},\"thumbnailUrl\":\"https:\\\/\\\/www.univ-guyane.fr\\\/wp-content\\\/uploads\\\/frontieres.jpg\",\"datePublished\":\"2025-10-08T13:45:25+00:00\",\"dateModified\":\"2025-10-22T15:13:01+00:00\",\"description\":\"Habiter le littoral des Guyanes : un s\u00e9minaire \u00e0 l\u2019Universit\u00e9 de Guyane explore les dynamiques humaines et environnementales d\u2019un littoral en perp\u00e9tuel changement.\",\"breadcrumb\":{\"@id\":\"https:\\\/\\\/www.univ-guyane.fr\\\/2025\\\/10\\\/08\\\/habiter-le-littoral-des-guyanes-retour-sur-un-projet-de-recherche-aux-frontieres-des-disciplines\\\/#breadcrumb\"},\"inLanguage\":\"es\",\"potentialAction\":[{\"@type\":\"ReadAction\",\"target\":[\"https:\\\/\\\/www.univ-guyane.fr\\\/2025\\\/10\\\/08\\\/habiter-le-littoral-des-guyanes-retour-sur-un-projet-de-recherche-aux-frontieres-des-disciplines\\\/\"]}]},{\"@type\":\"ImageObject\",\"inLanguage\":\"es\",\"@id\":\"https:\\\/\\\/www.univ-guyane.fr\\\/2025\\\/10\\\/08\\\/habiter-le-littoral-des-guyanes-retour-sur-un-projet-de-recherche-aux-frontieres-des-disciplines\\\/#primaryimage\",\"url\":\"https:\\\/\\\/www.univ-guyane.fr\\\/wp-content\\\/uploads\\\/frontieres.jpg\",\"contentUrl\":\"https:\\\/\\\/www.univ-guyane.fr\\\/wp-content\\\/uploads\\\/frontieres.jpg\",\"width\":1920,\"height\":1080},{\"@type\":\"BreadcrumbList\",\"@id\":\"https:\\\/\\\/www.univ-guyane.fr\\\/2025\\\/10\\\/08\\\/habiter-le-littoral-des-guyanes-retour-sur-un-projet-de-recherche-aux-frontieres-des-disciplines\\\/#breadcrumb\",\"itemListElement\":[{\"@type\":\"ListItem\",\"position\":1,\"name\":\"Accueil\",\"item\":\"https:\\\/\\\/www.univ-guyane.fr\\\/\"},{\"@type\":\"ListItem\",\"position\":2,\"name\":\"Habiter le littoral des Guyanes : retour sur un projet de recherche aux fronti\u00e8res des disciplines\"}]},{\"@type\":\"WebSite\",\"@id\":\"https:\\\/\\\/www.univ-guyane.fr\\\/#website\",\"url\":\"https:\\\/\\\/www.univ-guyane.fr\\\/\",\"name\":\"Universit\u00e9 de Guyane\",\"description\":\"Au c\u0153ur de l&#039;amazonie\",\"publisher\":{\"@id\":\"https:\\\/\\\/www.univ-guyane.fr\\\/#organization\"},\"alternateName\":\"UG\",\"potentialAction\":[{\"@type\":\"SearchAction\",\"target\":{\"@type\":\"EntryPoint\",\"urlTemplate\":\"https:\\\/\\\/www.univ-guyane.fr\\\/?s={search_term_string}\"},\"query-input\":{\"@type\":\"PropertyValueSpecification\",\"valueRequired\":true,\"valueName\":\"search_term_string\"}}],\"inLanguage\":\"es\"},{\"@type\":\"Organization\",\"@id\":\"https:\\\/\\\/www.univ-guyane.fr\\\/#organization\",\"name\":\"Universit\u00e9 de Guyane\",\"alternateName\":\"UG\",\"url\":\"https:\\\/\\\/www.univ-guyane.fr\\\/\",\"logo\":{\"@type\":\"ImageObject\",\"inLanguage\":\"es\",\"@id\":\"https:\\\/\\\/www.univ-guyane.fr\\\/#\\\/schema\\\/logo\\\/image\\\/\",\"url\":\"https:\\\/\\\/www.univ-guyane.fr\\\/wp-content\\\/uploads\\\/2024\\\/05\\\/f.png\",\"contentUrl\":\"https:\\\/\\\/www.univ-guyane.fr\\\/wp-content\\\/uploads\\\/2024\\\/05\\\/f.png\",\"width\":1024,\"height\":1024,\"caption\":\"Universit\u00e9 de Guyane\"},\"image\":{\"@id\":\"https:\\\/\\\/www.univ-guyane.fr\\\/#\\\/schema\\\/logo\\\/image\\\/\"},\"sameAs\":[\"https:\\\/\\\/www.facebook.com\\\/univguyane\",\"https:\\\/\\\/x.com\\\/univguyane\",\"https:\\\/\\\/gf.linkedin.com\\\/school\\\/universite-de-guyane\\\/\",\"https:\\\/\\\/www.instagram.com\\\/univ_guyane\\\/\"]},{\"@type\":\"Person\",\"@id\":\"https:\\\/\\\/www.univ-guyane.fr\\\/#\\\/schema\\\/person\\\/86d946a28a8be51bb096ccfdf19db179\",\"name\":\"Erick Loiti\u00e8re\",\"image\":{\"@type\":\"ImageObject\",\"inLanguage\":\"es\",\"@id\":\"https:\\\/\\\/secure.gravatar.com\\\/avatar\\\/0584f332103fbeaf37e52c73b15dca3c547fd9300deb05764e9ad8714839d072?s=96&d=robohash&r=g\",\"url\":\"https:\\\/\\\/secure.gravatar.com\\\/avatar\\\/0584f332103fbeaf37e52c73b15dca3c547fd9300deb05764e9ad8714839d072?s=96&d=robohash&r=g\",\"contentUrl\":\"https:\\\/\\\/secure.gravatar.com\\\/avatar\\\/0584f332103fbeaf37e52c73b15dca3c547fd9300deb05764e9ad8714839d072?s=96&d=robohash&r=g\",\"caption\":\"Erick Loiti\u00e8re\"},\"sameAs\":[\"http:\\\/\\\/www.univ-guyane.fr\"],\"url\":\"https:\\\/\\\/www.univ-guyane.fr\\\/es\\\/author\\\/eloitierdbz\\\/\"}]}<\/script>\n<!-- \/ Yoast SEO plugin. -->","yoast_head_json":{"title":"Habitar el litoral guayan\u00e9s: retrospectiva de un proyecto de investigaci\u00f3n en la frontera de las disciplinas - Universit\u00e9 de Guyane","description":"Habitar el litoral guayan\u00e9s: un seminario en la Universidad de Guayana explora la din\u00e1mica humana y medioambiental de un litoral en constante cambio.","robots":{"index":"index","follow":"follow","max-snippet":"max-snippet:-1","max-image-preview":"max-image-preview:large","max-video-preview":"max-video-preview:-1"},"canonical":"https:\/\/www.univ-guyane.fr\/es\/2025\/10\/08\/habiter-le-littoral-des-guyanes-retour-sur-un-projet-de-recherche-aux-frontieres-des-disciplines\/","og_locale":"es_ES","og_type":"article","og_title":"Habiter le littoral des Guyanes : retour sur un projet de recherche aux fronti\u00e8res des disciplines &#8212; Universit\u00e9 de Guyane","og_description":"Habiter le littoral des Guyanes : un s\u00e9minaire \u00e0 l\u2019Universit\u00e9 de Guyane explore les dynamiques humaines et environnementales d\u2019un littoral en perp\u00e9tuel changement.","og_url":"https:\/\/www.univ-guyane.fr\/es\/2025\/10\/08\/habiter-le-littoral-des-guyanes-retour-sur-un-projet-de-recherche-aux-frontieres-des-disciplines\/","og_site_name":"Universit\u00e9 de Guyane","article_publisher":"https:\/\/www.facebook.com\/univguyane","article_published_time":"2025-10-08T13:45:25+00:00","article_modified_time":"2025-10-22T15:13:01+00:00","og_image":[{"width":1920,"height":1080,"url":"https:\/\/www.univ-guyane.fr\/wp-content\/uploads\/frontieres.jpg","type":"image\/jpeg"}],"author":"Erick Loiti\u00e8re","twitter_card":"summary_large_image","twitter_creator":"@univguyane","twitter_site":"@univguyane","twitter_misc":{"Escrito por":"Erick Loiti\u00e8re","Tiempo de lectura":"4 minutos"},"schema":{"@context":"https:\/\/schema.org","@graph":[{"@type":"Article","@id":"https:\/\/www.univ-guyane.fr\/2025\/10\/08\/habiter-le-littoral-des-guyanes-retour-sur-un-projet-de-recherche-aux-frontieres-des-disciplines\/#article","isPartOf":{"@id":"https:\/\/www.univ-guyane.fr\/2025\/10\/08\/habiter-le-littoral-des-guyanes-retour-sur-un-projet-de-recherche-aux-frontieres-des-disciplines\/"},"author":{"name":"Erick Loiti\u00e8re","@id":"https:\/\/www.univ-guyane.fr\/#\/schema\/person\/86d946a28a8be51bb096ccfdf19db179"},"headline":"Habiter le littoral des Guyanes : retour sur un projet de recherche aux fronti\u00e8res des disciplines","datePublished":"2025-10-08T13:45:25+00:00","dateModified":"2025-10-22T15:13:01+00:00","mainEntityOfPage":{"@id":"https:\/\/www.univ-guyane.fr\/2025\/10\/08\/habiter-le-littoral-des-guyanes-retour-sur-un-projet-de-recherche-aux-frontieres-des-disciplines\/"},"wordCount":1066,"publisher":{"@id":"https:\/\/www.univ-guyane.fr\/#organization"},"image":{"@id":"https:\/\/www.univ-guyane.fr\/2025\/10\/08\/habiter-le-littoral-des-guyanes-retour-sur-un-projet-de-recherche-aux-frontieres-des-disciplines\/#primaryimage"},"thumbnailUrl":"https:\/\/www.univ-guyane.fr\/wp-content\/uploads\/frontieres.jpg","articleSection":["\u2022 LEEISA","\u2022 LSH","\u2022\u00a0MINEA"],"inLanguage":"es"},{"@type":"WebPage","@id":"https:\/\/www.univ-guyane.fr\/2025\/10\/08\/habiter-le-littoral-des-guyanes-retour-sur-un-projet-de-recherche-aux-frontieres-des-disciplines\/","url":"https:\/\/www.univ-guyane.fr\/2025\/10\/08\/habiter-le-littoral-des-guyanes-retour-sur-un-projet-de-recherche-aux-frontieres-des-disciplines\/","name":"Habitar el litoral guayan\u00e9s: retrospectiva de un proyecto de investigaci\u00f3n en la frontera de las disciplinas - Universit\u00e9 de Guyane","isPartOf":{"@id":"https:\/\/www.univ-guyane.fr\/#website"},"primaryImageOfPage":{"@id":"https:\/\/www.univ-guyane.fr\/2025\/10\/08\/habiter-le-littoral-des-guyanes-retour-sur-un-projet-de-recherche-aux-frontieres-des-disciplines\/#primaryimage"},"image":{"@id":"https:\/\/www.univ-guyane.fr\/2025\/10\/08\/habiter-le-littoral-des-guyanes-retour-sur-un-projet-de-recherche-aux-frontieres-des-disciplines\/#primaryimage"},"thumbnailUrl":"https:\/\/www.univ-guyane.fr\/wp-content\/uploads\/frontieres.jpg","datePublished":"2025-10-08T13:45:25+00:00","dateModified":"2025-10-22T15:13:01+00:00","description":"Habitar el litoral guayan\u00e9s: un seminario en la Universidad de Guayana explora la din\u00e1mica humana y medioambiental de un litoral en constante cambio.","breadcrumb":{"@id":"https:\/\/www.univ-guyane.fr\/2025\/10\/08\/habiter-le-littoral-des-guyanes-retour-sur-un-projet-de-recherche-aux-frontieres-des-disciplines\/#breadcrumb"},"inLanguage":"es","potentialAction":[{"@type":"ReadAction","target":["https:\/\/www.univ-guyane.fr\/2025\/10\/08\/habiter-le-littoral-des-guyanes-retour-sur-un-projet-de-recherche-aux-frontieres-des-disciplines\/"]}]},{"@type":"ImageObject","inLanguage":"es","@id":"https:\/\/www.univ-guyane.fr\/2025\/10\/08\/habiter-le-littoral-des-guyanes-retour-sur-un-projet-de-recherche-aux-frontieres-des-disciplines\/#primaryimage","url":"https:\/\/www.univ-guyane.fr\/wp-content\/uploads\/frontieres.jpg","contentUrl":"https:\/\/www.univ-guyane.fr\/wp-content\/uploads\/frontieres.jpg","width":1920,"height":1080},{"@type":"BreadcrumbList","@id":"https:\/\/www.univ-guyane.fr\/2025\/10\/08\/habiter-le-littoral-des-guyanes-retour-sur-un-projet-de-recherche-aux-frontieres-des-disciplines\/#breadcrumb","itemListElement":[{"@type":"ListItem","position":1,"name":"Accueil","item":"https:\/\/www.univ-guyane.fr\/"},{"@type":"ListItem","position":2,"name":"Habiter le littoral des Guyanes : retour sur un projet de recherche aux fronti\u00e8res des disciplines"}]},{"@type":"WebSite","@id":"https:\/\/www.univ-guyane.fr\/#website","url":"https:\/\/www.univ-guyane.fr\/","name":"Universidad de Guyana","description":"En el coraz\u00f3n de la Amazonia","publisher":{"@id":"https:\/\/www.univ-guyane.fr\/#organization"},"alternateName":"UG","potentialAction":[{"@type":"SearchAction","target":{"@type":"EntryPoint","urlTemplate":"https:\/\/www.univ-guyane.fr\/?s={search_term_string}"},"query-input":{"@type":"PropertyValueSpecification","valueRequired":true,"valueName":"search_term_string"}}],"inLanguage":"es"},{"@type":"Organization","@id":"https:\/\/www.univ-guyane.fr\/#organization","name":"Universidad de Guyana","alternateName":"UG","url":"https:\/\/www.univ-guyane.fr\/","logo":{"@type":"ImageObject","inLanguage":"es","@id":"https:\/\/www.univ-guyane.fr\/#\/schema\/logo\/image\/","url":"https:\/\/www.univ-guyane.fr\/wp-content\/uploads\/2024\/05\/f.png","contentUrl":"https:\/\/www.univ-guyane.fr\/wp-content\/uploads\/2024\/05\/f.png","width":1024,"height":1024,"caption":"Universit\u00e9 de Guyane"},"image":{"@id":"https:\/\/www.univ-guyane.fr\/#\/schema\/logo\/image\/"},"sameAs":["https:\/\/www.facebook.com\/univguyane","https:\/\/x.com\/univguyane","https:\/\/gf.linkedin.com\/school\/universite-de-guyane\/","https:\/\/www.instagram.com\/univ_guyane\/"]},{"@type":"Person","@id":"https:\/\/www.univ-guyane.fr\/#\/schema\/person\/86d946a28a8be51bb096ccfdf19db179","name":"Erick Loiti\u00e8re","image":{"@type":"ImageObject","inLanguage":"es","@id":"https:\/\/secure.gravatar.com\/avatar\/0584f332103fbeaf37e52c73b15dca3c547fd9300deb05764e9ad8714839d072?s=96&d=robohash&r=g","url":"https:\/\/secure.gravatar.com\/avatar\/0584f332103fbeaf37e52c73b15dca3c547fd9300deb05764e9ad8714839d072?s=96&d=robohash&r=g","contentUrl":"https:\/\/secure.gravatar.com\/avatar\/0584f332103fbeaf37e52c73b15dca3c547fd9300deb05764e9ad8714839d072?s=96&d=robohash&r=g","caption":"Erick Loiti\u00e8re"},"sameAs":["http:\/\/www.univ-guyane.fr"],"url":"https:\/\/www.univ-guyane.fr\/es\/author\/eloitierdbz\/"}]}},"_links":{"self":[{"href":"https:\/\/www.univ-guyane.fr\/es\/wp-json\/wp\/v2\/posts\/13407","targetHints":{"allow":["GET"]}}],"collection":[{"href":"https:\/\/www.univ-guyane.fr\/es\/wp-json\/wp\/v2\/posts"}],"about":[{"href":"https:\/\/www.univ-guyane.fr\/es\/wp-json\/wp\/v2\/types\/post"}],"author":[{"embeddable":true,"href":"https:\/\/www.univ-guyane.fr\/es\/wp-json\/wp\/v2\/users\/1"}],"replies":[{"embeddable":true,"href":"https:\/\/www.univ-guyane.fr\/es\/wp-json\/wp\/v2\/comments?post=13407"}],"version-history":[{"count":10,"href":"https:\/\/www.univ-guyane.fr\/es\/wp-json\/wp\/v2\/posts\/13407\/revisions"}],"predecessor-version":[{"id":13548,"href":"https:\/\/www.univ-guyane.fr\/es\/wp-json\/wp\/v2\/posts\/13407\/revisions\/13548"}],"wp:featuredmedia":[{"embeddable":true,"href":"https:\/\/www.univ-guyane.fr\/es\/wp-json\/wp\/v2\/media\/13410"}],"wp:attachment":[{"href":"https:\/\/www.univ-guyane.fr\/es\/wp-json\/wp\/v2\/media?parent=13407"}],"wp:term":[{"taxonomy":"category","embeddable":true,"href":"https:\/\/www.univ-guyane.fr\/es\/wp-json\/wp\/v2\/categories?post=13407"},{"taxonomy":"post_tag","embeddable":true,"href":"https:\/\/www.univ-guyane.fr\/es\/wp-json\/wp\/v2\/tags?post=13407"}],"curies":[{"name":"wp","href":"https:\/\/api.w.org\/{rel}","templated":true}]}}