{"id":13875,"date":"2025-12-15T15:56:54","date_gmt":"2025-12-15T18:56:54","guid":{"rendered":"https:\/\/www.univ-guyane.fr\/?p=13875"},"modified":"2025-12-15T15:56:54","modified_gmt":"2025-12-15T18:56:54","slug":"distinction-de-deux-etudiantes-admises-a-lexamen-dentree-au-crfpa","status":"publish","type":"post","link":"https:\/\/www.univ-guyane.fr\/es\/2025\/12\/15\/distinction-de-deux-etudiantes-admises-a-lexamen-dentree-au-crfpa\/","title":{"rendered":"Distinci\u00f3n de dos estudiantes admitidas en el examen de ingreso al CRFPA"},"content":{"rendered":"<div id=\"fws_69f5934262325\"  data-column-margin=\"default\" data-midnight=\"dark\"  class=\"wpb_row vc_row-fluid vc_row\"  style=\"padding-top: 0px; padding-bottom: 0px; \"><div class=\"row-bg-wrap\" data-bg-animation=\"none\" data-bg-animation-delay=\"\" data-bg-overlay=\"false\"><div class=\"inner-wrap row-bg-layer\" ><div class=\"row-bg viewport-desktop\"  style=\"\"><\/div><\/div><\/div><div class=\"row_col_wrap_12 col span_12 dark left\">\n\t<div  class=\"vc_col-sm-12 wpb_column column_container vc_column_container col no-extra-padding inherit_tablet inherit_phone\"  data-padding-pos=\"all\" data-has-bg-color=\"false\" data-bg-color=\"\" data-bg-opacity=\"1\" data-animation=\"\" data-delay=\"0\" >\n\t\t<div class=\"vc_column-inner\" >\n\t\t\t<div class=\"wpb_wrapper\">\n\t\t\t\t\n<div class=\"wpb_text_column wpb_content_element  ug_chapo\" >\n\t<h2>Dos alumnas del Instituto de Estudios Judiciales de la Universidad de Guayana han aprobado con nota el examen de acceso al centro regional de formaci\u00f3n profesional para abogados. Este reconocimiento pone de relieve su trayectoria de excelencia, la calidad de la formaci\u00f3n jur\u00eddica que ofrece la UG y el compromiso de su equipo docente con el \u00e9xito de los alumnos.<\/h2>\n<\/div>\n\n\n\n\n<div class=\"wpb_text_column wpb_content_element\" >\n\t<h3>La Universidad de Guayana honra la excelencia y el \u00e9xito del IEJ<\/h3>\n<p>La Universidad de Guayana felicita calurosamente a dos alumnas del Instituto de Estudios Judiciales por haber aprobado el examen de ingreso al Centro Regional de Formaci\u00f3n Profesional de Abogados (CRFPA). Este \u00e9xito es un reconocimiento al compromiso, el trabajo y la perseverancia de estas alumnas, as\u00ed como a la calidad del acompa\u00f1amiento pedag\u00f3gico que ofrece la UG.<\/p>\n<p>Esta admisi\u00f3n en el CRFPA, red que agrupa a las 11 prestigiosas escuelas de abogados, constituye una etapa decisiva en la formaci\u00f3n de estos futuros juristas. Ilustra el dinamismo y el nivel de exigencia de la formaci\u00f3n jur\u00eddica local, y da testimonio de la capacidad del IEJ de la Universidad de Guayana para preparar eficazmente a sus estudiantes para los concursos y ex\u00e1menes de las profesiones de la justicia y el derecho desde hace un a\u00f1o.<\/p>\n<p>Con el fin de reconocer este \u00e9xito ejemplar y homenajear a esta promoci\u00f3n, el viernes 12 de diciembre se organiz\u00f3 una ceremonia de distinci\u00f3n en la Universidad. En presencia de sus familias, representantes de la CTG, del Tribunal Administrativo y del Colegio de Abogados de Cayena, Anne-Sophie N'DAMITE y Yasmine KRIM recibieron las felicitaciones de Laurent LINGUET, presidente de la Universidad, y Jean-Philippe VAUTHIER, director del IEJ. Christiane TAUBIRA, antigua ministra de Justicia y madrina de esta primera promoci\u00f3n, envi\u00f3 incluso un mensaje de apoyo y reconocimiento a trav\u00e9s de un v\u00eddeo.<\/p>\n<p>La ceremonia, solemne y cordial, fue una oportunidad para repasar la trayectoria de las galardonadas, compartir experiencias y reforzar los lazos entre las diferentes promociones y los equipos docentes. Este reconocimiento se inscribe plenamente en la misi\u00f3n de la Universidad de Guayana de favorecer el \u00e9xito de sus estudiantes, apoyar las ambiciones profesionales de sus titulados y contribuir, en general, al prestigio de la carrera de Derecho en el territorio.<\/p>\n<\/div>\n\n\n\n\n\t\t\t<\/div> \n\t\t<\/div>\n\t<\/div> \n<\/div><\/div>\n\t\t<div id=\"fws_69f59342627a4\"  data-column-margin=\"default\" data-midnight=\"dark\"  class=\"wpb_row vc_row-fluid vc_row\"  style=\"padding-top: 0px; padding-bottom: 0px; \"><div class=\"row-bg-wrap\" data-bg-animation=\"none\" data-bg-animation-delay=\"\" data-bg-overlay=\"false\"><div class=\"inner-wrap row-bg-layer\" ><div class=\"row-bg viewport-desktop\"  style=\"\"><\/div><\/div><\/div><div class=\"row_col_wrap_12 col span_12 dark left\">\n\t<div style=\"\" class=\"vc_col-sm-12 wpb_column column_container vc_column_container col left_padding_desktop_30px top_padding_desktop_30px right_padding_desktop_30px bottom_padding_desktop_30px\" data-using-bg=\"true\" data-border-radius=\"20px\" data-padding-pos=\"all\" data-has-bg-color=\"true\" data-bg-color=\"#f6edfb\" data-bg-opacity=\"1\" data-animation=\"\" data-delay=\"0\" >\n\t\t<div class=\"vc_column-inner\" ><div class=\"column-bg-overlay-wrap column-bg-layer\" data-bg-animation=\"none\"><div class=\"column-bg-overlay\" style=\"opacity: 1; background-color: #f6edfb;\"><\/div><\/div>\n\t\t\t<div class=\"wpb_wrapper\">\n\t\t\t\t\n<div class=\"wpb_text_column wpb_content_element\" >\n\t<h3>Preguntas frecuentes: distinci\u00f3n otorgada a dos alumnas admitidas en el CRFPA<\/h3>\n<p><strong>1. \u00bfDe qu\u00e9 se trata?<\/strong><br \/>\nSe trata de la distinci\u00f3n de dos estudiantes del IEJ de la Universidad de Guayana admitidas en el examen de ingreso al CRFPA.<\/p>\n<p><strong>2. \u00bfQui\u00e9nes son las estudiantes afectadas?<\/strong><br \/>\nAnne-Sophie N'Damite y Yasmine Krim, ganadoras del examen de ingreso al CRFPA.<\/p>\n<p><strong>3. \u00bfPor qu\u00e9 es importante este \u00e9xito?<\/strong><br \/>\nLa admisi\u00f3n en el CRFPA constituye un paso clave hacia la profesi\u00f3n de abogado y da fe de la excelencia de la formaci\u00f3n jur\u00eddica de la UG.<\/p>\n<p><strong>4. \u00bfC\u00f3mo ha valorado la universidad este logro?<\/strong><br \/>\nSe organiz\u00f3 una ceremonia de distinci\u00f3n en la Universidad de Guayana, a la que asistieron las familias y los socios institucionales.<\/p>\n<\/div>\n\n\n\n\n\t\t\t<\/div> \n\t\t<\/div>\n\t<\/div> \n<\/div><\/div>","protected":false},"excerpt":{"rendered":"Dos alumnas del Instituto de Estudios Judiciales de la Universidad de Guayana han aprobado con nota el examen de acceso...","protected":false},"author":1,"featured_media":13876,"comment_status":"closed","ping_status":"open","sticky":false,"template":"","format":"standard","meta":{"iawp_total_views":354,"footnotes":""},"categories":[252,3],"tags":[],"class_list":{"0":"post-13875","1":"post","2":"type-post","3":"status-publish","4":"format-standard","5":"has-post-thumbnail","7":"category-droit","8":"category-sje"},"yoast_head":"<!-- This site is optimized with the Yoast SEO plugin v27.5 - https:\/\/yoast.com\/product\/yoast-seo-wordpress\/ -->\n<title>Distinction de deux \u00e9tudiantes admises \u00e0 l\u2019examen d\u2019entr\u00e9e au CRFPA &#8212; Universit\u00e9 de Guyane<\/title>\n<meta name=\"description\" content=\"l\u2019universit\u00e9 de guyane distingue deux \u00e9tudiantes de l\u2019iej admises \u00e0 l\u2019examen d\u2019entr\u00e9e au crfpa, saluant leur excellence, leur engagement et la qualit\u00e9 de la formation juridique propos\u00e9e.\" \/>\n<meta name=\"robots\" content=\"index, follow, max-snippet:-1, max-image-preview:large, max-video-preview:-1\" \/>\n<link rel=\"canonical\" href=\"https:\/\/www.univ-guyane.fr\/es\/2025\/12\/15\/distinction-de-deux-etudiantes-admises-a-lexamen-dentree-au-crfpa\/\" \/>\n<meta property=\"og:locale\" content=\"es_ES\" \/>\n<meta property=\"og:type\" content=\"article\" \/>\n<meta property=\"og:title\" content=\"Distinction de deux \u00e9tudiantes admises \u00e0 l\u2019examen d\u2019entr\u00e9e au CRFPA &#8212; Universit\u00e9 de Guyane\" \/>\n<meta property=\"og:description\" content=\"l\u2019universit\u00e9 de guyane distingue deux \u00e9tudiantes de l\u2019iej admises \u00e0 l\u2019examen d\u2019entr\u00e9e au crfpa, saluant leur excellence, leur engagement et la qualit\u00e9 de la formation juridique propos\u00e9e.\" \/>\n<meta property=\"og:url\" content=\"https:\/\/www.univ-guyane.fr\/es\/2025\/12\/15\/distinction-de-deux-etudiantes-admises-a-lexamen-dentree-au-crfpa\/\" \/>\n<meta property=\"og:site_name\" content=\"Universit\u00e9 de Guyane\" \/>\n<meta property=\"article:publisher\" content=\"https:\/\/www.facebook.com\/univguyane\" \/>\n<meta property=\"article:published_time\" content=\"2025-12-15T18:56:54+00:00\" \/>\n<meta property=\"og:image\" content=\"https:\/\/www.univ-guyane.fr\/wp-content\/uploads\/distinction-des-etudiantes-de-lug-au-crfpa-universite-de-guyane.jpg\" \/>\n\t<meta property=\"og:image:width\" content=\"1920\" \/>\n\t<meta property=\"og:image:height\" content=\"1080\" \/>\n\t<meta property=\"og:image:type\" content=\"image\/jpeg\" \/>\n<meta name=\"author\" content=\"Erick Loiti\u00e8re\" \/>\n<meta name=\"twitter:card\" content=\"summary_large_image\" \/>\n<meta name=\"twitter:creator\" content=\"@univguyane\" \/>\n<meta name=\"twitter:site\" content=\"@univguyane\" \/>\n<meta name=\"twitter:label1\" content=\"Escrito por\" \/>\n\t<meta name=\"twitter:data1\" content=\"Erick Loiti\u00e8re\" \/>\n\t<meta name=\"twitter:label2\" content=\"Tiempo de lectura\" \/>\n\t<meta name=\"twitter:data2\" content=\"3 minutos\" \/>\n<script type=\"application\/ld+json\" class=\"yoast-schema-graph\">{\"@context\":\"https:\\\/\\\/schema.org\",\"@graph\":[{\"@type\":\"Article\",\"@id\":\"https:\\\/\\\/www.univ-guyane.fr\\\/2025\\\/12\\\/15\\\/distinction-de-deux-etudiantes-admises-a-lexamen-dentree-au-crfpa\\\/#article\",\"isPartOf\":{\"@id\":\"https:\\\/\\\/www.univ-guyane.fr\\\/2025\\\/12\\\/15\\\/distinction-de-deux-etudiantes-admises-a-lexamen-dentree-au-crfpa\\\/\"},\"author\":{\"name\":\"Erick Loiti\u00e8re\",\"@id\":\"https:\\\/\\\/www.univ-guyane.fr\\\/#\\\/schema\\\/person\\\/86d946a28a8be51bb096ccfdf19db179\"},\"headline\":\"Distinction de deux \u00e9tudiantes admises \u00e0 l\u2019examen d\u2019entr\u00e9e au CRFPA\",\"datePublished\":\"2025-12-15T18:56:54+00:00\",\"mainEntityOfPage\":{\"@id\":\"https:\\\/\\\/www.univ-guyane.fr\\\/2025\\\/12\\\/15\\\/distinction-de-deux-etudiantes-admises-a-lexamen-dentree-au-crfpa\\\/\"},\"wordCount\":912,\"publisher\":{\"@id\":\"https:\\\/\\\/www.univ-guyane.fr\\\/#organization\"},\"image\":{\"@id\":\"https:\\\/\\\/www.univ-guyane.fr\\\/2025\\\/12\\\/15\\\/distinction-de-deux-etudiantes-admises-a-lexamen-dentree-au-crfpa\\\/#primaryimage\"},\"thumbnailUrl\":\"https:\\\/\\\/www.univ-guyane.fr\\\/wp-content\\\/uploads\\\/distinction-des-etudiantes-de-lug-au-crfpa-universite-de-guyane.jpg\",\"articleSection\":[\"\u2022\u00a0Droit\",\"\u2022\u00a0SJE\"],\"inLanguage\":\"es\"},{\"@type\":\"WebPage\",\"@id\":\"https:\\\/\\\/www.univ-guyane.fr\\\/2025\\\/12\\\/15\\\/distinction-de-deux-etudiantes-admises-a-lexamen-dentree-au-crfpa\\\/\",\"url\":\"https:\\\/\\\/www.univ-guyane.fr\\\/2025\\\/12\\\/15\\\/distinction-de-deux-etudiantes-admises-a-lexamen-dentree-au-crfpa\\\/\",\"name\":\"Distinction de deux \u00e9tudiantes admises \u00e0 l\u2019examen d\u2019entr\u00e9e au CRFPA &#8212; Universit\u00e9 de Guyane\",\"isPartOf\":{\"@id\":\"https:\\\/\\\/www.univ-guyane.fr\\\/#website\"},\"primaryImageOfPage\":{\"@id\":\"https:\\\/\\\/www.univ-guyane.fr\\\/2025\\\/12\\\/15\\\/distinction-de-deux-etudiantes-admises-a-lexamen-dentree-au-crfpa\\\/#primaryimage\"},\"image\":{\"@id\":\"https:\\\/\\\/www.univ-guyane.fr\\\/2025\\\/12\\\/15\\\/distinction-de-deux-etudiantes-admises-a-lexamen-dentree-au-crfpa\\\/#primaryimage\"},\"thumbnailUrl\":\"https:\\\/\\\/www.univ-guyane.fr\\\/wp-content\\\/uploads\\\/distinction-des-etudiantes-de-lug-au-crfpa-universite-de-guyane.jpg\",\"datePublished\":\"2025-12-15T18:56:54+00:00\",\"description\":\"l\u2019universit\u00e9 de guyane distingue deux \u00e9tudiantes de l\u2019iej admises \u00e0 l\u2019examen d\u2019entr\u00e9e au crfpa, saluant leur excellence, leur engagement et la qualit\u00e9 de la formation juridique propos\u00e9e.\",\"breadcrumb\":{\"@id\":\"https:\\\/\\\/www.univ-guyane.fr\\\/2025\\\/12\\\/15\\\/distinction-de-deux-etudiantes-admises-a-lexamen-dentree-au-crfpa\\\/#breadcrumb\"},\"inLanguage\":\"es\",\"potentialAction\":[{\"@type\":\"ReadAction\",\"target\":[\"https:\\\/\\\/www.univ-guyane.fr\\\/2025\\\/12\\\/15\\\/distinction-de-deux-etudiantes-admises-a-lexamen-dentree-au-crfpa\\\/\"]}]},{\"@type\":\"ImageObject\",\"inLanguage\":\"es\",\"@id\":\"https:\\\/\\\/www.univ-guyane.fr\\\/2025\\\/12\\\/15\\\/distinction-de-deux-etudiantes-admises-a-lexamen-dentree-au-crfpa\\\/#primaryimage\",\"url\":\"https:\\\/\\\/www.univ-guyane.fr\\\/wp-content\\\/uploads\\\/distinction-des-etudiantes-de-lug-au-crfpa-universite-de-guyane.jpg\",\"contentUrl\":\"https:\\\/\\\/www.univ-guyane.fr\\\/wp-content\\\/uploads\\\/distinction-des-etudiantes-de-lug-au-crfpa-universite-de-guyane.jpg\",\"width\":1920,\"height\":1080},{\"@type\":\"BreadcrumbList\",\"@id\":\"https:\\\/\\\/www.univ-guyane.fr\\\/2025\\\/12\\\/15\\\/distinction-de-deux-etudiantes-admises-a-lexamen-dentree-au-crfpa\\\/#breadcrumb\",\"itemListElement\":[{\"@type\":\"ListItem\",\"position\":1,\"name\":\"Accueil\",\"item\":\"https:\\\/\\\/www.univ-guyane.fr\\\/\"},{\"@type\":\"ListItem\",\"position\":2,\"name\":\"Distinction de deux \u00e9tudiantes admises \u00e0 l\u2019examen d\u2019entr\u00e9e au CRFPA\"}]},{\"@type\":\"WebSite\",\"@id\":\"https:\\\/\\\/www.univ-guyane.fr\\\/#website\",\"url\":\"https:\\\/\\\/www.univ-guyane.fr\\\/\",\"name\":\"Universit\u00e9 de Guyane\",\"description\":\"Au c\u0153ur de l&#039;amazonie\",\"publisher\":{\"@id\":\"https:\\\/\\\/www.univ-guyane.fr\\\/#organization\"},\"alternateName\":\"UG\",\"potentialAction\":[{\"@type\":\"SearchAction\",\"target\":{\"@type\":\"EntryPoint\",\"urlTemplate\":\"https:\\\/\\\/www.univ-guyane.fr\\\/?s={search_term_string}\"},\"query-input\":{\"@type\":\"PropertyValueSpecification\",\"valueRequired\":true,\"valueName\":\"search_term_string\"}}],\"inLanguage\":\"es\"},{\"@type\":\"Organization\",\"@id\":\"https:\\\/\\\/www.univ-guyane.fr\\\/#organization\",\"name\":\"Universit\u00e9 de Guyane\",\"alternateName\":\"UG\",\"url\":\"https:\\\/\\\/www.univ-guyane.fr\\\/\",\"logo\":{\"@type\":\"ImageObject\",\"inLanguage\":\"es\",\"@id\":\"https:\\\/\\\/www.univ-guyane.fr\\\/#\\\/schema\\\/logo\\\/image\\\/\",\"url\":\"https:\\\/\\\/www.univ-guyane.fr\\\/wp-content\\\/uploads\\\/2024\\\/05\\\/f.png\",\"contentUrl\":\"https:\\\/\\\/www.univ-guyane.fr\\\/wp-content\\\/uploads\\\/2024\\\/05\\\/f.png\",\"width\":1024,\"height\":1024,\"caption\":\"Universit\u00e9 de Guyane\"},\"image\":{\"@id\":\"https:\\\/\\\/www.univ-guyane.fr\\\/#\\\/schema\\\/logo\\\/image\\\/\"},\"sameAs\":[\"https:\\\/\\\/www.facebook.com\\\/univguyane\",\"https:\\\/\\\/x.com\\\/univguyane\",\"https:\\\/\\\/gf.linkedin.com\\\/school\\\/universite-de-guyane\\\/\",\"https:\\\/\\\/www.instagram.com\\\/univ_guyane\\\/\"]},{\"@type\":\"Person\",\"@id\":\"https:\\\/\\\/www.univ-guyane.fr\\\/#\\\/schema\\\/person\\\/86d946a28a8be51bb096ccfdf19db179\",\"name\":\"Erick Loiti\u00e8re\",\"image\":{\"@type\":\"ImageObject\",\"inLanguage\":\"es\",\"@id\":\"https:\\\/\\\/secure.gravatar.com\\\/avatar\\\/0584f332103fbeaf37e52c73b15dca3c547fd9300deb05764e9ad8714839d072?s=96&d=robohash&r=g\",\"url\":\"https:\\\/\\\/secure.gravatar.com\\\/avatar\\\/0584f332103fbeaf37e52c73b15dca3c547fd9300deb05764e9ad8714839d072?s=96&d=robohash&r=g\",\"contentUrl\":\"https:\\\/\\\/secure.gravatar.com\\\/avatar\\\/0584f332103fbeaf37e52c73b15dca3c547fd9300deb05764e9ad8714839d072?s=96&d=robohash&r=g\",\"caption\":\"Erick Loiti\u00e8re\"},\"sameAs\":[\"http:\\\/\\\/www.univ-guyane.fr\"],\"url\":\"https:\\\/\\\/www.univ-guyane.fr\\\/es\\\/author\\\/eloitierdbz\\\/\"}]}<\/script>\n<!-- \/ Yoast SEO plugin. -->","yoast_head_json":{"title":"Distinci\u00f3n de dos estudiantes admitidas en el examen de ingreso al CRFPA \u2014 Universidad de Guayana","description":"La Universidad de Guayana distingue a dos alumnas del IEJ admitidas en el examen de acceso al CRFPA, elogiando su excelencia, su compromiso y la calidad de la formaci\u00f3n jur\u00eddica impartida.","robots":{"index":"index","follow":"follow","max-snippet":"max-snippet:-1","max-image-preview":"max-image-preview:large","max-video-preview":"max-video-preview:-1"},"canonical":"https:\/\/www.univ-guyane.fr\/es\/2025\/12\/15\/distinction-de-deux-etudiantes-admises-a-lexamen-dentree-au-crfpa\/","og_locale":"es_ES","og_type":"article","og_title":"Distinction de deux \u00e9tudiantes admises \u00e0 l\u2019examen d\u2019entr\u00e9e au CRFPA &#8212; Universit\u00e9 de Guyane","og_description":"l\u2019universit\u00e9 de guyane distingue deux \u00e9tudiantes de l\u2019iej admises \u00e0 l\u2019examen d\u2019entr\u00e9e au crfpa, saluant leur excellence, leur engagement et la qualit\u00e9 de la formation juridique propos\u00e9e.","og_url":"https:\/\/www.univ-guyane.fr\/es\/2025\/12\/15\/distinction-de-deux-etudiantes-admises-a-lexamen-dentree-au-crfpa\/","og_site_name":"Universit\u00e9 de Guyane","article_publisher":"https:\/\/www.facebook.com\/univguyane","article_published_time":"2025-12-15T18:56:54+00:00","og_image":[{"width":1920,"height":1080,"url":"https:\/\/www.univ-guyane.fr\/wp-content\/uploads\/distinction-des-etudiantes-de-lug-au-crfpa-universite-de-guyane.jpg","type":"image\/jpeg"}],"author":"Erick Loiti\u00e8re","twitter_card":"summary_large_image","twitter_creator":"@univguyane","twitter_site":"@univguyane","twitter_misc":{"Escrito por":"Erick Loiti\u00e8re","Tiempo de lectura":"3 minutos"},"schema":{"@context":"https:\/\/schema.org","@graph":[{"@type":"Article","@id":"https:\/\/www.univ-guyane.fr\/2025\/12\/15\/distinction-de-deux-etudiantes-admises-a-lexamen-dentree-au-crfpa\/#article","isPartOf":{"@id":"https:\/\/www.univ-guyane.fr\/2025\/12\/15\/distinction-de-deux-etudiantes-admises-a-lexamen-dentree-au-crfpa\/"},"author":{"name":"Erick Loiti\u00e8re","@id":"https:\/\/www.univ-guyane.fr\/#\/schema\/person\/86d946a28a8be51bb096ccfdf19db179"},"headline":"Distinction de deux \u00e9tudiantes admises \u00e0 l\u2019examen d\u2019entr\u00e9e au CRFPA","datePublished":"2025-12-15T18:56:54+00:00","mainEntityOfPage":{"@id":"https:\/\/www.univ-guyane.fr\/2025\/12\/15\/distinction-de-deux-etudiantes-admises-a-lexamen-dentree-au-crfpa\/"},"wordCount":912,"publisher":{"@id":"https:\/\/www.univ-guyane.fr\/#organization"},"image":{"@id":"https:\/\/www.univ-guyane.fr\/2025\/12\/15\/distinction-de-deux-etudiantes-admises-a-lexamen-dentree-au-crfpa\/#primaryimage"},"thumbnailUrl":"https:\/\/www.univ-guyane.fr\/wp-content\/uploads\/distinction-des-etudiantes-de-lug-au-crfpa-universite-de-guyane.jpg","articleSection":["\u2022\u00a0Droit","\u2022\u00a0SJE"],"inLanguage":"es"},{"@type":"WebPage","@id":"https:\/\/www.univ-guyane.fr\/2025\/12\/15\/distinction-de-deux-etudiantes-admises-a-lexamen-dentree-au-crfpa\/","url":"https:\/\/www.univ-guyane.fr\/2025\/12\/15\/distinction-de-deux-etudiantes-admises-a-lexamen-dentree-au-crfpa\/","name":"Distinci\u00f3n de dos estudiantes admitidas en el examen de ingreso al CRFPA \u2014 Universidad de Guayana","isPartOf":{"@id":"https:\/\/www.univ-guyane.fr\/#website"},"primaryImageOfPage":{"@id":"https:\/\/www.univ-guyane.fr\/2025\/12\/15\/distinction-de-deux-etudiantes-admises-a-lexamen-dentree-au-crfpa\/#primaryimage"},"image":{"@id":"https:\/\/www.univ-guyane.fr\/2025\/12\/15\/distinction-de-deux-etudiantes-admises-a-lexamen-dentree-au-crfpa\/#primaryimage"},"thumbnailUrl":"https:\/\/www.univ-guyane.fr\/wp-content\/uploads\/distinction-des-etudiantes-de-lug-au-crfpa-universite-de-guyane.jpg","datePublished":"2025-12-15T18:56:54+00:00","description":"La Universidad de Guayana distingue a dos alumnas del IEJ admitidas en el examen de acceso al CRFPA, elogiando su excelencia, su compromiso y la calidad de la formaci\u00f3n jur\u00eddica impartida.","breadcrumb":{"@id":"https:\/\/www.univ-guyane.fr\/2025\/12\/15\/distinction-de-deux-etudiantes-admises-a-lexamen-dentree-au-crfpa\/#breadcrumb"},"inLanguage":"es","potentialAction":[{"@type":"ReadAction","target":["https:\/\/www.univ-guyane.fr\/2025\/12\/15\/distinction-de-deux-etudiantes-admises-a-lexamen-dentree-au-crfpa\/"]}]},{"@type":"ImageObject","inLanguage":"es","@id":"https:\/\/www.univ-guyane.fr\/2025\/12\/15\/distinction-de-deux-etudiantes-admises-a-lexamen-dentree-au-crfpa\/#primaryimage","url":"https:\/\/www.univ-guyane.fr\/wp-content\/uploads\/distinction-des-etudiantes-de-lug-au-crfpa-universite-de-guyane.jpg","contentUrl":"https:\/\/www.univ-guyane.fr\/wp-content\/uploads\/distinction-des-etudiantes-de-lug-au-crfpa-universite-de-guyane.jpg","width":1920,"height":1080},{"@type":"BreadcrumbList","@id":"https:\/\/www.univ-guyane.fr\/2025\/12\/15\/distinction-de-deux-etudiantes-admises-a-lexamen-dentree-au-crfpa\/#breadcrumb","itemListElement":[{"@type":"ListItem","position":1,"name":"Accueil","item":"https:\/\/www.univ-guyane.fr\/"},{"@type":"ListItem","position":2,"name":"Distinction de deux \u00e9tudiantes admises \u00e0 l\u2019examen d\u2019entr\u00e9e au CRFPA"}]},{"@type":"WebSite","@id":"https:\/\/www.univ-guyane.fr\/#website","url":"https:\/\/www.univ-guyane.fr\/","name":"Universidad de Guyana","description":"En el coraz\u00f3n de la Amazonia","publisher":{"@id":"https:\/\/www.univ-guyane.fr\/#organization"},"alternateName":"UG","potentialAction":[{"@type":"SearchAction","target":{"@type":"EntryPoint","urlTemplate":"https:\/\/www.univ-guyane.fr\/?s={search_term_string}"},"query-input":{"@type":"PropertyValueSpecification","valueRequired":true,"valueName":"search_term_string"}}],"inLanguage":"es"},{"@type":"Organization","@id":"https:\/\/www.univ-guyane.fr\/#organization","name":"Universidad de Guyana","alternateName":"UG","url":"https:\/\/www.univ-guyane.fr\/","logo":{"@type":"ImageObject","inLanguage":"es","@id":"https:\/\/www.univ-guyane.fr\/#\/schema\/logo\/image\/","url":"https:\/\/www.univ-guyane.fr\/wp-content\/uploads\/2024\/05\/f.png","contentUrl":"https:\/\/www.univ-guyane.fr\/wp-content\/uploads\/2024\/05\/f.png","width":1024,"height":1024,"caption":"Universit\u00e9 de Guyane"},"image":{"@id":"https:\/\/www.univ-guyane.fr\/#\/schema\/logo\/image\/"},"sameAs":["https:\/\/www.facebook.com\/univguyane","https:\/\/x.com\/univguyane","https:\/\/gf.linkedin.com\/school\/universite-de-guyane\/","https:\/\/www.instagram.com\/univ_guyane\/"]},{"@type":"Person","@id":"https:\/\/www.univ-guyane.fr\/#\/schema\/person\/86d946a28a8be51bb096ccfdf19db179","name":"Erick Loiti\u00e8re","image":{"@type":"ImageObject","inLanguage":"es","@id":"https:\/\/secure.gravatar.com\/avatar\/0584f332103fbeaf37e52c73b15dca3c547fd9300deb05764e9ad8714839d072?s=96&d=robohash&r=g","url":"https:\/\/secure.gravatar.com\/avatar\/0584f332103fbeaf37e52c73b15dca3c547fd9300deb05764e9ad8714839d072?s=96&d=robohash&r=g","contentUrl":"https:\/\/secure.gravatar.com\/avatar\/0584f332103fbeaf37e52c73b15dca3c547fd9300deb05764e9ad8714839d072?s=96&d=robohash&r=g","caption":"Erick Loiti\u00e8re"},"sameAs":["http:\/\/www.univ-guyane.fr"],"url":"https:\/\/www.univ-guyane.fr\/es\/author\/eloitierdbz\/"}]}},"_links":{"self":[{"href":"https:\/\/www.univ-guyane.fr\/es\/wp-json\/wp\/v2\/posts\/13875","targetHints":{"allow":["GET"]}}],"collection":[{"href":"https:\/\/www.univ-guyane.fr\/es\/wp-json\/wp\/v2\/posts"}],"about":[{"href":"https:\/\/www.univ-guyane.fr\/es\/wp-json\/wp\/v2\/types\/post"}],"author":[{"embeddable":true,"href":"https:\/\/www.univ-guyane.fr\/es\/wp-json\/wp\/v2\/users\/1"}],"replies":[{"embeddable":true,"href":"https:\/\/www.univ-guyane.fr\/es\/wp-json\/wp\/v2\/comments?post=13875"}],"version-history":[{"count":1,"href":"https:\/\/www.univ-guyane.fr\/es\/wp-json\/wp\/v2\/posts\/13875\/revisions"}],"predecessor-version":[{"id":13877,"href":"https:\/\/www.univ-guyane.fr\/es\/wp-json\/wp\/v2\/posts\/13875\/revisions\/13877"}],"wp:featuredmedia":[{"embeddable":true,"href":"https:\/\/www.univ-guyane.fr\/es\/wp-json\/wp\/v2\/media\/13876"}],"wp:attachment":[{"href":"https:\/\/www.univ-guyane.fr\/es\/wp-json\/wp\/v2\/media?parent=13875"}],"wp:term":[{"taxonomy":"category","embeddable":true,"href":"https:\/\/www.univ-guyane.fr\/es\/wp-json\/wp\/v2\/categories?post=13875"},{"taxonomy":"post_tag","embeddable":true,"href":"https:\/\/www.univ-guyane.fr\/es\/wp-json\/wp\/v2\/tags?post=13875"}],"curies":[{"name":"wp","href":"https:\/\/api.w.org\/{rel}","templated":true}]}}