{"id":14071,"date":"2026-03-13T09:28:45","date_gmt":"2026-03-13T12:28:45","guid":{"rendered":"https:\/\/www.univ-guyane.fr\/?p=14071"},"modified":"2026-03-13T09:28:45","modified_gmt":"2026-03-13T12:28:45","slug":"semaine-des-mathematiques-2026-universite-de-guyane-conferences-et-programme","status":"publish","type":"post","link":"https:\/\/www.univ-guyane.fr\/es\/2026\/03\/13\/semaine-des-mathematiques-2026-universite-de-guyane-conferences-et-programme\/","title":{"rendered":"Semana de las Matem\u00e1ticas 2026 de la Universidad de Guyana: conferencias y programa"},"content":{"rendered":"<div id=\"fws_69f17be06499d\"  data-column-margin=\"default\" data-midnight=\"dark\"  class=\"wpb_row vc_row-fluid vc_row\"  style=\"padding-top: 0px; padding-bottom: 0px; \"><div class=\"row-bg-wrap\" data-bg-animation=\"none\" data-bg-animation-delay=\"\" data-bg-overlay=\"false\"><div class=\"inner-wrap row-bg-layer\" ><div class=\"row-bg viewport-desktop\"  style=\"\"><\/div><\/div><\/div><div class=\"row_col_wrap_12 col span_12 dark left\">\n\t<div  class=\"vc_col-sm-12 wpb_column column_container vc_column_container col no-extra-padding inherit_tablet inherit_phone flex_gap_desktop_10px\"  data-padding-pos=\"all\" data-has-bg-color=\"false\" data-bg-color=\"\" data-bg-opacity=\"1\" data-animation=\"\" data-delay=\"0\" >\n\t\t<div class=\"vc_column-inner\" >\n\t\t\t<div class=\"wpb_wrapper\">\n\t\t\t\t\n<div class=\"wpb_text_column wpb_content_element  ug_chapo\" >\n\t<h2>La Semana de las Matem\u00e1ticas 2026 de la Universidad de Guayana se celebra del 14 al 25 de marzo bajo el lema \u00abIgualdad\u00bb. Se celebrar\u00e1n tres conferencias cient\u00edficas abiertas al p\u00fablico, presenciales y por videoconferencia, para promover la investigaci\u00f3n y la cultura matem\u00e1ticas.<\/h2>\n<\/div>\n\n\n\n\n<div class=\"wpb_text_column wpb_content_element\" >\n\t<p>Cada a\u00f1o, la Semana de las Matem\u00e1ticas celebra las matem\u00e1ticas a trav\u00e9s de eventos educativos y cient\u00edficos. En 2026, la Universidad de Guyana participa activamente en esta iniciativa nacional ofreciendo varias conferencias abiertas al p\u00fablico.<\/p>\n<p>La edici\u00f3n de 2026 se celebra del 14 al 25 de marzo y se centra en el tema \u00abIgualdad\u00bb. Este tema invita a reflexionar sobre el papel fundamental de la igualdad en el razonamiento matem\u00e1tico, pero tambi\u00e9n sobre sus aplicaciones en numerosos campos cient\u00edficos.<\/p>\n<p>Con este motivo, profesores y especialistas presentar\u00e1n sus trabajos y compartir\u00e1n sus reflexiones en conferencias organizadas en el campus. Las conferencias ser\u00e1n accesibles tanto en persona como por videoconferencia.<\/p>\n<h3>Un tema para 2026 centrado en la igualdad en matem\u00e1ticas<\/h3>\n<p>La \u00abigualdad\u00bb es un concepto central de las matem\u00e1ticas. Nos permite comprender las relaciones entre distintas expresiones, estructuras o fen\u00f3menos.<\/p>\n<p>Una igualdad puede expresar una identidad matem\u00e1tica, una equivalencia l\u00f3gica o una relaci\u00f3n estructural entre objetos matem\u00e1ticos. Por eso es el n\u00facleo de muchas demostraciones y modelos cient\u00edficos.<\/p>\n<p>Este tema tambi\u00e9n abre perspectivas interdisciplinarias. Ofrece la oportunidad de abordar cuestiones relacionadas con la educaci\u00f3n, la modelizaci\u00f3n y el an\u00e1lisis de los fen\u00f3menos naturales.<\/p>\n<h3>Conferencia del 16 de marzo de 2026: Igualdad en matem\u00e1ticas<\/h3>\n<p>La primera conferencia tendr\u00e1 lugar el lunes 16 de marzo de 2026 de 14:00 a 16:00 (hora de Guyana). Estar\u00e1 a cargo de Silv\u00e8re Paul NUIRO, profesora del IDH en la Universidad de Guyana.<\/p>\n<p>Con el t\u00edtulo \u00abIgualdades en matem\u00e1ticas: identidad, equivalencia y estructura\u00bb, esta conferencia ofrecer\u00e1 una mirada en profundidad a la noci\u00f3n de igualdad en matem\u00e1ticas.<\/p>\n<p>La conferencia tendr\u00e1 lugar en el anfiteatro A y ser\u00e1 accesible tanto presencialmente como a distancia.<\/p>\n<h3>Conferencia del 17 de marzo de 2026: pr\u00e1cticas de c\u00e1lculo mental<\/h3>\n<p>La segunda conferencia tendr\u00e1 lugar el martes 17 de marzo de 2026, tambi\u00e9n de 14.00 a 16.00 horas. Ser\u00e1 presentada por Manuel Gar\u00e7on, doctor en matem\u00e1ticas y miembro del INSPE de Martinica.<\/p>\n<p>Esta charla se centrar\u00e1 en \u00abPr\u00e1cticas de c\u00e1lculo mental: un an\u00e1lisis comparativo de Martinica y Senegal\u00bb. Se analizar\u00e1n los m\u00e9todos de ense\u00f1anza utilizados en diferentes contextos educativos.<\/p>\n<p>El objetivo es conocer mejor las estrategias de aprendizaje del c\u00e1lculo mental y su repercusi\u00f3n en el \u00e9xito acad\u00e9mico. La conferencia se ofrecer\u00e1 como sesi\u00f3n a distancia y se retransmitir\u00e1 en el anfiteatro A.<\/p>\n<h3>Conferencia del 19 de marzo de 2026: modelizaci\u00f3n y medio ambiente<\/h3>\n<p>La tercera conferencia tendr\u00e1 lugar el jueves 19 de marzo de 2026, de 14.00 a 16.00 horas. Estar\u00e1 a cargo de Alain Pietrus, profesor de matem\u00e1ticas de la Universidad de Guyana.<\/p>\n<p>Su ponencia se titula \u00abModelizaci\u00f3n de los efectos de la presi\u00f3n humana y el cambio clim\u00e1tico en la biomasa forestal\u00bb. Hablar\u00e1 del uso de modelos matem\u00e1ticos para analizar los cambios en los ecosistemas forestales.<\/p>\n<p>Esta conferencia ilustrar\u00e1 c\u00f3mo las matem\u00e1ticas contribuyen a comprender los problemas medioambientales. Tendr\u00e1 lugar en el anfiteatro C y ser\u00e1 accesible tanto presencialmente como por videoconferencia.<\/p>\n<h3>Un acto cient\u00edfico abierto a los estudiantes y al p\u00fablico<\/h3>\n<p>La Semana de las Matem\u00e1ticas 2026 de la Universidad de Guyana est\u00e1 dirigida a estudiantes, profesores y cualquier persona interesada en la cultura cient\u00edfica.<\/p>\n<p>El formato h\u00edbrido facilita la participaci\u00f3n en conferencias, ya sea en el campus o a distancia. Esta accesibilidad permite una mayor difusi\u00f3n de los conocimientos matem\u00e1ticos.<\/p>\n<p>Adem\u00e1s de las conferencias, este acontecimiento contribuye a promover la investigaci\u00f3n cient\u00edfica que se lleva a cabo en Guayana Francesa y a fomentar las vocaciones en las disciplinas cient\u00edficas.<\/p>\n<p>La Semana de las Matem\u00e1ticas 2026 de la Universidad de Guayana pondr\u00e1 de relieve la riqueza de la investigaci\u00f3n y las ideas en torno al tema \u00abIgualdad\u00bb. A trav\u00e9s de tres conferencias accesibles en persona y por videoconferencia, este evento ofrece una mirada cient\u00edfica y educativa a las matem\u00e1ticas. Estudiantes, profesores y aficionados a la ciencia est\u00e1n invitados a participar y descubrir c\u00f3mo las matem\u00e1ticas nos ayudan a comprender el mundo. No dude en asistir a las conferencias para ampliar sus conocimientos e intercambiar ideas con los investigadores.<\/p>\n<\/div>\n\n\n\n\n\t\t\t<\/div> \n\t\t<\/div>\n\t<\/div> \n<\/div><\/div>\n\t\t<div id=\"fws_69f17be064ea2\"  data-column-margin=\"default\" data-midnight=\"dark\"  class=\"wpb_row vc_row-fluid vc_row\"  style=\"padding-top: 0px; padding-bottom: 0px; \"><div class=\"row-bg-wrap\" data-bg-animation=\"none\" data-bg-animation-delay=\"\" data-bg-overlay=\"false\"><div class=\"inner-wrap row-bg-layer\" ><div class=\"row-bg viewport-desktop\"  style=\"\"><\/div><\/div><\/div><div class=\"row_col_wrap_12 col span_12 dark left\">\n\t<div style=\"\" class=\"vc_col-sm-12 wpb_column column_container vc_column_container col left_padding_desktop_30px top_padding_desktop_30px right_padding_desktop_30px bottom_padding_desktop_30px flex_gap_desktop_10px\" data-using-bg=\"true\" data-border-radius=\"20px\" data-padding-pos=\"all\" data-has-bg-color=\"true\" data-bg-color=\"#f6edfb\" data-bg-opacity=\"1\" data-animation=\"\" data-delay=\"0\" >\n\t\t<div class=\"vc_column-inner\" ><div class=\"column-bg-overlay-wrap column-bg-layer\" data-bg-animation=\"none\"><div class=\"column-bg-overlay\" style=\"opacity: 1; background-color: #f6edfb;\"><\/div><\/div>\n\t\t\t<div class=\"wpb_wrapper\">\n\t\t\t\t\n<div class=\"wpb_text_column wpb_content_element\" >\n\t<p><strong>\u00bfQu\u00e9 es la Semana de las Matem\u00e1ticas 2026?<\/strong><br \/>\nLa Semana de las Matem\u00e1ticas 2026 es un acontecimiento nacional destinado a promover la cultura matem\u00e1tica. Se celebra del 14 al 25 de marzo e incluye conferencias, talleres y reuniones cient\u00edficas.<\/p>\n<p><strong>\u00bfCu\u00e1l es el tema de la Semana de las Matem\u00e1ticas 2026?<\/strong><br \/>\nEl tema elegido para 2026 es \u00abIgualdad\u00bb. Nos invita a explorar el papel de la igualdad en el razonamiento matem\u00e1tico y en diversas aplicaciones cient\u00edficas.<\/p>\n<p><strong>\u00bfD\u00f3nde se celebran las conferencias en la Universidad de Guyana?<\/strong><br \/>\nLas conferencias tienen lugar en los anfiteatros A y C de la Universidad de Guyana. Tambi\u00e9n se puede acceder a ellas por videoconferencia para permitir la participaci\u00f3n a distancia.<\/p>\n<p><strong>\u00bfQui\u00e9n puede asistir a las conferencias?<\/strong><br \/>\nLas conferencias est\u00e1n abiertas a estudiantes, profesores y p\u00fablico en general. Cualquier persona interesada en las matem\u00e1ticas o la ciencia es bienvenida.<\/p>\n<p><strong>\u00bfCu\u00e1ntas conferencias se ofrecen durante el evento?<\/strong><br \/>\nLa Universidad de Guyana ofrece tres conferencias cient\u00edficas los d\u00edas 16, 17 y 19 de marzo de 2026. Abarcan una amplia gama de temas, desde conceptos matem\u00e1ticos hasta aplicaciones medioambientales.<\/p>\n<p><strong>\u00bfPor qu\u00e9 participar en la Semana de las Matem\u00e1ticas 2026 de la Universidad de Guyana?<\/strong><br \/>\nParticipar en este acto es una oportunidad para descubrir trabajos de investigaci\u00f3n, comprender mejor las aplicaciones de las matem\u00e1ticas y hablar con investigadores y profesores especializados.<\/p>\n<\/div>\n\n\n\n\n\t\t\t<\/div> \n\t\t<\/div>\n\t<\/div> \n<\/div><\/div>","protected":false},"excerpt":{"rendered":"La Semana de las Matem\u00e1ticas 2026 de la Universidad de Guyana se celebra del 14 al 25 de marzo...","protected":false},"author":1,"featured_media":14072,"comment_status":"closed","ping_status":"open","sticky":false,"template":"","format":"standard","meta":{"iawp_total_views":63,"footnotes":""},"categories":[9],"tags":[334],"class_list":{"0":"post-14071","1":"post","2":"type-post","3":"status-publish","4":"format-standard","5":"has-post-thumbnail","7":"category-st","8":"tag-mathematiques"},"yoast_head":"<!-- This site is optimized with the Yoast SEO plugin v27.5 - https:\/\/yoast.com\/product\/yoast-seo-wordpress\/ -->\n<title>Semaine des Math\u00e9matiques 2026 universit\u00e9 de Guyane : conf\u00e9rences et programme &#8212; Universit\u00e9 de Guyane<\/title>\n<meta name=\"description\" content=\"La semaine des Math\u00e9matiques 2026 universit\u00e9 de Guyane propose trois conf\u00e9rences sur le th\u00e8me \u00ab Les \u00e9galit\u00e9s \u00bb, du 16 au 19 mars, en pr\u00e9sentiel et visioconf\u00e9rence.\" \/>\n<meta name=\"robots\" content=\"index, follow, max-snippet:-1, max-image-preview:large, max-video-preview:-1\" \/>\n<link rel=\"canonical\" href=\"https:\/\/www.univ-guyane.fr\/es\/2026\/03\/13\/semaine-des-mathematiques-2026-universite-de-guyane-conferences-et-programme\/\" \/>\n<meta property=\"og:locale\" content=\"es_ES\" \/>\n<meta property=\"og:type\" content=\"article\" \/>\n<meta property=\"og:title\" content=\"Semaine des Math\u00e9matiques 2026 universit\u00e9 de Guyane : conf\u00e9rences et programme &#8212; Universit\u00e9 de Guyane\" \/>\n<meta property=\"og:description\" content=\"La semaine des Math\u00e9matiques 2026 universit\u00e9 de Guyane propose trois conf\u00e9rences sur le th\u00e8me \u00ab Les \u00e9galit\u00e9s \u00bb, du 16 au 19 mars, en pr\u00e9sentiel et visioconf\u00e9rence.\" \/>\n<meta property=\"og:url\" content=\"https:\/\/www.univ-guyane.fr\/es\/2026\/03\/13\/semaine-des-mathematiques-2026-universite-de-guyane-conferences-et-programme\/\" \/>\n<meta property=\"og:site_name\" content=\"Universit\u00e9 de Guyane\" \/>\n<meta property=\"article:publisher\" content=\"https:\/\/www.facebook.com\/univguyane\" \/>\n<meta property=\"article:published_time\" content=\"2026-03-13T12:28:45+00:00\" \/>\n<meta property=\"og:image\" content=\"https:\/\/www.univ-guyane.fr\/wp-content\/uploads\/semaine-des-mathematiques-2026-conferences-et-programme-universite-de-guyane.jpg\" \/>\n\t<meta property=\"og:image:width\" content=\"1920\" \/>\n\t<meta property=\"og:image:height\" content=\"1280\" \/>\n\t<meta property=\"og:image:type\" content=\"image\/jpeg\" \/>\n<meta name=\"author\" content=\"Erick Loiti\u00e8re\" \/>\n<meta name=\"twitter:card\" content=\"summary_large_image\" \/>\n<meta name=\"twitter:creator\" content=\"@univguyane\" \/>\n<meta name=\"twitter:site\" content=\"@univguyane\" \/>\n<meta name=\"twitter:label1\" content=\"Escrito por\" \/>\n\t<meta name=\"twitter:data1\" content=\"Erick Loiti\u00e8re\" \/>\n\t<meta name=\"twitter:label2\" content=\"Tiempo de lectura\" \/>\n\t<meta name=\"twitter:data2\" content=\"5 minutos\" \/>\n<script type=\"application\/ld+json\" class=\"yoast-schema-graph\">{\"@context\":\"https:\\\/\\\/schema.org\",\"@graph\":[{\"@type\":\"Article\",\"@id\":\"https:\\\/\\\/www.univ-guyane.fr\\\/2026\\\/03\\\/13\\\/semaine-des-mathematiques-2026-universite-de-guyane-conferences-et-programme\\\/#article\",\"isPartOf\":{\"@id\":\"https:\\\/\\\/www.univ-guyane.fr\\\/2026\\\/03\\\/13\\\/semaine-des-mathematiques-2026-universite-de-guyane-conferences-et-programme\\\/\"},\"author\":{\"name\":\"Erick Loiti\u00e8re\",\"@id\":\"https:\\\/\\\/www.univ-guyane.fr\\\/#\\\/schema\\\/person\\\/86d946a28a8be51bb096ccfdf19db179\"},\"headline\":\"Semaine des Math\u00e9matiques 2026 universit\u00e9 de Guyane : conf\u00e9rences et programme\",\"datePublished\":\"2026-03-13T12:28:45+00:00\",\"mainEntityOfPage\":{\"@id\":\"https:\\\/\\\/www.univ-guyane.fr\\\/2026\\\/03\\\/13\\\/semaine-des-mathematiques-2026-universite-de-guyane-conferences-et-programme\\\/\"},\"wordCount\":1414,\"publisher\":{\"@id\":\"https:\\\/\\\/www.univ-guyane.fr\\\/#organization\"},\"image\":{\"@id\":\"https:\\\/\\\/www.univ-guyane.fr\\\/2026\\\/03\\\/13\\\/semaine-des-mathematiques-2026-universite-de-guyane-conferences-et-programme\\\/#primaryimage\"},\"thumbnailUrl\":\"https:\\\/\\\/www.univ-guyane.fr\\\/wp-content\\\/uploads\\\/semaine-des-mathematiques-2026-conferences-et-programme-universite-de-guyane.jpg\",\"keywords\":[\"Math\u00e9matiques\"],\"articleSection\":[\"\u2022 ST\"],\"inLanguage\":\"es\"},{\"@type\":\"WebPage\",\"@id\":\"https:\\\/\\\/www.univ-guyane.fr\\\/2026\\\/03\\\/13\\\/semaine-des-mathematiques-2026-universite-de-guyane-conferences-et-programme\\\/\",\"url\":\"https:\\\/\\\/www.univ-guyane.fr\\\/2026\\\/03\\\/13\\\/semaine-des-mathematiques-2026-universite-de-guyane-conferences-et-programme\\\/\",\"name\":\"Semaine des Math\u00e9matiques 2026 universit\u00e9 de Guyane : conf\u00e9rences et programme &#8212; Universit\u00e9 de Guyane\",\"isPartOf\":{\"@id\":\"https:\\\/\\\/www.univ-guyane.fr\\\/#website\"},\"primaryImageOfPage\":{\"@id\":\"https:\\\/\\\/www.univ-guyane.fr\\\/2026\\\/03\\\/13\\\/semaine-des-mathematiques-2026-universite-de-guyane-conferences-et-programme\\\/#primaryimage\"},\"image\":{\"@id\":\"https:\\\/\\\/www.univ-guyane.fr\\\/2026\\\/03\\\/13\\\/semaine-des-mathematiques-2026-universite-de-guyane-conferences-et-programme\\\/#primaryimage\"},\"thumbnailUrl\":\"https:\\\/\\\/www.univ-guyane.fr\\\/wp-content\\\/uploads\\\/semaine-des-mathematiques-2026-conferences-et-programme-universite-de-guyane.jpg\",\"datePublished\":\"2026-03-13T12:28:45+00:00\",\"description\":\"La semaine des Math\u00e9matiques 2026 universit\u00e9 de Guyane propose trois conf\u00e9rences sur le th\u00e8me \u00ab Les \u00e9galit\u00e9s \u00bb, du 16 au 19 mars, en pr\u00e9sentiel et visioconf\u00e9rence.\",\"breadcrumb\":{\"@id\":\"https:\\\/\\\/www.univ-guyane.fr\\\/2026\\\/03\\\/13\\\/semaine-des-mathematiques-2026-universite-de-guyane-conferences-et-programme\\\/#breadcrumb\"},\"inLanguage\":\"es\",\"potentialAction\":[{\"@type\":\"ReadAction\",\"target\":[\"https:\\\/\\\/www.univ-guyane.fr\\\/2026\\\/03\\\/13\\\/semaine-des-mathematiques-2026-universite-de-guyane-conferences-et-programme\\\/\"]}]},{\"@type\":\"ImageObject\",\"inLanguage\":\"es\",\"@id\":\"https:\\\/\\\/www.univ-guyane.fr\\\/2026\\\/03\\\/13\\\/semaine-des-mathematiques-2026-universite-de-guyane-conferences-et-programme\\\/#primaryimage\",\"url\":\"https:\\\/\\\/www.univ-guyane.fr\\\/wp-content\\\/uploads\\\/semaine-des-mathematiques-2026-conferences-et-programme-universite-de-guyane.jpg\",\"contentUrl\":\"https:\\\/\\\/www.univ-guyane.fr\\\/wp-content\\\/uploads\\\/semaine-des-mathematiques-2026-conferences-et-programme-universite-de-guyane.jpg\",\"width\":1920,\"height\":1280,\"caption\":\"Conf\u00e9rences de la semaine des Math\u00e9matiques 2026 universit\u00e9 de Guyane en amphith\u00e9\u00e2tre\"},{\"@type\":\"BreadcrumbList\",\"@id\":\"https:\\\/\\\/www.univ-guyane.fr\\\/2026\\\/03\\\/13\\\/semaine-des-mathematiques-2026-universite-de-guyane-conferences-et-programme\\\/#breadcrumb\",\"itemListElement\":[{\"@type\":\"ListItem\",\"position\":1,\"name\":\"Accueil\",\"item\":\"https:\\\/\\\/www.univ-guyane.fr\\\/\"},{\"@type\":\"ListItem\",\"position\":2,\"name\":\"Semaine des Math\u00e9matiques 2026 universit\u00e9 de Guyane : conf\u00e9rences et programme\"}]},{\"@type\":\"WebSite\",\"@id\":\"https:\\\/\\\/www.univ-guyane.fr\\\/#website\",\"url\":\"https:\\\/\\\/www.univ-guyane.fr\\\/\",\"name\":\"Universit\u00e9 de Guyane\",\"description\":\"Au c\u0153ur de l&#039;amazonie\",\"publisher\":{\"@id\":\"https:\\\/\\\/www.univ-guyane.fr\\\/#organization\"},\"alternateName\":\"UG\",\"potentialAction\":[{\"@type\":\"SearchAction\",\"target\":{\"@type\":\"EntryPoint\",\"urlTemplate\":\"https:\\\/\\\/www.univ-guyane.fr\\\/?s={search_term_string}\"},\"query-input\":{\"@type\":\"PropertyValueSpecification\",\"valueRequired\":true,\"valueName\":\"search_term_string\"}}],\"inLanguage\":\"es\"},{\"@type\":\"Organization\",\"@id\":\"https:\\\/\\\/www.univ-guyane.fr\\\/#organization\",\"name\":\"Universit\u00e9 de Guyane\",\"alternateName\":\"UG\",\"url\":\"https:\\\/\\\/www.univ-guyane.fr\\\/\",\"logo\":{\"@type\":\"ImageObject\",\"inLanguage\":\"es\",\"@id\":\"https:\\\/\\\/www.univ-guyane.fr\\\/#\\\/schema\\\/logo\\\/image\\\/\",\"url\":\"https:\\\/\\\/www.univ-guyane.fr\\\/wp-content\\\/uploads\\\/2024\\\/05\\\/f.png\",\"contentUrl\":\"https:\\\/\\\/www.univ-guyane.fr\\\/wp-content\\\/uploads\\\/2024\\\/05\\\/f.png\",\"width\":1024,\"height\":1024,\"caption\":\"Universit\u00e9 de Guyane\"},\"image\":{\"@id\":\"https:\\\/\\\/www.univ-guyane.fr\\\/#\\\/schema\\\/logo\\\/image\\\/\"},\"sameAs\":[\"https:\\\/\\\/www.facebook.com\\\/univguyane\",\"https:\\\/\\\/x.com\\\/univguyane\",\"https:\\\/\\\/gf.linkedin.com\\\/school\\\/universite-de-guyane\\\/\",\"https:\\\/\\\/www.instagram.com\\\/univ_guyane\\\/\"]},{\"@type\":\"Person\",\"@id\":\"https:\\\/\\\/www.univ-guyane.fr\\\/#\\\/schema\\\/person\\\/86d946a28a8be51bb096ccfdf19db179\",\"name\":\"Erick Loiti\u00e8re\",\"image\":{\"@type\":\"ImageObject\",\"inLanguage\":\"es\",\"@id\":\"https:\\\/\\\/secure.gravatar.com\\\/avatar\\\/0584f332103fbeaf37e52c73b15dca3c547fd9300deb05764e9ad8714839d072?s=96&d=robohash&r=g\",\"url\":\"https:\\\/\\\/secure.gravatar.com\\\/avatar\\\/0584f332103fbeaf37e52c73b15dca3c547fd9300deb05764e9ad8714839d072?s=96&d=robohash&r=g\",\"contentUrl\":\"https:\\\/\\\/secure.gravatar.com\\\/avatar\\\/0584f332103fbeaf37e52c73b15dca3c547fd9300deb05764e9ad8714839d072?s=96&d=robohash&r=g\",\"caption\":\"Erick Loiti\u00e8re\"},\"sameAs\":[\"http:\\\/\\\/www.univ-guyane.fr\"],\"url\":\"https:\\\/\\\/www.univ-guyane.fr\\\/es\\\/author\\\/eloitierdbz\\\/\"}]}<\/script>\n<!-- \/ Yoast SEO plugin. -->","yoast_head_json":{"title":"Semana de las Matem\u00e1ticas 2026 en la Universidad de Guyana: conferencias y programa - Universidad de Guyana","description":"La Semana de las Matem\u00e1ticas 2026 de la Universidad de Guyana ofrece tres conferencias sobre el tema \u00abIgualdad\u00bb, del 16 al 19 de marzo, tanto presenciales como por videoconferencia.","robots":{"index":"index","follow":"follow","max-snippet":"max-snippet:-1","max-image-preview":"max-image-preview:large","max-video-preview":"max-video-preview:-1"},"canonical":"https:\/\/www.univ-guyane.fr\/es\/2026\/03\/13\/semaine-des-mathematiques-2026-universite-de-guyane-conferences-et-programme\/","og_locale":"es_ES","og_type":"article","og_title":"Semaine des Math\u00e9matiques 2026 universit\u00e9 de Guyane : conf\u00e9rences et programme &#8212; Universit\u00e9 de Guyane","og_description":"La semaine des Math\u00e9matiques 2026 universit\u00e9 de Guyane propose trois conf\u00e9rences sur le th\u00e8me \u00ab Les \u00e9galit\u00e9s \u00bb, du 16 au 19 mars, en pr\u00e9sentiel et visioconf\u00e9rence.","og_url":"https:\/\/www.univ-guyane.fr\/es\/2026\/03\/13\/semaine-des-mathematiques-2026-universite-de-guyane-conferences-et-programme\/","og_site_name":"Universit\u00e9 de Guyane","article_publisher":"https:\/\/www.facebook.com\/univguyane","article_published_time":"2026-03-13T12:28:45+00:00","og_image":[{"width":1920,"height":1280,"url":"https:\/\/www.univ-guyane.fr\/wp-content\/uploads\/semaine-des-mathematiques-2026-conferences-et-programme-universite-de-guyane.jpg","type":"image\/jpeg"}],"author":"Erick Loiti\u00e8re","twitter_card":"summary_large_image","twitter_creator":"@univguyane","twitter_site":"@univguyane","twitter_misc":{"Escrito por":"Erick Loiti\u00e8re","Tiempo de lectura":"5 minutos"},"schema":{"@context":"https:\/\/schema.org","@graph":[{"@type":"Article","@id":"https:\/\/www.univ-guyane.fr\/2026\/03\/13\/semaine-des-mathematiques-2026-universite-de-guyane-conferences-et-programme\/#article","isPartOf":{"@id":"https:\/\/www.univ-guyane.fr\/2026\/03\/13\/semaine-des-mathematiques-2026-universite-de-guyane-conferences-et-programme\/"},"author":{"name":"Erick Loiti\u00e8re","@id":"https:\/\/www.univ-guyane.fr\/#\/schema\/person\/86d946a28a8be51bb096ccfdf19db179"},"headline":"Semaine des Math\u00e9matiques 2026 universit\u00e9 de Guyane : conf\u00e9rences et programme","datePublished":"2026-03-13T12:28:45+00:00","mainEntityOfPage":{"@id":"https:\/\/www.univ-guyane.fr\/2026\/03\/13\/semaine-des-mathematiques-2026-universite-de-guyane-conferences-et-programme\/"},"wordCount":1414,"publisher":{"@id":"https:\/\/www.univ-guyane.fr\/#organization"},"image":{"@id":"https:\/\/www.univ-guyane.fr\/2026\/03\/13\/semaine-des-mathematiques-2026-universite-de-guyane-conferences-et-programme\/#primaryimage"},"thumbnailUrl":"https:\/\/www.univ-guyane.fr\/wp-content\/uploads\/semaine-des-mathematiques-2026-conferences-et-programme-universite-de-guyane.jpg","keywords":["Math\u00e9matiques"],"articleSection":["\u2022 ST"],"inLanguage":"es"},{"@type":"WebPage","@id":"https:\/\/www.univ-guyane.fr\/2026\/03\/13\/semaine-des-mathematiques-2026-universite-de-guyane-conferences-et-programme\/","url":"https:\/\/www.univ-guyane.fr\/2026\/03\/13\/semaine-des-mathematiques-2026-universite-de-guyane-conferences-et-programme\/","name":"Semana de las Matem\u00e1ticas 2026 en la Universidad de Guyana: conferencias y programa - Universidad de Guyana","isPartOf":{"@id":"https:\/\/www.univ-guyane.fr\/#website"},"primaryImageOfPage":{"@id":"https:\/\/www.univ-guyane.fr\/2026\/03\/13\/semaine-des-mathematiques-2026-universite-de-guyane-conferences-et-programme\/#primaryimage"},"image":{"@id":"https:\/\/www.univ-guyane.fr\/2026\/03\/13\/semaine-des-mathematiques-2026-universite-de-guyane-conferences-et-programme\/#primaryimage"},"thumbnailUrl":"https:\/\/www.univ-guyane.fr\/wp-content\/uploads\/semaine-des-mathematiques-2026-conferences-et-programme-universite-de-guyane.jpg","datePublished":"2026-03-13T12:28:45+00:00","description":"La Semana de las Matem\u00e1ticas 2026 de la Universidad de Guyana ofrece tres conferencias sobre el tema \u00abIgualdad\u00bb, del 16 al 19 de marzo, tanto presenciales como por videoconferencia.","breadcrumb":{"@id":"https:\/\/www.univ-guyane.fr\/2026\/03\/13\/semaine-des-mathematiques-2026-universite-de-guyane-conferences-et-programme\/#breadcrumb"},"inLanguage":"es","potentialAction":[{"@type":"ReadAction","target":["https:\/\/www.univ-guyane.fr\/2026\/03\/13\/semaine-des-mathematiques-2026-universite-de-guyane-conferences-et-programme\/"]}]},{"@type":"ImageObject","inLanguage":"es","@id":"https:\/\/www.univ-guyane.fr\/2026\/03\/13\/semaine-des-mathematiques-2026-universite-de-guyane-conferences-et-programme\/#primaryimage","url":"https:\/\/www.univ-guyane.fr\/wp-content\/uploads\/semaine-des-mathematiques-2026-conferences-et-programme-universite-de-guyane.jpg","contentUrl":"https:\/\/www.univ-guyane.fr\/wp-content\/uploads\/semaine-des-mathematiques-2026-conferences-et-programme-universite-de-guyane.jpg","width":1920,"height":1280,"caption":"Conf\u00e9rences de la semaine des Math\u00e9matiques 2026 universit\u00e9 de Guyane en amphith\u00e9\u00e2tre"},{"@type":"BreadcrumbList","@id":"https:\/\/www.univ-guyane.fr\/2026\/03\/13\/semaine-des-mathematiques-2026-universite-de-guyane-conferences-et-programme\/#breadcrumb","itemListElement":[{"@type":"ListItem","position":1,"name":"Accueil","item":"https:\/\/www.univ-guyane.fr\/"},{"@type":"ListItem","position":2,"name":"Semaine des Math\u00e9matiques 2026 universit\u00e9 de Guyane : conf\u00e9rences et programme"}]},{"@type":"WebSite","@id":"https:\/\/www.univ-guyane.fr\/#website","url":"https:\/\/www.univ-guyane.fr\/","name":"Universidad de Guyana","description":"En el coraz\u00f3n de la Amazonia","publisher":{"@id":"https:\/\/www.univ-guyane.fr\/#organization"},"alternateName":"UG","potentialAction":[{"@type":"SearchAction","target":{"@type":"EntryPoint","urlTemplate":"https:\/\/www.univ-guyane.fr\/?s={search_term_string}"},"query-input":{"@type":"PropertyValueSpecification","valueRequired":true,"valueName":"search_term_string"}}],"inLanguage":"es"},{"@type":"Organization","@id":"https:\/\/www.univ-guyane.fr\/#organization","name":"Universidad de Guyana","alternateName":"UG","url":"https:\/\/www.univ-guyane.fr\/","logo":{"@type":"ImageObject","inLanguage":"es","@id":"https:\/\/www.univ-guyane.fr\/#\/schema\/logo\/image\/","url":"https:\/\/www.univ-guyane.fr\/wp-content\/uploads\/2024\/05\/f.png","contentUrl":"https:\/\/www.univ-guyane.fr\/wp-content\/uploads\/2024\/05\/f.png","width":1024,"height":1024,"caption":"Universit\u00e9 de Guyane"},"image":{"@id":"https:\/\/www.univ-guyane.fr\/#\/schema\/logo\/image\/"},"sameAs":["https:\/\/www.facebook.com\/univguyane","https:\/\/x.com\/univguyane","https:\/\/gf.linkedin.com\/school\/universite-de-guyane\/","https:\/\/www.instagram.com\/univ_guyane\/"]},{"@type":"Person","@id":"https:\/\/www.univ-guyane.fr\/#\/schema\/person\/86d946a28a8be51bb096ccfdf19db179","name":"Erick Loiti\u00e8re","image":{"@type":"ImageObject","inLanguage":"es","@id":"https:\/\/secure.gravatar.com\/avatar\/0584f332103fbeaf37e52c73b15dca3c547fd9300deb05764e9ad8714839d072?s=96&d=robohash&r=g","url":"https:\/\/secure.gravatar.com\/avatar\/0584f332103fbeaf37e52c73b15dca3c547fd9300deb05764e9ad8714839d072?s=96&d=robohash&r=g","contentUrl":"https:\/\/secure.gravatar.com\/avatar\/0584f332103fbeaf37e52c73b15dca3c547fd9300deb05764e9ad8714839d072?s=96&d=robohash&r=g","caption":"Erick Loiti\u00e8re"},"sameAs":["http:\/\/www.univ-guyane.fr"],"url":"https:\/\/www.univ-guyane.fr\/es\/author\/eloitierdbz\/"}]}},"_links":{"self":[{"href":"https:\/\/www.univ-guyane.fr\/es\/wp-json\/wp\/v2\/posts\/14071","targetHints":{"allow":["GET"]}}],"collection":[{"href":"https:\/\/www.univ-guyane.fr\/es\/wp-json\/wp\/v2\/posts"}],"about":[{"href":"https:\/\/www.univ-guyane.fr\/es\/wp-json\/wp\/v2\/types\/post"}],"author":[{"embeddable":true,"href":"https:\/\/www.univ-guyane.fr\/es\/wp-json\/wp\/v2\/users\/1"}],"replies":[{"embeddable":true,"href":"https:\/\/www.univ-guyane.fr\/es\/wp-json\/wp\/v2\/comments?post=14071"}],"version-history":[{"count":1,"href":"https:\/\/www.univ-guyane.fr\/es\/wp-json\/wp\/v2\/posts\/14071\/revisions"}],"predecessor-version":[{"id":14073,"href":"https:\/\/www.univ-guyane.fr\/es\/wp-json\/wp\/v2\/posts\/14071\/revisions\/14073"}],"wp:featuredmedia":[{"embeddable":true,"href":"https:\/\/www.univ-guyane.fr\/es\/wp-json\/wp\/v2\/media\/14072"}],"wp:attachment":[{"href":"https:\/\/www.univ-guyane.fr\/es\/wp-json\/wp\/v2\/media?parent=14071"}],"wp:term":[{"taxonomy":"category","embeddable":true,"href":"https:\/\/www.univ-guyane.fr\/es\/wp-json\/wp\/v2\/categories?post=14071"},{"taxonomy":"post_tag","embeddable":true,"href":"https:\/\/www.univ-guyane.fr\/es\/wp-json\/wp\/v2\/tags?post=14071"}],"curies":[{"name":"wp","href":"https:\/\/api.w.org\/{rel}","templated":true}]}}