{"id":8312,"date":"2024-02-05T09:48:51","date_gmt":"2024-02-05T12:48:51","guid":{"rendered":"https:\/\/www.univ-guyane.fr\/?p=8312"},"modified":"2024-07-12T13:08:10","modified_gmt":"2024-07-12T16:08:10","slug":"conferences-sur-la-biologie-marine-par-joao-pedro-barreiros","status":"publish","type":"post","link":"https:\/\/www.univ-guyane.fr\/es\/2024\/02\/05\/conferences-sur-la-biologie-marine-par-joao-pedro-barreiros\/","title":{"rendered":"Conferencias sobre biolog\u00eda marina de Jo\u00e3o Pedro Barreiros"},"content":{"rendered":"<div id=\"fws_69f1877fa9223\"  data-column-margin=\"default\" data-midnight=\"dark\"  class=\"wpb_row vc_row-fluid vc_row\"  style=\"padding-top: 0px; padding-bottom: 0px; \"><div class=\"row-bg-wrap\" data-bg-animation=\"none\" data-bg-animation-delay=\"\" data-bg-overlay=\"false\"><div class=\"inner-wrap row-bg-layer\" ><div class=\"row-bg viewport-desktop\"  style=\"\"><\/div><\/div><\/div><div class=\"row_col_wrap_12 col span_12 dark left\">\n\t<div  class=\"vc_col-sm-12 wpb_column column_container vc_column_container col no-extra-padding inherit_tablet inherit_phone\"  data-padding-pos=\"all\" data-has-bg-color=\"false\" data-bg-color=\"\" data-bg-opacity=\"1\" data-animation=\"\" data-delay=\"0\" >\n\t\t<div class=\"vc_column-inner\" >\n\t\t\t<div class=\"wpb_wrapper\">\n\t\t\t\t\n<div class=\"wpb_text_column wpb_content_element  chapo\" >\n\t<h2>El Departamento de Formaci\u00f3n e Investigaci\u00f3n (DFR) Ciencia y Tecnolog\u00eda organiza dos conferencias exclusivas a cargo del profesor Jo\u00e3o Pedro Barreiros, profesor asociado de la Universidad de las Azores (Portugal) y reconocido experto en biolog\u00eda marina. Las conferencias ampliar\u00e1n los conocimientos del p\u00fablico sobre la vida marina explorando dos temas fascinantes: la biolog\u00eda marina y la evoluci\u00f3n de los peces.<\/h2>\n<\/div>\n\n\n\n\n<div class=\"wpb_text_column wpb_content_element\" >\n\t<h3>Evoluci\u00f3n de los peces y adaptaci\u00f3n a los h\u00e1bitats marinos<\/h3>\n<h4><em>Fecha y hora: martes 6 de febrero, de 13.00 a 13.55 horas<\/em><br \/>\n<em>Lugar: Amphi C<\/em><\/h4>\n<p>Los peces evolucionaron a partir de antiguos cordados -probablemente similares a los cefalocordados actuales- durante la explosi\u00f3n c\u00e1mbrica de la vida, alrededor de 530 millones de a\u00f1os antes de Cristo. Aunque un gran n\u00famero de taxones se han extinguido e incluso la palabra \"pez\" es un t\u00e9rmino artificial no zool\u00f3gico, a\u00fan tenemos especies actuales de las principales ramas de la filogenia de los peces: de los Agnatos a los Condrictios, de los Celacantos a los Actinopterigios, etc\u00e9tera. Los peces se han adaptado a todos los medios acu\u00e1ticos y forman el grupo m\u00e1s diverso de vertebrados (Craniata), que se encuentran en todo el mundo, desde las profundidades oce\u00e1nicas hasta r\u00edos, lagos e incluso fuentes hidrotermales tanto en el interior como en las dorsales tect\u00f3nicas del fondo oce\u00e1nico. Algunas especies han desarrollado pulmones y otras incluso evitan el agua la mayor parte del tiempo. En esta presentaci\u00f3n, el ponente le llevar\u00e1 en un \"viaje\" a trav\u00e9s del tiempo y le mostrar\u00e1 c\u00f3mo evolucionaron y se adaptaron los peces, dando con el tiempo un camino evolutivo a los anfibios, reptiles y, por supuesto, a los mam\u00edferos y a nosotros mismos.<\/p>\n<h3>Elasmobranquios del Atl\u00e1ntico Nordeste - especies de las Azores como caso de estudio<\/h3>\n<h4><em>Fecha y hora: mi\u00e9rcoles 7 de febrero, de 13.00 a 13.55 horas<\/em><br \/>\n<em>Lugar: Amphi C<\/em><\/h4>\n<p>Las Azores, el archipi\u00e9lago m\u00e1s septentrional de la Macaronesia, est\u00e1n dominadas por aguas profundas en su vasta Zona Econ\u00f3mica Exclusiva. En estas aguas se encuentran elasmobranquios, desde especies pel\u00e1gicas a especies oce\u00e1nicas costeras y, sobre todo, una vasta y poco estudiada gama de especies de aguas profundas. En esta presentaci\u00f3n, el ponente mostrar\u00e1 todas las especies conocidas actualmente de esta regi\u00f3n y hablar\u00e1 de sus abundancias relativas, su presencia err\u00e1tica\/vagante y sus distribuciones verticales, detallando al mismo tiempo las que tienen cierta importancia econ\u00f3mica.<\/p>\n<\/div>\n\n\n\n\n<div class=\"wpb_text_column wpb_content_element  vc_custom_1720800486930\" >\n\t<h4><strong>Algunas palabras sobre el orador<\/strong><\/h4>\n<p>Jo\u00e3o Pedro Barreiros naci\u00f3 en Lisboa el 21 de octubre de 1964, en el seno de una familia macanesa que hab\u00eda vivido en Angola y Lisboa, pero eligi\u00f3 estudiar y vivir en las Azores cuando termin\u00f3 la ense\u00f1anza secundaria. Ya licenciado en Ingenier\u00eda Zoot\u00e9cnica, se incorpor\u00f3 a la Universidad de las Azores como ayudante en pr\u00e1cticas en 1991. En 1995, super\u00f3 las pruebas de aptitud pedag\u00f3gica y capacidad cient\u00edfica en la especialidad de etolog\u00eda animal y, en 2001, se doctor\u00f3 en Biolog\u00eda\/Ecolog\u00eda Animal. En 2008, aprob\u00f3 los ex\u00e1menes de agr\u00e9gation en etolog\u00eda animal y actualmente es profesor asociado de agr\u00e9gation en la Universidad de las Azores, donde imparte diversas asignaturas en las licenciaturas de Naturaleza y Patrimonio, Ciencias Agron\u00f3micas, Medicina Veterinaria e Ingenier\u00eda Zoot\u00e9cnica. Autor y coautor de un centenar de publicaciones en revistas internacionales revisadas por pares, as\u00ed como de varios art\u00edculos, columnas y libros de divulgaci\u00f3n cient\u00edfica, ha centrado sus investigaciones principalmente en los depredadores acu\u00e1ticos de las Azores, el Golfo de Guinea y Brasil, donde en los \u00faltimos a\u00f1os se ha centrado sobre todo en la cuenca del Amazonas.<\/p>\n<p>Investigador en el Grupo de Biodiversidad de las Azores (GBA, ABG), Centre d'\u00c9volution de l'Ecologie et des Changements Environnementaux (ce3c) y miembro del laboratorio asociado CHANGE.<\/p>\n<p>Ilustrador cient\u00edfico y miembro del Gremio de Ilustradores de Ciencias Naturales, tambi\u00e9n se dedica al estudio de la guitarra cl\u00e1sica. Desde muy joven, el mar ha desempe\u00f1ado un papel importante en su vida, tanto como investigador como cazador submarino, modalidad que compagina con su trabajo en t\u00e9cnicas de recopilaci\u00f3n de datos. Pertenece a varias asociaciones nacionales e internacionales, entre ellas la de la clase de Artes, Letras y Ciencias de la Academia de la Marina como miembro de n\u00famero. Tambi\u00e9n es miembro del grupo de especialistas en meros y napoleones de la Uni\u00f3n Internacional para la Conservaci\u00f3n de la Naturaleza.<\/p>\n<\/div>\n\n\n\n\n\t\t\t<\/div> \n\t\t<\/div>\n\t<\/div> \n<\/div><\/div>","protected":false},"excerpt":{"rendered":"El Departamento de Formaci\u00f3n e Investigaci\u00f3n (DFR) Ciencia y Tecnolog\u00eda organiza dos conferencias exclusivas...","protected":false},"author":1,"featured_media":8313,"comment_status":"closed","ping_status":"open","sticky":false,"template":"","format":"standard","meta":{"iawp_total_views":67,"footnotes":""},"categories":[9],"tags":[],"class_list":{"0":"post-8312","1":"post","2":"type-post","3":"status-publish","4":"format-standard","5":"has-post-thumbnail","7":"category-st"},"yoast_head":"<!-- This site is optimized with the Yoast SEO plugin v27.5 - https:\/\/yoast.com\/product\/yoast-seo-wordpress\/ -->\n<title>Conf\u00e9rences sur la biologie marine par Jo\u00e3o Pedro Barreiros &#8212; Universit\u00e9 de Guyane<\/title>\n<meta name=\"description\" content=\"Plongez dans l&#039;univers des poissons et d\u00e9couvrez leur incroyable diversit\u00e9 et leur adaptation \u00e0 diff\u00e9rents milieux.\" \/>\n<meta name=\"robots\" content=\"index, follow, max-snippet:-1, max-image-preview:large, max-video-preview:-1\" \/>\n<link rel=\"canonical\" href=\"https:\/\/www.univ-guyane.fr\/es\/2024\/02\/05\/conferences-sur-la-biologie-marine-par-joao-pedro-barreiros\/\" \/>\n<meta property=\"og:locale\" content=\"es_ES\" \/>\n<meta property=\"og:type\" content=\"article\" \/>\n<meta property=\"og:title\" content=\"Conf\u00e9rences sur la biologie marine par Jo\u00e3o Pedro Barreiros &#8212; Universit\u00e9 de Guyane\" \/>\n<meta property=\"og:description\" content=\"Plongez dans l&#039;univers des poissons et d\u00e9couvrez leur incroyable diversit\u00e9 et leur adaptation \u00e0 diff\u00e9rents milieux.\" \/>\n<meta property=\"og:url\" content=\"https:\/\/www.univ-guyane.fr\/es\/2024\/02\/05\/conferences-sur-la-biologie-marine-par-joao-pedro-barreiros\/\" \/>\n<meta property=\"og:site_name\" content=\"Universit\u00e9 de Guyane\" \/>\n<meta property=\"article:publisher\" content=\"https:\/\/www.facebook.com\/univguyane\" \/>\n<meta property=\"article:published_time\" content=\"2024-02-05T12:48:51+00:00\" \/>\n<meta property=\"article:modified_time\" content=\"2024-07-12T16:08:10+00:00\" \/>\n<meta property=\"og:image\" content=\"https:\/\/www.univ-guyane.fr\/wp-content\/uploads\/conference-st-biologie-marine.jpeg\" \/>\n\t<meta property=\"og:image:width\" content=\"1800\" \/>\n\t<meta property=\"og:image:height\" content=\"1013\" \/>\n\t<meta property=\"og:image:type\" content=\"image\/jpeg\" \/>\n<meta name=\"author\" content=\"Erick Loiti\u00e8re\" \/>\n<meta name=\"twitter:card\" content=\"summary_large_image\" \/>\n<meta name=\"twitter:creator\" content=\"@univguyane\" \/>\n<meta name=\"twitter:site\" content=\"@univguyane\" \/>\n<meta name=\"twitter:label1\" content=\"Escrito por\" \/>\n\t<meta name=\"twitter:data1\" content=\"Erick Loiti\u00e8re\" \/>\n\t<meta name=\"twitter:label2\" content=\"Tiempo de lectura\" \/>\n\t<meta name=\"twitter:data2\" content=\"3 minutos\" \/>\n<script type=\"application\/ld+json\" class=\"yoast-schema-graph\">{\"@context\":\"https:\\\/\\\/schema.org\",\"@graph\":[{\"@type\":\"Article\",\"@id\":\"https:\\\/\\\/www.univ-guyane.fr\\\/2024\\\/02\\\/05\\\/conferences-sur-la-biologie-marine-par-joao-pedro-barreiros\\\/#article\",\"isPartOf\":{\"@id\":\"https:\\\/\\\/www.univ-guyane.fr\\\/2024\\\/02\\\/05\\\/conferences-sur-la-biologie-marine-par-joao-pedro-barreiros\\\/\"},\"author\":{\"name\":\"Erick Loiti\u00e8re\",\"@id\":\"https:\\\/\\\/www.univ-guyane.fr\\\/#\\\/schema\\\/person\\\/86d946a28a8be51bb096ccfdf19db179\"},\"headline\":\"Conf\u00e9rences sur la biologie marine par Jo\u00e3o Pedro Barreiros\",\"datePublished\":\"2024-02-05T12:48:51+00:00\",\"dateModified\":\"2024-07-12T16:08:10+00:00\",\"mainEntityOfPage\":{\"@id\":\"https:\\\/\\\/www.univ-guyane.fr\\\/2024\\\/02\\\/05\\\/conferences-sur-la-biologie-marine-par-joao-pedro-barreiros\\\/\"},\"wordCount\":995,\"publisher\":{\"@id\":\"https:\\\/\\\/www.univ-guyane.fr\\\/#organization\"},\"image\":{\"@id\":\"https:\\\/\\\/www.univ-guyane.fr\\\/2024\\\/02\\\/05\\\/conferences-sur-la-biologie-marine-par-joao-pedro-barreiros\\\/#primaryimage\"},\"thumbnailUrl\":\"https:\\\/\\\/www.univ-guyane.fr\\\/wp-content\\\/uploads\\\/conference-st-biologie-marine.jpeg\",\"articleSection\":[\"\u2022 ST\"],\"inLanguage\":\"es\"},{\"@type\":\"WebPage\",\"@id\":\"https:\\\/\\\/www.univ-guyane.fr\\\/2024\\\/02\\\/05\\\/conferences-sur-la-biologie-marine-par-joao-pedro-barreiros\\\/\",\"url\":\"https:\\\/\\\/www.univ-guyane.fr\\\/2024\\\/02\\\/05\\\/conferences-sur-la-biologie-marine-par-joao-pedro-barreiros\\\/\",\"name\":\"Conf\u00e9rences sur la biologie marine par Jo\u00e3o Pedro Barreiros &#8212; Universit\u00e9 de Guyane\",\"isPartOf\":{\"@id\":\"https:\\\/\\\/www.univ-guyane.fr\\\/#website\"},\"primaryImageOfPage\":{\"@id\":\"https:\\\/\\\/www.univ-guyane.fr\\\/2024\\\/02\\\/05\\\/conferences-sur-la-biologie-marine-par-joao-pedro-barreiros\\\/#primaryimage\"},\"image\":{\"@id\":\"https:\\\/\\\/www.univ-guyane.fr\\\/2024\\\/02\\\/05\\\/conferences-sur-la-biologie-marine-par-joao-pedro-barreiros\\\/#primaryimage\"},\"thumbnailUrl\":\"https:\\\/\\\/www.univ-guyane.fr\\\/wp-content\\\/uploads\\\/conference-st-biologie-marine.jpeg\",\"datePublished\":\"2024-02-05T12:48:51+00:00\",\"dateModified\":\"2024-07-12T16:08:10+00:00\",\"description\":\"Plongez dans l'univers des poissons et d\u00e9couvrez leur incroyable diversit\u00e9 et leur adaptation \u00e0 diff\u00e9rents milieux.\",\"breadcrumb\":{\"@id\":\"https:\\\/\\\/www.univ-guyane.fr\\\/2024\\\/02\\\/05\\\/conferences-sur-la-biologie-marine-par-joao-pedro-barreiros\\\/#breadcrumb\"},\"inLanguage\":\"es\",\"potentialAction\":[{\"@type\":\"ReadAction\",\"target\":[\"https:\\\/\\\/www.univ-guyane.fr\\\/2024\\\/02\\\/05\\\/conferences-sur-la-biologie-marine-par-joao-pedro-barreiros\\\/\"]}]},{\"@type\":\"ImageObject\",\"inLanguage\":\"es\",\"@id\":\"https:\\\/\\\/www.univ-guyane.fr\\\/2024\\\/02\\\/05\\\/conferences-sur-la-biologie-marine-par-joao-pedro-barreiros\\\/#primaryimage\",\"url\":\"https:\\\/\\\/www.univ-guyane.fr\\\/wp-content\\\/uploads\\\/conference-st-biologie-marine.jpeg\",\"contentUrl\":\"https:\\\/\\\/www.univ-guyane.fr\\\/wp-content\\\/uploads\\\/conference-st-biologie-marine.jpeg\",\"width\":1800,\"height\":1013,\"caption\":\"Conf\u00e9rences sur la biologie marine par Jo\u00e3o Pedro Barreiros\"},{\"@type\":\"BreadcrumbList\",\"@id\":\"https:\\\/\\\/www.univ-guyane.fr\\\/2024\\\/02\\\/05\\\/conferences-sur-la-biologie-marine-par-joao-pedro-barreiros\\\/#breadcrumb\",\"itemListElement\":[{\"@type\":\"ListItem\",\"position\":1,\"name\":\"Accueil\",\"item\":\"https:\\\/\\\/www.univ-guyane.fr\\\/\"},{\"@type\":\"ListItem\",\"position\":2,\"name\":\"Conf\u00e9rences sur la biologie marine par Jo\u00e3o Pedro Barreiros\"}]},{\"@type\":\"WebSite\",\"@id\":\"https:\\\/\\\/www.univ-guyane.fr\\\/#website\",\"url\":\"https:\\\/\\\/www.univ-guyane.fr\\\/\",\"name\":\"Universit\u00e9 de Guyane\",\"description\":\"Au c\u0153ur de l&#039;amazonie\",\"publisher\":{\"@id\":\"https:\\\/\\\/www.univ-guyane.fr\\\/#organization\"},\"alternateName\":\"UG\",\"potentialAction\":[{\"@type\":\"SearchAction\",\"target\":{\"@type\":\"EntryPoint\",\"urlTemplate\":\"https:\\\/\\\/www.univ-guyane.fr\\\/?s={search_term_string}\"},\"query-input\":{\"@type\":\"PropertyValueSpecification\",\"valueRequired\":true,\"valueName\":\"search_term_string\"}}],\"inLanguage\":\"es\"},{\"@type\":\"Organization\",\"@id\":\"https:\\\/\\\/www.univ-guyane.fr\\\/#organization\",\"name\":\"Universit\u00e9 de Guyane\",\"alternateName\":\"UG\",\"url\":\"https:\\\/\\\/www.univ-guyane.fr\\\/\",\"logo\":{\"@type\":\"ImageObject\",\"inLanguage\":\"es\",\"@id\":\"https:\\\/\\\/www.univ-guyane.fr\\\/#\\\/schema\\\/logo\\\/image\\\/\",\"url\":\"https:\\\/\\\/www.univ-guyane.fr\\\/wp-content\\\/uploads\\\/2024\\\/05\\\/f.png\",\"contentUrl\":\"https:\\\/\\\/www.univ-guyane.fr\\\/wp-content\\\/uploads\\\/2024\\\/05\\\/f.png\",\"width\":1024,\"height\":1024,\"caption\":\"Universit\u00e9 de Guyane\"},\"image\":{\"@id\":\"https:\\\/\\\/www.univ-guyane.fr\\\/#\\\/schema\\\/logo\\\/image\\\/\"},\"sameAs\":[\"https:\\\/\\\/www.facebook.com\\\/univguyane\",\"https:\\\/\\\/x.com\\\/univguyane\",\"https:\\\/\\\/gf.linkedin.com\\\/school\\\/universite-de-guyane\\\/\",\"https:\\\/\\\/www.instagram.com\\\/univ_guyane\\\/\"]},{\"@type\":\"Person\",\"@id\":\"https:\\\/\\\/www.univ-guyane.fr\\\/#\\\/schema\\\/person\\\/86d946a28a8be51bb096ccfdf19db179\",\"name\":\"Erick Loiti\u00e8re\",\"image\":{\"@type\":\"ImageObject\",\"inLanguage\":\"es\",\"@id\":\"https:\\\/\\\/secure.gravatar.com\\\/avatar\\\/0584f332103fbeaf37e52c73b15dca3c547fd9300deb05764e9ad8714839d072?s=96&d=robohash&r=g\",\"url\":\"https:\\\/\\\/secure.gravatar.com\\\/avatar\\\/0584f332103fbeaf37e52c73b15dca3c547fd9300deb05764e9ad8714839d072?s=96&d=robohash&r=g\",\"contentUrl\":\"https:\\\/\\\/secure.gravatar.com\\\/avatar\\\/0584f332103fbeaf37e52c73b15dca3c547fd9300deb05764e9ad8714839d072?s=96&d=robohash&r=g\",\"caption\":\"Erick Loiti\u00e8re\"},\"sameAs\":[\"http:\\\/\\\/www.univ-guyane.fr\"],\"url\":\"https:\\\/\\\/www.univ-guyane.fr\\\/es\\\/author\\\/eloitierdbz\\\/\"}]}<\/script>\n<!-- \/ Yoast SEO plugin. -->","yoast_head_json":{"title":"Conferencias sobre biolog\u00eda marina de Jo\u00e3o Pedro Barreiros - Universidad de Guyana","description":"Sum\u00e9rjase en el mundo de los peces y descubra su incre\u00edble diversidad y adaptaci\u00f3n a distintos entornos.","robots":{"index":"index","follow":"follow","max-snippet":"max-snippet:-1","max-image-preview":"max-image-preview:large","max-video-preview":"max-video-preview:-1"},"canonical":"https:\/\/www.univ-guyane.fr\/es\/2024\/02\/05\/conferences-sur-la-biologie-marine-par-joao-pedro-barreiros\/","og_locale":"es_ES","og_type":"article","og_title":"Conf\u00e9rences sur la biologie marine par Jo\u00e3o Pedro Barreiros &#8212; Universit\u00e9 de Guyane","og_description":"Plongez dans l'univers des poissons et d\u00e9couvrez leur incroyable diversit\u00e9 et leur adaptation \u00e0 diff\u00e9rents milieux.","og_url":"https:\/\/www.univ-guyane.fr\/es\/2024\/02\/05\/conferences-sur-la-biologie-marine-par-joao-pedro-barreiros\/","og_site_name":"Universit\u00e9 de Guyane","article_publisher":"https:\/\/www.facebook.com\/univguyane","article_published_time":"2024-02-05T12:48:51+00:00","article_modified_time":"2024-07-12T16:08:10+00:00","og_image":[{"width":1800,"height":1013,"url":"https:\/\/www.univ-guyane.fr\/wp-content\/uploads\/conference-st-biologie-marine.jpeg","type":"image\/jpeg"}],"author":"Erick Loiti\u00e8re","twitter_card":"summary_large_image","twitter_creator":"@univguyane","twitter_site":"@univguyane","twitter_misc":{"Escrito por":"Erick Loiti\u00e8re","Tiempo de lectura":"3 minutos"},"schema":{"@context":"https:\/\/schema.org","@graph":[{"@type":"Article","@id":"https:\/\/www.univ-guyane.fr\/2024\/02\/05\/conferences-sur-la-biologie-marine-par-joao-pedro-barreiros\/#article","isPartOf":{"@id":"https:\/\/www.univ-guyane.fr\/2024\/02\/05\/conferences-sur-la-biologie-marine-par-joao-pedro-barreiros\/"},"author":{"name":"Erick Loiti\u00e8re","@id":"https:\/\/www.univ-guyane.fr\/#\/schema\/person\/86d946a28a8be51bb096ccfdf19db179"},"headline":"Conf\u00e9rences sur la biologie marine par Jo\u00e3o Pedro Barreiros","datePublished":"2024-02-05T12:48:51+00:00","dateModified":"2024-07-12T16:08:10+00:00","mainEntityOfPage":{"@id":"https:\/\/www.univ-guyane.fr\/2024\/02\/05\/conferences-sur-la-biologie-marine-par-joao-pedro-barreiros\/"},"wordCount":995,"publisher":{"@id":"https:\/\/www.univ-guyane.fr\/#organization"},"image":{"@id":"https:\/\/www.univ-guyane.fr\/2024\/02\/05\/conferences-sur-la-biologie-marine-par-joao-pedro-barreiros\/#primaryimage"},"thumbnailUrl":"https:\/\/www.univ-guyane.fr\/wp-content\/uploads\/conference-st-biologie-marine.jpeg","articleSection":["\u2022 ST"],"inLanguage":"es"},{"@type":"WebPage","@id":"https:\/\/www.univ-guyane.fr\/2024\/02\/05\/conferences-sur-la-biologie-marine-par-joao-pedro-barreiros\/","url":"https:\/\/www.univ-guyane.fr\/2024\/02\/05\/conferences-sur-la-biologie-marine-par-joao-pedro-barreiros\/","name":"Conferencias sobre biolog\u00eda marina de Jo\u00e3o Pedro Barreiros - Universidad de Guyana","isPartOf":{"@id":"https:\/\/www.univ-guyane.fr\/#website"},"primaryImageOfPage":{"@id":"https:\/\/www.univ-guyane.fr\/2024\/02\/05\/conferences-sur-la-biologie-marine-par-joao-pedro-barreiros\/#primaryimage"},"image":{"@id":"https:\/\/www.univ-guyane.fr\/2024\/02\/05\/conferences-sur-la-biologie-marine-par-joao-pedro-barreiros\/#primaryimage"},"thumbnailUrl":"https:\/\/www.univ-guyane.fr\/wp-content\/uploads\/conference-st-biologie-marine.jpeg","datePublished":"2024-02-05T12:48:51+00:00","dateModified":"2024-07-12T16:08:10+00:00","description":"Sum\u00e9rjase en el mundo de los peces y descubra su incre\u00edble diversidad y adaptaci\u00f3n a distintos entornos.","breadcrumb":{"@id":"https:\/\/www.univ-guyane.fr\/2024\/02\/05\/conferences-sur-la-biologie-marine-par-joao-pedro-barreiros\/#breadcrumb"},"inLanguage":"es","potentialAction":[{"@type":"ReadAction","target":["https:\/\/www.univ-guyane.fr\/2024\/02\/05\/conferences-sur-la-biologie-marine-par-joao-pedro-barreiros\/"]}]},{"@type":"ImageObject","inLanguage":"es","@id":"https:\/\/www.univ-guyane.fr\/2024\/02\/05\/conferences-sur-la-biologie-marine-par-joao-pedro-barreiros\/#primaryimage","url":"https:\/\/www.univ-guyane.fr\/wp-content\/uploads\/conference-st-biologie-marine.jpeg","contentUrl":"https:\/\/www.univ-guyane.fr\/wp-content\/uploads\/conference-st-biologie-marine.jpeg","width":1800,"height":1013,"caption":"Conf\u00e9rences sur la biologie marine par Jo\u00e3o Pedro Barreiros"},{"@type":"BreadcrumbList","@id":"https:\/\/www.univ-guyane.fr\/2024\/02\/05\/conferences-sur-la-biologie-marine-par-joao-pedro-barreiros\/#breadcrumb","itemListElement":[{"@type":"ListItem","position":1,"name":"Accueil","item":"https:\/\/www.univ-guyane.fr\/"},{"@type":"ListItem","position":2,"name":"Conf\u00e9rences sur la biologie marine par Jo\u00e3o Pedro Barreiros"}]},{"@type":"WebSite","@id":"https:\/\/www.univ-guyane.fr\/#website","url":"https:\/\/www.univ-guyane.fr\/","name":"Universidad de Guyana","description":"En el coraz\u00f3n de la Amazonia","publisher":{"@id":"https:\/\/www.univ-guyane.fr\/#organization"},"alternateName":"UG","potentialAction":[{"@type":"SearchAction","target":{"@type":"EntryPoint","urlTemplate":"https:\/\/www.univ-guyane.fr\/?s={search_term_string}"},"query-input":{"@type":"PropertyValueSpecification","valueRequired":true,"valueName":"search_term_string"}}],"inLanguage":"es"},{"@type":"Organization","@id":"https:\/\/www.univ-guyane.fr\/#organization","name":"Universidad de Guyana","alternateName":"UG","url":"https:\/\/www.univ-guyane.fr\/","logo":{"@type":"ImageObject","inLanguage":"es","@id":"https:\/\/www.univ-guyane.fr\/#\/schema\/logo\/image\/","url":"https:\/\/www.univ-guyane.fr\/wp-content\/uploads\/2024\/05\/f.png","contentUrl":"https:\/\/www.univ-guyane.fr\/wp-content\/uploads\/2024\/05\/f.png","width":1024,"height":1024,"caption":"Universit\u00e9 de Guyane"},"image":{"@id":"https:\/\/www.univ-guyane.fr\/#\/schema\/logo\/image\/"},"sameAs":["https:\/\/www.facebook.com\/univguyane","https:\/\/x.com\/univguyane","https:\/\/gf.linkedin.com\/school\/universite-de-guyane\/","https:\/\/www.instagram.com\/univ_guyane\/"]},{"@type":"Person","@id":"https:\/\/www.univ-guyane.fr\/#\/schema\/person\/86d946a28a8be51bb096ccfdf19db179","name":"Erick Loiti\u00e8re","image":{"@type":"ImageObject","inLanguage":"es","@id":"https:\/\/secure.gravatar.com\/avatar\/0584f332103fbeaf37e52c73b15dca3c547fd9300deb05764e9ad8714839d072?s=96&d=robohash&r=g","url":"https:\/\/secure.gravatar.com\/avatar\/0584f332103fbeaf37e52c73b15dca3c547fd9300deb05764e9ad8714839d072?s=96&d=robohash&r=g","contentUrl":"https:\/\/secure.gravatar.com\/avatar\/0584f332103fbeaf37e52c73b15dca3c547fd9300deb05764e9ad8714839d072?s=96&d=robohash&r=g","caption":"Erick Loiti\u00e8re"},"sameAs":["http:\/\/www.univ-guyane.fr"],"url":"https:\/\/www.univ-guyane.fr\/es\/author\/eloitierdbz\/"}]}},"_links":{"self":[{"href":"https:\/\/www.univ-guyane.fr\/es\/wp-json\/wp\/v2\/posts\/8312","targetHints":{"allow":["GET"]}}],"collection":[{"href":"https:\/\/www.univ-guyane.fr\/es\/wp-json\/wp\/v2\/posts"}],"about":[{"href":"https:\/\/www.univ-guyane.fr\/es\/wp-json\/wp\/v2\/types\/post"}],"author":[{"embeddable":true,"href":"https:\/\/www.univ-guyane.fr\/es\/wp-json\/wp\/v2\/users\/1"}],"replies":[{"embeddable":true,"href":"https:\/\/www.univ-guyane.fr\/es\/wp-json\/wp\/v2\/comments?post=8312"}],"version-history":[{"count":4,"href":"https:\/\/www.univ-guyane.fr\/es\/wp-json\/wp\/v2\/posts\/8312\/revisions"}],"predecessor-version":[{"id":9978,"href":"https:\/\/www.univ-guyane.fr\/es\/wp-json\/wp\/v2\/posts\/8312\/revisions\/9978"}],"wp:featuredmedia":[{"embeddable":true,"href":"https:\/\/www.univ-guyane.fr\/es\/wp-json\/wp\/v2\/media\/8313"}],"wp:attachment":[{"href":"https:\/\/www.univ-guyane.fr\/es\/wp-json\/wp\/v2\/media?parent=8312"}],"wp:term":[{"taxonomy":"category","embeddable":true,"href":"https:\/\/www.univ-guyane.fr\/es\/wp-json\/wp\/v2\/categories?post=8312"},{"taxonomy":"post_tag","embeddable":true,"href":"https:\/\/www.univ-guyane.fr\/es\/wp-json\/wp\/v2\/tags?post=8312"}],"curies":[{"name":"wp","href":"https:\/\/api.w.org\/{rel}","templated":true}]}}