{"id":8324,"date":"2024-01-26T10:19:41","date_gmt":"2024-01-26T13:19:41","guid":{"rendered":"https:\/\/www.univ-guyane.fr\/?p=8324"},"modified":"2024-06-17T10:42:57","modified_gmt":"2024-06-17T13:42:57","slug":"les-cordees-de-la-reussite-a-l-universite-de-guyane-elargir-les-horizons-pour-tous","status":"publish","type":"post","link":"https:\/\/www.univ-guyane.fr\/es\/2024\/01\/26\/les-cordees-de-la-reussite-a-l-universite-de-guyane-elargir-les-horizons-pour-tous\/","title":{"rendered":"Cord\u00e9es de la r\u00e9ussite en la Universidad de Guyana: ampliar horizontes para todos"},"content":{"rendered":"<div id=\"fws_69f3c59464011\"  data-column-margin=\"default\" data-midnight=\"dark\"  class=\"wpb_row vc_row-fluid vc_row\"  style=\"padding-top: 0px; padding-bottom: 0px; \"><div class=\"row-bg-wrap\" data-bg-animation=\"none\" data-bg-animation-delay=\"\" data-bg-overlay=\"false\"><div class=\"inner-wrap row-bg-layer\" ><div class=\"row-bg viewport-desktop\"  style=\"\"><\/div><\/div><\/div><div class=\"row_col_wrap_12 col span_12 dark left\">\n\t<div  class=\"vc_col-sm-12 wpb_column column_container vc_column_container col no-extra-padding inherit_tablet inherit_phone\"  data-padding-pos=\"all\" data-has-bg-color=\"false\" data-bg-color=\"\" data-bg-opacity=\"1\" data-animation=\"\" data-delay=\"0\" >\n\t\t<div class=\"vc_column-inner\" >\n\t\t\t<div class=\"wpb_wrapper\">\n\t\t\t\t\n<div class=\"wpb_text_column wpb_content_element  chapo\" >\n\t<div id=\"fws_65d52e985f97c\" class=\"wpb_row vc_row-fluid vc_row\" data-column-margin=\"default\" data-midnight=\"dark\">\n<div class=\"row_col_wrap_12 col span_12 dark left\">\n<div class=\"vc_col-sm-12 wpb_column column_container vc_column_container col no-extra-padding inherit_tablet inherit_phone\" data-padding-pos=\"all\" data-has-bg-color=\"false\" data-bg-color=\"\" data-bg-opacity=\"1\" data-animation=\"\" data-delay=\"0\">\n<div class=\"vc_column-inner\">\n<div class=\"wpb_wrapper\">\n<div class=\"wpb_text_column wpb_content_element\">\n<div class=\"wpb_wrapper\">\n<h2>Las Cord\u00e9es de la R\u00e9ussite son un plan de igualdad de oportunidades dise\u00f1ado para apoyar a los j\u00f3venes en sus carreras educativas y profesionales. La iniciativa se extiende ahora m\u00e1s all\u00e1 del \u00faltimo curso de secundaria, hasta 4\u00ba de la ESO, con el objetivo de animar a los j\u00f3venes a aspirar a la educaci\u00f3n superior a una edad temprana y combatir la autocensura.<\/h2>\n<\/div>\n<\/div>\n<\/div>\n<\/div>\n<\/div>\n<\/div>\n<\/div>\n<div id=\"fws_65d52e985fb41\" class=\"wpb_row vc_row-fluid vc_row\" data-column-margin=\"default\" data-midnight=\"dark\">\n<div class=\"row-bg-wrap\" data-bg-animation=\"none\" data-bg-animation-delay=\"\" data-bg-overlay=\"false\">\n<div class=\"inner-wrap row-bg-layer\">\n<div class=\"row-bg viewport-desktop\"><\/div>\n<\/div>\n<\/div>\n<div class=\"row_col_wrap_12 col span_12 dark left\">\n<div class=\"vc_col-sm-12 wpb_column column_container vc_column_container col no-extra-padding inherit_tablet inherit_phone\" data-padding-pos=\"all\" data-has-bg-color=\"false\" data-bg-color=\"\" data-bg-opacity=\"1\" data-animation=\"\" data-delay=\"0\">\n<div class=\"vc_column-inner\">\n<div class=\"wpb_wrapper\">\n<div class=\"wpb_text_column wpb_content_element\">\n<div class=\"wpb_wrapper\">\n<div id=\"lipsum\"><\/div>\n<\/div>\n<\/div>\n<\/div>\n<\/div>\n<\/div>\n<\/div>\n<\/div>\n<\/div>\n\n\n\n\n<div class=\"wpb_text_column wpb_content_element\" >\n\t<p><span class=\"nectar-dropcap\" >T <\/span>unque en la Guayana Francesa el programa Cord\u00e9es de la R\u00e9ussite suele limitarse a los alumnos del \u00faltimo curso de secundaria, su objetivo es llegar a un p\u00fablico m\u00e1s amplio, en particular a los estudiantes de cuarto curso de secundaria. El objetivo es claro: fomentar la ambici\u00f3n de los j\u00f3venes por cursar estudios superiores en una fase temprana y combatir la autocensura que a veces puede frenar sus aspiraciones.  El plan se compromete a desmitificar la ense\u00f1anza superior y a fomentar la ambici\u00f3n de proseguir los estudios desde la ense\u00f1anza secundaria.<\/p>\n<h4>Acciones concretas para inspirar ambici\u00f3n<\/h4>\n<p>Las principales acciones puestas en marcha reflejan el compromiso de Cord\u00e9es de la R\u00e9ussite de ampliar los horizontes de los j\u00f3venes desde la ense\u00f1anza secundaria:<\/p>\n<h4>Visitas y reuniones en centros escolares<\/h4>\n<p>Los conferenciantes se re\u00fanen con los estudiantes para presentarles las carreras y cursos que ofrece la Universidad de Guyana (UG). Esta interacci\u00f3n directa contribuye a despertar la curiosidad de los j\u00f3venes y a informarles sobre las distintas posibilidades que se les ofrecen.<\/p>\n<h4>Inmersi\u00f3n en la universidad<\/h4>\n<p>Los alumnos tienen la oportunidad de conocer mejor la universidad. Se organizan visitas al campus y presentaciones en profundidad de los laboratorios de ciencias de la vida y de la tierra (L&amp;E), especialmente dise\u00f1adas para los cursos de ciencias.<\/p>\n<h4>Foros de empleo<\/h4>\n<p>Los foros profesionales ofrecen a los j\u00f3venes la oportunidad de informarse directamente con profesionales en activo. Estos debates les ayudan a conocer en profundidad las distintas profesiones y sus requisitos.<\/p>\n<h4>Tutor\u00eda personalizada<\/h4>\n<p>Los tutores de estudiantes, en funci\u00f3n de sus estudios, desempe\u00f1an un papel esencial en el apoyo a los estudiantes. Esta tutor\u00eda personalizada pretende orientar a los j\u00f3venes en su elecci\u00f3n de carrera compartiendo sus experiencias y respondiendo a sus preguntas.<\/p>\n<h4>Testimonios de antiguos alumnos como tutores<\/h4>\n<p>Se invita a antiguos estudiantes, que ahora son profesionales consumados, a compartir sus experiencias como tutores testimoniales. Estos testimonios ofrecen una perspectiva concreta de las posibilidades de desarrollo profesional tras la educaci\u00f3n superior.<\/p>\n<h3>Los cord\u00e9es en cifras<\/h3>\n<p>19 escuelas de la Guayana Francesa fueron acogidas en la Universidad de Guyana<br \/>\nCampus de Troubiran: 13 institutos y 6 colegios. 1.140 estudiantes de la Guayana Francesa tuvieron la oportunidad de descubrir el campus de Troubiran en compa\u00f1\u00eda de nuestros equipos y estudiantes tutores. 269 alumnos de secundaria y 871 de bachillerato<\/p>\n<\/div>\n\n\n\n\n\t\t\t<\/div> \n\t\t<\/div>\n\t<\/div> \n<\/div><\/div>","protected":false},"excerpt":{"rendered":"Las Cord\u00e9es de la R\u00e9ussite son un programa de igualdad de oportunidades dise\u00f1ado para apoyar a los estudiantes...","protected":false},"author":1,"featured_media":8327,"comment_status":"closed","ping_status":"open","sticky":false,"template":"","format":"standard","meta":{"iawp_total_views":46,"footnotes":""},"categories":[152],"tags":[],"class_list":{"0":"post-8324","1":"post","2":"type-post","3":"status-publish","4":"format-standard","5":"has-post-thumbnail","7":"category-dosip"},"yoast_head":"<!-- This site is optimized with the Yoast SEO plugin v27.5 - https:\/\/yoast.com\/product\/yoast-seo-wordpress\/ -->\n<title>Les Cord\u00e9es de la r\u00e9ussite \u00e0 l\u2019 Universit\u00e9 de Guyane : \u00c9largir les horizons pour tous &#8212; Universit\u00e9 de Guyane<\/title>\n<meta name=\"description\" content=\"D\u00e9couvrez les Cord\u00e9es de la R\u00e9ussite en Guyane : encourager les \u00e9tudes sup\u00e9rieures d\u00e8s le coll\u00e8ge et lutter contre l&#039;autocensure des jeunes.\" \/>\n<meta name=\"robots\" content=\"index, follow, max-snippet:-1, max-image-preview:large, max-video-preview:-1\" \/>\n<link rel=\"canonical\" href=\"https:\/\/www.univ-guyane.fr\/es\/2024\/01\/26\/les-cordees-de-la-reussite-a-l-universite-de-guyane-elargir-les-horizons-pour-tous\/\" \/>\n<meta property=\"og:locale\" content=\"es_ES\" \/>\n<meta property=\"og:type\" content=\"article\" \/>\n<meta property=\"og:title\" content=\"Les Cord\u00e9es de la r\u00e9ussite \u00e0 l\u2019 Universit\u00e9 de Guyane : \u00c9largir les horizons pour tous &#8212; Universit\u00e9 de Guyane\" \/>\n<meta property=\"og:description\" content=\"D\u00e9couvrez les Cord\u00e9es de la R\u00e9ussite en Guyane : encourager les \u00e9tudes sup\u00e9rieures d\u00e8s le coll\u00e8ge et lutter contre l&#039;autocensure des jeunes.\" \/>\n<meta property=\"og:url\" content=\"https:\/\/www.univ-guyane.fr\/es\/2024\/01\/26\/les-cordees-de-la-reussite-a-l-universite-de-guyane-elargir-les-horizons-pour-tous\/\" \/>\n<meta property=\"og:site_name\" content=\"Universit\u00e9 de Guyane\" \/>\n<meta property=\"article:publisher\" content=\"https:\/\/www.facebook.com\/univguyane\" \/>\n<meta property=\"article:published_time\" content=\"2024-01-26T13:19:41+00:00\" \/>\n<meta property=\"article:modified_time\" content=\"2024-06-17T13:42:57+00:00\" \/>\n<meta property=\"og:image\" content=\"https:\/\/www.univ-guyane.fr\/wp-content\/uploads\/Les-cordees-de-la-reussite.jpeg\" \/>\n\t<meta property=\"og:image:width\" content=\"1800\" \/>\n\t<meta property=\"og:image:height\" content=\"1013\" \/>\n\t<meta property=\"og:image:type\" content=\"image\/jpeg\" \/>\n<meta name=\"author\" content=\"Erick Loiti\u00e8re\" \/>\n<meta name=\"twitter:card\" content=\"summary_large_image\" \/>\n<meta name=\"twitter:creator\" content=\"@univguyane\" \/>\n<meta name=\"twitter:site\" content=\"@univguyane\" \/>\n<meta name=\"twitter:label1\" content=\"Escrito por\" \/>\n\t<meta name=\"twitter:data1\" content=\"Erick Loiti\u00e8re\" \/>\n\t<meta name=\"twitter:label2\" content=\"Tiempo de lectura\" \/>\n\t<meta name=\"twitter:data2\" content=\"3 minutos\" \/>\n<script type=\"application\/ld+json\" class=\"yoast-schema-graph\">{\"@context\":\"https:\\\/\\\/schema.org\",\"@graph\":[{\"@type\":\"Article\",\"@id\":\"https:\\\/\\\/www.univ-guyane.fr\\\/2024\\\/01\\\/26\\\/les-cordees-de-la-reussite-a-l-universite-de-guyane-elargir-les-horizons-pour-tous\\\/#article\",\"isPartOf\":{\"@id\":\"https:\\\/\\\/www.univ-guyane.fr\\\/2024\\\/01\\\/26\\\/les-cordees-de-la-reussite-a-l-universite-de-guyane-elargir-les-horizons-pour-tous\\\/\"},\"author\":{\"name\":\"Erick Loiti\u00e8re\",\"@id\":\"https:\\\/\\\/www.univ-guyane.fr\\\/#\\\/schema\\\/person\\\/86d946a28a8be51bb096ccfdf19db179\"},\"headline\":\"Les Cord\u00e9es de la r\u00e9ussite \u00e0 l\u2019 Universit\u00e9 de Guyane : \u00c9largir les horizons pour tous\",\"datePublished\":\"2024-01-26T13:19:41+00:00\",\"dateModified\":\"2024-06-17T13:42:57+00:00\",\"mainEntityOfPage\":{\"@id\":\"https:\\\/\\\/www.univ-guyane.fr\\\/2024\\\/01\\\/26\\\/les-cordees-de-la-reussite-a-l-universite-de-guyane-elargir-les-horizons-pour-tous\\\/\"},\"wordCount\":678,\"publisher\":{\"@id\":\"https:\\\/\\\/www.univ-guyane.fr\\\/#organization\"},\"image\":{\"@id\":\"https:\\\/\\\/www.univ-guyane.fr\\\/2024\\\/01\\\/26\\\/les-cordees-de-la-reussite-a-l-universite-de-guyane-elargir-les-horizons-pour-tous\\\/#primaryimage\"},\"thumbnailUrl\":\"https:\\\/\\\/www.univ-guyane.fr\\\/wp-content\\\/uploads\\\/Les-cordees-de-la-reussite.jpeg\",\"articleSection\":[\"\u2022 DOSIP\"],\"inLanguage\":\"es\"},{\"@type\":\"WebPage\",\"@id\":\"https:\\\/\\\/www.univ-guyane.fr\\\/2024\\\/01\\\/26\\\/les-cordees-de-la-reussite-a-l-universite-de-guyane-elargir-les-horizons-pour-tous\\\/\",\"url\":\"https:\\\/\\\/www.univ-guyane.fr\\\/2024\\\/01\\\/26\\\/les-cordees-de-la-reussite-a-l-universite-de-guyane-elargir-les-horizons-pour-tous\\\/\",\"name\":\"Les Cord\u00e9es de la r\u00e9ussite \u00e0 l\u2019 Universit\u00e9 de Guyane : \u00c9largir les horizons pour tous &#8212; Universit\u00e9 de Guyane\",\"isPartOf\":{\"@id\":\"https:\\\/\\\/www.univ-guyane.fr\\\/#website\"},\"primaryImageOfPage\":{\"@id\":\"https:\\\/\\\/www.univ-guyane.fr\\\/2024\\\/01\\\/26\\\/les-cordees-de-la-reussite-a-l-universite-de-guyane-elargir-les-horizons-pour-tous\\\/#primaryimage\"},\"image\":{\"@id\":\"https:\\\/\\\/www.univ-guyane.fr\\\/2024\\\/01\\\/26\\\/les-cordees-de-la-reussite-a-l-universite-de-guyane-elargir-les-horizons-pour-tous\\\/#primaryimage\"},\"thumbnailUrl\":\"https:\\\/\\\/www.univ-guyane.fr\\\/wp-content\\\/uploads\\\/Les-cordees-de-la-reussite.jpeg\",\"datePublished\":\"2024-01-26T13:19:41+00:00\",\"dateModified\":\"2024-06-17T13:42:57+00:00\",\"description\":\"D\u00e9couvrez les Cord\u00e9es de la R\u00e9ussite en Guyane : encourager les \u00e9tudes sup\u00e9rieures d\u00e8s le coll\u00e8ge et lutter contre l'autocensure des jeunes.\",\"breadcrumb\":{\"@id\":\"https:\\\/\\\/www.univ-guyane.fr\\\/2024\\\/01\\\/26\\\/les-cordees-de-la-reussite-a-l-universite-de-guyane-elargir-les-horizons-pour-tous\\\/#breadcrumb\"},\"inLanguage\":\"es\",\"potentialAction\":[{\"@type\":\"ReadAction\",\"target\":[\"https:\\\/\\\/www.univ-guyane.fr\\\/2024\\\/01\\\/26\\\/les-cordees-de-la-reussite-a-l-universite-de-guyane-elargir-les-horizons-pour-tous\\\/\"]}]},{\"@type\":\"ImageObject\",\"inLanguage\":\"es\",\"@id\":\"https:\\\/\\\/www.univ-guyane.fr\\\/2024\\\/01\\\/26\\\/les-cordees-de-la-reussite-a-l-universite-de-guyane-elargir-les-horizons-pour-tous\\\/#primaryimage\",\"url\":\"https:\\\/\\\/www.univ-guyane.fr\\\/wp-content\\\/uploads\\\/Les-cordees-de-la-reussite.jpeg\",\"contentUrl\":\"https:\\\/\\\/www.univ-guyane.fr\\\/wp-content\\\/uploads\\\/Les-cordees-de-la-reussite.jpeg\",\"width\":1800,\"height\":1013,\"caption\":\"Les Cord\u00e9es de la r\u00e9ussite \u00e0 l\u2019 Universit\u00e9 de Guyane : \u00c9largir les horizons pour tous\"},{\"@type\":\"BreadcrumbList\",\"@id\":\"https:\\\/\\\/www.univ-guyane.fr\\\/2024\\\/01\\\/26\\\/les-cordees-de-la-reussite-a-l-universite-de-guyane-elargir-les-horizons-pour-tous\\\/#breadcrumb\",\"itemListElement\":[{\"@type\":\"ListItem\",\"position\":1,\"name\":\"Accueil\",\"item\":\"https:\\\/\\\/www.univ-guyane.fr\\\/\"},{\"@type\":\"ListItem\",\"position\":2,\"name\":\"Les Cord\u00e9es de la r\u00e9ussite \u00e0 l\u2019 Universit\u00e9 de Guyane : \u00c9largir les horizons pour tous\"}]},{\"@type\":\"WebSite\",\"@id\":\"https:\\\/\\\/www.univ-guyane.fr\\\/#website\",\"url\":\"https:\\\/\\\/www.univ-guyane.fr\\\/\",\"name\":\"Universit\u00e9 de Guyane\",\"description\":\"Au c\u0153ur de l&#039;amazonie\",\"publisher\":{\"@id\":\"https:\\\/\\\/www.univ-guyane.fr\\\/#organization\"},\"alternateName\":\"UG\",\"potentialAction\":[{\"@type\":\"SearchAction\",\"target\":{\"@type\":\"EntryPoint\",\"urlTemplate\":\"https:\\\/\\\/www.univ-guyane.fr\\\/?s={search_term_string}\"},\"query-input\":{\"@type\":\"PropertyValueSpecification\",\"valueRequired\":true,\"valueName\":\"search_term_string\"}}],\"inLanguage\":\"es\"},{\"@type\":\"Organization\",\"@id\":\"https:\\\/\\\/www.univ-guyane.fr\\\/#organization\",\"name\":\"Universit\u00e9 de Guyane\",\"alternateName\":\"UG\",\"url\":\"https:\\\/\\\/www.univ-guyane.fr\\\/\",\"logo\":{\"@type\":\"ImageObject\",\"inLanguage\":\"es\",\"@id\":\"https:\\\/\\\/www.univ-guyane.fr\\\/#\\\/schema\\\/logo\\\/image\\\/\",\"url\":\"https:\\\/\\\/www.univ-guyane.fr\\\/wp-content\\\/uploads\\\/2024\\\/05\\\/f.png\",\"contentUrl\":\"https:\\\/\\\/www.univ-guyane.fr\\\/wp-content\\\/uploads\\\/2024\\\/05\\\/f.png\",\"width\":1024,\"height\":1024,\"caption\":\"Universit\u00e9 de Guyane\"},\"image\":{\"@id\":\"https:\\\/\\\/www.univ-guyane.fr\\\/#\\\/schema\\\/logo\\\/image\\\/\"},\"sameAs\":[\"https:\\\/\\\/www.facebook.com\\\/univguyane\",\"https:\\\/\\\/x.com\\\/univguyane\",\"https:\\\/\\\/gf.linkedin.com\\\/school\\\/universite-de-guyane\\\/\",\"https:\\\/\\\/www.instagram.com\\\/univ_guyane\\\/\"]},{\"@type\":\"Person\",\"@id\":\"https:\\\/\\\/www.univ-guyane.fr\\\/#\\\/schema\\\/person\\\/86d946a28a8be51bb096ccfdf19db179\",\"name\":\"Erick Loiti\u00e8re\",\"image\":{\"@type\":\"ImageObject\",\"inLanguage\":\"es\",\"@id\":\"https:\\\/\\\/secure.gravatar.com\\\/avatar\\\/0584f332103fbeaf37e52c73b15dca3c547fd9300deb05764e9ad8714839d072?s=96&d=robohash&r=g\",\"url\":\"https:\\\/\\\/secure.gravatar.com\\\/avatar\\\/0584f332103fbeaf37e52c73b15dca3c547fd9300deb05764e9ad8714839d072?s=96&d=robohash&r=g\",\"contentUrl\":\"https:\\\/\\\/secure.gravatar.com\\\/avatar\\\/0584f332103fbeaf37e52c73b15dca3c547fd9300deb05764e9ad8714839d072?s=96&d=robohash&r=g\",\"caption\":\"Erick Loiti\u00e8re\"},\"sameAs\":[\"http:\\\/\\\/www.univ-guyane.fr\"],\"url\":\"https:\\\/\\\/www.univ-guyane.fr\\\/es\\\/author\\\/eloitierdbz\\\/\"}]}<\/script>\n<!-- \/ Yoast SEO plugin. -->","yoast_head_json":{"title":"Cord\u00e9es de la r\u00e9ussite en la Universidad de Guyana: Ampliar horizontes para todos - Universidad de Guyana","description":"M\u00e1s informaci\u00f3n sobre las Cord\u00e9es de la R\u00e9ussite en la Guayana Francesa: fomento de los estudios superiores desde la ense\u00f1anza secundaria y lucha contra la autocensura entre los j\u00f3venes.","robots":{"index":"index","follow":"follow","max-snippet":"max-snippet:-1","max-image-preview":"max-image-preview:large","max-video-preview":"max-video-preview:-1"},"canonical":"https:\/\/www.univ-guyane.fr\/es\/2024\/01\/26\/les-cordees-de-la-reussite-a-l-universite-de-guyane-elargir-les-horizons-pour-tous\/","og_locale":"es_ES","og_type":"article","og_title":"Les Cord\u00e9es de la r\u00e9ussite \u00e0 l\u2019 Universit\u00e9 de Guyane : \u00c9largir les horizons pour tous &#8212; Universit\u00e9 de Guyane","og_description":"D\u00e9couvrez les Cord\u00e9es de la R\u00e9ussite en Guyane : encourager les \u00e9tudes sup\u00e9rieures d\u00e8s le coll\u00e8ge et lutter contre l'autocensure des jeunes.","og_url":"https:\/\/www.univ-guyane.fr\/es\/2024\/01\/26\/les-cordees-de-la-reussite-a-l-universite-de-guyane-elargir-les-horizons-pour-tous\/","og_site_name":"Universit\u00e9 de Guyane","article_publisher":"https:\/\/www.facebook.com\/univguyane","article_published_time":"2024-01-26T13:19:41+00:00","article_modified_time":"2024-06-17T13:42:57+00:00","og_image":[{"width":1800,"height":1013,"url":"https:\/\/www.univ-guyane.fr\/wp-content\/uploads\/Les-cordees-de-la-reussite.jpeg","type":"image\/jpeg"}],"author":"Erick Loiti\u00e8re","twitter_card":"summary_large_image","twitter_creator":"@univguyane","twitter_site":"@univguyane","twitter_misc":{"Escrito por":"Erick Loiti\u00e8re","Tiempo de lectura":"3 minutos"},"schema":{"@context":"https:\/\/schema.org","@graph":[{"@type":"Article","@id":"https:\/\/www.univ-guyane.fr\/2024\/01\/26\/les-cordees-de-la-reussite-a-l-universite-de-guyane-elargir-les-horizons-pour-tous\/#article","isPartOf":{"@id":"https:\/\/www.univ-guyane.fr\/2024\/01\/26\/les-cordees-de-la-reussite-a-l-universite-de-guyane-elargir-les-horizons-pour-tous\/"},"author":{"name":"Erick Loiti\u00e8re","@id":"https:\/\/www.univ-guyane.fr\/#\/schema\/person\/86d946a28a8be51bb096ccfdf19db179"},"headline":"Les Cord\u00e9es de la r\u00e9ussite \u00e0 l\u2019 Universit\u00e9 de Guyane : \u00c9largir les horizons pour tous","datePublished":"2024-01-26T13:19:41+00:00","dateModified":"2024-06-17T13:42:57+00:00","mainEntityOfPage":{"@id":"https:\/\/www.univ-guyane.fr\/2024\/01\/26\/les-cordees-de-la-reussite-a-l-universite-de-guyane-elargir-les-horizons-pour-tous\/"},"wordCount":678,"publisher":{"@id":"https:\/\/www.univ-guyane.fr\/#organization"},"image":{"@id":"https:\/\/www.univ-guyane.fr\/2024\/01\/26\/les-cordees-de-la-reussite-a-l-universite-de-guyane-elargir-les-horizons-pour-tous\/#primaryimage"},"thumbnailUrl":"https:\/\/www.univ-guyane.fr\/wp-content\/uploads\/Les-cordees-de-la-reussite.jpeg","articleSection":["\u2022 DOSIP"],"inLanguage":"es"},{"@type":"WebPage","@id":"https:\/\/www.univ-guyane.fr\/2024\/01\/26\/les-cordees-de-la-reussite-a-l-universite-de-guyane-elargir-les-horizons-pour-tous\/","url":"https:\/\/www.univ-guyane.fr\/2024\/01\/26\/les-cordees-de-la-reussite-a-l-universite-de-guyane-elargir-les-horizons-pour-tous\/","name":"Cord\u00e9es de la r\u00e9ussite en la Universidad de Guyana: Ampliar horizontes para todos - Universidad de Guyana","isPartOf":{"@id":"https:\/\/www.univ-guyane.fr\/#website"},"primaryImageOfPage":{"@id":"https:\/\/www.univ-guyane.fr\/2024\/01\/26\/les-cordees-de-la-reussite-a-l-universite-de-guyane-elargir-les-horizons-pour-tous\/#primaryimage"},"image":{"@id":"https:\/\/www.univ-guyane.fr\/2024\/01\/26\/les-cordees-de-la-reussite-a-l-universite-de-guyane-elargir-les-horizons-pour-tous\/#primaryimage"},"thumbnailUrl":"https:\/\/www.univ-guyane.fr\/wp-content\/uploads\/Les-cordees-de-la-reussite.jpeg","datePublished":"2024-01-26T13:19:41+00:00","dateModified":"2024-06-17T13:42:57+00:00","description":"M\u00e1s informaci\u00f3n sobre las Cord\u00e9es de la R\u00e9ussite en la Guayana Francesa: fomento de los estudios superiores desde la ense\u00f1anza secundaria y lucha contra la autocensura entre los j\u00f3venes.","breadcrumb":{"@id":"https:\/\/www.univ-guyane.fr\/2024\/01\/26\/les-cordees-de-la-reussite-a-l-universite-de-guyane-elargir-les-horizons-pour-tous\/#breadcrumb"},"inLanguage":"es","potentialAction":[{"@type":"ReadAction","target":["https:\/\/www.univ-guyane.fr\/2024\/01\/26\/les-cordees-de-la-reussite-a-l-universite-de-guyane-elargir-les-horizons-pour-tous\/"]}]},{"@type":"ImageObject","inLanguage":"es","@id":"https:\/\/www.univ-guyane.fr\/2024\/01\/26\/les-cordees-de-la-reussite-a-l-universite-de-guyane-elargir-les-horizons-pour-tous\/#primaryimage","url":"https:\/\/www.univ-guyane.fr\/wp-content\/uploads\/Les-cordees-de-la-reussite.jpeg","contentUrl":"https:\/\/www.univ-guyane.fr\/wp-content\/uploads\/Les-cordees-de-la-reussite.jpeg","width":1800,"height":1013,"caption":"Les Cord\u00e9es de la r\u00e9ussite \u00e0 l\u2019 Universit\u00e9 de Guyane : \u00c9largir les horizons pour tous"},{"@type":"BreadcrumbList","@id":"https:\/\/www.univ-guyane.fr\/2024\/01\/26\/les-cordees-de-la-reussite-a-l-universite-de-guyane-elargir-les-horizons-pour-tous\/#breadcrumb","itemListElement":[{"@type":"ListItem","position":1,"name":"Accueil","item":"https:\/\/www.univ-guyane.fr\/"},{"@type":"ListItem","position":2,"name":"Les Cord\u00e9es de la r\u00e9ussite \u00e0 l\u2019 Universit\u00e9 de Guyane : \u00c9largir les horizons pour tous"}]},{"@type":"WebSite","@id":"https:\/\/www.univ-guyane.fr\/#website","url":"https:\/\/www.univ-guyane.fr\/","name":"Universidad de Guyana","description":"En el coraz\u00f3n de la Amazonia","publisher":{"@id":"https:\/\/www.univ-guyane.fr\/#organization"},"alternateName":"UG","potentialAction":[{"@type":"SearchAction","target":{"@type":"EntryPoint","urlTemplate":"https:\/\/www.univ-guyane.fr\/?s={search_term_string}"},"query-input":{"@type":"PropertyValueSpecification","valueRequired":true,"valueName":"search_term_string"}}],"inLanguage":"es"},{"@type":"Organization","@id":"https:\/\/www.univ-guyane.fr\/#organization","name":"Universidad de Guyana","alternateName":"UG","url":"https:\/\/www.univ-guyane.fr\/","logo":{"@type":"ImageObject","inLanguage":"es","@id":"https:\/\/www.univ-guyane.fr\/#\/schema\/logo\/image\/","url":"https:\/\/www.univ-guyane.fr\/wp-content\/uploads\/2024\/05\/f.png","contentUrl":"https:\/\/www.univ-guyane.fr\/wp-content\/uploads\/2024\/05\/f.png","width":1024,"height":1024,"caption":"Universit\u00e9 de Guyane"},"image":{"@id":"https:\/\/www.univ-guyane.fr\/#\/schema\/logo\/image\/"},"sameAs":["https:\/\/www.facebook.com\/univguyane","https:\/\/x.com\/univguyane","https:\/\/gf.linkedin.com\/school\/universite-de-guyane\/","https:\/\/www.instagram.com\/univ_guyane\/"]},{"@type":"Person","@id":"https:\/\/www.univ-guyane.fr\/#\/schema\/person\/86d946a28a8be51bb096ccfdf19db179","name":"Erick Loiti\u00e8re","image":{"@type":"ImageObject","inLanguage":"es","@id":"https:\/\/secure.gravatar.com\/avatar\/0584f332103fbeaf37e52c73b15dca3c547fd9300deb05764e9ad8714839d072?s=96&d=robohash&r=g","url":"https:\/\/secure.gravatar.com\/avatar\/0584f332103fbeaf37e52c73b15dca3c547fd9300deb05764e9ad8714839d072?s=96&d=robohash&r=g","contentUrl":"https:\/\/secure.gravatar.com\/avatar\/0584f332103fbeaf37e52c73b15dca3c547fd9300deb05764e9ad8714839d072?s=96&d=robohash&r=g","caption":"Erick Loiti\u00e8re"},"sameAs":["http:\/\/www.univ-guyane.fr"],"url":"https:\/\/www.univ-guyane.fr\/es\/author\/eloitierdbz\/"}]}},"_links":{"self":[{"href":"https:\/\/www.univ-guyane.fr\/es\/wp-json\/wp\/v2\/posts\/8324","targetHints":{"allow":["GET"]}}],"collection":[{"href":"https:\/\/www.univ-guyane.fr\/es\/wp-json\/wp\/v2\/posts"}],"about":[{"href":"https:\/\/www.univ-guyane.fr\/es\/wp-json\/wp\/v2\/types\/post"}],"author":[{"embeddable":true,"href":"https:\/\/www.univ-guyane.fr\/es\/wp-json\/wp\/v2\/users\/1"}],"replies":[{"embeddable":true,"href":"https:\/\/www.univ-guyane.fr\/es\/wp-json\/wp\/v2\/comments?post=8324"}],"version-history":[{"count":10,"href":"https:\/\/www.univ-guyane.fr\/es\/wp-json\/wp\/v2\/posts\/8324\/revisions"}],"predecessor-version":[{"id":8335,"href":"https:\/\/www.univ-guyane.fr\/es\/wp-json\/wp\/v2\/posts\/8324\/revisions\/8335"}],"wp:featuredmedia":[{"embeddable":true,"href":"https:\/\/www.univ-guyane.fr\/es\/wp-json\/wp\/v2\/media\/8327"}],"wp:attachment":[{"href":"https:\/\/www.univ-guyane.fr\/es\/wp-json\/wp\/v2\/media?parent=8324"}],"wp:term":[{"taxonomy":"category","embeddable":true,"href":"https:\/\/www.univ-guyane.fr\/es\/wp-json\/wp\/v2\/categories?post=8324"},{"taxonomy":"post_tag","embeddable":true,"href":"https:\/\/www.univ-guyane.fr\/es\/wp-json\/wp\/v2\/tags?post=8324"}],"curies":[{"name":"wp","href":"https:\/\/api.w.org\/{rel}","templated":true}]}}