{"id":8390,"date":"2023-12-05T13:33:32","date_gmt":"2023-12-05T16:33:32","guid":{"rendered":"https:\/\/www.univ-guyane.fr\/?p=8390"},"modified":"2024-06-17T13:55:21","modified_gmt":"2024-06-17T16:55:21","slug":"rencontre-dedicace-avec-boris-lama","status":"publish","type":"post","link":"https:\/\/www.univ-guyane.fr\/es\/2023\/12\/05\/rencontre-dedicace-avec-boris-lama\/","title":{"rendered":"Firma de libros con Boris Lama"},"content":{"rendered":"<div id=\"fws_69f37fedafd6c\"  data-column-margin=\"default\" data-midnight=\"dark\"  class=\"wpb_row vc_row-fluid vc_row\"  style=\"padding-top: 0px; padding-bottom: 0px; \"><div class=\"row-bg-wrap\" data-bg-animation=\"none\" data-bg-animation-delay=\"\" data-bg-overlay=\"false\"><div class=\"inner-wrap row-bg-layer\" ><div class=\"row-bg viewport-desktop\"  style=\"\"><\/div><\/div><\/div><div class=\"row_col_wrap_12 col span_12 dark left\">\n\t<div  class=\"vc_col-sm-12 wpb_column column_container vc_column_container col no-extra-padding inherit_tablet inherit_phone\"  data-padding-pos=\"all\" data-has-bg-color=\"false\" data-bg-color=\"\" data-bg-opacity=\"1\" data-animation=\"\" data-delay=\"0\" >\n\t\t<div class=\"vc_column-inner\" >\n\t\t\t<div class=\"wpb_wrapper\">\n\t\t\t\t\n<div class=\"wpb_text_column wpb_content_element  chapo\" >\n\t<h2>El jueves 7 de diciembre, de 16.00 a 18.00 horas, la biblioteca universitaria acoger\u00e1 a Boris Lama con motivo de la publicaci\u00f3n de su tesis, titulada Pouvoir colonial, figures politiques et soci\u00e9t\u00e9 en Guyane fran\u00e7aise (1830-1910), publicada por Ibis Rouge.<\/h2>\n<\/div>\n\n\n\n\n<div class=\"wpb_text_column wpb_content_element\" >\n\t<div class=\"wpb_text_column wpb_content_element\">\n<div class=\"wpb_wrapper\">\n<div id=\"lipsum\">\n<span class=\"nectar-dropcap\" >C <\/span>sta firma de libros ser\u00e1 una oportunidad para que el historiador, ahora a cargo de la investigaci\u00f3n de inventario en la Unidad de Cultura, Patrimonio e Identidad de la Collectivit\u00e9 Territoriale de Guyane (CTG), nos hable sobre el desarrollo y las conclusiones de esta tesis de posgrado, que ser\u00e1 defendida en la Universidad de Guyana en septiembre de 2020.<br \/>\nBoris Lama se ha interesado especialmente por las contradicciones pol\u00edticas del sistema colonial de la Guayana Francesa entre 1830 y 1910. En este trabajo acad\u00e9mico, destaca el car\u00e1cter formal de la introducci\u00f3n de la democracia liberal en este territorio bajo administraci\u00f3n francesa. Su an\u00e1lisis hist\u00f3rico pone de relieve el car\u00e1cter superficial, en muchos aspectos, de la concesi\u00f3n de derechos c\u00edvicos y pol\u00edticos por la Monarqu\u00eda de Julio en 1830 y la Segunda Rep\u00fablica en 1848.<\/p>\n<p>&nbsp;<\/p>\n<p>Los actores locales desempe\u00f1an un papel esencial en este estudio, que abarca casi un siglo. Reclaman constantemente el respeto de los derechos pol\u00edticos que se les niegan de hecho, debido a los \"prejuicios raciales\" sustentados en las garant\u00edas cient\u00edficas del siglo XIX. La historia de esta notabilidad se analiza a trav\u00e9s de numerosos documentos y de una serie de historias individuales ejemplares que encarnan las cuestiones pol\u00edticas y sociales en juego en la sociedad guyanesa durante el periodo abarcado.<br \/>\nB\u00e1sicamente, la cuesti\u00f3n fundamental de este estudio se refiere a la reivindicaci\u00f3n de la igualdad republicana y la autonom\u00eda pol\u00edtica de un territorio bajo tutela colonial. Esta cuesti\u00f3n sigue siendo de gran actualidad y sigue siendo objeto de numerosos debates entre la poblaci\u00f3n guyanesa, que reclama \"la aplicaci\u00f3n del principio de igualdad republicana en las pr\u00e1cticas sociales y pol\u00edticas\", como se\u00f1ala el autor en la introducci\u00f3n de este estudio acad\u00e9mico.<br \/>\nLe invitamos a que venga a hablar de ello.<\/p>\n<\/div>\n<\/div>\n<\/div>\n<\/div>\n\n\n\n\n\t\t\t<\/div> \n\t\t<\/div>\n\t<\/div> \n<\/div><\/div>\n\t\t<div id=\"fws_69f37fedb0459\"  data-column-margin=\"default\" data-midnight=\"dark\"  class=\"wpb_row vc_row-fluid vc_row\"  style=\"padding-top: 0px; padding-bottom: 0px; \"><div class=\"row-bg-wrap\" data-bg-animation=\"none\" data-bg-animation-delay=\"\" data-bg-overlay=\"false\"><div class=\"inner-wrap row-bg-layer\" ><div class=\"row-bg viewport-desktop\"  style=\"\"><\/div><\/div><\/div><div class=\"row_col_wrap_12 col span_12 dark left\">\n\t<div  class=\"vc_col-sm-12 wpb_column column_container vc_column_container col no-extra-padding inherit_tablet inherit_phone\"  data-padding-pos=\"all\" data-has-bg-color=\"false\" data-bg-color=\"\" data-bg-opacity=\"1\" data-animation=\"\" data-delay=\"0\" >\n\t\t<div class=\"vc_column-inner\" >\n\t\t\t<div class=\"wpb_wrapper\">\n\t\t\t\t\n<div class=\"wpb_text_column wpb_content_element  vc_custom_1718643145950\" >\n\t<p><strong>Poder colonial, figuras pol\u00edticas y sociedad en la Guayana Francesa<\/strong><\/p>\n<p>1830-1910<\/p>\n<p>El estudio que aqu\u00ed proponemos tiene un doble objetivo: contribuir a la actualizaci\u00f3n de los conocimientos sobre la historia pol\u00edtica y cultural del periodo posterior a la esclavitud (1848-1946) en las cuatro antiguas colonias francesas, y abrir as\u00ed nuevas perspectivas de investigaci\u00f3n sobre un periodo sometido a la estrategia del olvido.<\/p>\n<p>EDICIONES-IBIS-ROUGE<br \/>\nISBN 9782375205839<\/p>\n<\/div>\n\n\n\n\n\t\t\t<\/div> \n\t\t<\/div>\n\t<\/div> \n<\/div><\/div>","protected":false},"excerpt":{"rendered":"El jueves 7 de diciembre, de 16.00 a 18.00 horas, la biblioteca universitaria acoger\u00e1 a Boris Lama...","protected":false},"author":1,"featured_media":8391,"comment_status":"closed","ping_status":"open","sticky":false,"template":"","format":"standard","meta":{"iawp_total_views":16,"footnotes":""},"categories":[232],"tags":[],"class_list":{"0":"post-8390","1":"post","2":"type-post","3":"status-publish","4":"format-standard","5":"has-post-thumbnail","7":"category-bibliotheque"},"yoast_head":"<!-- This site is optimized with the Yoast SEO plugin v27.5 - https:\/\/yoast.com\/product\/yoast-seo-wordpress\/ -->\n<title>Rencontre-d\u00e9dicace avec Boris Lama &#8212; Universit\u00e9 de Guyane<\/title>\n<meta name=\"description\" content=\"Boris Lama pr\u00e9sente sa th\u00e8se sur le syst\u00e8me colonial en Guyane. L&#039;\u00e9laboration et les conclusions d&#039;un travail universitaire pertinent.\" \/>\n<meta name=\"robots\" content=\"index, follow, max-snippet:-1, max-image-preview:large, max-video-preview:-1\" \/>\n<link rel=\"canonical\" href=\"https:\/\/www.univ-guyane.fr\/es\/2023\/12\/05\/rencontre-dedicace-avec-boris-lama\/\" \/>\n<meta property=\"og:locale\" content=\"es_ES\" \/>\n<meta property=\"og:type\" content=\"article\" \/>\n<meta property=\"og:title\" content=\"Rencontre-d\u00e9dicace avec Boris Lama &#8212; Universit\u00e9 de Guyane\" \/>\n<meta property=\"og:description\" content=\"Boris Lama pr\u00e9sente sa th\u00e8se sur le syst\u00e8me colonial en Guyane. L&#039;\u00e9laboration et les conclusions d&#039;un travail universitaire pertinent.\" \/>\n<meta property=\"og:url\" content=\"https:\/\/www.univ-guyane.fr\/es\/2023\/12\/05\/rencontre-dedicace-avec-boris-lama\/\" \/>\n<meta property=\"og:site_name\" content=\"Universit\u00e9 de Guyane\" \/>\n<meta property=\"article:publisher\" content=\"https:\/\/www.facebook.com\/univguyane\" \/>\n<meta property=\"article:published_time\" content=\"2023-12-05T16:33:32+00:00\" \/>\n<meta property=\"article:modified_time\" content=\"2024-06-17T16:55:21+00:00\" \/>\n<meta property=\"og:image\" content=\"https:\/\/www.univ-guyane.fr\/wp-content\/uploads\/rencontre-dedicace-avec-boris-lama-universite-de-guyane-scaled-1-1024x682.jpeg\" \/>\n\t<meta property=\"og:image:width\" content=\"1024\" \/>\n\t<meta property=\"og:image:height\" content=\"682\" \/>\n\t<meta property=\"og:image:type\" content=\"image\/jpeg\" \/>\n<meta name=\"author\" content=\"Erick Loiti\u00e8re\" \/>\n<meta name=\"twitter:card\" content=\"summary_large_image\" \/>\n<meta name=\"twitter:creator\" content=\"@univguyane\" \/>\n<meta name=\"twitter:site\" content=\"@univguyane\" \/>\n<meta name=\"twitter:label1\" content=\"Escrito por\" \/>\n\t<meta name=\"twitter:data1\" content=\"Erick Loiti\u00e8re\" \/>\n\t<meta name=\"twitter:label2\" content=\"Tiempo de lectura\" \/>\n\t<meta name=\"twitter:data2\" content=\"3 minutos\" \/>\n<script type=\"application\/ld+json\" class=\"yoast-schema-graph\">{\"@context\":\"https:\\\/\\\/schema.org\",\"@graph\":[{\"@type\":\"Article\",\"@id\":\"https:\\\/\\\/www.univ-guyane.fr\\\/2023\\\/12\\\/05\\\/rencontre-dedicace-avec-boris-lama\\\/#article\",\"isPartOf\":{\"@id\":\"https:\\\/\\\/www.univ-guyane.fr\\\/2023\\\/12\\\/05\\\/rencontre-dedicace-avec-boris-lama\\\/\"},\"author\":{\"name\":\"Erick Loiti\u00e8re\",\"@id\":\"https:\\\/\\\/www.univ-guyane.fr\\\/#\\\/schema\\\/person\\\/86d946a28a8be51bb096ccfdf19db179\"},\"headline\":\"Rencontre-d\u00e9dicace avec Boris Lama\",\"datePublished\":\"2023-12-05T16:33:32+00:00\",\"dateModified\":\"2024-06-17T16:55:21+00:00\",\"mainEntityOfPage\":{\"@id\":\"https:\\\/\\\/www.univ-guyane.fr\\\/2023\\\/12\\\/05\\\/rencontre-dedicace-avec-boris-lama\\\/\"},\"wordCount\":813,\"publisher\":{\"@id\":\"https:\\\/\\\/www.univ-guyane.fr\\\/#organization\"},\"image\":{\"@id\":\"https:\\\/\\\/www.univ-guyane.fr\\\/2023\\\/12\\\/05\\\/rencontre-dedicace-avec-boris-lama\\\/#primaryimage\"},\"thumbnailUrl\":\"https:\\\/\\\/www.univ-guyane.fr\\\/wp-content\\\/uploads\\\/rencontre-dedicace-avec-boris-lama-universite-de-guyane-scaled-1.jpeg\",\"articleSection\":[\"\u2022 Biblioth\u00e8que\"],\"inLanguage\":\"es\"},{\"@type\":\"WebPage\",\"@id\":\"https:\\\/\\\/www.univ-guyane.fr\\\/2023\\\/12\\\/05\\\/rencontre-dedicace-avec-boris-lama\\\/\",\"url\":\"https:\\\/\\\/www.univ-guyane.fr\\\/2023\\\/12\\\/05\\\/rencontre-dedicace-avec-boris-lama\\\/\",\"name\":\"Rencontre-d\u00e9dicace avec Boris Lama &#8212; Universit\u00e9 de Guyane\",\"isPartOf\":{\"@id\":\"https:\\\/\\\/www.univ-guyane.fr\\\/#website\"},\"primaryImageOfPage\":{\"@id\":\"https:\\\/\\\/www.univ-guyane.fr\\\/2023\\\/12\\\/05\\\/rencontre-dedicace-avec-boris-lama\\\/#primaryimage\"},\"image\":{\"@id\":\"https:\\\/\\\/www.univ-guyane.fr\\\/2023\\\/12\\\/05\\\/rencontre-dedicace-avec-boris-lama\\\/#primaryimage\"},\"thumbnailUrl\":\"https:\\\/\\\/www.univ-guyane.fr\\\/wp-content\\\/uploads\\\/rencontre-dedicace-avec-boris-lama-universite-de-guyane-scaled-1.jpeg\",\"datePublished\":\"2023-12-05T16:33:32+00:00\",\"dateModified\":\"2024-06-17T16:55:21+00:00\",\"description\":\"Boris Lama pr\u00e9sente sa th\u00e8se sur le syst\u00e8me colonial en Guyane. L'\u00e9laboration et les conclusions d'un travail universitaire pertinent.\",\"breadcrumb\":{\"@id\":\"https:\\\/\\\/www.univ-guyane.fr\\\/2023\\\/12\\\/05\\\/rencontre-dedicace-avec-boris-lama\\\/#breadcrumb\"},\"inLanguage\":\"es\",\"potentialAction\":[{\"@type\":\"ReadAction\",\"target\":[\"https:\\\/\\\/www.univ-guyane.fr\\\/2023\\\/12\\\/05\\\/rencontre-dedicace-avec-boris-lama\\\/\"]}]},{\"@type\":\"ImageObject\",\"inLanguage\":\"es\",\"@id\":\"https:\\\/\\\/www.univ-guyane.fr\\\/2023\\\/12\\\/05\\\/rencontre-dedicace-avec-boris-lama\\\/#primaryimage\",\"url\":\"https:\\\/\\\/www.univ-guyane.fr\\\/wp-content\\\/uploads\\\/rencontre-dedicace-avec-boris-lama-universite-de-guyane-scaled-1.jpeg\",\"contentUrl\":\"https:\\\/\\\/www.univ-guyane.fr\\\/wp-content\\\/uploads\\\/rencontre-dedicace-avec-boris-lama-universite-de-guyane-scaled-1.jpeg\",\"width\":2560,\"height\":1706,\"caption\":\"Rencontre-d\u00e9dicace avec Boris Lama\"},{\"@type\":\"BreadcrumbList\",\"@id\":\"https:\\\/\\\/www.univ-guyane.fr\\\/2023\\\/12\\\/05\\\/rencontre-dedicace-avec-boris-lama\\\/#breadcrumb\",\"itemListElement\":[{\"@type\":\"ListItem\",\"position\":1,\"name\":\"Accueil\",\"item\":\"https:\\\/\\\/www.univ-guyane.fr\\\/\"},{\"@type\":\"ListItem\",\"position\":2,\"name\":\"Rencontre-d\u00e9dicace avec Boris Lama\"}]},{\"@type\":\"WebSite\",\"@id\":\"https:\\\/\\\/www.univ-guyane.fr\\\/#website\",\"url\":\"https:\\\/\\\/www.univ-guyane.fr\\\/\",\"name\":\"Universit\u00e9 de Guyane\",\"description\":\"Au c\u0153ur de l&#039;amazonie\",\"publisher\":{\"@id\":\"https:\\\/\\\/www.univ-guyane.fr\\\/#organization\"},\"alternateName\":\"UG\",\"potentialAction\":[{\"@type\":\"SearchAction\",\"target\":{\"@type\":\"EntryPoint\",\"urlTemplate\":\"https:\\\/\\\/www.univ-guyane.fr\\\/?s={search_term_string}\"},\"query-input\":{\"@type\":\"PropertyValueSpecification\",\"valueRequired\":true,\"valueName\":\"search_term_string\"}}],\"inLanguage\":\"es\"},{\"@type\":\"Organization\",\"@id\":\"https:\\\/\\\/www.univ-guyane.fr\\\/#organization\",\"name\":\"Universit\u00e9 de Guyane\",\"alternateName\":\"UG\",\"url\":\"https:\\\/\\\/www.univ-guyane.fr\\\/\",\"logo\":{\"@type\":\"ImageObject\",\"inLanguage\":\"es\",\"@id\":\"https:\\\/\\\/www.univ-guyane.fr\\\/#\\\/schema\\\/logo\\\/image\\\/\",\"url\":\"https:\\\/\\\/www.univ-guyane.fr\\\/wp-content\\\/uploads\\\/2024\\\/05\\\/f.png\",\"contentUrl\":\"https:\\\/\\\/www.univ-guyane.fr\\\/wp-content\\\/uploads\\\/2024\\\/05\\\/f.png\",\"width\":1024,\"height\":1024,\"caption\":\"Universit\u00e9 de Guyane\"},\"image\":{\"@id\":\"https:\\\/\\\/www.univ-guyane.fr\\\/#\\\/schema\\\/logo\\\/image\\\/\"},\"sameAs\":[\"https:\\\/\\\/www.facebook.com\\\/univguyane\",\"https:\\\/\\\/x.com\\\/univguyane\",\"https:\\\/\\\/gf.linkedin.com\\\/school\\\/universite-de-guyane\\\/\",\"https:\\\/\\\/www.instagram.com\\\/univ_guyane\\\/\"]},{\"@type\":\"Person\",\"@id\":\"https:\\\/\\\/www.univ-guyane.fr\\\/#\\\/schema\\\/person\\\/86d946a28a8be51bb096ccfdf19db179\",\"name\":\"Erick Loiti\u00e8re\",\"image\":{\"@type\":\"ImageObject\",\"inLanguage\":\"es\",\"@id\":\"https:\\\/\\\/secure.gravatar.com\\\/avatar\\\/0584f332103fbeaf37e52c73b15dca3c547fd9300deb05764e9ad8714839d072?s=96&d=robohash&r=g\",\"url\":\"https:\\\/\\\/secure.gravatar.com\\\/avatar\\\/0584f332103fbeaf37e52c73b15dca3c547fd9300deb05764e9ad8714839d072?s=96&d=robohash&r=g\",\"contentUrl\":\"https:\\\/\\\/secure.gravatar.com\\\/avatar\\\/0584f332103fbeaf37e52c73b15dca3c547fd9300deb05764e9ad8714839d072?s=96&d=robohash&r=g\",\"caption\":\"Erick Loiti\u00e8re\"},\"sameAs\":[\"http:\\\/\\\/www.univ-guyane.fr\"],\"url\":\"https:\\\/\\\/www.univ-guyane.fr\\\/es\\\/author\\\/eloitierdbz\\\/\"}]}<\/script>\n<!-- \/ Yoast SEO plugin. -->","yoast_head_json":{"title":"Firma de libros con Boris Lama - Universit\u00e9 de Guyane","description":"Boris Lama presenta su tesis sobre el sistema colonial en la Guayana Francesa. El desarrollo y las conclusiones de un trabajo acad\u00e9mico relevante.","robots":{"index":"index","follow":"follow","max-snippet":"max-snippet:-1","max-image-preview":"max-image-preview:large","max-video-preview":"max-video-preview:-1"},"canonical":"https:\/\/www.univ-guyane.fr\/es\/2023\/12\/05\/rencontre-dedicace-avec-boris-lama\/","og_locale":"es_ES","og_type":"article","og_title":"Rencontre-d\u00e9dicace avec Boris Lama &#8212; Universit\u00e9 de Guyane","og_description":"Boris Lama pr\u00e9sente sa th\u00e8se sur le syst\u00e8me colonial en Guyane. L'\u00e9laboration et les conclusions d'un travail universitaire pertinent.","og_url":"https:\/\/www.univ-guyane.fr\/es\/2023\/12\/05\/rencontre-dedicace-avec-boris-lama\/","og_site_name":"Universit\u00e9 de Guyane","article_publisher":"https:\/\/www.facebook.com\/univguyane","article_published_time":"2023-12-05T16:33:32+00:00","article_modified_time":"2024-06-17T16:55:21+00:00","og_image":[{"width":1024,"height":682,"url":"https:\/\/www.univ-guyane.fr\/wp-content\/uploads\/rencontre-dedicace-avec-boris-lama-universite-de-guyane-scaled-1-1024x682.jpeg","type":"image\/jpeg"}],"author":"Erick Loiti\u00e8re","twitter_card":"summary_large_image","twitter_creator":"@univguyane","twitter_site":"@univguyane","twitter_misc":{"Escrito por":"Erick Loiti\u00e8re","Tiempo de lectura":"3 minutos"},"schema":{"@context":"https:\/\/schema.org","@graph":[{"@type":"Article","@id":"https:\/\/www.univ-guyane.fr\/2023\/12\/05\/rencontre-dedicace-avec-boris-lama\/#article","isPartOf":{"@id":"https:\/\/www.univ-guyane.fr\/2023\/12\/05\/rencontre-dedicace-avec-boris-lama\/"},"author":{"name":"Erick Loiti\u00e8re","@id":"https:\/\/www.univ-guyane.fr\/#\/schema\/person\/86d946a28a8be51bb096ccfdf19db179"},"headline":"Rencontre-d\u00e9dicace avec Boris Lama","datePublished":"2023-12-05T16:33:32+00:00","dateModified":"2024-06-17T16:55:21+00:00","mainEntityOfPage":{"@id":"https:\/\/www.univ-guyane.fr\/2023\/12\/05\/rencontre-dedicace-avec-boris-lama\/"},"wordCount":813,"publisher":{"@id":"https:\/\/www.univ-guyane.fr\/#organization"},"image":{"@id":"https:\/\/www.univ-guyane.fr\/2023\/12\/05\/rencontre-dedicace-avec-boris-lama\/#primaryimage"},"thumbnailUrl":"https:\/\/www.univ-guyane.fr\/wp-content\/uploads\/rencontre-dedicace-avec-boris-lama-universite-de-guyane-scaled-1.jpeg","articleSection":["\u2022 Biblioth\u00e8que"],"inLanguage":"es"},{"@type":"WebPage","@id":"https:\/\/www.univ-guyane.fr\/2023\/12\/05\/rencontre-dedicace-avec-boris-lama\/","url":"https:\/\/www.univ-guyane.fr\/2023\/12\/05\/rencontre-dedicace-avec-boris-lama\/","name":"Firma de libros con Boris Lama - Universit\u00e9 de Guyane","isPartOf":{"@id":"https:\/\/www.univ-guyane.fr\/#website"},"primaryImageOfPage":{"@id":"https:\/\/www.univ-guyane.fr\/2023\/12\/05\/rencontre-dedicace-avec-boris-lama\/#primaryimage"},"image":{"@id":"https:\/\/www.univ-guyane.fr\/2023\/12\/05\/rencontre-dedicace-avec-boris-lama\/#primaryimage"},"thumbnailUrl":"https:\/\/www.univ-guyane.fr\/wp-content\/uploads\/rencontre-dedicace-avec-boris-lama-universite-de-guyane-scaled-1.jpeg","datePublished":"2023-12-05T16:33:32+00:00","dateModified":"2024-06-17T16:55:21+00:00","description":"Boris Lama presenta su tesis sobre el sistema colonial en la Guayana Francesa. El desarrollo y las conclusiones de un trabajo acad\u00e9mico relevante.","breadcrumb":{"@id":"https:\/\/www.univ-guyane.fr\/2023\/12\/05\/rencontre-dedicace-avec-boris-lama\/#breadcrumb"},"inLanguage":"es","potentialAction":[{"@type":"ReadAction","target":["https:\/\/www.univ-guyane.fr\/2023\/12\/05\/rencontre-dedicace-avec-boris-lama\/"]}]},{"@type":"ImageObject","inLanguage":"es","@id":"https:\/\/www.univ-guyane.fr\/2023\/12\/05\/rencontre-dedicace-avec-boris-lama\/#primaryimage","url":"https:\/\/www.univ-guyane.fr\/wp-content\/uploads\/rencontre-dedicace-avec-boris-lama-universite-de-guyane-scaled-1.jpeg","contentUrl":"https:\/\/www.univ-guyane.fr\/wp-content\/uploads\/rencontre-dedicace-avec-boris-lama-universite-de-guyane-scaled-1.jpeg","width":2560,"height":1706,"caption":"Rencontre-d\u00e9dicace avec Boris Lama"},{"@type":"BreadcrumbList","@id":"https:\/\/www.univ-guyane.fr\/2023\/12\/05\/rencontre-dedicace-avec-boris-lama\/#breadcrumb","itemListElement":[{"@type":"ListItem","position":1,"name":"Accueil","item":"https:\/\/www.univ-guyane.fr\/"},{"@type":"ListItem","position":2,"name":"Rencontre-d\u00e9dicace avec Boris Lama"}]},{"@type":"WebSite","@id":"https:\/\/www.univ-guyane.fr\/#website","url":"https:\/\/www.univ-guyane.fr\/","name":"Universidad de Guyana","description":"En el coraz\u00f3n de la Amazonia","publisher":{"@id":"https:\/\/www.univ-guyane.fr\/#organization"},"alternateName":"UG","potentialAction":[{"@type":"SearchAction","target":{"@type":"EntryPoint","urlTemplate":"https:\/\/www.univ-guyane.fr\/?s={search_term_string}"},"query-input":{"@type":"PropertyValueSpecification","valueRequired":true,"valueName":"search_term_string"}}],"inLanguage":"es"},{"@type":"Organization","@id":"https:\/\/www.univ-guyane.fr\/#organization","name":"Universidad de Guyana","alternateName":"UG","url":"https:\/\/www.univ-guyane.fr\/","logo":{"@type":"ImageObject","inLanguage":"es","@id":"https:\/\/www.univ-guyane.fr\/#\/schema\/logo\/image\/","url":"https:\/\/www.univ-guyane.fr\/wp-content\/uploads\/2024\/05\/f.png","contentUrl":"https:\/\/www.univ-guyane.fr\/wp-content\/uploads\/2024\/05\/f.png","width":1024,"height":1024,"caption":"Universit\u00e9 de Guyane"},"image":{"@id":"https:\/\/www.univ-guyane.fr\/#\/schema\/logo\/image\/"},"sameAs":["https:\/\/www.facebook.com\/univguyane","https:\/\/x.com\/univguyane","https:\/\/gf.linkedin.com\/school\/universite-de-guyane\/","https:\/\/www.instagram.com\/univ_guyane\/"]},{"@type":"Person","@id":"https:\/\/www.univ-guyane.fr\/#\/schema\/person\/86d946a28a8be51bb096ccfdf19db179","name":"Erick Loiti\u00e8re","image":{"@type":"ImageObject","inLanguage":"es","@id":"https:\/\/secure.gravatar.com\/avatar\/0584f332103fbeaf37e52c73b15dca3c547fd9300deb05764e9ad8714839d072?s=96&d=robohash&r=g","url":"https:\/\/secure.gravatar.com\/avatar\/0584f332103fbeaf37e52c73b15dca3c547fd9300deb05764e9ad8714839d072?s=96&d=robohash&r=g","contentUrl":"https:\/\/secure.gravatar.com\/avatar\/0584f332103fbeaf37e52c73b15dca3c547fd9300deb05764e9ad8714839d072?s=96&d=robohash&r=g","caption":"Erick Loiti\u00e8re"},"sameAs":["http:\/\/www.univ-guyane.fr"],"url":"https:\/\/www.univ-guyane.fr\/es\/author\/eloitierdbz\/"}]}},"_links":{"self":[{"href":"https:\/\/www.univ-guyane.fr\/es\/wp-json\/wp\/v2\/posts\/8390","targetHints":{"allow":["GET"]}}],"collection":[{"href":"https:\/\/www.univ-guyane.fr\/es\/wp-json\/wp\/v2\/posts"}],"about":[{"href":"https:\/\/www.univ-guyane.fr\/es\/wp-json\/wp\/v2\/types\/post"}],"author":[{"embeddable":true,"href":"https:\/\/www.univ-guyane.fr\/es\/wp-json\/wp\/v2\/users\/1"}],"replies":[{"embeddable":true,"href":"https:\/\/www.univ-guyane.fr\/es\/wp-json\/wp\/v2\/comments?post=8390"}],"version-history":[{"count":11,"href":"https:\/\/www.univ-guyane.fr\/es\/wp-json\/wp\/v2\/posts\/8390\/revisions"}],"predecessor-version":[{"id":8402,"href":"https:\/\/www.univ-guyane.fr\/es\/wp-json\/wp\/v2\/posts\/8390\/revisions\/8402"}],"wp:featuredmedia":[{"embeddable":true,"href":"https:\/\/www.univ-guyane.fr\/es\/wp-json\/wp\/v2\/media\/8391"}],"wp:attachment":[{"href":"https:\/\/www.univ-guyane.fr\/es\/wp-json\/wp\/v2\/media?parent=8390"}],"wp:term":[{"taxonomy":"category","embeddable":true,"href":"https:\/\/www.univ-guyane.fr\/es\/wp-json\/wp\/v2\/categories?post=8390"},{"taxonomy":"post_tag","embeddable":true,"href":"https:\/\/www.univ-guyane.fr\/es\/wp-json\/wp\/v2\/tags?post=8390"}],"curies":[{"name":"wp","href":"https:\/\/api.w.org\/{rel}","templated":true}]}}