{"id":8403,"date":"2023-12-01T13:58:13","date_gmt":"2023-12-01T16:58:13","guid":{"rendered":"https:\/\/www.univ-guyane.fr\/?p=8403"},"modified":"2024-06-17T14:04:27","modified_gmt":"2024-06-17T17:04:27","slug":"la-lutte-des-migrants-pour-la-liberte-de-circulation-le-cas-de-la-frontiere-franco-italienne-et-de-la-ville-frontaliere-de-vintimille","status":"publish","type":"post","link":"https:\/\/www.univ-guyane.fr\/es\/2023\/12\/01\/la-lutte-des-migrants-pour-la-liberte-de-circulation-le-cas-de-la-frontiere-franco-italienne-et-de-la-ville-frontaliere-de-vintimille\/","title":{"rendered":"La lucha de los inmigrantes por la libertad de circulaci\u00f3n: el caso de la frontera franco-italiana y la ciudad fronteriza de Ventimiglia"},"content":{"rendered":"<div id=\"fws_69f38ab4adc0b\"  data-column-margin=\"default\" data-midnight=\"dark\"  class=\"wpb_row vc_row-fluid vc_row\"  style=\"padding-top: 0px; padding-bottom: 0px; \"><div class=\"row-bg-wrap\" data-bg-animation=\"none\" data-bg-animation-delay=\"\" data-bg-overlay=\"false\"><div class=\"inner-wrap row-bg-layer\" ><div class=\"row-bg viewport-desktop\"  style=\"\"><\/div><\/div><\/div><div class=\"row_col_wrap_12 col span_12 dark left\">\n\t<div  class=\"vc_col-sm-12 wpb_column column_container vc_column_container col no-extra-padding inherit_tablet inherit_phone\"  data-padding-pos=\"all\" data-has-bg-color=\"false\" data-bg-color=\"\" data-bg-opacity=\"1\" data-animation=\"\" data-delay=\"0\" >\n\t\t<div class=\"vc_column-inner\" >\n\t\t\t<div class=\"wpb_wrapper\">\n\t\t\t\t\n<div class=\"wpb_text_column wpb_content_element  chapo\" >\n\t<h2>En el marco del seminario \"Fronteras, circulaci\u00f3n, interculturalidad e interacciones hombre-entorno\", los laboratorios LEEISA y MINEA, en colaboraci\u00f3n con la DFR LSH, organizan una conferencia titulada \"La lucha de los migrantes por la libertad de circulaci\u00f3n: el caso de la frontera franco-italiana y de la ciudad fronteriza de Ventimiglia\", el viernes 8 de diciembre de 2023 de 16:00 a 20:00 en F 108.<\/h2>\n<\/div>\n\n\n\n\n<div class=\"wpb_text_column wpb_content_element\" >\n\t<div class=\"wpb_text_column wpb_content_element\">\n<div class=\"wpb_wrapper\">\n<div id=\"lipsum\">\n<span class=\"nectar-dropcap\" >C <\/span>l objetivo de este art\u00edculo es describir la batalla entre el movimiento social aut\u00f3nomo de la migraci\u00f3n y el r\u00e9gimen de movilidad europeo y nacional en el contexto de las llamadas \"fronteras interiores del espacio Schengen de libre circulaci\u00f3n\".<\/p>\n<p>La reintroducci\u00f3n por Francia de controles a lo largo de su frontera nacional con Italia debe evaluarse en el contexto europeo m\u00e1s amplio de la \"crisis\" desencadenada por la magnitud de la migraci\u00f3n en los \u00faltimos a\u00f1os. Desde 2015, de hecho, las pr\u00e1cticas de control y devoluci\u00f3n de los movimientos no autorizados han comenzado a materializarse en los trenes y autobuses transfronterizos, en las carreteras provinciales, en los peajes de las autopistas e incluso en los senderos de monta\u00f1a en detrimento de las personas racializadas. Esto no ha provocado la interrupci\u00f3n de los flujos migratorios, ya que la gente sigue consiguiendo pasar, pero ha aumentado el coste humano de los desplazamientos en t\u00e9rminos de muertos, heridos, cansancio y sufrimiento. En este sentido, las pr\u00e1cticas de autoorganizaci\u00f3n de los migrantes, las infraestructuras sociales de solidaridad europea y el entorno no humano han desempe\u00f1ado un papel fundamental a la hora de posibilitar los desplazamientos no autorizados.<\/p>\n<p>Ventimiglia est\u00e1 situada en la costa de Liguria, a s\u00f3lo 6 km de la frontera franco-italiana. Esta localidad de 20.000 habitantes, situada en el coraz\u00f3n de una zona fronteriza hist\u00f3ricamente porosa, tiene una larga tradici\u00f3n de actividades comerciales, aduaneras y de contrabando. La reintroducci\u00f3n de los controles fronterizos en 2015 reconfigur\u00f3 radicalmente el paisaje social del lugar tal y como hab\u00eda quedado tras la liberalizaci\u00f3n de la circulaci\u00f3n en virtud del Acuerdo de Schengen. La ciudad se ha convertido tanto en una zona de espera informal y un centro de informaci\u00f3n para las personas en movimiento, como en un lugar de gesti\u00f3n, discriminaci\u00f3n y represi\u00f3n de la poblaci\u00f3n migrante.<\/p>\n<p>El Ponente ligur, deformado por la sensibilidad del escritor de San Biagio della Cima, con sus innumerables peque\u00f1as historias fronterizas, aparece como protagonista absoluto de la narraci\u00f3n, y la entidad fronteriza lo caracteriza decisivamente. La relaci\u00f3n entre la escritura de Biamonti y la frontera es \u00edntima e intensa, y el lector puede inspirarse en ella para reflexionar sobre temas muy queridos por el autor: ante todo, la antigua <em>pietas<\/em> en medio de la tormenta de la historia.<\/p>\n<\/div>\n<\/div>\n<\/div>\n<div class=\"wpb_text_column wpb_content_element vc_custom_1701429426851\">\n<div class=\"wpb_wrapper\">\n<p><strong>Sobre el ponente<\/strong><br \/>\nIvan Bonnin es soci\u00f3logo cr\u00edtico y actualmente investigador postdoctoral en la Universidad de G\u00e9nova. Sus intereses de investigaci\u00f3n abarcan desde los estudios fronterizos hasta el capitalismo racial en Europa y el Mediterr\u00e1neo, desde la teor\u00eda social hasta las relaciones internacionales \"desde abajo\". Desde 2015, Ivan ha trabajado extensamente en la zona fronteriza de Ventimiglia, donde ha realizado an\u00e1lisis etnogr\u00e1ficos de varios tipos. Como soci\u00f3logo y activista, cree en la energ\u00eda transformadora de la solidaridad y apoya las pr\u00e1cticas democr\u00e1ticas radicales.<\/p>\n<\/div>\n<\/div>\n<\/div>\n\n\n\n\n\t\t\t<\/div> \n\t\t<\/div>\n\t<\/div> \n<\/div><\/div>","protected":false},"excerpt":{"rendered":"En el marco del seminario \"Fronteras, circulaci\u00f3n, interculturalidad e interacci\u00f3n hombre-medio\", el LEEISA y...","protected":false},"author":1,"featured_media":8404,"comment_status":"closed","ping_status":"open","sticky":false,"template":"","format":"standard","meta":{"iawp_total_views":38,"footnotes":""},"categories":[192,187],"tags":[],"class_list":{"0":"post-8403","1":"post","2":"type-post","3":"status-publish","4":"format-standard","5":"has-post-thumbnail","7":"category-leeisa","8":"category-minea"},"yoast_head":"<!-- This site is optimized with the Yoast SEO plugin v27.5 - https:\/\/yoast.com\/product\/yoast-seo-wordpress\/ -->\n<title>La lutte des migrants pour la libert\u00e9 de circulation : le cas de la fronti\u00e8re franco-italienne et de la ville frontali\u00e8re de Vintimille &#8212; Universit\u00e9 de Guyane<\/title>\n<meta name=\"description\" content=\"D\u00e9couvrez la lutte des migrants pour la libert\u00e9 de circuler en Europe. Une analyse du mouvement social autonome face aux fronti\u00e8res int\u00e9rieures de l&#039;espace Schengen.\" \/>\n<meta name=\"robots\" content=\"index, follow, max-snippet:-1, max-image-preview:large, max-video-preview:-1\" \/>\n<link rel=\"canonical\" href=\"https:\/\/www.univ-guyane.fr\/es\/2023\/12\/01\/la-lutte-des-migrants-pour-la-liberte-de-circulation-le-cas-de-la-frontiere-franco-italienne-et-de-la-ville-frontaliere-de-vintimille\/\" \/>\n<meta property=\"og:locale\" content=\"es_ES\" \/>\n<meta property=\"og:type\" content=\"article\" \/>\n<meta property=\"og:title\" content=\"La lutte des migrants pour la libert\u00e9 de circulation : le cas de la fronti\u00e8re franco-italienne et de la ville frontali\u00e8re de Vintimille &#8212; Universit\u00e9 de Guyane\" \/>\n<meta property=\"og:description\" content=\"D\u00e9couvrez la lutte des migrants pour la libert\u00e9 de circuler en Europe. Une analyse du mouvement social autonome face aux fronti\u00e8res int\u00e9rieures de l&#039;espace Schengen.\" \/>\n<meta property=\"og:url\" content=\"https:\/\/www.univ-guyane.fr\/es\/2023\/12\/01\/la-lutte-des-migrants-pour-la-liberte-de-circulation-le-cas-de-la-frontiere-franco-italienne-et-de-la-ville-frontaliere-de-vintimille\/\" \/>\n<meta property=\"og:site_name\" content=\"Universit\u00e9 de Guyane\" \/>\n<meta property=\"article:publisher\" content=\"https:\/\/www.facebook.com\/univguyane\" \/>\n<meta property=\"article:published_time\" content=\"2023-12-01T16:58:13+00:00\" \/>\n<meta property=\"article:modified_time\" content=\"2024-06-17T17:04:27+00:00\" \/>\n<meta property=\"og:image\" content=\"https:\/\/www.univ-guyane.fr\/wp-content\/uploads\/la-lutte-des-migrants-pour-la-liberte-de-circulation-universite-de-guyane.jpeg\" \/>\n\t<meta property=\"og:image:width\" content=\"1800\" \/>\n\t<meta property=\"og:image:height\" content=\"1013\" \/>\n\t<meta property=\"og:image:type\" content=\"image\/jpeg\" \/>\n<meta name=\"author\" content=\"Erick Loiti\u00e8re\" \/>\n<meta name=\"twitter:card\" content=\"summary_large_image\" \/>\n<meta name=\"twitter:creator\" content=\"@univguyane\" \/>\n<meta name=\"twitter:site\" content=\"@univguyane\" \/>\n<meta name=\"twitter:label1\" content=\"Escrito por\" \/>\n\t<meta name=\"twitter:data1\" content=\"Erick Loiti\u00e8re\" \/>\n\t<meta name=\"twitter:label2\" content=\"Tiempo de lectura\" \/>\n\t<meta name=\"twitter:data2\" content=\"4 minutos\" \/>\n<script type=\"application\/ld+json\" class=\"yoast-schema-graph\">{\"@context\":\"https:\\\/\\\/schema.org\",\"@graph\":[{\"@type\":\"Article\",\"@id\":\"https:\\\/\\\/www.univ-guyane.fr\\\/2023\\\/12\\\/01\\\/la-lutte-des-migrants-pour-la-liberte-de-circulation-le-cas-de-la-frontiere-franco-italienne-et-de-la-ville-frontaliere-de-vintimille\\\/#article\",\"isPartOf\":{\"@id\":\"https:\\\/\\\/www.univ-guyane.fr\\\/2023\\\/12\\\/01\\\/la-lutte-des-migrants-pour-la-liberte-de-circulation-le-cas-de-la-frontiere-franco-italienne-et-de-la-ville-frontaliere-de-vintimille\\\/\"},\"author\":{\"name\":\"Erick Loiti\u00e8re\",\"@id\":\"https:\\\/\\\/www.univ-guyane.fr\\\/#\\\/schema\\\/person\\\/86d946a28a8be51bb096ccfdf19db179\"},\"headline\":\"La lutte des migrants pour la libert\u00e9 de circulation : le cas de la fronti\u00e8re franco-italienne et de la ville frontali\u00e8re de Vintimille\",\"datePublished\":\"2023-12-01T16:58:13+00:00\",\"dateModified\":\"2024-06-17T17:04:27+00:00\",\"mainEntityOfPage\":{\"@id\":\"https:\\\/\\\/www.univ-guyane.fr\\\/2023\\\/12\\\/01\\\/la-lutte-des-migrants-pour-la-liberte-de-circulation-le-cas-de-la-frontiere-franco-italienne-et-de-la-ville-frontaliere-de-vintimille\\\/\"},\"wordCount\":803,\"publisher\":{\"@id\":\"https:\\\/\\\/www.univ-guyane.fr\\\/#organization\"},\"image\":{\"@id\":\"https:\\\/\\\/www.univ-guyane.fr\\\/2023\\\/12\\\/01\\\/la-lutte-des-migrants-pour-la-liberte-de-circulation-le-cas-de-la-frontiere-franco-italienne-et-de-la-ville-frontaliere-de-vintimille\\\/#primaryimage\"},\"thumbnailUrl\":\"https:\\\/\\\/www.univ-guyane.fr\\\/wp-content\\\/uploads\\\/la-lutte-des-migrants-pour-la-liberte-de-circulation-universite-de-guyane.jpeg\",\"articleSection\":[\"\u2022 LEEISA\",\"\u2022\u00a0MINEA\"],\"inLanguage\":\"es\"},{\"@type\":\"WebPage\",\"@id\":\"https:\\\/\\\/www.univ-guyane.fr\\\/2023\\\/12\\\/01\\\/la-lutte-des-migrants-pour-la-liberte-de-circulation-le-cas-de-la-frontiere-franco-italienne-et-de-la-ville-frontaliere-de-vintimille\\\/\",\"url\":\"https:\\\/\\\/www.univ-guyane.fr\\\/2023\\\/12\\\/01\\\/la-lutte-des-migrants-pour-la-liberte-de-circulation-le-cas-de-la-frontiere-franco-italienne-et-de-la-ville-frontaliere-de-vintimille\\\/\",\"name\":\"La lutte des migrants pour la libert\u00e9 de circulation : le cas de la fronti\u00e8re franco-italienne et de la ville frontali\u00e8re de Vintimille &#8212; Universit\u00e9 de Guyane\",\"isPartOf\":{\"@id\":\"https:\\\/\\\/www.univ-guyane.fr\\\/#website\"},\"primaryImageOfPage\":{\"@id\":\"https:\\\/\\\/www.univ-guyane.fr\\\/2023\\\/12\\\/01\\\/la-lutte-des-migrants-pour-la-liberte-de-circulation-le-cas-de-la-frontiere-franco-italienne-et-de-la-ville-frontaliere-de-vintimille\\\/#primaryimage\"},\"image\":{\"@id\":\"https:\\\/\\\/www.univ-guyane.fr\\\/2023\\\/12\\\/01\\\/la-lutte-des-migrants-pour-la-liberte-de-circulation-le-cas-de-la-frontiere-franco-italienne-et-de-la-ville-frontaliere-de-vintimille\\\/#primaryimage\"},\"thumbnailUrl\":\"https:\\\/\\\/www.univ-guyane.fr\\\/wp-content\\\/uploads\\\/la-lutte-des-migrants-pour-la-liberte-de-circulation-universite-de-guyane.jpeg\",\"datePublished\":\"2023-12-01T16:58:13+00:00\",\"dateModified\":\"2024-06-17T17:04:27+00:00\",\"description\":\"D\u00e9couvrez la lutte des migrants pour la libert\u00e9 de circuler en Europe. Une analyse du mouvement social autonome face aux fronti\u00e8res int\u00e9rieures de l'espace Schengen.\",\"breadcrumb\":{\"@id\":\"https:\\\/\\\/www.univ-guyane.fr\\\/2023\\\/12\\\/01\\\/la-lutte-des-migrants-pour-la-liberte-de-circulation-le-cas-de-la-frontiere-franco-italienne-et-de-la-ville-frontaliere-de-vintimille\\\/#breadcrumb\"},\"inLanguage\":\"es\",\"potentialAction\":[{\"@type\":\"ReadAction\",\"target\":[\"https:\\\/\\\/www.univ-guyane.fr\\\/2023\\\/12\\\/01\\\/la-lutte-des-migrants-pour-la-liberte-de-circulation-le-cas-de-la-frontiere-franco-italienne-et-de-la-ville-frontaliere-de-vintimille\\\/\"]}]},{\"@type\":\"ImageObject\",\"inLanguage\":\"es\",\"@id\":\"https:\\\/\\\/www.univ-guyane.fr\\\/2023\\\/12\\\/01\\\/la-lutte-des-migrants-pour-la-liberte-de-circulation-le-cas-de-la-frontiere-franco-italienne-et-de-la-ville-frontaliere-de-vintimille\\\/#primaryimage\",\"url\":\"https:\\\/\\\/www.univ-guyane.fr\\\/wp-content\\\/uploads\\\/la-lutte-des-migrants-pour-la-liberte-de-circulation-universite-de-guyane.jpeg\",\"contentUrl\":\"https:\\\/\\\/www.univ-guyane.fr\\\/wp-content\\\/uploads\\\/la-lutte-des-migrants-pour-la-liberte-de-circulation-universite-de-guyane.jpeg\",\"width\":1800,\"height\":1013,\"caption\":\"La lutte des migrants pour la libert\u00e9 de circulation : le cas de la fronti\u00e8re franco-italienne et de la ville frontali\u00e8re de Vintimille\"},{\"@type\":\"BreadcrumbList\",\"@id\":\"https:\\\/\\\/www.univ-guyane.fr\\\/2023\\\/12\\\/01\\\/la-lutte-des-migrants-pour-la-liberte-de-circulation-le-cas-de-la-frontiere-franco-italienne-et-de-la-ville-frontaliere-de-vintimille\\\/#breadcrumb\",\"itemListElement\":[{\"@type\":\"ListItem\",\"position\":1,\"name\":\"Accueil\",\"item\":\"https:\\\/\\\/www.univ-guyane.fr\\\/\"},{\"@type\":\"ListItem\",\"position\":2,\"name\":\"La lutte des migrants pour la libert\u00e9 de circulation : le cas de la fronti\u00e8re franco-italienne et de la ville frontali\u00e8re de Vintimille\"}]},{\"@type\":\"WebSite\",\"@id\":\"https:\\\/\\\/www.univ-guyane.fr\\\/#website\",\"url\":\"https:\\\/\\\/www.univ-guyane.fr\\\/\",\"name\":\"Universit\u00e9 de Guyane\",\"description\":\"Au c\u0153ur de l&#039;amazonie\",\"publisher\":{\"@id\":\"https:\\\/\\\/www.univ-guyane.fr\\\/#organization\"},\"alternateName\":\"UG\",\"potentialAction\":[{\"@type\":\"SearchAction\",\"target\":{\"@type\":\"EntryPoint\",\"urlTemplate\":\"https:\\\/\\\/www.univ-guyane.fr\\\/?s={search_term_string}\"},\"query-input\":{\"@type\":\"PropertyValueSpecification\",\"valueRequired\":true,\"valueName\":\"search_term_string\"}}],\"inLanguage\":\"es\"},{\"@type\":\"Organization\",\"@id\":\"https:\\\/\\\/www.univ-guyane.fr\\\/#organization\",\"name\":\"Universit\u00e9 de Guyane\",\"alternateName\":\"UG\",\"url\":\"https:\\\/\\\/www.univ-guyane.fr\\\/\",\"logo\":{\"@type\":\"ImageObject\",\"inLanguage\":\"es\",\"@id\":\"https:\\\/\\\/www.univ-guyane.fr\\\/#\\\/schema\\\/logo\\\/image\\\/\",\"url\":\"https:\\\/\\\/www.univ-guyane.fr\\\/wp-content\\\/uploads\\\/2024\\\/05\\\/f.png\",\"contentUrl\":\"https:\\\/\\\/www.univ-guyane.fr\\\/wp-content\\\/uploads\\\/2024\\\/05\\\/f.png\",\"width\":1024,\"height\":1024,\"caption\":\"Universit\u00e9 de Guyane\"},\"image\":{\"@id\":\"https:\\\/\\\/www.univ-guyane.fr\\\/#\\\/schema\\\/logo\\\/image\\\/\"},\"sameAs\":[\"https:\\\/\\\/www.facebook.com\\\/univguyane\",\"https:\\\/\\\/x.com\\\/univguyane\",\"https:\\\/\\\/gf.linkedin.com\\\/school\\\/universite-de-guyane\\\/\",\"https:\\\/\\\/www.instagram.com\\\/univ_guyane\\\/\"]},{\"@type\":\"Person\",\"@id\":\"https:\\\/\\\/www.univ-guyane.fr\\\/#\\\/schema\\\/person\\\/86d946a28a8be51bb096ccfdf19db179\",\"name\":\"Erick Loiti\u00e8re\",\"image\":{\"@type\":\"ImageObject\",\"inLanguage\":\"es\",\"@id\":\"https:\\\/\\\/secure.gravatar.com\\\/avatar\\\/0584f332103fbeaf37e52c73b15dca3c547fd9300deb05764e9ad8714839d072?s=96&d=robohash&r=g\",\"url\":\"https:\\\/\\\/secure.gravatar.com\\\/avatar\\\/0584f332103fbeaf37e52c73b15dca3c547fd9300deb05764e9ad8714839d072?s=96&d=robohash&r=g\",\"contentUrl\":\"https:\\\/\\\/secure.gravatar.com\\\/avatar\\\/0584f332103fbeaf37e52c73b15dca3c547fd9300deb05764e9ad8714839d072?s=96&d=robohash&r=g\",\"caption\":\"Erick Loiti\u00e8re\"},\"sameAs\":[\"http:\\\/\\\/www.univ-guyane.fr\"],\"url\":\"https:\\\/\\\/www.univ-guyane.fr\\\/es\\\/author\\\/eloitierdbz\\\/\"}]}<\/script>\n<!-- \/ Yoast SEO plugin. -->","yoast_head_json":{"title":"La lucha de los inmigrantes por la libertad de circulaci\u00f3n: el caso de la frontera franco-italiana y la ciudad fronteriza de Ventimiglia - Universit\u00e9 de Guyane","description":"M\u00e1s informaci\u00f3n sobre la lucha de los inmigrantes por la libertad de circulaci\u00f3n en Europa. Un an\u00e1lisis del movimiento social aut\u00f3nomo contra las fronteras interiores del espacio Schengen.","robots":{"index":"index","follow":"follow","max-snippet":"max-snippet:-1","max-image-preview":"max-image-preview:large","max-video-preview":"max-video-preview:-1"},"canonical":"https:\/\/www.univ-guyane.fr\/es\/2023\/12\/01\/la-lutte-des-migrants-pour-la-liberte-de-circulation-le-cas-de-la-frontiere-franco-italienne-et-de-la-ville-frontaliere-de-vintimille\/","og_locale":"es_ES","og_type":"article","og_title":"La lutte des migrants pour la libert\u00e9 de circulation : le cas de la fronti\u00e8re franco-italienne et de la ville frontali\u00e8re de Vintimille &#8212; Universit\u00e9 de Guyane","og_description":"D\u00e9couvrez la lutte des migrants pour la libert\u00e9 de circuler en Europe. Une analyse du mouvement social autonome face aux fronti\u00e8res int\u00e9rieures de l'espace Schengen.","og_url":"https:\/\/www.univ-guyane.fr\/es\/2023\/12\/01\/la-lutte-des-migrants-pour-la-liberte-de-circulation-le-cas-de-la-frontiere-franco-italienne-et-de-la-ville-frontaliere-de-vintimille\/","og_site_name":"Universit\u00e9 de Guyane","article_publisher":"https:\/\/www.facebook.com\/univguyane","article_published_time":"2023-12-01T16:58:13+00:00","article_modified_time":"2024-06-17T17:04:27+00:00","og_image":[{"width":1800,"height":1013,"url":"https:\/\/www.univ-guyane.fr\/wp-content\/uploads\/la-lutte-des-migrants-pour-la-liberte-de-circulation-universite-de-guyane.jpeg","type":"image\/jpeg"}],"author":"Erick Loiti\u00e8re","twitter_card":"summary_large_image","twitter_creator":"@univguyane","twitter_site":"@univguyane","twitter_misc":{"Escrito por":"Erick Loiti\u00e8re","Tiempo de lectura":"4 minutos"},"schema":{"@context":"https:\/\/schema.org","@graph":[{"@type":"Article","@id":"https:\/\/www.univ-guyane.fr\/2023\/12\/01\/la-lutte-des-migrants-pour-la-liberte-de-circulation-le-cas-de-la-frontiere-franco-italienne-et-de-la-ville-frontaliere-de-vintimille\/#article","isPartOf":{"@id":"https:\/\/www.univ-guyane.fr\/2023\/12\/01\/la-lutte-des-migrants-pour-la-liberte-de-circulation-le-cas-de-la-frontiere-franco-italienne-et-de-la-ville-frontaliere-de-vintimille\/"},"author":{"name":"Erick Loiti\u00e8re","@id":"https:\/\/www.univ-guyane.fr\/#\/schema\/person\/86d946a28a8be51bb096ccfdf19db179"},"headline":"La lutte des migrants pour la libert\u00e9 de circulation : le cas de la fronti\u00e8re franco-italienne et de la ville frontali\u00e8re de Vintimille","datePublished":"2023-12-01T16:58:13+00:00","dateModified":"2024-06-17T17:04:27+00:00","mainEntityOfPage":{"@id":"https:\/\/www.univ-guyane.fr\/2023\/12\/01\/la-lutte-des-migrants-pour-la-liberte-de-circulation-le-cas-de-la-frontiere-franco-italienne-et-de-la-ville-frontaliere-de-vintimille\/"},"wordCount":803,"publisher":{"@id":"https:\/\/www.univ-guyane.fr\/#organization"},"image":{"@id":"https:\/\/www.univ-guyane.fr\/2023\/12\/01\/la-lutte-des-migrants-pour-la-liberte-de-circulation-le-cas-de-la-frontiere-franco-italienne-et-de-la-ville-frontaliere-de-vintimille\/#primaryimage"},"thumbnailUrl":"https:\/\/www.univ-guyane.fr\/wp-content\/uploads\/la-lutte-des-migrants-pour-la-liberte-de-circulation-universite-de-guyane.jpeg","articleSection":["\u2022 LEEISA","\u2022\u00a0MINEA"],"inLanguage":"es"},{"@type":"WebPage","@id":"https:\/\/www.univ-guyane.fr\/2023\/12\/01\/la-lutte-des-migrants-pour-la-liberte-de-circulation-le-cas-de-la-frontiere-franco-italienne-et-de-la-ville-frontaliere-de-vintimille\/","url":"https:\/\/www.univ-guyane.fr\/2023\/12\/01\/la-lutte-des-migrants-pour-la-liberte-de-circulation-le-cas-de-la-frontiere-franco-italienne-et-de-la-ville-frontaliere-de-vintimille\/","name":"La lucha de los inmigrantes por la libertad de circulaci\u00f3n: el caso de la frontera franco-italiana y la ciudad fronteriza de Ventimiglia - Universit\u00e9 de Guyane","isPartOf":{"@id":"https:\/\/www.univ-guyane.fr\/#website"},"primaryImageOfPage":{"@id":"https:\/\/www.univ-guyane.fr\/2023\/12\/01\/la-lutte-des-migrants-pour-la-liberte-de-circulation-le-cas-de-la-frontiere-franco-italienne-et-de-la-ville-frontaliere-de-vintimille\/#primaryimage"},"image":{"@id":"https:\/\/www.univ-guyane.fr\/2023\/12\/01\/la-lutte-des-migrants-pour-la-liberte-de-circulation-le-cas-de-la-frontiere-franco-italienne-et-de-la-ville-frontaliere-de-vintimille\/#primaryimage"},"thumbnailUrl":"https:\/\/www.univ-guyane.fr\/wp-content\/uploads\/la-lutte-des-migrants-pour-la-liberte-de-circulation-universite-de-guyane.jpeg","datePublished":"2023-12-01T16:58:13+00:00","dateModified":"2024-06-17T17:04:27+00:00","description":"M\u00e1s informaci\u00f3n sobre la lucha de los inmigrantes por la libertad de circulaci\u00f3n en Europa. Un an\u00e1lisis del movimiento social aut\u00f3nomo contra las fronteras interiores del espacio Schengen.","breadcrumb":{"@id":"https:\/\/www.univ-guyane.fr\/2023\/12\/01\/la-lutte-des-migrants-pour-la-liberte-de-circulation-le-cas-de-la-frontiere-franco-italienne-et-de-la-ville-frontaliere-de-vintimille\/#breadcrumb"},"inLanguage":"es","potentialAction":[{"@type":"ReadAction","target":["https:\/\/www.univ-guyane.fr\/2023\/12\/01\/la-lutte-des-migrants-pour-la-liberte-de-circulation-le-cas-de-la-frontiere-franco-italienne-et-de-la-ville-frontaliere-de-vintimille\/"]}]},{"@type":"ImageObject","inLanguage":"es","@id":"https:\/\/www.univ-guyane.fr\/2023\/12\/01\/la-lutte-des-migrants-pour-la-liberte-de-circulation-le-cas-de-la-frontiere-franco-italienne-et-de-la-ville-frontaliere-de-vintimille\/#primaryimage","url":"https:\/\/www.univ-guyane.fr\/wp-content\/uploads\/la-lutte-des-migrants-pour-la-liberte-de-circulation-universite-de-guyane.jpeg","contentUrl":"https:\/\/www.univ-guyane.fr\/wp-content\/uploads\/la-lutte-des-migrants-pour-la-liberte-de-circulation-universite-de-guyane.jpeg","width":1800,"height":1013,"caption":"La lutte des migrants pour la libert\u00e9 de circulation : le cas de la fronti\u00e8re franco-italienne et de la ville frontali\u00e8re de Vintimille"},{"@type":"BreadcrumbList","@id":"https:\/\/www.univ-guyane.fr\/2023\/12\/01\/la-lutte-des-migrants-pour-la-liberte-de-circulation-le-cas-de-la-frontiere-franco-italienne-et-de-la-ville-frontaliere-de-vintimille\/#breadcrumb","itemListElement":[{"@type":"ListItem","position":1,"name":"Accueil","item":"https:\/\/www.univ-guyane.fr\/"},{"@type":"ListItem","position":2,"name":"La lutte des migrants pour la libert\u00e9 de circulation : le cas de la fronti\u00e8re franco-italienne et de la ville frontali\u00e8re de Vintimille"}]},{"@type":"WebSite","@id":"https:\/\/www.univ-guyane.fr\/#website","url":"https:\/\/www.univ-guyane.fr\/","name":"Universidad de Guyana","description":"En el coraz\u00f3n de la Amazonia","publisher":{"@id":"https:\/\/www.univ-guyane.fr\/#organization"},"alternateName":"UG","potentialAction":[{"@type":"SearchAction","target":{"@type":"EntryPoint","urlTemplate":"https:\/\/www.univ-guyane.fr\/?s={search_term_string}"},"query-input":{"@type":"PropertyValueSpecification","valueRequired":true,"valueName":"search_term_string"}}],"inLanguage":"es"},{"@type":"Organization","@id":"https:\/\/www.univ-guyane.fr\/#organization","name":"Universidad de Guyana","alternateName":"UG","url":"https:\/\/www.univ-guyane.fr\/","logo":{"@type":"ImageObject","inLanguage":"es","@id":"https:\/\/www.univ-guyane.fr\/#\/schema\/logo\/image\/","url":"https:\/\/www.univ-guyane.fr\/wp-content\/uploads\/2024\/05\/f.png","contentUrl":"https:\/\/www.univ-guyane.fr\/wp-content\/uploads\/2024\/05\/f.png","width":1024,"height":1024,"caption":"Universit\u00e9 de Guyane"},"image":{"@id":"https:\/\/www.univ-guyane.fr\/#\/schema\/logo\/image\/"},"sameAs":["https:\/\/www.facebook.com\/univguyane","https:\/\/x.com\/univguyane","https:\/\/gf.linkedin.com\/school\/universite-de-guyane\/","https:\/\/www.instagram.com\/univ_guyane\/"]},{"@type":"Person","@id":"https:\/\/www.univ-guyane.fr\/#\/schema\/person\/86d946a28a8be51bb096ccfdf19db179","name":"Erick Loiti\u00e8re","image":{"@type":"ImageObject","inLanguage":"es","@id":"https:\/\/secure.gravatar.com\/avatar\/0584f332103fbeaf37e52c73b15dca3c547fd9300deb05764e9ad8714839d072?s=96&d=robohash&r=g","url":"https:\/\/secure.gravatar.com\/avatar\/0584f332103fbeaf37e52c73b15dca3c547fd9300deb05764e9ad8714839d072?s=96&d=robohash&r=g","contentUrl":"https:\/\/secure.gravatar.com\/avatar\/0584f332103fbeaf37e52c73b15dca3c547fd9300deb05764e9ad8714839d072?s=96&d=robohash&r=g","caption":"Erick Loiti\u00e8re"},"sameAs":["http:\/\/www.univ-guyane.fr"],"url":"https:\/\/www.univ-guyane.fr\/es\/author\/eloitierdbz\/"}]}},"_links":{"self":[{"href":"https:\/\/www.univ-guyane.fr\/es\/wp-json\/wp\/v2\/posts\/8403","targetHints":{"allow":["GET"]}}],"collection":[{"href":"https:\/\/www.univ-guyane.fr\/es\/wp-json\/wp\/v2\/posts"}],"about":[{"href":"https:\/\/www.univ-guyane.fr\/es\/wp-json\/wp\/v2\/types\/post"}],"author":[{"embeddable":true,"href":"https:\/\/www.univ-guyane.fr\/es\/wp-json\/wp\/v2\/users\/1"}],"replies":[{"embeddable":true,"href":"https:\/\/www.univ-guyane.fr\/es\/wp-json\/wp\/v2\/comments?post=8403"}],"version-history":[{"count":1,"href":"https:\/\/www.univ-guyane.fr\/es\/wp-json\/wp\/v2\/posts\/8403\/revisions"}],"predecessor-version":[{"id":8405,"href":"https:\/\/www.univ-guyane.fr\/es\/wp-json\/wp\/v2\/posts\/8403\/revisions\/8405"}],"wp:featuredmedia":[{"embeddable":true,"href":"https:\/\/www.univ-guyane.fr\/es\/wp-json\/wp\/v2\/media\/8404"}],"wp:attachment":[{"href":"https:\/\/www.univ-guyane.fr\/es\/wp-json\/wp\/v2\/media?parent=8403"}],"wp:term":[{"taxonomy":"category","embeddable":true,"href":"https:\/\/www.univ-guyane.fr\/es\/wp-json\/wp\/v2\/categories?post=8403"},{"taxonomy":"post_tag","embeddable":true,"href":"https:\/\/www.univ-guyane.fr\/es\/wp-json\/wp\/v2\/tags?post=8403"}],"curies":[{"name":"wp","href":"https:\/\/api.w.org\/{rel}","templated":true}]}}