{"id":8406,"date":"2023-11-28T14:07:41","date_gmt":"2023-11-28T17:07:41","guid":{"rendered":"https:\/\/www.univ-guyane.fr\/?p=8406"},"modified":"2024-06-17T14:13:04","modified_gmt":"2024-06-17T17:13:04","slug":"10-ans-apres-la-mobilisation-luniversite-de-guyane-se-rememore","status":"publish","type":"post","link":"https:\/\/www.univ-guyane.fr\/es\/2023\/11\/28\/10-ans-apres-la-mobilisation-luniversite-de-guyane-se-rememore\/","title":{"rendered":"10 a\u00f1os despu\u00e9s de la movilizaci\u00f3n, la Universidad de Guyana echa la vista atr\u00e1s"},"content":{"rendered":"<div id=\"fws_69f38ab42f3e5\"  data-column-margin=\"default\" data-midnight=\"dark\"  class=\"wpb_row vc_row-fluid vc_row\"  style=\"padding-top: 0px; padding-bottom: 0px; \"><div class=\"row-bg-wrap\" data-bg-animation=\"none\" data-bg-animation-delay=\"\" data-bg-overlay=\"false\"><div class=\"inner-wrap row-bg-layer\" ><div class=\"row-bg viewport-desktop\"  style=\"\"><\/div><\/div><\/div><div class=\"row_col_wrap_12 col span_12 dark left\">\n\t<div  class=\"vc_col-sm-12 wpb_column column_container vc_column_container col no-extra-padding inherit_tablet inherit_phone\"  data-padding-pos=\"all\" data-has-bg-color=\"false\" data-bg-color=\"\" data-bg-opacity=\"1\" data-animation=\"\" data-delay=\"0\" >\n\t\t<div class=\"vc_column-inner\" >\n\t\t\t<div class=\"wpb_wrapper\">\n\t\t\t\t\n<div class=\"wpb_text_column wpb_content_element  chapo\" >\n\t<h2>De eso hace ya 10 a\u00f1os. Estudiantes y personal, a los que se uni\u00f3 el conjunto de la poblaci\u00f3n guyanesa, se manifestaron durante cinco largas semanas para conseguir una universidad de pleno derecho en la Guayana Francesa. Hoy, cuando la Universidad de Guyana celebra su d\u00e9cimo aniversario, organiz\u00f3 una reuni\u00f3n el 10 de noviembre para echar la vista atr\u00e1s a este tumultuoso viaje, celebrar los \u00e9xitos y reflexionar sobre los retos superados.<\/h2>\n<\/div>\n\n\n\n\n<div class=\"wpb_text_column wpb_content_element\" >\n\t<p><span class=\"nectar-dropcap\" >L <\/span>n esta velada conmemorativa, la comunidad universitaria y la poblaci\u00f3n guyanesa tuvieron la oportunidad de reflexionar sobre los diez a\u00f1os de existencia de la Universidad de Guyana. La velada estuvo salpicada de conmovedores testimonios de antiguos estudiantes, miembros de la intersindical y personal. Los tres presidentes sucesivos de la universidad compartieron su visi\u00f3n, detallando c\u00f3mo se hab\u00edan desarrollado sus mandatos y las razones que motivaron el deseo de una universidad independiente.<\/p>\n<p><strong>Noviembre de 2013: una escisi\u00f3n inevitable<br \/>\n<\/strong>Tras 40 a\u00f1os de matrimonio con la Universidad de las Indias Occidentales, el divorcio finaliz\u00f3 el 11 de noviembre de 2013. La firma del memorando de entendimiento el 11 de noviembre de 2013 marc\u00f3 el inicio de una nueva era, la de la Universidad de la Guayana Francesa, que naci\u00f3 oficialmente el 1 de enero de 2015. Esta independencia fue el resultado de una movilizaci\u00f3n sin precedentes de estudiantes, personal y representantes de la comunidad guyanesa.<\/p>\n<p>\u00bfPor qu\u00e9 esta revuelta? Algunos dicen que son a\u00f1os de frustraci\u00f3n, otros que es \"la gota que colm\u00f3 el vaso\"... todos coinciden en que las cosas ten\u00edan que cambiar.<br \/>\nEl 8 de octubre de 2013 se retras\u00f3 la apertura de una nueva licenciatura. Estudiantes, profesores y personal administrativo decidieron entonces movilizarse, exigiendo m\u00e1s recursos, m\u00e1s profesores, la apertura de una biblioteca y, sobre todo, su independencia de la Universidad de las Indias Occidentales. Fue el comienzo de cinco semanas de lucha y de una ruptura inevitable.<\/p>\n<p>Al entrar en su segunda d\u00e9cada, la Universidad de Guyana est\u00e1 orgullosa de su historia, hecha de luchas y pasiones que forjaron su independencia. Gracias a las personas que han luchado y trabajado para hacerla crecer en la \u00faltima d\u00e9cada, la UG se ha convertido en mucho m\u00e1s que una universidad. Encarna la determinaci\u00f3n y la resistencia de una comunidad unida para ofrecer una educaci\u00f3n de calidad en la Guayana Francesa. Estos son los valores sobre los que se construy\u00f3 la Universidad de Guyana. Hoy, la Universidad de Guyana est\u00e1 preparada para escribir los pr\u00f3ximos cap\u00edtulos de sus pr\u00f3ximas d\u00e9cadas.<\/p>\n<\/div>\n\n\n\n\n\t\t\t<\/div> \n\t\t<\/div>\n\t<\/div> \n<\/div><\/div>","protected":false},"excerpt":{"rendered":"\u00a1Eso fue hace 10 a\u00f1os! Estudiantes y miembros del personal...","protected":false},"author":1,"featured_media":8412,"comment_status":"closed","ping_status":"open","sticky":false,"template":"","format":"standard","meta":{"iawp_total_views":44,"footnotes":""},"categories":[145],"tags":[],"class_list":{"0":"post-8406","1":"post","2":"type-post","3":"status-publish","4":"format-standard","5":"has-post-thumbnail","7":"category-actualites"},"yoast_head":"<!-- This site is optimized with the Yoast SEO plugin v27.5 - https:\/\/yoast.com\/product\/yoast-seo-wordpress\/ -->\n<title>10 ans apr\u00e8s la mobilisation, l\u2019Universit\u00e9 de Guyane se rem\u00e9more &#8212; Universit\u00e9 de Guyane<\/title>\n<meta name=\"description\" content=\"Revivez la soir\u00e9e comm\u00e9morative de l&#039;Universit\u00e9 de Guyane et d\u00e9couvrez les t\u00e9moignages poignants des anciens \u00e9tudiants et du personnel.\" \/>\n<meta name=\"robots\" content=\"index, follow, max-snippet:-1, max-image-preview:large, max-video-preview:-1\" \/>\n<link rel=\"canonical\" href=\"https:\/\/www.univ-guyane.fr\/es\/2023\/11\/28\/10-ans-apres-la-mobilisation-luniversite-de-guyane-se-rememore\/\" \/>\n<meta property=\"og:locale\" content=\"es_ES\" \/>\n<meta property=\"og:type\" content=\"article\" \/>\n<meta property=\"og:title\" content=\"10 ans apr\u00e8s la mobilisation, l\u2019Universit\u00e9 de Guyane se rem\u00e9more &#8212; Universit\u00e9 de Guyane\" \/>\n<meta property=\"og:description\" content=\"Revivez la soir\u00e9e comm\u00e9morative de l&#039;Universit\u00e9 de Guyane et d\u00e9couvrez les t\u00e9moignages poignants des anciens \u00e9tudiants et du personnel.\" \/>\n<meta property=\"og:url\" content=\"https:\/\/www.univ-guyane.fr\/es\/2023\/11\/28\/10-ans-apres-la-mobilisation-luniversite-de-guyane-se-rememore\/\" \/>\n<meta property=\"og:site_name\" content=\"Universit\u00e9 de Guyane\" \/>\n<meta property=\"article:publisher\" content=\"https:\/\/www.facebook.com\/univguyane\" \/>\n<meta property=\"article:published_time\" content=\"2023-11-28T17:07:41+00:00\" \/>\n<meta property=\"article:modified_time\" content=\"2024-06-17T17:13:04+00:00\" \/>\n<meta property=\"og:image\" content=\"https:\/\/www.univ-guyane.fr\/wp-content\/uploads\/ug-10-ans-apres-universite-de-guyane.jpeg\" \/>\n\t<meta property=\"og:image:width\" content=\"1800\" \/>\n\t<meta property=\"og:image:height\" content=\"1013\" \/>\n\t<meta property=\"og:image:type\" content=\"image\/jpeg\" \/>\n<meta name=\"author\" content=\"Erick Loiti\u00e8re\" \/>\n<meta name=\"twitter:card\" content=\"summary_large_image\" \/>\n<meta name=\"twitter:creator\" content=\"@univguyane\" \/>\n<meta name=\"twitter:site\" content=\"@univguyane\" \/>\n<meta name=\"twitter:label1\" content=\"Escrito por\" \/>\n\t<meta name=\"twitter:data1\" content=\"Erick Loiti\u00e8re\" \/>\n\t<meta name=\"twitter:label2\" content=\"Tiempo de lectura\" \/>\n\t<meta name=\"twitter:data2\" content=\"3 minutos\" \/>\n<script type=\"application\/ld+json\" class=\"yoast-schema-graph\">{\"@context\":\"https:\\\/\\\/schema.org\",\"@graph\":[{\"@type\":\"Article\",\"@id\":\"https:\\\/\\\/www.univ-guyane.fr\\\/2023\\\/11\\\/28\\\/10-ans-apres-la-mobilisation-luniversite-de-guyane-se-rememore\\\/#article\",\"isPartOf\":{\"@id\":\"https:\\\/\\\/www.univ-guyane.fr\\\/2023\\\/11\\\/28\\\/10-ans-apres-la-mobilisation-luniversite-de-guyane-se-rememore\\\/\"},\"author\":{\"name\":\"Erick Loiti\u00e8re\",\"@id\":\"https:\\\/\\\/www.univ-guyane.fr\\\/#\\\/schema\\\/person\\\/86d946a28a8be51bb096ccfdf19db179\"},\"headline\":\"10 ans apr\u00e8s la mobilisation, l\u2019Universit\u00e9 de Guyane se rem\u00e9more\",\"datePublished\":\"2023-11-28T17:07:41+00:00\",\"dateModified\":\"2024-06-17T17:13:04+00:00\",\"mainEntityOfPage\":{\"@id\":\"https:\\\/\\\/www.univ-guyane.fr\\\/2023\\\/11\\\/28\\\/10-ans-apres-la-mobilisation-luniversite-de-guyane-se-rememore\\\/\"},\"wordCount\":662,\"publisher\":{\"@id\":\"https:\\\/\\\/www.univ-guyane.fr\\\/#organization\"},\"image\":{\"@id\":\"https:\\\/\\\/www.univ-guyane.fr\\\/2023\\\/11\\\/28\\\/10-ans-apres-la-mobilisation-luniversite-de-guyane-se-rememore\\\/#primaryimage\"},\"thumbnailUrl\":\"https:\\\/\\\/www.univ-guyane.fr\\\/wp-content\\\/uploads\\\/ug-10-ans-apres-universite-de-guyane.jpeg\",\"articleSection\":[\"Actualit\u00e9s\"],\"inLanguage\":\"es\"},{\"@type\":\"WebPage\",\"@id\":\"https:\\\/\\\/www.univ-guyane.fr\\\/2023\\\/11\\\/28\\\/10-ans-apres-la-mobilisation-luniversite-de-guyane-se-rememore\\\/\",\"url\":\"https:\\\/\\\/www.univ-guyane.fr\\\/2023\\\/11\\\/28\\\/10-ans-apres-la-mobilisation-luniversite-de-guyane-se-rememore\\\/\",\"name\":\"10 ans apr\u00e8s la mobilisation, l\u2019Universit\u00e9 de Guyane se rem\u00e9more &#8212; Universit\u00e9 de Guyane\",\"isPartOf\":{\"@id\":\"https:\\\/\\\/www.univ-guyane.fr\\\/#website\"},\"primaryImageOfPage\":{\"@id\":\"https:\\\/\\\/www.univ-guyane.fr\\\/2023\\\/11\\\/28\\\/10-ans-apres-la-mobilisation-luniversite-de-guyane-se-rememore\\\/#primaryimage\"},\"image\":{\"@id\":\"https:\\\/\\\/www.univ-guyane.fr\\\/2023\\\/11\\\/28\\\/10-ans-apres-la-mobilisation-luniversite-de-guyane-se-rememore\\\/#primaryimage\"},\"thumbnailUrl\":\"https:\\\/\\\/www.univ-guyane.fr\\\/wp-content\\\/uploads\\\/ug-10-ans-apres-universite-de-guyane.jpeg\",\"datePublished\":\"2023-11-28T17:07:41+00:00\",\"dateModified\":\"2024-06-17T17:13:04+00:00\",\"description\":\"Revivez la soir\u00e9e comm\u00e9morative de l'Universit\u00e9 de Guyane et d\u00e9couvrez les t\u00e9moignages poignants des anciens \u00e9tudiants et du personnel.\",\"breadcrumb\":{\"@id\":\"https:\\\/\\\/www.univ-guyane.fr\\\/2023\\\/11\\\/28\\\/10-ans-apres-la-mobilisation-luniversite-de-guyane-se-rememore\\\/#breadcrumb\"},\"inLanguage\":\"es\",\"potentialAction\":[{\"@type\":\"ReadAction\",\"target\":[\"https:\\\/\\\/www.univ-guyane.fr\\\/2023\\\/11\\\/28\\\/10-ans-apres-la-mobilisation-luniversite-de-guyane-se-rememore\\\/\"]}]},{\"@type\":\"ImageObject\",\"inLanguage\":\"es\",\"@id\":\"https:\\\/\\\/www.univ-guyane.fr\\\/2023\\\/11\\\/28\\\/10-ans-apres-la-mobilisation-luniversite-de-guyane-se-rememore\\\/#primaryimage\",\"url\":\"https:\\\/\\\/www.univ-guyane.fr\\\/wp-content\\\/uploads\\\/ug-10-ans-apres-universite-de-guyane.jpeg\",\"contentUrl\":\"https:\\\/\\\/www.univ-guyane.fr\\\/wp-content\\\/uploads\\\/ug-10-ans-apres-universite-de-guyane.jpeg\",\"width\":1800,\"height\":1013,\"caption\":\"10 ans apr\u00e8s la mobilisation, l\u2019Universit\u00e9 de Guyane se rem\u00e9more\"},{\"@type\":\"BreadcrumbList\",\"@id\":\"https:\\\/\\\/www.univ-guyane.fr\\\/2023\\\/11\\\/28\\\/10-ans-apres-la-mobilisation-luniversite-de-guyane-se-rememore\\\/#breadcrumb\",\"itemListElement\":[{\"@type\":\"ListItem\",\"position\":1,\"name\":\"Accueil\",\"item\":\"https:\\\/\\\/www.univ-guyane.fr\\\/\"},{\"@type\":\"ListItem\",\"position\":2,\"name\":\"10 ans apr\u00e8s la mobilisation, l\u2019Universit\u00e9 de Guyane se rem\u00e9more\"}]},{\"@type\":\"WebSite\",\"@id\":\"https:\\\/\\\/www.univ-guyane.fr\\\/#website\",\"url\":\"https:\\\/\\\/www.univ-guyane.fr\\\/\",\"name\":\"Universit\u00e9 de Guyane\",\"description\":\"Au c\u0153ur de l&#039;amazonie\",\"publisher\":{\"@id\":\"https:\\\/\\\/www.univ-guyane.fr\\\/#organization\"},\"alternateName\":\"UG\",\"potentialAction\":[{\"@type\":\"SearchAction\",\"target\":{\"@type\":\"EntryPoint\",\"urlTemplate\":\"https:\\\/\\\/www.univ-guyane.fr\\\/?s={search_term_string}\"},\"query-input\":{\"@type\":\"PropertyValueSpecification\",\"valueRequired\":true,\"valueName\":\"search_term_string\"}}],\"inLanguage\":\"es\"},{\"@type\":\"Organization\",\"@id\":\"https:\\\/\\\/www.univ-guyane.fr\\\/#organization\",\"name\":\"Universit\u00e9 de Guyane\",\"alternateName\":\"UG\",\"url\":\"https:\\\/\\\/www.univ-guyane.fr\\\/\",\"logo\":{\"@type\":\"ImageObject\",\"inLanguage\":\"es\",\"@id\":\"https:\\\/\\\/www.univ-guyane.fr\\\/#\\\/schema\\\/logo\\\/image\\\/\",\"url\":\"https:\\\/\\\/www.univ-guyane.fr\\\/wp-content\\\/uploads\\\/2024\\\/05\\\/f.png\",\"contentUrl\":\"https:\\\/\\\/www.univ-guyane.fr\\\/wp-content\\\/uploads\\\/2024\\\/05\\\/f.png\",\"width\":1024,\"height\":1024,\"caption\":\"Universit\u00e9 de Guyane\"},\"image\":{\"@id\":\"https:\\\/\\\/www.univ-guyane.fr\\\/#\\\/schema\\\/logo\\\/image\\\/\"},\"sameAs\":[\"https:\\\/\\\/www.facebook.com\\\/univguyane\",\"https:\\\/\\\/x.com\\\/univguyane\",\"https:\\\/\\\/gf.linkedin.com\\\/school\\\/universite-de-guyane\\\/\",\"https:\\\/\\\/www.instagram.com\\\/univ_guyane\\\/\"]},{\"@type\":\"Person\",\"@id\":\"https:\\\/\\\/www.univ-guyane.fr\\\/#\\\/schema\\\/person\\\/86d946a28a8be51bb096ccfdf19db179\",\"name\":\"Erick Loiti\u00e8re\",\"image\":{\"@type\":\"ImageObject\",\"inLanguage\":\"es\",\"@id\":\"https:\\\/\\\/secure.gravatar.com\\\/avatar\\\/0584f332103fbeaf37e52c73b15dca3c547fd9300deb05764e9ad8714839d072?s=96&d=robohash&r=g\",\"url\":\"https:\\\/\\\/secure.gravatar.com\\\/avatar\\\/0584f332103fbeaf37e52c73b15dca3c547fd9300deb05764e9ad8714839d072?s=96&d=robohash&r=g\",\"contentUrl\":\"https:\\\/\\\/secure.gravatar.com\\\/avatar\\\/0584f332103fbeaf37e52c73b15dca3c547fd9300deb05764e9ad8714839d072?s=96&d=robohash&r=g\",\"caption\":\"Erick Loiti\u00e8re\"},\"sameAs\":[\"http:\\\/\\\/www.univ-guyane.fr\"],\"url\":\"https:\\\/\\\/www.univ-guyane.fr\\\/es\\\/author\\\/eloitierdbz\\\/\"}]}<\/script>\n<!-- \/ Yoast SEO plugin. -->","yoast_head_json":{"title":"10 ans apr\u00e8s la mobilisation, l\u2019Universit\u00e9 de Guyane se rem\u00e9more &#8212; Universit\u00e9 de Guyane","description":"Revivez la soir\u00e9e comm\u00e9morative de l'Universit\u00e9 de Guyane et d\u00e9couvrez les t\u00e9moignages poignants des anciens \u00e9tudiants et du personnel.","robots":{"index":"index","follow":"follow","max-snippet":"max-snippet:-1","max-image-preview":"max-image-preview:large","max-video-preview":"max-video-preview:-1"},"canonical":"https:\/\/www.univ-guyane.fr\/es\/2023\/11\/28\/10-ans-apres-la-mobilisation-luniversite-de-guyane-se-rememore\/","og_locale":"es_ES","og_type":"article","og_title":"10 ans apr\u00e8s la mobilisation, l\u2019Universit\u00e9 de Guyane se rem\u00e9more &#8212; Universit\u00e9 de Guyane","og_description":"Revivez la soir\u00e9e comm\u00e9morative de l'Universit\u00e9 de Guyane et d\u00e9couvrez les t\u00e9moignages poignants des anciens \u00e9tudiants et du personnel.","og_url":"https:\/\/www.univ-guyane.fr\/es\/2023\/11\/28\/10-ans-apres-la-mobilisation-luniversite-de-guyane-se-rememore\/","og_site_name":"Universit\u00e9 de Guyane","article_publisher":"https:\/\/www.facebook.com\/univguyane","article_published_time":"2023-11-28T17:07:41+00:00","article_modified_time":"2024-06-17T17:13:04+00:00","og_image":[{"width":1800,"height":1013,"url":"https:\/\/www.univ-guyane.fr\/wp-content\/uploads\/ug-10-ans-apres-universite-de-guyane.jpeg","type":"image\/jpeg"}],"author":"Erick Loiti\u00e8re","twitter_card":"summary_large_image","twitter_creator":"@univguyane","twitter_site":"@univguyane","twitter_misc":{"Escrito por":"Erick Loiti\u00e8re","Tiempo de lectura":"3 minutos"},"schema":{"@context":"https:\/\/schema.org","@graph":[{"@type":"Article","@id":"https:\/\/www.univ-guyane.fr\/2023\/11\/28\/10-ans-apres-la-mobilisation-luniversite-de-guyane-se-rememore\/#article","isPartOf":{"@id":"https:\/\/www.univ-guyane.fr\/2023\/11\/28\/10-ans-apres-la-mobilisation-luniversite-de-guyane-se-rememore\/"},"author":{"name":"Erick Loiti\u00e8re","@id":"https:\/\/www.univ-guyane.fr\/#\/schema\/person\/86d946a28a8be51bb096ccfdf19db179"},"headline":"10 ans apr\u00e8s la mobilisation, l\u2019Universit\u00e9 de Guyane se rem\u00e9more","datePublished":"2023-11-28T17:07:41+00:00","dateModified":"2024-06-17T17:13:04+00:00","mainEntityOfPage":{"@id":"https:\/\/www.univ-guyane.fr\/2023\/11\/28\/10-ans-apres-la-mobilisation-luniversite-de-guyane-se-rememore\/"},"wordCount":662,"publisher":{"@id":"https:\/\/www.univ-guyane.fr\/#organization"},"image":{"@id":"https:\/\/www.univ-guyane.fr\/2023\/11\/28\/10-ans-apres-la-mobilisation-luniversite-de-guyane-se-rememore\/#primaryimage"},"thumbnailUrl":"https:\/\/www.univ-guyane.fr\/wp-content\/uploads\/ug-10-ans-apres-universite-de-guyane.jpeg","articleSection":["Actualit\u00e9s"],"inLanguage":"es"},{"@type":"WebPage","@id":"https:\/\/www.univ-guyane.fr\/2023\/11\/28\/10-ans-apres-la-mobilisation-luniversite-de-guyane-se-rememore\/","url":"https:\/\/www.univ-guyane.fr\/2023\/11\/28\/10-ans-apres-la-mobilisation-luniversite-de-guyane-se-rememore\/","name":"10 ans apr\u00e8s la mobilisation, l\u2019Universit\u00e9 de Guyane se rem\u00e9more &#8212; Universit\u00e9 de Guyane","isPartOf":{"@id":"https:\/\/www.univ-guyane.fr\/#website"},"primaryImageOfPage":{"@id":"https:\/\/www.univ-guyane.fr\/2023\/11\/28\/10-ans-apres-la-mobilisation-luniversite-de-guyane-se-rememore\/#primaryimage"},"image":{"@id":"https:\/\/www.univ-guyane.fr\/2023\/11\/28\/10-ans-apres-la-mobilisation-luniversite-de-guyane-se-rememore\/#primaryimage"},"thumbnailUrl":"https:\/\/www.univ-guyane.fr\/wp-content\/uploads\/ug-10-ans-apres-universite-de-guyane.jpeg","datePublished":"2023-11-28T17:07:41+00:00","dateModified":"2024-06-17T17:13:04+00:00","description":"Revivez la soir\u00e9e comm\u00e9morative de l'Universit\u00e9 de Guyane et d\u00e9couvrez les t\u00e9moignages poignants des anciens \u00e9tudiants et du personnel.","breadcrumb":{"@id":"https:\/\/www.univ-guyane.fr\/2023\/11\/28\/10-ans-apres-la-mobilisation-luniversite-de-guyane-se-rememore\/#breadcrumb"},"inLanguage":"es","potentialAction":[{"@type":"ReadAction","target":["https:\/\/www.univ-guyane.fr\/2023\/11\/28\/10-ans-apres-la-mobilisation-luniversite-de-guyane-se-rememore\/"]}]},{"@type":"ImageObject","inLanguage":"es","@id":"https:\/\/www.univ-guyane.fr\/2023\/11\/28\/10-ans-apres-la-mobilisation-luniversite-de-guyane-se-rememore\/#primaryimage","url":"https:\/\/www.univ-guyane.fr\/wp-content\/uploads\/ug-10-ans-apres-universite-de-guyane.jpeg","contentUrl":"https:\/\/www.univ-guyane.fr\/wp-content\/uploads\/ug-10-ans-apres-universite-de-guyane.jpeg","width":1800,"height":1013,"caption":"10 ans apr\u00e8s la mobilisation, l\u2019Universit\u00e9 de Guyane se rem\u00e9more"},{"@type":"BreadcrumbList","@id":"https:\/\/www.univ-guyane.fr\/2023\/11\/28\/10-ans-apres-la-mobilisation-luniversite-de-guyane-se-rememore\/#breadcrumb","itemListElement":[{"@type":"ListItem","position":1,"name":"Accueil","item":"https:\/\/www.univ-guyane.fr\/"},{"@type":"ListItem","position":2,"name":"10 ans apr\u00e8s la mobilisation, l\u2019Universit\u00e9 de Guyane se rem\u00e9more"}]},{"@type":"WebSite","@id":"https:\/\/www.univ-guyane.fr\/#website","url":"https:\/\/www.univ-guyane.fr\/","name":"Universidad de Guyana","description":"En el coraz\u00f3n de la Amazonia","publisher":{"@id":"https:\/\/www.univ-guyane.fr\/#organization"},"alternateName":"UG","potentialAction":[{"@type":"SearchAction","target":{"@type":"EntryPoint","urlTemplate":"https:\/\/www.univ-guyane.fr\/?s={search_term_string}"},"query-input":{"@type":"PropertyValueSpecification","valueRequired":true,"valueName":"search_term_string"}}],"inLanguage":"es"},{"@type":"Organization","@id":"https:\/\/www.univ-guyane.fr\/#organization","name":"Universidad de Guyana","alternateName":"UG","url":"https:\/\/www.univ-guyane.fr\/","logo":{"@type":"ImageObject","inLanguage":"es","@id":"https:\/\/www.univ-guyane.fr\/#\/schema\/logo\/image\/","url":"https:\/\/www.univ-guyane.fr\/wp-content\/uploads\/2024\/05\/f.png","contentUrl":"https:\/\/www.univ-guyane.fr\/wp-content\/uploads\/2024\/05\/f.png","width":1024,"height":1024,"caption":"Universit\u00e9 de Guyane"},"image":{"@id":"https:\/\/www.univ-guyane.fr\/#\/schema\/logo\/image\/"},"sameAs":["https:\/\/www.facebook.com\/univguyane","https:\/\/x.com\/univguyane","https:\/\/gf.linkedin.com\/school\/universite-de-guyane\/","https:\/\/www.instagram.com\/univ_guyane\/"]},{"@type":"Person","@id":"https:\/\/www.univ-guyane.fr\/#\/schema\/person\/86d946a28a8be51bb096ccfdf19db179","name":"Erick Loiti\u00e8re","image":{"@type":"ImageObject","inLanguage":"es","@id":"https:\/\/secure.gravatar.com\/avatar\/0584f332103fbeaf37e52c73b15dca3c547fd9300deb05764e9ad8714839d072?s=96&d=robohash&r=g","url":"https:\/\/secure.gravatar.com\/avatar\/0584f332103fbeaf37e52c73b15dca3c547fd9300deb05764e9ad8714839d072?s=96&d=robohash&r=g","contentUrl":"https:\/\/secure.gravatar.com\/avatar\/0584f332103fbeaf37e52c73b15dca3c547fd9300deb05764e9ad8714839d072?s=96&d=robohash&r=g","caption":"Erick Loiti\u00e8re"},"sameAs":["http:\/\/www.univ-guyane.fr"],"url":"https:\/\/www.univ-guyane.fr\/es\/author\/eloitierdbz\/"}]}},"_links":{"self":[{"href":"https:\/\/www.univ-guyane.fr\/es\/wp-json\/wp\/v2\/posts\/8406","targetHints":{"allow":["GET"]}}],"collection":[{"href":"https:\/\/www.univ-guyane.fr\/es\/wp-json\/wp\/v2\/posts"}],"about":[{"href":"https:\/\/www.univ-guyane.fr\/es\/wp-json\/wp\/v2\/types\/post"}],"author":[{"embeddable":true,"href":"https:\/\/www.univ-guyane.fr\/es\/wp-json\/wp\/v2\/users\/1"}],"replies":[{"embeddable":true,"href":"https:\/\/www.univ-guyane.fr\/es\/wp-json\/wp\/v2\/comments?post=8406"}],"version-history":[{"count":1,"href":"https:\/\/www.univ-guyane.fr\/es\/wp-json\/wp\/v2\/posts\/8406\/revisions"}],"predecessor-version":[{"id":8413,"href":"https:\/\/www.univ-guyane.fr\/es\/wp-json\/wp\/v2\/posts\/8406\/revisions\/8413"}],"wp:featuredmedia":[{"embeddable":true,"href":"https:\/\/www.univ-guyane.fr\/es\/wp-json\/wp\/v2\/media\/8412"}],"wp:attachment":[{"href":"https:\/\/www.univ-guyane.fr\/es\/wp-json\/wp\/v2\/media?parent=8406"}],"wp:term":[{"taxonomy":"category","embeddable":true,"href":"https:\/\/www.univ-guyane.fr\/es\/wp-json\/wp\/v2\/categories?post=8406"},{"taxonomy":"post_tag","embeddable":true,"href":"https:\/\/www.univ-guyane.fr\/es\/wp-json\/wp\/v2\/tags?post=8406"}],"curies":[{"name":"wp","href":"https:\/\/api.w.org\/{rel}","templated":true}]}}