{"id":8425,"date":"2023-11-23T14:32:54","date_gmt":"2023-11-23T17:32:54","guid":{"rendered":"https:\/\/www.univ-guyane.fr\/?p=8425"},"modified":"2024-06-17T14:37:58","modified_gmt":"2024-06-17T17:37:58","slug":"le-corps-du-bagnard-hygiene-et-sante-au-bagne","status":"publish","type":"post","link":"https:\/\/www.univ-guyane.fr\/es\/2023\/11\/23\/le-corps-du-bagnard-hygiene-et-sante-au-bagne\/","title":{"rendered":"El cuerpo del preso: higiene y salud en la c\u00e1rcel"},"content":{"rendered":"<div id=\"fws_69f37f452bb3e\"  data-column-margin=\"default\" data-midnight=\"dark\"  class=\"wpb_row vc_row-fluid vc_row\"  style=\"padding-top: 0px; padding-bottom: 0px; \"><div class=\"row-bg-wrap\" data-bg-animation=\"none\" data-bg-animation-delay=\"\" data-bg-overlay=\"false\"><div class=\"inner-wrap row-bg-layer\" ><div class=\"row-bg viewport-desktop\"  style=\"\"><\/div><\/div><\/div><div class=\"row_col_wrap_12 col span_12 dark left\">\n\t<div  class=\"vc_col-sm-12 wpb_column column_container vc_column_container col no-extra-padding inherit_tablet inherit_phone\"  data-padding-pos=\"all\" data-has-bg-color=\"false\" data-bg-color=\"\" data-bg-opacity=\"1\" data-animation=\"\" data-delay=\"0\" >\n\t\t<div class=\"vc_column-inner\" >\n\t\t\t<div class=\"wpb_wrapper\">\n\t\t\t\t\n<div class=\"wpb_text_column wpb_content_element  chapo\" >\n\t<h2>En colaboraci\u00f3n con la asociaci\u00f3n AGAMIS (Association pour g\u00e9rer l'architecture et le mus\u00e9e des \u00eeles du Salut), la BU le invita a ver la exposici\u00f3n \"Le corps du bagnard : hygi\u00e8ne et sant\u00e9 au bagne\" (\"El cuerpo del presidiario: higiene y salud en la colonia penal\"), que tendr\u00e1 lugar en sus locales a partir del <strong>Del 15 de noviembre al 8 de diciembre de 2023<\/strong>.<\/h2>\n<\/div>\n\n\n\n\n<div class=\"wpb_text_column wpb_content_element\" >\n\t<p><span class=\"nectar-dropcap\" >C <\/span>sta exposici\u00f3n, compuesta por 13 paneles, se ha concebido para que coincida con la reedici\u00f3n en 2020 por Nada del libro del Dr. Louis Rousseau titulado <em>Hombres castigados: un m\u00e9dico en prisi\u00f3n<\/em>. A trav\u00e9s de una rica iconograf\u00eda y de los testimonios de los protagonistas de la historia del sistema penitenciario, la exposici\u00f3n presenta la vida cotidiana y las condiciones de salud de los deportados y transportados a la Guayana Francesa. Los cuerpos privados de libertad se tratan bajo los siguientes temas: el \"cuerpo formateado\", el \"cuerpo maltratado\", el \"cuerpo encerrado\", el \"cuerpo maltratado\", el \"cuerpo muerto\" y el \"cuerpo sufriente\". El personal sanitario, tanto m\u00e9dicos como enfermeros, desempe\u00f1a evidentemente un papel esencial en la atenci\u00f3n sanitaria de los presos, como nos recuerdan los paneles dedicados al importante papel de los cuidadores. Se les dedican tres paneles: \"Formaci\u00f3n de los cuidadores\", \"Los m\u00e9dicos lo saben todo\" y \"Los enfermeros\". El primero trata del contenido de su formaci\u00f3n (que interesar\u00e1 especialmente a nuestros estudiantes de IFSI y PACES) y el segundo describe sus conocimientos cient\u00edficos a finales del siglo XIX y principios del XX.<\/p>\n<p>Dos personalidades en particular llamar\u00e1n la atenci\u00f3n del visitante: los m\u00e9dicos L\u00e9on Collin y Louis Rousseau, que desempe\u00f1aron un papel fundamental en la organizaci\u00f3n de la atenci\u00f3n m\u00e9dica de los convictos, tanto desde el punto de vista cl\u00ednico como administrativo, como puede verse en los paneles \"El ojo del testigo\" y \"La pluma y el bistur\u00ed\". De hecho, estos m\u00e9dicos eran a la vez administradores de la prisi\u00f3n y, como tales, registraban con todo lujo de detalles cada pormenor de la vida cotidiana de los convictos. Sus escritos y fotograf\u00edas tienen un valor documental excepcional, y ser\u00e1n de gran inter\u00e9s para nuestros estudiantes de historia, as\u00ed como para los que estudian medicina, IFSI y PACES. Esta exposici\u00f3n tambi\u00e9n est\u00e1 abierta a los curiosos.<\/p>\n<p>Venid todos.<\/p>\n<\/div>\n\n\n\n\n\t\t\t<\/div> \n\t\t<\/div>\n\t<\/div> \n<\/div><\/div>","protected":false},"excerpt":{"rendered":"En colaboraci\u00f3n con AGAMIS (Association pour g\u00e9rer l'architecture et le mus\u00e9e des \u00eeles du...","protected":false},"author":1,"featured_media":8429,"comment_status":"closed","ping_status":"open","sticky":false,"template":"","format":"standard","meta":{"iawp_total_views":61,"footnotes":""},"categories":[232],"tags":[],"class_list":{"0":"post-8425","1":"post","2":"type-post","3":"status-publish","4":"format-standard","5":"has-post-thumbnail","7":"category-bibliotheque"},"yoast_head":"<!-- This site is optimized with the Yoast SEO plugin v27.5 - https:\/\/yoast.com\/product\/yoast-seo-wordpress\/ -->\n<title>Le corps du bagnard : hygi\u00e8ne et sant\u00e9 au bagne &#8212; Universit\u00e9 de Guyane<\/title>\n<meta name=\"description\" content=\"L&#039;exposition vous plonge dans la vie carc\u00e9rale en Guyane en d\u00e9voilant les conditions sanitaires et l&#039;\u00e9tat physique du corps du bagnard.\" \/>\n<meta name=\"robots\" content=\"index, follow, max-snippet:-1, max-image-preview:large, max-video-preview:-1\" \/>\n<link rel=\"canonical\" href=\"https:\/\/www.univ-guyane.fr\/es\/2023\/11\/23\/le-corps-du-bagnard-hygiene-et-sante-au-bagne\/\" \/>\n<meta property=\"og:locale\" content=\"es_ES\" \/>\n<meta property=\"og:type\" content=\"article\" \/>\n<meta property=\"og:title\" content=\"Le corps du bagnard : hygi\u00e8ne et sant\u00e9 au bagne &#8212; Universit\u00e9 de Guyane\" \/>\n<meta property=\"og:description\" content=\"L&#039;exposition vous plonge dans la vie carc\u00e9rale en Guyane en d\u00e9voilant les conditions sanitaires et l&#039;\u00e9tat physique du corps du bagnard.\" \/>\n<meta property=\"og:url\" content=\"https:\/\/www.univ-guyane.fr\/es\/2023\/11\/23\/le-corps-du-bagnard-hygiene-et-sante-au-bagne\/\" \/>\n<meta property=\"og:site_name\" content=\"Universit\u00e9 de Guyane\" \/>\n<meta property=\"article:publisher\" content=\"https:\/\/www.facebook.com\/univguyane\" \/>\n<meta property=\"article:published_time\" content=\"2023-11-23T17:32:54+00:00\" \/>\n<meta property=\"article:modified_time\" content=\"2024-06-17T17:37:58+00:00\" \/>\n<meta property=\"og:image\" content=\"https:\/\/www.univ-guyane.fr\/wp-content\/uploads\/Le-corps-du-bagnard-hygiene-et-sante-au-bagne.jpeg\" \/>\n\t<meta property=\"og:image:width\" content=\"1800\" \/>\n\t<meta property=\"og:image:height\" content=\"1292\" \/>\n\t<meta property=\"og:image:type\" content=\"image\/jpeg\" \/>\n<meta name=\"author\" content=\"Erick Loiti\u00e8re\" \/>\n<meta name=\"twitter:card\" content=\"summary_large_image\" \/>\n<meta name=\"twitter:creator\" content=\"@univguyane\" \/>\n<meta name=\"twitter:site\" content=\"@univguyane\" \/>\n<meta name=\"twitter:label1\" content=\"Escrito por\" \/>\n\t<meta name=\"twitter:data1\" content=\"Erick Loiti\u00e8re\" \/>\n\t<meta name=\"twitter:label2\" content=\"Tiempo de lectura\" \/>\n\t<meta name=\"twitter:data2\" content=\"3 minutos\" \/>\n<script type=\"application\/ld+json\" class=\"yoast-schema-graph\">{\"@context\":\"https:\\\/\\\/schema.org\",\"@graph\":[{\"@type\":\"Article\",\"@id\":\"https:\\\/\\\/www.univ-guyane.fr\\\/2023\\\/11\\\/23\\\/le-corps-du-bagnard-hygiene-et-sante-au-bagne\\\/#article\",\"isPartOf\":{\"@id\":\"https:\\\/\\\/www.univ-guyane.fr\\\/2023\\\/11\\\/23\\\/le-corps-du-bagnard-hygiene-et-sante-au-bagne\\\/\"},\"author\":{\"name\":\"Erick Loiti\u00e8re\",\"@id\":\"https:\\\/\\\/www.univ-guyane.fr\\\/#\\\/schema\\\/person\\\/86d946a28a8be51bb096ccfdf19db179\"},\"headline\":\"Le corps du bagnard : hygi\u00e8ne et sant\u00e9 au bagne\",\"datePublished\":\"2023-11-23T17:32:54+00:00\",\"dateModified\":\"2024-06-17T17:37:58+00:00\",\"mainEntityOfPage\":{\"@id\":\"https:\\\/\\\/www.univ-guyane.fr\\\/2023\\\/11\\\/23\\\/le-corps-du-bagnard-hygiene-et-sante-au-bagne\\\/\"},\"wordCount\":599,\"publisher\":{\"@id\":\"https:\\\/\\\/www.univ-guyane.fr\\\/#organization\"},\"image\":{\"@id\":\"https:\\\/\\\/www.univ-guyane.fr\\\/2023\\\/11\\\/23\\\/le-corps-du-bagnard-hygiene-et-sante-au-bagne\\\/#primaryimage\"},\"thumbnailUrl\":\"https:\\\/\\\/www.univ-guyane.fr\\\/wp-content\\\/uploads\\\/Le-corps-du-bagnard-hygiene-et-sante-au-bagne.jpeg\",\"articleSection\":[\"\u2022 Biblioth\u00e8que\"],\"inLanguage\":\"es\"},{\"@type\":\"WebPage\",\"@id\":\"https:\\\/\\\/www.univ-guyane.fr\\\/2023\\\/11\\\/23\\\/le-corps-du-bagnard-hygiene-et-sante-au-bagne\\\/\",\"url\":\"https:\\\/\\\/www.univ-guyane.fr\\\/2023\\\/11\\\/23\\\/le-corps-du-bagnard-hygiene-et-sante-au-bagne\\\/\",\"name\":\"Le corps du bagnard : hygi\u00e8ne et sant\u00e9 au bagne &#8212; Universit\u00e9 de Guyane\",\"isPartOf\":{\"@id\":\"https:\\\/\\\/www.univ-guyane.fr\\\/#website\"},\"primaryImageOfPage\":{\"@id\":\"https:\\\/\\\/www.univ-guyane.fr\\\/2023\\\/11\\\/23\\\/le-corps-du-bagnard-hygiene-et-sante-au-bagne\\\/#primaryimage\"},\"image\":{\"@id\":\"https:\\\/\\\/www.univ-guyane.fr\\\/2023\\\/11\\\/23\\\/le-corps-du-bagnard-hygiene-et-sante-au-bagne\\\/#primaryimage\"},\"thumbnailUrl\":\"https:\\\/\\\/www.univ-guyane.fr\\\/wp-content\\\/uploads\\\/Le-corps-du-bagnard-hygiene-et-sante-au-bagne.jpeg\",\"datePublished\":\"2023-11-23T17:32:54+00:00\",\"dateModified\":\"2024-06-17T17:37:58+00:00\",\"description\":\"L'exposition vous plonge dans la vie carc\u00e9rale en Guyane en d\u00e9voilant les conditions sanitaires et l'\u00e9tat physique du corps du bagnard.\",\"breadcrumb\":{\"@id\":\"https:\\\/\\\/www.univ-guyane.fr\\\/2023\\\/11\\\/23\\\/le-corps-du-bagnard-hygiene-et-sante-au-bagne\\\/#breadcrumb\"},\"inLanguage\":\"es\",\"potentialAction\":[{\"@type\":\"ReadAction\",\"target\":[\"https:\\\/\\\/www.univ-guyane.fr\\\/2023\\\/11\\\/23\\\/le-corps-du-bagnard-hygiene-et-sante-au-bagne\\\/\"]}]},{\"@type\":\"ImageObject\",\"inLanguage\":\"es\",\"@id\":\"https:\\\/\\\/www.univ-guyane.fr\\\/2023\\\/11\\\/23\\\/le-corps-du-bagnard-hygiene-et-sante-au-bagne\\\/#primaryimage\",\"url\":\"https:\\\/\\\/www.univ-guyane.fr\\\/wp-content\\\/uploads\\\/Le-corps-du-bagnard-hygiene-et-sante-au-bagne.jpeg\",\"contentUrl\":\"https:\\\/\\\/www.univ-guyane.fr\\\/wp-content\\\/uploads\\\/Le-corps-du-bagnard-hygiene-et-sante-au-bagne.jpeg\",\"width\":1800,\"height\":1292,\"caption\":\"Le corps du bagnard : hygi\u00e8ne et sant\u00e9 au bagne\"},{\"@type\":\"BreadcrumbList\",\"@id\":\"https:\\\/\\\/www.univ-guyane.fr\\\/2023\\\/11\\\/23\\\/le-corps-du-bagnard-hygiene-et-sante-au-bagne\\\/#breadcrumb\",\"itemListElement\":[{\"@type\":\"ListItem\",\"position\":1,\"name\":\"Accueil\",\"item\":\"https:\\\/\\\/www.univ-guyane.fr\\\/\"},{\"@type\":\"ListItem\",\"position\":2,\"name\":\"Le corps du bagnard : hygi\u00e8ne et sant\u00e9 au bagne\"}]},{\"@type\":\"WebSite\",\"@id\":\"https:\\\/\\\/www.univ-guyane.fr\\\/#website\",\"url\":\"https:\\\/\\\/www.univ-guyane.fr\\\/\",\"name\":\"Universit\u00e9 de Guyane\",\"description\":\"Au c\u0153ur de l&#039;amazonie\",\"publisher\":{\"@id\":\"https:\\\/\\\/www.univ-guyane.fr\\\/#organization\"},\"alternateName\":\"UG\",\"potentialAction\":[{\"@type\":\"SearchAction\",\"target\":{\"@type\":\"EntryPoint\",\"urlTemplate\":\"https:\\\/\\\/www.univ-guyane.fr\\\/?s={search_term_string}\"},\"query-input\":{\"@type\":\"PropertyValueSpecification\",\"valueRequired\":true,\"valueName\":\"search_term_string\"}}],\"inLanguage\":\"es\"},{\"@type\":\"Organization\",\"@id\":\"https:\\\/\\\/www.univ-guyane.fr\\\/#organization\",\"name\":\"Universit\u00e9 de Guyane\",\"alternateName\":\"UG\",\"url\":\"https:\\\/\\\/www.univ-guyane.fr\\\/\",\"logo\":{\"@type\":\"ImageObject\",\"inLanguage\":\"es\",\"@id\":\"https:\\\/\\\/www.univ-guyane.fr\\\/#\\\/schema\\\/logo\\\/image\\\/\",\"url\":\"https:\\\/\\\/www.univ-guyane.fr\\\/wp-content\\\/uploads\\\/2024\\\/05\\\/f.png\",\"contentUrl\":\"https:\\\/\\\/www.univ-guyane.fr\\\/wp-content\\\/uploads\\\/2024\\\/05\\\/f.png\",\"width\":1024,\"height\":1024,\"caption\":\"Universit\u00e9 de Guyane\"},\"image\":{\"@id\":\"https:\\\/\\\/www.univ-guyane.fr\\\/#\\\/schema\\\/logo\\\/image\\\/\"},\"sameAs\":[\"https:\\\/\\\/www.facebook.com\\\/univguyane\",\"https:\\\/\\\/x.com\\\/univguyane\",\"https:\\\/\\\/gf.linkedin.com\\\/school\\\/universite-de-guyane\\\/\",\"https:\\\/\\\/www.instagram.com\\\/univ_guyane\\\/\"]},{\"@type\":\"Person\",\"@id\":\"https:\\\/\\\/www.univ-guyane.fr\\\/#\\\/schema\\\/person\\\/86d946a28a8be51bb096ccfdf19db179\",\"name\":\"Erick Loiti\u00e8re\",\"image\":{\"@type\":\"ImageObject\",\"inLanguage\":\"es\",\"@id\":\"https:\\\/\\\/secure.gravatar.com\\\/avatar\\\/0584f332103fbeaf37e52c73b15dca3c547fd9300deb05764e9ad8714839d072?s=96&d=robohash&r=g\",\"url\":\"https:\\\/\\\/secure.gravatar.com\\\/avatar\\\/0584f332103fbeaf37e52c73b15dca3c547fd9300deb05764e9ad8714839d072?s=96&d=robohash&r=g\",\"contentUrl\":\"https:\\\/\\\/secure.gravatar.com\\\/avatar\\\/0584f332103fbeaf37e52c73b15dca3c547fd9300deb05764e9ad8714839d072?s=96&d=robohash&r=g\",\"caption\":\"Erick Loiti\u00e8re\"},\"sameAs\":[\"http:\\\/\\\/www.univ-guyane.fr\"],\"url\":\"https:\\\/\\\/www.univ-guyane.fr\\\/es\\\/author\\\/eloitierdbz\\\/\"}]}<\/script>\n<!-- \/ Yoast SEO plugin. -->","yoast_head_json":{"title":"Le corps du bagnard : hygi\u00e8ne et sant\u00e9 au bagne &#8212; Universit\u00e9 de Guyane","description":"L'exposition vous plonge dans la vie carc\u00e9rale en Guyane en d\u00e9voilant les conditions sanitaires et l'\u00e9tat physique du corps du bagnard.","robots":{"index":"index","follow":"follow","max-snippet":"max-snippet:-1","max-image-preview":"max-image-preview:large","max-video-preview":"max-video-preview:-1"},"canonical":"https:\/\/www.univ-guyane.fr\/es\/2023\/11\/23\/le-corps-du-bagnard-hygiene-et-sante-au-bagne\/","og_locale":"es_ES","og_type":"article","og_title":"Le corps du bagnard : hygi\u00e8ne et sant\u00e9 au bagne &#8212; Universit\u00e9 de Guyane","og_description":"L'exposition vous plonge dans la vie carc\u00e9rale en Guyane en d\u00e9voilant les conditions sanitaires et l'\u00e9tat physique du corps du bagnard.","og_url":"https:\/\/www.univ-guyane.fr\/es\/2023\/11\/23\/le-corps-du-bagnard-hygiene-et-sante-au-bagne\/","og_site_name":"Universit\u00e9 de Guyane","article_publisher":"https:\/\/www.facebook.com\/univguyane","article_published_time":"2023-11-23T17:32:54+00:00","article_modified_time":"2024-06-17T17:37:58+00:00","og_image":[{"width":1800,"height":1292,"url":"https:\/\/www.univ-guyane.fr\/wp-content\/uploads\/Le-corps-du-bagnard-hygiene-et-sante-au-bagne.jpeg","type":"image\/jpeg"}],"author":"Erick Loiti\u00e8re","twitter_card":"summary_large_image","twitter_creator":"@univguyane","twitter_site":"@univguyane","twitter_misc":{"Escrito por":"Erick Loiti\u00e8re","Tiempo de lectura":"3 minutos"},"schema":{"@context":"https:\/\/schema.org","@graph":[{"@type":"Article","@id":"https:\/\/www.univ-guyane.fr\/2023\/11\/23\/le-corps-du-bagnard-hygiene-et-sante-au-bagne\/#article","isPartOf":{"@id":"https:\/\/www.univ-guyane.fr\/2023\/11\/23\/le-corps-du-bagnard-hygiene-et-sante-au-bagne\/"},"author":{"name":"Erick Loiti\u00e8re","@id":"https:\/\/www.univ-guyane.fr\/#\/schema\/person\/86d946a28a8be51bb096ccfdf19db179"},"headline":"Le corps du bagnard : hygi\u00e8ne et sant\u00e9 au bagne","datePublished":"2023-11-23T17:32:54+00:00","dateModified":"2024-06-17T17:37:58+00:00","mainEntityOfPage":{"@id":"https:\/\/www.univ-guyane.fr\/2023\/11\/23\/le-corps-du-bagnard-hygiene-et-sante-au-bagne\/"},"wordCount":599,"publisher":{"@id":"https:\/\/www.univ-guyane.fr\/#organization"},"image":{"@id":"https:\/\/www.univ-guyane.fr\/2023\/11\/23\/le-corps-du-bagnard-hygiene-et-sante-au-bagne\/#primaryimage"},"thumbnailUrl":"https:\/\/www.univ-guyane.fr\/wp-content\/uploads\/Le-corps-du-bagnard-hygiene-et-sante-au-bagne.jpeg","articleSection":["\u2022 Biblioth\u00e8que"],"inLanguage":"es"},{"@type":"WebPage","@id":"https:\/\/www.univ-guyane.fr\/2023\/11\/23\/le-corps-du-bagnard-hygiene-et-sante-au-bagne\/","url":"https:\/\/www.univ-guyane.fr\/2023\/11\/23\/le-corps-du-bagnard-hygiene-et-sante-au-bagne\/","name":"Le corps du bagnard : hygi\u00e8ne et sant\u00e9 au bagne &#8212; Universit\u00e9 de Guyane","isPartOf":{"@id":"https:\/\/www.univ-guyane.fr\/#website"},"primaryImageOfPage":{"@id":"https:\/\/www.univ-guyane.fr\/2023\/11\/23\/le-corps-du-bagnard-hygiene-et-sante-au-bagne\/#primaryimage"},"image":{"@id":"https:\/\/www.univ-guyane.fr\/2023\/11\/23\/le-corps-du-bagnard-hygiene-et-sante-au-bagne\/#primaryimage"},"thumbnailUrl":"https:\/\/www.univ-guyane.fr\/wp-content\/uploads\/Le-corps-du-bagnard-hygiene-et-sante-au-bagne.jpeg","datePublished":"2023-11-23T17:32:54+00:00","dateModified":"2024-06-17T17:37:58+00:00","description":"L'exposition vous plonge dans la vie carc\u00e9rale en Guyane en d\u00e9voilant les conditions sanitaires et l'\u00e9tat physique du corps du bagnard.","breadcrumb":{"@id":"https:\/\/www.univ-guyane.fr\/2023\/11\/23\/le-corps-du-bagnard-hygiene-et-sante-au-bagne\/#breadcrumb"},"inLanguage":"es","potentialAction":[{"@type":"ReadAction","target":["https:\/\/www.univ-guyane.fr\/2023\/11\/23\/le-corps-du-bagnard-hygiene-et-sante-au-bagne\/"]}]},{"@type":"ImageObject","inLanguage":"es","@id":"https:\/\/www.univ-guyane.fr\/2023\/11\/23\/le-corps-du-bagnard-hygiene-et-sante-au-bagne\/#primaryimage","url":"https:\/\/www.univ-guyane.fr\/wp-content\/uploads\/Le-corps-du-bagnard-hygiene-et-sante-au-bagne.jpeg","contentUrl":"https:\/\/www.univ-guyane.fr\/wp-content\/uploads\/Le-corps-du-bagnard-hygiene-et-sante-au-bagne.jpeg","width":1800,"height":1292,"caption":"Le corps du bagnard : hygi\u00e8ne et sant\u00e9 au bagne"},{"@type":"BreadcrumbList","@id":"https:\/\/www.univ-guyane.fr\/2023\/11\/23\/le-corps-du-bagnard-hygiene-et-sante-au-bagne\/#breadcrumb","itemListElement":[{"@type":"ListItem","position":1,"name":"Accueil","item":"https:\/\/www.univ-guyane.fr\/"},{"@type":"ListItem","position":2,"name":"Le corps du bagnard : hygi\u00e8ne et sant\u00e9 au bagne"}]},{"@type":"WebSite","@id":"https:\/\/www.univ-guyane.fr\/#website","url":"https:\/\/www.univ-guyane.fr\/","name":"Universidad de Guyana","description":"En el coraz\u00f3n de la Amazonia","publisher":{"@id":"https:\/\/www.univ-guyane.fr\/#organization"},"alternateName":"UG","potentialAction":[{"@type":"SearchAction","target":{"@type":"EntryPoint","urlTemplate":"https:\/\/www.univ-guyane.fr\/?s={search_term_string}"},"query-input":{"@type":"PropertyValueSpecification","valueRequired":true,"valueName":"search_term_string"}}],"inLanguage":"es"},{"@type":"Organization","@id":"https:\/\/www.univ-guyane.fr\/#organization","name":"Universidad de Guyana","alternateName":"UG","url":"https:\/\/www.univ-guyane.fr\/","logo":{"@type":"ImageObject","inLanguage":"es","@id":"https:\/\/www.univ-guyane.fr\/#\/schema\/logo\/image\/","url":"https:\/\/www.univ-guyane.fr\/wp-content\/uploads\/2024\/05\/f.png","contentUrl":"https:\/\/www.univ-guyane.fr\/wp-content\/uploads\/2024\/05\/f.png","width":1024,"height":1024,"caption":"Universit\u00e9 de Guyane"},"image":{"@id":"https:\/\/www.univ-guyane.fr\/#\/schema\/logo\/image\/"},"sameAs":["https:\/\/www.facebook.com\/univguyane","https:\/\/x.com\/univguyane","https:\/\/gf.linkedin.com\/school\/universite-de-guyane\/","https:\/\/www.instagram.com\/univ_guyane\/"]},{"@type":"Person","@id":"https:\/\/www.univ-guyane.fr\/#\/schema\/person\/86d946a28a8be51bb096ccfdf19db179","name":"Erick Loiti\u00e8re","image":{"@type":"ImageObject","inLanguage":"es","@id":"https:\/\/secure.gravatar.com\/avatar\/0584f332103fbeaf37e52c73b15dca3c547fd9300deb05764e9ad8714839d072?s=96&d=robohash&r=g","url":"https:\/\/secure.gravatar.com\/avatar\/0584f332103fbeaf37e52c73b15dca3c547fd9300deb05764e9ad8714839d072?s=96&d=robohash&r=g","contentUrl":"https:\/\/secure.gravatar.com\/avatar\/0584f332103fbeaf37e52c73b15dca3c547fd9300deb05764e9ad8714839d072?s=96&d=robohash&r=g","caption":"Erick Loiti\u00e8re"},"sameAs":["http:\/\/www.univ-guyane.fr"],"url":"https:\/\/www.univ-guyane.fr\/es\/author\/eloitierdbz\/"}]}},"_links":{"self":[{"href":"https:\/\/www.univ-guyane.fr\/es\/wp-json\/wp\/v2\/posts\/8425","targetHints":{"allow":["GET"]}}],"collection":[{"href":"https:\/\/www.univ-guyane.fr\/es\/wp-json\/wp\/v2\/posts"}],"about":[{"href":"https:\/\/www.univ-guyane.fr\/es\/wp-json\/wp\/v2\/types\/post"}],"author":[{"embeddable":true,"href":"https:\/\/www.univ-guyane.fr\/es\/wp-json\/wp\/v2\/users\/1"}],"replies":[{"embeddable":true,"href":"https:\/\/www.univ-guyane.fr\/es\/wp-json\/wp\/v2\/comments?post=8425"}],"version-history":[{"count":1,"href":"https:\/\/www.univ-guyane.fr\/es\/wp-json\/wp\/v2\/posts\/8425\/revisions"}],"predecessor-version":[{"id":8431,"href":"https:\/\/www.univ-guyane.fr\/es\/wp-json\/wp\/v2\/posts\/8425\/revisions\/8431"}],"wp:featuredmedia":[{"embeddable":true,"href":"https:\/\/www.univ-guyane.fr\/es\/wp-json\/wp\/v2\/media\/8429"}],"wp:attachment":[{"href":"https:\/\/www.univ-guyane.fr\/es\/wp-json\/wp\/v2\/media?parent=8425"}],"wp:term":[{"taxonomy":"category","embeddable":true,"href":"https:\/\/www.univ-guyane.fr\/es\/wp-json\/wp\/v2\/categories?post=8425"},{"taxonomy":"post_tag","embeddable":true,"href":"https:\/\/www.univ-guyane.fr\/es\/wp-json\/wp\/v2\/tags?post=8425"}],"curies":[{"name":"wp","href":"https:\/\/api.w.org\/{rel}","templated":true}]}}