{"id":8442,"date":"2023-11-15T14:43:42","date_gmt":"2023-11-15T17:43:42","guid":{"rendered":"https:\/\/www.univ-guyane.fr\/?p=8442"},"modified":"2024-06-17T14:50:03","modified_gmt":"2024-06-17T17:50:03","slug":"luniversite-de-guyane-vous-ouvre-ses-portes","status":"publish","type":"post","link":"https:\/\/www.univ-guyane.fr\/es\/2023\/11\/15\/luniversite-de-guyane-vous-ouvre-ses-portes\/","title":{"rendered":"La Universidad de la Guayana Francesa le abre sus puertas"},"content":{"rendered":"<div id=\"fws_69f4ed3108735\"  data-column-margin=\"default\" data-midnight=\"dark\"  class=\"wpb_row vc_row-fluid vc_row\"  style=\"padding-top: 0px; padding-bottom: 0px; \"><div class=\"row-bg-wrap\" data-bg-animation=\"none\" data-bg-animation-delay=\"\" data-bg-overlay=\"false\"><div class=\"inner-wrap row-bg-layer\" ><div class=\"row-bg viewport-desktop\"  style=\"\"><\/div><\/div><\/div><div class=\"row_col_wrap_12 col span_12 dark left\">\n\t<div  class=\"vc_col-sm-12 wpb_column column_container vc_column_container col no-extra-padding inherit_tablet inherit_phone\"  data-padding-pos=\"all\" data-has-bg-color=\"false\" data-bg-color=\"\" data-bg-opacity=\"1\" data-animation=\"\" data-delay=\"0\" >\n\t\t<div class=\"vc_column-inner\" >\n\t\t\t<div class=\"wpb_wrapper\">\n\t\t\t\t\n<div class=\"wpb_text_column wpb_content_element  chapo\" >\n\t<div id=\"fws_65555929ac5dc\" class=\"wpb_row vc_row-fluid vc_row\" data-column-margin=\"default\" data-midnight=\"dark\">\n<div class=\"row_col_wrap_12 col span_12 dark left\">\n<div class=\"vc_col-sm-12 wpb_column column_container vc_column_container col no-extra-padding inherit_tablet inherit_phone\" data-padding-pos=\"all\" data-has-bg-color=\"false\" data-bg-color=\"\" data-bg-opacity=\"1\" data-animation=\"\" data-delay=\"0\">\n<div class=\"vc_column-inner\">\n<div class=\"wpb_wrapper\">\n<div class=\"wpb_text_column wpb_content_element\">\n<div class=\"wpb_wrapper\">\n<h2>El jueves 23 de noviembre de 2023, de 9.00 a 16.00 horas, el campus de Troubiran de la Universidad de Guyana abrir\u00e1 sus puertas para que descubras su oferta de cursos y servicios estudiantiles. Alumnos de bachillerato, futuros alumnos, estudiantes, \u00a1vuestro futuro empieza aqu\u00ed!<\/h2>\n<\/div>\n<\/div>\n<\/div>\n<\/div>\n<\/div>\n<\/div>\n<\/div>\n<div id=\"fws_65555929ac7a7\" class=\"wpb_row vc_row-fluid vc_row\" data-column-margin=\"default\" data-midnight=\"dark\">\n<div class=\"row-bg-wrap\" data-bg-animation=\"none\" data-bg-animation-delay=\"\" data-bg-overlay=\"false\">\n<div class=\"inner-wrap row-bg-layer\">\n<div class=\"row-bg viewport-desktop\"><\/div>\n<\/div>\n<\/div>\n<div class=\"row_col_wrap_12 col span_12 dark left\">\n<div class=\"vc_col-sm-12 wpb_column column_container vc_column_container col no-extra-padding inherit_tablet inherit_phone\" data-padding-pos=\"all\" data-has-bg-color=\"false\" data-bg-color=\"\" data-bg-opacity=\"1\" data-animation=\"\" data-delay=\"0\">\n<div class=\"vc_column-inner\">\n<div class=\"wpb_wrapper\">\n<div class=\"wpb_text_column wpb_content_element\">\n<div class=\"wpb_wrapper\">\n<div id=\"lipsum\"><\/div>\n<\/div>\n<\/div>\n<\/div>\n<\/div>\n<\/div>\n<\/div>\n<\/div>\n<\/div>\n\n\n\n\n<div class=\"wpb_text_column wpb_content_element\" >\n\t<div class=\"wpb_text_column wpb_content_element\">\n<div class=\"wpb_wrapper\">\n<div id=\"lipsum\">\n<span class=\"nectar-dropcap\" >L <\/span>o en nuestra Jornada de Puertas Abiertas, <strong>puede descubrir toda la oferta de cursos de la Universidad de Guyana<\/strong><strong>\u00a0<\/strong><strong>:<\/strong> licenciaturas, B.U.T., licenciaturas profesionales, m\u00e1steres, preparaci\u00f3n de oposiciones docentes, formaci\u00f3n en alternancia o reanudaci\u00f3n de estudios. Estudiantes, profesores, personal docente... \u00a1nuestros equipos responder\u00e1n a todas sus preguntas!<\/p>\n<p>La Jornada de Puertas Abiertas es una oportunidad esencial para planificar tus estudios, obtener respuestas a tus preguntas y tomar decisiones informadas. Tambi\u00e9n es una oportunidad para hablar con profesores, estudiantes y otros miembros del personal docente para obtener m\u00e1s informaci\u00f3n sobre el curso, los programas, las v\u00edas, los objetivos, las oportunidades de empleo y posibles estudios posteriores....<\/p>\n<p>Los JPO son tambi\u00e9n una oportunidad para descubrir la vida universitaria a trav\u00e9s de las numerosas actividades que se ofrecen (deporte, asociaciones de estudiantes, talleres culturales, etc.) y visitas de estudio al extranjero.<\/p>\n<\/div>\n<\/div>\n<\/div>\n<div class=\"wpb_text_column wpb_content_element vc_custom_1700071568314\">\n<div class=\"wpb_wrapper\">\n<h2><strong>Programa<\/strong><\/h2>\n<p><em>Entrada gratuita, no es necesario inscribirse.<\/em><\/p>\n<p>Se ofrecer\u00e1 al p\u00fablico un rico programa.<\/p>\n<p>A lo largo del d\u00eda se realizar\u00e1n visitas al campus.<\/p>\n<p>Se organizar\u00e1n actividades durante todo el d\u00eda:<\/p>\n<ul>\n<li>De 10.00 a 13.00 horas: actividades de sensibilizaci\u00f3n sobre la discapacidad<\/li>\n<li>De 10.00 a 15.00 horas: prueba musical a ciegas<\/li>\n<li>De 10.00 a 15.00 horas: concurso sobre la inserci\u00f3n profesional, el programa PEPITE, etc.<\/li>\n<li>De 13.30 a 15.30 h: talleres culturales (artes cinematogr\u00e1ficas, percusi\u00f3n, danza, artes pl\u00e1sticas, etc.)<\/li>\n<\/ul>\n<p>Venga a hablar con los equipos de nuestros departamentos de formaci\u00f3n e investigaci\u00f3n y de nuestros servicios a los estudiantes visitando su stand. Encontrar\u00e1s compa\u00f1eros del IUT, de los departamentos de Humanidades, Ciencias Jur\u00eddicas y Econ\u00f3micas, Ciencia y Tecnolog\u00eda y Salud, del INSPE, del Centro de Recursos Ling\u00fc\u00edsticos, de la Oficina de Relaciones Internacionales, de la Biblioteca Universitaria, del Departamento Digital y de nuestros servicios estudiantiles (salud, asociaciones estudiantiles, oficina de vida estudiantil, orientaci\u00f3n e inserci\u00f3n profesional, etc.).<\/p>\n<\/div>\n<\/div>\n<\/div>\n\n\n\n\n\t\t\t<\/div> \n\t\t<\/div>\n\t<\/div> \n<\/div><\/div>","protected":false},"excerpt":{"rendered":"El jueves 23 de noviembre de 2023, de 9.00 a 16.00 horas, el campus de Troubiran de la Universidad de...","protected":false},"author":1,"featured_media":8447,"comment_status":"closed","ping_status":"open","sticky":false,"template":"","format":"standard","meta":{"iawp_total_views":58,"footnotes":""},"categories":[152],"tags":[],"class_list":{"0":"post-8442","1":"post","2":"type-post","3":"status-publish","4":"format-standard","5":"has-post-thumbnail","7":"category-dosip"},"yoast_head":"<!-- This site is optimized with the Yoast SEO plugin v27.5 - https:\/\/yoast.com\/product\/yoast-seo-wordpress\/ -->\n<title>L\u2019Universit\u00e9 de Guyane vous ouvre ses portes &#8212; Universit\u00e9 de Guyane<\/title>\n<meta name=\"description\" content=\"Rencontrez notre \u00e9quipe p\u00e9dagogique et d\u00e9couvrez l&#039;offre de formation de l&#039;Universit\u00e9 de Guyane lors de notre Journ\u00e9e Portes Ouvertes.\" \/>\n<meta name=\"robots\" content=\"index, follow, max-snippet:-1, max-image-preview:large, max-video-preview:-1\" \/>\n<link rel=\"canonical\" href=\"https:\/\/www.univ-guyane.fr\/es\/2023\/11\/15\/luniversite-de-guyane-vous-ouvre-ses-portes\/\" \/>\n<meta property=\"og:locale\" content=\"es_ES\" \/>\n<meta property=\"og:type\" content=\"article\" \/>\n<meta property=\"og:title\" content=\"L\u2019Universit\u00e9 de Guyane vous ouvre ses portes &#8212; Universit\u00e9 de Guyane\" \/>\n<meta property=\"og:description\" content=\"Rencontrez notre \u00e9quipe p\u00e9dagogique et d\u00e9couvrez l&#039;offre de formation de l&#039;Universit\u00e9 de Guyane lors de notre Journ\u00e9e Portes Ouvertes.\" \/>\n<meta property=\"og:url\" content=\"https:\/\/www.univ-guyane.fr\/es\/2023\/11\/15\/luniversite-de-guyane-vous-ouvre-ses-portes\/\" \/>\n<meta property=\"og:site_name\" content=\"Universit\u00e9 de Guyane\" \/>\n<meta property=\"article:publisher\" content=\"https:\/\/www.facebook.com\/univguyane\" \/>\n<meta property=\"article:published_time\" content=\"2023-11-15T17:43:42+00:00\" \/>\n<meta property=\"article:modified_time\" content=\"2024-06-17T17:50:03+00:00\" \/>\n<meta property=\"og:image\" content=\"https:\/\/www.univ-guyane.fr\/wp-content\/uploads\/luniversite-de-guyane-vous-ouvre-ses-portes-universite-de-guyane-scaled-1.jpeg\" \/>\n\t<meta property=\"og:image:width\" content=\"2560\" \/>\n\t<meta property=\"og:image:height\" content=\"1441\" \/>\n\t<meta property=\"og:image:type\" content=\"image\/jpeg\" \/>\n<meta name=\"author\" content=\"Erick Loiti\u00e8re\" \/>\n<meta name=\"twitter:card\" content=\"summary_large_image\" \/>\n<meta name=\"twitter:creator\" content=\"@univguyane\" \/>\n<meta name=\"twitter:site\" content=\"@univguyane\" \/>\n<meta name=\"twitter:label1\" content=\"Escrito por\" \/>\n\t<meta name=\"twitter:data1\" content=\"Erick Loiti\u00e8re\" \/>\n\t<meta name=\"twitter:label2\" content=\"Tiempo de lectura\" \/>\n\t<meta name=\"twitter:data2\" content=\"3 minutos\" \/>\n<script type=\"application\/ld+json\" class=\"yoast-schema-graph\">{\"@context\":\"https:\\\/\\\/schema.org\",\"@graph\":[{\"@type\":\"Article\",\"@id\":\"https:\\\/\\\/www.univ-guyane.fr\\\/2023\\\/11\\\/15\\\/luniversite-de-guyane-vous-ouvre-ses-portes\\\/#article\",\"isPartOf\":{\"@id\":\"https:\\\/\\\/www.univ-guyane.fr\\\/2023\\\/11\\\/15\\\/luniversite-de-guyane-vous-ouvre-ses-portes\\\/\"},\"author\":{\"name\":\"Erick Loiti\u00e8re\",\"@id\":\"https:\\\/\\\/www.univ-guyane.fr\\\/#\\\/schema\\\/person\\\/86d946a28a8be51bb096ccfdf19db179\"},\"headline\":\"L\u2019Universit\u00e9 de Guyane vous ouvre ses portes\",\"datePublished\":\"2023-11-15T17:43:42+00:00\",\"dateModified\":\"2024-06-17T17:50:03+00:00\",\"mainEntityOfPage\":{\"@id\":\"https:\\\/\\\/www.univ-guyane.fr\\\/2023\\\/11\\\/15\\\/luniversite-de-guyane-vous-ouvre-ses-portes\\\/\"},\"wordCount\":563,\"publisher\":{\"@id\":\"https:\\\/\\\/www.univ-guyane.fr\\\/#organization\"},\"image\":{\"@id\":\"https:\\\/\\\/www.univ-guyane.fr\\\/2023\\\/11\\\/15\\\/luniversite-de-guyane-vous-ouvre-ses-portes\\\/#primaryimage\"},\"thumbnailUrl\":\"https:\\\/\\\/www.univ-guyane.fr\\\/wp-content\\\/uploads\\\/luniversite-de-guyane-vous-ouvre-ses-portes-universite-de-guyane-scaled-1.jpeg\",\"articleSection\":[\"\u2022 DOSIP\"],\"inLanguage\":\"es\"},{\"@type\":\"WebPage\",\"@id\":\"https:\\\/\\\/www.univ-guyane.fr\\\/2023\\\/11\\\/15\\\/luniversite-de-guyane-vous-ouvre-ses-portes\\\/\",\"url\":\"https:\\\/\\\/www.univ-guyane.fr\\\/2023\\\/11\\\/15\\\/luniversite-de-guyane-vous-ouvre-ses-portes\\\/\",\"name\":\"L\u2019Universit\u00e9 de Guyane vous ouvre ses portes &#8212; Universit\u00e9 de Guyane\",\"isPartOf\":{\"@id\":\"https:\\\/\\\/www.univ-guyane.fr\\\/#website\"},\"primaryImageOfPage\":{\"@id\":\"https:\\\/\\\/www.univ-guyane.fr\\\/2023\\\/11\\\/15\\\/luniversite-de-guyane-vous-ouvre-ses-portes\\\/#primaryimage\"},\"image\":{\"@id\":\"https:\\\/\\\/www.univ-guyane.fr\\\/2023\\\/11\\\/15\\\/luniversite-de-guyane-vous-ouvre-ses-portes\\\/#primaryimage\"},\"thumbnailUrl\":\"https:\\\/\\\/www.univ-guyane.fr\\\/wp-content\\\/uploads\\\/luniversite-de-guyane-vous-ouvre-ses-portes-universite-de-guyane-scaled-1.jpeg\",\"datePublished\":\"2023-11-15T17:43:42+00:00\",\"dateModified\":\"2024-06-17T17:50:03+00:00\",\"description\":\"Rencontrez notre \u00e9quipe p\u00e9dagogique et d\u00e9couvrez l'offre de formation de l'Universit\u00e9 de Guyane lors de notre Journ\u00e9e Portes Ouvertes.\",\"breadcrumb\":{\"@id\":\"https:\\\/\\\/www.univ-guyane.fr\\\/2023\\\/11\\\/15\\\/luniversite-de-guyane-vous-ouvre-ses-portes\\\/#breadcrumb\"},\"inLanguage\":\"es\",\"potentialAction\":[{\"@type\":\"ReadAction\",\"target\":[\"https:\\\/\\\/www.univ-guyane.fr\\\/2023\\\/11\\\/15\\\/luniversite-de-guyane-vous-ouvre-ses-portes\\\/\"]}]},{\"@type\":\"ImageObject\",\"inLanguage\":\"es\",\"@id\":\"https:\\\/\\\/www.univ-guyane.fr\\\/2023\\\/11\\\/15\\\/luniversite-de-guyane-vous-ouvre-ses-portes\\\/#primaryimage\",\"url\":\"https:\\\/\\\/www.univ-guyane.fr\\\/wp-content\\\/uploads\\\/luniversite-de-guyane-vous-ouvre-ses-portes-universite-de-guyane-scaled-1.jpeg\",\"contentUrl\":\"https:\\\/\\\/www.univ-guyane.fr\\\/wp-content\\\/uploads\\\/luniversite-de-guyane-vous-ouvre-ses-portes-universite-de-guyane-scaled-1.jpeg\",\"width\":2560,\"height\":1441,\"caption\":\"L\u2019Universit\u00e9 de Guyane vous ouvre ses portes\"},{\"@type\":\"BreadcrumbList\",\"@id\":\"https:\\\/\\\/www.univ-guyane.fr\\\/2023\\\/11\\\/15\\\/luniversite-de-guyane-vous-ouvre-ses-portes\\\/#breadcrumb\",\"itemListElement\":[{\"@type\":\"ListItem\",\"position\":1,\"name\":\"Accueil\",\"item\":\"https:\\\/\\\/www.univ-guyane.fr\\\/\"},{\"@type\":\"ListItem\",\"position\":2,\"name\":\"L\u2019Universit\u00e9 de Guyane vous ouvre ses portes\"}]},{\"@type\":\"WebSite\",\"@id\":\"https:\\\/\\\/www.univ-guyane.fr\\\/#website\",\"url\":\"https:\\\/\\\/www.univ-guyane.fr\\\/\",\"name\":\"Universit\u00e9 de Guyane\",\"description\":\"Au c\u0153ur de l&#039;amazonie\",\"publisher\":{\"@id\":\"https:\\\/\\\/www.univ-guyane.fr\\\/#organization\"},\"alternateName\":\"UG\",\"potentialAction\":[{\"@type\":\"SearchAction\",\"target\":{\"@type\":\"EntryPoint\",\"urlTemplate\":\"https:\\\/\\\/www.univ-guyane.fr\\\/?s={search_term_string}\"},\"query-input\":{\"@type\":\"PropertyValueSpecification\",\"valueRequired\":true,\"valueName\":\"search_term_string\"}}],\"inLanguage\":\"es\"},{\"@type\":\"Organization\",\"@id\":\"https:\\\/\\\/www.univ-guyane.fr\\\/#organization\",\"name\":\"Universit\u00e9 de Guyane\",\"alternateName\":\"UG\",\"url\":\"https:\\\/\\\/www.univ-guyane.fr\\\/\",\"logo\":{\"@type\":\"ImageObject\",\"inLanguage\":\"es\",\"@id\":\"https:\\\/\\\/www.univ-guyane.fr\\\/#\\\/schema\\\/logo\\\/image\\\/\",\"url\":\"https:\\\/\\\/www.univ-guyane.fr\\\/wp-content\\\/uploads\\\/2024\\\/05\\\/f.png\",\"contentUrl\":\"https:\\\/\\\/www.univ-guyane.fr\\\/wp-content\\\/uploads\\\/2024\\\/05\\\/f.png\",\"width\":1024,\"height\":1024,\"caption\":\"Universit\u00e9 de Guyane\"},\"image\":{\"@id\":\"https:\\\/\\\/www.univ-guyane.fr\\\/#\\\/schema\\\/logo\\\/image\\\/\"},\"sameAs\":[\"https:\\\/\\\/www.facebook.com\\\/univguyane\",\"https:\\\/\\\/x.com\\\/univguyane\",\"https:\\\/\\\/gf.linkedin.com\\\/school\\\/universite-de-guyane\\\/\",\"https:\\\/\\\/www.instagram.com\\\/univ_guyane\\\/\"]},{\"@type\":\"Person\",\"@id\":\"https:\\\/\\\/www.univ-guyane.fr\\\/#\\\/schema\\\/person\\\/86d946a28a8be51bb096ccfdf19db179\",\"name\":\"Erick Loiti\u00e8re\",\"image\":{\"@type\":\"ImageObject\",\"inLanguage\":\"es\",\"@id\":\"https:\\\/\\\/secure.gravatar.com\\\/avatar\\\/0584f332103fbeaf37e52c73b15dca3c547fd9300deb05764e9ad8714839d072?s=96&d=robohash&r=g\",\"url\":\"https:\\\/\\\/secure.gravatar.com\\\/avatar\\\/0584f332103fbeaf37e52c73b15dca3c547fd9300deb05764e9ad8714839d072?s=96&d=robohash&r=g\",\"contentUrl\":\"https:\\\/\\\/secure.gravatar.com\\\/avatar\\\/0584f332103fbeaf37e52c73b15dca3c547fd9300deb05764e9ad8714839d072?s=96&d=robohash&r=g\",\"caption\":\"Erick Loiti\u00e8re\"},\"sameAs\":[\"http:\\\/\\\/www.univ-guyane.fr\"],\"url\":\"https:\\\/\\\/www.univ-guyane.fr\\\/es\\\/author\\\/eloitierdbz\\\/\"}]}<\/script>\n<!-- \/ Yoast SEO plugin. -->","yoast_head_json":{"title":"La Universidad de la Guayana Francesa te abre sus puertas - Universit\u00e9 de Guyane","description":"Conozca a nuestro equipo docente e inf\u00f3rmese sobre la oferta de cursos de la Universidad de Guyana durante nuestra Jornada de Puertas Abiertas.","robots":{"index":"index","follow":"follow","max-snippet":"max-snippet:-1","max-image-preview":"max-image-preview:large","max-video-preview":"max-video-preview:-1"},"canonical":"https:\/\/www.univ-guyane.fr\/es\/2023\/11\/15\/luniversite-de-guyane-vous-ouvre-ses-portes\/","og_locale":"es_ES","og_type":"article","og_title":"L\u2019Universit\u00e9 de Guyane vous ouvre ses portes &#8212; Universit\u00e9 de Guyane","og_description":"Rencontrez notre \u00e9quipe p\u00e9dagogique et d\u00e9couvrez l'offre de formation de l'Universit\u00e9 de Guyane lors de notre Journ\u00e9e Portes Ouvertes.","og_url":"https:\/\/www.univ-guyane.fr\/es\/2023\/11\/15\/luniversite-de-guyane-vous-ouvre-ses-portes\/","og_site_name":"Universit\u00e9 de Guyane","article_publisher":"https:\/\/www.facebook.com\/univguyane","article_published_time":"2023-11-15T17:43:42+00:00","article_modified_time":"2024-06-17T17:50:03+00:00","og_image":[{"width":2560,"height":1441,"url":"https:\/\/www.univ-guyane.fr\/wp-content\/uploads\/luniversite-de-guyane-vous-ouvre-ses-portes-universite-de-guyane-scaled-1.jpeg","type":"image\/jpeg"}],"author":"Erick Loiti\u00e8re","twitter_card":"summary_large_image","twitter_creator":"@univguyane","twitter_site":"@univguyane","twitter_misc":{"Escrito por":"Erick Loiti\u00e8re","Tiempo de lectura":"3 minutos"},"schema":{"@context":"https:\/\/schema.org","@graph":[{"@type":"Article","@id":"https:\/\/www.univ-guyane.fr\/2023\/11\/15\/luniversite-de-guyane-vous-ouvre-ses-portes\/#article","isPartOf":{"@id":"https:\/\/www.univ-guyane.fr\/2023\/11\/15\/luniversite-de-guyane-vous-ouvre-ses-portes\/"},"author":{"name":"Erick Loiti\u00e8re","@id":"https:\/\/www.univ-guyane.fr\/#\/schema\/person\/86d946a28a8be51bb096ccfdf19db179"},"headline":"L\u2019Universit\u00e9 de Guyane vous ouvre ses portes","datePublished":"2023-11-15T17:43:42+00:00","dateModified":"2024-06-17T17:50:03+00:00","mainEntityOfPage":{"@id":"https:\/\/www.univ-guyane.fr\/2023\/11\/15\/luniversite-de-guyane-vous-ouvre-ses-portes\/"},"wordCount":563,"publisher":{"@id":"https:\/\/www.univ-guyane.fr\/#organization"},"image":{"@id":"https:\/\/www.univ-guyane.fr\/2023\/11\/15\/luniversite-de-guyane-vous-ouvre-ses-portes\/#primaryimage"},"thumbnailUrl":"https:\/\/www.univ-guyane.fr\/wp-content\/uploads\/luniversite-de-guyane-vous-ouvre-ses-portes-universite-de-guyane-scaled-1.jpeg","articleSection":["\u2022 DOSIP"],"inLanguage":"es"},{"@type":"WebPage","@id":"https:\/\/www.univ-guyane.fr\/2023\/11\/15\/luniversite-de-guyane-vous-ouvre-ses-portes\/","url":"https:\/\/www.univ-guyane.fr\/2023\/11\/15\/luniversite-de-guyane-vous-ouvre-ses-portes\/","name":"La Universidad de la Guayana Francesa te abre sus puertas - Universit\u00e9 de Guyane","isPartOf":{"@id":"https:\/\/www.univ-guyane.fr\/#website"},"primaryImageOfPage":{"@id":"https:\/\/www.univ-guyane.fr\/2023\/11\/15\/luniversite-de-guyane-vous-ouvre-ses-portes\/#primaryimage"},"image":{"@id":"https:\/\/www.univ-guyane.fr\/2023\/11\/15\/luniversite-de-guyane-vous-ouvre-ses-portes\/#primaryimage"},"thumbnailUrl":"https:\/\/www.univ-guyane.fr\/wp-content\/uploads\/luniversite-de-guyane-vous-ouvre-ses-portes-universite-de-guyane-scaled-1.jpeg","datePublished":"2023-11-15T17:43:42+00:00","dateModified":"2024-06-17T17:50:03+00:00","description":"Conozca a nuestro equipo docente e inf\u00f3rmese sobre la oferta de cursos de la Universidad de Guyana durante nuestra Jornada de Puertas Abiertas.","breadcrumb":{"@id":"https:\/\/www.univ-guyane.fr\/2023\/11\/15\/luniversite-de-guyane-vous-ouvre-ses-portes\/#breadcrumb"},"inLanguage":"es","potentialAction":[{"@type":"ReadAction","target":["https:\/\/www.univ-guyane.fr\/2023\/11\/15\/luniversite-de-guyane-vous-ouvre-ses-portes\/"]}]},{"@type":"ImageObject","inLanguage":"es","@id":"https:\/\/www.univ-guyane.fr\/2023\/11\/15\/luniversite-de-guyane-vous-ouvre-ses-portes\/#primaryimage","url":"https:\/\/www.univ-guyane.fr\/wp-content\/uploads\/luniversite-de-guyane-vous-ouvre-ses-portes-universite-de-guyane-scaled-1.jpeg","contentUrl":"https:\/\/www.univ-guyane.fr\/wp-content\/uploads\/luniversite-de-guyane-vous-ouvre-ses-portes-universite-de-guyane-scaled-1.jpeg","width":2560,"height":1441,"caption":"L\u2019Universit\u00e9 de Guyane vous ouvre ses portes"},{"@type":"BreadcrumbList","@id":"https:\/\/www.univ-guyane.fr\/2023\/11\/15\/luniversite-de-guyane-vous-ouvre-ses-portes\/#breadcrumb","itemListElement":[{"@type":"ListItem","position":1,"name":"Accueil","item":"https:\/\/www.univ-guyane.fr\/"},{"@type":"ListItem","position":2,"name":"L\u2019Universit\u00e9 de Guyane vous ouvre ses portes"}]},{"@type":"WebSite","@id":"https:\/\/www.univ-guyane.fr\/#website","url":"https:\/\/www.univ-guyane.fr\/","name":"Universidad de Guyana","description":"En el coraz\u00f3n de la Amazonia","publisher":{"@id":"https:\/\/www.univ-guyane.fr\/#organization"},"alternateName":"UG","potentialAction":[{"@type":"SearchAction","target":{"@type":"EntryPoint","urlTemplate":"https:\/\/www.univ-guyane.fr\/?s={search_term_string}"},"query-input":{"@type":"PropertyValueSpecification","valueRequired":true,"valueName":"search_term_string"}}],"inLanguage":"es"},{"@type":"Organization","@id":"https:\/\/www.univ-guyane.fr\/#organization","name":"Universidad de Guyana","alternateName":"UG","url":"https:\/\/www.univ-guyane.fr\/","logo":{"@type":"ImageObject","inLanguage":"es","@id":"https:\/\/www.univ-guyane.fr\/#\/schema\/logo\/image\/","url":"https:\/\/www.univ-guyane.fr\/wp-content\/uploads\/2024\/05\/f.png","contentUrl":"https:\/\/www.univ-guyane.fr\/wp-content\/uploads\/2024\/05\/f.png","width":1024,"height":1024,"caption":"Universit\u00e9 de Guyane"},"image":{"@id":"https:\/\/www.univ-guyane.fr\/#\/schema\/logo\/image\/"},"sameAs":["https:\/\/www.facebook.com\/univguyane","https:\/\/x.com\/univguyane","https:\/\/gf.linkedin.com\/school\/universite-de-guyane\/","https:\/\/www.instagram.com\/univ_guyane\/"]},{"@type":"Person","@id":"https:\/\/www.univ-guyane.fr\/#\/schema\/person\/86d946a28a8be51bb096ccfdf19db179","name":"Erick Loiti\u00e8re","image":{"@type":"ImageObject","inLanguage":"es","@id":"https:\/\/secure.gravatar.com\/avatar\/0584f332103fbeaf37e52c73b15dca3c547fd9300deb05764e9ad8714839d072?s=96&d=robohash&r=g","url":"https:\/\/secure.gravatar.com\/avatar\/0584f332103fbeaf37e52c73b15dca3c547fd9300deb05764e9ad8714839d072?s=96&d=robohash&r=g","contentUrl":"https:\/\/secure.gravatar.com\/avatar\/0584f332103fbeaf37e52c73b15dca3c547fd9300deb05764e9ad8714839d072?s=96&d=robohash&r=g","caption":"Erick Loiti\u00e8re"},"sameAs":["http:\/\/www.univ-guyane.fr"],"url":"https:\/\/www.univ-guyane.fr\/es\/author\/eloitierdbz\/"}]}},"_links":{"self":[{"href":"https:\/\/www.univ-guyane.fr\/es\/wp-json\/wp\/v2\/posts\/8442","targetHints":{"allow":["GET"]}}],"collection":[{"href":"https:\/\/www.univ-guyane.fr\/es\/wp-json\/wp\/v2\/posts"}],"about":[{"href":"https:\/\/www.univ-guyane.fr\/es\/wp-json\/wp\/v2\/types\/post"}],"author":[{"embeddable":true,"href":"https:\/\/www.univ-guyane.fr\/es\/wp-json\/wp\/v2\/users\/1"}],"replies":[{"embeddable":true,"href":"https:\/\/www.univ-guyane.fr\/es\/wp-json\/wp\/v2\/comments?post=8442"}],"version-history":[{"count":2,"href":"https:\/\/www.univ-guyane.fr\/es\/wp-json\/wp\/v2\/posts\/8442\/revisions"}],"predecessor-version":[{"id":8448,"href":"https:\/\/www.univ-guyane.fr\/es\/wp-json\/wp\/v2\/posts\/8442\/revisions\/8448"}],"wp:featuredmedia":[{"embeddable":true,"href":"https:\/\/www.univ-guyane.fr\/es\/wp-json\/wp\/v2\/media\/8447"}],"wp:attachment":[{"href":"https:\/\/www.univ-guyane.fr\/es\/wp-json\/wp\/v2\/media?parent=8442"}],"wp:term":[{"taxonomy":"category","embeddable":true,"href":"https:\/\/www.univ-guyane.fr\/es\/wp-json\/wp\/v2\/categories?post=8442"},{"taxonomy":"post_tag","embeddable":true,"href":"https:\/\/www.univ-guyane.fr\/es\/wp-json\/wp\/v2\/tags?post=8442"}],"curies":[{"name":"wp","href":"https:\/\/api.w.org\/{rel}","templated":true}]}}