{"id":8449,"date":"2023-11-10T14:54:06","date_gmt":"2023-11-10T17:54:06","guid":{"rendered":"https:\/\/www.univ-guyane.fr\/?p=8449"},"modified":"2024-06-17T15:05:03","modified_gmt":"2024-06-17T18:05:03","slug":"premiere-journee-annuelle-aibsi-a-luniversite-de-guyane","status":"publish","type":"post","link":"https:\/\/www.univ-guyane.fr\/es\/2023\/11\/10\/premiere-journee-annuelle-aibsi-a-luniversite-de-guyane\/","title":{"rendered":"Primer D\u00eda Anual de la AIBSI en la Universidad de Guyana"},"content":{"rendered":"<div id=\"fws_69f221049d181\"  data-column-margin=\"default\" data-midnight=\"dark\"  class=\"wpb_row vc_row-fluid vc_row\"  style=\"padding-top: 0px; padding-bottom: 0px; \"><div class=\"row-bg-wrap\" data-bg-animation=\"none\" data-bg-animation-delay=\"\" data-bg-overlay=\"false\"><div class=\"inner-wrap row-bg-layer\" ><div class=\"row-bg viewport-desktop\"  style=\"\"><\/div><\/div><\/div><div class=\"row_col_wrap_12 col span_12 dark left\">\n\t<div  class=\"vc_col-sm-12 wpb_column column_container vc_column_container col no-extra-padding inherit_tablet inherit_phone\"  data-padding-pos=\"all\" data-has-bg-color=\"false\" data-bg-color=\"\" data-bg-opacity=\"1\" data-animation=\"\" data-delay=\"0\" >\n\t\t<div class=\"vc_column-inner\" >\n\t\t\t<div class=\"wpb_wrapper\">\n\t\t\t\t\n<div class=\"wpb_text_column wpb_content_element  chapo\" >\n\t<h2>El jueves 16 de noviembre, en la primera Jornada anual del AIBSI (Instituto Amaz\u00f3nico de Biodiversidad e Innovaci\u00f3n Sostenible), la Universidad de Guayana Francesa acoger\u00e1 a los organismos de investigaci\u00f3n y socios institucionales de la regi\u00f3n para examinar la marcha del proyecto AIBSI en 2023 y definir las orientaciones estrat\u00e9gicas para 2024. La reuni\u00f3n tendr\u00e1 lugar de 9.00 a 16.30 horas en la sala de juntas del edificio de la Administraci\u00f3n General.<\/h2>\n<\/div>\n\n\n\n\n<div class=\"wpb_text_column wpb_content_element\" >\n\t<p><span class=\"nectar-dropcap\" >L <\/span>ste acontecimiento se produce tras la concesi\u00f3n en enero de 2023 por la Agencia Nacional de Investigaci\u00f3n francesa, a trav\u00e9s de su programa \"ExcellencES\", de una subvenci\u00f3n de 14 millones de euros a la Universidad de Guayana Francesa, con el objetivo de convertirla en un actor clave en los sectores de la biodiversidad y la innovaci\u00f3n sostenible en la Amazonia y, al mismo tiempo, en un escaparate de la excelencia cient\u00edfica en Francia y Europa.<\/p>\n<p>La Conferencia Anual comenzar\u00e1 con una mesa redonda entre representantes de los miembros del consorcio AIBSI.<\/p>\n<p>A continuaci\u00f3n tendr\u00e1 lugar la ceremonia oficial de firma de los acuerdos de asociaci\u00f3n de la AIBSI entre la Universidad de Guayana Francesa, la Collectivit\u00e9 Territoriale de Guyane (CTG), Guyane D\u00e9veloppement Innovation (GDI), el Centre National d'Etudes Spatiales (CNES) y el Centre National de la Recherche Scientifique (CNRS), IFREMER, AGROPARISTECH, Institut National pour la Recherche Agronomique (INRAE), Centre de coop\u00e9ration internationale en recherche agronomique pour le d\u00e9veloppement (CIRAD), Institut de Recherche pour le D\u00e9veloppement (IRD) e Institut Pasteur.<\/p>\n<p>Estos acuerdos consolidar\u00e1n la reputaci\u00f3n de excelencia cient\u00edfica y transdisciplinariedad de la AIBSI, creando sinergias entre la investigaci\u00f3n, la formaci\u00f3n y los sectores socioecon\u00f3micos para hacer de Guayana Francesa un actor clave de la innovaci\u00f3n sostenible.<\/p>\n<p>El informe de situaci\u00f3n evaluar\u00e1 los progresos realizados en la ejecuci\u00f3n del proyecto desde que se asignaron los fondos de la ANR. Adem\u00e1s de la creaci\u00f3n de una c\u00e1tedra cient\u00edfica sobre el \"impacto del cambio clim\u00e1tico en la biodiversidad\", 13 proyectos de investigaci\u00f3n se han beneficiado de la financiaci\u00f3n del AIBSI sobre temas tan variados como la eficiencia energ\u00e9tica en el entorno amaz\u00f3nico, el dise\u00f1o de productos innovadores a base de cupua\u00e7u y cacao en la Guayana Francesa, la diversidad social y la biodiversidad en la pesca en el Escudo Guayan\u00e9s, y la vigilancia epidemiol\u00f3gica utilizando tecnolog\u00edas innovadoras como la metabarcodificaci\u00f3n del ADN ambiental y la inteligencia artificial. A partir de este a\u00f1o, dos doctorandos se beneficiar\u00e1n tambi\u00e9n de becas de doctorado de tres a\u00f1os financiadas por el proyecto AIBSI.<\/p>\n<p>Tambi\u00e9n est\u00e1n en marcha otras iniciativas, como el apoyo al refuerzo de la capacidad docente del m\u00e1ster de Ingenier\u00eda Civil y Construcci\u00f3n Sostenible en colaboraci\u00f3n con el CNAM.<\/p>\n<p>Para 2024, los protagonistas debatir\u00e1n nuevas prioridades como el desarrollo de programas de pr\u00e1cticas y movilidad para estudiantes de m\u00e1ster y doctorado, la estrategia de internacionalizaci\u00f3n de AIBSI con sus vecinos de la subregi\u00f3n (Brasil, Surinam, Guyana) y la creaci\u00f3n de un Comm'On Lab para reforzar el v\u00ednculo entre ciencia y sociedad.<\/p>\n<\/div>\n\n\n\n\n\t\t\t<\/div> \n\t\t<\/div>\n\t<\/div> \n<\/div><\/div>","protected":false},"excerpt":{"rendered":"El jueves 16 de noviembre, en la primera edici\u00f3n anual del AIBSI (Instituto Amaz\u00f3nico de...)","protected":false},"author":1,"featured_media":8450,"comment_status":"closed","ping_status":"open","sticky":false,"template":"","format":"standard","meta":{"iawp_total_views":27,"footnotes":""},"categories":[146],"tags":[],"class_list":{"0":"post-8449","1":"post","2":"type-post","3":"status-publish","4":"format-standard","5":"has-post-thumbnail","7":"category-aibsi"},"yoast_head":"<!-- This site is optimized with the Yoast SEO plugin v27.5 - https:\/\/yoast.com\/product\/yoast-seo-wordpress\/ -->\n<title>Premi\u00e8re Journ\u00e9e Annuelle AIBSI \u00e0 l\u2019Universit\u00e9 de Guyane &#8212; Universit\u00e9 de Guyane<\/title>\n<meta name=\"description\" content=\"D\u00e9couvrez la premi\u00e8re journ\u00e9e annuelle AIBSI. Un \u00e9v\u00e9nement majeur pour mettre en valeur l&#039;excellence scientifique en Guyane.\" \/>\n<meta name=\"robots\" content=\"index, follow, max-snippet:-1, max-image-preview:large, max-video-preview:-1\" \/>\n<link rel=\"canonical\" href=\"https:\/\/www.univ-guyane.fr\/es\/2023\/11\/10\/premiere-journee-annuelle-aibsi-a-luniversite-de-guyane\/\" \/>\n<meta property=\"og:locale\" content=\"es_ES\" \/>\n<meta property=\"og:type\" content=\"article\" \/>\n<meta property=\"og:title\" content=\"Premi\u00e8re Journ\u00e9e Annuelle AIBSI \u00e0 l\u2019Universit\u00e9 de Guyane &#8212; Universit\u00e9 de Guyane\" \/>\n<meta property=\"og:description\" content=\"D\u00e9couvrez la premi\u00e8re journ\u00e9e annuelle AIBSI. Un \u00e9v\u00e9nement majeur pour mettre en valeur l&#039;excellence scientifique en Guyane.\" \/>\n<meta property=\"og:url\" content=\"https:\/\/www.univ-guyane.fr\/es\/2023\/11\/10\/premiere-journee-annuelle-aibsi-a-luniversite-de-guyane\/\" \/>\n<meta property=\"og:site_name\" content=\"Universit\u00e9 de Guyane\" \/>\n<meta property=\"article:publisher\" content=\"https:\/\/www.facebook.com\/univguyane\" \/>\n<meta property=\"article:published_time\" content=\"2023-11-10T17:54:06+00:00\" \/>\n<meta property=\"article:modified_time\" content=\"2024-06-17T18:05:03+00:00\" \/>\n<meta property=\"og:image\" content=\"https:\/\/www.univ-guyane.fr\/wp-content\/uploads\/premiere-journee-annuelle-aibsi-a-luniversite-de-guyane-universite-de-guyane-1024x576.jpeg\" \/>\n\t<meta property=\"og:image:width\" content=\"1024\" \/>\n\t<meta property=\"og:image:height\" content=\"576\" \/>\n\t<meta property=\"og:image:type\" content=\"image\/jpeg\" \/>\n<meta name=\"author\" content=\"Erick Loiti\u00e8re\" \/>\n<meta name=\"twitter:card\" content=\"summary_large_image\" \/>\n<meta name=\"twitter:creator\" content=\"@univguyane\" \/>\n<meta name=\"twitter:site\" content=\"@univguyane\" \/>\n<meta name=\"twitter:label1\" content=\"Escrito por\" \/>\n\t<meta name=\"twitter:data1\" content=\"Erick Loiti\u00e8re\" \/>\n\t<meta name=\"twitter:label2\" content=\"Tiempo de lectura\" \/>\n\t<meta name=\"twitter:data2\" content=\"3 minutos\" \/>\n<script type=\"application\/ld+json\" class=\"yoast-schema-graph\">{\"@context\":\"https:\\\/\\\/schema.org\",\"@graph\":[{\"@type\":\"Article\",\"@id\":\"https:\\\/\\\/www.univ-guyane.fr\\\/2023\\\/11\\\/10\\\/premiere-journee-annuelle-aibsi-a-luniversite-de-guyane\\\/#article\",\"isPartOf\":{\"@id\":\"https:\\\/\\\/www.univ-guyane.fr\\\/2023\\\/11\\\/10\\\/premiere-journee-annuelle-aibsi-a-luniversite-de-guyane\\\/\"},\"author\":{\"name\":\"Erick Loiti\u00e8re\",\"@id\":\"https:\\\/\\\/www.univ-guyane.fr\\\/#\\\/schema\\\/person\\\/86d946a28a8be51bb096ccfdf19db179\"},\"headline\":\"Premi\u00e8re Journ\u00e9e Annuelle AIBSI \u00e0 l\u2019Universit\u00e9 de Guyane\",\"datePublished\":\"2023-11-10T17:54:06+00:00\",\"dateModified\":\"2024-06-17T18:05:03+00:00\",\"mainEntityOfPage\":{\"@id\":\"https:\\\/\\\/www.univ-guyane.fr\\\/2023\\\/11\\\/10\\\/premiere-journee-annuelle-aibsi-a-luniversite-de-guyane\\\/\"},\"wordCount\":723,\"publisher\":{\"@id\":\"https:\\\/\\\/www.univ-guyane.fr\\\/#organization\"},\"image\":{\"@id\":\"https:\\\/\\\/www.univ-guyane.fr\\\/2023\\\/11\\\/10\\\/premiere-journee-annuelle-aibsi-a-luniversite-de-guyane\\\/#primaryimage\"},\"thumbnailUrl\":\"https:\\\/\\\/www.univ-guyane.fr\\\/wp-content\\\/uploads\\\/premiere-journee-annuelle-aibsi-a-luniversite-de-guyane-universite-de-guyane.jpeg\",\"articleSection\":[\"\u2022 AIBSI\"],\"inLanguage\":\"es\"},{\"@type\":\"WebPage\",\"@id\":\"https:\\\/\\\/www.univ-guyane.fr\\\/2023\\\/11\\\/10\\\/premiere-journee-annuelle-aibsi-a-luniversite-de-guyane\\\/\",\"url\":\"https:\\\/\\\/www.univ-guyane.fr\\\/2023\\\/11\\\/10\\\/premiere-journee-annuelle-aibsi-a-luniversite-de-guyane\\\/\",\"name\":\"Premi\u00e8re Journ\u00e9e Annuelle AIBSI \u00e0 l\u2019Universit\u00e9 de Guyane &#8212; Universit\u00e9 de Guyane\",\"isPartOf\":{\"@id\":\"https:\\\/\\\/www.univ-guyane.fr\\\/#website\"},\"primaryImageOfPage\":{\"@id\":\"https:\\\/\\\/www.univ-guyane.fr\\\/2023\\\/11\\\/10\\\/premiere-journee-annuelle-aibsi-a-luniversite-de-guyane\\\/#primaryimage\"},\"image\":{\"@id\":\"https:\\\/\\\/www.univ-guyane.fr\\\/2023\\\/11\\\/10\\\/premiere-journee-annuelle-aibsi-a-luniversite-de-guyane\\\/#primaryimage\"},\"thumbnailUrl\":\"https:\\\/\\\/www.univ-guyane.fr\\\/wp-content\\\/uploads\\\/premiere-journee-annuelle-aibsi-a-luniversite-de-guyane-universite-de-guyane.jpeg\",\"datePublished\":\"2023-11-10T17:54:06+00:00\",\"dateModified\":\"2024-06-17T18:05:03+00:00\",\"description\":\"D\u00e9couvrez la premi\u00e8re journ\u00e9e annuelle AIBSI. Un \u00e9v\u00e9nement majeur pour mettre en valeur l'excellence scientifique en Guyane.\",\"breadcrumb\":{\"@id\":\"https:\\\/\\\/www.univ-guyane.fr\\\/2023\\\/11\\\/10\\\/premiere-journee-annuelle-aibsi-a-luniversite-de-guyane\\\/#breadcrumb\"},\"inLanguage\":\"es\",\"potentialAction\":[{\"@type\":\"ReadAction\",\"target\":[\"https:\\\/\\\/www.univ-guyane.fr\\\/2023\\\/11\\\/10\\\/premiere-journee-annuelle-aibsi-a-luniversite-de-guyane\\\/\"]}]},{\"@type\":\"ImageObject\",\"inLanguage\":\"es\",\"@id\":\"https:\\\/\\\/www.univ-guyane.fr\\\/2023\\\/11\\\/10\\\/premiere-journee-annuelle-aibsi-a-luniversite-de-guyane\\\/#primaryimage\",\"url\":\"https:\\\/\\\/www.univ-guyane.fr\\\/wp-content\\\/uploads\\\/premiere-journee-annuelle-aibsi-a-luniversite-de-guyane-universite-de-guyane.jpeg\",\"contentUrl\":\"https:\\\/\\\/www.univ-guyane.fr\\\/wp-content\\\/uploads\\\/premiere-journee-annuelle-aibsi-a-luniversite-de-guyane-universite-de-guyane.jpeg\",\"width\":1800,\"height\":1013,\"caption\":\"Premi\u00e8re Journ\u00e9e Annuelle AIBSI \u00e0 l\u2019Universit\u00e9 de Guyane\"},{\"@type\":\"BreadcrumbList\",\"@id\":\"https:\\\/\\\/www.univ-guyane.fr\\\/2023\\\/11\\\/10\\\/premiere-journee-annuelle-aibsi-a-luniversite-de-guyane\\\/#breadcrumb\",\"itemListElement\":[{\"@type\":\"ListItem\",\"position\":1,\"name\":\"Accueil\",\"item\":\"https:\\\/\\\/www.univ-guyane.fr\\\/\"},{\"@type\":\"ListItem\",\"position\":2,\"name\":\"Premi\u00e8re Journ\u00e9e Annuelle AIBSI \u00e0 l\u2019Universit\u00e9 de Guyane\"}]},{\"@type\":\"WebSite\",\"@id\":\"https:\\\/\\\/www.univ-guyane.fr\\\/#website\",\"url\":\"https:\\\/\\\/www.univ-guyane.fr\\\/\",\"name\":\"Universit\u00e9 de Guyane\",\"description\":\"Au c\u0153ur de l&#039;amazonie\",\"publisher\":{\"@id\":\"https:\\\/\\\/www.univ-guyane.fr\\\/#organization\"},\"alternateName\":\"UG\",\"potentialAction\":[{\"@type\":\"SearchAction\",\"target\":{\"@type\":\"EntryPoint\",\"urlTemplate\":\"https:\\\/\\\/www.univ-guyane.fr\\\/?s={search_term_string}\"},\"query-input\":{\"@type\":\"PropertyValueSpecification\",\"valueRequired\":true,\"valueName\":\"search_term_string\"}}],\"inLanguage\":\"es\"},{\"@type\":\"Organization\",\"@id\":\"https:\\\/\\\/www.univ-guyane.fr\\\/#organization\",\"name\":\"Universit\u00e9 de Guyane\",\"alternateName\":\"UG\",\"url\":\"https:\\\/\\\/www.univ-guyane.fr\\\/\",\"logo\":{\"@type\":\"ImageObject\",\"inLanguage\":\"es\",\"@id\":\"https:\\\/\\\/www.univ-guyane.fr\\\/#\\\/schema\\\/logo\\\/image\\\/\",\"url\":\"https:\\\/\\\/www.univ-guyane.fr\\\/wp-content\\\/uploads\\\/2024\\\/05\\\/f.png\",\"contentUrl\":\"https:\\\/\\\/www.univ-guyane.fr\\\/wp-content\\\/uploads\\\/2024\\\/05\\\/f.png\",\"width\":1024,\"height\":1024,\"caption\":\"Universit\u00e9 de Guyane\"},\"image\":{\"@id\":\"https:\\\/\\\/www.univ-guyane.fr\\\/#\\\/schema\\\/logo\\\/image\\\/\"},\"sameAs\":[\"https:\\\/\\\/www.facebook.com\\\/univguyane\",\"https:\\\/\\\/x.com\\\/univguyane\",\"https:\\\/\\\/gf.linkedin.com\\\/school\\\/universite-de-guyane\\\/\",\"https:\\\/\\\/www.instagram.com\\\/univ_guyane\\\/\"]},{\"@type\":\"Person\",\"@id\":\"https:\\\/\\\/www.univ-guyane.fr\\\/#\\\/schema\\\/person\\\/86d946a28a8be51bb096ccfdf19db179\",\"name\":\"Erick Loiti\u00e8re\",\"image\":{\"@type\":\"ImageObject\",\"inLanguage\":\"es\",\"@id\":\"https:\\\/\\\/secure.gravatar.com\\\/avatar\\\/0584f332103fbeaf37e52c73b15dca3c547fd9300deb05764e9ad8714839d072?s=96&d=robohash&r=g\",\"url\":\"https:\\\/\\\/secure.gravatar.com\\\/avatar\\\/0584f332103fbeaf37e52c73b15dca3c547fd9300deb05764e9ad8714839d072?s=96&d=robohash&r=g\",\"contentUrl\":\"https:\\\/\\\/secure.gravatar.com\\\/avatar\\\/0584f332103fbeaf37e52c73b15dca3c547fd9300deb05764e9ad8714839d072?s=96&d=robohash&r=g\",\"caption\":\"Erick Loiti\u00e8re\"},\"sameAs\":[\"http:\\\/\\\/www.univ-guyane.fr\"],\"url\":\"https:\\\/\\\/www.univ-guyane.fr\\\/es\\\/author\\\/eloitierdbz\\\/\"}]}<\/script>\n<!-- \/ Yoast SEO plugin. -->","yoast_head_json":{"title":"Premi\u00e8re Journ\u00e9e Annuelle AIBSI \u00e0 l\u2019Universit\u00e9 de Guyane &#8212; Universit\u00e9 de Guyane","description":"D\u00e9couvrez la premi\u00e8re journ\u00e9e annuelle AIBSI. Un \u00e9v\u00e9nement majeur pour mettre en valeur l'excellence scientifique en Guyane.","robots":{"index":"index","follow":"follow","max-snippet":"max-snippet:-1","max-image-preview":"max-image-preview:large","max-video-preview":"max-video-preview:-1"},"canonical":"https:\/\/www.univ-guyane.fr\/es\/2023\/11\/10\/premiere-journee-annuelle-aibsi-a-luniversite-de-guyane\/","og_locale":"es_ES","og_type":"article","og_title":"Premi\u00e8re Journ\u00e9e Annuelle AIBSI \u00e0 l\u2019Universit\u00e9 de Guyane &#8212; Universit\u00e9 de Guyane","og_description":"D\u00e9couvrez la premi\u00e8re journ\u00e9e annuelle AIBSI. Un \u00e9v\u00e9nement majeur pour mettre en valeur l'excellence scientifique en Guyane.","og_url":"https:\/\/www.univ-guyane.fr\/es\/2023\/11\/10\/premiere-journee-annuelle-aibsi-a-luniversite-de-guyane\/","og_site_name":"Universit\u00e9 de Guyane","article_publisher":"https:\/\/www.facebook.com\/univguyane","article_published_time":"2023-11-10T17:54:06+00:00","article_modified_time":"2024-06-17T18:05:03+00:00","og_image":[{"width":1024,"height":576,"url":"https:\/\/www.univ-guyane.fr\/wp-content\/uploads\/premiere-journee-annuelle-aibsi-a-luniversite-de-guyane-universite-de-guyane-1024x576.jpeg","type":"image\/jpeg"}],"author":"Erick Loiti\u00e8re","twitter_card":"summary_large_image","twitter_creator":"@univguyane","twitter_site":"@univguyane","twitter_misc":{"Escrito por":"Erick Loiti\u00e8re","Tiempo de lectura":"3 minutos"},"schema":{"@context":"https:\/\/schema.org","@graph":[{"@type":"Article","@id":"https:\/\/www.univ-guyane.fr\/2023\/11\/10\/premiere-journee-annuelle-aibsi-a-luniversite-de-guyane\/#article","isPartOf":{"@id":"https:\/\/www.univ-guyane.fr\/2023\/11\/10\/premiere-journee-annuelle-aibsi-a-luniversite-de-guyane\/"},"author":{"name":"Erick Loiti\u00e8re","@id":"https:\/\/www.univ-guyane.fr\/#\/schema\/person\/86d946a28a8be51bb096ccfdf19db179"},"headline":"Premi\u00e8re Journ\u00e9e Annuelle AIBSI \u00e0 l\u2019Universit\u00e9 de Guyane","datePublished":"2023-11-10T17:54:06+00:00","dateModified":"2024-06-17T18:05:03+00:00","mainEntityOfPage":{"@id":"https:\/\/www.univ-guyane.fr\/2023\/11\/10\/premiere-journee-annuelle-aibsi-a-luniversite-de-guyane\/"},"wordCount":723,"publisher":{"@id":"https:\/\/www.univ-guyane.fr\/#organization"},"image":{"@id":"https:\/\/www.univ-guyane.fr\/2023\/11\/10\/premiere-journee-annuelle-aibsi-a-luniversite-de-guyane\/#primaryimage"},"thumbnailUrl":"https:\/\/www.univ-guyane.fr\/wp-content\/uploads\/premiere-journee-annuelle-aibsi-a-luniversite-de-guyane-universite-de-guyane.jpeg","articleSection":["\u2022 AIBSI"],"inLanguage":"es"},{"@type":"WebPage","@id":"https:\/\/www.univ-guyane.fr\/2023\/11\/10\/premiere-journee-annuelle-aibsi-a-luniversite-de-guyane\/","url":"https:\/\/www.univ-guyane.fr\/2023\/11\/10\/premiere-journee-annuelle-aibsi-a-luniversite-de-guyane\/","name":"Premi\u00e8re Journ\u00e9e Annuelle AIBSI \u00e0 l\u2019Universit\u00e9 de Guyane &#8212; Universit\u00e9 de Guyane","isPartOf":{"@id":"https:\/\/www.univ-guyane.fr\/#website"},"primaryImageOfPage":{"@id":"https:\/\/www.univ-guyane.fr\/2023\/11\/10\/premiere-journee-annuelle-aibsi-a-luniversite-de-guyane\/#primaryimage"},"image":{"@id":"https:\/\/www.univ-guyane.fr\/2023\/11\/10\/premiere-journee-annuelle-aibsi-a-luniversite-de-guyane\/#primaryimage"},"thumbnailUrl":"https:\/\/www.univ-guyane.fr\/wp-content\/uploads\/premiere-journee-annuelle-aibsi-a-luniversite-de-guyane-universite-de-guyane.jpeg","datePublished":"2023-11-10T17:54:06+00:00","dateModified":"2024-06-17T18:05:03+00:00","description":"D\u00e9couvrez la premi\u00e8re journ\u00e9e annuelle AIBSI. Un \u00e9v\u00e9nement majeur pour mettre en valeur l'excellence scientifique en Guyane.","breadcrumb":{"@id":"https:\/\/www.univ-guyane.fr\/2023\/11\/10\/premiere-journee-annuelle-aibsi-a-luniversite-de-guyane\/#breadcrumb"},"inLanguage":"es","potentialAction":[{"@type":"ReadAction","target":["https:\/\/www.univ-guyane.fr\/2023\/11\/10\/premiere-journee-annuelle-aibsi-a-luniversite-de-guyane\/"]}]},{"@type":"ImageObject","inLanguage":"es","@id":"https:\/\/www.univ-guyane.fr\/2023\/11\/10\/premiere-journee-annuelle-aibsi-a-luniversite-de-guyane\/#primaryimage","url":"https:\/\/www.univ-guyane.fr\/wp-content\/uploads\/premiere-journee-annuelle-aibsi-a-luniversite-de-guyane-universite-de-guyane.jpeg","contentUrl":"https:\/\/www.univ-guyane.fr\/wp-content\/uploads\/premiere-journee-annuelle-aibsi-a-luniversite-de-guyane-universite-de-guyane.jpeg","width":1800,"height":1013,"caption":"Premi\u00e8re Journ\u00e9e Annuelle AIBSI \u00e0 l\u2019Universit\u00e9 de Guyane"},{"@type":"BreadcrumbList","@id":"https:\/\/www.univ-guyane.fr\/2023\/11\/10\/premiere-journee-annuelle-aibsi-a-luniversite-de-guyane\/#breadcrumb","itemListElement":[{"@type":"ListItem","position":1,"name":"Accueil","item":"https:\/\/www.univ-guyane.fr\/"},{"@type":"ListItem","position":2,"name":"Premi\u00e8re Journ\u00e9e Annuelle AIBSI \u00e0 l\u2019Universit\u00e9 de Guyane"}]},{"@type":"WebSite","@id":"https:\/\/www.univ-guyane.fr\/#website","url":"https:\/\/www.univ-guyane.fr\/","name":"Universidad de Guyana","description":"En el coraz\u00f3n de la Amazonia","publisher":{"@id":"https:\/\/www.univ-guyane.fr\/#organization"},"alternateName":"UG","potentialAction":[{"@type":"SearchAction","target":{"@type":"EntryPoint","urlTemplate":"https:\/\/www.univ-guyane.fr\/?s={search_term_string}"},"query-input":{"@type":"PropertyValueSpecification","valueRequired":true,"valueName":"search_term_string"}}],"inLanguage":"es"},{"@type":"Organization","@id":"https:\/\/www.univ-guyane.fr\/#organization","name":"Universidad de Guyana","alternateName":"UG","url":"https:\/\/www.univ-guyane.fr\/","logo":{"@type":"ImageObject","inLanguage":"es","@id":"https:\/\/www.univ-guyane.fr\/#\/schema\/logo\/image\/","url":"https:\/\/www.univ-guyane.fr\/wp-content\/uploads\/2024\/05\/f.png","contentUrl":"https:\/\/www.univ-guyane.fr\/wp-content\/uploads\/2024\/05\/f.png","width":1024,"height":1024,"caption":"Universit\u00e9 de Guyane"},"image":{"@id":"https:\/\/www.univ-guyane.fr\/#\/schema\/logo\/image\/"},"sameAs":["https:\/\/www.facebook.com\/univguyane","https:\/\/x.com\/univguyane","https:\/\/gf.linkedin.com\/school\/universite-de-guyane\/","https:\/\/www.instagram.com\/univ_guyane\/"]},{"@type":"Person","@id":"https:\/\/www.univ-guyane.fr\/#\/schema\/person\/86d946a28a8be51bb096ccfdf19db179","name":"Erick Loiti\u00e8re","image":{"@type":"ImageObject","inLanguage":"es","@id":"https:\/\/secure.gravatar.com\/avatar\/0584f332103fbeaf37e52c73b15dca3c547fd9300deb05764e9ad8714839d072?s=96&d=robohash&r=g","url":"https:\/\/secure.gravatar.com\/avatar\/0584f332103fbeaf37e52c73b15dca3c547fd9300deb05764e9ad8714839d072?s=96&d=robohash&r=g","contentUrl":"https:\/\/secure.gravatar.com\/avatar\/0584f332103fbeaf37e52c73b15dca3c547fd9300deb05764e9ad8714839d072?s=96&d=robohash&r=g","caption":"Erick Loiti\u00e8re"},"sameAs":["http:\/\/www.univ-guyane.fr"],"url":"https:\/\/www.univ-guyane.fr\/es\/author\/eloitierdbz\/"}]}},"_links":{"self":[{"href":"https:\/\/www.univ-guyane.fr\/es\/wp-json\/wp\/v2\/posts\/8449","targetHints":{"allow":["GET"]}}],"collection":[{"href":"https:\/\/www.univ-guyane.fr\/es\/wp-json\/wp\/v2\/posts"}],"about":[{"href":"https:\/\/www.univ-guyane.fr\/es\/wp-json\/wp\/v2\/types\/post"}],"author":[{"embeddable":true,"href":"https:\/\/www.univ-guyane.fr\/es\/wp-json\/wp\/v2\/users\/1"}],"replies":[{"embeddable":true,"href":"https:\/\/www.univ-guyane.fr\/es\/wp-json\/wp\/v2\/comments?post=8449"}],"version-history":[{"count":1,"href":"https:\/\/www.univ-guyane.fr\/es\/wp-json\/wp\/v2\/posts\/8449\/revisions"}],"predecessor-version":[{"id":8451,"href":"https:\/\/www.univ-guyane.fr\/es\/wp-json\/wp\/v2\/posts\/8449\/revisions\/8451"}],"wp:featuredmedia":[{"embeddable":true,"href":"https:\/\/www.univ-guyane.fr\/es\/wp-json\/wp\/v2\/media\/8450"}],"wp:attachment":[{"href":"https:\/\/www.univ-guyane.fr\/es\/wp-json\/wp\/v2\/media?parent=8449"}],"wp:term":[{"taxonomy":"category","embeddable":true,"href":"https:\/\/www.univ-guyane.fr\/es\/wp-json\/wp\/v2\/categories?post=8449"},{"taxonomy":"post_tag","embeddable":true,"href":"https:\/\/www.univ-guyane.fr\/es\/wp-json\/wp\/v2\/tags?post=8449"}],"curies":[{"name":"wp","href":"https:\/\/api.w.org\/{rel}","templated":true}]}}