{"id":8462,"date":"2023-10-27T15:20:28","date_gmt":"2023-10-27T18:20:28","guid":{"rendered":"https:\/\/www.univ-guyane.fr\/?p=8462"},"modified":"2024-06-17T15:26:32","modified_gmt":"2024-06-17T18:26:32","slug":"appel-a-candidature-village-de-noel-de-luniversite-de-guyane-2023","status":"publish","type":"post","link":"https:\/\/www.univ-guyane.fr\/es\/2023\/10\/27\/appel-a-candidature-village-de-noel-de-luniversite-de-guyane-2023\/","title":{"rendered":"Convocatoria de candidaturas para la Villa Navide\u00f1a de la Universidad de Guayana 2023"},"content":{"rendered":"<div id=\"fws_69f44bc7e8bdb\"  data-column-margin=\"default\" data-midnight=\"dark\"  class=\"wpb_row vc_row-fluid vc_row\"  style=\"padding-top: 0px; padding-bottom: 0px; \"><div class=\"row-bg-wrap\" data-bg-animation=\"none\" data-bg-animation-delay=\"\" data-bg-overlay=\"false\"><div class=\"inner-wrap row-bg-layer\" ><div class=\"row-bg viewport-desktop\"  style=\"\"><\/div><\/div><\/div><div class=\"row_col_wrap_12 col span_12 dark left\">\n\t<div  class=\"vc_col-sm-12 wpb_column column_container vc_column_container col no-extra-padding inherit_tablet inherit_phone\"  data-padding-pos=\"all\" data-has-bg-color=\"false\" data-bg-color=\"\" data-bg-opacity=\"1\" data-animation=\"\" data-delay=\"0\" >\n\t\t<div class=\"vc_column-inner\" >\n\t\t\t<div class=\"wpb_wrapper\">\n\t\t\t\t\n<div class=\"wpb_text_column wpb_content_element  chapo\" >\n\t<h2>En el marco de las fiestas de fin de a\u00f1o, el Comit\u00e9 des \u0152uvres Sociales de l'Universit\u00e9 de Guyane organiza su Aldea de Navidad 2023. \u00bfEres artesano, dise\u00f1ador, artista, productor o comerciante y te gustar\u00eda participar? No espere m\u00e1s y presente su candidatura.<\/h2>\n<\/div>\n\n\n\n\n<div class=\"wpb_text_column wpb_content_element\" >\n\t<div class=\"wpb_text_column wpb_content_element\">\n<div class=\"wpb_wrapper\">\n<div id=\"lipsum\">\n<span class=\"nectar-dropcap\" >D <\/span>omo parte de las celebraciones de fin de a\u00f1o de 2023, el Comit\u00e9 des \u0152uvres Sociales (COS) de la Universidad de Guayana organizar\u00e1 una aldea navide\u00f1a para su personal y sus familias. A trav\u00e9s de este evento, el COS desea ofrecer a su personal puestos de artesanos y\/o dise\u00f1adores sobre el tema de la Navidad.<\/p>\n<p>Los productos puestos a la venta deben tener una relaci\u00f3n directa con el tema de la Navidad y las fiestas. He aqu\u00ed algunos ejemplos (lista no exhaustiva): Regalos, art\u00edculos de decoraci\u00f3n, vajillas, juguetes, joyas, jabones, cosm\u00e9ticos, prendas de vestir confeccionadas y equipamiento, venta de alimentos y especialidades gastron\u00f3micas (en particular, productos locales) con venta en el establecimiento y degustaci\u00f3n en el establecimiento y\/o para llevar (...)<\/p>\n<p>El Mercado constar\u00e1 de un m\u00e1ximo de 20 puestos, decorados e iluminados para el evento por los expositores con los colores de la Navidad (rojo, blanco, verde, dorado y plateado).<\/p>\n<p>El Mercado de Navidad tendr\u00e1 lugar durante 1 d\u00eda: el s\u00e1bado 9 de diciembre de 2023 y abrir\u00e1 sus puertas al p\u00fablico desde las 14:00 hasta las 18:30 horas. El recinto deber\u00e1 estar ocupado de forma ininterrumpida durante todo este periodo.<\/p>\n<p>El mercado navide\u00f1o tendr\u00e1 lugar en el campus Bois Chaudat de la IUT de Kourou.<\/p>\n<\/div>\n<\/div>\n<\/div>\n<div class=\"wpb_text_column wpb_content_element vc_custom_1698426280005\">\n<div class=\"wpb_wrapper\">\n<p>Se recuerda a los solicitantes que, en virtud de los art\u00edculos L. 2122-2 y L. 2122-3 del C\u00f3digo General de la Propiedad P\u00fablica franc\u00e9s, la ocupaci\u00f3n del dominio p\u00fablico s\u00f3lo puede ser temporal y que la autorizaci\u00f3n es precaria y revocable.<\/p>\n<\/div>\n<\/div>\n<div class=\"wpb_text_column wpb_content_element\">\n<div class=\"wpb_wrapper\">\n<div id=\"lipsum\">\n<h3>Requisitos t\u00e9cnicos m\u00ednimos<\/h3>\n<ul>\n<li>Respetar la se\u00f1alizaci\u00f3n utilizada para organizar el pueblo;<\/li>\n<li>Respete las zonas de aparcamiento reservadas a los expositores;<\/li>\n<li>Cumplir todas las disposiciones del C\u00f3digo Laboral, el C\u00f3digo de Comercio y el C\u00f3digo de Consumo franceses;<\/li>\n<li>Debe estar presente durante toda la Villa de Navidad;<\/li>\n<li>Ocupaci\u00f3n del emplazamiento por cada operador: puesta a disposici\u00f3n de un emplazamiento desnudo con suministro el\u00e9ctrico<\/li>\n<li>Obligaci\u00f3n de respetar los horarios de los eventos:<br \/>\n<strong>1\/ cuando se instalen los expositores:<br \/>\n<\/strong>- Viernes 8 de diciembre de 2023 de 12.00 a 18.00 horas,<br \/>\n- S\u00e1bado 9 de diciembre de 2023 de 8.00 a 12.00 horas.<br \/>\n<strong>2\/ cuando est\u00e9 abierto al p\u00fablico :<br \/>\n<\/strong>- S\u00e1bado 9 de diciembre de 14.00 a 18.30 h,<br \/>\n<strong>3\/ durante el periodo de desmantelamiento :<br \/>\n<\/strong>- S\u00e1bado 9 de diciembre de 2023 de 19:00 a 22:00 horas con acceso para veh\u00edculos autorizados s\u00f3lo si no hay m\u00e1s visitantes dentro de la Villa de Navidad;<\/li>\n<\/ul>\n<\/div>\n<\/div>\n<\/div>\n<div class=\"wpb_text_column wpb_content_element vc_custom_1698427140685\">\n<div class=\"wpb_wrapper\">\n<p>Las fechas y horarios mencionados pueden sufrir modificaciones en funci\u00f3n de la evoluci\u00f3n de la organizaci\u00f3n del Mercado de Navidad y\/o del programa de actos previsto por el Comit\u00e9 des \u0152uvres Sociales.<\/p>\n<p>Una vez examinadas las solicitudes, se aceptar\u00e1n o rechazar\u00e1n por carta, que se enviar\u00e1 a m\u00e1s tardar el 25 de noviembre de 2023.<\/p>\n<\/div>\n<\/div>\n<div class=\"wpb_text_column wpb_content_element\">\n<div class=\"wpb_wrapper\">\n<h3>Requisitos administrativos para presentar una solicitud<\/h3>\n<p>Todos los documentos y elementos solicitados anteriormente deber\u00e1n enviarse por correo electr\u00f3nico con acuse de recibo a la direcci\u00f3n : <a href=\"https:\/\/web.archive.org\/web\/20231028015539\/mailto:cos.ug@univ-guyane.fr\" target=\"_blank\" rel=\"noopener\">cos.ug@univ-guyane.fr<\/a><br \/>\nEl asunto debe ser: \"Respuesta a la convocatoria de candidaturas - COS UG Christmas Village 2023\".<\/p>\n<p><strong>Plazo de presentaci\u00f3n de candidaturas :<\/strong> 15 de noviembre de 2023 a las 20.00 horas.<\/p>\n<p><strong>Contacto:<\/strong><br \/>\nSi tiene alguna pregunta, env\u00ede su solicitud a: cos.ug@univ-guyane.fr<\/p>\n<p>Para presentar su candidatura, debe cumplimentar \u00edntegramente el formulario de solicitud que figura a continuaci\u00f3n y enviarlo junto con los documentos adjuntos necesarios:<\/p>\n<p><a href=\"https:\/\/web.archive.org\/web\/20231028015539\/https:\/\/www.univ-guyane.fr\/ugfm\/docs\/cos\/Avis-appel-candidature-2023.pdf\" target=\"_blank\" rel=\"noopener\">Descargar la convocatoria de candidaturas<\/a><br \/>\n<a href=\"https:\/\/web.archive.org\/web\/20231028015539\/https:\/\/www.univ-guyane.fr\/ugfm\/download\/ZG9jcy9jb3MvRm9ybXVsYWlyZS1kZS1jYW5kaWRhdHVyZS1wb3VyLWxlLXZpbGxhZ2UtZGUtTm9lJUNDJTg4bC5wZGY=\/h\/bb2376c0a00b57283ba6c2a4ce50bdee\" target=\"_blank\" rel=\"noopener\">Descargar el formulario de inscripci\u00f3n<\/a><\/p>\n<\/div>\n<\/div>\n<\/div>\n\n\n\n\n\t\t\t<\/div> \n\t\t<\/div>\n\t<\/div> \n<\/div><\/div>","protected":false},"excerpt":{"rendered":"En el marco de las fiestas de fin de a\u00f1o, el Comit\u00e9 des \u0152uvres Sociales de l'Universit\u00e9...","protected":false},"author":1,"featured_media":8466,"comment_status":"closed","ping_status":"open","sticky":false,"template":"","format":"standard","meta":{"iawp_total_views":53,"footnotes":""},"categories":[234],"tags":[],"class_list":{"0":"post-8462","1":"post","2":"type-post","3":"status-publish","4":"format-standard","5":"has-post-thumbnail","7":"category-a-la-une"},"yoast_head":"<!-- This site is optimized with the Yoast SEO plugin v27.5 - https:\/\/yoast.com\/product\/yoast-seo-wordpress\/ -->\n<title>Appel \u00e0 candidature village de No\u00ebl de l\u2019Universit\u00e9 de Guyane 2023 &#8212; Universit\u00e9 de Guyane<\/title>\n<meta name=\"description\" content=\"No\u00ebl \u00e0 l&#039;Universit\u00e9 de Guyane : un village festif avec des stands d&#039;artisans, des cadeaux, des jouets et des produits du terroir \u00e0 d\u00e9guster.\" \/>\n<meta name=\"robots\" content=\"index, follow, max-snippet:-1, max-image-preview:large, max-video-preview:-1\" \/>\n<link rel=\"canonical\" href=\"https:\/\/www.univ-guyane.fr\/es\/2023\/10\/27\/appel-a-candidature-village-de-noel-de-luniversite-de-guyane-2023\/\" \/>\n<meta property=\"og:locale\" content=\"es_ES\" \/>\n<meta property=\"og:type\" content=\"article\" \/>\n<meta property=\"og:title\" content=\"Appel \u00e0 candidature village de No\u00ebl de l\u2019Universit\u00e9 de Guyane 2023 &#8212; Universit\u00e9 de Guyane\" \/>\n<meta property=\"og:description\" content=\"No\u00ebl \u00e0 l&#039;Universit\u00e9 de Guyane : un village festif avec des stands d&#039;artisans, des cadeaux, des jouets et des produits du terroir \u00e0 d\u00e9guster.\" \/>\n<meta property=\"og:url\" content=\"https:\/\/www.univ-guyane.fr\/es\/2023\/10\/27\/appel-a-candidature-village-de-noel-de-luniversite-de-guyane-2023\/\" \/>\n<meta property=\"og:site_name\" content=\"Universit\u00e9 de Guyane\" \/>\n<meta property=\"article:publisher\" content=\"https:\/\/www.facebook.com\/univguyane\" \/>\n<meta property=\"article:published_time\" content=\"2023-10-27T18:20:28+00:00\" \/>\n<meta property=\"article:modified_time\" content=\"2024-06-17T18:26:32+00:00\" \/>\n<meta property=\"og:image\" content=\"https:\/\/www.univ-guyane.fr\/wp-content\/uploads\/appel-a-candidature-village-de-noel-de-luniversite-de-guyane-2023-universite-de-guyane.jpeg\" \/>\n\t<meta property=\"og:image:width\" content=\"1800\" \/>\n\t<meta property=\"og:image:height\" content=\"1013\" \/>\n\t<meta property=\"og:image:type\" content=\"image\/jpeg\" \/>\n<meta name=\"author\" content=\"Erick Loiti\u00e8re\" \/>\n<meta name=\"twitter:card\" content=\"summary_large_image\" \/>\n<meta name=\"twitter:creator\" content=\"@univguyane\" \/>\n<meta name=\"twitter:site\" content=\"@univguyane\" \/>\n<meta name=\"twitter:label1\" content=\"Escrito por\" \/>\n\t<meta name=\"twitter:data1\" content=\"Erick Loiti\u00e8re\" \/>\n\t<meta name=\"twitter:label2\" content=\"Tiempo de lectura\" \/>\n\t<meta name=\"twitter:data2\" content=\"4 minutos\" \/>\n<script type=\"application\/ld+json\" class=\"yoast-schema-graph\">{\"@context\":\"https:\\\/\\\/schema.org\",\"@graph\":[{\"@type\":\"Article\",\"@id\":\"https:\\\/\\\/www.univ-guyane.fr\\\/2023\\\/10\\\/27\\\/appel-a-candidature-village-de-noel-de-luniversite-de-guyane-2023\\\/#article\",\"isPartOf\":{\"@id\":\"https:\\\/\\\/www.univ-guyane.fr\\\/2023\\\/10\\\/27\\\/appel-a-candidature-village-de-noel-de-luniversite-de-guyane-2023\\\/\"},\"author\":{\"name\":\"Erick Loiti\u00e8re\",\"@id\":\"https:\\\/\\\/www.univ-guyane.fr\\\/#\\\/schema\\\/person\\\/86d946a28a8be51bb096ccfdf19db179\"},\"headline\":\"Appel \u00e0 candidature village de No\u00ebl de l\u2019Universit\u00e9 de Guyane 2023\",\"datePublished\":\"2023-10-27T18:20:28+00:00\",\"dateModified\":\"2024-06-17T18:26:32+00:00\",\"mainEntityOfPage\":{\"@id\":\"https:\\\/\\\/www.univ-guyane.fr\\\/2023\\\/10\\\/27\\\/appel-a-candidature-village-de-noel-de-luniversite-de-guyane-2023\\\/\"},\"wordCount\":870,\"publisher\":{\"@id\":\"https:\\\/\\\/www.univ-guyane.fr\\\/#organization\"},\"image\":{\"@id\":\"https:\\\/\\\/www.univ-guyane.fr\\\/2023\\\/10\\\/27\\\/appel-a-candidature-village-de-noel-de-luniversite-de-guyane-2023\\\/#primaryimage\"},\"thumbnailUrl\":\"https:\\\/\\\/www.univ-guyane.fr\\\/wp-content\\\/uploads\\\/appel-a-candidature-village-de-noel-de-luniversite-de-guyane-2023-universite-de-guyane.jpeg\",\"articleSection\":[\"\u2022 \u00c0 la une\"],\"inLanguage\":\"es\"},{\"@type\":\"WebPage\",\"@id\":\"https:\\\/\\\/www.univ-guyane.fr\\\/2023\\\/10\\\/27\\\/appel-a-candidature-village-de-noel-de-luniversite-de-guyane-2023\\\/\",\"url\":\"https:\\\/\\\/www.univ-guyane.fr\\\/2023\\\/10\\\/27\\\/appel-a-candidature-village-de-noel-de-luniversite-de-guyane-2023\\\/\",\"name\":\"Appel \u00e0 candidature village de No\u00ebl de l\u2019Universit\u00e9 de Guyane 2023 &#8212; Universit\u00e9 de Guyane\",\"isPartOf\":{\"@id\":\"https:\\\/\\\/www.univ-guyane.fr\\\/#website\"},\"primaryImageOfPage\":{\"@id\":\"https:\\\/\\\/www.univ-guyane.fr\\\/2023\\\/10\\\/27\\\/appel-a-candidature-village-de-noel-de-luniversite-de-guyane-2023\\\/#primaryimage\"},\"image\":{\"@id\":\"https:\\\/\\\/www.univ-guyane.fr\\\/2023\\\/10\\\/27\\\/appel-a-candidature-village-de-noel-de-luniversite-de-guyane-2023\\\/#primaryimage\"},\"thumbnailUrl\":\"https:\\\/\\\/www.univ-guyane.fr\\\/wp-content\\\/uploads\\\/appel-a-candidature-village-de-noel-de-luniversite-de-guyane-2023-universite-de-guyane.jpeg\",\"datePublished\":\"2023-10-27T18:20:28+00:00\",\"dateModified\":\"2024-06-17T18:26:32+00:00\",\"description\":\"No\u00ebl \u00e0 l'Universit\u00e9 de Guyane : un village festif avec des stands d'artisans, des cadeaux, des jouets et des produits du terroir \u00e0 d\u00e9guster.\",\"breadcrumb\":{\"@id\":\"https:\\\/\\\/www.univ-guyane.fr\\\/2023\\\/10\\\/27\\\/appel-a-candidature-village-de-noel-de-luniversite-de-guyane-2023\\\/#breadcrumb\"},\"inLanguage\":\"es\",\"potentialAction\":[{\"@type\":\"ReadAction\",\"target\":[\"https:\\\/\\\/www.univ-guyane.fr\\\/2023\\\/10\\\/27\\\/appel-a-candidature-village-de-noel-de-luniversite-de-guyane-2023\\\/\"]}]},{\"@type\":\"ImageObject\",\"inLanguage\":\"es\",\"@id\":\"https:\\\/\\\/www.univ-guyane.fr\\\/2023\\\/10\\\/27\\\/appel-a-candidature-village-de-noel-de-luniversite-de-guyane-2023\\\/#primaryimage\",\"url\":\"https:\\\/\\\/www.univ-guyane.fr\\\/wp-content\\\/uploads\\\/appel-a-candidature-village-de-noel-de-luniversite-de-guyane-2023-universite-de-guyane.jpeg\",\"contentUrl\":\"https:\\\/\\\/www.univ-guyane.fr\\\/wp-content\\\/uploads\\\/appel-a-candidature-village-de-noel-de-luniversite-de-guyane-2023-universite-de-guyane.jpeg\",\"width\":1800,\"height\":1013,\"caption\":\"Appel \u00e0 candidature village de No\u00ebl de l\u2019Universit\u00e9 de Guyane 2023\"},{\"@type\":\"BreadcrumbList\",\"@id\":\"https:\\\/\\\/www.univ-guyane.fr\\\/2023\\\/10\\\/27\\\/appel-a-candidature-village-de-noel-de-luniversite-de-guyane-2023\\\/#breadcrumb\",\"itemListElement\":[{\"@type\":\"ListItem\",\"position\":1,\"name\":\"Accueil\",\"item\":\"https:\\\/\\\/www.univ-guyane.fr\\\/\"},{\"@type\":\"ListItem\",\"position\":2,\"name\":\"Appel \u00e0 candidature village de No\u00ebl de l\u2019Universit\u00e9 de Guyane 2023\"}]},{\"@type\":\"WebSite\",\"@id\":\"https:\\\/\\\/www.univ-guyane.fr\\\/#website\",\"url\":\"https:\\\/\\\/www.univ-guyane.fr\\\/\",\"name\":\"Universit\u00e9 de Guyane\",\"description\":\"Au c\u0153ur de l&#039;amazonie\",\"publisher\":{\"@id\":\"https:\\\/\\\/www.univ-guyane.fr\\\/#organization\"},\"alternateName\":\"UG\",\"potentialAction\":[{\"@type\":\"SearchAction\",\"target\":{\"@type\":\"EntryPoint\",\"urlTemplate\":\"https:\\\/\\\/www.univ-guyane.fr\\\/?s={search_term_string}\"},\"query-input\":{\"@type\":\"PropertyValueSpecification\",\"valueRequired\":true,\"valueName\":\"search_term_string\"}}],\"inLanguage\":\"es\"},{\"@type\":\"Organization\",\"@id\":\"https:\\\/\\\/www.univ-guyane.fr\\\/#organization\",\"name\":\"Universit\u00e9 de Guyane\",\"alternateName\":\"UG\",\"url\":\"https:\\\/\\\/www.univ-guyane.fr\\\/\",\"logo\":{\"@type\":\"ImageObject\",\"inLanguage\":\"es\",\"@id\":\"https:\\\/\\\/www.univ-guyane.fr\\\/#\\\/schema\\\/logo\\\/image\\\/\",\"url\":\"https:\\\/\\\/www.univ-guyane.fr\\\/wp-content\\\/uploads\\\/2024\\\/05\\\/f.png\",\"contentUrl\":\"https:\\\/\\\/www.univ-guyane.fr\\\/wp-content\\\/uploads\\\/2024\\\/05\\\/f.png\",\"width\":1024,\"height\":1024,\"caption\":\"Universit\u00e9 de Guyane\"},\"image\":{\"@id\":\"https:\\\/\\\/www.univ-guyane.fr\\\/#\\\/schema\\\/logo\\\/image\\\/\"},\"sameAs\":[\"https:\\\/\\\/www.facebook.com\\\/univguyane\",\"https:\\\/\\\/x.com\\\/univguyane\",\"https:\\\/\\\/gf.linkedin.com\\\/school\\\/universite-de-guyane\\\/\",\"https:\\\/\\\/www.instagram.com\\\/univ_guyane\\\/\"]},{\"@type\":\"Person\",\"@id\":\"https:\\\/\\\/www.univ-guyane.fr\\\/#\\\/schema\\\/person\\\/86d946a28a8be51bb096ccfdf19db179\",\"name\":\"Erick Loiti\u00e8re\",\"image\":{\"@type\":\"ImageObject\",\"inLanguage\":\"es\",\"@id\":\"https:\\\/\\\/secure.gravatar.com\\\/avatar\\\/0584f332103fbeaf37e52c73b15dca3c547fd9300deb05764e9ad8714839d072?s=96&d=robohash&r=g\",\"url\":\"https:\\\/\\\/secure.gravatar.com\\\/avatar\\\/0584f332103fbeaf37e52c73b15dca3c547fd9300deb05764e9ad8714839d072?s=96&d=robohash&r=g\",\"contentUrl\":\"https:\\\/\\\/secure.gravatar.com\\\/avatar\\\/0584f332103fbeaf37e52c73b15dca3c547fd9300deb05764e9ad8714839d072?s=96&d=robohash&r=g\",\"caption\":\"Erick Loiti\u00e8re\"},\"sameAs\":[\"http:\\\/\\\/www.univ-guyane.fr\"],\"url\":\"https:\\\/\\\/www.univ-guyane.fr\\\/es\\\/author\\\/eloitierdbz\\\/\"}]}<\/script>\n<!-- \/ Yoast SEO plugin. -->","yoast_head_json":{"title":"Appel \u00e0 candidature village de No\u00ebl de l\u2019Universit\u00e9 de Guyane 2023 &#8212; Universit\u00e9 de Guyane","description":"No\u00ebl \u00e0 l'Universit\u00e9 de Guyane : un village festif avec des stands d'artisans, des cadeaux, des jouets et des produits du terroir \u00e0 d\u00e9guster.","robots":{"index":"index","follow":"follow","max-snippet":"max-snippet:-1","max-image-preview":"max-image-preview:large","max-video-preview":"max-video-preview:-1"},"canonical":"https:\/\/www.univ-guyane.fr\/es\/2023\/10\/27\/appel-a-candidature-village-de-noel-de-luniversite-de-guyane-2023\/","og_locale":"es_ES","og_type":"article","og_title":"Appel \u00e0 candidature village de No\u00ebl de l\u2019Universit\u00e9 de Guyane 2023 &#8212; Universit\u00e9 de Guyane","og_description":"No\u00ebl \u00e0 l'Universit\u00e9 de Guyane : un village festif avec des stands d'artisans, des cadeaux, des jouets et des produits du terroir \u00e0 d\u00e9guster.","og_url":"https:\/\/www.univ-guyane.fr\/es\/2023\/10\/27\/appel-a-candidature-village-de-noel-de-luniversite-de-guyane-2023\/","og_site_name":"Universit\u00e9 de Guyane","article_publisher":"https:\/\/www.facebook.com\/univguyane","article_published_time":"2023-10-27T18:20:28+00:00","article_modified_time":"2024-06-17T18:26:32+00:00","og_image":[{"width":1800,"height":1013,"url":"https:\/\/www.univ-guyane.fr\/wp-content\/uploads\/appel-a-candidature-village-de-noel-de-luniversite-de-guyane-2023-universite-de-guyane.jpeg","type":"image\/jpeg"}],"author":"Erick Loiti\u00e8re","twitter_card":"summary_large_image","twitter_creator":"@univguyane","twitter_site":"@univguyane","twitter_misc":{"Escrito por":"Erick Loiti\u00e8re","Tiempo de lectura":"4 minutos"},"schema":{"@context":"https:\/\/schema.org","@graph":[{"@type":"Article","@id":"https:\/\/www.univ-guyane.fr\/2023\/10\/27\/appel-a-candidature-village-de-noel-de-luniversite-de-guyane-2023\/#article","isPartOf":{"@id":"https:\/\/www.univ-guyane.fr\/2023\/10\/27\/appel-a-candidature-village-de-noel-de-luniversite-de-guyane-2023\/"},"author":{"name":"Erick Loiti\u00e8re","@id":"https:\/\/www.univ-guyane.fr\/#\/schema\/person\/86d946a28a8be51bb096ccfdf19db179"},"headline":"Appel \u00e0 candidature village de No\u00ebl de l\u2019Universit\u00e9 de Guyane 2023","datePublished":"2023-10-27T18:20:28+00:00","dateModified":"2024-06-17T18:26:32+00:00","mainEntityOfPage":{"@id":"https:\/\/www.univ-guyane.fr\/2023\/10\/27\/appel-a-candidature-village-de-noel-de-luniversite-de-guyane-2023\/"},"wordCount":870,"publisher":{"@id":"https:\/\/www.univ-guyane.fr\/#organization"},"image":{"@id":"https:\/\/www.univ-guyane.fr\/2023\/10\/27\/appel-a-candidature-village-de-noel-de-luniversite-de-guyane-2023\/#primaryimage"},"thumbnailUrl":"https:\/\/www.univ-guyane.fr\/wp-content\/uploads\/appel-a-candidature-village-de-noel-de-luniversite-de-guyane-2023-universite-de-guyane.jpeg","articleSection":["\u2022 \u00c0 la une"],"inLanguage":"es"},{"@type":"WebPage","@id":"https:\/\/www.univ-guyane.fr\/2023\/10\/27\/appel-a-candidature-village-de-noel-de-luniversite-de-guyane-2023\/","url":"https:\/\/www.univ-guyane.fr\/2023\/10\/27\/appel-a-candidature-village-de-noel-de-luniversite-de-guyane-2023\/","name":"Appel \u00e0 candidature village de No\u00ebl de l\u2019Universit\u00e9 de Guyane 2023 &#8212; Universit\u00e9 de Guyane","isPartOf":{"@id":"https:\/\/www.univ-guyane.fr\/#website"},"primaryImageOfPage":{"@id":"https:\/\/www.univ-guyane.fr\/2023\/10\/27\/appel-a-candidature-village-de-noel-de-luniversite-de-guyane-2023\/#primaryimage"},"image":{"@id":"https:\/\/www.univ-guyane.fr\/2023\/10\/27\/appel-a-candidature-village-de-noel-de-luniversite-de-guyane-2023\/#primaryimage"},"thumbnailUrl":"https:\/\/www.univ-guyane.fr\/wp-content\/uploads\/appel-a-candidature-village-de-noel-de-luniversite-de-guyane-2023-universite-de-guyane.jpeg","datePublished":"2023-10-27T18:20:28+00:00","dateModified":"2024-06-17T18:26:32+00:00","description":"No\u00ebl \u00e0 l'Universit\u00e9 de Guyane : un village festif avec des stands d'artisans, des cadeaux, des jouets et des produits du terroir \u00e0 d\u00e9guster.","breadcrumb":{"@id":"https:\/\/www.univ-guyane.fr\/2023\/10\/27\/appel-a-candidature-village-de-noel-de-luniversite-de-guyane-2023\/#breadcrumb"},"inLanguage":"es","potentialAction":[{"@type":"ReadAction","target":["https:\/\/www.univ-guyane.fr\/2023\/10\/27\/appel-a-candidature-village-de-noel-de-luniversite-de-guyane-2023\/"]}]},{"@type":"ImageObject","inLanguage":"es","@id":"https:\/\/www.univ-guyane.fr\/2023\/10\/27\/appel-a-candidature-village-de-noel-de-luniversite-de-guyane-2023\/#primaryimage","url":"https:\/\/www.univ-guyane.fr\/wp-content\/uploads\/appel-a-candidature-village-de-noel-de-luniversite-de-guyane-2023-universite-de-guyane.jpeg","contentUrl":"https:\/\/www.univ-guyane.fr\/wp-content\/uploads\/appel-a-candidature-village-de-noel-de-luniversite-de-guyane-2023-universite-de-guyane.jpeg","width":1800,"height":1013,"caption":"Appel \u00e0 candidature village de No\u00ebl de l\u2019Universit\u00e9 de Guyane 2023"},{"@type":"BreadcrumbList","@id":"https:\/\/www.univ-guyane.fr\/2023\/10\/27\/appel-a-candidature-village-de-noel-de-luniversite-de-guyane-2023\/#breadcrumb","itemListElement":[{"@type":"ListItem","position":1,"name":"Accueil","item":"https:\/\/www.univ-guyane.fr\/"},{"@type":"ListItem","position":2,"name":"Appel \u00e0 candidature village de No\u00ebl de l\u2019Universit\u00e9 de Guyane 2023"}]},{"@type":"WebSite","@id":"https:\/\/www.univ-guyane.fr\/#website","url":"https:\/\/www.univ-guyane.fr\/","name":"Universidad de Guyana","description":"En el coraz\u00f3n de la Amazonia","publisher":{"@id":"https:\/\/www.univ-guyane.fr\/#organization"},"alternateName":"UG","potentialAction":[{"@type":"SearchAction","target":{"@type":"EntryPoint","urlTemplate":"https:\/\/www.univ-guyane.fr\/?s={search_term_string}"},"query-input":{"@type":"PropertyValueSpecification","valueRequired":true,"valueName":"search_term_string"}}],"inLanguage":"es"},{"@type":"Organization","@id":"https:\/\/www.univ-guyane.fr\/#organization","name":"Universidad de Guyana","alternateName":"UG","url":"https:\/\/www.univ-guyane.fr\/","logo":{"@type":"ImageObject","inLanguage":"es","@id":"https:\/\/www.univ-guyane.fr\/#\/schema\/logo\/image\/","url":"https:\/\/www.univ-guyane.fr\/wp-content\/uploads\/2024\/05\/f.png","contentUrl":"https:\/\/www.univ-guyane.fr\/wp-content\/uploads\/2024\/05\/f.png","width":1024,"height":1024,"caption":"Universit\u00e9 de Guyane"},"image":{"@id":"https:\/\/www.univ-guyane.fr\/#\/schema\/logo\/image\/"},"sameAs":["https:\/\/www.facebook.com\/univguyane","https:\/\/x.com\/univguyane","https:\/\/gf.linkedin.com\/school\/universite-de-guyane\/","https:\/\/www.instagram.com\/univ_guyane\/"]},{"@type":"Person","@id":"https:\/\/www.univ-guyane.fr\/#\/schema\/person\/86d946a28a8be51bb096ccfdf19db179","name":"Erick Loiti\u00e8re","image":{"@type":"ImageObject","inLanguage":"es","@id":"https:\/\/secure.gravatar.com\/avatar\/0584f332103fbeaf37e52c73b15dca3c547fd9300deb05764e9ad8714839d072?s=96&d=robohash&r=g","url":"https:\/\/secure.gravatar.com\/avatar\/0584f332103fbeaf37e52c73b15dca3c547fd9300deb05764e9ad8714839d072?s=96&d=robohash&r=g","contentUrl":"https:\/\/secure.gravatar.com\/avatar\/0584f332103fbeaf37e52c73b15dca3c547fd9300deb05764e9ad8714839d072?s=96&d=robohash&r=g","caption":"Erick Loiti\u00e8re"},"sameAs":["http:\/\/www.univ-guyane.fr"],"url":"https:\/\/www.univ-guyane.fr\/es\/author\/eloitierdbz\/"}]}},"_links":{"self":[{"href":"https:\/\/www.univ-guyane.fr\/es\/wp-json\/wp\/v2\/posts\/8462","targetHints":{"allow":["GET"]}}],"collection":[{"href":"https:\/\/www.univ-guyane.fr\/es\/wp-json\/wp\/v2\/posts"}],"about":[{"href":"https:\/\/www.univ-guyane.fr\/es\/wp-json\/wp\/v2\/types\/post"}],"author":[{"embeddable":true,"href":"https:\/\/www.univ-guyane.fr\/es\/wp-json\/wp\/v2\/users\/1"}],"replies":[{"embeddable":true,"href":"https:\/\/www.univ-guyane.fr\/es\/wp-json\/wp\/v2\/comments?post=8462"}],"version-history":[{"count":1,"href":"https:\/\/www.univ-guyane.fr\/es\/wp-json\/wp\/v2\/posts\/8462\/revisions"}],"predecessor-version":[{"id":8464,"href":"https:\/\/www.univ-guyane.fr\/es\/wp-json\/wp\/v2\/posts\/8462\/revisions\/8464"}],"wp:featuredmedia":[{"embeddable":true,"href":"https:\/\/www.univ-guyane.fr\/es\/wp-json\/wp\/v2\/media\/8466"}],"wp:attachment":[{"href":"https:\/\/www.univ-guyane.fr\/es\/wp-json\/wp\/v2\/media?parent=8462"}],"wp:term":[{"taxonomy":"category","embeddable":true,"href":"https:\/\/www.univ-guyane.fr\/es\/wp-json\/wp\/v2\/categories?post=8462"},{"taxonomy":"post_tag","embeddable":true,"href":"https:\/\/www.univ-guyane.fr\/es\/wp-json\/wp\/v2\/tags?post=8462"}],"curies":[{"name":"wp","href":"https:\/\/api.w.org\/{rel}","templated":true}]}}