{"id":8549,"date":"2023-04-25T09:21:55","date_gmt":"2023-04-25T12:21:55","guid":{"rendered":"https:\/\/www.univ-guyane.fr\/?p=8549"},"modified":"2024-06-18T09:26:09","modified_gmt":"2024-06-18T12:26:09","slug":"le-maroni-frontiere-ou-pays","status":"publish","type":"post","link":"https:\/\/www.univ-guyane.fr\/es\/2023\/04\/25\/le-maroni-frontiere-ou-pays\/","title":{"rendered":"Los Maroni, \u00bffrontera o pa\u00eds?"},"content":{"rendered":"<div id=\"fws_69f36f0f6cbb3\"  data-column-margin=\"default\" data-midnight=\"dark\"  class=\"wpb_row vc_row-fluid vc_row\"  style=\"padding-top: 0px; padding-bottom: 0px; \"><div class=\"row-bg-wrap\" data-bg-animation=\"none\" data-bg-animation-delay=\"\" data-bg-overlay=\"false\"><div class=\"inner-wrap row-bg-layer\" ><div class=\"row-bg viewport-desktop\"  style=\"\"><\/div><\/div><\/div><div class=\"row_col_wrap_12 col span_12 dark left\">\n\t<div  class=\"vc_col-sm-12 wpb_column column_container vc_column_container col no-extra-padding inherit_tablet inherit_phone\"  data-padding-pos=\"all\" data-has-bg-color=\"false\" data-bg-color=\"\" data-bg-opacity=\"1\" data-animation=\"\" data-delay=\"0\" >\n\t\t<div class=\"vc_column-inner\" >\n\t\t\t<div class=\"wpb_wrapper\">\n\t\t\t\t\n<div class=\"wpb_text_column wpb_content_element  chapo\" >\n\t<h2>En el marco del seminario \"Fronteras, circulaciones, interculturalidades e interacciones hombre-medio\", la DFR LSH, en colaboraci\u00f3n con los laboratorios LEEISA y MINEA, organiza una conferencia titulada \"El Maroni, frontera o pa\u00eds: circulaciones, transgresiones y acomodaciones de las poblaciones del r\u00edo entre la Guayana Francesa y Surinam (del siglo XIX a nuestros d\u00edas)\".<\/h2>\n<\/div>\n\n\n\n\n<div class=\"wpb_text_column wpb_content_element\" >\n\t<div class=\"post-area col span_9\" role=\"main\">\n<article id=\"post-12481\" class=\"post-12481 post type-post status-publish format-standard has-post-thumbnail category-news-leeisa category-news-minea\">\n<div class=\"inner-wrap\">\n<div class=\"post-content\" data-hide-featured-media=\"0\">\n<div class=\"content-inner\">\n<div id=\"fws_64b96a6fd9cfc\" class=\"wpb_row vc_row-fluid vc_row\" data-column-margin=\"default\" data-midnight=\"dark\">\n<div class=\"row_col_wrap_12 col span_12 dark left\">\n<div class=\"vc_col-sm-12 wpb_column column_container vc_column_container col no-extra-padding inherit_tablet inherit_phone\" data-padding-pos=\"all\" data-has-bg-color=\"false\" data-bg-color=\"\" data-bg-opacity=\"1\" data-animation=\"\" data-delay=\"0\">\n<div class=\"vc_column-inner\">\n<div class=\"wpb_wrapper\">\n<div class=\"wpb_text_column wpb_content_element\">\n<div class=\"wpb_wrapper\">\n<div id=\"lipsum\">\n<p><strong>La presentar\u00e1 Tristan Bellardie, profesor de historia de la Universidad de Guyana, el viernes 12 de mayo de 18.00 a 20.00 horas en la sala F 108.<\/strong><\/p>\n<p><span class=\"nectar-dropcap\" >E <\/span>n marzo de 2019, un creciente n\u00famero de incidentes entre las autoridades francesas y surinamesas en el Maroni reaviv\u00f3 una disputa fronteriza que se remonta a m\u00e1s de siglo y medio. Con el tel\u00f3n de fondo del control de las actividades ilegales de extracci\u00f3n de oro en territorio franc\u00e9s, los respectivos servicios diplom\u00e1ticos hacen valer derechos todav\u00eda muy vagos, heredados de una pol\u00edtica colonial inacabada. Detr\u00e1s de la batalla por la soberan\u00eda, el Maroni revela un espacio polifac\u00e9tico, donde la frontera se funde con territorios y pr\u00e1cticas que la cruzan y transgreden. Esta l\u00ednea, producto de la imaginaci\u00f3n colonial, tiene que lidiar con poblaciones y actividades que se desplazan por territorios que se extienden de una orilla a la otra: pa\u00edses bushinenge o amerindios, regiones mineras aur\u00edferas, etc. Desde finales del siglo XVIII, estas m\u00faltiples l\u00edneas divisorias han definido lo que est\u00e1 permitido y lo que est\u00e1 prohibido, y se han construido equilibrios r\u00edo arriba y r\u00edo abajo.<\/p>\n<p>A medida que la frontera se superpon\u00eda, estos saldos tambi\u00e9n se desplazaban de un banco a otro, seg\u00fan dictaban los acontecimientos hist\u00f3ricos. El oro es un ejemplo particularmente bueno de c\u00f3mo se han adaptado estos movimientos transfronterizos: los merodeadores de ayer en la orilla derecha francesa, <em>garimpeiros<\/em>en la orilla izquierda de Surinam, cada uno mirando con lujuria las riquezas de oro de enfrente.<\/p>\n<p>La realidad cotidiana del r\u00edo Maroni y de sus gentes es dif\u00edcil de conciliar con la realidad de la frontera.  La reivindicaci\u00f3n de soberan\u00eda de Francia sobre el Maroni siempre ha ido a la zaga, despu\u00e9s de que el territorio hubiera sido asumido en completa autonom\u00eda por los pueblos que realmente lo habitaban, ya fueran amerindios, bushinenge o criollos. Hasta la integraci\u00f3n definitiva del interior del Territorio Inini, en 1969, el Estado iba por detr\u00e1s de la poblaci\u00f3n, y la ley ven\u00eda despu\u00e9s de las costumbres. De este modo, las poblaciones locales construyeron espacios a menudo de resistencia a las autoridades, de los que la frontera no parec\u00eda ser m\u00e1s que un mero avatar.<\/p>\n<p>El objetivo de este documento es examinar las razones de estas diversas transgresiones, c\u00f3mo han persistido y c\u00f3mo han evolucionado desde finales del siglo XIX.<\/p>\n<\/div>\n<\/div>\n<\/div>\n<div class=\"wpb_text_column wpb_content_element vc_custom_1682425107729\">\n<div class=\"wpb_wrapper\">\n<h3>Algunas palabras sobre el orador<\/h3>\n<p>Tristan Bellardie, profesor de Historia en la Universidad de Guayana e investigador asociado en el MINEA, est\u00e1 especializado en la historia de los Maroni y sus gentes. Trabaja sobre el terreno desde 1993 y vive en Maripasoula, en el coraz\u00f3n del Haut-Maroni.<\/p>\n<p>Sus trabajos se han centrado en las relaciones entre la colonia de la Guayana Francesa y las distintas poblaciones, la construcci\u00f3n de espacios y las interacciones en el r\u00edo entre los siglos XVII y XX (periodo de contacto, esclavitud, ciclo del oro).<\/p>\n<\/div>\n<\/div>\n<\/div>\n<\/div>\n<\/div>\n<\/div>\n<\/div>\n<\/div>\n<\/div>\n<\/div>\n<\/article>\n<\/div>\n<div id=\"sidebar\" class=\"col span_3 col_last\" data-nectar-ss=\"1\">\n<div class=\"n-sticky theiaStickySidebar\">\n<div id=\"nectar_popular_posts-4\" class=\"widget nectar_popular_posts_widget\">\n<ul class=\"nectar_blog_posts_popular nectar_widget\" data-style=\"hover-featured-image\">\n<li class=\"has-img\" data-views=\"3260\"><\/li>\n<\/ul>\n<\/div>\n<\/div>\n<\/div>\n<\/div>\n\n\n\n\n\t\t\t<\/div> \n\t\t<\/div>\n\t<\/div> \n<\/div><\/div>","protected":false},"excerpt":{"rendered":"En el marco del seminario \"Fronteras, movimiento, interculturalidad e interacci\u00f3n hombre-entorno\", el DFR...","protected":false},"author":1,"featured_media":8550,"comment_status":"closed","ping_status":"open","sticky":false,"template":"","format":"standard","meta":{"iawp_total_views":88,"footnotes":""},"categories":[192,187],"tags":[],"class_list":{"0":"post-8549","1":"post","2":"type-post","3":"status-publish","4":"format-standard","5":"has-post-thumbnail","7":"category-leeisa","8":"category-minea"},"yoast_head":"<!-- This site is optimized with the Yoast SEO plugin v27.5 - https:\/\/yoast.com\/product\/yoast-seo-wordpress\/ -->\n<title>Le Maroni, fronti\u00e8re ou pays ? &#8212; Universit\u00e9 de Guyane<\/title>\n<meta name=\"description\" content=\"D\u00e9couvrez l&#039;histoire contest\u00e9e de la fronti\u00e8re sur le Maroni entre la France et le Suriname. Un espace complexe aux multiples facettes.\" \/>\n<meta name=\"robots\" content=\"index, follow, max-snippet:-1, max-image-preview:large, max-video-preview:-1\" \/>\n<link rel=\"canonical\" href=\"https:\/\/www.univ-guyane.fr\/es\/2023\/04\/25\/le-maroni-frontiere-ou-pays\/\" \/>\n<meta property=\"og:locale\" content=\"es_ES\" \/>\n<meta property=\"og:type\" content=\"article\" \/>\n<meta property=\"og:title\" content=\"Le Maroni, fronti\u00e8re ou pays ? &#8212; Universit\u00e9 de Guyane\" \/>\n<meta property=\"og:description\" content=\"D\u00e9couvrez l&#039;histoire contest\u00e9e de la fronti\u00e8re sur le Maroni entre la France et le Suriname. Un espace complexe aux multiples facettes.\" \/>\n<meta property=\"og:url\" content=\"https:\/\/www.univ-guyane.fr\/es\/2023\/04\/25\/le-maroni-frontiere-ou-pays\/\" \/>\n<meta property=\"og:site_name\" content=\"Universit\u00e9 de Guyane\" \/>\n<meta property=\"article:publisher\" content=\"https:\/\/www.facebook.com\/univguyane\" \/>\n<meta property=\"article:published_time\" content=\"2023-04-25T12:21:55+00:00\" \/>\n<meta property=\"article:modified_time\" content=\"2024-06-18T12:26:09+00:00\" \/>\n<meta property=\"og:image\" content=\"https:\/\/www.univ-guyane.fr\/wp-content\/uploads\/conference-le-maroni-frontiere-ou-pays-unversite-de-guyane.jpeg\" \/>\n\t<meta property=\"og:image:width\" content=\"1800\" \/>\n\t<meta property=\"og:image:height\" content=\"1013\" \/>\n\t<meta property=\"og:image:type\" content=\"image\/jpeg\" \/>\n<meta name=\"author\" content=\"Erick Loiti\u00e8re\" \/>\n<meta name=\"twitter:card\" content=\"summary_large_image\" \/>\n<meta name=\"twitter:creator\" content=\"@univguyane\" \/>\n<meta name=\"twitter:site\" content=\"@univguyane\" \/>\n<meta name=\"twitter:label1\" content=\"Escrito por\" \/>\n\t<meta name=\"twitter:data1\" content=\"Erick Loiti\u00e8re\" \/>\n\t<meta name=\"twitter:label2\" content=\"Tiempo de lectura\" \/>\n\t<meta name=\"twitter:data2\" content=\"3 minutos\" \/>\n<script type=\"application\/ld+json\" class=\"yoast-schema-graph\">{\"@context\":\"https:\\\/\\\/schema.org\",\"@graph\":[{\"@type\":\"Article\",\"@id\":\"https:\\\/\\\/www.univ-guyane.fr\\\/2023\\\/04\\\/25\\\/le-maroni-frontiere-ou-pays\\\/#article\",\"isPartOf\":{\"@id\":\"https:\\\/\\\/www.univ-guyane.fr\\\/2023\\\/04\\\/25\\\/le-maroni-frontiere-ou-pays\\\/\"},\"author\":{\"name\":\"Erick Loiti\u00e8re\",\"@id\":\"https:\\\/\\\/www.univ-guyane.fr\\\/#\\\/schema\\\/person\\\/86d946a28a8be51bb096ccfdf19db179\"},\"headline\":\"Le Maroni, fronti\u00e8re ou pays ?\",\"datePublished\":\"2023-04-25T12:21:55+00:00\",\"dateModified\":\"2024-06-18T12:26:09+00:00\",\"mainEntityOfPage\":{\"@id\":\"https:\\\/\\\/www.univ-guyane.fr\\\/2023\\\/04\\\/25\\\/le-maroni-frontiere-ou-pays\\\/\"},\"wordCount\":753,\"publisher\":{\"@id\":\"https:\\\/\\\/www.univ-guyane.fr\\\/#organization\"},\"image\":{\"@id\":\"https:\\\/\\\/www.univ-guyane.fr\\\/2023\\\/04\\\/25\\\/le-maroni-frontiere-ou-pays\\\/#primaryimage\"},\"thumbnailUrl\":\"https:\\\/\\\/www.univ-guyane.fr\\\/wp-content\\\/uploads\\\/conference-le-maroni-frontiere-ou-pays-unversite-de-guyane.jpeg\",\"articleSection\":[\"\u2022 LEEISA\",\"\u2022\u00a0MINEA\"],\"inLanguage\":\"es\"},{\"@type\":\"WebPage\",\"@id\":\"https:\\\/\\\/www.univ-guyane.fr\\\/2023\\\/04\\\/25\\\/le-maroni-frontiere-ou-pays\\\/\",\"url\":\"https:\\\/\\\/www.univ-guyane.fr\\\/2023\\\/04\\\/25\\\/le-maroni-frontiere-ou-pays\\\/\",\"name\":\"Le Maroni, fronti\u00e8re ou pays ? &#8212; Universit\u00e9 de Guyane\",\"isPartOf\":{\"@id\":\"https:\\\/\\\/www.univ-guyane.fr\\\/#website\"},\"primaryImageOfPage\":{\"@id\":\"https:\\\/\\\/www.univ-guyane.fr\\\/2023\\\/04\\\/25\\\/le-maroni-frontiere-ou-pays\\\/#primaryimage\"},\"image\":{\"@id\":\"https:\\\/\\\/www.univ-guyane.fr\\\/2023\\\/04\\\/25\\\/le-maroni-frontiere-ou-pays\\\/#primaryimage\"},\"thumbnailUrl\":\"https:\\\/\\\/www.univ-guyane.fr\\\/wp-content\\\/uploads\\\/conference-le-maroni-frontiere-ou-pays-unversite-de-guyane.jpeg\",\"datePublished\":\"2023-04-25T12:21:55+00:00\",\"dateModified\":\"2024-06-18T12:26:09+00:00\",\"description\":\"D\u00e9couvrez l'histoire contest\u00e9e de la fronti\u00e8re sur le Maroni entre la France et le Suriname. Un espace complexe aux multiples facettes.\",\"breadcrumb\":{\"@id\":\"https:\\\/\\\/www.univ-guyane.fr\\\/2023\\\/04\\\/25\\\/le-maroni-frontiere-ou-pays\\\/#breadcrumb\"},\"inLanguage\":\"es\",\"potentialAction\":[{\"@type\":\"ReadAction\",\"target\":[\"https:\\\/\\\/www.univ-guyane.fr\\\/2023\\\/04\\\/25\\\/le-maroni-frontiere-ou-pays\\\/\"]}]},{\"@type\":\"ImageObject\",\"inLanguage\":\"es\",\"@id\":\"https:\\\/\\\/www.univ-guyane.fr\\\/2023\\\/04\\\/25\\\/le-maroni-frontiere-ou-pays\\\/#primaryimage\",\"url\":\"https:\\\/\\\/www.univ-guyane.fr\\\/wp-content\\\/uploads\\\/conference-le-maroni-frontiere-ou-pays-unversite-de-guyane.jpeg\",\"contentUrl\":\"https:\\\/\\\/www.univ-guyane.fr\\\/wp-content\\\/uploads\\\/conference-le-maroni-frontiere-ou-pays-unversite-de-guyane.jpeg\",\"width\":1800,\"height\":1013,\"caption\":\"Le Maroni, fronti\u00e8re ou pays ?\"},{\"@type\":\"BreadcrumbList\",\"@id\":\"https:\\\/\\\/www.univ-guyane.fr\\\/2023\\\/04\\\/25\\\/le-maroni-frontiere-ou-pays\\\/#breadcrumb\",\"itemListElement\":[{\"@type\":\"ListItem\",\"position\":1,\"name\":\"Accueil\",\"item\":\"https:\\\/\\\/www.univ-guyane.fr\\\/\"},{\"@type\":\"ListItem\",\"position\":2,\"name\":\"Le Maroni, fronti\u00e8re ou pays ?\"}]},{\"@type\":\"WebSite\",\"@id\":\"https:\\\/\\\/www.univ-guyane.fr\\\/#website\",\"url\":\"https:\\\/\\\/www.univ-guyane.fr\\\/\",\"name\":\"Universit\u00e9 de Guyane\",\"description\":\"Au c\u0153ur de l&#039;amazonie\",\"publisher\":{\"@id\":\"https:\\\/\\\/www.univ-guyane.fr\\\/#organization\"},\"alternateName\":\"UG\",\"potentialAction\":[{\"@type\":\"SearchAction\",\"target\":{\"@type\":\"EntryPoint\",\"urlTemplate\":\"https:\\\/\\\/www.univ-guyane.fr\\\/?s={search_term_string}\"},\"query-input\":{\"@type\":\"PropertyValueSpecification\",\"valueRequired\":true,\"valueName\":\"search_term_string\"}}],\"inLanguage\":\"es\"},{\"@type\":\"Organization\",\"@id\":\"https:\\\/\\\/www.univ-guyane.fr\\\/#organization\",\"name\":\"Universit\u00e9 de Guyane\",\"alternateName\":\"UG\",\"url\":\"https:\\\/\\\/www.univ-guyane.fr\\\/\",\"logo\":{\"@type\":\"ImageObject\",\"inLanguage\":\"es\",\"@id\":\"https:\\\/\\\/www.univ-guyane.fr\\\/#\\\/schema\\\/logo\\\/image\\\/\",\"url\":\"https:\\\/\\\/www.univ-guyane.fr\\\/wp-content\\\/uploads\\\/2024\\\/05\\\/f.png\",\"contentUrl\":\"https:\\\/\\\/www.univ-guyane.fr\\\/wp-content\\\/uploads\\\/2024\\\/05\\\/f.png\",\"width\":1024,\"height\":1024,\"caption\":\"Universit\u00e9 de Guyane\"},\"image\":{\"@id\":\"https:\\\/\\\/www.univ-guyane.fr\\\/#\\\/schema\\\/logo\\\/image\\\/\"},\"sameAs\":[\"https:\\\/\\\/www.facebook.com\\\/univguyane\",\"https:\\\/\\\/x.com\\\/univguyane\",\"https:\\\/\\\/gf.linkedin.com\\\/school\\\/universite-de-guyane\\\/\",\"https:\\\/\\\/www.instagram.com\\\/univ_guyane\\\/\"]},{\"@type\":\"Person\",\"@id\":\"https:\\\/\\\/www.univ-guyane.fr\\\/#\\\/schema\\\/person\\\/86d946a28a8be51bb096ccfdf19db179\",\"name\":\"Erick Loiti\u00e8re\",\"image\":{\"@type\":\"ImageObject\",\"inLanguage\":\"es\",\"@id\":\"https:\\\/\\\/secure.gravatar.com\\\/avatar\\\/0584f332103fbeaf37e52c73b15dca3c547fd9300deb05764e9ad8714839d072?s=96&d=robohash&r=g\",\"url\":\"https:\\\/\\\/secure.gravatar.com\\\/avatar\\\/0584f332103fbeaf37e52c73b15dca3c547fd9300deb05764e9ad8714839d072?s=96&d=robohash&r=g\",\"contentUrl\":\"https:\\\/\\\/secure.gravatar.com\\\/avatar\\\/0584f332103fbeaf37e52c73b15dca3c547fd9300deb05764e9ad8714839d072?s=96&d=robohash&r=g\",\"caption\":\"Erick Loiti\u00e8re\"},\"sameAs\":[\"http:\\\/\\\/www.univ-guyane.fr\"],\"url\":\"https:\\\/\\\/www.univ-guyane.fr\\\/es\\\/author\\\/eloitierdbz\\\/\"}]}<\/script>\n<!-- \/ Yoast SEO plugin. -->","yoast_head_json":{"title":"Los Maroni, \u00bffrontera o pa\u00eds? - Universidad de Guyana","description":"Descubra la controvertida historia de la frontera en el Maroni entre Francia y Surinam. Una zona compleja y polifac\u00e9tica.","robots":{"index":"index","follow":"follow","max-snippet":"max-snippet:-1","max-image-preview":"max-image-preview:large","max-video-preview":"max-video-preview:-1"},"canonical":"https:\/\/www.univ-guyane.fr\/es\/2023\/04\/25\/le-maroni-frontiere-ou-pays\/","og_locale":"es_ES","og_type":"article","og_title":"Le Maroni, fronti\u00e8re ou pays ? &#8212; Universit\u00e9 de Guyane","og_description":"D\u00e9couvrez l'histoire contest\u00e9e de la fronti\u00e8re sur le Maroni entre la France et le Suriname. Un espace complexe aux multiples facettes.","og_url":"https:\/\/www.univ-guyane.fr\/es\/2023\/04\/25\/le-maroni-frontiere-ou-pays\/","og_site_name":"Universit\u00e9 de Guyane","article_publisher":"https:\/\/www.facebook.com\/univguyane","article_published_time":"2023-04-25T12:21:55+00:00","article_modified_time":"2024-06-18T12:26:09+00:00","og_image":[{"width":1800,"height":1013,"url":"https:\/\/www.univ-guyane.fr\/wp-content\/uploads\/conference-le-maroni-frontiere-ou-pays-unversite-de-guyane.jpeg","type":"image\/jpeg"}],"author":"Erick Loiti\u00e8re","twitter_card":"summary_large_image","twitter_creator":"@univguyane","twitter_site":"@univguyane","twitter_misc":{"Escrito por":"Erick Loiti\u00e8re","Tiempo de lectura":"3 minutos"},"schema":{"@context":"https:\/\/schema.org","@graph":[{"@type":"Article","@id":"https:\/\/www.univ-guyane.fr\/2023\/04\/25\/le-maroni-frontiere-ou-pays\/#article","isPartOf":{"@id":"https:\/\/www.univ-guyane.fr\/2023\/04\/25\/le-maroni-frontiere-ou-pays\/"},"author":{"name":"Erick Loiti\u00e8re","@id":"https:\/\/www.univ-guyane.fr\/#\/schema\/person\/86d946a28a8be51bb096ccfdf19db179"},"headline":"Le Maroni, fronti\u00e8re ou pays ?","datePublished":"2023-04-25T12:21:55+00:00","dateModified":"2024-06-18T12:26:09+00:00","mainEntityOfPage":{"@id":"https:\/\/www.univ-guyane.fr\/2023\/04\/25\/le-maroni-frontiere-ou-pays\/"},"wordCount":753,"publisher":{"@id":"https:\/\/www.univ-guyane.fr\/#organization"},"image":{"@id":"https:\/\/www.univ-guyane.fr\/2023\/04\/25\/le-maroni-frontiere-ou-pays\/#primaryimage"},"thumbnailUrl":"https:\/\/www.univ-guyane.fr\/wp-content\/uploads\/conference-le-maroni-frontiere-ou-pays-unversite-de-guyane.jpeg","articleSection":["\u2022 LEEISA","\u2022\u00a0MINEA"],"inLanguage":"es"},{"@type":"WebPage","@id":"https:\/\/www.univ-guyane.fr\/2023\/04\/25\/le-maroni-frontiere-ou-pays\/","url":"https:\/\/www.univ-guyane.fr\/2023\/04\/25\/le-maroni-frontiere-ou-pays\/","name":"Los Maroni, \u00bffrontera o pa\u00eds? - Universidad de Guyana","isPartOf":{"@id":"https:\/\/www.univ-guyane.fr\/#website"},"primaryImageOfPage":{"@id":"https:\/\/www.univ-guyane.fr\/2023\/04\/25\/le-maroni-frontiere-ou-pays\/#primaryimage"},"image":{"@id":"https:\/\/www.univ-guyane.fr\/2023\/04\/25\/le-maroni-frontiere-ou-pays\/#primaryimage"},"thumbnailUrl":"https:\/\/www.univ-guyane.fr\/wp-content\/uploads\/conference-le-maroni-frontiere-ou-pays-unversite-de-guyane.jpeg","datePublished":"2023-04-25T12:21:55+00:00","dateModified":"2024-06-18T12:26:09+00:00","description":"Descubra la controvertida historia de la frontera en el Maroni entre Francia y Surinam. Una zona compleja y polifac\u00e9tica.","breadcrumb":{"@id":"https:\/\/www.univ-guyane.fr\/2023\/04\/25\/le-maroni-frontiere-ou-pays\/#breadcrumb"},"inLanguage":"es","potentialAction":[{"@type":"ReadAction","target":["https:\/\/www.univ-guyane.fr\/2023\/04\/25\/le-maroni-frontiere-ou-pays\/"]}]},{"@type":"ImageObject","inLanguage":"es","@id":"https:\/\/www.univ-guyane.fr\/2023\/04\/25\/le-maroni-frontiere-ou-pays\/#primaryimage","url":"https:\/\/www.univ-guyane.fr\/wp-content\/uploads\/conference-le-maroni-frontiere-ou-pays-unversite-de-guyane.jpeg","contentUrl":"https:\/\/www.univ-guyane.fr\/wp-content\/uploads\/conference-le-maroni-frontiere-ou-pays-unversite-de-guyane.jpeg","width":1800,"height":1013,"caption":"Le Maroni, fronti\u00e8re ou pays ?"},{"@type":"BreadcrumbList","@id":"https:\/\/www.univ-guyane.fr\/2023\/04\/25\/le-maroni-frontiere-ou-pays\/#breadcrumb","itemListElement":[{"@type":"ListItem","position":1,"name":"Accueil","item":"https:\/\/www.univ-guyane.fr\/"},{"@type":"ListItem","position":2,"name":"Le Maroni, fronti\u00e8re ou pays ?"}]},{"@type":"WebSite","@id":"https:\/\/www.univ-guyane.fr\/#website","url":"https:\/\/www.univ-guyane.fr\/","name":"Universidad de Guyana","description":"En el coraz\u00f3n de la Amazonia","publisher":{"@id":"https:\/\/www.univ-guyane.fr\/#organization"},"alternateName":"UG","potentialAction":[{"@type":"SearchAction","target":{"@type":"EntryPoint","urlTemplate":"https:\/\/www.univ-guyane.fr\/?s={search_term_string}"},"query-input":{"@type":"PropertyValueSpecification","valueRequired":true,"valueName":"search_term_string"}}],"inLanguage":"es"},{"@type":"Organization","@id":"https:\/\/www.univ-guyane.fr\/#organization","name":"Universidad de Guyana","alternateName":"UG","url":"https:\/\/www.univ-guyane.fr\/","logo":{"@type":"ImageObject","inLanguage":"es","@id":"https:\/\/www.univ-guyane.fr\/#\/schema\/logo\/image\/","url":"https:\/\/www.univ-guyane.fr\/wp-content\/uploads\/2024\/05\/f.png","contentUrl":"https:\/\/www.univ-guyane.fr\/wp-content\/uploads\/2024\/05\/f.png","width":1024,"height":1024,"caption":"Universit\u00e9 de Guyane"},"image":{"@id":"https:\/\/www.univ-guyane.fr\/#\/schema\/logo\/image\/"},"sameAs":["https:\/\/www.facebook.com\/univguyane","https:\/\/x.com\/univguyane","https:\/\/gf.linkedin.com\/school\/universite-de-guyane\/","https:\/\/www.instagram.com\/univ_guyane\/"]},{"@type":"Person","@id":"https:\/\/www.univ-guyane.fr\/#\/schema\/person\/86d946a28a8be51bb096ccfdf19db179","name":"Erick Loiti\u00e8re","image":{"@type":"ImageObject","inLanguage":"es","@id":"https:\/\/secure.gravatar.com\/avatar\/0584f332103fbeaf37e52c73b15dca3c547fd9300deb05764e9ad8714839d072?s=96&d=robohash&r=g","url":"https:\/\/secure.gravatar.com\/avatar\/0584f332103fbeaf37e52c73b15dca3c547fd9300deb05764e9ad8714839d072?s=96&d=robohash&r=g","contentUrl":"https:\/\/secure.gravatar.com\/avatar\/0584f332103fbeaf37e52c73b15dca3c547fd9300deb05764e9ad8714839d072?s=96&d=robohash&r=g","caption":"Erick Loiti\u00e8re"},"sameAs":["http:\/\/www.univ-guyane.fr"],"url":"https:\/\/www.univ-guyane.fr\/es\/author\/eloitierdbz\/"}]}},"_links":{"self":[{"href":"https:\/\/www.univ-guyane.fr\/es\/wp-json\/wp\/v2\/posts\/8549","targetHints":{"allow":["GET"]}}],"collection":[{"href":"https:\/\/www.univ-guyane.fr\/es\/wp-json\/wp\/v2\/posts"}],"about":[{"href":"https:\/\/www.univ-guyane.fr\/es\/wp-json\/wp\/v2\/types\/post"}],"author":[{"embeddable":true,"href":"https:\/\/www.univ-guyane.fr\/es\/wp-json\/wp\/v2\/users\/1"}],"replies":[{"embeddable":true,"href":"https:\/\/www.univ-guyane.fr\/es\/wp-json\/wp\/v2\/comments?post=8549"}],"version-history":[{"count":2,"href":"https:\/\/www.univ-guyane.fr\/es\/wp-json\/wp\/v2\/posts\/8549\/revisions"}],"predecessor-version":[{"id":8552,"href":"https:\/\/www.univ-guyane.fr\/es\/wp-json\/wp\/v2\/posts\/8549\/revisions\/8552"}],"wp:featuredmedia":[{"embeddable":true,"href":"https:\/\/www.univ-guyane.fr\/es\/wp-json\/wp\/v2\/media\/8550"}],"wp:attachment":[{"href":"https:\/\/www.univ-guyane.fr\/es\/wp-json\/wp\/v2\/media?parent=8549"}],"wp:term":[{"taxonomy":"category","embeddable":true,"href":"https:\/\/www.univ-guyane.fr\/es\/wp-json\/wp\/v2\/categories?post=8549"},{"taxonomy":"post_tag","embeddable":true,"href":"https:\/\/www.univ-guyane.fr\/es\/wp-json\/wp\/v2\/tags?post=8549"}],"curies":[{"name":"wp","href":"https:\/\/api.w.org\/{rel}","templated":true}]}}