{"id":8553,"date":"2023-04-21T09:27:05","date_gmt":"2023-04-21T12:27:05","guid":{"rendered":"https:\/\/www.univ-guyane.fr\/?p=8553"},"modified":"2024-06-18T09:30:10","modified_gmt":"2024-06-18T12:30:10","slug":"prise-en-charge-des-maladies-chroniques-un-regard-croise-benin-guyane-francaise","status":"publish","type":"post","link":"https:\/\/www.univ-guyane.fr\/es\/2023\/04\/21\/prise-en-charge-des-maladies-chroniques-un-regard-croise-benin-guyane-francaise\/","title":{"rendered":"Gesti\u00f3n de enfermedades cr\u00f3nicas: una perspectiva de Ben\u00edn y la Guayana Francesa"},"content":{"rendered":"<div id=\"fws_69f382353b7e5\"  data-column-margin=\"default\" data-midnight=\"dark\"  class=\"wpb_row vc_row-fluid vc_row\"  style=\"padding-top: 0px; padding-bottom: 0px; \"><div class=\"row-bg-wrap\" data-bg-animation=\"none\" data-bg-animation-delay=\"\" data-bg-overlay=\"false\"><div class=\"inner-wrap row-bg-layer\" ><div class=\"row-bg viewport-desktop\"  style=\"\"><\/div><\/div><\/div><div class=\"row_col_wrap_12 col span_12 dark left\">\n\t<div  class=\"vc_col-sm-12 wpb_column column_container vc_column_container col no-extra-padding inherit_tablet inherit_phone\"  data-padding-pos=\"all\" data-has-bg-color=\"false\" data-bg-color=\"\" data-bg-opacity=\"1\" data-animation=\"\" data-delay=\"0\" >\n\t\t<div class=\"vc_column-inner\" >\n\t\t\t<div class=\"wpb_wrapper\">\n\t\t\t\t\n<div class=\"wpb_text_column wpb_content_element  chapo\" >\n\t<h2><strong>Con motivo de la visita a Guayana Francesa de la Sra. Doroth\u00e9e KINDE-GAZARD, profesora de medicina de la Universidad de Abomey Calavi, el laboratorio del MINEA organiza una conferencia. \u00c9sta tendr\u00e1 lugar el mi\u00e9rcoles 26 de abril de 2023 a partir de las 9h en el anfiteatro A del campus de Troubiran. La conferencia se centrar\u00e1 en la gesti\u00f3n de las enfermedades cr\u00f3nicas.<\/strong><\/h2>\n<\/div>\n\n\n\n\n<div class=\"wpb_text_column wpb_content_element\" >\n\t<div class=\"wpb_text_column wpb_content_element\">\n<div class=\"wpb_wrapper\">\n<div id=\"lipsum\">\n<span class=\"nectar-dropcap\" >L <\/span>a direcci\u00f3n de esta conferencia correr\u00e1 a cargo de Doroth\u00e9e KINDE-GAZARD, catedr\u00e1tica de Medicina de la Universidad de Abomey Calavi, especialista en salud tropical y antigua Ministra de Sanidad de Ben\u00edn. Tambi\u00e9n estar\u00e1 presente en Guayana Francesa durante el seminario sobre sociedad, cultura y salud organizado por el laboratorio del MINEA y sus socios.<\/p>\n<p>Este seminario ofrecer\u00e1 una perspectiva transnacional entre la Guayana Francesa y Ben\u00edn, destacando las pr\u00e1cticas y experiencias en la gesti\u00f3n de las enfermedades cr\u00f3nicas en estos dos territorios, que se enfrentan a realidades sanitarias espec\u00edficas.<\/p>\n<p>Durante la visita, se celebrar\u00e1n varias reuniones y conferencias en Cayena, Saint-Laurent du Maroni y Macouria. En estas conferencias intervendr\u00e1n diversos agentes del sector sanitario de la regi\u00f3n. Profesores e investigadores de la Universidad de Guayana Francesa debatir\u00e1n diversos aspectos de la gesti\u00f3n de las enfermedades cr\u00f3nicas, con especial atenci\u00f3n a la hipertensi\u00f3n arterial, el VIH y la malaria; un enfoque transversal entre Guayana Francesa y Ben\u00edn.<\/p>\n<\/div>\n<\/div>\n<\/div>\n<div class=\"wpb_text_column wpb_content_element vc_custom_1682347295099\">\n<div class=\"wpb_wrapper\">\n<h3><strong>Programa<\/strong><\/h3>\n<p>Lunes 24 de abril<\/p>\n<ul>\n<li>Salida para descubrir Macouria.<\/li>\n<li>Conferencia de salud p\u00fablica \"Tuberculosis\" - Ciudad de Macouria \/ ARS Guyane.<\/li>\n<\/ul>\n<hr \/>\n<p>Martes 25 de abril<\/p>\n<ul>\n<li>Visita a las unidades de investigaci\u00f3n locales: TBIPP e Institut PASTEUR.<\/li>\n<li>Conferencia de salud p\u00fablica \"Malaria\" - Ciudad de Macouria \/ ARS Guyane.<\/li>\n<\/ul>\n<hr \/>\n<p>Mi\u00e9rcoles 26 de abril<\/p>\n<ul>\n<li>Mesas redondas multidisciplinares: \"La gesti\u00f3n de las enfermedades cr\u00f3nicas, una muestra de Ben\u00edn y la Guayana Francesa\" - Universidad de la Guayana Francesa \/ Laboratorio MINEA.<\/li>\n<li>Reuni\u00f3n con estudiantes de sanidad - Universit\u00e9 de Guyane \/ IFSI \/ Externat \/ IUT de Kourou.<\/li>\n<\/ul>\n<hr \/>\n<p>Jueves 27 de abril<\/p>\n<ul>\n<li>Visita a Saint-Laurent du Maroni.<\/li>\n<li>Reuni\u00f3n con la asociaci\u00f3n Mama Bobi - Local de l'<\/li>\n<li>Conferencia \"Medicina alternativa e interculturalidad\" - en el SLM CHOG.<\/li>\n<\/ul>\n<\/div>\n<\/div>\n<div class=\"wpb_text_column wpb_content_element\">\n<div class=\"wpb_wrapper\">\n<h3><strong>Informaci\u00f3n e inscripci\u00f3n en conferencias<\/strong><\/h3>\n<p>Ayuntamiento de Macouria: kaGRACEETIENNE@villedemacouria.fr<br \/>\nUniversidad de Guyana: 0694244450 monique.blerald@univ-guyane.fr<br \/>\nMINEA: +33 6 95008069 hugues.domingo@univ-guyane.fr<br \/>\nCorresponsal Guyana-Ben\u00edn: 0694226062 happykoffi@gmail.com<\/p>\n<\/div>\n<\/div>\n<div class=\"wpb_text_column wpb_content_element vc_custom_1682347060343\">\n<div class=\"wpb_wrapper\">\n<p><strong>Unas palabras sobre Doroth\u00e9e Akoko Kind\u00e9<\/strong><strong>-Gazard<\/strong><\/p>\n<p>Doroth\u00e9e Akoko Kind\u00e9-Gazard (KINDE-GAZARD) ocupa desde 2012 la c\u00e1tedra de Parasitolog\u00eda-Micolog\u00eda de la Universidad de Abomey Calavi, en Ben\u00edn, tras obtener su agr\u00e9gation en 2004. Su experiencia, reconocida internacionalmente, le ha valido varios premios, entre ellos:<\/p>\n<ul>\n<li>Caballero de la Legi\u00f3n de Honor de la Rep\u00fablica Francesa (2009)<\/li>\n<li>Caballero de la Legi\u00f3n de Honor de Ben\u00edn (2014)<\/li>\n<li>Liderazgo Ministerial en Sanidad Harvard (2014)<\/li>\n<li>Medalla Socio Paul Harris del Club Rotario<\/li>\n<\/ul>\n<p>El profesor KINDE-GAZARD es actualmente Presidente del Comit\u00e9 de Estrategia del Fondo Mundial, y fue Coordinador del Programa Nacional de Lucha contra la Malaria (2001-2005) en Ben\u00edn y Codirector de los I y II Cursos Internacionales Franc\u00f3fonos de Lucha contra la Malaria en el marco de la iniciativa \"Hacer retroceder el paludismo\" (2000 y 2003).<\/p>\n<p>Experta y consultora internacional, la profesora Doroth\u00e9e KINDE-GAZARD ha colaborado con numerosas instituciones internacionales, como la OMS (Organizaci\u00f3n Mundial de la Salud; incluso fue candidata a la direcci\u00f3n regional de \u00c1frica en 2014). UNICEF, Comit\u00e9 Directivo Panafricano, UNFPA, etc.<\/p>\n<p>Presidente del MCP del Fondo Mundial: Movilizaci\u00f3n de las rondas 5 VIH\/SIDA, ronda 6 Tuberculosis, ronda 7 y Presidente del Comit\u00e9 de Coordinaci\u00f3n Regional del proyecto Corredor Abiy\u00e1n-Lagos de lucha contra el VIH\/SIDA entre las poblaciones migrantes, el Profesor KINDE-GAZARD ha ocupado recientemente los cargos de Jefe de la Unidad de Formaci\u00f3n e Investigaci\u00f3n en Parasitolog\u00eda-Micolog\u00eda de la Facultad de Ciencias de la Salud de Coton\u00fa; Coordinador del Centro Integrado de Lucha contra el Paludismo (CLIP); Director Adjunto del Instituto de Investigaci\u00f3n Cl\u00ednica de Ben\u00edn (IRCB); y Coordinador del Diploma de Estudios Especiales en Biolog\u00eda Cl\u00ednica de 2015 a 2022.<\/p>\n<p>La profesora Doroth\u00e9e Akoko KINDE-GAZARD tiene 65 a\u00f1os y puede jubilarse. Es autora de m\u00e1s de setenta (70) publicaciones cient\u00edficas y directora de unas sesenta tesis doctorales en medicina y farmacia en \u00c1frica.<\/p>\n<\/div>\n<\/div>\n<\/div>\n\n\n\n\n\t\t\t<\/div> \n\t\t<\/div>\n\t<\/div> \n<\/div><\/div>","protected":false},"excerpt":{"rendered":"Con motivo de la visita a Guayana Francesa de Doroth\u00e9e KINDE-GAZARD, Profesora de Medicina en...","protected":false},"author":1,"featured_media":8554,"comment_status":"closed","ping_status":"open","sticky":false,"template":"","format":"standard","meta":{"iawp_total_views":42,"footnotes":""},"categories":[187],"tags":[],"class_list":{"0":"post-8553","1":"post","2":"type-post","3":"status-publish","4":"format-standard","5":"has-post-thumbnail","7":"category-minea"},"yoast_head":"<!-- This site is optimized with the Yoast SEO plugin v27.5 - https:\/\/yoast.com\/product\/yoast-seo-wordpress\/ -->\n<title>Prise en charge des maladies chroniques : un regard crois\u00e9 B\u00e9nin-Guyane fran\u00e7aise &#8212; Universit\u00e9 de Guyane<\/title>\n<meta name=\"description\" content=\"Conf\u00e9rence sur la prise en charge des maladies chroniques en Guyane et au B\u00e9nin par Doroth\u00e9e KINDE-GAZARD, sp\u00e9cialiste de sant\u00e9 tropicale.\" \/>\n<meta name=\"robots\" content=\"index, follow, max-snippet:-1, max-image-preview:large, max-video-preview:-1\" \/>\n<link rel=\"canonical\" href=\"https:\/\/www.univ-guyane.fr\/es\/2023\/04\/21\/prise-en-charge-des-maladies-chroniques-un-regard-croise-benin-guyane-francaise\/\" \/>\n<meta property=\"og:locale\" content=\"es_ES\" \/>\n<meta property=\"og:type\" content=\"article\" \/>\n<meta property=\"og:title\" content=\"Prise en charge des maladies chroniques : un regard crois\u00e9 B\u00e9nin-Guyane fran\u00e7aise &#8212; Universit\u00e9 de Guyane\" \/>\n<meta property=\"og:description\" content=\"Conf\u00e9rence sur la prise en charge des maladies chroniques en Guyane et au B\u00e9nin par Doroth\u00e9e KINDE-GAZARD, sp\u00e9cialiste de sant\u00e9 tropicale.\" \/>\n<meta property=\"og:url\" content=\"https:\/\/www.univ-guyane.fr\/es\/2023\/04\/21\/prise-en-charge-des-maladies-chroniques-un-regard-croise-benin-guyane-francaise\/\" \/>\n<meta property=\"og:site_name\" content=\"Universit\u00e9 de Guyane\" \/>\n<meta property=\"article:publisher\" content=\"https:\/\/www.facebook.com\/univguyane\" \/>\n<meta property=\"article:published_time\" content=\"2023-04-21T12:27:05+00:00\" \/>\n<meta property=\"article:modified_time\" content=\"2024-06-18T12:30:10+00:00\" \/>\n<meta property=\"og:image\" content=\"https:\/\/www.univ-guyane.fr\/wp-content\/uploads\/conference-prise-en-charge-des-maladies-chroniques-un-regard-croise-benin-guyane-universite-de-guyane.jpeg\" \/>\n\t<meta property=\"og:image:width\" content=\"1800\" \/>\n\t<meta property=\"og:image:height\" content=\"1013\" \/>\n\t<meta property=\"og:image:type\" content=\"image\/jpeg\" \/>\n<meta name=\"author\" content=\"Erick Loiti\u00e8re\" \/>\n<meta name=\"twitter:card\" content=\"summary_large_image\" \/>\n<meta name=\"twitter:creator\" content=\"@univguyane\" \/>\n<meta name=\"twitter:site\" content=\"@univguyane\" \/>\n<meta name=\"twitter:label1\" content=\"Escrito por\" \/>\n\t<meta name=\"twitter:data1\" content=\"Erick Loiti\u00e8re\" \/>\n\t<meta name=\"twitter:label2\" content=\"Tiempo de lectura\" \/>\n\t<meta name=\"twitter:data2\" content=\"4 minutos\" \/>\n<script type=\"application\/ld+json\" class=\"yoast-schema-graph\">{\"@context\":\"https:\\\/\\\/schema.org\",\"@graph\":[{\"@type\":\"Article\",\"@id\":\"https:\\\/\\\/www.univ-guyane.fr\\\/2023\\\/04\\\/21\\\/prise-en-charge-des-maladies-chroniques-un-regard-croise-benin-guyane-francaise\\\/#article\",\"isPartOf\":{\"@id\":\"https:\\\/\\\/www.univ-guyane.fr\\\/2023\\\/04\\\/21\\\/prise-en-charge-des-maladies-chroniques-un-regard-croise-benin-guyane-francaise\\\/\"},\"author\":{\"name\":\"Erick Loiti\u00e8re\",\"@id\":\"https:\\\/\\\/www.univ-guyane.fr\\\/#\\\/schema\\\/person\\\/86d946a28a8be51bb096ccfdf19db179\"},\"headline\":\"Prise en charge des maladies chroniques : un regard crois\u00e9 B\u00e9nin-Guyane fran\u00e7aise\",\"datePublished\":\"2023-04-21T12:27:05+00:00\",\"dateModified\":\"2024-06-18T12:30:10+00:00\",\"mainEntityOfPage\":{\"@id\":\"https:\\\/\\\/www.univ-guyane.fr\\\/2023\\\/04\\\/21\\\/prise-en-charge-des-maladies-chroniques-un-regard-croise-benin-guyane-francaise\\\/\"},\"wordCount\":929,\"publisher\":{\"@id\":\"https:\\\/\\\/www.univ-guyane.fr\\\/#organization\"},\"image\":{\"@id\":\"https:\\\/\\\/www.univ-guyane.fr\\\/2023\\\/04\\\/21\\\/prise-en-charge-des-maladies-chroniques-un-regard-croise-benin-guyane-francaise\\\/#primaryimage\"},\"thumbnailUrl\":\"https:\\\/\\\/www.univ-guyane.fr\\\/wp-content\\\/uploads\\\/conference-prise-en-charge-des-maladies-chroniques-un-regard-croise-benin-guyane-universite-de-guyane.jpeg\",\"articleSection\":[\"\u2022\u00a0MINEA\"],\"inLanguage\":\"es\"},{\"@type\":\"WebPage\",\"@id\":\"https:\\\/\\\/www.univ-guyane.fr\\\/2023\\\/04\\\/21\\\/prise-en-charge-des-maladies-chroniques-un-regard-croise-benin-guyane-francaise\\\/\",\"url\":\"https:\\\/\\\/www.univ-guyane.fr\\\/2023\\\/04\\\/21\\\/prise-en-charge-des-maladies-chroniques-un-regard-croise-benin-guyane-francaise\\\/\",\"name\":\"Prise en charge des maladies chroniques : un regard crois\u00e9 B\u00e9nin-Guyane fran\u00e7aise &#8212; Universit\u00e9 de Guyane\",\"isPartOf\":{\"@id\":\"https:\\\/\\\/www.univ-guyane.fr\\\/#website\"},\"primaryImageOfPage\":{\"@id\":\"https:\\\/\\\/www.univ-guyane.fr\\\/2023\\\/04\\\/21\\\/prise-en-charge-des-maladies-chroniques-un-regard-croise-benin-guyane-francaise\\\/#primaryimage\"},\"image\":{\"@id\":\"https:\\\/\\\/www.univ-guyane.fr\\\/2023\\\/04\\\/21\\\/prise-en-charge-des-maladies-chroniques-un-regard-croise-benin-guyane-francaise\\\/#primaryimage\"},\"thumbnailUrl\":\"https:\\\/\\\/www.univ-guyane.fr\\\/wp-content\\\/uploads\\\/conference-prise-en-charge-des-maladies-chroniques-un-regard-croise-benin-guyane-universite-de-guyane.jpeg\",\"datePublished\":\"2023-04-21T12:27:05+00:00\",\"dateModified\":\"2024-06-18T12:30:10+00:00\",\"description\":\"Conf\u00e9rence sur la prise en charge des maladies chroniques en Guyane et au B\u00e9nin par Doroth\u00e9e KINDE-GAZARD, sp\u00e9cialiste de sant\u00e9 tropicale.\",\"breadcrumb\":{\"@id\":\"https:\\\/\\\/www.univ-guyane.fr\\\/2023\\\/04\\\/21\\\/prise-en-charge-des-maladies-chroniques-un-regard-croise-benin-guyane-francaise\\\/#breadcrumb\"},\"inLanguage\":\"es\",\"potentialAction\":[{\"@type\":\"ReadAction\",\"target\":[\"https:\\\/\\\/www.univ-guyane.fr\\\/2023\\\/04\\\/21\\\/prise-en-charge-des-maladies-chroniques-un-regard-croise-benin-guyane-francaise\\\/\"]}]},{\"@type\":\"ImageObject\",\"inLanguage\":\"es\",\"@id\":\"https:\\\/\\\/www.univ-guyane.fr\\\/2023\\\/04\\\/21\\\/prise-en-charge-des-maladies-chroniques-un-regard-croise-benin-guyane-francaise\\\/#primaryimage\",\"url\":\"https:\\\/\\\/www.univ-guyane.fr\\\/wp-content\\\/uploads\\\/conference-prise-en-charge-des-maladies-chroniques-un-regard-croise-benin-guyane-universite-de-guyane.jpeg\",\"contentUrl\":\"https:\\\/\\\/www.univ-guyane.fr\\\/wp-content\\\/uploads\\\/conference-prise-en-charge-des-maladies-chroniques-un-regard-croise-benin-guyane-universite-de-guyane.jpeg\",\"width\":1800,\"height\":1013,\"caption\":\"Prise en charge des maladies chroniques : un regard crois\u00e9 B\u00e9nin-Guyane fran\u00e7aise\"},{\"@type\":\"BreadcrumbList\",\"@id\":\"https:\\\/\\\/www.univ-guyane.fr\\\/2023\\\/04\\\/21\\\/prise-en-charge-des-maladies-chroniques-un-regard-croise-benin-guyane-francaise\\\/#breadcrumb\",\"itemListElement\":[{\"@type\":\"ListItem\",\"position\":1,\"name\":\"Accueil\",\"item\":\"https:\\\/\\\/www.univ-guyane.fr\\\/\"},{\"@type\":\"ListItem\",\"position\":2,\"name\":\"Prise en charge des maladies chroniques : un regard crois\u00e9 B\u00e9nin-Guyane fran\u00e7aise\"}]},{\"@type\":\"WebSite\",\"@id\":\"https:\\\/\\\/www.univ-guyane.fr\\\/#website\",\"url\":\"https:\\\/\\\/www.univ-guyane.fr\\\/\",\"name\":\"Universit\u00e9 de Guyane\",\"description\":\"Au c\u0153ur de l&#039;amazonie\",\"publisher\":{\"@id\":\"https:\\\/\\\/www.univ-guyane.fr\\\/#organization\"},\"alternateName\":\"UG\",\"potentialAction\":[{\"@type\":\"SearchAction\",\"target\":{\"@type\":\"EntryPoint\",\"urlTemplate\":\"https:\\\/\\\/www.univ-guyane.fr\\\/?s={search_term_string}\"},\"query-input\":{\"@type\":\"PropertyValueSpecification\",\"valueRequired\":true,\"valueName\":\"search_term_string\"}}],\"inLanguage\":\"es\"},{\"@type\":\"Organization\",\"@id\":\"https:\\\/\\\/www.univ-guyane.fr\\\/#organization\",\"name\":\"Universit\u00e9 de Guyane\",\"alternateName\":\"UG\",\"url\":\"https:\\\/\\\/www.univ-guyane.fr\\\/\",\"logo\":{\"@type\":\"ImageObject\",\"inLanguage\":\"es\",\"@id\":\"https:\\\/\\\/www.univ-guyane.fr\\\/#\\\/schema\\\/logo\\\/image\\\/\",\"url\":\"https:\\\/\\\/www.univ-guyane.fr\\\/wp-content\\\/uploads\\\/2024\\\/05\\\/f.png\",\"contentUrl\":\"https:\\\/\\\/www.univ-guyane.fr\\\/wp-content\\\/uploads\\\/2024\\\/05\\\/f.png\",\"width\":1024,\"height\":1024,\"caption\":\"Universit\u00e9 de Guyane\"},\"image\":{\"@id\":\"https:\\\/\\\/www.univ-guyane.fr\\\/#\\\/schema\\\/logo\\\/image\\\/\"},\"sameAs\":[\"https:\\\/\\\/www.facebook.com\\\/univguyane\",\"https:\\\/\\\/x.com\\\/univguyane\",\"https:\\\/\\\/gf.linkedin.com\\\/school\\\/universite-de-guyane\\\/\",\"https:\\\/\\\/www.instagram.com\\\/univ_guyane\\\/\"]},{\"@type\":\"Person\",\"@id\":\"https:\\\/\\\/www.univ-guyane.fr\\\/#\\\/schema\\\/person\\\/86d946a28a8be51bb096ccfdf19db179\",\"name\":\"Erick Loiti\u00e8re\",\"image\":{\"@type\":\"ImageObject\",\"inLanguage\":\"es\",\"@id\":\"https:\\\/\\\/secure.gravatar.com\\\/avatar\\\/0584f332103fbeaf37e52c73b15dca3c547fd9300deb05764e9ad8714839d072?s=96&d=robohash&r=g\",\"url\":\"https:\\\/\\\/secure.gravatar.com\\\/avatar\\\/0584f332103fbeaf37e52c73b15dca3c547fd9300deb05764e9ad8714839d072?s=96&d=robohash&r=g\",\"contentUrl\":\"https:\\\/\\\/secure.gravatar.com\\\/avatar\\\/0584f332103fbeaf37e52c73b15dca3c547fd9300deb05764e9ad8714839d072?s=96&d=robohash&r=g\",\"caption\":\"Erick Loiti\u00e8re\"},\"sameAs\":[\"http:\\\/\\\/www.univ-guyane.fr\"],\"url\":\"https:\\\/\\\/www.univ-guyane.fr\\\/es\\\/author\\\/eloitierdbz\\\/\"}]}<\/script>\n<!-- \/ Yoast SEO plugin. -->","yoast_head_json":{"title":"Prise en charge des maladies chroniques : un regard crois\u00e9 B\u00e9nin-Guyane fran\u00e7aise &#8212; Universit\u00e9 de Guyane","description":"Conf\u00e9rence sur la prise en charge des maladies chroniques en Guyane et au B\u00e9nin par Doroth\u00e9e KINDE-GAZARD, sp\u00e9cialiste de sant\u00e9 tropicale.","robots":{"index":"index","follow":"follow","max-snippet":"max-snippet:-1","max-image-preview":"max-image-preview:large","max-video-preview":"max-video-preview:-1"},"canonical":"https:\/\/www.univ-guyane.fr\/es\/2023\/04\/21\/prise-en-charge-des-maladies-chroniques-un-regard-croise-benin-guyane-francaise\/","og_locale":"es_ES","og_type":"article","og_title":"Prise en charge des maladies chroniques : un regard crois\u00e9 B\u00e9nin-Guyane fran\u00e7aise &#8212; Universit\u00e9 de Guyane","og_description":"Conf\u00e9rence sur la prise en charge des maladies chroniques en Guyane et au B\u00e9nin par Doroth\u00e9e KINDE-GAZARD, sp\u00e9cialiste de sant\u00e9 tropicale.","og_url":"https:\/\/www.univ-guyane.fr\/es\/2023\/04\/21\/prise-en-charge-des-maladies-chroniques-un-regard-croise-benin-guyane-francaise\/","og_site_name":"Universit\u00e9 de Guyane","article_publisher":"https:\/\/www.facebook.com\/univguyane","article_published_time":"2023-04-21T12:27:05+00:00","article_modified_time":"2024-06-18T12:30:10+00:00","og_image":[{"width":1800,"height":1013,"url":"https:\/\/www.univ-guyane.fr\/wp-content\/uploads\/conference-prise-en-charge-des-maladies-chroniques-un-regard-croise-benin-guyane-universite-de-guyane.jpeg","type":"image\/jpeg"}],"author":"Erick Loiti\u00e8re","twitter_card":"summary_large_image","twitter_creator":"@univguyane","twitter_site":"@univguyane","twitter_misc":{"Escrito por":"Erick Loiti\u00e8re","Tiempo de lectura":"4 minutos"},"schema":{"@context":"https:\/\/schema.org","@graph":[{"@type":"Article","@id":"https:\/\/www.univ-guyane.fr\/2023\/04\/21\/prise-en-charge-des-maladies-chroniques-un-regard-croise-benin-guyane-francaise\/#article","isPartOf":{"@id":"https:\/\/www.univ-guyane.fr\/2023\/04\/21\/prise-en-charge-des-maladies-chroniques-un-regard-croise-benin-guyane-francaise\/"},"author":{"name":"Erick Loiti\u00e8re","@id":"https:\/\/www.univ-guyane.fr\/#\/schema\/person\/86d946a28a8be51bb096ccfdf19db179"},"headline":"Prise en charge des maladies chroniques : un regard crois\u00e9 B\u00e9nin-Guyane fran\u00e7aise","datePublished":"2023-04-21T12:27:05+00:00","dateModified":"2024-06-18T12:30:10+00:00","mainEntityOfPage":{"@id":"https:\/\/www.univ-guyane.fr\/2023\/04\/21\/prise-en-charge-des-maladies-chroniques-un-regard-croise-benin-guyane-francaise\/"},"wordCount":929,"publisher":{"@id":"https:\/\/www.univ-guyane.fr\/#organization"},"image":{"@id":"https:\/\/www.univ-guyane.fr\/2023\/04\/21\/prise-en-charge-des-maladies-chroniques-un-regard-croise-benin-guyane-francaise\/#primaryimage"},"thumbnailUrl":"https:\/\/www.univ-guyane.fr\/wp-content\/uploads\/conference-prise-en-charge-des-maladies-chroniques-un-regard-croise-benin-guyane-universite-de-guyane.jpeg","articleSection":["\u2022\u00a0MINEA"],"inLanguage":"es"},{"@type":"WebPage","@id":"https:\/\/www.univ-guyane.fr\/2023\/04\/21\/prise-en-charge-des-maladies-chroniques-un-regard-croise-benin-guyane-francaise\/","url":"https:\/\/www.univ-guyane.fr\/2023\/04\/21\/prise-en-charge-des-maladies-chroniques-un-regard-croise-benin-guyane-francaise\/","name":"Prise en charge des maladies chroniques : un regard crois\u00e9 B\u00e9nin-Guyane fran\u00e7aise &#8212; Universit\u00e9 de Guyane","isPartOf":{"@id":"https:\/\/www.univ-guyane.fr\/#website"},"primaryImageOfPage":{"@id":"https:\/\/www.univ-guyane.fr\/2023\/04\/21\/prise-en-charge-des-maladies-chroniques-un-regard-croise-benin-guyane-francaise\/#primaryimage"},"image":{"@id":"https:\/\/www.univ-guyane.fr\/2023\/04\/21\/prise-en-charge-des-maladies-chroniques-un-regard-croise-benin-guyane-francaise\/#primaryimage"},"thumbnailUrl":"https:\/\/www.univ-guyane.fr\/wp-content\/uploads\/conference-prise-en-charge-des-maladies-chroniques-un-regard-croise-benin-guyane-universite-de-guyane.jpeg","datePublished":"2023-04-21T12:27:05+00:00","dateModified":"2024-06-18T12:30:10+00:00","description":"Conf\u00e9rence sur la prise en charge des maladies chroniques en Guyane et au B\u00e9nin par Doroth\u00e9e KINDE-GAZARD, sp\u00e9cialiste de sant\u00e9 tropicale.","breadcrumb":{"@id":"https:\/\/www.univ-guyane.fr\/2023\/04\/21\/prise-en-charge-des-maladies-chroniques-un-regard-croise-benin-guyane-francaise\/#breadcrumb"},"inLanguage":"es","potentialAction":[{"@type":"ReadAction","target":["https:\/\/www.univ-guyane.fr\/2023\/04\/21\/prise-en-charge-des-maladies-chroniques-un-regard-croise-benin-guyane-francaise\/"]}]},{"@type":"ImageObject","inLanguage":"es","@id":"https:\/\/www.univ-guyane.fr\/2023\/04\/21\/prise-en-charge-des-maladies-chroniques-un-regard-croise-benin-guyane-francaise\/#primaryimage","url":"https:\/\/www.univ-guyane.fr\/wp-content\/uploads\/conference-prise-en-charge-des-maladies-chroniques-un-regard-croise-benin-guyane-universite-de-guyane.jpeg","contentUrl":"https:\/\/www.univ-guyane.fr\/wp-content\/uploads\/conference-prise-en-charge-des-maladies-chroniques-un-regard-croise-benin-guyane-universite-de-guyane.jpeg","width":1800,"height":1013,"caption":"Prise en charge des maladies chroniques : un regard crois\u00e9 B\u00e9nin-Guyane fran\u00e7aise"},{"@type":"BreadcrumbList","@id":"https:\/\/www.univ-guyane.fr\/2023\/04\/21\/prise-en-charge-des-maladies-chroniques-un-regard-croise-benin-guyane-francaise\/#breadcrumb","itemListElement":[{"@type":"ListItem","position":1,"name":"Accueil","item":"https:\/\/www.univ-guyane.fr\/"},{"@type":"ListItem","position":2,"name":"Prise en charge des maladies chroniques : un regard crois\u00e9 B\u00e9nin-Guyane fran\u00e7aise"}]},{"@type":"WebSite","@id":"https:\/\/www.univ-guyane.fr\/#website","url":"https:\/\/www.univ-guyane.fr\/","name":"Universidad de Guyana","description":"En el coraz\u00f3n de la Amazonia","publisher":{"@id":"https:\/\/www.univ-guyane.fr\/#organization"},"alternateName":"UG","potentialAction":[{"@type":"SearchAction","target":{"@type":"EntryPoint","urlTemplate":"https:\/\/www.univ-guyane.fr\/?s={search_term_string}"},"query-input":{"@type":"PropertyValueSpecification","valueRequired":true,"valueName":"search_term_string"}}],"inLanguage":"es"},{"@type":"Organization","@id":"https:\/\/www.univ-guyane.fr\/#organization","name":"Universidad de Guyana","alternateName":"UG","url":"https:\/\/www.univ-guyane.fr\/","logo":{"@type":"ImageObject","inLanguage":"es","@id":"https:\/\/www.univ-guyane.fr\/#\/schema\/logo\/image\/","url":"https:\/\/www.univ-guyane.fr\/wp-content\/uploads\/2024\/05\/f.png","contentUrl":"https:\/\/www.univ-guyane.fr\/wp-content\/uploads\/2024\/05\/f.png","width":1024,"height":1024,"caption":"Universit\u00e9 de Guyane"},"image":{"@id":"https:\/\/www.univ-guyane.fr\/#\/schema\/logo\/image\/"},"sameAs":["https:\/\/www.facebook.com\/univguyane","https:\/\/x.com\/univguyane","https:\/\/gf.linkedin.com\/school\/universite-de-guyane\/","https:\/\/www.instagram.com\/univ_guyane\/"]},{"@type":"Person","@id":"https:\/\/www.univ-guyane.fr\/#\/schema\/person\/86d946a28a8be51bb096ccfdf19db179","name":"Erick Loiti\u00e8re","image":{"@type":"ImageObject","inLanguage":"es","@id":"https:\/\/secure.gravatar.com\/avatar\/0584f332103fbeaf37e52c73b15dca3c547fd9300deb05764e9ad8714839d072?s=96&d=robohash&r=g","url":"https:\/\/secure.gravatar.com\/avatar\/0584f332103fbeaf37e52c73b15dca3c547fd9300deb05764e9ad8714839d072?s=96&d=robohash&r=g","contentUrl":"https:\/\/secure.gravatar.com\/avatar\/0584f332103fbeaf37e52c73b15dca3c547fd9300deb05764e9ad8714839d072?s=96&d=robohash&r=g","caption":"Erick Loiti\u00e8re"},"sameAs":["http:\/\/www.univ-guyane.fr"],"url":"https:\/\/www.univ-guyane.fr\/es\/author\/eloitierdbz\/"}]}},"_links":{"self":[{"href":"https:\/\/www.univ-guyane.fr\/es\/wp-json\/wp\/v2\/posts\/8553","targetHints":{"allow":["GET"]}}],"collection":[{"href":"https:\/\/www.univ-guyane.fr\/es\/wp-json\/wp\/v2\/posts"}],"about":[{"href":"https:\/\/www.univ-guyane.fr\/es\/wp-json\/wp\/v2\/types\/post"}],"author":[{"embeddable":true,"href":"https:\/\/www.univ-guyane.fr\/es\/wp-json\/wp\/v2\/users\/1"}],"replies":[{"embeddable":true,"href":"https:\/\/www.univ-guyane.fr\/es\/wp-json\/wp\/v2\/comments?post=8553"}],"version-history":[{"count":1,"href":"https:\/\/www.univ-guyane.fr\/es\/wp-json\/wp\/v2\/posts\/8553\/revisions"}],"predecessor-version":[{"id":8555,"href":"https:\/\/www.univ-guyane.fr\/es\/wp-json\/wp\/v2\/posts\/8553\/revisions\/8555"}],"wp:featuredmedia":[{"embeddable":true,"href":"https:\/\/www.univ-guyane.fr\/es\/wp-json\/wp\/v2\/media\/8554"}],"wp:attachment":[{"href":"https:\/\/www.univ-guyane.fr\/es\/wp-json\/wp\/v2\/media?parent=8553"}],"wp:term":[{"taxonomy":"category","embeddable":true,"href":"https:\/\/www.univ-guyane.fr\/es\/wp-json\/wp\/v2\/categories?post=8553"},{"taxonomy":"post_tag","embeddable":true,"href":"https:\/\/www.univ-guyane.fr\/es\/wp-json\/wp\/v2\/tags?post=8553"}],"curies":[{"name":"wp","href":"https:\/\/api.w.org\/{rel}","templated":true}]}}