{"id":8557,"date":"2023-04-06T09:31:02","date_gmt":"2023-04-06T12:31:02","guid":{"rendered":"https:\/\/www.univ-guyane.fr\/?p=8557"},"modified":"2024-06-18T09:35:27","modified_gmt":"2024-06-18T12:35:27","slug":"recrutement-dassistants-deducation-en-pre-professionnalisation","status":"publish","type":"post","link":"https:\/\/www.univ-guyane.fr\/es\/2023\/04\/06\/recrutement-dassistants-deducation-en-pre-professionnalisation\/","title":{"rendered":"Contrataci\u00f3n de asistentes de formaci\u00f3n preprofesional"},"content":{"rendered":"<div id=\"fws_69f187a3d0b79\"  data-column-margin=\"default\" data-midnight=\"dark\"  class=\"wpb_row vc_row-fluid vc_row\"  style=\"padding-top: 0px; padding-bottom: 0px; \"><div class=\"row-bg-wrap\" data-bg-animation=\"none\" data-bg-animation-delay=\"\" data-bg-overlay=\"false\"><div class=\"inner-wrap row-bg-layer\" ><div class=\"row-bg viewport-desktop\"  style=\"\"><\/div><\/div><\/div><div class=\"row_col_wrap_12 col span_12 dark left\">\n\t<div  class=\"vc_col-sm-12 wpb_column column_container vc_column_container col no-extra-padding inherit_tablet inherit_phone\"  data-padding-pos=\"all\" data-has-bg-color=\"false\" data-bg-color=\"\" data-bg-opacity=\"1\" data-animation=\"\" data-delay=\"0\" >\n\t\t<div class=\"vc_column-inner\" >\n\t\t\t<div class=\"wpb_wrapper\">\n\t\t\t\t\n<div class=\"wpb_text_column wpb_content_element  chapo\" >\n\t<h2>El Rectorado de Guayana, en colaboraci\u00f3n con la Universidad de Guayana, ofrece a los estudiantes que ingresen en el segundo a\u00f1o de su licenciatura en septiembre de 2023, cuyo plan de carrera sea convertirse en profesores, la oportunidad de inscribirse en un programa que les permita combinar un curso universitario con una formaci\u00f3n pr\u00e1ctica en una escuela primaria o secundaria.<\/h2>\n<\/div>\n\n\n\n\n<div class=\"wpb_text_column wpb_content_element\" >\n\t<div class=\"wpb_text_column wpb_content_element\">\n<div class=\"wpb_wrapper\">\n<span class=\"nectar-dropcap\" >L <\/span>l servicio de un asistente educativo preprofesional (AED) es de 8 horas semanales (6 horas semanales en la escuela + 2 horas de preparaci\u00f3n del Diploma Universitario (D.U) \"profesiones docentes\") durante todo el a\u00f1o escolar. El tiempo de permanencia en las escuelas se adapta para que los estudiantes puedan compaginar sus estudios universitarios con su contrato de AED. Los estudiantes contratados son supervisados sobre el terreno por un tutor, que se encarga de orientarlos a medida que van asumiendo progresivamente sus funciones docentes, y en la universidad por un tutor, que se encarga de supervisar el buen funcionamiento del programa y, en particular, de velar por que la formaci\u00f3n universitaria se combine adecuadamente con el tiempo dedicado a las escuelas.<\/p>\n<\/div>\n<\/div>\n<div class=\"wpb_text_column wpb_content_element\">\n<div class=\"wpb_wrapper\">\n<h3>Las tareas encomendadas a los estudiantes contratados<\/h3>\n<ul>\n<li>En L2: observaciones, ayuda ocasional con secuencias, participaci\u00f3n en la ayuda con los deberes, etc.<\/li>\n<li>En L3: participaci\u00f3n en el apoyo personalizado, ayuda ocasional en secuencias did\u00e1cticas bajo la responsabilidad del profesor de la clase, participaci\u00f3n en la ayuda con los deberes, etc.<\/li>\n<li>En M1 MEEF: el estudiante se responsabilizar\u00e1 parcialmente de secuencias did\u00e1cticas, en particular como sustituto de profesores en la escuela.<\/li>\n<li>En M2 MEEF: el alumno tiene total responsabilidad y est\u00e1 a cargo de una clase durante 6 horas.<\/li>\n<\/ul>\n<h3>Condiciones<\/h3>\n<ul>\n<li>Justificante de matr\u00edcula en L2 al inicio del curso 2023-2024 en la Universidad de Guayana.<\/li>\n<li>Haber adquirido 60 cr\u00e9ditos ECTS como parte de una licenciatura\u00a0<em>(dado que el requisito de adquisici\u00f3n de cr\u00e9ditos se eval\u00faa en el momento en que entra en vigor el contrato de preprofesionalizaci\u00f3n, en las fases de contrataci\u00f3n pueden participar, por tanto, estudiantes que est\u00e9n en proceso de obtenci\u00f3n de cr\u00e9ditos que les permitan alcanzar el umbral de 60 cr\u00e9ditos ECTS).<\/em><\/li>\n<li>La convocatoria est\u00e1 abierta a todos los estudiantes, con o sin beca. Los contratos de formaci\u00f3n preprofesional tienen una duraci\u00f3n de tres a\u00f1os (con posibilidad de prorrogar el contrato un a\u00f1o m\u00e1s, previa aprobaci\u00f3n de la comisi\u00f3n, a M2).<\/li>\n<\/ul>\n<p>La candidatura es examinada por una comisi\u00f3n docente mixta Universidad\/Rectorado, que emite un dictamen sobre la motivaci\u00f3n y la aptitud. A continuaci\u00f3n, se eval\u00faa la candidatura para determinar si puede optar a un contrato de trabajo. Una vez validada la solicitud, el estudiante recibe un contrato de preprofesionalizaci\u00f3n y es acogido en un 1<sup>er<\/sup>\u00a0o 2<sup>nd<\/sup>\u00a0grado. El contrato comienza el 1 de septiembre de 2023. Esta adscripci\u00f3n a una escuela o facultad no modifica la forma en que se eval\u00faan los conocimientos necesarios para convalidar el t\u00edtulo, ni la obligaci\u00f3n de asistir a clase. Las condiciones de contrataci\u00f3n son compatibles con la formaci\u00f3n universitaria, y los DEA siguen toda su formaci\u00f3n en la universidad con la estricta obligaci\u00f3n de asistir a todas las clases, tutor\u00edas y trabajos pr\u00e1cticos.<\/p>\n<div class=\"ug_container-yellow\"><strong>Lo que hay que saber:<\/strong> no puede elegir el lugar de destino, ya que las escuelas no siempre est\u00e1n situadas cerca de su lugar de residencia.<\/div>\n<h3><strong>Remuneraci\u00f3n (sueldo mensual neto)<\/strong><\/h3>\n<ul>\n<li>L2: \u20ac1,100<\/li>\n<li>L3: \u20ac1,400<\/li>\n<li>M1: \u20ac1,440<\/li>\n<li>M2: \u20ac1,440<\/li>\n<\/ul>\n<div class=\"ug_container-red\"><strong>Esta remuneraci\u00f3n puede combinarse con una beca de estudios basada en criterios sociales<\/strong><\/div>\n<h3><strong>Casos especiales<\/strong><\/h3>\n<ul>\n<li>La contrataci\u00f3n para el programa de preprofesionalizaci\u00f3n de la DEA no est\u00e1 abierta a los estudiantes que acceden (o ya est\u00e1n en) L3 y M1.<\/li>\n<li>Estudiantes internacionales: no existe ning\u00fan requisito de nacionalidad para ser contratado como asalariado. No obstante, los estudiantes de fuera de la Uni\u00f3n Europea deben ser titulares de un permiso de residencia que les autorice a trabajar en Francia o de un permiso de residencia de estudiante (de conformidad con el decreto n\u00ba 86-83 de 17 de enero de 1986 relativo a las disposiciones generales aplicables a los funcionarios del Estado no titulares, adoptado para la aplicaci\u00f3n del art\u00edculo 7 de la ley n\u00ba 84-16 de 11 de enero de 1984 relativa a las disposiciones estatutarias relativas a la funci\u00f3n p\u00fablica del Estado).<\/li>\n<\/ul>\n<h3><strong>Presentaci\u00f3n de solicitudes electr\u00f3nicas<\/strong><\/h3>\n<p>Todos los solicitantes del r\u00e9gimen deben crear un expediente electr\u00f3nico en el\u00a0<a href=\"https:\/\/web.archive.org\/web\/20230720173328\/http:\/\/ecandidat.univ-guyane.fr\/ecandidat\/#!accueilView\">Candidato electr\u00f3nico<\/a>. No se aceptar\u00e1n solicitudes en papel.\u00a0<strong>Plazo de presentaci\u00f3n de candidaturas: JUEVES 25 DE MAYO DE 2023<\/strong><\/p>\n<p><strong>Composici\u00f3n del expediente<\/strong><\/p>\n<ul>\n<li>Copia de su documento de identidad v\u00e1lido<\/li>\n<li>Copia del permiso de residencia que le autoriza a trabajar o permiso de residencia de estudiante v\u00e1lido<\/li>\n<li>Copia de su certificado de seguridad social<\/li>\n<li>Foto tama\u00f1o carn\u00e9<\/li>\n<li>Carta de presentaci\u00f3n<\/li>\n<li>CV<\/li>\n<li>Certificados de notas de L1 o BAC+1<\/li>\n<li>Certificado de notas del primer semestre del a\u00f1o en curso (el certificado de notas del segundo semestre se enviar\u00e1 posteriormente)<\/li>\n<li>Copia de las notas del BAC<\/li>\n<li>Diploma BAC<\/li>\n<li><a href=\"https:\/\/web.archive.org\/web\/20230720173328\/https:\/\/www.service-public.fr\/particuliers\/vosdroits\/F1420\">Antecedentes penales B3<\/a><\/li>\n<li>Certificado de formaci\u00f3n o experiencia laboral<\/li>\n<li>RNB<\/li>\n<li>Copia del libro de familia (si hay hijos a cargo)<\/li>\n<li>Formulario SFT (Suplemento Familiar de Tratamiento)<\/li>\n<li>Inscripci\u00f3n <a href=\"https:\/\/web.archive.org\/web\/20230720173328\/https:\/\/bv.ac-guyane.fr\/siaten\/jsp\/login.jsp\">SIATEN<\/a> obligatorio<\/li>\n<\/ul>\n<\/div>\n<\/div>\n<p><a class=\"nectar-button large regular accent-color regular-button\" href=\"https:\/\/web.archive.org\/web\/20230720173328\/https:\/\/www.univ-guyane.fr\/ugfm\/index.php?dir=docs%2Fscolarite%2FAED%2F\" target=\"_blank\" rel=\"noopener\" data-color-override=\"false\" data-hover-color-override=\"false\" data-hover-text-color-override=\"#fff\">Descargas<\/a><\/p>\n<\/div>\n\n\n\n\n\t\t\t<\/div> \n\t\t<\/div>\n\t<\/div> \n<\/div><\/div>","protected":false},"excerpt":{"rendered":"El Rectorado de Guyana, en colaboraci\u00f3n con la Universidad de Guyana, ofrece a los estudiantes...","protected":false},"author":1,"featured_media":8559,"comment_status":"closed","ping_status":"open","sticky":false,"template":"","format":"standard","meta":{"iawp_total_views":352,"footnotes":""},"categories":[7,14,9],"tags":[],"class_list":{"0":"post-8557","1":"post","2":"type-post","3":"status-publish","4":"format-standard","5":"has-post-thumbnail","7":"category-inspe","8":"category-lsh","9":"category-st"},"yoast_head":"<!-- This site is optimized with the Yoast SEO plugin v27.5 - https:\/\/yoast.com\/product\/yoast-seo-wordpress\/ -->\n<title>Recrutement d\u2019assistants d\u2019\u00e9ducation en pr\u00e9 professionnalisation &#8212; Universit\u00e9 de Guyane<\/title>\n<meta name=\"description\" content=\"D\u00e9couvrez le recrutement d&#039;assistants d&#039;\u00e9ducation et leurs missions p\u00e9dagogiques. Un contrat adapt\u00e9 pour les \u00e9tudiants universitaires.\" \/>\n<meta name=\"robots\" content=\"index, follow, max-snippet:-1, max-image-preview:large, max-video-preview:-1\" \/>\n<link rel=\"canonical\" href=\"https:\/\/www.univ-guyane.fr\/es\/2023\/04\/06\/recrutement-dassistants-deducation-en-pre-professionnalisation\/\" \/>\n<meta property=\"og:locale\" content=\"es_ES\" \/>\n<meta property=\"og:type\" content=\"article\" \/>\n<meta property=\"og:title\" content=\"Recrutement d\u2019assistants d\u2019\u00e9ducation en pr\u00e9 professionnalisation &#8212; Universit\u00e9 de Guyane\" \/>\n<meta property=\"og:description\" content=\"D\u00e9couvrez le recrutement d&#039;assistants d&#039;\u00e9ducation et leurs missions p\u00e9dagogiques. Un contrat adapt\u00e9 pour les \u00e9tudiants universitaires.\" \/>\n<meta property=\"og:url\" content=\"https:\/\/www.univ-guyane.fr\/es\/2023\/04\/06\/recrutement-dassistants-deducation-en-pre-professionnalisation\/\" \/>\n<meta property=\"og:site_name\" content=\"Universit\u00e9 de Guyane\" \/>\n<meta property=\"article:publisher\" content=\"https:\/\/www.facebook.com\/univguyane\" \/>\n<meta property=\"article:published_time\" content=\"2023-04-06T12:31:02+00:00\" \/>\n<meta property=\"article:modified_time\" content=\"2024-06-18T12:35:27+00:00\" \/>\n<meta property=\"og:image\" content=\"https:\/\/www.univ-guyane.fr\/wp-content\/uploads\/recrutement-d-assistants-d-education-en-preprofessionnalisation-universite-de-guyane-b.jpeg\" \/>\n\t<meta property=\"og:image:width\" content=\"1800\" \/>\n\t<meta property=\"og:image:height\" content=\"1013\" \/>\n\t<meta property=\"og:image:type\" content=\"image\/jpeg\" \/>\n<meta name=\"author\" content=\"Erick Loiti\u00e8re\" \/>\n<meta name=\"twitter:card\" content=\"summary_large_image\" \/>\n<meta name=\"twitter:creator\" content=\"@univguyane\" \/>\n<meta name=\"twitter:site\" content=\"@univguyane\" \/>\n<meta name=\"twitter:label1\" content=\"Escrito por\" \/>\n\t<meta name=\"twitter:data1\" content=\"Erick Loiti\u00e8re\" \/>\n\t<meta name=\"twitter:label2\" content=\"Tiempo de lectura\" \/>\n\t<meta name=\"twitter:data2\" content=\"5 minutos\" \/>\n<script type=\"application\/ld+json\" class=\"yoast-schema-graph\">{\"@context\":\"https:\\\/\\\/schema.org\",\"@graph\":[{\"@type\":\"Article\",\"@id\":\"https:\\\/\\\/www.univ-guyane.fr\\\/2023\\\/04\\\/06\\\/recrutement-dassistants-deducation-en-pre-professionnalisation\\\/#article\",\"isPartOf\":{\"@id\":\"https:\\\/\\\/www.univ-guyane.fr\\\/2023\\\/04\\\/06\\\/recrutement-dassistants-deducation-en-pre-professionnalisation\\\/\"},\"author\":{\"name\":\"Erick Loiti\u00e8re\",\"@id\":\"https:\\\/\\\/www.univ-guyane.fr\\\/#\\\/schema\\\/person\\\/86d946a28a8be51bb096ccfdf19db179\"},\"headline\":\"Recrutement d\u2019assistants d\u2019\u00e9ducation en pr\u00e9 professionnalisation\",\"datePublished\":\"2023-04-06T12:31:02+00:00\",\"dateModified\":\"2024-06-18T12:35:27+00:00\",\"mainEntityOfPage\":{\"@id\":\"https:\\\/\\\/www.univ-guyane.fr\\\/2023\\\/04\\\/06\\\/recrutement-dassistants-deducation-en-pre-professionnalisation\\\/\"},\"wordCount\":1091,\"publisher\":{\"@id\":\"https:\\\/\\\/www.univ-guyane.fr\\\/#organization\"},\"image\":{\"@id\":\"https:\\\/\\\/www.univ-guyane.fr\\\/2023\\\/04\\\/06\\\/recrutement-dassistants-deducation-en-pre-professionnalisation\\\/#primaryimage\"},\"thumbnailUrl\":\"https:\\\/\\\/www.univ-guyane.fr\\\/wp-content\\\/uploads\\\/recrutement-d-assistants-d-education-en-preprofessionnalisation-universite-de-guyane-b.jpeg\",\"articleSection\":[\"\u2022 INSPE\",\"\u2022 LSH\",\"\u2022 ST\"],\"inLanguage\":\"es\"},{\"@type\":\"WebPage\",\"@id\":\"https:\\\/\\\/www.univ-guyane.fr\\\/2023\\\/04\\\/06\\\/recrutement-dassistants-deducation-en-pre-professionnalisation\\\/\",\"url\":\"https:\\\/\\\/www.univ-guyane.fr\\\/2023\\\/04\\\/06\\\/recrutement-dassistants-deducation-en-pre-professionnalisation\\\/\",\"name\":\"Recrutement d\u2019assistants d\u2019\u00e9ducation en pr\u00e9 professionnalisation &#8212; Universit\u00e9 de Guyane\",\"isPartOf\":{\"@id\":\"https:\\\/\\\/www.univ-guyane.fr\\\/#website\"},\"primaryImageOfPage\":{\"@id\":\"https:\\\/\\\/www.univ-guyane.fr\\\/2023\\\/04\\\/06\\\/recrutement-dassistants-deducation-en-pre-professionnalisation\\\/#primaryimage\"},\"image\":{\"@id\":\"https:\\\/\\\/www.univ-guyane.fr\\\/2023\\\/04\\\/06\\\/recrutement-dassistants-deducation-en-pre-professionnalisation\\\/#primaryimage\"},\"thumbnailUrl\":\"https:\\\/\\\/www.univ-guyane.fr\\\/wp-content\\\/uploads\\\/recrutement-d-assistants-d-education-en-preprofessionnalisation-universite-de-guyane-b.jpeg\",\"datePublished\":\"2023-04-06T12:31:02+00:00\",\"dateModified\":\"2024-06-18T12:35:27+00:00\",\"description\":\"D\u00e9couvrez le recrutement d'assistants d'\u00e9ducation et leurs missions p\u00e9dagogiques. Un contrat adapt\u00e9 pour les \u00e9tudiants universitaires.\",\"breadcrumb\":{\"@id\":\"https:\\\/\\\/www.univ-guyane.fr\\\/2023\\\/04\\\/06\\\/recrutement-dassistants-deducation-en-pre-professionnalisation\\\/#breadcrumb\"},\"inLanguage\":\"es\",\"potentialAction\":[{\"@type\":\"ReadAction\",\"target\":[\"https:\\\/\\\/www.univ-guyane.fr\\\/2023\\\/04\\\/06\\\/recrutement-dassistants-deducation-en-pre-professionnalisation\\\/\"]}]},{\"@type\":\"ImageObject\",\"inLanguage\":\"es\",\"@id\":\"https:\\\/\\\/www.univ-guyane.fr\\\/2023\\\/04\\\/06\\\/recrutement-dassistants-deducation-en-pre-professionnalisation\\\/#primaryimage\",\"url\":\"https:\\\/\\\/www.univ-guyane.fr\\\/wp-content\\\/uploads\\\/recrutement-d-assistants-d-education-en-preprofessionnalisation-universite-de-guyane-b.jpeg\",\"contentUrl\":\"https:\\\/\\\/www.univ-guyane.fr\\\/wp-content\\\/uploads\\\/recrutement-d-assistants-d-education-en-preprofessionnalisation-universite-de-guyane-b.jpeg\",\"width\":1800,\"height\":1013,\"caption\":\"Recrutement d\u2019assistants d\u2019\u00e9ducation en pr\u00e9 professionnalisation\"},{\"@type\":\"BreadcrumbList\",\"@id\":\"https:\\\/\\\/www.univ-guyane.fr\\\/2023\\\/04\\\/06\\\/recrutement-dassistants-deducation-en-pre-professionnalisation\\\/#breadcrumb\",\"itemListElement\":[{\"@type\":\"ListItem\",\"position\":1,\"name\":\"Accueil\",\"item\":\"https:\\\/\\\/www.univ-guyane.fr\\\/\"},{\"@type\":\"ListItem\",\"position\":2,\"name\":\"Recrutement d\u2019assistants d\u2019\u00e9ducation en pr\u00e9 professionnalisation\"}]},{\"@type\":\"WebSite\",\"@id\":\"https:\\\/\\\/www.univ-guyane.fr\\\/#website\",\"url\":\"https:\\\/\\\/www.univ-guyane.fr\\\/\",\"name\":\"Universit\u00e9 de Guyane\",\"description\":\"Au c\u0153ur de l&#039;amazonie\",\"publisher\":{\"@id\":\"https:\\\/\\\/www.univ-guyane.fr\\\/#organization\"},\"alternateName\":\"UG\",\"potentialAction\":[{\"@type\":\"SearchAction\",\"target\":{\"@type\":\"EntryPoint\",\"urlTemplate\":\"https:\\\/\\\/www.univ-guyane.fr\\\/?s={search_term_string}\"},\"query-input\":{\"@type\":\"PropertyValueSpecification\",\"valueRequired\":true,\"valueName\":\"search_term_string\"}}],\"inLanguage\":\"es\"},{\"@type\":\"Organization\",\"@id\":\"https:\\\/\\\/www.univ-guyane.fr\\\/#organization\",\"name\":\"Universit\u00e9 de Guyane\",\"alternateName\":\"UG\",\"url\":\"https:\\\/\\\/www.univ-guyane.fr\\\/\",\"logo\":{\"@type\":\"ImageObject\",\"inLanguage\":\"es\",\"@id\":\"https:\\\/\\\/www.univ-guyane.fr\\\/#\\\/schema\\\/logo\\\/image\\\/\",\"url\":\"https:\\\/\\\/www.univ-guyane.fr\\\/wp-content\\\/uploads\\\/2024\\\/05\\\/f.png\",\"contentUrl\":\"https:\\\/\\\/www.univ-guyane.fr\\\/wp-content\\\/uploads\\\/2024\\\/05\\\/f.png\",\"width\":1024,\"height\":1024,\"caption\":\"Universit\u00e9 de Guyane\"},\"image\":{\"@id\":\"https:\\\/\\\/www.univ-guyane.fr\\\/#\\\/schema\\\/logo\\\/image\\\/\"},\"sameAs\":[\"https:\\\/\\\/www.facebook.com\\\/univguyane\",\"https:\\\/\\\/x.com\\\/univguyane\",\"https:\\\/\\\/gf.linkedin.com\\\/school\\\/universite-de-guyane\\\/\",\"https:\\\/\\\/www.instagram.com\\\/univ_guyane\\\/\"]},{\"@type\":\"Person\",\"@id\":\"https:\\\/\\\/www.univ-guyane.fr\\\/#\\\/schema\\\/person\\\/86d946a28a8be51bb096ccfdf19db179\",\"name\":\"Erick Loiti\u00e8re\",\"image\":{\"@type\":\"ImageObject\",\"inLanguage\":\"es\",\"@id\":\"https:\\\/\\\/secure.gravatar.com\\\/avatar\\\/0584f332103fbeaf37e52c73b15dca3c547fd9300deb05764e9ad8714839d072?s=96&d=robohash&r=g\",\"url\":\"https:\\\/\\\/secure.gravatar.com\\\/avatar\\\/0584f332103fbeaf37e52c73b15dca3c547fd9300deb05764e9ad8714839d072?s=96&d=robohash&r=g\",\"contentUrl\":\"https:\\\/\\\/secure.gravatar.com\\\/avatar\\\/0584f332103fbeaf37e52c73b15dca3c547fd9300deb05764e9ad8714839d072?s=96&d=robohash&r=g\",\"caption\":\"Erick Loiti\u00e8re\"},\"sameAs\":[\"http:\\\/\\\/www.univ-guyane.fr\"],\"url\":\"https:\\\/\\\/www.univ-guyane.fr\\\/es\\\/author\\\/eloitierdbz\\\/\"}]}<\/script>\n<!-- \/ Yoast SEO plugin. -->","yoast_head_json":{"title":"Contrataci\u00f3n de asistentes de formaci\u00f3n preprofesional - Universit\u00e9 de Guyane","description":"M\u00e1s informaci\u00f3n sobre la contrataci\u00f3n de asistentes educativos y sus funciones docentes. Un contrato adaptado a los estudiantes universitarios.","robots":{"index":"index","follow":"follow","max-snippet":"max-snippet:-1","max-image-preview":"max-image-preview:large","max-video-preview":"max-video-preview:-1"},"canonical":"https:\/\/www.univ-guyane.fr\/es\/2023\/04\/06\/recrutement-dassistants-deducation-en-pre-professionnalisation\/","og_locale":"es_ES","og_type":"article","og_title":"Recrutement d\u2019assistants d\u2019\u00e9ducation en pr\u00e9 professionnalisation &#8212; Universit\u00e9 de Guyane","og_description":"D\u00e9couvrez le recrutement d'assistants d'\u00e9ducation et leurs missions p\u00e9dagogiques. Un contrat adapt\u00e9 pour les \u00e9tudiants universitaires.","og_url":"https:\/\/www.univ-guyane.fr\/es\/2023\/04\/06\/recrutement-dassistants-deducation-en-pre-professionnalisation\/","og_site_name":"Universit\u00e9 de Guyane","article_publisher":"https:\/\/www.facebook.com\/univguyane","article_published_time":"2023-04-06T12:31:02+00:00","article_modified_time":"2024-06-18T12:35:27+00:00","og_image":[{"width":1800,"height":1013,"url":"https:\/\/www.univ-guyane.fr\/wp-content\/uploads\/recrutement-d-assistants-d-education-en-preprofessionnalisation-universite-de-guyane-b.jpeg","type":"image\/jpeg"}],"author":"Erick Loiti\u00e8re","twitter_card":"summary_large_image","twitter_creator":"@univguyane","twitter_site":"@univguyane","twitter_misc":{"Escrito por":"Erick Loiti\u00e8re","Tiempo de lectura":"5 minutos"},"schema":{"@context":"https:\/\/schema.org","@graph":[{"@type":"Article","@id":"https:\/\/www.univ-guyane.fr\/2023\/04\/06\/recrutement-dassistants-deducation-en-pre-professionnalisation\/#article","isPartOf":{"@id":"https:\/\/www.univ-guyane.fr\/2023\/04\/06\/recrutement-dassistants-deducation-en-pre-professionnalisation\/"},"author":{"name":"Erick Loiti\u00e8re","@id":"https:\/\/www.univ-guyane.fr\/#\/schema\/person\/86d946a28a8be51bb096ccfdf19db179"},"headline":"Recrutement d\u2019assistants d\u2019\u00e9ducation en pr\u00e9 professionnalisation","datePublished":"2023-04-06T12:31:02+00:00","dateModified":"2024-06-18T12:35:27+00:00","mainEntityOfPage":{"@id":"https:\/\/www.univ-guyane.fr\/2023\/04\/06\/recrutement-dassistants-deducation-en-pre-professionnalisation\/"},"wordCount":1091,"publisher":{"@id":"https:\/\/www.univ-guyane.fr\/#organization"},"image":{"@id":"https:\/\/www.univ-guyane.fr\/2023\/04\/06\/recrutement-dassistants-deducation-en-pre-professionnalisation\/#primaryimage"},"thumbnailUrl":"https:\/\/www.univ-guyane.fr\/wp-content\/uploads\/recrutement-d-assistants-d-education-en-preprofessionnalisation-universite-de-guyane-b.jpeg","articleSection":["\u2022 INSPE","\u2022 LSH","\u2022 ST"],"inLanguage":"es"},{"@type":"WebPage","@id":"https:\/\/www.univ-guyane.fr\/2023\/04\/06\/recrutement-dassistants-deducation-en-pre-professionnalisation\/","url":"https:\/\/www.univ-guyane.fr\/2023\/04\/06\/recrutement-dassistants-deducation-en-pre-professionnalisation\/","name":"Contrataci\u00f3n de asistentes de formaci\u00f3n preprofesional - Universit\u00e9 de Guyane","isPartOf":{"@id":"https:\/\/www.univ-guyane.fr\/#website"},"primaryImageOfPage":{"@id":"https:\/\/www.univ-guyane.fr\/2023\/04\/06\/recrutement-dassistants-deducation-en-pre-professionnalisation\/#primaryimage"},"image":{"@id":"https:\/\/www.univ-guyane.fr\/2023\/04\/06\/recrutement-dassistants-deducation-en-pre-professionnalisation\/#primaryimage"},"thumbnailUrl":"https:\/\/www.univ-guyane.fr\/wp-content\/uploads\/recrutement-d-assistants-d-education-en-preprofessionnalisation-universite-de-guyane-b.jpeg","datePublished":"2023-04-06T12:31:02+00:00","dateModified":"2024-06-18T12:35:27+00:00","description":"M\u00e1s informaci\u00f3n sobre la contrataci\u00f3n de asistentes educativos y sus funciones docentes. Un contrato adaptado a los estudiantes universitarios.","breadcrumb":{"@id":"https:\/\/www.univ-guyane.fr\/2023\/04\/06\/recrutement-dassistants-deducation-en-pre-professionnalisation\/#breadcrumb"},"inLanguage":"es","potentialAction":[{"@type":"ReadAction","target":["https:\/\/www.univ-guyane.fr\/2023\/04\/06\/recrutement-dassistants-deducation-en-pre-professionnalisation\/"]}]},{"@type":"ImageObject","inLanguage":"es","@id":"https:\/\/www.univ-guyane.fr\/2023\/04\/06\/recrutement-dassistants-deducation-en-pre-professionnalisation\/#primaryimage","url":"https:\/\/www.univ-guyane.fr\/wp-content\/uploads\/recrutement-d-assistants-d-education-en-preprofessionnalisation-universite-de-guyane-b.jpeg","contentUrl":"https:\/\/www.univ-guyane.fr\/wp-content\/uploads\/recrutement-d-assistants-d-education-en-preprofessionnalisation-universite-de-guyane-b.jpeg","width":1800,"height":1013,"caption":"Recrutement d\u2019assistants d\u2019\u00e9ducation en pr\u00e9 professionnalisation"},{"@type":"BreadcrumbList","@id":"https:\/\/www.univ-guyane.fr\/2023\/04\/06\/recrutement-dassistants-deducation-en-pre-professionnalisation\/#breadcrumb","itemListElement":[{"@type":"ListItem","position":1,"name":"Accueil","item":"https:\/\/www.univ-guyane.fr\/"},{"@type":"ListItem","position":2,"name":"Recrutement d\u2019assistants d\u2019\u00e9ducation en pr\u00e9 professionnalisation"}]},{"@type":"WebSite","@id":"https:\/\/www.univ-guyane.fr\/#website","url":"https:\/\/www.univ-guyane.fr\/","name":"Universidad de Guyana","description":"En el coraz\u00f3n de la Amazonia","publisher":{"@id":"https:\/\/www.univ-guyane.fr\/#organization"},"alternateName":"UG","potentialAction":[{"@type":"SearchAction","target":{"@type":"EntryPoint","urlTemplate":"https:\/\/www.univ-guyane.fr\/?s={search_term_string}"},"query-input":{"@type":"PropertyValueSpecification","valueRequired":true,"valueName":"search_term_string"}}],"inLanguage":"es"},{"@type":"Organization","@id":"https:\/\/www.univ-guyane.fr\/#organization","name":"Universidad de Guyana","alternateName":"UG","url":"https:\/\/www.univ-guyane.fr\/","logo":{"@type":"ImageObject","inLanguage":"es","@id":"https:\/\/www.univ-guyane.fr\/#\/schema\/logo\/image\/","url":"https:\/\/www.univ-guyane.fr\/wp-content\/uploads\/2024\/05\/f.png","contentUrl":"https:\/\/www.univ-guyane.fr\/wp-content\/uploads\/2024\/05\/f.png","width":1024,"height":1024,"caption":"Universit\u00e9 de Guyane"},"image":{"@id":"https:\/\/www.univ-guyane.fr\/#\/schema\/logo\/image\/"},"sameAs":["https:\/\/www.facebook.com\/univguyane","https:\/\/x.com\/univguyane","https:\/\/gf.linkedin.com\/school\/universite-de-guyane\/","https:\/\/www.instagram.com\/univ_guyane\/"]},{"@type":"Person","@id":"https:\/\/www.univ-guyane.fr\/#\/schema\/person\/86d946a28a8be51bb096ccfdf19db179","name":"Erick Loiti\u00e8re","image":{"@type":"ImageObject","inLanguage":"es","@id":"https:\/\/secure.gravatar.com\/avatar\/0584f332103fbeaf37e52c73b15dca3c547fd9300deb05764e9ad8714839d072?s=96&d=robohash&r=g","url":"https:\/\/secure.gravatar.com\/avatar\/0584f332103fbeaf37e52c73b15dca3c547fd9300deb05764e9ad8714839d072?s=96&d=robohash&r=g","contentUrl":"https:\/\/secure.gravatar.com\/avatar\/0584f332103fbeaf37e52c73b15dca3c547fd9300deb05764e9ad8714839d072?s=96&d=robohash&r=g","caption":"Erick Loiti\u00e8re"},"sameAs":["http:\/\/www.univ-guyane.fr"],"url":"https:\/\/www.univ-guyane.fr\/es\/author\/eloitierdbz\/"}]}},"_links":{"self":[{"href":"https:\/\/www.univ-guyane.fr\/es\/wp-json\/wp\/v2\/posts\/8557","targetHints":{"allow":["GET"]}}],"collection":[{"href":"https:\/\/www.univ-guyane.fr\/es\/wp-json\/wp\/v2\/posts"}],"about":[{"href":"https:\/\/www.univ-guyane.fr\/es\/wp-json\/wp\/v2\/types\/post"}],"author":[{"embeddable":true,"href":"https:\/\/www.univ-guyane.fr\/es\/wp-json\/wp\/v2\/users\/1"}],"replies":[{"embeddable":true,"href":"https:\/\/www.univ-guyane.fr\/es\/wp-json\/wp\/v2\/comments?post=8557"}],"version-history":[{"count":1,"href":"https:\/\/www.univ-guyane.fr\/es\/wp-json\/wp\/v2\/posts\/8557\/revisions"}],"predecessor-version":[{"id":8558,"href":"https:\/\/www.univ-guyane.fr\/es\/wp-json\/wp\/v2\/posts\/8557\/revisions\/8558"}],"wp:featuredmedia":[{"embeddable":true,"href":"https:\/\/www.univ-guyane.fr\/es\/wp-json\/wp\/v2\/media\/8559"}],"wp:attachment":[{"href":"https:\/\/www.univ-guyane.fr\/es\/wp-json\/wp\/v2\/media?parent=8557"}],"wp:term":[{"taxonomy":"category","embeddable":true,"href":"https:\/\/www.univ-guyane.fr\/es\/wp-json\/wp\/v2\/categories?post=8557"},{"taxonomy":"post_tag","embeddable":true,"href":"https:\/\/www.univ-guyane.fr\/es\/wp-json\/wp\/v2\/tags?post=8557"}],"curies":[{"name":"wp","href":"https:\/\/api.w.org\/{rel}","templated":true}]}}