{"id":8560,"date":"2023-04-03T09:37:08","date_gmt":"2023-04-03T12:37:08","guid":{"rendered":"https:\/\/www.univ-guyane.fr\/?p=8560"},"modified":"2024-06-18T09:41:34","modified_gmt":"2024-06-18T12:41:34","slug":"les-alticiades-2023-les-etudiants-de-liut-de-kourou-en-competition","status":"publish","type":"post","link":"https:\/\/www.univ-guyane.fr\/es\/2023\/04\/03\/les-alticiades-2023-les-etudiants-de-liut-de-kourou-en-competition\/","title":{"rendered":"Les Alticiades 2023: compiten estudiantes del IUT de Kourou."},"content":{"rendered":"<div id=\"fws_69f55bb3f1657\"  data-column-margin=\"default\" data-midnight=\"dark\"  class=\"wpb_row vc_row-fluid vc_row\"  style=\"padding-top: 0px; padding-bottom: 0px; \"><div class=\"row-bg-wrap\" data-bg-animation=\"none\" data-bg-animation-delay=\"\" data-bg-overlay=\"false\"><div class=\"inner-wrap row-bg-layer\" ><div class=\"row-bg viewport-desktop\"  style=\"\"><\/div><\/div><\/div><div class=\"row_col_wrap_12 col span_12 dark left\">\n\t<div  class=\"vc_col-sm-12 wpb_column column_container vc_column_container col no-extra-padding inherit_tablet inherit_phone\"  data-padding-pos=\"all\" data-has-bg-color=\"false\" data-bg-color=\"\" data-bg-opacity=\"1\" data-animation=\"\" data-delay=\"0\" >\n\t\t<div class=\"vc_column-inner\" >\n\t\t\t<div class=\"wpb_wrapper\">\n\t\t\t\t\n<div class=\"wpb_text_column wpb_content_element  chapo\" >\n\t<h2><strong>Hac\u00eda casi diez a\u00f1os que el departamento de T\u00e9cnicas de Marketing del IUT de Kourou no participaba en las Alticiades. El IUT de Kourou hizo su reaparici\u00f3n en el concurso con la participaci\u00f3n de ocho estudiantes de primer y segundo a\u00f1o.<\/strong><\/h2>\n<\/div>\n\n\n\n\n<div class=\"wpb_text_column wpb_content_element\" >\n\t<p>&nbsp;<\/p>\n<p><span class=\"nectar-dropcap\" >L <\/span>as Alticiades son cuatro d\u00edas de competici\u00f3n en los que se muestran las habilidades t\u00e9cnicas y deportivas de los estudiantes de tecnolog\u00eda de marketing BUT de toda Francia. La competici\u00f3n incluye una serie de eventos multidisciplinares: comerciales, culturales, deportivos y l\u00fadicos.<\/p>\n<p><strong>Pruebas multidisciplinares <\/strong><\/p>\n<p>Las pruebas comerciales incluyen :<\/p>\n<p><strong>Creaci\u00f3n de una muestra gastron\u00f3mica regional.<\/strong>\u00a0El objetivo de cada departamento participante es presentar un stand de productos agroalimentarios transformados y sin transformar, representativos de su regi\u00f3n o tema, y promocionarlos, degustarlos y venderlos.<\/p>\n<p><strong>La prueba de la negociaci\u00f3n. <\/strong>Cada departamento que participa en las Alticiades designa a una pareja de estudiantes para la prueba de negociaci\u00f3n. La pareja de negociadores prepara un caso que suelen encontrar las fuerzas de ventas.<\/p>\n<p>Los acontecimientos deportivos y culturales incluyen :<\/p>\n<p><strong>La prueba del Objeto Resbaladizo No Identificado.<\/strong>\u00a0El objetivo de esta prueba es construir un ovni original que simbolice la regi\u00f3n del equipo. Todos los ovnis deben deslizarse por su propio peso, transportar a una o dos personas, frenar y detenerse, volver a arrancar y llegar intactos al final del descenso. Los criterios de evaluaci\u00f3n son: seguridad, precisi\u00f3n y tiempo, v\u00ednculo con la regi\u00f3n y est\u00e9tica.<\/p>\n<p><strong>Competici\u00f3n de esqu\u00ed y relevos. <\/strong>Estas pruebas brindan a los j\u00f3venes la oportunidad de demostrar su esp\u00edritu de equipo en terrenos resbaladizos. Los alumnos demuestran de lo que son capaces sobre la nieve, con dos actividades: esqu\u00ed alpino o snowboard y la prueba de relevos sobre nieve.<\/p>\n<p>A pesar de quedar en \u00faltimo lugar en las pruebas de esqu\u00ed, nuestro equipo de estudiantes consigui\u00f3 hacerse con el 19\u00ba puesto en la clasificaci\u00f3n general. En las pruebas culturales demostraron sus m\u00e9ritos y destacaron presentando un buen surtido de productos guyaneses y trajes tradicionales en un ambiente carnavalesco.<\/p>\n<p>Durante su estancia, nuestros ocho alumnos de 1\u00ba y 2\u00ba de CT representaron a su regi\u00f3n en todos los actos, llevando el calor del Amazonas a los nevados Altos Alpes. Lejos de su zona de confort, estuvieron acompa\u00f1ados por un equipo de profesores dispuestos a animarles.<\/p>\n<\/div>\n\n\n\n\n\t\t\t<\/div> \n\t\t<\/div>\n\t<\/div> \n<\/div><\/div>","protected":false},"excerpt":{"rendered":"Desde hace casi diez a\u00f1os, el departamento de T\u00e9cnicas de Marketing del IUT de...","protected":false},"author":1,"featured_media":8562,"comment_status":"closed","ping_status":"open","sticky":false,"template":"","format":"standard","meta":{"iawp_total_views":42,"footnotes":""},"categories":[17],"tags":[],"class_list":{"0":"post-8560","1":"post","2":"type-post","3":"status-publish","4":"format-standard","5":"has-post-thumbnail","7":"category-iut"},"yoast_head":"<!-- This site is optimized with the Yoast SEO plugin v27.5 - https:\/\/yoast.com\/product\/yoast-seo-wordpress\/ -->\n<title>Les Alticiades 2023 : les \u00e9tudiants de l\u2019IUT de Kourou en comp\u00e9tition. &#8212; Universit\u00e9 de Guyane<\/title>\n<meta name=\"description\" content=\"D\u00e9couvrez les Alticiades 2023. Une comp\u00e9tition pluridisciplinaire mettant en avant les comp\u00e9tences des \u00e9tudiants en BUT techniques de commercialisation.\" \/>\n<meta name=\"robots\" content=\"index, follow, max-snippet:-1, max-image-preview:large, max-video-preview:-1\" \/>\n<link rel=\"canonical\" href=\"https:\/\/www.univ-guyane.fr\/es\/2023\/04\/03\/les-alticiades-2023-les-etudiants-de-liut-de-kourou-en-competition\/\" \/>\n<meta property=\"og:locale\" content=\"es_ES\" \/>\n<meta property=\"og:type\" content=\"article\" \/>\n<meta property=\"og:title\" content=\"Les Alticiades 2023 : les \u00e9tudiants de l\u2019IUT de Kourou en comp\u00e9tition. &#8212; Universit\u00e9 de Guyane\" \/>\n<meta property=\"og:description\" content=\"D\u00e9couvrez les Alticiades 2023. Une comp\u00e9tition pluridisciplinaire mettant en avant les comp\u00e9tences des \u00e9tudiants en BUT techniques de commercialisation.\" \/>\n<meta property=\"og:url\" content=\"https:\/\/www.univ-guyane.fr\/es\/2023\/04\/03\/les-alticiades-2023-les-etudiants-de-liut-de-kourou-en-competition\/\" \/>\n<meta property=\"og:site_name\" content=\"Universit\u00e9 de Guyane\" \/>\n<meta property=\"article:publisher\" content=\"https:\/\/www.facebook.com\/univguyane\" \/>\n<meta property=\"article:published_time\" content=\"2023-04-03T12:37:08+00:00\" \/>\n<meta property=\"article:modified_time\" content=\"2024-06-18T12:41:34+00:00\" \/>\n<meta property=\"og:image\" content=\"https:\/\/www.univ-guyane.fr\/wp-content\/uploads\/etudiants-alticiades-2023-iut-de-kourou-universite-de-guyane-1.jpeg\" \/>\n\t<meta property=\"og:image:width\" content=\"1800\" \/>\n\t<meta property=\"og:image:height\" content=\"1013\" \/>\n\t<meta property=\"og:image:type\" content=\"image\/jpeg\" \/>\n<meta name=\"author\" content=\"Erick Loiti\u00e8re\" \/>\n<meta name=\"twitter:card\" content=\"summary_large_image\" \/>\n<meta name=\"twitter:creator\" content=\"@univguyane\" \/>\n<meta name=\"twitter:site\" content=\"@univguyane\" \/>\n<meta name=\"twitter:label1\" content=\"Escrito por\" \/>\n\t<meta name=\"twitter:data1\" content=\"Erick Loiti\u00e8re\" \/>\n\t<meta name=\"twitter:label2\" content=\"Tiempo de lectura\" \/>\n\t<meta name=\"twitter:data2\" content=\"3 minutos\" \/>\n<script type=\"application\/ld+json\" class=\"yoast-schema-graph\">{\"@context\":\"https:\\\/\\\/schema.org\",\"@graph\":[{\"@type\":\"Article\",\"@id\":\"https:\\\/\\\/www.univ-guyane.fr\\\/2023\\\/04\\\/03\\\/les-alticiades-2023-les-etudiants-de-liut-de-kourou-en-competition\\\/#article\",\"isPartOf\":{\"@id\":\"https:\\\/\\\/www.univ-guyane.fr\\\/2023\\\/04\\\/03\\\/les-alticiades-2023-les-etudiants-de-liut-de-kourou-en-competition\\\/\"},\"author\":{\"name\":\"Erick Loiti\u00e8re\",\"@id\":\"https:\\\/\\\/www.univ-guyane.fr\\\/#\\\/schema\\\/person\\\/86d946a28a8be51bb096ccfdf19db179\"},\"headline\":\"Les Alticiades 2023 : les \u00e9tudiants de l\u2019IUT de Kourou en comp\u00e9tition.\",\"datePublished\":\"2023-04-03T12:37:08+00:00\",\"dateModified\":\"2024-06-18T12:41:34+00:00\",\"mainEntityOfPage\":{\"@id\":\"https:\\\/\\\/www.univ-guyane.fr\\\/2023\\\/04\\\/03\\\/les-alticiades-2023-les-etudiants-de-liut-de-kourou-en-competition\\\/\"},\"wordCount\":653,\"publisher\":{\"@id\":\"https:\\\/\\\/www.univ-guyane.fr\\\/#organization\"},\"image\":{\"@id\":\"https:\\\/\\\/www.univ-guyane.fr\\\/2023\\\/04\\\/03\\\/les-alticiades-2023-les-etudiants-de-liut-de-kourou-en-competition\\\/#primaryimage\"},\"thumbnailUrl\":\"https:\\\/\\\/www.univ-guyane.fr\\\/wp-content\\\/uploads\\\/etudiants-alticiades-2023-iut-de-kourou-universite-de-guyane-1.jpeg\",\"articleSection\":[\"\u2022 IUT\"],\"inLanguage\":\"es\"},{\"@type\":\"WebPage\",\"@id\":\"https:\\\/\\\/www.univ-guyane.fr\\\/2023\\\/04\\\/03\\\/les-alticiades-2023-les-etudiants-de-liut-de-kourou-en-competition\\\/\",\"url\":\"https:\\\/\\\/www.univ-guyane.fr\\\/2023\\\/04\\\/03\\\/les-alticiades-2023-les-etudiants-de-liut-de-kourou-en-competition\\\/\",\"name\":\"Les Alticiades 2023 : les \u00e9tudiants de l\u2019IUT de Kourou en comp\u00e9tition. &#8212; Universit\u00e9 de Guyane\",\"isPartOf\":{\"@id\":\"https:\\\/\\\/www.univ-guyane.fr\\\/#website\"},\"primaryImageOfPage\":{\"@id\":\"https:\\\/\\\/www.univ-guyane.fr\\\/2023\\\/04\\\/03\\\/les-alticiades-2023-les-etudiants-de-liut-de-kourou-en-competition\\\/#primaryimage\"},\"image\":{\"@id\":\"https:\\\/\\\/www.univ-guyane.fr\\\/2023\\\/04\\\/03\\\/les-alticiades-2023-les-etudiants-de-liut-de-kourou-en-competition\\\/#primaryimage\"},\"thumbnailUrl\":\"https:\\\/\\\/www.univ-guyane.fr\\\/wp-content\\\/uploads\\\/etudiants-alticiades-2023-iut-de-kourou-universite-de-guyane-1.jpeg\",\"datePublished\":\"2023-04-03T12:37:08+00:00\",\"dateModified\":\"2024-06-18T12:41:34+00:00\",\"description\":\"D\u00e9couvrez les Alticiades 2023. Une comp\u00e9tition pluridisciplinaire mettant en avant les comp\u00e9tences des \u00e9tudiants en BUT techniques de commercialisation.\",\"breadcrumb\":{\"@id\":\"https:\\\/\\\/www.univ-guyane.fr\\\/2023\\\/04\\\/03\\\/les-alticiades-2023-les-etudiants-de-liut-de-kourou-en-competition\\\/#breadcrumb\"},\"inLanguage\":\"es\",\"potentialAction\":[{\"@type\":\"ReadAction\",\"target\":[\"https:\\\/\\\/www.univ-guyane.fr\\\/2023\\\/04\\\/03\\\/les-alticiades-2023-les-etudiants-de-liut-de-kourou-en-competition\\\/\"]}]},{\"@type\":\"ImageObject\",\"inLanguage\":\"es\",\"@id\":\"https:\\\/\\\/www.univ-guyane.fr\\\/2023\\\/04\\\/03\\\/les-alticiades-2023-les-etudiants-de-liut-de-kourou-en-competition\\\/#primaryimage\",\"url\":\"https:\\\/\\\/www.univ-guyane.fr\\\/wp-content\\\/uploads\\\/etudiants-alticiades-2023-iut-de-kourou-universite-de-guyane-1.jpeg\",\"contentUrl\":\"https:\\\/\\\/www.univ-guyane.fr\\\/wp-content\\\/uploads\\\/etudiants-alticiades-2023-iut-de-kourou-universite-de-guyane-1.jpeg\",\"width\":1800,\"height\":1013,\"caption\":\"Les Alticiades 2023 : les \u00e9tudiants de l\u2019IUT de Kourou en comp\u00e9tition.\"},{\"@type\":\"BreadcrumbList\",\"@id\":\"https:\\\/\\\/www.univ-guyane.fr\\\/2023\\\/04\\\/03\\\/les-alticiades-2023-les-etudiants-de-liut-de-kourou-en-competition\\\/#breadcrumb\",\"itemListElement\":[{\"@type\":\"ListItem\",\"position\":1,\"name\":\"Accueil\",\"item\":\"https:\\\/\\\/www.univ-guyane.fr\\\/\"},{\"@type\":\"ListItem\",\"position\":2,\"name\":\"Les Alticiades 2023 : les \u00e9tudiants de l\u2019IUT de Kourou en comp\u00e9tition.\"}]},{\"@type\":\"WebSite\",\"@id\":\"https:\\\/\\\/www.univ-guyane.fr\\\/#website\",\"url\":\"https:\\\/\\\/www.univ-guyane.fr\\\/\",\"name\":\"Universit\u00e9 de Guyane\",\"description\":\"Au c\u0153ur de l&#039;amazonie\",\"publisher\":{\"@id\":\"https:\\\/\\\/www.univ-guyane.fr\\\/#organization\"},\"alternateName\":\"UG\",\"potentialAction\":[{\"@type\":\"SearchAction\",\"target\":{\"@type\":\"EntryPoint\",\"urlTemplate\":\"https:\\\/\\\/www.univ-guyane.fr\\\/?s={search_term_string}\"},\"query-input\":{\"@type\":\"PropertyValueSpecification\",\"valueRequired\":true,\"valueName\":\"search_term_string\"}}],\"inLanguage\":\"es\"},{\"@type\":\"Organization\",\"@id\":\"https:\\\/\\\/www.univ-guyane.fr\\\/#organization\",\"name\":\"Universit\u00e9 de Guyane\",\"alternateName\":\"UG\",\"url\":\"https:\\\/\\\/www.univ-guyane.fr\\\/\",\"logo\":{\"@type\":\"ImageObject\",\"inLanguage\":\"es\",\"@id\":\"https:\\\/\\\/www.univ-guyane.fr\\\/#\\\/schema\\\/logo\\\/image\\\/\",\"url\":\"https:\\\/\\\/www.univ-guyane.fr\\\/wp-content\\\/uploads\\\/2024\\\/05\\\/f.png\",\"contentUrl\":\"https:\\\/\\\/www.univ-guyane.fr\\\/wp-content\\\/uploads\\\/2024\\\/05\\\/f.png\",\"width\":1024,\"height\":1024,\"caption\":\"Universit\u00e9 de Guyane\"},\"image\":{\"@id\":\"https:\\\/\\\/www.univ-guyane.fr\\\/#\\\/schema\\\/logo\\\/image\\\/\"},\"sameAs\":[\"https:\\\/\\\/www.facebook.com\\\/univguyane\",\"https:\\\/\\\/x.com\\\/univguyane\",\"https:\\\/\\\/gf.linkedin.com\\\/school\\\/universite-de-guyane\\\/\",\"https:\\\/\\\/www.instagram.com\\\/univ_guyane\\\/\"]},{\"@type\":\"Person\",\"@id\":\"https:\\\/\\\/www.univ-guyane.fr\\\/#\\\/schema\\\/person\\\/86d946a28a8be51bb096ccfdf19db179\",\"name\":\"Erick Loiti\u00e8re\",\"image\":{\"@type\":\"ImageObject\",\"inLanguage\":\"es\",\"@id\":\"https:\\\/\\\/secure.gravatar.com\\\/avatar\\\/0584f332103fbeaf37e52c73b15dca3c547fd9300deb05764e9ad8714839d072?s=96&d=robohash&r=g\",\"url\":\"https:\\\/\\\/secure.gravatar.com\\\/avatar\\\/0584f332103fbeaf37e52c73b15dca3c547fd9300deb05764e9ad8714839d072?s=96&d=robohash&r=g\",\"contentUrl\":\"https:\\\/\\\/secure.gravatar.com\\\/avatar\\\/0584f332103fbeaf37e52c73b15dca3c547fd9300deb05764e9ad8714839d072?s=96&d=robohash&r=g\",\"caption\":\"Erick Loiti\u00e8re\"},\"sameAs\":[\"http:\\\/\\\/www.univ-guyane.fr\"],\"url\":\"https:\\\/\\\/www.univ-guyane.fr\\\/es\\\/author\\\/eloitierdbz\\\/\"}]}<\/script>\n<!-- \/ Yoast SEO plugin. -->","yoast_head_json":{"title":"Les Alticiades 2023 : les \u00e9tudiants de l\u2019IUT de Kourou en comp\u00e9tition. &#8212; Universit\u00e9 de Guyane","description":"D\u00e9couvrez les Alticiades 2023. Une comp\u00e9tition pluridisciplinaire mettant en avant les comp\u00e9tences des \u00e9tudiants en BUT techniques de commercialisation.","robots":{"index":"index","follow":"follow","max-snippet":"max-snippet:-1","max-image-preview":"max-image-preview:large","max-video-preview":"max-video-preview:-1"},"canonical":"https:\/\/www.univ-guyane.fr\/es\/2023\/04\/03\/les-alticiades-2023-les-etudiants-de-liut-de-kourou-en-competition\/","og_locale":"es_ES","og_type":"article","og_title":"Les Alticiades 2023 : les \u00e9tudiants de l\u2019IUT de Kourou en comp\u00e9tition. &#8212; Universit\u00e9 de Guyane","og_description":"D\u00e9couvrez les Alticiades 2023. Une comp\u00e9tition pluridisciplinaire mettant en avant les comp\u00e9tences des \u00e9tudiants en BUT techniques de commercialisation.","og_url":"https:\/\/www.univ-guyane.fr\/es\/2023\/04\/03\/les-alticiades-2023-les-etudiants-de-liut-de-kourou-en-competition\/","og_site_name":"Universit\u00e9 de Guyane","article_publisher":"https:\/\/www.facebook.com\/univguyane","article_published_time":"2023-04-03T12:37:08+00:00","article_modified_time":"2024-06-18T12:41:34+00:00","og_image":[{"width":1800,"height":1013,"url":"https:\/\/www.univ-guyane.fr\/wp-content\/uploads\/etudiants-alticiades-2023-iut-de-kourou-universite-de-guyane-1.jpeg","type":"image\/jpeg"}],"author":"Erick Loiti\u00e8re","twitter_card":"summary_large_image","twitter_creator":"@univguyane","twitter_site":"@univguyane","twitter_misc":{"Escrito por":"Erick Loiti\u00e8re","Tiempo de lectura":"3 minutos"},"schema":{"@context":"https:\/\/schema.org","@graph":[{"@type":"Article","@id":"https:\/\/www.univ-guyane.fr\/2023\/04\/03\/les-alticiades-2023-les-etudiants-de-liut-de-kourou-en-competition\/#article","isPartOf":{"@id":"https:\/\/www.univ-guyane.fr\/2023\/04\/03\/les-alticiades-2023-les-etudiants-de-liut-de-kourou-en-competition\/"},"author":{"name":"Erick Loiti\u00e8re","@id":"https:\/\/www.univ-guyane.fr\/#\/schema\/person\/86d946a28a8be51bb096ccfdf19db179"},"headline":"Les Alticiades 2023 : les \u00e9tudiants de l\u2019IUT de Kourou en comp\u00e9tition.","datePublished":"2023-04-03T12:37:08+00:00","dateModified":"2024-06-18T12:41:34+00:00","mainEntityOfPage":{"@id":"https:\/\/www.univ-guyane.fr\/2023\/04\/03\/les-alticiades-2023-les-etudiants-de-liut-de-kourou-en-competition\/"},"wordCount":653,"publisher":{"@id":"https:\/\/www.univ-guyane.fr\/#organization"},"image":{"@id":"https:\/\/www.univ-guyane.fr\/2023\/04\/03\/les-alticiades-2023-les-etudiants-de-liut-de-kourou-en-competition\/#primaryimage"},"thumbnailUrl":"https:\/\/www.univ-guyane.fr\/wp-content\/uploads\/etudiants-alticiades-2023-iut-de-kourou-universite-de-guyane-1.jpeg","articleSection":["\u2022 IUT"],"inLanguage":"es"},{"@type":"WebPage","@id":"https:\/\/www.univ-guyane.fr\/2023\/04\/03\/les-alticiades-2023-les-etudiants-de-liut-de-kourou-en-competition\/","url":"https:\/\/www.univ-guyane.fr\/2023\/04\/03\/les-alticiades-2023-les-etudiants-de-liut-de-kourou-en-competition\/","name":"Les Alticiades 2023 : les \u00e9tudiants de l\u2019IUT de Kourou en comp\u00e9tition. &#8212; Universit\u00e9 de Guyane","isPartOf":{"@id":"https:\/\/www.univ-guyane.fr\/#website"},"primaryImageOfPage":{"@id":"https:\/\/www.univ-guyane.fr\/2023\/04\/03\/les-alticiades-2023-les-etudiants-de-liut-de-kourou-en-competition\/#primaryimage"},"image":{"@id":"https:\/\/www.univ-guyane.fr\/2023\/04\/03\/les-alticiades-2023-les-etudiants-de-liut-de-kourou-en-competition\/#primaryimage"},"thumbnailUrl":"https:\/\/www.univ-guyane.fr\/wp-content\/uploads\/etudiants-alticiades-2023-iut-de-kourou-universite-de-guyane-1.jpeg","datePublished":"2023-04-03T12:37:08+00:00","dateModified":"2024-06-18T12:41:34+00:00","description":"D\u00e9couvrez les Alticiades 2023. Une comp\u00e9tition pluridisciplinaire mettant en avant les comp\u00e9tences des \u00e9tudiants en BUT techniques de commercialisation.","breadcrumb":{"@id":"https:\/\/www.univ-guyane.fr\/2023\/04\/03\/les-alticiades-2023-les-etudiants-de-liut-de-kourou-en-competition\/#breadcrumb"},"inLanguage":"es","potentialAction":[{"@type":"ReadAction","target":["https:\/\/www.univ-guyane.fr\/2023\/04\/03\/les-alticiades-2023-les-etudiants-de-liut-de-kourou-en-competition\/"]}]},{"@type":"ImageObject","inLanguage":"es","@id":"https:\/\/www.univ-guyane.fr\/2023\/04\/03\/les-alticiades-2023-les-etudiants-de-liut-de-kourou-en-competition\/#primaryimage","url":"https:\/\/www.univ-guyane.fr\/wp-content\/uploads\/etudiants-alticiades-2023-iut-de-kourou-universite-de-guyane-1.jpeg","contentUrl":"https:\/\/www.univ-guyane.fr\/wp-content\/uploads\/etudiants-alticiades-2023-iut-de-kourou-universite-de-guyane-1.jpeg","width":1800,"height":1013,"caption":"Les Alticiades 2023 : les \u00e9tudiants de l\u2019IUT de Kourou en comp\u00e9tition."},{"@type":"BreadcrumbList","@id":"https:\/\/www.univ-guyane.fr\/2023\/04\/03\/les-alticiades-2023-les-etudiants-de-liut-de-kourou-en-competition\/#breadcrumb","itemListElement":[{"@type":"ListItem","position":1,"name":"Accueil","item":"https:\/\/www.univ-guyane.fr\/"},{"@type":"ListItem","position":2,"name":"Les Alticiades 2023 : les \u00e9tudiants de l\u2019IUT de Kourou en comp\u00e9tition."}]},{"@type":"WebSite","@id":"https:\/\/www.univ-guyane.fr\/#website","url":"https:\/\/www.univ-guyane.fr\/","name":"Universidad de Guyana","description":"En el coraz\u00f3n de la Amazonia","publisher":{"@id":"https:\/\/www.univ-guyane.fr\/#organization"},"alternateName":"UG","potentialAction":[{"@type":"SearchAction","target":{"@type":"EntryPoint","urlTemplate":"https:\/\/www.univ-guyane.fr\/?s={search_term_string}"},"query-input":{"@type":"PropertyValueSpecification","valueRequired":true,"valueName":"search_term_string"}}],"inLanguage":"es"},{"@type":"Organization","@id":"https:\/\/www.univ-guyane.fr\/#organization","name":"Universidad de Guyana","alternateName":"UG","url":"https:\/\/www.univ-guyane.fr\/","logo":{"@type":"ImageObject","inLanguage":"es","@id":"https:\/\/www.univ-guyane.fr\/#\/schema\/logo\/image\/","url":"https:\/\/www.univ-guyane.fr\/wp-content\/uploads\/2024\/05\/f.png","contentUrl":"https:\/\/www.univ-guyane.fr\/wp-content\/uploads\/2024\/05\/f.png","width":1024,"height":1024,"caption":"Universit\u00e9 de Guyane"},"image":{"@id":"https:\/\/www.univ-guyane.fr\/#\/schema\/logo\/image\/"},"sameAs":["https:\/\/www.facebook.com\/univguyane","https:\/\/x.com\/univguyane","https:\/\/gf.linkedin.com\/school\/universite-de-guyane\/","https:\/\/www.instagram.com\/univ_guyane\/"]},{"@type":"Person","@id":"https:\/\/www.univ-guyane.fr\/#\/schema\/person\/86d946a28a8be51bb096ccfdf19db179","name":"Erick Loiti\u00e8re","image":{"@type":"ImageObject","inLanguage":"es","@id":"https:\/\/secure.gravatar.com\/avatar\/0584f332103fbeaf37e52c73b15dca3c547fd9300deb05764e9ad8714839d072?s=96&d=robohash&r=g","url":"https:\/\/secure.gravatar.com\/avatar\/0584f332103fbeaf37e52c73b15dca3c547fd9300deb05764e9ad8714839d072?s=96&d=robohash&r=g","contentUrl":"https:\/\/secure.gravatar.com\/avatar\/0584f332103fbeaf37e52c73b15dca3c547fd9300deb05764e9ad8714839d072?s=96&d=robohash&r=g","caption":"Erick Loiti\u00e8re"},"sameAs":["http:\/\/www.univ-guyane.fr"],"url":"https:\/\/www.univ-guyane.fr\/es\/author\/eloitierdbz\/"}]}},"_links":{"self":[{"href":"https:\/\/www.univ-guyane.fr\/es\/wp-json\/wp\/v2\/posts\/8560","targetHints":{"allow":["GET"]}}],"collection":[{"href":"https:\/\/www.univ-guyane.fr\/es\/wp-json\/wp\/v2\/posts"}],"about":[{"href":"https:\/\/www.univ-guyane.fr\/es\/wp-json\/wp\/v2\/types\/post"}],"author":[{"embeddable":true,"href":"https:\/\/www.univ-guyane.fr\/es\/wp-json\/wp\/v2\/users\/1"}],"replies":[{"embeddable":true,"href":"https:\/\/www.univ-guyane.fr\/es\/wp-json\/wp\/v2\/comments?post=8560"}],"version-history":[{"count":3,"href":"https:\/\/www.univ-guyane.fr\/es\/wp-json\/wp\/v2\/posts\/8560\/revisions"}],"predecessor-version":[{"id":8565,"href":"https:\/\/www.univ-guyane.fr\/es\/wp-json\/wp\/v2\/posts\/8560\/revisions\/8565"}],"wp:featuredmedia":[{"embeddable":true,"href":"https:\/\/www.univ-guyane.fr\/es\/wp-json\/wp\/v2\/media\/8562"}],"wp:attachment":[{"href":"https:\/\/www.univ-guyane.fr\/es\/wp-json\/wp\/v2\/media?parent=8560"}],"wp:term":[{"taxonomy":"category","embeddable":true,"href":"https:\/\/www.univ-guyane.fr\/es\/wp-json\/wp\/v2\/categories?post=8560"},{"taxonomy":"post_tag","embeddable":true,"href":"https:\/\/www.univ-guyane.fr\/es\/wp-json\/wp\/v2\/tags?post=8560"}],"curies":[{"name":"wp","href":"https:\/\/api.w.org\/{rel}","templated":true}]}}