{"id":8573,"date":"2023-03-17T09:50:03","date_gmt":"2023-03-17T12:50:03","guid":{"rendered":"https:\/\/www.univ-guyane.fr\/?p=8573"},"modified":"2024-06-18T09:53:03","modified_gmt":"2024-06-18T12:53:03","slug":"la-place-de-la-femme-est-elle-dans-la-cuisine-parlons-en","status":"publish","type":"post","link":"https:\/\/www.univ-guyane.fr\/es\/2023\/03\/17\/la-place-de-la-femme-est-elle-dans-la-cuisine-parlons-en\/","title":{"rendered":"\u00bfDeben estar las mujeres en la cocina? Hablemos de ello"},"content":{"rendered":"<div id=\"fws_69f3e4a06efef\"  data-column-margin=\"default\" data-midnight=\"dark\"  class=\"wpb_row vc_row-fluid vc_row\"  style=\"padding-top: 0px; padding-bottom: 0px; \"><div class=\"row-bg-wrap\" data-bg-animation=\"none\" data-bg-animation-delay=\"\" data-bg-overlay=\"false\"><div class=\"inner-wrap row-bg-layer\" ><div class=\"row-bg viewport-desktop\"  style=\"\"><\/div><\/div><\/div><div class=\"row_col_wrap_12 col span_12 dark left\">\n\t<div  class=\"vc_col-sm-12 wpb_column column_container vc_column_container col no-extra-padding inherit_tablet inherit_phone\"  data-padding-pos=\"all\" data-has-bg-color=\"false\" data-bg-color=\"\" data-bg-opacity=\"1\" data-animation=\"\" data-delay=\"0\" >\n\t\t<div class=\"vc_column-inner\" >\n\t\t\t<div class=\"wpb_wrapper\">\n\t\t\t\t\n<div class=\"wpb_text_column wpb_content_element  chapo\" >\n\t<h2>El mi\u00e9rcoles 8 de marzo de 2023, con motivo del D\u00eda Internacional de los Derechos de la Mujer, la Universidad de Guayana Francesa, en colaboraci\u00f3n con la Prefectura de Guayana Francesa, organiz\u00f3 una ma\u00f1ana de debates sobre la evoluci\u00f3n del papel de la mujer en la sociedad.<\/h2>\n<\/div>\n\n\n\n\n<div class=\"wpb_text_column wpb_content_element\" >\n\t<div class=\"wpb_text_column wpb_content_element\">\n<div class=\"wpb_wrapper\">\n<span class=\"nectar-dropcap\" >D <\/span>urante casi 4 horas, estudiantes, miembros del personal y personas ajenas a la Universidad de Guyana fueron invitadas a debatir en la terraza del restaurante universitario. Deliberadamente provocador, el tema de la ma\u00f1ana fue: \u00bfes el lugar de la mujer en la cocina? \u00a1Hablemos de ello! Esto marc\u00f3 el tono de la ma\u00f1ana y proporcion\u00f3 un ambiente distendido tanto a los participantes como al p\u00fablico. El objetivo de la ma\u00f1ana era explicar las presiones sociales que pueden ejercerse sobre las mujeres, deconstruir los prejuicios existentes y a veces persistentes, crear debate y remover los obst\u00e1culos que pueden estar enterrados en algunas mujeres, en particular las estudiantes.<\/p>\n<\/div>\n<\/div>\n<div class=\"wpb_text_column wpb_content_element\">\n<div class=\"wpb_wrapper\">\n<div id=\"lipsum\">\n<h3>Una ma\u00f1ana para dar que hablar<\/h3>\n<p>Dirigida por Ayodele Germa, la ma\u00f1ana se dividi\u00f3 en tres partes.<\/p>\n<p><strong>La primera parte se dedic\u00f3 a lo que ten\u00edan que decir los expertos<\/strong>. Varias personas \"expertas\" en su campo fueron invitadas a debatir el tema de la jornada y, de forma m\u00e1s general, el lugar cambiante de la mujer en la sociedad (tanto a escala local como a mayor escala). El p\u00fablico pudo preguntar y debatir con los siguientes invitados: Isabelle Hidair (antrop\u00f3loga y delegada regional para los derechos de la mujer y la igualdad en la Guayana Francesa), Pascale Legendry (Directora de Recursos Humanos de la Universidad de la Guayana Francesa), Marc Pave (Doctor en Historia, profesor de clases preparatorias literarias en las grandes escuelas) y Myl\u00e8ne DANGLADES (Directora del laboratorio MINEA y escritora).<\/p>\n<p><strong>La segunda parte daba voz a las mujeres a trav\u00e9s de una serie de diez testimonios de mujeres realizadas.<\/strong> Doce mujeres de or\u00edgenes completamente distintos (estudiante, retornada, directora de empresa, cient\u00edfica, deportista, etc.) presentaron sus trayectorias profesionales y personales al p\u00fablico. Describieron sus \u00e9xitos, fracasos, dificultades y ventajas como mujeres.<\/p>\n<p><strong>En la tercera y \u00faltima parte, el p\u00fablico asisti\u00f3 a una lectura de poemas musicados por N\u00e9gr\u00e8s Comou. <\/strong>Tambi\u00e9n se invit\u00f3 al p\u00fablico a compartir un almuerzo con los ponentes para continuar los debates.<\/p>\n<\/div>\n<\/div>\n<\/div>\n<\/div>\n\n\n\n\n\t\t\t<\/div> \n\t\t<\/div>\n\t<\/div> \n<\/div><\/div>","protected":false},"excerpt":{"rendered":"El mi\u00e9rcoles 8 de marzo de 2023, con motivo del D\u00eda Internacional de los Derechos...","protected":false},"author":1,"featured_media":8574,"comment_status":"closed","ping_status":"open","sticky":false,"template":"","format":"standard","meta":{"iawp_total_views":127,"footnotes":""},"categories":[239],"tags":[],"class_list":{"0":"post-8573","1":"post","2":"type-post","3":"status-publish","4":"format-standard","5":"has-post-thumbnail","7":"category-culture"},"yoast_head":"<!-- This site is optimized with the Yoast SEO plugin v27.5 - https:\/\/yoast.com\/product\/yoast-seo-wordpress\/ -->\n<title>La place de la femme est-elle dans la cuisine? Parlons-en ! &#8212; Universit\u00e9 de Guyane<\/title>\n<meta name=\"description\" content=\"D\u00e9couvrez le d\u00e9bat sur la place de la femme dans la cuisine. Une discussion anim\u00e9e pour d\u00e9construire les pr\u00e9jug\u00e9s et lever les freins.\" \/>\n<meta name=\"robots\" content=\"index, follow, max-snippet:-1, max-image-preview:large, max-video-preview:-1\" \/>\n<link rel=\"canonical\" href=\"https:\/\/www.univ-guyane.fr\/es\/2023\/03\/17\/la-place-de-la-femme-est-elle-dans-la-cuisine-parlons-en\/\" \/>\n<meta property=\"og:locale\" content=\"es_ES\" \/>\n<meta property=\"og:type\" content=\"article\" \/>\n<meta property=\"og:title\" content=\"La place de la femme est-elle dans la cuisine? Parlons-en ! &#8212; Universit\u00e9 de Guyane\" \/>\n<meta property=\"og:description\" content=\"D\u00e9couvrez le d\u00e9bat sur la place de la femme dans la cuisine. Une discussion anim\u00e9e pour d\u00e9construire les pr\u00e9jug\u00e9s et lever les freins.\" \/>\n<meta property=\"og:url\" content=\"https:\/\/www.univ-guyane.fr\/es\/2023\/03\/17\/la-place-de-la-femme-est-elle-dans-la-cuisine-parlons-en\/\" \/>\n<meta property=\"og:site_name\" content=\"Universit\u00e9 de Guyane\" \/>\n<meta property=\"article:publisher\" content=\"https:\/\/www.facebook.com\/univguyane\" \/>\n<meta property=\"article:published_time\" content=\"2023-03-17T12:50:03+00:00\" \/>\n<meta property=\"article:modified_time\" content=\"2024-06-18T12:53:03+00:00\" \/>\n<meta property=\"og:image\" content=\"https:\/\/www.univ-guyane.fr\/wp-content\/uploads\/journee-droit-de-la-femme-2023.jpeg\" \/>\n\t<meta property=\"og:image:width\" content=\"1800\" \/>\n\t<meta property=\"og:image:height\" content=\"1013\" \/>\n\t<meta property=\"og:image:type\" content=\"image\/jpeg\" \/>\n<meta name=\"author\" content=\"Erick Loiti\u00e8re\" \/>\n<meta name=\"twitter:card\" content=\"summary_large_image\" \/>\n<meta name=\"twitter:creator\" content=\"@univguyane\" \/>\n<meta name=\"twitter:site\" content=\"@univguyane\" \/>\n<meta name=\"twitter:label1\" content=\"Escrito por\" \/>\n\t<meta name=\"twitter:data1\" content=\"Erick Loiti\u00e8re\" \/>\n\t<meta name=\"twitter:label2\" content=\"Tiempo de lectura\" \/>\n\t<meta name=\"twitter:data2\" content=\"3 minutos\" \/>\n<script type=\"application\/ld+json\" class=\"yoast-schema-graph\">{\"@context\":\"https:\\\/\\\/schema.org\",\"@graph\":[{\"@type\":\"Article\",\"@id\":\"https:\\\/\\\/www.univ-guyane.fr\\\/2023\\\/03\\\/17\\\/la-place-de-la-femme-est-elle-dans-la-cuisine-parlons-en\\\/#article\",\"isPartOf\":{\"@id\":\"https:\\\/\\\/www.univ-guyane.fr\\\/2023\\\/03\\\/17\\\/la-place-de-la-femme-est-elle-dans-la-cuisine-parlons-en\\\/\"},\"author\":{\"name\":\"Erick Loiti\u00e8re\",\"@id\":\"https:\\\/\\\/www.univ-guyane.fr\\\/#\\\/schema\\\/person\\\/86d946a28a8be51bb096ccfdf19db179\"},\"headline\":\"La place de la femme est-elle dans la cuisine? Parlons-en !\",\"datePublished\":\"2023-03-17T12:50:03+00:00\",\"dateModified\":\"2024-06-18T12:53:03+00:00\",\"mainEntityOfPage\":{\"@id\":\"https:\\\/\\\/www.univ-guyane.fr\\\/2023\\\/03\\\/17\\\/la-place-de-la-femme-est-elle-dans-la-cuisine-parlons-en\\\/\"},\"wordCount\":634,\"publisher\":{\"@id\":\"https:\\\/\\\/www.univ-guyane.fr\\\/#organization\"},\"image\":{\"@id\":\"https:\\\/\\\/www.univ-guyane.fr\\\/2023\\\/03\\\/17\\\/la-place-de-la-femme-est-elle-dans-la-cuisine-parlons-en\\\/#primaryimage\"},\"thumbnailUrl\":\"https:\\\/\\\/www.univ-guyane.fr\\\/wp-content\\\/uploads\\\/journee-droit-de-la-femme-2023.jpeg\",\"articleSection\":[\"\u2022 Culture\"],\"inLanguage\":\"es\"},{\"@type\":\"WebPage\",\"@id\":\"https:\\\/\\\/www.univ-guyane.fr\\\/2023\\\/03\\\/17\\\/la-place-de-la-femme-est-elle-dans-la-cuisine-parlons-en\\\/\",\"url\":\"https:\\\/\\\/www.univ-guyane.fr\\\/2023\\\/03\\\/17\\\/la-place-de-la-femme-est-elle-dans-la-cuisine-parlons-en\\\/\",\"name\":\"La place de la femme est-elle dans la cuisine? Parlons-en ! &#8212; Universit\u00e9 de Guyane\",\"isPartOf\":{\"@id\":\"https:\\\/\\\/www.univ-guyane.fr\\\/#website\"},\"primaryImageOfPage\":{\"@id\":\"https:\\\/\\\/www.univ-guyane.fr\\\/2023\\\/03\\\/17\\\/la-place-de-la-femme-est-elle-dans-la-cuisine-parlons-en\\\/#primaryimage\"},\"image\":{\"@id\":\"https:\\\/\\\/www.univ-guyane.fr\\\/2023\\\/03\\\/17\\\/la-place-de-la-femme-est-elle-dans-la-cuisine-parlons-en\\\/#primaryimage\"},\"thumbnailUrl\":\"https:\\\/\\\/www.univ-guyane.fr\\\/wp-content\\\/uploads\\\/journee-droit-de-la-femme-2023.jpeg\",\"datePublished\":\"2023-03-17T12:50:03+00:00\",\"dateModified\":\"2024-06-18T12:53:03+00:00\",\"description\":\"D\u00e9couvrez le d\u00e9bat sur la place de la femme dans la cuisine. Une discussion anim\u00e9e pour d\u00e9construire les pr\u00e9jug\u00e9s et lever les freins.\",\"breadcrumb\":{\"@id\":\"https:\\\/\\\/www.univ-guyane.fr\\\/2023\\\/03\\\/17\\\/la-place-de-la-femme-est-elle-dans-la-cuisine-parlons-en\\\/#breadcrumb\"},\"inLanguage\":\"es\",\"potentialAction\":[{\"@type\":\"ReadAction\",\"target\":[\"https:\\\/\\\/www.univ-guyane.fr\\\/2023\\\/03\\\/17\\\/la-place-de-la-femme-est-elle-dans-la-cuisine-parlons-en\\\/\"]}]},{\"@type\":\"ImageObject\",\"inLanguage\":\"es\",\"@id\":\"https:\\\/\\\/www.univ-guyane.fr\\\/2023\\\/03\\\/17\\\/la-place-de-la-femme-est-elle-dans-la-cuisine-parlons-en\\\/#primaryimage\",\"url\":\"https:\\\/\\\/www.univ-guyane.fr\\\/wp-content\\\/uploads\\\/journee-droit-de-la-femme-2023.jpeg\",\"contentUrl\":\"https:\\\/\\\/www.univ-guyane.fr\\\/wp-content\\\/uploads\\\/journee-droit-de-la-femme-2023.jpeg\",\"width\":1800,\"height\":1013,\"caption\":\"La place de la femme est-elle dans la cuisine? Parlons-en !\"},{\"@type\":\"BreadcrumbList\",\"@id\":\"https:\\\/\\\/www.univ-guyane.fr\\\/2023\\\/03\\\/17\\\/la-place-de-la-femme-est-elle-dans-la-cuisine-parlons-en\\\/#breadcrumb\",\"itemListElement\":[{\"@type\":\"ListItem\",\"position\":1,\"name\":\"Accueil\",\"item\":\"https:\\\/\\\/www.univ-guyane.fr\\\/\"},{\"@type\":\"ListItem\",\"position\":2,\"name\":\"La place de la femme est-elle dans la cuisine? Parlons-en !\"}]},{\"@type\":\"WebSite\",\"@id\":\"https:\\\/\\\/www.univ-guyane.fr\\\/#website\",\"url\":\"https:\\\/\\\/www.univ-guyane.fr\\\/\",\"name\":\"Universit\u00e9 de Guyane\",\"description\":\"Au c\u0153ur de l&#039;amazonie\",\"publisher\":{\"@id\":\"https:\\\/\\\/www.univ-guyane.fr\\\/#organization\"},\"alternateName\":\"UG\",\"potentialAction\":[{\"@type\":\"SearchAction\",\"target\":{\"@type\":\"EntryPoint\",\"urlTemplate\":\"https:\\\/\\\/www.univ-guyane.fr\\\/?s={search_term_string}\"},\"query-input\":{\"@type\":\"PropertyValueSpecification\",\"valueRequired\":true,\"valueName\":\"search_term_string\"}}],\"inLanguage\":\"es\"},{\"@type\":\"Organization\",\"@id\":\"https:\\\/\\\/www.univ-guyane.fr\\\/#organization\",\"name\":\"Universit\u00e9 de Guyane\",\"alternateName\":\"UG\",\"url\":\"https:\\\/\\\/www.univ-guyane.fr\\\/\",\"logo\":{\"@type\":\"ImageObject\",\"inLanguage\":\"es\",\"@id\":\"https:\\\/\\\/www.univ-guyane.fr\\\/#\\\/schema\\\/logo\\\/image\\\/\",\"url\":\"https:\\\/\\\/www.univ-guyane.fr\\\/wp-content\\\/uploads\\\/2024\\\/05\\\/f.png\",\"contentUrl\":\"https:\\\/\\\/www.univ-guyane.fr\\\/wp-content\\\/uploads\\\/2024\\\/05\\\/f.png\",\"width\":1024,\"height\":1024,\"caption\":\"Universit\u00e9 de Guyane\"},\"image\":{\"@id\":\"https:\\\/\\\/www.univ-guyane.fr\\\/#\\\/schema\\\/logo\\\/image\\\/\"},\"sameAs\":[\"https:\\\/\\\/www.facebook.com\\\/univguyane\",\"https:\\\/\\\/x.com\\\/univguyane\",\"https:\\\/\\\/gf.linkedin.com\\\/school\\\/universite-de-guyane\\\/\",\"https:\\\/\\\/www.instagram.com\\\/univ_guyane\\\/\"]},{\"@type\":\"Person\",\"@id\":\"https:\\\/\\\/www.univ-guyane.fr\\\/#\\\/schema\\\/person\\\/86d946a28a8be51bb096ccfdf19db179\",\"name\":\"Erick Loiti\u00e8re\",\"image\":{\"@type\":\"ImageObject\",\"inLanguage\":\"es\",\"@id\":\"https:\\\/\\\/secure.gravatar.com\\\/avatar\\\/0584f332103fbeaf37e52c73b15dca3c547fd9300deb05764e9ad8714839d072?s=96&d=robohash&r=g\",\"url\":\"https:\\\/\\\/secure.gravatar.com\\\/avatar\\\/0584f332103fbeaf37e52c73b15dca3c547fd9300deb05764e9ad8714839d072?s=96&d=robohash&r=g\",\"contentUrl\":\"https:\\\/\\\/secure.gravatar.com\\\/avatar\\\/0584f332103fbeaf37e52c73b15dca3c547fd9300deb05764e9ad8714839d072?s=96&d=robohash&r=g\",\"caption\":\"Erick Loiti\u00e8re\"},\"sameAs\":[\"http:\\\/\\\/www.univ-guyane.fr\"],\"url\":\"https:\\\/\\\/www.univ-guyane.fr\\\/es\\\/author\\\/eloitierdbz\\\/\"}]}<\/script>\n<!-- \/ Yoast SEO plugin. -->","yoast_head_json":{"title":"La place de la femme est-elle dans la cuisine? Parlons-en ! &#8212; Universit\u00e9 de Guyane","description":"D\u00e9couvrez le d\u00e9bat sur la place de la femme dans la cuisine. Une discussion anim\u00e9e pour d\u00e9construire les pr\u00e9jug\u00e9s et lever les freins.","robots":{"index":"index","follow":"follow","max-snippet":"max-snippet:-1","max-image-preview":"max-image-preview:large","max-video-preview":"max-video-preview:-1"},"canonical":"https:\/\/www.univ-guyane.fr\/es\/2023\/03\/17\/la-place-de-la-femme-est-elle-dans-la-cuisine-parlons-en\/","og_locale":"es_ES","og_type":"article","og_title":"La place de la femme est-elle dans la cuisine? Parlons-en ! &#8212; Universit\u00e9 de Guyane","og_description":"D\u00e9couvrez le d\u00e9bat sur la place de la femme dans la cuisine. Une discussion anim\u00e9e pour d\u00e9construire les pr\u00e9jug\u00e9s et lever les freins.","og_url":"https:\/\/www.univ-guyane.fr\/es\/2023\/03\/17\/la-place-de-la-femme-est-elle-dans-la-cuisine-parlons-en\/","og_site_name":"Universit\u00e9 de Guyane","article_publisher":"https:\/\/www.facebook.com\/univguyane","article_published_time":"2023-03-17T12:50:03+00:00","article_modified_time":"2024-06-18T12:53:03+00:00","og_image":[{"width":1800,"height":1013,"url":"https:\/\/www.univ-guyane.fr\/wp-content\/uploads\/journee-droit-de-la-femme-2023.jpeg","type":"image\/jpeg"}],"author":"Erick Loiti\u00e8re","twitter_card":"summary_large_image","twitter_creator":"@univguyane","twitter_site":"@univguyane","twitter_misc":{"Escrito por":"Erick Loiti\u00e8re","Tiempo de lectura":"3 minutos"},"schema":{"@context":"https:\/\/schema.org","@graph":[{"@type":"Article","@id":"https:\/\/www.univ-guyane.fr\/2023\/03\/17\/la-place-de-la-femme-est-elle-dans-la-cuisine-parlons-en\/#article","isPartOf":{"@id":"https:\/\/www.univ-guyane.fr\/2023\/03\/17\/la-place-de-la-femme-est-elle-dans-la-cuisine-parlons-en\/"},"author":{"name":"Erick Loiti\u00e8re","@id":"https:\/\/www.univ-guyane.fr\/#\/schema\/person\/86d946a28a8be51bb096ccfdf19db179"},"headline":"La place de la femme est-elle dans la cuisine? Parlons-en !","datePublished":"2023-03-17T12:50:03+00:00","dateModified":"2024-06-18T12:53:03+00:00","mainEntityOfPage":{"@id":"https:\/\/www.univ-guyane.fr\/2023\/03\/17\/la-place-de-la-femme-est-elle-dans-la-cuisine-parlons-en\/"},"wordCount":634,"publisher":{"@id":"https:\/\/www.univ-guyane.fr\/#organization"},"image":{"@id":"https:\/\/www.univ-guyane.fr\/2023\/03\/17\/la-place-de-la-femme-est-elle-dans-la-cuisine-parlons-en\/#primaryimage"},"thumbnailUrl":"https:\/\/www.univ-guyane.fr\/wp-content\/uploads\/journee-droit-de-la-femme-2023.jpeg","articleSection":["\u2022 Culture"],"inLanguage":"es"},{"@type":"WebPage","@id":"https:\/\/www.univ-guyane.fr\/2023\/03\/17\/la-place-de-la-femme-est-elle-dans-la-cuisine-parlons-en\/","url":"https:\/\/www.univ-guyane.fr\/2023\/03\/17\/la-place-de-la-femme-est-elle-dans-la-cuisine-parlons-en\/","name":"La place de la femme est-elle dans la cuisine? Parlons-en ! &#8212; Universit\u00e9 de Guyane","isPartOf":{"@id":"https:\/\/www.univ-guyane.fr\/#website"},"primaryImageOfPage":{"@id":"https:\/\/www.univ-guyane.fr\/2023\/03\/17\/la-place-de-la-femme-est-elle-dans-la-cuisine-parlons-en\/#primaryimage"},"image":{"@id":"https:\/\/www.univ-guyane.fr\/2023\/03\/17\/la-place-de-la-femme-est-elle-dans-la-cuisine-parlons-en\/#primaryimage"},"thumbnailUrl":"https:\/\/www.univ-guyane.fr\/wp-content\/uploads\/journee-droit-de-la-femme-2023.jpeg","datePublished":"2023-03-17T12:50:03+00:00","dateModified":"2024-06-18T12:53:03+00:00","description":"D\u00e9couvrez le d\u00e9bat sur la place de la femme dans la cuisine. Une discussion anim\u00e9e pour d\u00e9construire les pr\u00e9jug\u00e9s et lever les freins.","breadcrumb":{"@id":"https:\/\/www.univ-guyane.fr\/2023\/03\/17\/la-place-de-la-femme-est-elle-dans-la-cuisine-parlons-en\/#breadcrumb"},"inLanguage":"es","potentialAction":[{"@type":"ReadAction","target":["https:\/\/www.univ-guyane.fr\/2023\/03\/17\/la-place-de-la-femme-est-elle-dans-la-cuisine-parlons-en\/"]}]},{"@type":"ImageObject","inLanguage":"es","@id":"https:\/\/www.univ-guyane.fr\/2023\/03\/17\/la-place-de-la-femme-est-elle-dans-la-cuisine-parlons-en\/#primaryimage","url":"https:\/\/www.univ-guyane.fr\/wp-content\/uploads\/journee-droit-de-la-femme-2023.jpeg","contentUrl":"https:\/\/www.univ-guyane.fr\/wp-content\/uploads\/journee-droit-de-la-femme-2023.jpeg","width":1800,"height":1013,"caption":"La place de la femme est-elle dans la cuisine? Parlons-en !"},{"@type":"BreadcrumbList","@id":"https:\/\/www.univ-guyane.fr\/2023\/03\/17\/la-place-de-la-femme-est-elle-dans-la-cuisine-parlons-en\/#breadcrumb","itemListElement":[{"@type":"ListItem","position":1,"name":"Accueil","item":"https:\/\/www.univ-guyane.fr\/"},{"@type":"ListItem","position":2,"name":"La place de la femme est-elle dans la cuisine? Parlons-en !"}]},{"@type":"WebSite","@id":"https:\/\/www.univ-guyane.fr\/#website","url":"https:\/\/www.univ-guyane.fr\/","name":"Universidad de Guyana","description":"En el coraz\u00f3n de la Amazonia","publisher":{"@id":"https:\/\/www.univ-guyane.fr\/#organization"},"alternateName":"UG","potentialAction":[{"@type":"SearchAction","target":{"@type":"EntryPoint","urlTemplate":"https:\/\/www.univ-guyane.fr\/?s={search_term_string}"},"query-input":{"@type":"PropertyValueSpecification","valueRequired":true,"valueName":"search_term_string"}}],"inLanguage":"es"},{"@type":"Organization","@id":"https:\/\/www.univ-guyane.fr\/#organization","name":"Universidad de Guyana","alternateName":"UG","url":"https:\/\/www.univ-guyane.fr\/","logo":{"@type":"ImageObject","inLanguage":"es","@id":"https:\/\/www.univ-guyane.fr\/#\/schema\/logo\/image\/","url":"https:\/\/www.univ-guyane.fr\/wp-content\/uploads\/2024\/05\/f.png","contentUrl":"https:\/\/www.univ-guyane.fr\/wp-content\/uploads\/2024\/05\/f.png","width":1024,"height":1024,"caption":"Universit\u00e9 de Guyane"},"image":{"@id":"https:\/\/www.univ-guyane.fr\/#\/schema\/logo\/image\/"},"sameAs":["https:\/\/www.facebook.com\/univguyane","https:\/\/x.com\/univguyane","https:\/\/gf.linkedin.com\/school\/universite-de-guyane\/","https:\/\/www.instagram.com\/univ_guyane\/"]},{"@type":"Person","@id":"https:\/\/www.univ-guyane.fr\/#\/schema\/person\/86d946a28a8be51bb096ccfdf19db179","name":"Erick Loiti\u00e8re","image":{"@type":"ImageObject","inLanguage":"es","@id":"https:\/\/secure.gravatar.com\/avatar\/0584f332103fbeaf37e52c73b15dca3c547fd9300deb05764e9ad8714839d072?s=96&d=robohash&r=g","url":"https:\/\/secure.gravatar.com\/avatar\/0584f332103fbeaf37e52c73b15dca3c547fd9300deb05764e9ad8714839d072?s=96&d=robohash&r=g","contentUrl":"https:\/\/secure.gravatar.com\/avatar\/0584f332103fbeaf37e52c73b15dca3c547fd9300deb05764e9ad8714839d072?s=96&d=robohash&r=g","caption":"Erick Loiti\u00e8re"},"sameAs":["http:\/\/www.univ-guyane.fr"],"url":"https:\/\/www.univ-guyane.fr\/es\/author\/eloitierdbz\/"}]}},"_links":{"self":[{"href":"https:\/\/www.univ-guyane.fr\/es\/wp-json\/wp\/v2\/posts\/8573","targetHints":{"allow":["GET"]}}],"collection":[{"href":"https:\/\/www.univ-guyane.fr\/es\/wp-json\/wp\/v2\/posts"}],"about":[{"href":"https:\/\/www.univ-guyane.fr\/es\/wp-json\/wp\/v2\/types\/post"}],"author":[{"embeddable":true,"href":"https:\/\/www.univ-guyane.fr\/es\/wp-json\/wp\/v2\/users\/1"}],"replies":[{"embeddable":true,"href":"https:\/\/www.univ-guyane.fr\/es\/wp-json\/wp\/v2\/comments?post=8573"}],"version-history":[{"count":1,"href":"https:\/\/www.univ-guyane.fr\/es\/wp-json\/wp\/v2\/posts\/8573\/revisions"}],"predecessor-version":[{"id":8576,"href":"https:\/\/www.univ-guyane.fr\/es\/wp-json\/wp\/v2\/posts\/8573\/revisions\/8576"}],"wp:featuredmedia":[{"embeddable":true,"href":"https:\/\/www.univ-guyane.fr\/es\/wp-json\/wp\/v2\/media\/8574"}],"wp:attachment":[{"href":"https:\/\/www.univ-guyane.fr\/es\/wp-json\/wp\/v2\/media?parent=8573"}],"wp:term":[{"taxonomy":"category","embeddable":true,"href":"https:\/\/www.univ-guyane.fr\/es\/wp-json\/wp\/v2\/categories?post=8573"},{"taxonomy":"post_tag","embeddable":true,"href":"https:\/\/www.univ-guyane.fr\/es\/wp-json\/wp\/v2\/tags?post=8573"}],"curies":[{"name":"wp","href":"https:\/\/api.w.org\/{rel}","templated":true}]}}