{"id":8577,"date":"2023-03-10T09:53:29","date_gmt":"2023-03-10T12:53:29","guid":{"rendered":"https:\/\/www.univ-guyane.fr\/?p=8577"},"modified":"2024-06-18T09:56:54","modified_gmt":"2024-06-18T12:56:54","slug":"elections-du-21-28-mars-2023","status":"publish","type":"post","link":"https:\/\/www.univ-guyane.fr\/es\/2023\/03\/10\/elections-du-21-28-mars-2023\/","title":{"rendered":"Elecciones los d\u00edas 21 y 28 de marzo de 2023"},"content":{"rendered":"<div id=\"fws_69f3d81003a33\"  data-column-margin=\"default\" data-midnight=\"dark\"  class=\"wpb_row vc_row-fluid vc_row\"  style=\"padding-top: 0px; padding-bottom: 0px; \"><div class=\"row-bg-wrap\" data-bg-animation=\"none\" data-bg-animation-delay=\"\" data-bg-overlay=\"false\"><div class=\"inner-wrap row-bg-layer\" ><div class=\"row-bg viewport-desktop\"  style=\"\"><\/div><\/div><\/div><div class=\"row_col_wrap_12 col span_12 dark left\">\n\t<div  class=\"vc_col-sm-12 wpb_column column_container vc_column_container col no-extra-padding inherit_tablet inherit_phone\"  data-padding-pos=\"all\" data-has-bg-color=\"false\" data-bg-color=\"\" data-bg-opacity=\"1\" data-animation=\"\" data-delay=\"0\" >\n\t\t<div class=\"vc_column-inner\" >\n\t\t\t<div class=\"wpb_wrapper\">\n\t\t\t\t\n<div class=\"wpb_text_column wpb_content_element  chapo\" >\n\t<div id=\"fws_64b5d2e2bac9d\" class=\"wpb_row vc_row-fluid vc_row\" data-column-margin=\"default\" data-midnight=\"dark\">\n<div class=\"row_col_wrap_12 col span_12 dark left\">\n<div class=\"vc_col-sm-12 wpb_column column_container vc_column_container col no-extra-padding inherit_tablet inherit_phone\" data-padding-pos=\"all\" data-has-bg-color=\"false\" data-bg-color=\"\" data-bg-opacity=\"1\" data-animation=\"\" data-delay=\"0\">\n<div class=\"vc_column-inner\">\n<div class=\"wpb_wrapper\">\n<div class=\"wpb_text_column wpb_content_element\">\n<div class=\"wpb_wrapper\">\n<h2>Los d\u00edas 21 y 28 de marzo ser\u00e1 el momento de elegir a las personas que deseen formar parte de los consejos de administraci\u00f3n y participar en las decisiones que afectar\u00e1n al INSPE, la escuela doctoral, los departamentos SJE, LSH y ST, el laboratorio MINEA, el IUT de Kourou, la U CFA y el SUAPS.<\/h2>\n<\/div>\n<\/div>\n<\/div>\n<\/div>\n<\/div>\n<\/div>\n<\/div>\n<\/div>\n\n\n\n\n<div class=\"wpb_text_column wpb_content_element\" >\n\t<div class=\"wpb_text_column wpb_content_element vc_custom_1679941778005\">\n<div class=\"wpb_wrapper\">\n<span class=\"nectar-dropcap\" >E <\/span>n vista de la convocatoria del 28 de marzo sobre la reforma de las pensiones, las elecciones para el laboratorio del MIN\u00c9A, el INSP\u00c9 y los departamentos de formaci\u00f3n e investigaci\u00f3n LSH, ST y SJE se han aplazado a la misma fecha.\u00a0<strong>29 de marzo. Tendr\u00e1n lugar en el centro cultural del INSPE de 8.00 a 15.00 horas y el recuento de votos se realizar\u00e1 a continuaci\u00f3n.<\/strong><\/p>\n<\/div>\n<\/div>\n<div class=\"wpb_text_column wpb_content_element vc_custom_1679941848793\">\n<div class=\"wpb_wrapper\">\n<p><strong>21 de marzo :\u00a0<\/strong>Escuela doctoral Kourou IUT, CFA U y SUAPS<br \/>\n<strong>29 de marzo : <\/strong>MINEA INSPE, LSH, ST y SJE<\/p>\n<\/div>\n<\/div>\n<div class=\"wpb_text_column wpb_content_element\">\n<div class=\"wpb_wrapper\">\n<div id=\"lipsum\">\n<p><strong>\u00bfQui\u00e9n puede formar parte de estos consejos?<br \/>\n<\/strong>Personas nombradas o elegidas para defender los intereses de quienes pertenecen a los mismos grupos (colegios) que ellos.<\/p>\n<h3>Encuesta el 21 de marzo de 2023<\/h3>\n<p><strong>\u00bfQui\u00e9n ser\u00e1 elegido?<br \/>\n<\/strong>Escuela de doctorado: Doctorandos: (3 miembros titulares y 3 suplentes) Kourou IUT: Usuarios (estudiantes): (2 miembros titulares y 2 suplentes) CFA U: Delegados de trabajo (1 miembro titular y 1 suplente)<\/p>\n<p>SUAPS: Representantes de los estudiantes matriculados en el SUAPS (2 titulares y 2 suplentes) Representantes de la asociaci\u00f3n deportiva de la UG<br \/>\n(1 miembro titular y 1 suplente)<\/p>\n<p><strong>\u00bfPuedo votar?<\/strong><br \/>\nS\u00cd si est\u00e1 inscrito en el componente, estructura o departamento correspondiente.<\/p>\n<h3>Encuesta el 29 de marzo de 2023<\/h3>\n<p><strong>\u00bfQui\u00e9n ser\u00e1 elegido?<\/strong><\/p>\n<ul>\n<li>MINEA: Representantes de doctorandos (4 titulares y 4 suplentes)<\/li>\n<li>INSPE : Empleados y\/o usuarios<\/li>\n<li>DFR LSH: Personal y\/o usuarios<\/li>\n<li>DFR ST: Personal y\/o usuarios<\/li>\n<li>DFR SJE: Personal y\/o usuarios<\/li>\n<li>DFR SANTE: Personal y\/o usuarios<\/li>\n<\/ul>\n<p><strong>\u00bfPuedo votar?<br \/>\n<\/strong>S\u00cd, si est\u00e1 inscrito en los censos electorales (listas de personas que pueden votar) o si cumple las condiciones para figurar en dichos censos.<\/p>\n<\/div>\n<\/div>\n<\/div>\n<div class=\"wpb_text_column wpb_content_element\">\n<div class=\"wpb_wrapper\">\n<h3>Otorgar un poder notarial<\/h3>\n<p><strong>\u00bfQui\u00e9n puede donarlo?<\/strong><br \/>\nElectores (personas inscritas en el censo electoral).<\/p>\n<p><strong>\u00bfA qui\u00e9n se lo doy?<\/strong><br \/>\nUna persona inscrita en el mismo censo electoral.<\/p>\n<p><strong>\u00bfC\u00f3mo se regala?<\/strong><br \/>\nSolicite un impreso numerado y adjunte un documento que acredite su identidad. Rellene el formulario numerado enviado por la DAJ y devu\u00e9lvalo a m\u00e1s tardar a las 12.00 horas del d\u00eda anterior a la votaci\u00f3n.<\/p>\n<h3><strong>Vote<\/strong><\/h3>\n<p><strong>\u00bfC\u00f3mo se vota?<\/strong><\/p>\n<ol>\n<li>Prueba de identidad e inscripci\u00f3n en un censo electoral.<\/li>\n<li>Coge un sobre + las papeletas de cada lista<\/li>\n<li>En la cabina electoral, introduzca en el sobre \u00fanicamente la papeleta de su elecci\u00f3n.<\/li>\n<li>Introduce tu sobre en la urna y firma en la lista de votantes.<\/li>\n<\/ol>\n<p><strong>\u00bfQui\u00e9n puede votar?<br \/>\n<\/strong>Los votantes.<\/p>\n<p><strong>\u00bfD\u00f3nde puedo votar?<\/strong><br \/>\nEn los colegios electorales (salas de la Universidad habilitadas para las elecciones) indicados en la orden de organizaci\u00f3n de las elecciones.<\/p>\n<p><strong>\u00bfCu\u00e1ndo votar?<\/strong><br \/>\nD\u00eda de votaci\u00f3n: d\u00eda de las elecciones de un colegio durante el horario previsto.<\/p>\n<h3>Presentar su solicitud<\/h3>\n<p>Cumplimentaci\u00f3n de los formularios: (p\u00f3ngase en contacto con el componente, la estructura o el departamento responsable del formulario)<br \/>\nle concierne). No olvide los justificantes. Respete los plazos y procedimientos de transmisi\u00f3n.<\/p>\n<p><strong>\u00bfQui\u00e9n puede solicitarlo?<br \/>\n<\/strong>Votantes<\/p>\n<p><strong>\u00bfQu\u00e9 documentos tengo que rellenar?<br \/>\n<\/strong>Si s\u00f3lo se elige a una persona: el formulario de candidatura individual.<br \/>\nSi hay que elegir al menos a dos personas: el formulario de candidatura de la lista + el formulario de candidatura individual de cada persona de la lista.<\/p>\n<\/div>\n<\/div>\n<div class=\"wpb_text_column wpb_content_element\">\n<div class=\"wpb_wrapper\">\n<p>*Para los usuarios en los que se deba elegir a un miembro titular, se utilizar\u00e1 el formulario de solicitud de lista para introducir el nombre del miembro suplente.<\/p>\n<\/div>\n<\/div>\n<div class=\"wpb_text_column wpb_content_element\">\n<div class=\"wpb_wrapper\">\n<h3>Contactos<\/h3>\n<div class=\"page\" title=\"P\u00e1gina 2\">\n<div class=\"section\">\n<div class=\"layoutArea\">\n<div class=\"column\">\n<p><a href=\"https:\/\/web.archive.org\/web\/20230717234642\/mailto:electionsecoledoctorale2023@univ-guyane.fr\">electionsecoledoctorale2023@univ-guyane.fr<\/a><br \/>\n<a href=\"https:\/\/web.archive.org\/web\/20230717234642\/mailto:electionsIUTDEKOUROU2023@univ-guyane.fr\">electionsIUTDEKOUROU2023@univ-guyane.fr<\/a><br \/>\n<a href=\"https:\/\/web.archive.org\/web\/20230717234642\/http:\/\/univ-guyane.fr\/\">electionsCFAU2023@univ-guyane.fr<\/a><br \/>\n<a href=\"https:\/\/web.archive.org\/web\/20230717234642\/mailto:electionsSUAPS2023@univ-guyane.fr\">electionsSUAPS2023@univ-guyane.fr<\/a><br \/>\n<a href=\"https:\/\/web.archive.org\/web\/20230717234642\/mailto:electionsMINEA2023@univ-guyane.fr\">electionsMINEA2023@univ-guyane.fr<\/a><br \/>\n<a href=\"https:\/\/web.archive.org\/web\/20230717234642\/mailto:electionsINSPE2023@univ-guyane.fr\">electionsINSPE2023@univ-guyane.fr<\/a><br \/>\n<a href=\"https:\/\/web.archive.org\/web\/20230717234642\/mailto:electionsLSH2023@univ-guyane.fr\">electionsLSH2023@univ-guyane.fr<\/a><br \/>\n<a href=\"https:\/\/web.archive.org\/web\/20230717234642\/mailto:electionsST2023@univ-guyane.fr\">electionsST2023@univ-guyane.fr<\/a><br \/>\n<a href=\"https:\/\/web.archive.org\/web\/20230717234642\/mailto:electionsSJE2023@univ-guyane.fr\">electionsSJE2023@univ-guyane.fr<\/a><\/p>\n<h3>Descargar los documentos<\/h3>\n<p><strong>Encuesta del 21 de marzo<\/strong><br \/>\n<a href=\"https:\/\/web.archive.org\/web\/20230717234642\/https:\/\/www.univ-guyane.fr\/ugfm\/docs\/elections\/2023\/ELECTIONS-ECOLE-DOCTORALE---IUT-DE-KOUROU---CFA-U-ET-SUAPS\/DECLARATION-DE-CANDIDATURE-DE-LISTE-POUR-L-ECOLE-DOCTORALE---IUT-DE-KOUROU---CFA-U---SUAPS_SCRUTIN-DU-21-MARS-2023.pdf\">Lista de candidatos<\/a><br \/>\n<a href=\"https:\/\/web.archive.org\/web\/20230717234642\/https:\/\/www.univ-guyane.fr\/ugfm\/docs\/elections\/2023\/ELECTIONS-ECOLE-DOCTORALE---IUT-DE-KOUROU---CFA-U-ET-SUAPS\/DECLARATION-INDIVIDUELLE-DE-CANDIDATURE-POUR-L-ECOLE-DOCTORALE---IUT-DE-KOUROU---CFA-U---SUAPS_SCRUTIN-DU-21-MARS-2023.pdf\">Declaraci\u00f3n individual de candidatura<\/a><br \/>\n<a href=\"https:\/\/web.archive.org\/web\/20230717234642\/https:\/\/www.univ-guyane.fr\/ugfm\/docs\/elections\/2023\/ELECTIONS-ECOLE-DOCTORALE---IUT-DE-KOUROU---CFA-U-ET-SUAPS\/DEMANDE-D-INSCRIPTION-OU-DE-RECTIFICATION---LISTE-ELECTORALE-POUR-L-ECOLE-DOCTORALE---IUT-DE-KOUROU---CFA-U---SUAPS_SCRUTIN-21-MARS.pdf\">Solicitud de inscripci\u00f3n\/rectificaci\u00f3n del censo electoral<\/a><\/p>\n<p><strong>Encuesta del 28 de marzo<\/strong><br \/>\n<a href=\"https:\/\/web.archive.org\/web\/20230717234642\/https:\/\/www.univ-guyane.fr\/ugfm\/docs\/elections\/2023\/ELECTIONS-MINEA---INSPE---CFA-U---DFR-LSH---DFR-ST---DFR-SJE\/DECLARATION-DE-CANDIDATURE-DE-LISTE-POUR-MINEA---L-INSPE---LE-CFA-U---DFR-LSH---DFR-ST---DFR-SJE_SCRUTIN-DU-28-MARS-2023.pdf\">Lista de candidatos<\/a><br \/>\n<a href=\"https:\/\/web.archive.org\/web\/20230717234642\/https:\/\/www.univ-guyane.fr\/ugfm\/docs\/elections\/2023\/ELECTIONS-MINEA---INSPE---CFA-U---DFR-LSH---DFR-ST---DFR-SJE\/DECLARATION-INDIVIDUELLE-DE-CANDIDATURE-POUR-MINEA---L-INSPE---LE-CFA-U---DFR-LSH---DFR-ST---DFR-SJE_SCRUTIN-DU-28-MARS-2023.pdf\">Declaraci\u00f3n individual de candidatura<\/a><br \/>\n<a href=\"https:\/\/web.archive.org\/web\/20230717234642\/https:\/\/www.univ-guyane.fr\/ugfm\/docs\/elections\/2023\/ELECTIONS-MINEA---INSPE---CFA-U---DFR-LSH---DFR-ST---DFR-SJE\/DEMANDE-D-INSCRIPTION-OU-DE-RECTIFICATION---LISTE-ELECTORALE-POUR--MINEA---L-INSPE---LE-CFA-U---DFR-LSH---DFR-ST---DFR-SJE_SCRUTIN-DU-28-MARS-2023.pdf\">Solicitud de inscripci\u00f3n\/rectificaci\u00f3n del censo electoral<\/a><\/p>\n<\/div>\n<\/div>\n<\/div>\n<\/div>\n<\/div>\n<\/div>\n<\/div>\n\n\n\n\n\t\t\t<\/div> \n\t\t<\/div>\n\t<\/div> \n<\/div><\/div>","protected":false},"excerpt":{"rendered":"Los d\u00edas 21 y 28 de marzo ser\u00e1 el momento de elegir a las personas que...","protected":false},"author":1,"featured_media":8579,"comment_status":"closed","ping_status":"open","sticky":false,"template":"","format":"standard","meta":{"iawp_total_views":40,"footnotes":""},"categories":[230],"tags":[],"class_list":{"0":"post-8577","1":"post","2":"type-post","3":"status-publish","4":"format-standard","5":"has-post-thumbnail","7":"category-elections"},"yoast_head":"<!-- This site is optimized with the Yoast SEO plugin v27.5 - https:\/\/yoast.com\/product\/yoast-seo-wordpress\/ -->\n<title>\u00c9lections du 21 &amp; 28 mars 2023 &#8212; Universit\u00e9 de Guyane<\/title>\n<meta name=\"description\" content=\"D\u00e9couvrez les \u00e9lections au sein du laboratoire MIN\u00c9A, de l\u2019INSP\u00c9, des d\u00e9partements de formation et de recherche LSH, ST et SJE.\" \/>\n<meta name=\"robots\" content=\"index, follow, max-snippet:-1, max-image-preview:large, max-video-preview:-1\" \/>\n<link rel=\"canonical\" href=\"https:\/\/www.univ-guyane.fr\/es\/2023\/03\/10\/elections-du-21-28-mars-2023\/\" \/>\n<meta property=\"og:locale\" content=\"es_ES\" \/>\n<meta property=\"og:type\" content=\"article\" \/>\n<meta property=\"og:title\" content=\"\u00c9lections du 21 &amp; 28 mars 2023 &#8212; Universit\u00e9 de Guyane\" \/>\n<meta property=\"og:description\" content=\"D\u00e9couvrez les \u00e9lections au sein du laboratoire MIN\u00c9A, de l\u2019INSP\u00c9, des d\u00e9partements de formation et de recherche LSH, ST et SJE.\" \/>\n<meta property=\"og:url\" content=\"https:\/\/www.univ-guyane.fr\/es\/2023\/03\/10\/elections-du-21-28-mars-2023\/\" \/>\n<meta property=\"og:site_name\" content=\"Universit\u00e9 de Guyane\" \/>\n<meta property=\"article:publisher\" content=\"https:\/\/www.facebook.com\/univguyane\" \/>\n<meta property=\"article:published_time\" content=\"2023-03-10T12:53:29+00:00\" \/>\n<meta property=\"article:modified_time\" content=\"2024-06-18T12:56:54+00:00\" \/>\n<meta property=\"og:image\" content=\"https:\/\/www.univ-guyane.fr\/wp-content\/uploads\/elections-dfrs-suaps-cac-universite-de-guyane-janvier-2016-2-3-1.jpeg\" \/>\n\t<meta property=\"og:image:width\" content=\"2000\" \/>\n\t<meta property=\"og:image:height\" content=\"1406\" \/>\n\t<meta property=\"og:image:type\" content=\"image\/jpeg\" \/>\n<meta name=\"author\" content=\"Erick Loiti\u00e8re\" \/>\n<meta name=\"twitter:card\" content=\"summary_large_image\" \/>\n<meta name=\"twitter:creator\" content=\"@univguyane\" \/>\n<meta name=\"twitter:site\" content=\"@univguyane\" \/>\n<meta name=\"twitter:label1\" content=\"Escrito por\" \/>\n\t<meta name=\"twitter:data1\" content=\"Erick Loiti\u00e8re\" \/>\n\t<meta name=\"twitter:label2\" content=\"Tiempo de lectura\" \/>\n\t<meta name=\"twitter:data2\" content=\"4 minutos\" \/>\n<script type=\"application\/ld+json\" class=\"yoast-schema-graph\">{\"@context\":\"https:\\\/\\\/schema.org\",\"@graph\":[{\"@type\":\"Article\",\"@id\":\"https:\\\/\\\/www.univ-guyane.fr\\\/2023\\\/03\\\/10\\\/elections-du-21-28-mars-2023\\\/#article\",\"isPartOf\":{\"@id\":\"https:\\\/\\\/www.univ-guyane.fr\\\/2023\\\/03\\\/10\\\/elections-du-21-28-mars-2023\\\/\"},\"author\":{\"name\":\"Erick Loiti\u00e8re\",\"@id\":\"https:\\\/\\\/www.univ-guyane.fr\\\/#\\\/schema\\\/person\\\/86d946a28a8be51bb096ccfdf19db179\"},\"headline\":\"\u00c9lections du 21 &#038; 28 mars 2023\",\"datePublished\":\"2023-03-10T12:53:29+00:00\",\"dateModified\":\"2024-06-18T12:56:54+00:00\",\"mainEntityOfPage\":{\"@id\":\"https:\\\/\\\/www.univ-guyane.fr\\\/2023\\\/03\\\/10\\\/elections-du-21-28-mars-2023\\\/\"},\"wordCount\":877,\"publisher\":{\"@id\":\"https:\\\/\\\/www.univ-guyane.fr\\\/#organization\"},\"image\":{\"@id\":\"https:\\\/\\\/www.univ-guyane.fr\\\/2023\\\/03\\\/10\\\/elections-du-21-28-mars-2023\\\/#primaryimage\"},\"thumbnailUrl\":\"https:\\\/\\\/www.univ-guyane.fr\\\/wp-content\\\/uploads\\\/elections-dfrs-suaps-cac-universite-de-guyane-janvier-2016-2-3-1.jpeg\",\"articleSection\":[\"\u2022 \u00c9lections\"],\"inLanguage\":\"es\"},{\"@type\":\"WebPage\",\"@id\":\"https:\\\/\\\/www.univ-guyane.fr\\\/2023\\\/03\\\/10\\\/elections-du-21-28-mars-2023\\\/\",\"url\":\"https:\\\/\\\/www.univ-guyane.fr\\\/2023\\\/03\\\/10\\\/elections-du-21-28-mars-2023\\\/\",\"name\":\"\u00c9lections du 21 & 28 mars 2023 &#8212; Universit\u00e9 de Guyane\",\"isPartOf\":{\"@id\":\"https:\\\/\\\/www.univ-guyane.fr\\\/#website\"},\"primaryImageOfPage\":{\"@id\":\"https:\\\/\\\/www.univ-guyane.fr\\\/2023\\\/03\\\/10\\\/elections-du-21-28-mars-2023\\\/#primaryimage\"},\"image\":{\"@id\":\"https:\\\/\\\/www.univ-guyane.fr\\\/2023\\\/03\\\/10\\\/elections-du-21-28-mars-2023\\\/#primaryimage\"},\"thumbnailUrl\":\"https:\\\/\\\/www.univ-guyane.fr\\\/wp-content\\\/uploads\\\/elections-dfrs-suaps-cac-universite-de-guyane-janvier-2016-2-3-1.jpeg\",\"datePublished\":\"2023-03-10T12:53:29+00:00\",\"dateModified\":\"2024-06-18T12:56:54+00:00\",\"description\":\"D\u00e9couvrez les \u00e9lections au sein du laboratoire MIN\u00c9A, de l\u2019INSP\u00c9, des d\u00e9partements de formation et de recherche LSH, ST et SJE.\",\"breadcrumb\":{\"@id\":\"https:\\\/\\\/www.univ-guyane.fr\\\/2023\\\/03\\\/10\\\/elections-du-21-28-mars-2023\\\/#breadcrumb\"},\"inLanguage\":\"es\",\"potentialAction\":[{\"@type\":\"ReadAction\",\"target\":[\"https:\\\/\\\/www.univ-guyane.fr\\\/2023\\\/03\\\/10\\\/elections-du-21-28-mars-2023\\\/\"]}]},{\"@type\":\"ImageObject\",\"inLanguage\":\"es\",\"@id\":\"https:\\\/\\\/www.univ-guyane.fr\\\/2023\\\/03\\\/10\\\/elections-du-21-28-mars-2023\\\/#primaryimage\",\"url\":\"https:\\\/\\\/www.univ-guyane.fr\\\/wp-content\\\/uploads\\\/elections-dfrs-suaps-cac-universite-de-guyane-janvier-2016-2-3-1.jpeg\",\"contentUrl\":\"https:\\\/\\\/www.univ-guyane.fr\\\/wp-content\\\/uploads\\\/elections-dfrs-suaps-cac-universite-de-guyane-janvier-2016-2-3-1.jpeg\",\"width\":2000,\"height\":1406,\"caption\":\"\u00c9lections du 21 & 28 mars 2023\"},{\"@type\":\"BreadcrumbList\",\"@id\":\"https:\\\/\\\/www.univ-guyane.fr\\\/2023\\\/03\\\/10\\\/elections-du-21-28-mars-2023\\\/#breadcrumb\",\"itemListElement\":[{\"@type\":\"ListItem\",\"position\":1,\"name\":\"Accueil\",\"item\":\"https:\\\/\\\/www.univ-guyane.fr\\\/\"},{\"@type\":\"ListItem\",\"position\":2,\"name\":\"\u00c9lections du 21 &#038; 28 mars 2023\"}]},{\"@type\":\"WebSite\",\"@id\":\"https:\\\/\\\/www.univ-guyane.fr\\\/#website\",\"url\":\"https:\\\/\\\/www.univ-guyane.fr\\\/\",\"name\":\"Universit\u00e9 de Guyane\",\"description\":\"Au c\u0153ur de l&#039;amazonie\",\"publisher\":{\"@id\":\"https:\\\/\\\/www.univ-guyane.fr\\\/#organization\"},\"alternateName\":\"UG\",\"potentialAction\":[{\"@type\":\"SearchAction\",\"target\":{\"@type\":\"EntryPoint\",\"urlTemplate\":\"https:\\\/\\\/www.univ-guyane.fr\\\/?s={search_term_string}\"},\"query-input\":{\"@type\":\"PropertyValueSpecification\",\"valueRequired\":true,\"valueName\":\"search_term_string\"}}],\"inLanguage\":\"es\"},{\"@type\":\"Organization\",\"@id\":\"https:\\\/\\\/www.univ-guyane.fr\\\/#organization\",\"name\":\"Universit\u00e9 de Guyane\",\"alternateName\":\"UG\",\"url\":\"https:\\\/\\\/www.univ-guyane.fr\\\/\",\"logo\":{\"@type\":\"ImageObject\",\"inLanguage\":\"es\",\"@id\":\"https:\\\/\\\/www.univ-guyane.fr\\\/#\\\/schema\\\/logo\\\/image\\\/\",\"url\":\"https:\\\/\\\/www.univ-guyane.fr\\\/wp-content\\\/uploads\\\/2024\\\/05\\\/f.png\",\"contentUrl\":\"https:\\\/\\\/www.univ-guyane.fr\\\/wp-content\\\/uploads\\\/2024\\\/05\\\/f.png\",\"width\":1024,\"height\":1024,\"caption\":\"Universit\u00e9 de Guyane\"},\"image\":{\"@id\":\"https:\\\/\\\/www.univ-guyane.fr\\\/#\\\/schema\\\/logo\\\/image\\\/\"},\"sameAs\":[\"https:\\\/\\\/www.facebook.com\\\/univguyane\",\"https:\\\/\\\/x.com\\\/univguyane\",\"https:\\\/\\\/gf.linkedin.com\\\/school\\\/universite-de-guyane\\\/\",\"https:\\\/\\\/www.instagram.com\\\/univ_guyane\\\/\"]},{\"@type\":\"Person\",\"@id\":\"https:\\\/\\\/www.univ-guyane.fr\\\/#\\\/schema\\\/person\\\/86d946a28a8be51bb096ccfdf19db179\",\"name\":\"Erick Loiti\u00e8re\",\"image\":{\"@type\":\"ImageObject\",\"inLanguage\":\"es\",\"@id\":\"https:\\\/\\\/secure.gravatar.com\\\/avatar\\\/0584f332103fbeaf37e52c73b15dca3c547fd9300deb05764e9ad8714839d072?s=96&d=robohash&r=g\",\"url\":\"https:\\\/\\\/secure.gravatar.com\\\/avatar\\\/0584f332103fbeaf37e52c73b15dca3c547fd9300deb05764e9ad8714839d072?s=96&d=robohash&r=g\",\"contentUrl\":\"https:\\\/\\\/secure.gravatar.com\\\/avatar\\\/0584f332103fbeaf37e52c73b15dca3c547fd9300deb05764e9ad8714839d072?s=96&d=robohash&r=g\",\"caption\":\"Erick Loiti\u00e8re\"},\"sameAs\":[\"http:\\\/\\\/www.univ-guyane.fr\"],\"url\":\"https:\\\/\\\/www.univ-guyane.fr\\\/es\\\/author\\\/eloitierdbz\\\/\"}]}<\/script>\n<!-- \/ Yoast SEO plugin. -->","yoast_head_json":{"title":"Elecciones del 21 y 28 de marzo de 2023 - Universit\u00e9 de Guyane","description":"Inf\u00f3rmese sobre las elecciones en el laboratorio MIN\u00c9A, el INSP\u00c9 y los departamentos de formaci\u00f3n e investigaci\u00f3n LSH, ST y SJE.","robots":{"index":"index","follow":"follow","max-snippet":"max-snippet:-1","max-image-preview":"max-image-preview:large","max-video-preview":"max-video-preview:-1"},"canonical":"https:\/\/www.univ-guyane.fr\/es\/2023\/03\/10\/elections-du-21-28-mars-2023\/","og_locale":"es_ES","og_type":"article","og_title":"\u00c9lections du 21 & 28 mars 2023 &#8212; Universit\u00e9 de Guyane","og_description":"D\u00e9couvrez les \u00e9lections au sein du laboratoire MIN\u00c9A, de l\u2019INSP\u00c9, des d\u00e9partements de formation et de recherche LSH, ST et SJE.","og_url":"https:\/\/www.univ-guyane.fr\/es\/2023\/03\/10\/elections-du-21-28-mars-2023\/","og_site_name":"Universit\u00e9 de Guyane","article_publisher":"https:\/\/www.facebook.com\/univguyane","article_published_time":"2023-03-10T12:53:29+00:00","article_modified_time":"2024-06-18T12:56:54+00:00","og_image":[{"width":2000,"height":1406,"url":"https:\/\/www.univ-guyane.fr\/wp-content\/uploads\/elections-dfrs-suaps-cac-universite-de-guyane-janvier-2016-2-3-1.jpeg","type":"image\/jpeg"}],"author":"Erick Loiti\u00e8re","twitter_card":"summary_large_image","twitter_creator":"@univguyane","twitter_site":"@univguyane","twitter_misc":{"Escrito por":"Erick Loiti\u00e8re","Tiempo de lectura":"4 minutos"},"schema":{"@context":"https:\/\/schema.org","@graph":[{"@type":"Article","@id":"https:\/\/www.univ-guyane.fr\/2023\/03\/10\/elections-du-21-28-mars-2023\/#article","isPartOf":{"@id":"https:\/\/www.univ-guyane.fr\/2023\/03\/10\/elections-du-21-28-mars-2023\/"},"author":{"name":"Erick Loiti\u00e8re","@id":"https:\/\/www.univ-guyane.fr\/#\/schema\/person\/86d946a28a8be51bb096ccfdf19db179"},"headline":"\u00c9lections du 21 &#038; 28 mars 2023","datePublished":"2023-03-10T12:53:29+00:00","dateModified":"2024-06-18T12:56:54+00:00","mainEntityOfPage":{"@id":"https:\/\/www.univ-guyane.fr\/2023\/03\/10\/elections-du-21-28-mars-2023\/"},"wordCount":877,"publisher":{"@id":"https:\/\/www.univ-guyane.fr\/#organization"},"image":{"@id":"https:\/\/www.univ-guyane.fr\/2023\/03\/10\/elections-du-21-28-mars-2023\/#primaryimage"},"thumbnailUrl":"https:\/\/www.univ-guyane.fr\/wp-content\/uploads\/elections-dfrs-suaps-cac-universite-de-guyane-janvier-2016-2-3-1.jpeg","articleSection":["\u2022 \u00c9lections"],"inLanguage":"es"},{"@type":"WebPage","@id":"https:\/\/www.univ-guyane.fr\/2023\/03\/10\/elections-du-21-28-mars-2023\/","url":"https:\/\/www.univ-guyane.fr\/2023\/03\/10\/elections-du-21-28-mars-2023\/","name":"Elecciones del 21 y 28 de marzo de 2023 - Universit\u00e9 de Guyane","isPartOf":{"@id":"https:\/\/www.univ-guyane.fr\/#website"},"primaryImageOfPage":{"@id":"https:\/\/www.univ-guyane.fr\/2023\/03\/10\/elections-du-21-28-mars-2023\/#primaryimage"},"image":{"@id":"https:\/\/www.univ-guyane.fr\/2023\/03\/10\/elections-du-21-28-mars-2023\/#primaryimage"},"thumbnailUrl":"https:\/\/www.univ-guyane.fr\/wp-content\/uploads\/elections-dfrs-suaps-cac-universite-de-guyane-janvier-2016-2-3-1.jpeg","datePublished":"2023-03-10T12:53:29+00:00","dateModified":"2024-06-18T12:56:54+00:00","description":"Inf\u00f3rmese sobre las elecciones en el laboratorio MIN\u00c9A, el INSP\u00c9 y los departamentos de formaci\u00f3n e investigaci\u00f3n LSH, ST y SJE.","breadcrumb":{"@id":"https:\/\/www.univ-guyane.fr\/2023\/03\/10\/elections-du-21-28-mars-2023\/#breadcrumb"},"inLanguage":"es","potentialAction":[{"@type":"ReadAction","target":["https:\/\/www.univ-guyane.fr\/2023\/03\/10\/elections-du-21-28-mars-2023\/"]}]},{"@type":"ImageObject","inLanguage":"es","@id":"https:\/\/www.univ-guyane.fr\/2023\/03\/10\/elections-du-21-28-mars-2023\/#primaryimage","url":"https:\/\/www.univ-guyane.fr\/wp-content\/uploads\/elections-dfrs-suaps-cac-universite-de-guyane-janvier-2016-2-3-1.jpeg","contentUrl":"https:\/\/www.univ-guyane.fr\/wp-content\/uploads\/elections-dfrs-suaps-cac-universite-de-guyane-janvier-2016-2-3-1.jpeg","width":2000,"height":1406,"caption":"\u00c9lections du 21 & 28 mars 2023"},{"@type":"BreadcrumbList","@id":"https:\/\/www.univ-guyane.fr\/2023\/03\/10\/elections-du-21-28-mars-2023\/#breadcrumb","itemListElement":[{"@type":"ListItem","position":1,"name":"Accueil","item":"https:\/\/www.univ-guyane.fr\/"},{"@type":"ListItem","position":2,"name":"\u00c9lections du 21 &#038; 28 mars 2023"}]},{"@type":"WebSite","@id":"https:\/\/www.univ-guyane.fr\/#website","url":"https:\/\/www.univ-guyane.fr\/","name":"Universidad de Guyana","description":"En el coraz\u00f3n de la Amazonia","publisher":{"@id":"https:\/\/www.univ-guyane.fr\/#organization"},"alternateName":"UG","potentialAction":[{"@type":"SearchAction","target":{"@type":"EntryPoint","urlTemplate":"https:\/\/www.univ-guyane.fr\/?s={search_term_string}"},"query-input":{"@type":"PropertyValueSpecification","valueRequired":true,"valueName":"search_term_string"}}],"inLanguage":"es"},{"@type":"Organization","@id":"https:\/\/www.univ-guyane.fr\/#organization","name":"Universidad de Guyana","alternateName":"UG","url":"https:\/\/www.univ-guyane.fr\/","logo":{"@type":"ImageObject","inLanguage":"es","@id":"https:\/\/www.univ-guyane.fr\/#\/schema\/logo\/image\/","url":"https:\/\/www.univ-guyane.fr\/wp-content\/uploads\/2024\/05\/f.png","contentUrl":"https:\/\/www.univ-guyane.fr\/wp-content\/uploads\/2024\/05\/f.png","width":1024,"height":1024,"caption":"Universit\u00e9 de Guyane"},"image":{"@id":"https:\/\/www.univ-guyane.fr\/#\/schema\/logo\/image\/"},"sameAs":["https:\/\/www.facebook.com\/univguyane","https:\/\/x.com\/univguyane","https:\/\/gf.linkedin.com\/school\/universite-de-guyane\/","https:\/\/www.instagram.com\/univ_guyane\/"]},{"@type":"Person","@id":"https:\/\/www.univ-guyane.fr\/#\/schema\/person\/86d946a28a8be51bb096ccfdf19db179","name":"Erick Loiti\u00e8re","image":{"@type":"ImageObject","inLanguage":"es","@id":"https:\/\/secure.gravatar.com\/avatar\/0584f332103fbeaf37e52c73b15dca3c547fd9300deb05764e9ad8714839d072?s=96&d=robohash&r=g","url":"https:\/\/secure.gravatar.com\/avatar\/0584f332103fbeaf37e52c73b15dca3c547fd9300deb05764e9ad8714839d072?s=96&d=robohash&r=g","contentUrl":"https:\/\/secure.gravatar.com\/avatar\/0584f332103fbeaf37e52c73b15dca3c547fd9300deb05764e9ad8714839d072?s=96&d=robohash&r=g","caption":"Erick Loiti\u00e8re"},"sameAs":["http:\/\/www.univ-guyane.fr"],"url":"https:\/\/www.univ-guyane.fr\/es\/author\/eloitierdbz\/"}]}},"_links":{"self":[{"href":"https:\/\/www.univ-guyane.fr\/es\/wp-json\/wp\/v2\/posts\/8577","targetHints":{"allow":["GET"]}}],"collection":[{"href":"https:\/\/www.univ-guyane.fr\/es\/wp-json\/wp\/v2\/posts"}],"about":[{"href":"https:\/\/www.univ-guyane.fr\/es\/wp-json\/wp\/v2\/types\/post"}],"author":[{"embeddable":true,"href":"https:\/\/www.univ-guyane.fr\/es\/wp-json\/wp\/v2\/users\/1"}],"replies":[{"embeddable":true,"href":"https:\/\/www.univ-guyane.fr\/es\/wp-json\/wp\/v2\/comments?post=8577"}],"version-history":[{"count":1,"href":"https:\/\/www.univ-guyane.fr\/es\/wp-json\/wp\/v2\/posts\/8577\/revisions"}],"predecessor-version":[{"id":8580,"href":"https:\/\/www.univ-guyane.fr\/es\/wp-json\/wp\/v2\/posts\/8577\/revisions\/8580"}],"wp:featuredmedia":[{"embeddable":true,"href":"https:\/\/www.univ-guyane.fr\/es\/wp-json\/wp\/v2\/media\/8579"}],"wp:attachment":[{"href":"https:\/\/www.univ-guyane.fr\/es\/wp-json\/wp\/v2\/media?parent=8577"}],"wp:term":[{"taxonomy":"category","embeddable":true,"href":"https:\/\/www.univ-guyane.fr\/es\/wp-json\/wp\/v2\/categories?post=8577"},{"taxonomy":"post_tag","embeddable":true,"href":"https:\/\/www.univ-guyane.fr\/es\/wp-json\/wp\/v2\/tags?post=8577"}],"curies":[{"name":"wp","href":"https:\/\/api.w.org\/{rel}","templated":true}]}}