{"id":8607,"date":"2023-02-17T10:38:01","date_gmt":"2023-02-17T13:38:01","guid":{"rendered":"https:\/\/www.univ-guyane.fr\/?p=8607"},"modified":"2025-04-09T09:51:49","modified_gmt":"2025-04-09T12:51:49","slug":"natalia-etudiante-en-mobilite-a-lug","status":"publish","type":"post","link":"https:\/\/www.univ-guyane.fr\/es\/2023\/02\/17\/natalia-etudiante-en-mobilite-a-lug\/","title":{"rendered":"Nat\u00e1lia, estudiante de movilidad en la UG"},"content":{"rendered":"<div id=\"fws_69f41a99c707a\"  data-column-margin=\"default\" data-midnight=\"dark\"  class=\"wpb_row vc_row-fluid vc_row\"  style=\"padding-top: 0px; padding-bottom: 0px; \"><div class=\"row-bg-wrap\" data-bg-animation=\"none\" data-bg-animation-delay=\"\" data-bg-overlay=\"false\"><div class=\"inner-wrap row-bg-layer\" ><div class=\"row-bg viewport-desktop\"  style=\"\"><\/div><\/div><\/div><div class=\"row_col_wrap_12 col span_12 dark left\">\n\t<div  class=\"vc_col-sm-12 wpb_column column_container vc_column_container col no-extra-padding inherit_tablet inherit_phone\"  data-padding-pos=\"all\" data-has-bg-color=\"false\" data-bg-color=\"\" data-bg-opacity=\"1\" data-animation=\"\" data-delay=\"0\" >\n\t\t<div class=\"vc_column-inner\" >\n\t\t\t<div class=\"wpb_wrapper\">\n\t\t\t\t\n<div class=\"wpb_text_column wpb_content_element  chapo\" >\n\t<h2>Cada a\u00f1o, la Universidad de Guyana acoge a varios estudiantes internacionales procedentes de pa\u00edses asociados (por ejemplo, Am\u00e9rica, \u00c1frica, Europa, etc.).<\/h2>\n<\/div>\n\n\n\n\n<div class=\"wpb_text_column wpb_content_element\" >\n\t<div class=\"wpb_text_column wpb_content_element\">\n<div class=\"wpb_wrapper\">\n<span class=\"nectar-dropcap\" >L <\/span>a movilidad internacional ofrece a los estudiantes la oportunidad de descubrir una nueva cultura, aprender nuevas materias y conocer gente nueva. Este es el caso de Nat\u00e1lia, una estudiante que vino a pasar un semestre en nuestra universidad como parte del programa PUMA. Nos cuenta su experiencia.<\/p>\n<\/div>\n<\/div>\n<div class=\"wpb_text_column wpb_content_element\">\n<div class=\"wpb_wrapper\">\n<div id=\"lipsum\">\n<div class=\"page\" title=\"P\u00e1gina 1\">\n<div class=\"section\">\n<div class=\"layoutArea\">\n<div class=\"column\">\n<p>Me llamo Nat\u00e1lia. Soy de Belo Horizonte, una ciudad del estado de Minas Gerais, en Brasil. Tengo un t\u00edtulo equivalente a una licenciatura (Bacharelado) en biblioteconom\u00eda. Tambi\u00e9n particip\u00e9 en el PUMA (Programme universitaire.<\/p>\n<p>Llevo mucho tiempo pensando en la movilidad internacional. Regularmente me informaba de los programas disponibles en mi universidad de origen. Sin embargo, en Brasil no siempre tenemos la oportunidad de hacer intercambios universitarios, debido a los l\u00edmites de edad impuestos y a los gastos de viaje que no cubren las becas de movilidad. En cambio, el programa PUMA ofrece m\u00e1s oportunidades y tiene la ventaja de no imponer ninguna limitaci\u00f3n a los estudiantes.<\/p>\n<p><strong>\u00bfPor qu\u00e9 eligi\u00f3 la Guayana Francesa para sus pr\u00e1cticas?<\/strong><\/p>\n<p>Estudi\u00e9 franc\u00e9s durante varios a\u00f1os. Sin embargo, nunca tuve la oportunidad de viajar a un pa\u00eds franc\u00f3fono para desarrollar mis conocimientos ling\u00fc\u00edsticos.<\/p>\n<p>La Guayana Francesa ofrece precisamente esa oportunidad. Al ser una regi\u00f3n franc\u00f3fona, era natural que quisiera ir all\u00ed. Pude conocer otros aspectos de la regi\u00f3n, como su rica cultura y su magn\u00edfica selva amaz\u00f3nica.<\/p>\n<p>Es bueno que la Universidad de Guyana participe en intercambios en el marco del programa PUMA.<\/p>\n<p><strong>\u00bfCu\u00e1nto duraron las pr\u00e1cticas? \u00bfQu\u00e9 aprendi\u00f3 durante las pr\u00e1cticas?<\/strong><\/p>\n<p>Mi estancia en la universidad dur\u00f3 unos 3 meses. Fue muy corta. Sin embargo, disfrut\u00e9 mucho de la experiencia. Desarroll\u00e9 varias habilidades, pero la que m\u00e1s me gust\u00f3 mejorar fue la lengua francesa. Es gratificante poder sumergirte en un idioma para desarrollar tus habilidades. En ese sentido, espero poder volver pronto, \u00bfquiz\u00e1 para un segundo intercambio durante mi m\u00e1ster?<\/p>\n<p>Sin embargo, hay que tener en cuenta ciertas limitaciones. Por desgracia, la Guayana Francesa es un territorio muy controlado por los brasile\u00f1os. Es una pena, porque nuestro pa\u00eds est\u00e1 justo al lado. Para ir all\u00ed, necesitamos un visado, que a menudo es dif\u00edcil de obtener. Pero si me dan la oportunidad de volver, lo har\u00e9 encantado.<\/p>\n<p>La gente que conoc\u00ed durante mi estancia fue muy amable. Guardo muy buenos recuerdos. Hice amigos que guardar\u00e9 en mi coraz\u00f3n.<\/p>\n<p><strong>D\u00edganos qu\u00e9 recordar\u00e1 de su estancia...<\/strong><\/p>\n<p>Me lo pas\u00e9 muy bien en el sendero de Rorota, en la Savane-roche Virginie en R\u00e9gina y en las \u00celes du salut. Incre\u00edbles momentos de descubrimiento. Pero nunca olvidar\u00e9 mi primer paseo en bicicleta, en el centro de Cayena, donde me quem\u00e9 con el sol. Fue memorable.<\/p>\n<p><strong>\u00bfSu carrera en la UG?<\/strong><\/p>\n<p>El Bachelor of Arts (L3) de la Universidad de Guyana me permiti\u00f3 aprender m\u00e1s sobre literatura y ling\u00fc\u00edstica francesas. Me acogieron muy bien y los profesores fueron muy amables y comprensivos. Ayudaron a que mi experiencia fuera agradable. Sobre todo durante las clases, en las que la barrera del idioma afectaba a mi comprensi\u00f3n. A menudo hab\u00eda peque\u00f1os detalles importantes que no pod\u00eda entender.<\/p>\n<p>Mi experiencia en la UG tambi\u00e9n ha estado marcada por los acontecimientos.<\/p>\n<\/div>\n<\/div>\n<\/div>\n<\/div>\n<div class=\"page\" title=\"P\u00e1gina 2\">\n<div class=\"section\">\n<div class=\"layoutArea\">\n<div class=\"column\">\n<p>Particip\u00e9 en la primera Jornada Erasmus organizada en la Universidad de Guyana. Me divert\u00ed mucho con los juegos organizados por los responsables de Relaciones Internacionales. La jornada fue una oportunidad para conocer a otros estudiantes internacionales.<\/p>\n<p>Tambi\u00e9n hubo una visita de la Ministra de Ense\u00f1anza Superior. Me impresion\u00f3, escuch\u00f3 a los estudiantes. Me gust\u00f3 estar all\u00ed ese d\u00eda. Aunque no interactu\u00e9 directamente con Madame Retailleau (la actual Ministra de Ense\u00f1anza Superior e Investigaci\u00f3n).<\/p>\n<p><strong>\u00bfCu\u00e1les son sus planes profesionales?<\/strong><\/p>\n<p>Cuando vuelva a Brasil, mi ambici\u00f3n es hacer un m\u00e1ster. Al mismo tiempo, quiero iniciar una carrera profesional como bibliotecaria.<\/p>\n<p>Los intercambios en el extranjero est\u00e1n reconocidos en el mundo profesional. Ofrecen m\u00e1s oportunidades.<\/p>\n<p>En mi caso, esta apertura cultural es una ventaja para mi futura carrera.<\/p>\n<\/div>\n<\/div>\n<\/div>\n<\/div>\n<\/div>\n<\/div>\n<\/div>\n<div class=\"wpb_text_column wpb_content_element vc_custom_1679185362374\">\n<div class=\"wpb_wrapper\">\n<p>M\u00e1s informaci\u00f3n\u00a0<a href=\"https:\/\/web.archive.org\/web\/20230720153353\/https:\/\/crula-auf.com\/puma\/\">programa de movilidad acad\u00e9mica<\/a>.<\/p>\n<p>Si desea m\u00e1s informaci\u00f3n sobre nuestros programas de movilidad, p\u00f3ngase en contacto con la Oficina de Relaciones Internacionales.<\/p>\n<\/div>\n<\/div>\n<\/div>\n\n\n\n\n\t\t\t<\/div> \n\t\t<\/div>\n\t<\/div> \n<\/div><\/div>","protected":false},"excerpt":{"rendered":"La Universidad de la Guayana Francesa acoge cada a\u00f1o a numerosos estudiantes internacionales procedentes de pa\u00edses asociados (por ejemplo, ....).","protected":false},"author":1,"featured_media":8608,"comment_status":"closed","ping_status":"open","sticky":false,"template":"","format":"standard","meta":{"iawp_total_views":80,"footnotes":""},"categories":[196,276],"tags":[],"class_list":{"0":"post-8607","1":"post","2":"type-post","3":"status-publish","4":"format-standard","5":"has-post-thumbnail","7":"category-portraits","8":"category-temoignage-erasmus"},"yoast_head":"<!-- This site is optimized with the Yoast SEO plugin v27.5 - https:\/\/yoast.com\/product\/yoast-seo-wordpress\/ -->\n<title>Nat\u00e1lia, \u00e9tudiante en mobilit\u00e9 \u00e0 l\u2019UG &#8212; Universit\u00e9 de Guyane<\/title>\n<meta name=\"description\" content=\"D\u00e9couvrez l&#039;exp\u00e9rience d&#039;une \u00e9tudiante br\u00e9silienne en mobilit\u00e9 internationale, venue enrichir son parcours et ses comp\u00e9tences.\" \/>\n<meta name=\"robots\" content=\"index, follow, max-snippet:-1, max-image-preview:large, max-video-preview:-1\" \/>\n<link rel=\"canonical\" href=\"https:\/\/www.univ-guyane.fr\/es\/2023\/02\/17\/natalia-etudiante-en-mobilite-a-lug\/\" \/>\n<meta property=\"og:locale\" content=\"es_ES\" \/>\n<meta property=\"og:type\" content=\"article\" \/>\n<meta property=\"og:title\" content=\"Nat\u00e1lia, \u00e9tudiante en mobilit\u00e9 \u00e0 l\u2019UG &#8212; Universit\u00e9 de Guyane\" \/>\n<meta property=\"og:description\" content=\"D\u00e9couvrez l&#039;exp\u00e9rience d&#039;une \u00e9tudiante br\u00e9silienne en mobilit\u00e9 internationale, venue enrichir son parcours et ses comp\u00e9tences.\" \/>\n<meta property=\"og:url\" content=\"https:\/\/www.univ-guyane.fr\/es\/2023\/02\/17\/natalia-etudiante-en-mobilite-a-lug\/\" \/>\n<meta property=\"og:site_name\" content=\"Universit\u00e9 de Guyane\" \/>\n<meta property=\"article:publisher\" content=\"https:\/\/www.facebook.com\/univguyane\" \/>\n<meta property=\"article:published_time\" content=\"2023-02-17T13:38:01+00:00\" \/>\n<meta property=\"article:modified_time\" content=\"2025-04-09T12:51:49+00:00\" \/>\n<meta property=\"og:image\" content=\"https:\/\/www.univ-guyane.fr\/wp-content\/uploads\/portrait-natalia-etudiante-en-mobilite-universite-de-guyane.jpeg\" \/>\n\t<meta property=\"og:image:width\" content=\"1800\" \/>\n\t<meta property=\"og:image:height\" content=\"1013\" \/>\n\t<meta property=\"og:image:type\" content=\"image\/jpeg\" \/>\n<meta name=\"author\" content=\"Erick Loiti\u00e8re\" \/>\n<meta name=\"twitter:card\" content=\"summary_large_image\" \/>\n<meta name=\"twitter:creator\" content=\"@univguyane\" \/>\n<meta name=\"twitter:site\" content=\"@univguyane\" \/>\n<meta name=\"twitter:label1\" content=\"Escrito por\" \/>\n\t<meta name=\"twitter:data1\" content=\"Erick Loiti\u00e8re\" \/>\n\t<meta name=\"twitter:label2\" content=\"Tiempo de lectura\" \/>\n\t<meta name=\"twitter:data2\" content=\"5 minutos\" \/>\n<script type=\"application\/ld+json\" class=\"yoast-schema-graph\">{\"@context\":\"https:\\\/\\\/schema.org\",\"@graph\":[{\"@type\":\"Article\",\"@id\":\"https:\\\/\\\/www.univ-guyane.fr\\\/2023\\\/02\\\/17\\\/natalia-etudiante-en-mobilite-a-lug\\\/#article\",\"isPartOf\":{\"@id\":\"https:\\\/\\\/www.univ-guyane.fr\\\/2023\\\/02\\\/17\\\/natalia-etudiante-en-mobilite-a-lug\\\/\"},\"author\":{\"name\":\"Erick Loiti\u00e8re\",\"@id\":\"https:\\\/\\\/www.univ-guyane.fr\\\/#\\\/schema\\\/person\\\/86d946a28a8be51bb096ccfdf19db179\"},\"headline\":\"Nat\u00e1lia, \u00e9tudiante en mobilit\u00e9 \u00e0 l\u2019UG\",\"datePublished\":\"2023-02-17T13:38:01+00:00\",\"dateModified\":\"2025-04-09T12:51:49+00:00\",\"mainEntityOfPage\":{\"@id\":\"https:\\\/\\\/www.univ-guyane.fr\\\/2023\\\/02\\\/17\\\/natalia-etudiante-en-mobilite-a-lug\\\/\"},\"wordCount\":1116,\"publisher\":{\"@id\":\"https:\\\/\\\/www.univ-guyane.fr\\\/#organization\"},\"image\":{\"@id\":\"https:\\\/\\\/www.univ-guyane.fr\\\/2023\\\/02\\\/17\\\/natalia-etudiante-en-mobilite-a-lug\\\/#primaryimage\"},\"thumbnailUrl\":\"https:\\\/\\\/www.univ-guyane.fr\\\/wp-content\\\/uploads\\\/portrait-natalia-etudiante-en-mobilite-universite-de-guyane.jpeg\",\"articleSection\":[\"\u2022\u00a0Portraits\",\"Temoignage Erasmus\"],\"inLanguage\":\"es\"},{\"@type\":\"WebPage\",\"@id\":\"https:\\\/\\\/www.univ-guyane.fr\\\/2023\\\/02\\\/17\\\/natalia-etudiante-en-mobilite-a-lug\\\/\",\"url\":\"https:\\\/\\\/www.univ-guyane.fr\\\/2023\\\/02\\\/17\\\/natalia-etudiante-en-mobilite-a-lug\\\/\",\"name\":\"Nat\u00e1lia, \u00e9tudiante en mobilit\u00e9 \u00e0 l\u2019UG &#8212; Universit\u00e9 de Guyane\",\"isPartOf\":{\"@id\":\"https:\\\/\\\/www.univ-guyane.fr\\\/#website\"},\"primaryImageOfPage\":{\"@id\":\"https:\\\/\\\/www.univ-guyane.fr\\\/2023\\\/02\\\/17\\\/natalia-etudiante-en-mobilite-a-lug\\\/#primaryimage\"},\"image\":{\"@id\":\"https:\\\/\\\/www.univ-guyane.fr\\\/2023\\\/02\\\/17\\\/natalia-etudiante-en-mobilite-a-lug\\\/#primaryimage\"},\"thumbnailUrl\":\"https:\\\/\\\/www.univ-guyane.fr\\\/wp-content\\\/uploads\\\/portrait-natalia-etudiante-en-mobilite-universite-de-guyane.jpeg\",\"datePublished\":\"2023-02-17T13:38:01+00:00\",\"dateModified\":\"2025-04-09T12:51:49+00:00\",\"description\":\"D\u00e9couvrez l'exp\u00e9rience d'une \u00e9tudiante br\u00e9silienne en mobilit\u00e9 internationale, venue enrichir son parcours et ses comp\u00e9tences.\",\"breadcrumb\":{\"@id\":\"https:\\\/\\\/www.univ-guyane.fr\\\/2023\\\/02\\\/17\\\/natalia-etudiante-en-mobilite-a-lug\\\/#breadcrumb\"},\"inLanguage\":\"es\",\"potentialAction\":[{\"@type\":\"ReadAction\",\"target\":[\"https:\\\/\\\/www.univ-guyane.fr\\\/2023\\\/02\\\/17\\\/natalia-etudiante-en-mobilite-a-lug\\\/\"]}]},{\"@type\":\"ImageObject\",\"inLanguage\":\"es\",\"@id\":\"https:\\\/\\\/www.univ-guyane.fr\\\/2023\\\/02\\\/17\\\/natalia-etudiante-en-mobilite-a-lug\\\/#primaryimage\",\"url\":\"https:\\\/\\\/www.univ-guyane.fr\\\/wp-content\\\/uploads\\\/portrait-natalia-etudiante-en-mobilite-universite-de-guyane.jpeg\",\"contentUrl\":\"https:\\\/\\\/www.univ-guyane.fr\\\/wp-content\\\/uploads\\\/portrait-natalia-etudiante-en-mobilite-universite-de-guyane.jpeg\",\"width\":1800,\"height\":1013,\"caption\":\"Nat\u00e1lia, \u00e9tudiante en mobilit\u00e9 \u00e0 l\u2019UG\"},{\"@type\":\"BreadcrumbList\",\"@id\":\"https:\\\/\\\/www.univ-guyane.fr\\\/2023\\\/02\\\/17\\\/natalia-etudiante-en-mobilite-a-lug\\\/#breadcrumb\",\"itemListElement\":[{\"@type\":\"ListItem\",\"position\":1,\"name\":\"Accueil\",\"item\":\"https:\\\/\\\/www.univ-guyane.fr\\\/\"},{\"@type\":\"ListItem\",\"position\":2,\"name\":\"Nat\u00e1lia, \u00e9tudiante en mobilit\u00e9 \u00e0 l\u2019UG\"}]},{\"@type\":\"WebSite\",\"@id\":\"https:\\\/\\\/www.univ-guyane.fr\\\/#website\",\"url\":\"https:\\\/\\\/www.univ-guyane.fr\\\/\",\"name\":\"Universit\u00e9 de Guyane\",\"description\":\"Au c\u0153ur de l&#039;amazonie\",\"publisher\":{\"@id\":\"https:\\\/\\\/www.univ-guyane.fr\\\/#organization\"},\"alternateName\":\"UG\",\"potentialAction\":[{\"@type\":\"SearchAction\",\"target\":{\"@type\":\"EntryPoint\",\"urlTemplate\":\"https:\\\/\\\/www.univ-guyane.fr\\\/?s={search_term_string}\"},\"query-input\":{\"@type\":\"PropertyValueSpecification\",\"valueRequired\":true,\"valueName\":\"search_term_string\"}}],\"inLanguage\":\"es\"},{\"@type\":\"Organization\",\"@id\":\"https:\\\/\\\/www.univ-guyane.fr\\\/#organization\",\"name\":\"Universit\u00e9 de Guyane\",\"alternateName\":\"UG\",\"url\":\"https:\\\/\\\/www.univ-guyane.fr\\\/\",\"logo\":{\"@type\":\"ImageObject\",\"inLanguage\":\"es\",\"@id\":\"https:\\\/\\\/www.univ-guyane.fr\\\/#\\\/schema\\\/logo\\\/image\\\/\",\"url\":\"https:\\\/\\\/www.univ-guyane.fr\\\/wp-content\\\/uploads\\\/2024\\\/05\\\/f.png\",\"contentUrl\":\"https:\\\/\\\/www.univ-guyane.fr\\\/wp-content\\\/uploads\\\/2024\\\/05\\\/f.png\",\"width\":1024,\"height\":1024,\"caption\":\"Universit\u00e9 de Guyane\"},\"image\":{\"@id\":\"https:\\\/\\\/www.univ-guyane.fr\\\/#\\\/schema\\\/logo\\\/image\\\/\"},\"sameAs\":[\"https:\\\/\\\/www.facebook.com\\\/univguyane\",\"https:\\\/\\\/x.com\\\/univguyane\",\"https:\\\/\\\/gf.linkedin.com\\\/school\\\/universite-de-guyane\\\/\",\"https:\\\/\\\/www.instagram.com\\\/univ_guyane\\\/\"]},{\"@type\":\"Person\",\"@id\":\"https:\\\/\\\/www.univ-guyane.fr\\\/#\\\/schema\\\/person\\\/86d946a28a8be51bb096ccfdf19db179\",\"name\":\"Erick Loiti\u00e8re\",\"image\":{\"@type\":\"ImageObject\",\"inLanguage\":\"es\",\"@id\":\"https:\\\/\\\/secure.gravatar.com\\\/avatar\\\/0584f332103fbeaf37e52c73b15dca3c547fd9300deb05764e9ad8714839d072?s=96&d=robohash&r=g\",\"url\":\"https:\\\/\\\/secure.gravatar.com\\\/avatar\\\/0584f332103fbeaf37e52c73b15dca3c547fd9300deb05764e9ad8714839d072?s=96&d=robohash&r=g\",\"contentUrl\":\"https:\\\/\\\/secure.gravatar.com\\\/avatar\\\/0584f332103fbeaf37e52c73b15dca3c547fd9300deb05764e9ad8714839d072?s=96&d=robohash&r=g\",\"caption\":\"Erick Loiti\u00e8re\"},\"sameAs\":[\"http:\\\/\\\/www.univ-guyane.fr\"],\"url\":\"https:\\\/\\\/www.univ-guyane.fr\\\/es\\\/author\\\/eloitierdbz\\\/\"}]}<\/script>\n<!-- \/ Yoast SEO plugin. -->","yoast_head_json":{"title":"Nat\u00e1lia, estudiante de movilidad en la UG - Universit\u00e9 de Guyane","description":"Descubra la experiencia de una estudiante brasile\u00f1a en movilidad internacional, que vino a enriquecer su carrera y sus competencias.","robots":{"index":"index","follow":"follow","max-snippet":"max-snippet:-1","max-image-preview":"max-image-preview:large","max-video-preview":"max-video-preview:-1"},"canonical":"https:\/\/www.univ-guyane.fr\/es\/2023\/02\/17\/natalia-etudiante-en-mobilite-a-lug\/","og_locale":"es_ES","og_type":"article","og_title":"Nat\u00e1lia, \u00e9tudiante en mobilit\u00e9 \u00e0 l\u2019UG &#8212; Universit\u00e9 de Guyane","og_description":"D\u00e9couvrez l'exp\u00e9rience d'une \u00e9tudiante br\u00e9silienne en mobilit\u00e9 internationale, venue enrichir son parcours et ses comp\u00e9tences.","og_url":"https:\/\/www.univ-guyane.fr\/es\/2023\/02\/17\/natalia-etudiante-en-mobilite-a-lug\/","og_site_name":"Universit\u00e9 de Guyane","article_publisher":"https:\/\/www.facebook.com\/univguyane","article_published_time":"2023-02-17T13:38:01+00:00","article_modified_time":"2025-04-09T12:51:49+00:00","og_image":[{"width":1800,"height":1013,"url":"https:\/\/www.univ-guyane.fr\/wp-content\/uploads\/portrait-natalia-etudiante-en-mobilite-universite-de-guyane.jpeg","type":"image\/jpeg"}],"author":"Erick Loiti\u00e8re","twitter_card":"summary_large_image","twitter_creator":"@univguyane","twitter_site":"@univguyane","twitter_misc":{"Escrito por":"Erick Loiti\u00e8re","Tiempo de lectura":"5 minutos"},"schema":{"@context":"https:\/\/schema.org","@graph":[{"@type":"Article","@id":"https:\/\/www.univ-guyane.fr\/2023\/02\/17\/natalia-etudiante-en-mobilite-a-lug\/#article","isPartOf":{"@id":"https:\/\/www.univ-guyane.fr\/2023\/02\/17\/natalia-etudiante-en-mobilite-a-lug\/"},"author":{"name":"Erick Loiti\u00e8re","@id":"https:\/\/www.univ-guyane.fr\/#\/schema\/person\/86d946a28a8be51bb096ccfdf19db179"},"headline":"Nat\u00e1lia, \u00e9tudiante en mobilit\u00e9 \u00e0 l\u2019UG","datePublished":"2023-02-17T13:38:01+00:00","dateModified":"2025-04-09T12:51:49+00:00","mainEntityOfPage":{"@id":"https:\/\/www.univ-guyane.fr\/2023\/02\/17\/natalia-etudiante-en-mobilite-a-lug\/"},"wordCount":1116,"publisher":{"@id":"https:\/\/www.univ-guyane.fr\/#organization"},"image":{"@id":"https:\/\/www.univ-guyane.fr\/2023\/02\/17\/natalia-etudiante-en-mobilite-a-lug\/#primaryimage"},"thumbnailUrl":"https:\/\/www.univ-guyane.fr\/wp-content\/uploads\/portrait-natalia-etudiante-en-mobilite-universite-de-guyane.jpeg","articleSection":["\u2022\u00a0Portraits","Temoignage Erasmus"],"inLanguage":"es"},{"@type":"WebPage","@id":"https:\/\/www.univ-guyane.fr\/2023\/02\/17\/natalia-etudiante-en-mobilite-a-lug\/","url":"https:\/\/www.univ-guyane.fr\/2023\/02\/17\/natalia-etudiante-en-mobilite-a-lug\/","name":"Nat\u00e1lia, estudiante de movilidad en la UG - Universit\u00e9 de Guyane","isPartOf":{"@id":"https:\/\/www.univ-guyane.fr\/#website"},"primaryImageOfPage":{"@id":"https:\/\/www.univ-guyane.fr\/2023\/02\/17\/natalia-etudiante-en-mobilite-a-lug\/#primaryimage"},"image":{"@id":"https:\/\/www.univ-guyane.fr\/2023\/02\/17\/natalia-etudiante-en-mobilite-a-lug\/#primaryimage"},"thumbnailUrl":"https:\/\/www.univ-guyane.fr\/wp-content\/uploads\/portrait-natalia-etudiante-en-mobilite-universite-de-guyane.jpeg","datePublished":"2023-02-17T13:38:01+00:00","dateModified":"2025-04-09T12:51:49+00:00","description":"Descubra la experiencia de una estudiante brasile\u00f1a en movilidad internacional, que vino a enriquecer su carrera y sus competencias.","breadcrumb":{"@id":"https:\/\/www.univ-guyane.fr\/2023\/02\/17\/natalia-etudiante-en-mobilite-a-lug\/#breadcrumb"},"inLanguage":"es","potentialAction":[{"@type":"ReadAction","target":["https:\/\/www.univ-guyane.fr\/2023\/02\/17\/natalia-etudiante-en-mobilite-a-lug\/"]}]},{"@type":"ImageObject","inLanguage":"es","@id":"https:\/\/www.univ-guyane.fr\/2023\/02\/17\/natalia-etudiante-en-mobilite-a-lug\/#primaryimage","url":"https:\/\/www.univ-guyane.fr\/wp-content\/uploads\/portrait-natalia-etudiante-en-mobilite-universite-de-guyane.jpeg","contentUrl":"https:\/\/www.univ-guyane.fr\/wp-content\/uploads\/portrait-natalia-etudiante-en-mobilite-universite-de-guyane.jpeg","width":1800,"height":1013,"caption":"Nat\u00e1lia, \u00e9tudiante en mobilit\u00e9 \u00e0 l\u2019UG"},{"@type":"BreadcrumbList","@id":"https:\/\/www.univ-guyane.fr\/2023\/02\/17\/natalia-etudiante-en-mobilite-a-lug\/#breadcrumb","itemListElement":[{"@type":"ListItem","position":1,"name":"Accueil","item":"https:\/\/www.univ-guyane.fr\/"},{"@type":"ListItem","position":2,"name":"Nat\u00e1lia, \u00e9tudiante en mobilit\u00e9 \u00e0 l\u2019UG"}]},{"@type":"WebSite","@id":"https:\/\/www.univ-guyane.fr\/#website","url":"https:\/\/www.univ-guyane.fr\/","name":"Universidad de Guyana","description":"En el coraz\u00f3n de la Amazonia","publisher":{"@id":"https:\/\/www.univ-guyane.fr\/#organization"},"alternateName":"UG","potentialAction":[{"@type":"SearchAction","target":{"@type":"EntryPoint","urlTemplate":"https:\/\/www.univ-guyane.fr\/?s={search_term_string}"},"query-input":{"@type":"PropertyValueSpecification","valueRequired":true,"valueName":"search_term_string"}}],"inLanguage":"es"},{"@type":"Organization","@id":"https:\/\/www.univ-guyane.fr\/#organization","name":"Universidad de Guyana","alternateName":"UG","url":"https:\/\/www.univ-guyane.fr\/","logo":{"@type":"ImageObject","inLanguage":"es","@id":"https:\/\/www.univ-guyane.fr\/#\/schema\/logo\/image\/","url":"https:\/\/www.univ-guyane.fr\/wp-content\/uploads\/2024\/05\/f.png","contentUrl":"https:\/\/www.univ-guyane.fr\/wp-content\/uploads\/2024\/05\/f.png","width":1024,"height":1024,"caption":"Universit\u00e9 de Guyane"},"image":{"@id":"https:\/\/www.univ-guyane.fr\/#\/schema\/logo\/image\/"},"sameAs":["https:\/\/www.facebook.com\/univguyane","https:\/\/x.com\/univguyane","https:\/\/gf.linkedin.com\/school\/universite-de-guyane\/","https:\/\/www.instagram.com\/univ_guyane\/"]},{"@type":"Person","@id":"https:\/\/www.univ-guyane.fr\/#\/schema\/person\/86d946a28a8be51bb096ccfdf19db179","name":"Erick Loiti\u00e8re","image":{"@type":"ImageObject","inLanguage":"es","@id":"https:\/\/secure.gravatar.com\/avatar\/0584f332103fbeaf37e52c73b15dca3c547fd9300deb05764e9ad8714839d072?s=96&d=robohash&r=g","url":"https:\/\/secure.gravatar.com\/avatar\/0584f332103fbeaf37e52c73b15dca3c547fd9300deb05764e9ad8714839d072?s=96&d=robohash&r=g","contentUrl":"https:\/\/secure.gravatar.com\/avatar\/0584f332103fbeaf37e52c73b15dca3c547fd9300deb05764e9ad8714839d072?s=96&d=robohash&r=g","caption":"Erick Loiti\u00e8re"},"sameAs":["http:\/\/www.univ-guyane.fr"],"url":"https:\/\/www.univ-guyane.fr\/es\/author\/eloitierdbz\/"}]}},"_links":{"self":[{"href":"https:\/\/www.univ-guyane.fr\/es\/wp-json\/wp\/v2\/posts\/8607","targetHints":{"allow":["GET"]}}],"collection":[{"href":"https:\/\/www.univ-guyane.fr\/es\/wp-json\/wp\/v2\/posts"}],"about":[{"href":"https:\/\/www.univ-guyane.fr\/es\/wp-json\/wp\/v2\/types\/post"}],"author":[{"embeddable":true,"href":"https:\/\/www.univ-guyane.fr\/es\/wp-json\/wp\/v2\/users\/1"}],"replies":[{"embeddable":true,"href":"https:\/\/www.univ-guyane.fr\/es\/wp-json\/wp\/v2\/comments?post=8607"}],"version-history":[{"count":1,"href":"https:\/\/www.univ-guyane.fr\/es\/wp-json\/wp\/v2\/posts\/8607\/revisions"}],"predecessor-version":[{"id":8609,"href":"https:\/\/www.univ-guyane.fr\/es\/wp-json\/wp\/v2\/posts\/8607\/revisions\/8609"}],"wp:featuredmedia":[{"embeddable":true,"href":"https:\/\/www.univ-guyane.fr\/es\/wp-json\/wp\/v2\/media\/8608"}],"wp:attachment":[{"href":"https:\/\/www.univ-guyane.fr\/es\/wp-json\/wp\/v2\/media?parent=8607"}],"wp:term":[{"taxonomy":"category","embeddable":true,"href":"https:\/\/www.univ-guyane.fr\/es\/wp-json\/wp\/v2\/categories?post=8607"},{"taxonomy":"post_tag","embeddable":true,"href":"https:\/\/www.univ-guyane.fr\/es\/wp-json\/wp\/v2\/tags?post=8607"}],"curies":[{"name":"wp","href":"https:\/\/api.w.org\/{rel}","templated":true}]}}