{"id":8638,"date":"2022-11-30T11:23:16","date_gmt":"2022-11-30T14:23:16","guid":{"rendered":"https:\/\/www.univ-guyane.fr\/?p=8638"},"modified":"2024-06-18T11:31:09","modified_gmt":"2024-06-18T14:31:09","slug":"lancement-de-la-conference-des-recteurs-duniversites-du-plateau-des-guyanes","status":"publish","type":"post","link":"https:\/\/www.univ-guyane.fr\/es\/2022\/11\/30\/lancement-de-la-conference-des-recteurs-duniversites-du-plateau-des-guyanes\/","title":{"rendered":"Lanzamiento de la Conferencia de Rectores de las Universidades del Escudo Guayan\u00e9s"},"content":{"rendered":"<div id=\"fws_69f3e430b1e7b\"  data-column-margin=\"default\" data-midnight=\"dark\"  class=\"wpb_row vc_row-fluid vc_row\"  style=\"padding-top: 0px; padding-bottom: 0px; \"><div class=\"row-bg-wrap\" data-bg-animation=\"none\" data-bg-animation-delay=\"\" data-bg-overlay=\"false\"><div class=\"inner-wrap row-bg-layer\" ><div class=\"row-bg viewport-desktop\"  style=\"\"><\/div><\/div><\/div><div class=\"row_col_wrap_12 col span_12 dark left\">\n\t<div  class=\"vc_col-sm-12 wpb_column column_container vc_column_container col no-extra-padding inherit_tablet inherit_phone\"  data-padding-pos=\"all\" data-has-bg-color=\"false\" data-bg-color=\"\" data-bg-opacity=\"1\" data-animation=\"\" data-delay=\"0\" >\n\t\t<div class=\"vc_column-inner\" >\n\t\t\t<div class=\"wpb_wrapper\">\n\t\t\t\t\n<div class=\"wpb_text_column wpb_content_element  chapo\" >\n\t<h2>Haci\u00e9ndose eco de la <a href=\"https:\/\/web.archive.org\/web\/20231129174702\/https:\/\/www.univ-guyane.fr\/2022\/06\/mission-guyuniv2\/\">Misi\u00f3n GUYUNIV2<\/a>Tras su misi\u00f3n exploratoria a Surinam y Guyana el pasado mes de junio, la Universidad de Guyana acogi\u00f3 a 3 delegaciones universitarias del 14 al 16 de noviembre. La Universidad de Surinam (ADEKUS), la Universidad de Guyana (UoG) y la Universidad Federal de Amapa (UNIFAP) se reunieron en la Universidad de la Guayana Francesa para lanzar oficialmente la Conferencia de Rectores Universitarios del Escudo Guayan\u00e9s.<\/h2>\n<\/div>\n\n\n\n\n<div class=\"wpb_text_column wpb_content_element\" >\n\t<p><span class=\"nectar-dropcap\" >L' <\/span>La Universidad de Guyana organiz\u00f3 el lanzamiento de la primera Conferencia de Rectores Universitarios de la Meseta de Guyana. En esta ocasi\u00f3n, dio la bienvenida a sus socios hom\u00f3logos de la macrorregi\u00f3n: la Universidad de Surinam (ADEKUS), la Universidad de Guyana y la Universidad Federal de Amapa (UNIFAP). Este acontecimiento marca un punto de inflexi\u00f3n y el inicio de una gran aventura para los cuatro centros de ense\u00f1anza superior.<\/p>\n<p>A lo largo de los tres d\u00edas, las cuatro instituciones debatieron los problemas que tienen en com\u00fan, tanto en materia de investigaci\u00f3n como de formaci\u00f3n. La cuesti\u00f3n de la identidad acad\u00e9mica y universitaria de la macrorregi\u00f3n del Escudo Guayan\u00e9s pas\u00f3 a primer plano. Los retos a los que se enfrentan estos territorios y pa\u00edses, los problemas de salud p\u00fablica y la riqueza de su biodiversidad son temas comunes.<\/p>\n<p>Con este encuentro, la Universidad de Guayana Francesa pretende sentar las bases de un consorcio de universidades del Escudo Guayan\u00e9s, que est\u00e1 llamado a ampliarse, con el fin de impulsar iniciativas educativas y cient\u00edficas entre las cuatro universidades. El encuentro permitir\u00e1 tambi\u00e9n sentar las bases de tres proyectos clave: el Instituto Amaz\u00f3nico de Biodiversidad e Innovaci\u00f3n Sostenible (AIBSI), la creaci\u00f3n de una prensa universitaria del Escudo Guayan\u00e9s y la creaci\u00f3n de una conferencia doctoral de la Amazonia Norte.<\/p>\n<h3><strong>Construir una identidad universitaria macrorregional<\/strong><\/h3>\n<p>A lo largo de los tres d\u00edas, se organiz\u00f3 una sesi\u00f3n matinal para sentar las bases de los tres proyectos clave que contribuir\u00e1n a construir una identidad acad\u00e9mica y universitaria macrorregional para la Meseta de Guayana.<\/p>\n<p>AIBSI (Instituto Amaz\u00f3nico de Biodiversidad e Innovaci\u00f3n Sostenible): un marco operativo para apoyar la emergencia de una identidad acad\u00e9mica y universitaria macrorregional;<\/p>\n<p>Una conferencia de doctorado sobre la Amazonia Septentrional como foro para la construcci\u00f3n de una identidad acad\u00e9mica a trav\u00e9s de una formaci\u00f3n de alto nivel. La creaci\u00f3n de un programa de formaci\u00f3n doctoral amaz\u00f3nico podr\u00eda contribuir en gran medida a reforzar el surgimiento en el Escudo Guayan\u00e9s de redes de especialistas y expertos en Amazonia, centradas en cuestiones como el conocimiento de la biodiversidad, el medio ambiente, el uso de tecnolog\u00edas innovadoras, el conocimiento de nuestras sociedades en el Escudo Guayan\u00e9s y las cuestiones de desarrollo.<\/p>\n<p>Una prensa universitaria para la Meseta de Guayana: una herramienta para construir una identidad macrorregional. El objetivo es aumentar la visibilidad internacional de las publicaciones cient\u00edficas y pedag\u00f3gicas, as\u00ed como de las obras de divulgaci\u00f3n de las cuatro instituciones. Al poner en com\u00fan las competencias de las cuatro instituciones, la idea de una prensa universitaria compartida podr\u00eda crear un verdadero espacio en el que sus cient\u00edficos y doctorandos podr\u00edan publicar sus trabajos.<\/p>\n<\/div>\n\n\n\n\n\t\t\t<\/div> \n\t\t<\/div>\n\t<\/div> \n<\/div><\/div>","protected":false},"excerpt":{"rendered":"Tras la misi\u00f3n exploratoria GUYUNIV2 a Surinam y Guyana en junio...","protected":false},"author":1,"featured_media":8639,"comment_status":"closed","ping_status":"open","sticky":false,"template":"","format":"standard","meta":{"iawp_total_views":26,"footnotes":""},"categories":[170,229],"tags":[],"class_list":{"0":"post-8638","1":"post","2":"type-post","3":"status-publish","4":"format-standard","5":"has-post-thumbnail","7":"category-international","8":"category-universite-actualites"},"yoast_head":"<!-- This site is optimized with the Yoast SEO plugin v27.5 - https:\/\/yoast.com\/product\/yoast-seo-wordpress\/ -->\n<title>Lancement de la Conf\u00e9rence des Recteurs d\u2019Universit\u00e9s du Plateau des Guyanes &#8212; Universit\u00e9 de Guyane<\/title>\n<meta name=\"description\" content=\"L&#039;Universit\u00e9 de Guyane accueille la premi\u00e8re Conf\u00e9rence des Recteurs d&#039;Universit\u00e9s du Plateau des Guyanes. Un moment cl\u00e9 pour les partenaires universitaires de la macro-r\u00e9gion.\" \/>\n<meta name=\"robots\" content=\"index, follow, max-snippet:-1, max-image-preview:large, max-video-preview:-1\" \/>\n<link rel=\"canonical\" href=\"https:\/\/www.univ-guyane.fr\/es\/2022\/11\/30\/lancement-de-la-conference-des-recteurs-duniversites-du-plateau-des-guyanes\/\" \/>\n<meta property=\"og:locale\" content=\"es_ES\" \/>\n<meta property=\"og:type\" content=\"article\" \/>\n<meta property=\"og:title\" content=\"Lancement de la Conf\u00e9rence des Recteurs d\u2019Universit\u00e9s du Plateau des Guyanes &#8212; Universit\u00e9 de Guyane\" \/>\n<meta property=\"og:description\" content=\"L&#039;Universit\u00e9 de Guyane accueille la premi\u00e8re Conf\u00e9rence des Recteurs d&#039;Universit\u00e9s du Plateau des Guyanes. Un moment cl\u00e9 pour les partenaires universitaires de la macro-r\u00e9gion.\" \/>\n<meta property=\"og:url\" content=\"https:\/\/www.univ-guyane.fr\/es\/2022\/11\/30\/lancement-de-la-conference-des-recteurs-duniversites-du-plateau-des-guyanes\/\" \/>\n<meta property=\"og:site_name\" content=\"Universit\u00e9 de Guyane\" \/>\n<meta property=\"article:publisher\" content=\"https:\/\/www.facebook.com\/univguyane\" \/>\n<meta property=\"article:published_time\" content=\"2022-11-30T14:23:16+00:00\" \/>\n<meta property=\"article:modified_time\" content=\"2024-06-18T14:31:09+00:00\" \/>\n<meta property=\"og:image\" content=\"https:\/\/www.univ-guyane.fr\/wp-content\/uploads\/conference-des-recteurs-du-plateau-des-guyanes-2022.jpeg\" \/>\n\t<meta property=\"og:image:width\" content=\"1800\" \/>\n\t<meta property=\"og:image:height\" content=\"1013\" \/>\n\t<meta property=\"og:image:type\" content=\"image\/jpeg\" \/>\n<meta name=\"author\" content=\"Erick Loiti\u00e8re\" \/>\n<meta name=\"twitter:card\" content=\"summary_large_image\" \/>\n<meta name=\"twitter:creator\" content=\"@univguyane\" \/>\n<meta name=\"twitter:site\" content=\"@univguyane\" \/>\n<meta name=\"twitter:label1\" content=\"Escrito por\" \/>\n\t<meta name=\"twitter:data1\" content=\"Erick Loiti\u00e8re\" \/>\n\t<meta name=\"twitter:label2\" content=\"Tiempo de lectura\" \/>\n\t<meta name=\"twitter:data2\" content=\"3 minutos\" \/>\n<script type=\"application\/ld+json\" class=\"yoast-schema-graph\">{\"@context\":\"https:\\\/\\\/schema.org\",\"@graph\":[{\"@type\":\"Article\",\"@id\":\"https:\\\/\\\/www.univ-guyane.fr\\\/2022\\\/11\\\/30\\\/lancement-de-la-conference-des-recteurs-duniversites-du-plateau-des-guyanes\\\/#article\",\"isPartOf\":{\"@id\":\"https:\\\/\\\/www.univ-guyane.fr\\\/2022\\\/11\\\/30\\\/lancement-de-la-conference-des-recteurs-duniversites-du-plateau-des-guyanes\\\/\"},\"author\":{\"name\":\"Erick Loiti\u00e8re\",\"@id\":\"https:\\\/\\\/www.univ-guyane.fr\\\/#\\\/schema\\\/person\\\/86d946a28a8be51bb096ccfdf19db179\"},\"headline\":\"Lancement de la Conf\u00e9rence des Recteurs d\u2019Universit\u00e9s du Plateau des Guyanes\",\"datePublished\":\"2022-11-30T14:23:16+00:00\",\"dateModified\":\"2024-06-18T14:31:09+00:00\",\"mainEntityOfPage\":{\"@id\":\"https:\\\/\\\/www.univ-guyane.fr\\\/2022\\\/11\\\/30\\\/lancement-de-la-conference-des-recteurs-duniversites-du-plateau-des-guyanes\\\/\"},\"wordCount\":761,\"publisher\":{\"@id\":\"https:\\\/\\\/www.univ-guyane.fr\\\/#organization\"},\"image\":{\"@id\":\"https:\\\/\\\/www.univ-guyane.fr\\\/2022\\\/11\\\/30\\\/lancement-de-la-conference-des-recteurs-duniversites-du-plateau-des-guyanes\\\/#primaryimage\"},\"thumbnailUrl\":\"https:\\\/\\\/www.univ-guyane.fr\\\/wp-content\\\/uploads\\\/conference-des-recteurs-du-plateau-des-guyanes-2022.jpeg\",\"articleSection\":[\"\u2022 International\",\"\u2022 Universit\u00e9\"],\"inLanguage\":\"es\"},{\"@type\":\"WebPage\",\"@id\":\"https:\\\/\\\/www.univ-guyane.fr\\\/2022\\\/11\\\/30\\\/lancement-de-la-conference-des-recteurs-duniversites-du-plateau-des-guyanes\\\/\",\"url\":\"https:\\\/\\\/www.univ-guyane.fr\\\/2022\\\/11\\\/30\\\/lancement-de-la-conference-des-recteurs-duniversites-du-plateau-des-guyanes\\\/\",\"name\":\"Lancement de la Conf\u00e9rence des Recteurs d\u2019Universit\u00e9s du Plateau des Guyanes &#8212; Universit\u00e9 de Guyane\",\"isPartOf\":{\"@id\":\"https:\\\/\\\/www.univ-guyane.fr\\\/#website\"},\"primaryImageOfPage\":{\"@id\":\"https:\\\/\\\/www.univ-guyane.fr\\\/2022\\\/11\\\/30\\\/lancement-de-la-conference-des-recteurs-duniversites-du-plateau-des-guyanes\\\/#primaryimage\"},\"image\":{\"@id\":\"https:\\\/\\\/www.univ-guyane.fr\\\/2022\\\/11\\\/30\\\/lancement-de-la-conference-des-recteurs-duniversites-du-plateau-des-guyanes\\\/#primaryimage\"},\"thumbnailUrl\":\"https:\\\/\\\/www.univ-guyane.fr\\\/wp-content\\\/uploads\\\/conference-des-recteurs-du-plateau-des-guyanes-2022.jpeg\",\"datePublished\":\"2022-11-30T14:23:16+00:00\",\"dateModified\":\"2024-06-18T14:31:09+00:00\",\"description\":\"L'Universit\u00e9 de Guyane accueille la premi\u00e8re Conf\u00e9rence des Recteurs d'Universit\u00e9s du Plateau des Guyanes. Un moment cl\u00e9 pour les partenaires universitaires de la macro-r\u00e9gion.\",\"breadcrumb\":{\"@id\":\"https:\\\/\\\/www.univ-guyane.fr\\\/2022\\\/11\\\/30\\\/lancement-de-la-conference-des-recteurs-duniversites-du-plateau-des-guyanes\\\/#breadcrumb\"},\"inLanguage\":\"es\",\"potentialAction\":[{\"@type\":\"ReadAction\",\"target\":[\"https:\\\/\\\/www.univ-guyane.fr\\\/2022\\\/11\\\/30\\\/lancement-de-la-conference-des-recteurs-duniversites-du-plateau-des-guyanes\\\/\"]}]},{\"@type\":\"ImageObject\",\"inLanguage\":\"es\",\"@id\":\"https:\\\/\\\/www.univ-guyane.fr\\\/2022\\\/11\\\/30\\\/lancement-de-la-conference-des-recteurs-duniversites-du-plateau-des-guyanes\\\/#primaryimage\",\"url\":\"https:\\\/\\\/www.univ-guyane.fr\\\/wp-content\\\/uploads\\\/conference-des-recteurs-du-plateau-des-guyanes-2022.jpeg\",\"contentUrl\":\"https:\\\/\\\/www.univ-guyane.fr\\\/wp-content\\\/uploads\\\/conference-des-recteurs-du-plateau-des-guyanes-2022.jpeg\",\"width\":1800,\"height\":1013,\"caption\":\"Lancement de la Conf\u00e9rence des Recteurs d\u2019Universit\u00e9s du Plateau des Guyanes\"},{\"@type\":\"BreadcrumbList\",\"@id\":\"https:\\\/\\\/www.univ-guyane.fr\\\/2022\\\/11\\\/30\\\/lancement-de-la-conference-des-recteurs-duniversites-du-plateau-des-guyanes\\\/#breadcrumb\",\"itemListElement\":[{\"@type\":\"ListItem\",\"position\":1,\"name\":\"Accueil\",\"item\":\"https:\\\/\\\/www.univ-guyane.fr\\\/\"},{\"@type\":\"ListItem\",\"position\":2,\"name\":\"Lancement de la Conf\u00e9rence des Recteurs d\u2019Universit\u00e9s du Plateau des Guyanes\"}]},{\"@type\":\"WebSite\",\"@id\":\"https:\\\/\\\/www.univ-guyane.fr\\\/#website\",\"url\":\"https:\\\/\\\/www.univ-guyane.fr\\\/\",\"name\":\"Universit\u00e9 de Guyane\",\"description\":\"Au c\u0153ur de l&#039;amazonie\",\"publisher\":{\"@id\":\"https:\\\/\\\/www.univ-guyane.fr\\\/#organization\"},\"alternateName\":\"UG\",\"potentialAction\":[{\"@type\":\"SearchAction\",\"target\":{\"@type\":\"EntryPoint\",\"urlTemplate\":\"https:\\\/\\\/www.univ-guyane.fr\\\/?s={search_term_string}\"},\"query-input\":{\"@type\":\"PropertyValueSpecification\",\"valueRequired\":true,\"valueName\":\"search_term_string\"}}],\"inLanguage\":\"es\"},{\"@type\":\"Organization\",\"@id\":\"https:\\\/\\\/www.univ-guyane.fr\\\/#organization\",\"name\":\"Universit\u00e9 de Guyane\",\"alternateName\":\"UG\",\"url\":\"https:\\\/\\\/www.univ-guyane.fr\\\/\",\"logo\":{\"@type\":\"ImageObject\",\"inLanguage\":\"es\",\"@id\":\"https:\\\/\\\/www.univ-guyane.fr\\\/#\\\/schema\\\/logo\\\/image\\\/\",\"url\":\"https:\\\/\\\/www.univ-guyane.fr\\\/wp-content\\\/uploads\\\/2024\\\/05\\\/f.png\",\"contentUrl\":\"https:\\\/\\\/www.univ-guyane.fr\\\/wp-content\\\/uploads\\\/2024\\\/05\\\/f.png\",\"width\":1024,\"height\":1024,\"caption\":\"Universit\u00e9 de Guyane\"},\"image\":{\"@id\":\"https:\\\/\\\/www.univ-guyane.fr\\\/#\\\/schema\\\/logo\\\/image\\\/\"},\"sameAs\":[\"https:\\\/\\\/www.facebook.com\\\/univguyane\",\"https:\\\/\\\/x.com\\\/univguyane\",\"https:\\\/\\\/gf.linkedin.com\\\/school\\\/universite-de-guyane\\\/\",\"https:\\\/\\\/www.instagram.com\\\/univ_guyane\\\/\"]},{\"@type\":\"Person\",\"@id\":\"https:\\\/\\\/www.univ-guyane.fr\\\/#\\\/schema\\\/person\\\/86d946a28a8be51bb096ccfdf19db179\",\"name\":\"Erick Loiti\u00e8re\",\"image\":{\"@type\":\"ImageObject\",\"inLanguage\":\"es\",\"@id\":\"https:\\\/\\\/secure.gravatar.com\\\/avatar\\\/0584f332103fbeaf37e52c73b15dca3c547fd9300deb05764e9ad8714839d072?s=96&d=robohash&r=g\",\"url\":\"https:\\\/\\\/secure.gravatar.com\\\/avatar\\\/0584f332103fbeaf37e52c73b15dca3c547fd9300deb05764e9ad8714839d072?s=96&d=robohash&r=g\",\"contentUrl\":\"https:\\\/\\\/secure.gravatar.com\\\/avatar\\\/0584f332103fbeaf37e52c73b15dca3c547fd9300deb05764e9ad8714839d072?s=96&d=robohash&r=g\",\"caption\":\"Erick Loiti\u00e8re\"},\"sameAs\":[\"http:\\\/\\\/www.univ-guyane.fr\"],\"url\":\"https:\\\/\\\/www.univ-guyane.fr\\\/es\\\/author\\\/eloitierdbz\\\/\"}]}<\/script>\n<!-- \/ Yoast SEO plugin. -->","yoast_head_json":{"title":"Lancement de la Conf\u00e9rence des Recteurs d\u2019Universit\u00e9s du Plateau des Guyanes &#8212; Universit\u00e9 de Guyane","description":"L'Universit\u00e9 de Guyane accueille la premi\u00e8re Conf\u00e9rence des Recteurs d'Universit\u00e9s du Plateau des Guyanes. Un moment cl\u00e9 pour les partenaires universitaires de la macro-r\u00e9gion.","robots":{"index":"index","follow":"follow","max-snippet":"max-snippet:-1","max-image-preview":"max-image-preview:large","max-video-preview":"max-video-preview:-1"},"canonical":"https:\/\/www.univ-guyane.fr\/es\/2022\/11\/30\/lancement-de-la-conference-des-recteurs-duniversites-du-plateau-des-guyanes\/","og_locale":"es_ES","og_type":"article","og_title":"Lancement de la Conf\u00e9rence des Recteurs d\u2019Universit\u00e9s du Plateau des Guyanes &#8212; Universit\u00e9 de Guyane","og_description":"L'Universit\u00e9 de Guyane accueille la premi\u00e8re Conf\u00e9rence des Recteurs d'Universit\u00e9s du Plateau des Guyanes. Un moment cl\u00e9 pour les partenaires universitaires de la macro-r\u00e9gion.","og_url":"https:\/\/www.univ-guyane.fr\/es\/2022\/11\/30\/lancement-de-la-conference-des-recteurs-duniversites-du-plateau-des-guyanes\/","og_site_name":"Universit\u00e9 de Guyane","article_publisher":"https:\/\/www.facebook.com\/univguyane","article_published_time":"2022-11-30T14:23:16+00:00","article_modified_time":"2024-06-18T14:31:09+00:00","og_image":[{"width":1800,"height":1013,"url":"https:\/\/www.univ-guyane.fr\/wp-content\/uploads\/conference-des-recteurs-du-plateau-des-guyanes-2022.jpeg","type":"image\/jpeg"}],"author":"Erick Loiti\u00e8re","twitter_card":"summary_large_image","twitter_creator":"@univguyane","twitter_site":"@univguyane","twitter_misc":{"Escrito por":"Erick Loiti\u00e8re","Tiempo de lectura":"3 minutos"},"schema":{"@context":"https:\/\/schema.org","@graph":[{"@type":"Article","@id":"https:\/\/www.univ-guyane.fr\/2022\/11\/30\/lancement-de-la-conference-des-recteurs-duniversites-du-plateau-des-guyanes\/#article","isPartOf":{"@id":"https:\/\/www.univ-guyane.fr\/2022\/11\/30\/lancement-de-la-conference-des-recteurs-duniversites-du-plateau-des-guyanes\/"},"author":{"name":"Erick Loiti\u00e8re","@id":"https:\/\/www.univ-guyane.fr\/#\/schema\/person\/86d946a28a8be51bb096ccfdf19db179"},"headline":"Lancement de la Conf\u00e9rence des Recteurs d\u2019Universit\u00e9s du Plateau des Guyanes","datePublished":"2022-11-30T14:23:16+00:00","dateModified":"2024-06-18T14:31:09+00:00","mainEntityOfPage":{"@id":"https:\/\/www.univ-guyane.fr\/2022\/11\/30\/lancement-de-la-conference-des-recteurs-duniversites-du-plateau-des-guyanes\/"},"wordCount":761,"publisher":{"@id":"https:\/\/www.univ-guyane.fr\/#organization"},"image":{"@id":"https:\/\/www.univ-guyane.fr\/2022\/11\/30\/lancement-de-la-conference-des-recteurs-duniversites-du-plateau-des-guyanes\/#primaryimage"},"thumbnailUrl":"https:\/\/www.univ-guyane.fr\/wp-content\/uploads\/conference-des-recteurs-du-plateau-des-guyanes-2022.jpeg","articleSection":["\u2022 International","\u2022 Universit\u00e9"],"inLanguage":"es"},{"@type":"WebPage","@id":"https:\/\/www.univ-guyane.fr\/2022\/11\/30\/lancement-de-la-conference-des-recteurs-duniversites-du-plateau-des-guyanes\/","url":"https:\/\/www.univ-guyane.fr\/2022\/11\/30\/lancement-de-la-conference-des-recteurs-duniversites-du-plateau-des-guyanes\/","name":"Lancement de la Conf\u00e9rence des Recteurs d\u2019Universit\u00e9s du Plateau des Guyanes &#8212; Universit\u00e9 de Guyane","isPartOf":{"@id":"https:\/\/www.univ-guyane.fr\/#website"},"primaryImageOfPage":{"@id":"https:\/\/www.univ-guyane.fr\/2022\/11\/30\/lancement-de-la-conference-des-recteurs-duniversites-du-plateau-des-guyanes\/#primaryimage"},"image":{"@id":"https:\/\/www.univ-guyane.fr\/2022\/11\/30\/lancement-de-la-conference-des-recteurs-duniversites-du-plateau-des-guyanes\/#primaryimage"},"thumbnailUrl":"https:\/\/www.univ-guyane.fr\/wp-content\/uploads\/conference-des-recteurs-du-plateau-des-guyanes-2022.jpeg","datePublished":"2022-11-30T14:23:16+00:00","dateModified":"2024-06-18T14:31:09+00:00","description":"L'Universit\u00e9 de Guyane accueille la premi\u00e8re Conf\u00e9rence des Recteurs d'Universit\u00e9s du Plateau des Guyanes. Un moment cl\u00e9 pour les partenaires universitaires de la macro-r\u00e9gion.","breadcrumb":{"@id":"https:\/\/www.univ-guyane.fr\/2022\/11\/30\/lancement-de-la-conference-des-recteurs-duniversites-du-plateau-des-guyanes\/#breadcrumb"},"inLanguage":"es","potentialAction":[{"@type":"ReadAction","target":["https:\/\/www.univ-guyane.fr\/2022\/11\/30\/lancement-de-la-conference-des-recteurs-duniversites-du-plateau-des-guyanes\/"]}]},{"@type":"ImageObject","inLanguage":"es","@id":"https:\/\/www.univ-guyane.fr\/2022\/11\/30\/lancement-de-la-conference-des-recteurs-duniversites-du-plateau-des-guyanes\/#primaryimage","url":"https:\/\/www.univ-guyane.fr\/wp-content\/uploads\/conference-des-recteurs-du-plateau-des-guyanes-2022.jpeg","contentUrl":"https:\/\/www.univ-guyane.fr\/wp-content\/uploads\/conference-des-recteurs-du-plateau-des-guyanes-2022.jpeg","width":1800,"height":1013,"caption":"Lancement de la Conf\u00e9rence des Recteurs d\u2019Universit\u00e9s du Plateau des Guyanes"},{"@type":"BreadcrumbList","@id":"https:\/\/www.univ-guyane.fr\/2022\/11\/30\/lancement-de-la-conference-des-recteurs-duniversites-du-plateau-des-guyanes\/#breadcrumb","itemListElement":[{"@type":"ListItem","position":1,"name":"Accueil","item":"https:\/\/www.univ-guyane.fr\/"},{"@type":"ListItem","position":2,"name":"Lancement de la Conf\u00e9rence des Recteurs d\u2019Universit\u00e9s du Plateau des Guyanes"}]},{"@type":"WebSite","@id":"https:\/\/www.univ-guyane.fr\/#website","url":"https:\/\/www.univ-guyane.fr\/","name":"Universidad de Guyana","description":"En el coraz\u00f3n de la Amazonia","publisher":{"@id":"https:\/\/www.univ-guyane.fr\/#organization"},"alternateName":"UG","potentialAction":[{"@type":"SearchAction","target":{"@type":"EntryPoint","urlTemplate":"https:\/\/www.univ-guyane.fr\/?s={search_term_string}"},"query-input":{"@type":"PropertyValueSpecification","valueRequired":true,"valueName":"search_term_string"}}],"inLanguage":"es"},{"@type":"Organization","@id":"https:\/\/www.univ-guyane.fr\/#organization","name":"Universidad de Guyana","alternateName":"UG","url":"https:\/\/www.univ-guyane.fr\/","logo":{"@type":"ImageObject","inLanguage":"es","@id":"https:\/\/www.univ-guyane.fr\/#\/schema\/logo\/image\/","url":"https:\/\/www.univ-guyane.fr\/wp-content\/uploads\/2024\/05\/f.png","contentUrl":"https:\/\/www.univ-guyane.fr\/wp-content\/uploads\/2024\/05\/f.png","width":1024,"height":1024,"caption":"Universit\u00e9 de Guyane"},"image":{"@id":"https:\/\/www.univ-guyane.fr\/#\/schema\/logo\/image\/"},"sameAs":["https:\/\/www.facebook.com\/univguyane","https:\/\/x.com\/univguyane","https:\/\/gf.linkedin.com\/school\/universite-de-guyane\/","https:\/\/www.instagram.com\/univ_guyane\/"]},{"@type":"Person","@id":"https:\/\/www.univ-guyane.fr\/#\/schema\/person\/86d946a28a8be51bb096ccfdf19db179","name":"Erick Loiti\u00e8re","image":{"@type":"ImageObject","inLanguage":"es","@id":"https:\/\/secure.gravatar.com\/avatar\/0584f332103fbeaf37e52c73b15dca3c547fd9300deb05764e9ad8714839d072?s=96&d=robohash&r=g","url":"https:\/\/secure.gravatar.com\/avatar\/0584f332103fbeaf37e52c73b15dca3c547fd9300deb05764e9ad8714839d072?s=96&d=robohash&r=g","contentUrl":"https:\/\/secure.gravatar.com\/avatar\/0584f332103fbeaf37e52c73b15dca3c547fd9300deb05764e9ad8714839d072?s=96&d=robohash&r=g","caption":"Erick Loiti\u00e8re"},"sameAs":["http:\/\/www.univ-guyane.fr"],"url":"https:\/\/www.univ-guyane.fr\/es\/author\/eloitierdbz\/"}]}},"_links":{"self":[{"href":"https:\/\/www.univ-guyane.fr\/es\/wp-json\/wp\/v2\/posts\/8638","targetHints":{"allow":["GET"]}}],"collection":[{"href":"https:\/\/www.univ-guyane.fr\/es\/wp-json\/wp\/v2\/posts"}],"about":[{"href":"https:\/\/www.univ-guyane.fr\/es\/wp-json\/wp\/v2\/types\/post"}],"author":[{"embeddable":true,"href":"https:\/\/www.univ-guyane.fr\/es\/wp-json\/wp\/v2\/users\/1"}],"replies":[{"embeddable":true,"href":"https:\/\/www.univ-guyane.fr\/es\/wp-json\/wp\/v2\/comments?post=8638"}],"version-history":[{"count":1,"href":"https:\/\/www.univ-guyane.fr\/es\/wp-json\/wp\/v2\/posts\/8638\/revisions"}],"predecessor-version":[{"id":8640,"href":"https:\/\/www.univ-guyane.fr\/es\/wp-json\/wp\/v2\/posts\/8638\/revisions\/8640"}],"wp:featuredmedia":[{"embeddable":true,"href":"https:\/\/www.univ-guyane.fr\/es\/wp-json\/wp\/v2\/media\/8639"}],"wp:attachment":[{"href":"https:\/\/www.univ-guyane.fr\/es\/wp-json\/wp\/v2\/media?parent=8638"}],"wp:term":[{"taxonomy":"category","embeddable":true,"href":"https:\/\/www.univ-guyane.fr\/es\/wp-json\/wp\/v2\/categories?post=8638"},{"taxonomy":"post_tag","embeddable":true,"href":"https:\/\/www.univ-guyane.fr\/es\/wp-json\/wp\/v2\/tags?post=8638"}],"curies":[{"name":"wp","href":"https:\/\/api.w.org\/{rel}","templated":true}]}}