{"id":8647,"date":"2022-11-23T11:43:48","date_gmt":"2022-11-23T14:43:48","guid":{"rendered":"https:\/\/www.univ-guyane.fr\/?p=8647"},"modified":"2024-06-18T11:47:08","modified_gmt":"2024-06-18T14:47:08","slug":"appel-a-candidatures","status":"publish","type":"post","link":"https:\/\/www.univ-guyane.fr\/es\/2022\/11\/23\/appel-a-candidatures\/","title":{"rendered":"Convocatoria de candidaturas"},"content":{"rendered":"<div id=\"fws_69f1f3e1f1071\"  data-column-margin=\"default\" data-midnight=\"dark\"  class=\"wpb_row vc_row-fluid vc_row\"  style=\"padding-top: 0px; padding-bottom: 0px; \"><div class=\"row-bg-wrap\" data-bg-animation=\"none\" data-bg-animation-delay=\"\" data-bg-overlay=\"false\"><div class=\"inner-wrap row-bg-layer\" ><div class=\"row-bg viewport-desktop\"  style=\"\"><\/div><\/div><\/div><div class=\"row_col_wrap_12 col span_12 dark left\">\n\t<div  class=\"vc_col-sm-12 wpb_column column_container vc_column_container col no-extra-padding inherit_tablet inherit_phone\"  data-padding-pos=\"all\" data-has-bg-color=\"false\" data-bg-color=\"\" data-bg-opacity=\"1\" data-animation=\"\" data-delay=\"0\" >\n\t\t<div class=\"vc_column-inner\" >\n\t\t\t<div class=\"wpb_wrapper\">\n\t\t\t\t\n<div class=\"wpb_text_column wpb_content_element  chapo\" >\n\t<h2>La Universidad de Guyana ha decidido renovar a los miembros electos de su Junta Directiva y Consejo Acad\u00e9mico para los pr\u00f3ximos 4 a\u00f1os, en una votaci\u00f3n que tendr\u00e1 lugar el 24 de noviembre de 2022.<\/h2>\n<\/div>\n\n\n\n\n<div class=\"wpb_text_column wpb_content_element\" >\n\t<p><span class=\"nectar-dropcap\" >C <\/span>e acuerdo con su texto fundacional (decreto 2014-851), la instituci\u00f3n debe ahora incorporar personalidades externas a sus consejos y, para ello, lanza una convocatoria de candidaturas:<\/p>\n<p><strong>Por el Consejo de Administraci\u00f3n<\/strong><br \/>\nseis (6) personalidades externas del mundo socioecon\u00f3mico<\/p>\n<p><strong>Por el Consejo Acad\u00e9mico<\/strong><br \/>\ncuatro (4) personalidades externas, entre ellas un (1) representante legal de un centro educativo<\/p>\n<p>Sobre la base del art\u00edculo L719-3 del C\u00f3digo de Educaci\u00f3n, entre las personas designadas figuran representantes de las actividades econ\u00f3micas y \"(...) en particular, de los sindicatos de empresarios y trabajadores, as\u00ed como de los organismos del sector de la econom\u00eda social, de las asociaciones cient\u00edficas y culturales, de los grandes servicios p\u00fablicos y, en su caso, de la ense\u00f1anza primaria y secundaria\".<\/p>\n<p>Ser\u00e1n nombrados el jueves 15 de diciembre por los miembros electos de los consejos, as\u00ed como por las personalidades externas representantes de las autoridades locales y regionales y de los organismos de investigaci\u00f3n. Esta elecci\u00f3n tendr\u00e1 en cuenta la distribuci\u00f3n por sexos para garantizar la paridad entre hombres y mujeres entre todas las personalidades externas miembros de estos consejos.<\/p>\n<p>Las solicitudes deben enviarse por correo electr\u00f3nico a <a href=\"https:\/\/web.archive.org\/web\/20231129232100\/mailto:elections.ca-cac2022@univ-guyane.fr\">elections.ca-cac2022@univ-guyane.fr<\/a> a m\u00e1s tardar el <strong>Martes 13 de diciembre a las 12.00 horas<\/strong>(fecha l\u00edmite). Las candidaturas deber\u00e1n incluir una carta de intenciones, un breve CV y una copia de un documento de identidad. En la solicitud deber\u00e1 especificarse si se trata del Consejo de Administraci\u00f3n o del Consejo Acad\u00e9mico.<\/p>\n<p>Si su solicitud es aceptada, le informamos de que se le invitar\u00e1 a asistir a las reuniones inaugurales de las Juntas, que tendr\u00e1n lugar los d\u00edas 17 y 24 de enero de 2023 para elegir al Presidente de la Junta de Gobernadores y al Presidente de la Junta Acad\u00e9mica, respectivamente.<\/p>\n<\/div>\n\n\n\n\n\t\t\t<\/div> \n\t\t<\/div>\n\t<\/div> \n<\/div><\/div>","protected":false},"excerpt":{"rendered":"La Universidad de la Guayana Francesa ha decidido proceder a una votaci\u00f3n el 24 de noviembre de 2022,...","protected":false},"author":1,"featured_media":8648,"comment_status":"closed","ping_status":"open","sticky":false,"template":"","format":"standard","meta":{"iawp_total_views":40,"footnotes":""},"categories":[229],"tags":[],"class_list":{"0":"post-8647","1":"post","2":"type-post","3":"status-publish","4":"format-standard","5":"has-post-thumbnail","7":"category-universite-actualites"},"yoast_head":"<!-- This site is optimized with the Yoast SEO plugin v27.5 - https:\/\/yoast.com\/product\/yoast-seo-wordpress\/ -->\n<title>Appel \u00e0 candidatures &#8212; Universit\u00e9 de Guyane<\/title>\n<meta name=\"description\" content=\"D\u00e9couvrez notre appel \u00e0 candidatures pour compl\u00e9ter nos conseils d&#039;administration et acad\u00e9mique avec des personnalit\u00e9s ext\u00e9rieures.\" \/>\n<meta name=\"robots\" content=\"index, follow, max-snippet:-1, max-image-preview:large, max-video-preview:-1\" \/>\n<link rel=\"canonical\" href=\"https:\/\/www.univ-guyane.fr\/es\/2022\/11\/23\/appel-a-candidatures\/\" \/>\n<meta property=\"og:locale\" content=\"es_ES\" \/>\n<meta property=\"og:type\" content=\"article\" \/>\n<meta property=\"og:title\" content=\"Appel \u00e0 candidatures &#8212; Universit\u00e9 de Guyane\" \/>\n<meta property=\"og:description\" content=\"D\u00e9couvrez notre appel \u00e0 candidatures pour compl\u00e9ter nos conseils d&#039;administration et acad\u00e9mique avec des personnalit\u00e9s ext\u00e9rieures.\" \/>\n<meta property=\"og:url\" content=\"https:\/\/www.univ-guyane.fr\/es\/2022\/11\/23\/appel-a-candidatures\/\" \/>\n<meta property=\"og:site_name\" content=\"Universit\u00e9 de Guyane\" \/>\n<meta property=\"article:publisher\" content=\"https:\/\/www.facebook.com\/univguyane\" \/>\n<meta property=\"article:published_time\" content=\"2022-11-23T14:43:48+00:00\" \/>\n<meta property=\"article:modified_time\" content=\"2024-06-18T14:47:08+00:00\" \/>\n<meta property=\"og:image\" content=\"https:\/\/www.univ-guyane.fr\/wp-content\/uploads\/appel-a-candidature-2022.jpeg\" \/>\n\t<meta property=\"og:image:width\" content=\"1800\" \/>\n\t<meta property=\"og:image:height\" content=\"1013\" \/>\n\t<meta property=\"og:image:type\" content=\"image\/jpeg\" \/>\n<meta name=\"author\" content=\"Erick Loiti\u00e8re\" \/>\n<meta name=\"twitter:card\" content=\"summary_large_image\" \/>\n<meta name=\"twitter:creator\" content=\"@univguyane\" \/>\n<meta name=\"twitter:site\" content=\"@univguyane\" \/>\n<meta name=\"twitter:label1\" content=\"Escrito por\" \/>\n\t<meta name=\"twitter:data1\" content=\"Erick Loiti\u00e8re\" \/>\n\t<meta name=\"twitter:label2\" content=\"Tiempo de lectura\" \/>\n\t<meta name=\"twitter:data2\" content=\"3 minutos\" \/>\n<script type=\"application\/ld+json\" class=\"yoast-schema-graph\">{\"@context\":\"https:\\\/\\\/schema.org\",\"@graph\":[{\"@type\":\"Article\",\"@id\":\"https:\\\/\\\/www.univ-guyane.fr\\\/2022\\\/11\\\/23\\\/appel-a-candidatures\\\/#article\",\"isPartOf\":{\"@id\":\"https:\\\/\\\/www.univ-guyane.fr\\\/2022\\\/11\\\/23\\\/appel-a-candidatures\\\/\"},\"author\":{\"name\":\"Erick Loiti\u00e8re\",\"@id\":\"https:\\\/\\\/www.univ-guyane.fr\\\/#\\\/schema\\\/person\\\/86d946a28a8be51bb096ccfdf19db179\"},\"headline\":\"Appel \u00e0 candidatures\",\"datePublished\":\"2022-11-23T14:43:48+00:00\",\"dateModified\":\"2024-06-18T14:47:08+00:00\",\"mainEntityOfPage\":{\"@id\":\"https:\\\/\\\/www.univ-guyane.fr\\\/2022\\\/11\\\/23\\\/appel-a-candidatures\\\/\"},\"wordCount\":559,\"publisher\":{\"@id\":\"https:\\\/\\\/www.univ-guyane.fr\\\/#organization\"},\"image\":{\"@id\":\"https:\\\/\\\/www.univ-guyane.fr\\\/2022\\\/11\\\/23\\\/appel-a-candidatures\\\/#primaryimage\"},\"thumbnailUrl\":\"https:\\\/\\\/www.univ-guyane.fr\\\/wp-content\\\/uploads\\\/appel-a-candidature-2022.jpeg\",\"articleSection\":[\"\u2022 Universit\u00e9\"],\"inLanguage\":\"es\"},{\"@type\":\"WebPage\",\"@id\":\"https:\\\/\\\/www.univ-guyane.fr\\\/2022\\\/11\\\/23\\\/appel-a-candidatures\\\/\",\"url\":\"https:\\\/\\\/www.univ-guyane.fr\\\/2022\\\/11\\\/23\\\/appel-a-candidatures\\\/\",\"name\":\"Appel \u00e0 candidatures &#8212; Universit\u00e9 de Guyane\",\"isPartOf\":{\"@id\":\"https:\\\/\\\/www.univ-guyane.fr\\\/#website\"},\"primaryImageOfPage\":{\"@id\":\"https:\\\/\\\/www.univ-guyane.fr\\\/2022\\\/11\\\/23\\\/appel-a-candidatures\\\/#primaryimage\"},\"image\":{\"@id\":\"https:\\\/\\\/www.univ-guyane.fr\\\/2022\\\/11\\\/23\\\/appel-a-candidatures\\\/#primaryimage\"},\"thumbnailUrl\":\"https:\\\/\\\/www.univ-guyane.fr\\\/wp-content\\\/uploads\\\/appel-a-candidature-2022.jpeg\",\"datePublished\":\"2022-11-23T14:43:48+00:00\",\"dateModified\":\"2024-06-18T14:47:08+00:00\",\"description\":\"D\u00e9couvrez notre appel \u00e0 candidatures pour compl\u00e9ter nos conseils d'administration et acad\u00e9mique avec des personnalit\u00e9s ext\u00e9rieures.\",\"breadcrumb\":{\"@id\":\"https:\\\/\\\/www.univ-guyane.fr\\\/2022\\\/11\\\/23\\\/appel-a-candidatures\\\/#breadcrumb\"},\"inLanguage\":\"es\",\"potentialAction\":[{\"@type\":\"ReadAction\",\"target\":[\"https:\\\/\\\/www.univ-guyane.fr\\\/2022\\\/11\\\/23\\\/appel-a-candidatures\\\/\"]}]},{\"@type\":\"ImageObject\",\"inLanguage\":\"es\",\"@id\":\"https:\\\/\\\/www.univ-guyane.fr\\\/2022\\\/11\\\/23\\\/appel-a-candidatures\\\/#primaryimage\",\"url\":\"https:\\\/\\\/www.univ-guyane.fr\\\/wp-content\\\/uploads\\\/appel-a-candidature-2022.jpeg\",\"contentUrl\":\"https:\\\/\\\/www.univ-guyane.fr\\\/wp-content\\\/uploads\\\/appel-a-candidature-2022.jpeg\",\"width\":1800,\"height\":1013,\"caption\":\"Appel \u00e0 candidatures\"},{\"@type\":\"BreadcrumbList\",\"@id\":\"https:\\\/\\\/www.univ-guyane.fr\\\/2022\\\/11\\\/23\\\/appel-a-candidatures\\\/#breadcrumb\",\"itemListElement\":[{\"@type\":\"ListItem\",\"position\":1,\"name\":\"Accueil\",\"item\":\"https:\\\/\\\/www.univ-guyane.fr\\\/\"},{\"@type\":\"ListItem\",\"position\":2,\"name\":\"Appel \u00e0 candidatures\"}]},{\"@type\":\"WebSite\",\"@id\":\"https:\\\/\\\/www.univ-guyane.fr\\\/#website\",\"url\":\"https:\\\/\\\/www.univ-guyane.fr\\\/\",\"name\":\"Universit\u00e9 de Guyane\",\"description\":\"Au c\u0153ur de l&#039;amazonie\",\"publisher\":{\"@id\":\"https:\\\/\\\/www.univ-guyane.fr\\\/#organization\"},\"alternateName\":\"UG\",\"potentialAction\":[{\"@type\":\"SearchAction\",\"target\":{\"@type\":\"EntryPoint\",\"urlTemplate\":\"https:\\\/\\\/www.univ-guyane.fr\\\/?s={search_term_string}\"},\"query-input\":{\"@type\":\"PropertyValueSpecification\",\"valueRequired\":true,\"valueName\":\"search_term_string\"}}],\"inLanguage\":\"es\"},{\"@type\":\"Organization\",\"@id\":\"https:\\\/\\\/www.univ-guyane.fr\\\/#organization\",\"name\":\"Universit\u00e9 de Guyane\",\"alternateName\":\"UG\",\"url\":\"https:\\\/\\\/www.univ-guyane.fr\\\/\",\"logo\":{\"@type\":\"ImageObject\",\"inLanguage\":\"es\",\"@id\":\"https:\\\/\\\/www.univ-guyane.fr\\\/#\\\/schema\\\/logo\\\/image\\\/\",\"url\":\"https:\\\/\\\/www.univ-guyane.fr\\\/wp-content\\\/uploads\\\/2024\\\/05\\\/f.png\",\"contentUrl\":\"https:\\\/\\\/www.univ-guyane.fr\\\/wp-content\\\/uploads\\\/2024\\\/05\\\/f.png\",\"width\":1024,\"height\":1024,\"caption\":\"Universit\u00e9 de Guyane\"},\"image\":{\"@id\":\"https:\\\/\\\/www.univ-guyane.fr\\\/#\\\/schema\\\/logo\\\/image\\\/\"},\"sameAs\":[\"https:\\\/\\\/www.facebook.com\\\/univguyane\",\"https:\\\/\\\/x.com\\\/univguyane\",\"https:\\\/\\\/gf.linkedin.com\\\/school\\\/universite-de-guyane\\\/\",\"https:\\\/\\\/www.instagram.com\\\/univ_guyane\\\/\"]},{\"@type\":\"Person\",\"@id\":\"https:\\\/\\\/www.univ-guyane.fr\\\/#\\\/schema\\\/person\\\/86d946a28a8be51bb096ccfdf19db179\",\"name\":\"Erick Loiti\u00e8re\",\"image\":{\"@type\":\"ImageObject\",\"inLanguage\":\"es\",\"@id\":\"https:\\\/\\\/secure.gravatar.com\\\/avatar\\\/0584f332103fbeaf37e52c73b15dca3c547fd9300deb05764e9ad8714839d072?s=96&d=robohash&r=g\",\"url\":\"https:\\\/\\\/secure.gravatar.com\\\/avatar\\\/0584f332103fbeaf37e52c73b15dca3c547fd9300deb05764e9ad8714839d072?s=96&d=robohash&r=g\",\"contentUrl\":\"https:\\\/\\\/secure.gravatar.com\\\/avatar\\\/0584f332103fbeaf37e52c73b15dca3c547fd9300deb05764e9ad8714839d072?s=96&d=robohash&r=g\",\"caption\":\"Erick Loiti\u00e8re\"},\"sameAs\":[\"http:\\\/\\\/www.univ-guyane.fr\"],\"url\":\"https:\\\/\\\/www.univ-guyane.fr\\\/es\\\/author\\\/eloitierdbz\\\/\"}]}<\/script>\n<!-- \/ Yoast SEO plugin. -->","yoast_head_json":{"title":"Appel \u00e0 candidatures &#8212; Universit\u00e9 de Guyane","description":"D\u00e9couvrez notre appel \u00e0 candidatures pour compl\u00e9ter nos conseils d'administration et acad\u00e9mique avec des personnalit\u00e9s ext\u00e9rieures.","robots":{"index":"index","follow":"follow","max-snippet":"max-snippet:-1","max-image-preview":"max-image-preview:large","max-video-preview":"max-video-preview:-1"},"canonical":"https:\/\/www.univ-guyane.fr\/es\/2022\/11\/23\/appel-a-candidatures\/","og_locale":"es_ES","og_type":"article","og_title":"Appel \u00e0 candidatures &#8212; Universit\u00e9 de Guyane","og_description":"D\u00e9couvrez notre appel \u00e0 candidatures pour compl\u00e9ter nos conseils d'administration et acad\u00e9mique avec des personnalit\u00e9s ext\u00e9rieures.","og_url":"https:\/\/www.univ-guyane.fr\/es\/2022\/11\/23\/appel-a-candidatures\/","og_site_name":"Universit\u00e9 de Guyane","article_publisher":"https:\/\/www.facebook.com\/univguyane","article_published_time":"2022-11-23T14:43:48+00:00","article_modified_time":"2024-06-18T14:47:08+00:00","og_image":[{"width":1800,"height":1013,"url":"https:\/\/www.univ-guyane.fr\/wp-content\/uploads\/appel-a-candidature-2022.jpeg","type":"image\/jpeg"}],"author":"Erick Loiti\u00e8re","twitter_card":"summary_large_image","twitter_creator":"@univguyane","twitter_site":"@univguyane","twitter_misc":{"Escrito por":"Erick Loiti\u00e8re","Tiempo de lectura":"3 minutos"},"schema":{"@context":"https:\/\/schema.org","@graph":[{"@type":"Article","@id":"https:\/\/www.univ-guyane.fr\/2022\/11\/23\/appel-a-candidatures\/#article","isPartOf":{"@id":"https:\/\/www.univ-guyane.fr\/2022\/11\/23\/appel-a-candidatures\/"},"author":{"name":"Erick Loiti\u00e8re","@id":"https:\/\/www.univ-guyane.fr\/#\/schema\/person\/86d946a28a8be51bb096ccfdf19db179"},"headline":"Appel \u00e0 candidatures","datePublished":"2022-11-23T14:43:48+00:00","dateModified":"2024-06-18T14:47:08+00:00","mainEntityOfPage":{"@id":"https:\/\/www.univ-guyane.fr\/2022\/11\/23\/appel-a-candidatures\/"},"wordCount":559,"publisher":{"@id":"https:\/\/www.univ-guyane.fr\/#organization"},"image":{"@id":"https:\/\/www.univ-guyane.fr\/2022\/11\/23\/appel-a-candidatures\/#primaryimage"},"thumbnailUrl":"https:\/\/www.univ-guyane.fr\/wp-content\/uploads\/appel-a-candidature-2022.jpeg","articleSection":["\u2022 Universit\u00e9"],"inLanguage":"es"},{"@type":"WebPage","@id":"https:\/\/www.univ-guyane.fr\/2022\/11\/23\/appel-a-candidatures\/","url":"https:\/\/www.univ-guyane.fr\/2022\/11\/23\/appel-a-candidatures\/","name":"Appel \u00e0 candidatures &#8212; Universit\u00e9 de Guyane","isPartOf":{"@id":"https:\/\/www.univ-guyane.fr\/#website"},"primaryImageOfPage":{"@id":"https:\/\/www.univ-guyane.fr\/2022\/11\/23\/appel-a-candidatures\/#primaryimage"},"image":{"@id":"https:\/\/www.univ-guyane.fr\/2022\/11\/23\/appel-a-candidatures\/#primaryimage"},"thumbnailUrl":"https:\/\/www.univ-guyane.fr\/wp-content\/uploads\/appel-a-candidature-2022.jpeg","datePublished":"2022-11-23T14:43:48+00:00","dateModified":"2024-06-18T14:47:08+00:00","description":"D\u00e9couvrez notre appel \u00e0 candidatures pour compl\u00e9ter nos conseils d'administration et acad\u00e9mique avec des personnalit\u00e9s ext\u00e9rieures.","breadcrumb":{"@id":"https:\/\/www.univ-guyane.fr\/2022\/11\/23\/appel-a-candidatures\/#breadcrumb"},"inLanguage":"es","potentialAction":[{"@type":"ReadAction","target":["https:\/\/www.univ-guyane.fr\/2022\/11\/23\/appel-a-candidatures\/"]}]},{"@type":"ImageObject","inLanguage":"es","@id":"https:\/\/www.univ-guyane.fr\/2022\/11\/23\/appel-a-candidatures\/#primaryimage","url":"https:\/\/www.univ-guyane.fr\/wp-content\/uploads\/appel-a-candidature-2022.jpeg","contentUrl":"https:\/\/www.univ-guyane.fr\/wp-content\/uploads\/appel-a-candidature-2022.jpeg","width":1800,"height":1013,"caption":"Appel \u00e0 candidatures"},{"@type":"BreadcrumbList","@id":"https:\/\/www.univ-guyane.fr\/2022\/11\/23\/appel-a-candidatures\/#breadcrumb","itemListElement":[{"@type":"ListItem","position":1,"name":"Accueil","item":"https:\/\/www.univ-guyane.fr\/"},{"@type":"ListItem","position":2,"name":"Appel \u00e0 candidatures"}]},{"@type":"WebSite","@id":"https:\/\/www.univ-guyane.fr\/#website","url":"https:\/\/www.univ-guyane.fr\/","name":"Universidad de Guyana","description":"En el coraz\u00f3n de la Amazonia","publisher":{"@id":"https:\/\/www.univ-guyane.fr\/#organization"},"alternateName":"UG","potentialAction":[{"@type":"SearchAction","target":{"@type":"EntryPoint","urlTemplate":"https:\/\/www.univ-guyane.fr\/?s={search_term_string}"},"query-input":{"@type":"PropertyValueSpecification","valueRequired":true,"valueName":"search_term_string"}}],"inLanguage":"es"},{"@type":"Organization","@id":"https:\/\/www.univ-guyane.fr\/#organization","name":"Universidad de Guyana","alternateName":"UG","url":"https:\/\/www.univ-guyane.fr\/","logo":{"@type":"ImageObject","inLanguage":"es","@id":"https:\/\/www.univ-guyane.fr\/#\/schema\/logo\/image\/","url":"https:\/\/www.univ-guyane.fr\/wp-content\/uploads\/2024\/05\/f.png","contentUrl":"https:\/\/www.univ-guyane.fr\/wp-content\/uploads\/2024\/05\/f.png","width":1024,"height":1024,"caption":"Universit\u00e9 de Guyane"},"image":{"@id":"https:\/\/www.univ-guyane.fr\/#\/schema\/logo\/image\/"},"sameAs":["https:\/\/www.facebook.com\/univguyane","https:\/\/x.com\/univguyane","https:\/\/gf.linkedin.com\/school\/universite-de-guyane\/","https:\/\/www.instagram.com\/univ_guyane\/"]},{"@type":"Person","@id":"https:\/\/www.univ-guyane.fr\/#\/schema\/person\/86d946a28a8be51bb096ccfdf19db179","name":"Erick Loiti\u00e8re","image":{"@type":"ImageObject","inLanguage":"es","@id":"https:\/\/secure.gravatar.com\/avatar\/0584f332103fbeaf37e52c73b15dca3c547fd9300deb05764e9ad8714839d072?s=96&d=robohash&r=g","url":"https:\/\/secure.gravatar.com\/avatar\/0584f332103fbeaf37e52c73b15dca3c547fd9300deb05764e9ad8714839d072?s=96&d=robohash&r=g","contentUrl":"https:\/\/secure.gravatar.com\/avatar\/0584f332103fbeaf37e52c73b15dca3c547fd9300deb05764e9ad8714839d072?s=96&d=robohash&r=g","caption":"Erick Loiti\u00e8re"},"sameAs":["http:\/\/www.univ-guyane.fr"],"url":"https:\/\/www.univ-guyane.fr\/es\/author\/eloitierdbz\/"}]}},"_links":{"self":[{"href":"https:\/\/www.univ-guyane.fr\/es\/wp-json\/wp\/v2\/posts\/8647","targetHints":{"allow":["GET"]}}],"collection":[{"href":"https:\/\/www.univ-guyane.fr\/es\/wp-json\/wp\/v2\/posts"}],"about":[{"href":"https:\/\/www.univ-guyane.fr\/es\/wp-json\/wp\/v2\/types\/post"}],"author":[{"embeddable":true,"href":"https:\/\/www.univ-guyane.fr\/es\/wp-json\/wp\/v2\/users\/1"}],"replies":[{"embeddable":true,"href":"https:\/\/www.univ-guyane.fr\/es\/wp-json\/wp\/v2\/comments?post=8647"}],"version-history":[{"count":1,"href":"https:\/\/www.univ-guyane.fr\/es\/wp-json\/wp\/v2\/posts\/8647\/revisions"}],"predecessor-version":[{"id":8649,"href":"https:\/\/www.univ-guyane.fr\/es\/wp-json\/wp\/v2\/posts\/8647\/revisions\/8649"}],"wp:featuredmedia":[{"embeddable":true,"href":"https:\/\/www.univ-guyane.fr\/es\/wp-json\/wp\/v2\/media\/8648"}],"wp:attachment":[{"href":"https:\/\/www.univ-guyane.fr\/es\/wp-json\/wp\/v2\/media?parent=8647"}],"wp:term":[{"taxonomy":"category","embeddable":true,"href":"https:\/\/www.univ-guyane.fr\/es\/wp-json\/wp\/v2\/categories?post=8647"},{"taxonomy":"post_tag","embeddable":true,"href":"https:\/\/www.univ-guyane.fr\/es\/wp-json\/wp\/v2\/tags?post=8647"}],"curies":[{"name":"wp","href":"https:\/\/api.w.org\/{rel}","templated":true}]}}