{"id":8650,"date":"2022-11-18T11:47:32","date_gmt":"2022-11-18T14:47:32","guid":{"rendered":"https:\/\/www.univ-guyane.fr\/?p=8650"},"modified":"2024-06-18T11:52:04","modified_gmt":"2024-06-18T14:52:04","slug":"jean-moomou-discordance-de-la-memoire-coloniale-dans-lespace-public","status":"publish","type":"post","link":"https:\/\/www.univ-guyane.fr\/es\/2022\/11\/18\/jean-moomou-discordance-de-la-memoire-coloniale-dans-lespace-public\/","title":{"rendered":"Jean Moomou, Discordancia de la memoria colonial en la escena p\u00fablica"},"content":{"rendered":"<div id=\"fws_69f3c7bd60884\"  data-column-margin=\"default\" data-midnight=\"dark\"  class=\"wpb_row vc_row-fluid vc_row\"  style=\"padding-top: 0px; padding-bottom: 0px; \"><div class=\"row-bg-wrap\" data-bg-animation=\"none\" data-bg-animation-delay=\"\" data-bg-overlay=\"false\"><div class=\"inner-wrap row-bg-layer\" ><div class=\"row-bg viewport-desktop\"  style=\"\"><\/div><\/div><\/div><div class=\"row_col_wrap_12 col span_12 dark left\">\n\t<div  class=\"vc_col-sm-12 wpb_column column_container vc_column_container col no-extra-padding inherit_tablet inherit_phone\"  data-padding-pos=\"all\" data-has-bg-color=\"false\" data-bg-color=\"\" data-bg-opacity=\"1\" data-animation=\"\" data-delay=\"0\" >\n\t\t<div class=\"vc_column-inner\" >\n\t\t\t<div class=\"wpb_wrapper\">\n\t\t\t\t\n<div class=\"wpb_text_column wpb_content_element  chapo\" >\n\t<h2>En el marco del ciclo de conferencias de los jueves, Jean Moomou, profesor universitario de Historia Moderna y Contempor\u00e1nea, pronunciar\u00e1 una conferencia titulada \"Discordancia de la memoria colonial en el espacio p\u00fablico: los l\u00edmites del pensamiento decolonial\". Organizada por la Comisi\u00f3n de Cultura de la Universidad de Guyana y el laboratorio del MINEA, la conferencia tendr\u00e1 lugar el jueves 24 de noviembre de 2022 a las 18.00 horas en el Anfiteatro A.<\/h2>\n<\/div>\n\n\n\n\n<div class=\"wpb_text_column wpb_content_element\" >\n\t<div class=\"wpb_text_column wpb_content_element\">\n<div class=\"wpb_wrapper\">\n<span class=\"nectar-dropcap\" >\u00c0 <\/span>El estudio de la memoria colonial en los espacios p\u00fablicos de pueblos y ciudades de las Antillas francesas y Guayana (1998-2020) muestra lo dif\u00edcil que es construir una memoria colectiva aceptada por todos. Por ejemplo, \u00bfc\u00f3mo tratar a Napole\u00f3n I, considerado un gran pol\u00edtico en la Francia continental, cuando fue \u00e9l quien, tras una primera abolici\u00f3n (1794), restableci\u00f3 la esclavitud en Guadalupe y Guayana en 1802?<\/p>\n<p>La emergencia de la \"contramemoria\", que comenz\u00f3 en los a\u00f1os setenta, ha encontrado sin duda legitimidad en la escena p\u00fablica desde 1998, del mismo modo que los monumentos y od\u00f3nimos que glorifican el periodo colonial. Sin embargo, ha suscitado competencia, desconfianza e incluso conflictos entre los responsables de este recuerdo. Adem\u00e1s, a la memoria colonial y a la \"contramemoria\" se han unido nuevas expresiones procedentes de los grupos socioculturales que viven en estos territorios, que a veces no tienen v\u00ednculos directos con la memoria colonial ni entre ellos (ellos mismos), y cuyos intercambios a menudo siguen siendo dif\u00edciles. Los actos de vandalismo en lugares p\u00fablicos as\u00ed lo atestiguan.<\/p>\n<p>Sin embargo, esta apropiaci\u00f3n o reapropiaci\u00f3n de la memoria por parte de los afrodescendientes, como elemento de construcci\u00f3n identitaria, tiene sus l\u00edmites. El objetivo de este trabajo es demostrarlo.<\/p>\n<\/div>\n<\/div>\n<div class=\"wpb_text_column wpb_content_element vc_custom_1669897893048\">\n<div class=\"wpb_wrapper\">\n<p><strong>Presentaci\u00f3n del ponente<\/strong><br \/>\nJean Moomou es doctor en Historia y Civilizaci\u00f3n por la \u00c9cole des Hautes \u00c9tudes en Sciences Sociales y profesor universitario de Historia Moderna y Contempor\u00e1nea en el INSPE de Guayana Francesa, especializado en el mundo amaz\u00f3nico y caribe\u00f1o. Trabaja principalmente sobre las sociedades cimarronas de las Am\u00e9ricas, en particular los cimarrones de Surinam (los Boni), y m\u00e1s recientemente sobre las sociedades criollas de la Guayana Francesa y las Antillas francesas.<\/p>\n<\/div>\n<\/div>\n<\/div>\n\n\n\n\n\t\t\t<\/div> \n\t\t<\/div>\n\t<\/div> \n<\/div><\/div>","protected":false},"excerpt":{"rendered":"Jean Moomou, Catedr\u00e1tico de Historia Moderna y Contempor\u00e1nea, impartir\u00e1 los jueves una serie de conferencias sobre...","protected":false},"author":1,"featured_media":8651,"comment_status":"closed","ping_status":"open","sticky":false,"template":"","format":"standard","meta":{"iawp_total_views":153,"footnotes":""},"categories":[239,7,187],"tags":[],"class_list":{"0":"post-8650","1":"post","2":"type-post","3":"status-publish","4":"format-standard","5":"has-post-thumbnail","7":"category-culture","8":"category-inspe","9":"category-minea"},"yoast_head":"<!-- This site is optimized with the Yoast SEO plugin v27.5 - https:\/\/yoast.com\/product\/yoast-seo-wordpress\/ -->\n<title>Jean Moomou, Discordance de la m\u00e9moire coloniale dans l\u2019espace public &#8212; Universit\u00e9 de Guyane<\/title>\n<meta name=\"description\" content=\"D\u00e9couvrez l&#039;inscription de la m\u00e9moire coloniale dans l&#039;espace public des villes antillaises et guyanaises. Une r\u00e9flexion sur la construction d&#039;une m\u00e9moire collective accept\u00e9e.\" \/>\n<meta name=\"robots\" content=\"index, follow, max-snippet:-1, max-image-preview:large, max-video-preview:-1\" \/>\n<link rel=\"canonical\" href=\"https:\/\/www.univ-guyane.fr\/es\/2022\/11\/18\/jean-moomou-discordance-de-la-memoire-coloniale-dans-lespace-public\/\" \/>\n<meta property=\"og:locale\" content=\"es_ES\" \/>\n<meta property=\"og:type\" content=\"article\" \/>\n<meta property=\"og:title\" content=\"Jean Moomou, Discordance de la m\u00e9moire coloniale dans l\u2019espace public &#8212; Universit\u00e9 de Guyane\" \/>\n<meta property=\"og:description\" content=\"D\u00e9couvrez l&#039;inscription de la m\u00e9moire coloniale dans l&#039;espace public des villes antillaises et guyanaises. Une r\u00e9flexion sur la construction d&#039;une m\u00e9moire collective accept\u00e9e.\" \/>\n<meta property=\"og:url\" content=\"https:\/\/www.univ-guyane.fr\/es\/2022\/11\/18\/jean-moomou-discordance-de-la-memoire-coloniale-dans-lespace-public\/\" \/>\n<meta property=\"og:site_name\" content=\"Universit\u00e9 de Guyane\" \/>\n<meta property=\"article:publisher\" content=\"https:\/\/www.facebook.com\/univguyane\" \/>\n<meta property=\"article:published_time\" content=\"2022-11-18T14:47:32+00:00\" \/>\n<meta property=\"article:modified_time\" content=\"2024-06-18T14:52:04+00:00\" \/>\n<meta property=\"og:image\" content=\"https:\/\/www.univ-guyane.fr\/wp-content\/uploads\/jeudis-conferences-universite-de-guyane.jpeg\" \/>\n\t<meta property=\"og:image:width\" content=\"1800\" \/>\n\t<meta property=\"og:image:height\" content=\"1013\" \/>\n\t<meta property=\"og:image:type\" content=\"image\/jpeg\" \/>\n<meta name=\"author\" content=\"Erick Loiti\u00e8re\" \/>\n<meta name=\"twitter:card\" content=\"summary_large_image\" \/>\n<meta name=\"twitter:creator\" content=\"@univguyane\" \/>\n<meta name=\"twitter:site\" content=\"@univguyane\" \/>\n<meta name=\"twitter:label1\" content=\"Escrito por\" \/>\n\t<meta name=\"twitter:data1\" content=\"Erick Loiti\u00e8re\" \/>\n\t<meta name=\"twitter:label2\" content=\"Tiempo de lectura\" \/>\n\t<meta name=\"twitter:data2\" content=\"3 minutos\" \/>\n<script type=\"application\/ld+json\" class=\"yoast-schema-graph\">{\"@context\":\"https:\\\/\\\/schema.org\",\"@graph\":[{\"@type\":\"Article\",\"@id\":\"https:\\\/\\\/www.univ-guyane.fr\\\/2022\\\/11\\\/18\\\/jean-moomou-discordance-de-la-memoire-coloniale-dans-lespace-public\\\/#article\",\"isPartOf\":{\"@id\":\"https:\\\/\\\/www.univ-guyane.fr\\\/2022\\\/11\\\/18\\\/jean-moomou-discordance-de-la-memoire-coloniale-dans-lespace-public\\\/\"},\"author\":{\"name\":\"Erick Loiti\u00e8re\",\"@id\":\"https:\\\/\\\/www.univ-guyane.fr\\\/#\\\/schema\\\/person\\\/86d946a28a8be51bb096ccfdf19db179\"},\"headline\":\"Jean Moomou, Discordance de la m\u00e9moire coloniale dans l\u2019espace public\",\"datePublished\":\"2022-11-18T14:47:32+00:00\",\"dateModified\":\"2024-06-18T14:52:04+00:00\",\"mainEntityOfPage\":{\"@id\":\"https:\\\/\\\/www.univ-guyane.fr\\\/2022\\\/11\\\/18\\\/jean-moomou-discordance-de-la-memoire-coloniale-dans-lespace-public\\\/\"},\"wordCount\":582,\"publisher\":{\"@id\":\"https:\\\/\\\/www.univ-guyane.fr\\\/#organization\"},\"image\":{\"@id\":\"https:\\\/\\\/www.univ-guyane.fr\\\/2022\\\/11\\\/18\\\/jean-moomou-discordance-de-la-memoire-coloniale-dans-lespace-public\\\/#primaryimage\"},\"thumbnailUrl\":\"https:\\\/\\\/www.univ-guyane.fr\\\/wp-content\\\/uploads\\\/jeudis-conferences-universite-de-guyane.jpeg\",\"articleSection\":[\"\u2022 Culture\",\"\u2022 INSPE\",\"\u2022\u00a0MINEA\"],\"inLanguage\":\"es\"},{\"@type\":\"WebPage\",\"@id\":\"https:\\\/\\\/www.univ-guyane.fr\\\/2022\\\/11\\\/18\\\/jean-moomou-discordance-de-la-memoire-coloniale-dans-lespace-public\\\/\",\"url\":\"https:\\\/\\\/www.univ-guyane.fr\\\/2022\\\/11\\\/18\\\/jean-moomou-discordance-de-la-memoire-coloniale-dans-lespace-public\\\/\",\"name\":\"Jean Moomou, Discordance de la m\u00e9moire coloniale dans l\u2019espace public &#8212; Universit\u00e9 de Guyane\",\"isPartOf\":{\"@id\":\"https:\\\/\\\/www.univ-guyane.fr\\\/#website\"},\"primaryImageOfPage\":{\"@id\":\"https:\\\/\\\/www.univ-guyane.fr\\\/2022\\\/11\\\/18\\\/jean-moomou-discordance-de-la-memoire-coloniale-dans-lespace-public\\\/#primaryimage\"},\"image\":{\"@id\":\"https:\\\/\\\/www.univ-guyane.fr\\\/2022\\\/11\\\/18\\\/jean-moomou-discordance-de-la-memoire-coloniale-dans-lespace-public\\\/#primaryimage\"},\"thumbnailUrl\":\"https:\\\/\\\/www.univ-guyane.fr\\\/wp-content\\\/uploads\\\/jeudis-conferences-universite-de-guyane.jpeg\",\"datePublished\":\"2022-11-18T14:47:32+00:00\",\"dateModified\":\"2024-06-18T14:52:04+00:00\",\"description\":\"D\u00e9couvrez l'inscription de la m\u00e9moire coloniale dans l'espace public des villes antillaises et guyanaises. Une r\u00e9flexion sur la construction d'une m\u00e9moire collective accept\u00e9e.\",\"breadcrumb\":{\"@id\":\"https:\\\/\\\/www.univ-guyane.fr\\\/2022\\\/11\\\/18\\\/jean-moomou-discordance-de-la-memoire-coloniale-dans-lespace-public\\\/#breadcrumb\"},\"inLanguage\":\"es\",\"potentialAction\":[{\"@type\":\"ReadAction\",\"target\":[\"https:\\\/\\\/www.univ-guyane.fr\\\/2022\\\/11\\\/18\\\/jean-moomou-discordance-de-la-memoire-coloniale-dans-lespace-public\\\/\"]}]},{\"@type\":\"ImageObject\",\"inLanguage\":\"es\",\"@id\":\"https:\\\/\\\/www.univ-guyane.fr\\\/2022\\\/11\\\/18\\\/jean-moomou-discordance-de-la-memoire-coloniale-dans-lespace-public\\\/#primaryimage\",\"url\":\"https:\\\/\\\/www.univ-guyane.fr\\\/wp-content\\\/uploads\\\/jeudis-conferences-universite-de-guyane.jpeg\",\"contentUrl\":\"https:\\\/\\\/www.univ-guyane.fr\\\/wp-content\\\/uploads\\\/jeudis-conferences-universite-de-guyane.jpeg\",\"width\":1800,\"height\":1013,\"caption\":\"Jean Moomou, Discordance de la m\u00e9moire coloniale dans l\u2019espace public\"},{\"@type\":\"BreadcrumbList\",\"@id\":\"https:\\\/\\\/www.univ-guyane.fr\\\/2022\\\/11\\\/18\\\/jean-moomou-discordance-de-la-memoire-coloniale-dans-lespace-public\\\/#breadcrumb\",\"itemListElement\":[{\"@type\":\"ListItem\",\"position\":1,\"name\":\"Accueil\",\"item\":\"https:\\\/\\\/www.univ-guyane.fr\\\/\"},{\"@type\":\"ListItem\",\"position\":2,\"name\":\"Jean Moomou, Discordance de la m\u00e9moire coloniale dans l\u2019espace public\"}]},{\"@type\":\"WebSite\",\"@id\":\"https:\\\/\\\/www.univ-guyane.fr\\\/#website\",\"url\":\"https:\\\/\\\/www.univ-guyane.fr\\\/\",\"name\":\"Universit\u00e9 de Guyane\",\"description\":\"Au c\u0153ur de l&#039;amazonie\",\"publisher\":{\"@id\":\"https:\\\/\\\/www.univ-guyane.fr\\\/#organization\"},\"alternateName\":\"UG\",\"potentialAction\":[{\"@type\":\"SearchAction\",\"target\":{\"@type\":\"EntryPoint\",\"urlTemplate\":\"https:\\\/\\\/www.univ-guyane.fr\\\/?s={search_term_string}\"},\"query-input\":{\"@type\":\"PropertyValueSpecification\",\"valueRequired\":true,\"valueName\":\"search_term_string\"}}],\"inLanguage\":\"es\"},{\"@type\":\"Organization\",\"@id\":\"https:\\\/\\\/www.univ-guyane.fr\\\/#organization\",\"name\":\"Universit\u00e9 de Guyane\",\"alternateName\":\"UG\",\"url\":\"https:\\\/\\\/www.univ-guyane.fr\\\/\",\"logo\":{\"@type\":\"ImageObject\",\"inLanguage\":\"es\",\"@id\":\"https:\\\/\\\/www.univ-guyane.fr\\\/#\\\/schema\\\/logo\\\/image\\\/\",\"url\":\"https:\\\/\\\/www.univ-guyane.fr\\\/wp-content\\\/uploads\\\/2024\\\/05\\\/f.png\",\"contentUrl\":\"https:\\\/\\\/www.univ-guyane.fr\\\/wp-content\\\/uploads\\\/2024\\\/05\\\/f.png\",\"width\":1024,\"height\":1024,\"caption\":\"Universit\u00e9 de Guyane\"},\"image\":{\"@id\":\"https:\\\/\\\/www.univ-guyane.fr\\\/#\\\/schema\\\/logo\\\/image\\\/\"},\"sameAs\":[\"https:\\\/\\\/www.facebook.com\\\/univguyane\",\"https:\\\/\\\/x.com\\\/univguyane\",\"https:\\\/\\\/gf.linkedin.com\\\/school\\\/universite-de-guyane\\\/\",\"https:\\\/\\\/www.instagram.com\\\/univ_guyane\\\/\"]},{\"@type\":\"Person\",\"@id\":\"https:\\\/\\\/www.univ-guyane.fr\\\/#\\\/schema\\\/person\\\/86d946a28a8be51bb096ccfdf19db179\",\"name\":\"Erick Loiti\u00e8re\",\"image\":{\"@type\":\"ImageObject\",\"inLanguage\":\"es\",\"@id\":\"https:\\\/\\\/secure.gravatar.com\\\/avatar\\\/0584f332103fbeaf37e52c73b15dca3c547fd9300deb05764e9ad8714839d072?s=96&d=robohash&r=g\",\"url\":\"https:\\\/\\\/secure.gravatar.com\\\/avatar\\\/0584f332103fbeaf37e52c73b15dca3c547fd9300deb05764e9ad8714839d072?s=96&d=robohash&r=g\",\"contentUrl\":\"https:\\\/\\\/secure.gravatar.com\\\/avatar\\\/0584f332103fbeaf37e52c73b15dca3c547fd9300deb05764e9ad8714839d072?s=96&d=robohash&r=g\",\"caption\":\"Erick Loiti\u00e8re\"},\"sameAs\":[\"http:\\\/\\\/www.univ-guyane.fr\"],\"url\":\"https:\\\/\\\/www.univ-guyane.fr\\\/es\\\/author\\\/eloitierdbz\\\/\"}]}<\/script>\n<!-- \/ Yoast SEO plugin. -->","yoast_head_json":{"title":"Jean Moomou, Discordance de la m\u00e9moire coloniale dans l\u2019espace public &#8212; Universit\u00e9 de Guyane","description":"D\u00e9couvrez l'inscription de la m\u00e9moire coloniale dans l'espace public des villes antillaises et guyanaises. Une r\u00e9flexion sur la construction d'une m\u00e9moire collective accept\u00e9e.","robots":{"index":"index","follow":"follow","max-snippet":"max-snippet:-1","max-image-preview":"max-image-preview:large","max-video-preview":"max-video-preview:-1"},"canonical":"https:\/\/www.univ-guyane.fr\/es\/2022\/11\/18\/jean-moomou-discordance-de-la-memoire-coloniale-dans-lespace-public\/","og_locale":"es_ES","og_type":"article","og_title":"Jean Moomou, Discordance de la m\u00e9moire coloniale dans l\u2019espace public &#8212; Universit\u00e9 de Guyane","og_description":"D\u00e9couvrez l'inscription de la m\u00e9moire coloniale dans l'espace public des villes antillaises et guyanaises. Une r\u00e9flexion sur la construction d'une m\u00e9moire collective accept\u00e9e.","og_url":"https:\/\/www.univ-guyane.fr\/es\/2022\/11\/18\/jean-moomou-discordance-de-la-memoire-coloniale-dans-lespace-public\/","og_site_name":"Universit\u00e9 de Guyane","article_publisher":"https:\/\/www.facebook.com\/univguyane","article_published_time":"2022-11-18T14:47:32+00:00","article_modified_time":"2024-06-18T14:52:04+00:00","og_image":[{"width":1800,"height":1013,"url":"https:\/\/www.univ-guyane.fr\/wp-content\/uploads\/jeudis-conferences-universite-de-guyane.jpeg","type":"image\/jpeg"}],"author":"Erick Loiti\u00e8re","twitter_card":"summary_large_image","twitter_creator":"@univguyane","twitter_site":"@univguyane","twitter_misc":{"Escrito por":"Erick Loiti\u00e8re","Tiempo de lectura":"3 minutos"},"schema":{"@context":"https:\/\/schema.org","@graph":[{"@type":"Article","@id":"https:\/\/www.univ-guyane.fr\/2022\/11\/18\/jean-moomou-discordance-de-la-memoire-coloniale-dans-lespace-public\/#article","isPartOf":{"@id":"https:\/\/www.univ-guyane.fr\/2022\/11\/18\/jean-moomou-discordance-de-la-memoire-coloniale-dans-lespace-public\/"},"author":{"name":"Erick Loiti\u00e8re","@id":"https:\/\/www.univ-guyane.fr\/#\/schema\/person\/86d946a28a8be51bb096ccfdf19db179"},"headline":"Jean Moomou, Discordance de la m\u00e9moire coloniale dans l\u2019espace public","datePublished":"2022-11-18T14:47:32+00:00","dateModified":"2024-06-18T14:52:04+00:00","mainEntityOfPage":{"@id":"https:\/\/www.univ-guyane.fr\/2022\/11\/18\/jean-moomou-discordance-de-la-memoire-coloniale-dans-lespace-public\/"},"wordCount":582,"publisher":{"@id":"https:\/\/www.univ-guyane.fr\/#organization"},"image":{"@id":"https:\/\/www.univ-guyane.fr\/2022\/11\/18\/jean-moomou-discordance-de-la-memoire-coloniale-dans-lespace-public\/#primaryimage"},"thumbnailUrl":"https:\/\/www.univ-guyane.fr\/wp-content\/uploads\/jeudis-conferences-universite-de-guyane.jpeg","articleSection":["\u2022 Culture","\u2022 INSPE","\u2022\u00a0MINEA"],"inLanguage":"es"},{"@type":"WebPage","@id":"https:\/\/www.univ-guyane.fr\/2022\/11\/18\/jean-moomou-discordance-de-la-memoire-coloniale-dans-lespace-public\/","url":"https:\/\/www.univ-guyane.fr\/2022\/11\/18\/jean-moomou-discordance-de-la-memoire-coloniale-dans-lespace-public\/","name":"Jean Moomou, Discordance de la m\u00e9moire coloniale dans l\u2019espace public &#8212; Universit\u00e9 de Guyane","isPartOf":{"@id":"https:\/\/www.univ-guyane.fr\/#website"},"primaryImageOfPage":{"@id":"https:\/\/www.univ-guyane.fr\/2022\/11\/18\/jean-moomou-discordance-de-la-memoire-coloniale-dans-lespace-public\/#primaryimage"},"image":{"@id":"https:\/\/www.univ-guyane.fr\/2022\/11\/18\/jean-moomou-discordance-de-la-memoire-coloniale-dans-lespace-public\/#primaryimage"},"thumbnailUrl":"https:\/\/www.univ-guyane.fr\/wp-content\/uploads\/jeudis-conferences-universite-de-guyane.jpeg","datePublished":"2022-11-18T14:47:32+00:00","dateModified":"2024-06-18T14:52:04+00:00","description":"D\u00e9couvrez l'inscription de la m\u00e9moire coloniale dans l'espace public des villes antillaises et guyanaises. Une r\u00e9flexion sur la construction d'une m\u00e9moire collective accept\u00e9e.","breadcrumb":{"@id":"https:\/\/www.univ-guyane.fr\/2022\/11\/18\/jean-moomou-discordance-de-la-memoire-coloniale-dans-lespace-public\/#breadcrumb"},"inLanguage":"es","potentialAction":[{"@type":"ReadAction","target":["https:\/\/www.univ-guyane.fr\/2022\/11\/18\/jean-moomou-discordance-de-la-memoire-coloniale-dans-lespace-public\/"]}]},{"@type":"ImageObject","inLanguage":"es","@id":"https:\/\/www.univ-guyane.fr\/2022\/11\/18\/jean-moomou-discordance-de-la-memoire-coloniale-dans-lespace-public\/#primaryimage","url":"https:\/\/www.univ-guyane.fr\/wp-content\/uploads\/jeudis-conferences-universite-de-guyane.jpeg","contentUrl":"https:\/\/www.univ-guyane.fr\/wp-content\/uploads\/jeudis-conferences-universite-de-guyane.jpeg","width":1800,"height":1013,"caption":"Jean Moomou, Discordance de la m\u00e9moire coloniale dans l\u2019espace public"},{"@type":"BreadcrumbList","@id":"https:\/\/www.univ-guyane.fr\/2022\/11\/18\/jean-moomou-discordance-de-la-memoire-coloniale-dans-lespace-public\/#breadcrumb","itemListElement":[{"@type":"ListItem","position":1,"name":"Accueil","item":"https:\/\/www.univ-guyane.fr\/"},{"@type":"ListItem","position":2,"name":"Jean Moomou, Discordance de la m\u00e9moire coloniale dans l\u2019espace public"}]},{"@type":"WebSite","@id":"https:\/\/www.univ-guyane.fr\/#website","url":"https:\/\/www.univ-guyane.fr\/","name":"Universidad de Guyana","description":"En el coraz\u00f3n de la Amazonia","publisher":{"@id":"https:\/\/www.univ-guyane.fr\/#organization"},"alternateName":"UG","potentialAction":[{"@type":"SearchAction","target":{"@type":"EntryPoint","urlTemplate":"https:\/\/www.univ-guyane.fr\/?s={search_term_string}"},"query-input":{"@type":"PropertyValueSpecification","valueRequired":true,"valueName":"search_term_string"}}],"inLanguage":"es"},{"@type":"Organization","@id":"https:\/\/www.univ-guyane.fr\/#organization","name":"Universidad de Guyana","alternateName":"UG","url":"https:\/\/www.univ-guyane.fr\/","logo":{"@type":"ImageObject","inLanguage":"es","@id":"https:\/\/www.univ-guyane.fr\/#\/schema\/logo\/image\/","url":"https:\/\/www.univ-guyane.fr\/wp-content\/uploads\/2024\/05\/f.png","contentUrl":"https:\/\/www.univ-guyane.fr\/wp-content\/uploads\/2024\/05\/f.png","width":1024,"height":1024,"caption":"Universit\u00e9 de Guyane"},"image":{"@id":"https:\/\/www.univ-guyane.fr\/#\/schema\/logo\/image\/"},"sameAs":["https:\/\/www.facebook.com\/univguyane","https:\/\/x.com\/univguyane","https:\/\/gf.linkedin.com\/school\/universite-de-guyane\/","https:\/\/www.instagram.com\/univ_guyane\/"]},{"@type":"Person","@id":"https:\/\/www.univ-guyane.fr\/#\/schema\/person\/86d946a28a8be51bb096ccfdf19db179","name":"Erick Loiti\u00e8re","image":{"@type":"ImageObject","inLanguage":"es","@id":"https:\/\/secure.gravatar.com\/avatar\/0584f332103fbeaf37e52c73b15dca3c547fd9300deb05764e9ad8714839d072?s=96&d=robohash&r=g","url":"https:\/\/secure.gravatar.com\/avatar\/0584f332103fbeaf37e52c73b15dca3c547fd9300deb05764e9ad8714839d072?s=96&d=robohash&r=g","contentUrl":"https:\/\/secure.gravatar.com\/avatar\/0584f332103fbeaf37e52c73b15dca3c547fd9300deb05764e9ad8714839d072?s=96&d=robohash&r=g","caption":"Erick Loiti\u00e8re"},"sameAs":["http:\/\/www.univ-guyane.fr"],"url":"https:\/\/www.univ-guyane.fr\/es\/author\/eloitierdbz\/"}]}},"_links":{"self":[{"href":"https:\/\/www.univ-guyane.fr\/es\/wp-json\/wp\/v2\/posts\/8650","targetHints":{"allow":["GET"]}}],"collection":[{"href":"https:\/\/www.univ-guyane.fr\/es\/wp-json\/wp\/v2\/posts"}],"about":[{"href":"https:\/\/www.univ-guyane.fr\/es\/wp-json\/wp\/v2\/types\/post"}],"author":[{"embeddable":true,"href":"https:\/\/www.univ-guyane.fr\/es\/wp-json\/wp\/v2\/users\/1"}],"replies":[{"embeddable":true,"href":"https:\/\/www.univ-guyane.fr\/es\/wp-json\/wp\/v2\/comments?post=8650"}],"version-history":[{"count":1,"href":"https:\/\/www.univ-guyane.fr\/es\/wp-json\/wp\/v2\/posts\/8650\/revisions"}],"predecessor-version":[{"id":8652,"href":"https:\/\/www.univ-guyane.fr\/es\/wp-json\/wp\/v2\/posts\/8650\/revisions\/8652"}],"wp:featuredmedia":[{"embeddable":true,"href":"https:\/\/www.univ-guyane.fr\/es\/wp-json\/wp\/v2\/media\/8651"}],"wp:attachment":[{"href":"https:\/\/www.univ-guyane.fr\/es\/wp-json\/wp\/v2\/media?parent=8650"}],"wp:term":[{"taxonomy":"category","embeddable":true,"href":"https:\/\/www.univ-guyane.fr\/es\/wp-json\/wp\/v2\/categories?post=8650"},{"taxonomy":"post_tag","embeddable":true,"href":"https:\/\/www.univ-guyane.fr\/es\/wp-json\/wp\/v2\/tags?post=8650"}],"curies":[{"name":"wp","href":"https:\/\/api.w.org\/{rel}","templated":true}]}}