{"id":8688,"date":"2022-10-03T15:10:07","date_gmt":"2022-10-03T18:10:07","guid":{"rendered":"https:\/\/www.univ-guyane.fr\/?p=8688"},"modified":"2024-06-18T15:13:00","modified_gmt":"2024-06-18T18:13:00","slug":"le-famnenisme-de-fabienne-kanor-tisser-racines-et-goumer-ensemble","status":"publish","type":"post","link":"https:\/\/www.univ-guyane.fr\/es\/2022\/10\/03\/le-famnenisme-de-fabienne-kanor-tisser-racines-et-goumer-ensemble\/","title":{"rendered":"Le famn\u00e9nisme de Fabienne Kanor: entretejer ra\u00edces y goumer"},"content":{"rendered":"<div id=\"fws_69f5770790327\"  data-column-margin=\"default\" data-midnight=\"dark\"  class=\"wpb_row vc_row-fluid vc_row\"  style=\"padding-top: 0px; padding-bottom: 0px; \"><div class=\"row-bg-wrap\" data-bg-animation=\"none\" data-bg-animation-delay=\"\" data-bg-overlay=\"false\"><div class=\"inner-wrap row-bg-layer\" ><div class=\"row-bg viewport-desktop\"  style=\"\"><\/div><\/div><\/div><div class=\"row_col_wrap_12 col span_12 dark left\">\n\t<div  class=\"vc_col-sm-12 wpb_column column_container vc_column_container col no-extra-padding inherit_tablet inherit_phone\"  data-padding-pos=\"all\" data-has-bg-color=\"false\" data-bg-color=\"\" data-bg-opacity=\"1\" data-animation=\"\" data-delay=\"0\" >\n\t\t<div class=\"vc_column-inner\" >\n\t\t\t<div class=\"wpb_wrapper\">\n\t\t\t\t\n<div class=\"wpb_text_column wpb_content_element  chapo\" >\n\t<h2 class=\"justify\">En el marco del seminario de la FEMPOCO, Gladys M. Francis, profesora de la Universidad Howard, pronunciar\u00e1 una conferencia titulada: \"Le famn\u00e9nisme de Fabienne Kanor: Tisser racines et goumer ensemble\", el lunes 10 de octubre de 2022 de 18.00 a 20.00 horas en el Anfiteatro E.<\/h2>\n<\/div>\n\n\n\n\n<div class=\"wpb_text_column wpb_content_element\" >\n\t<div class=\"wpb_text_column wpb_content_element\">\n<div class=\"wpb_wrapper\">\n<span class=\"nectar-dropcap\" >L <\/span>l feminismo de Fabienne Kanor -artista, novelista, periodista y cineasta de renombre- se caracteriza por ecosistemas neocoloniales que revelan los mecanismos y estrategias por los que el trauma se emana o se reinscribe en los cuerpos de las mujeres negras. Originaria de Martinica, la obra de Fabienne Kanor abarca \u00c1frica, su di\u00e1spora negra y el Caribe a trav\u00e9s del tema del encierro traum\u00e1tico, que ella denomina \"la po\u00e9tica de la retenci\u00f3n\".<\/p>\n<\/div>\n<\/div>\n<div class=\"wpb_text_column wpb_content_element\">\n<div class=\"wpb_wrapper\">\n<div id=\"lipsum\">\n<p>Este espacio cerrado (donde la brutalidad del desarraigo geogr\u00e1fico impacta en lo psicol\u00f3gico, emocional y social) encarna tambi\u00e9n una cartograf\u00eda criolla, feminista y transformadora que Kanor teoriza bajo el t\u00e9rmino <em>fanmenismo<\/em>. Se presentar\u00e1n una serie de novelas, extractos de pel\u00edculas y performances para plasmar el feminismo negro de Fabienne Kanor, atrapado entre el olvido y el recuerdo, el cautiverio y la deportaci\u00f3n, el poder y la impotencia, el orden y el desorden. Este repertorio pondr\u00e1 de relieve el compromiso de Kanor por movilizar nuestros cuerpos y reconectarnos con la diversidad de la experiencia. <em>fanmaker<\/em>. Se trata de descubrir la resistencia individual y la <em>goum\u00e9 ansanm<\/em> que puede emanar del trauma. A trav\u00e9s de esta resistencia, los personajes y\/o sujetos femeninos de Kanor intentan crear sus propios espacios \u00edntimos y privados, que al mismo tiempo revelan sus subjetividades sexuales y sus deseos prohibidos.<\/p>\n<\/div>\n<\/div>\n<\/div>\n<div class=\"wpb_text_column wpb_content_element vc_custom_1664807828497\">\n<div class=\"wpb_wrapper\">\n<p><strong>Sobre el ponente<\/strong><\/p>\n<p><strong>Gladys M. Francis <\/strong>es Decana y Profesora Universitaria en la Universidad Howard (Washington DC, EE.UU.), donde dirige la Oficina de Asuntos Acad\u00e9micos y Estudiantiles de la Facultad de Artes y Ciencias (COAS) y es tambi\u00e9n responsable del desarrollo de planes de estudios innovadores e internacionales para todos los departamentos acad\u00e9micos de la COAS. Est\u00e1 especializada en estudios africanos, franc\u00f3fonos, culturales y te\u00f3ricos. Su reciente trabajo interdisciplinar se centra en la est\u00e9tica de las representaciones del cuerpo sufriente en la literatura y las artes visuales. Explora cuestiones de justicia social, resistencia, trauma, construcci\u00f3n de la identidad, g\u00e9nero y sexualidad. La Dra. Francis es invitada en todo el mundo como consultora e investigadora sobre cuestiones de formaci\u00f3n de la identidad y justicia social relacionadas con el g\u00e9nero, la etnia y la clase social, entre otras. Cuenta con dos C\u00e1tedras de Investigaci\u00f3n en Humanidades, m\u00e1s de cinco millones de d\u00f3lares recaudados para misiones educativas y culturales, varias becas nacionales e internacionales y tres premios a la excelencia docente. En 2019, recibi\u00f3 el Premio a la Excelencia en Diversidad, Equidad e Inclusi\u00f3n de la Facultad de Artes y Ciencias. La Dra. Gladys M. Francis cuenta con m\u00e1s de cuarenta art\u00edculos en sus \u00e1reas de especializaci\u00f3n, as\u00ed como cuatro libros <em>Amor, sexo, g\u00e9nero y trauma en el Caribe franc\u00f3fono<\/em>\u00a0(2016), <em>Mujeres caribe\u00f1as odiosas: la est\u00e9tica palpable de la transgresi\u00f3n<\/em> (2017), <em>\u00c9pica<\/em> <em>Criollo: Historias de transgresi\u00f3n <\/em>(2022), y <em>Fabienne Kanor en Transgression<\/em> (2022).<\/p>\n<\/div>\n<\/div>\n<\/div>\n\n\n\n\n\t\t\t<\/div> \n\t\t<\/div>\n\t<\/div> \n<\/div><\/div>","protected":false},"excerpt":{"rendered":"En el marco del seminario de la FEMPOCO, Gladys M. Francis, Catedr\u00e1tica de la Universidad Howard Steiger...","protected":false},"author":1,"featured_media":8689,"comment_status":"closed","ping_status":"open","sticky":false,"template":"","format":"standard","meta":{"iawp_total_views":58,"footnotes":""},"categories":[234,14,187],"tags":[],"class_list":{"0":"post-8688","1":"post","2":"type-post","3":"status-publish","4":"format-standard","5":"has-post-thumbnail","7":"category-a-la-une","8":"category-lsh","9":"category-minea"},"yoast_head":"<!-- This site is optimized with the Yoast SEO plugin v27.5 - https:\/\/yoast.com\/product\/yoast-seo-wordpress\/ -->\n<title>Le famn\u00e9nisme de Fabienne Kanor : Tisser racines et goumer ensemble &#8212; Universit\u00e9 de Guyane<\/title>\n<meta name=\"description\" content=\"D\u00e9couvrez la th\u00e9matique captivante du fanm\u00e9nisme d\u00e9velopp\u00e9 par Fabienne Kanor \u00e0 travers son \u0153uvre artistique pluridisciplinaire.\" \/>\n<meta name=\"robots\" content=\"index, follow, max-snippet:-1, max-image-preview:large, max-video-preview:-1\" \/>\n<link rel=\"canonical\" href=\"https:\/\/www.univ-guyane.fr\/es\/2022\/10\/03\/le-famnenisme-de-fabienne-kanor-tisser-racines-et-goumer-ensemble\/\" \/>\n<meta property=\"og:locale\" content=\"es_ES\" \/>\n<meta property=\"og:type\" content=\"article\" \/>\n<meta property=\"og:title\" content=\"Le famn\u00e9nisme de Fabienne Kanor : Tisser racines et goumer ensemble &#8212; Universit\u00e9 de Guyane\" \/>\n<meta property=\"og:description\" content=\"D\u00e9couvrez la th\u00e9matique captivante du fanm\u00e9nisme d\u00e9velopp\u00e9 par Fabienne Kanor \u00e0 travers son \u0153uvre artistique pluridisciplinaire.\" \/>\n<meta property=\"og:url\" content=\"https:\/\/www.univ-guyane.fr\/es\/2022\/10\/03\/le-famnenisme-de-fabienne-kanor-tisser-racines-et-goumer-ensemble\/\" \/>\n<meta property=\"og:site_name\" content=\"Universit\u00e9 de Guyane\" \/>\n<meta property=\"article:publisher\" content=\"https:\/\/www.facebook.com\/univguyane\" \/>\n<meta property=\"article:published_time\" content=\"2022-10-03T18:10:07+00:00\" \/>\n<meta property=\"article:modified_time\" content=\"2024-06-18T18:13:00+00:00\" \/>\n<meta property=\"og:image\" content=\"https:\/\/www.univ-guyane.fr\/wp-content\/uploads\/conference-fempoco-famnenisme-oct-2022-universite-de-guyane.jpeg\" \/>\n\t<meta property=\"og:image:width\" content=\"1800\" \/>\n\t<meta property=\"og:image:height\" content=\"1013\" \/>\n\t<meta property=\"og:image:type\" content=\"image\/jpeg\" \/>\n<meta name=\"author\" content=\"Erick Loiti\u00e8re\" \/>\n<meta name=\"twitter:card\" content=\"summary_large_image\" \/>\n<meta name=\"twitter:creator\" content=\"@univguyane\" \/>\n<meta name=\"twitter:site\" content=\"@univguyane\" \/>\n<meta name=\"twitter:label1\" content=\"Escrito por\" \/>\n\t<meta name=\"twitter:data1\" content=\"Erick Loiti\u00e8re\" \/>\n\t<meta name=\"twitter:label2\" content=\"Tiempo de lectura\" \/>\n\t<meta name=\"twitter:data2\" content=\"4 minutos\" \/>\n<script type=\"application\/ld+json\" class=\"yoast-schema-graph\">{\"@context\":\"https:\\\/\\\/schema.org\",\"@graph\":[{\"@type\":\"Article\",\"@id\":\"https:\\\/\\\/www.univ-guyane.fr\\\/2022\\\/10\\\/03\\\/le-famnenisme-de-fabienne-kanor-tisser-racines-et-goumer-ensemble\\\/#article\",\"isPartOf\":{\"@id\":\"https:\\\/\\\/www.univ-guyane.fr\\\/2022\\\/10\\\/03\\\/le-famnenisme-de-fabienne-kanor-tisser-racines-et-goumer-ensemble\\\/\"},\"author\":{\"name\":\"Erick Loiti\u00e8re\",\"@id\":\"https:\\\/\\\/www.univ-guyane.fr\\\/#\\\/schema\\\/person\\\/86d946a28a8be51bb096ccfdf19db179\"},\"headline\":\"Le famn\u00e9nisme de Fabienne Kanor : Tisser racines et goumer ensemble\",\"datePublished\":\"2022-10-03T18:10:07+00:00\",\"dateModified\":\"2024-06-18T18:13:00+00:00\",\"mainEntityOfPage\":{\"@id\":\"https:\\\/\\\/www.univ-guyane.fr\\\/2022\\\/10\\\/03\\\/le-famnenisme-de-fabienne-kanor-tisser-racines-et-goumer-ensemble\\\/\"},\"wordCount\":768,\"publisher\":{\"@id\":\"https:\\\/\\\/www.univ-guyane.fr\\\/#organization\"},\"image\":{\"@id\":\"https:\\\/\\\/www.univ-guyane.fr\\\/2022\\\/10\\\/03\\\/le-famnenisme-de-fabienne-kanor-tisser-racines-et-goumer-ensemble\\\/#primaryimage\"},\"thumbnailUrl\":\"https:\\\/\\\/www.univ-guyane.fr\\\/wp-content\\\/uploads\\\/conference-fempoco-famnenisme-oct-2022-universite-de-guyane.jpeg\",\"articleSection\":[\"\u2022 \u00c0 la une\",\"\u2022 LSH\",\"\u2022\u00a0MINEA\"],\"inLanguage\":\"es\"},{\"@type\":\"WebPage\",\"@id\":\"https:\\\/\\\/www.univ-guyane.fr\\\/2022\\\/10\\\/03\\\/le-famnenisme-de-fabienne-kanor-tisser-racines-et-goumer-ensemble\\\/\",\"url\":\"https:\\\/\\\/www.univ-guyane.fr\\\/2022\\\/10\\\/03\\\/le-famnenisme-de-fabienne-kanor-tisser-racines-et-goumer-ensemble\\\/\",\"name\":\"Le famn\u00e9nisme de Fabienne Kanor : Tisser racines et goumer ensemble &#8212; Universit\u00e9 de Guyane\",\"isPartOf\":{\"@id\":\"https:\\\/\\\/www.univ-guyane.fr\\\/#website\"},\"primaryImageOfPage\":{\"@id\":\"https:\\\/\\\/www.univ-guyane.fr\\\/2022\\\/10\\\/03\\\/le-famnenisme-de-fabienne-kanor-tisser-racines-et-goumer-ensemble\\\/#primaryimage\"},\"image\":{\"@id\":\"https:\\\/\\\/www.univ-guyane.fr\\\/2022\\\/10\\\/03\\\/le-famnenisme-de-fabienne-kanor-tisser-racines-et-goumer-ensemble\\\/#primaryimage\"},\"thumbnailUrl\":\"https:\\\/\\\/www.univ-guyane.fr\\\/wp-content\\\/uploads\\\/conference-fempoco-famnenisme-oct-2022-universite-de-guyane.jpeg\",\"datePublished\":\"2022-10-03T18:10:07+00:00\",\"dateModified\":\"2024-06-18T18:13:00+00:00\",\"description\":\"D\u00e9couvrez la th\u00e9matique captivante du fanm\u00e9nisme d\u00e9velopp\u00e9 par Fabienne Kanor \u00e0 travers son \u0153uvre artistique pluridisciplinaire.\",\"breadcrumb\":{\"@id\":\"https:\\\/\\\/www.univ-guyane.fr\\\/2022\\\/10\\\/03\\\/le-famnenisme-de-fabienne-kanor-tisser-racines-et-goumer-ensemble\\\/#breadcrumb\"},\"inLanguage\":\"es\",\"potentialAction\":[{\"@type\":\"ReadAction\",\"target\":[\"https:\\\/\\\/www.univ-guyane.fr\\\/2022\\\/10\\\/03\\\/le-famnenisme-de-fabienne-kanor-tisser-racines-et-goumer-ensemble\\\/\"]}]},{\"@type\":\"ImageObject\",\"inLanguage\":\"es\",\"@id\":\"https:\\\/\\\/www.univ-guyane.fr\\\/2022\\\/10\\\/03\\\/le-famnenisme-de-fabienne-kanor-tisser-racines-et-goumer-ensemble\\\/#primaryimage\",\"url\":\"https:\\\/\\\/www.univ-guyane.fr\\\/wp-content\\\/uploads\\\/conference-fempoco-famnenisme-oct-2022-universite-de-guyane.jpeg\",\"contentUrl\":\"https:\\\/\\\/www.univ-guyane.fr\\\/wp-content\\\/uploads\\\/conference-fempoco-famnenisme-oct-2022-universite-de-guyane.jpeg\",\"width\":1800,\"height\":1013,\"caption\":\"Le famn\u00e9nisme de Fabienne Kanor : Tisser racines et goumer ensemble\"},{\"@type\":\"BreadcrumbList\",\"@id\":\"https:\\\/\\\/www.univ-guyane.fr\\\/2022\\\/10\\\/03\\\/le-famnenisme-de-fabienne-kanor-tisser-racines-et-goumer-ensemble\\\/#breadcrumb\",\"itemListElement\":[{\"@type\":\"ListItem\",\"position\":1,\"name\":\"Accueil\",\"item\":\"https:\\\/\\\/www.univ-guyane.fr\\\/\"},{\"@type\":\"ListItem\",\"position\":2,\"name\":\"Le famn\u00e9nisme de Fabienne Kanor : Tisser racines et goumer ensemble\"}]},{\"@type\":\"WebSite\",\"@id\":\"https:\\\/\\\/www.univ-guyane.fr\\\/#website\",\"url\":\"https:\\\/\\\/www.univ-guyane.fr\\\/\",\"name\":\"Universit\u00e9 de Guyane\",\"description\":\"Au c\u0153ur de l&#039;amazonie\",\"publisher\":{\"@id\":\"https:\\\/\\\/www.univ-guyane.fr\\\/#organization\"},\"alternateName\":\"UG\",\"potentialAction\":[{\"@type\":\"SearchAction\",\"target\":{\"@type\":\"EntryPoint\",\"urlTemplate\":\"https:\\\/\\\/www.univ-guyane.fr\\\/?s={search_term_string}\"},\"query-input\":{\"@type\":\"PropertyValueSpecification\",\"valueRequired\":true,\"valueName\":\"search_term_string\"}}],\"inLanguage\":\"es\"},{\"@type\":\"Organization\",\"@id\":\"https:\\\/\\\/www.univ-guyane.fr\\\/#organization\",\"name\":\"Universit\u00e9 de Guyane\",\"alternateName\":\"UG\",\"url\":\"https:\\\/\\\/www.univ-guyane.fr\\\/\",\"logo\":{\"@type\":\"ImageObject\",\"inLanguage\":\"es\",\"@id\":\"https:\\\/\\\/www.univ-guyane.fr\\\/#\\\/schema\\\/logo\\\/image\\\/\",\"url\":\"https:\\\/\\\/www.univ-guyane.fr\\\/wp-content\\\/uploads\\\/2024\\\/05\\\/f.png\",\"contentUrl\":\"https:\\\/\\\/www.univ-guyane.fr\\\/wp-content\\\/uploads\\\/2024\\\/05\\\/f.png\",\"width\":1024,\"height\":1024,\"caption\":\"Universit\u00e9 de Guyane\"},\"image\":{\"@id\":\"https:\\\/\\\/www.univ-guyane.fr\\\/#\\\/schema\\\/logo\\\/image\\\/\"},\"sameAs\":[\"https:\\\/\\\/www.facebook.com\\\/univguyane\",\"https:\\\/\\\/x.com\\\/univguyane\",\"https:\\\/\\\/gf.linkedin.com\\\/school\\\/universite-de-guyane\\\/\",\"https:\\\/\\\/www.instagram.com\\\/univ_guyane\\\/\"]},{\"@type\":\"Person\",\"@id\":\"https:\\\/\\\/www.univ-guyane.fr\\\/#\\\/schema\\\/person\\\/86d946a28a8be51bb096ccfdf19db179\",\"name\":\"Erick Loiti\u00e8re\",\"image\":{\"@type\":\"ImageObject\",\"inLanguage\":\"es\",\"@id\":\"https:\\\/\\\/secure.gravatar.com\\\/avatar\\\/0584f332103fbeaf37e52c73b15dca3c547fd9300deb05764e9ad8714839d072?s=96&d=robohash&r=g\",\"url\":\"https:\\\/\\\/secure.gravatar.com\\\/avatar\\\/0584f332103fbeaf37e52c73b15dca3c547fd9300deb05764e9ad8714839d072?s=96&d=robohash&r=g\",\"contentUrl\":\"https:\\\/\\\/secure.gravatar.com\\\/avatar\\\/0584f332103fbeaf37e52c73b15dca3c547fd9300deb05764e9ad8714839d072?s=96&d=robohash&r=g\",\"caption\":\"Erick Loiti\u00e8re\"},\"sameAs\":[\"http:\\\/\\\/www.univ-guyane.fr\"],\"url\":\"https:\\\/\\\/www.univ-guyane.fr\\\/es\\\/author\\\/eloitierdbz\\\/\"}]}<\/script>\n<!-- \/ Yoast SEO plugin. -->","yoast_head_json":{"title":"Le famn\u00e9nisme de Fabienne Kanor : Tisser racines et goumer ensemble &#8212; Universit\u00e9 de Guyane","description":"D\u00e9couvrez la th\u00e9matique captivante du fanm\u00e9nisme d\u00e9velopp\u00e9 par Fabienne Kanor \u00e0 travers son \u0153uvre artistique pluridisciplinaire.","robots":{"index":"index","follow":"follow","max-snippet":"max-snippet:-1","max-image-preview":"max-image-preview:large","max-video-preview":"max-video-preview:-1"},"canonical":"https:\/\/www.univ-guyane.fr\/es\/2022\/10\/03\/le-famnenisme-de-fabienne-kanor-tisser-racines-et-goumer-ensemble\/","og_locale":"es_ES","og_type":"article","og_title":"Le famn\u00e9nisme de Fabienne Kanor : Tisser racines et goumer ensemble &#8212; Universit\u00e9 de Guyane","og_description":"D\u00e9couvrez la th\u00e9matique captivante du fanm\u00e9nisme d\u00e9velopp\u00e9 par Fabienne Kanor \u00e0 travers son \u0153uvre artistique pluridisciplinaire.","og_url":"https:\/\/www.univ-guyane.fr\/es\/2022\/10\/03\/le-famnenisme-de-fabienne-kanor-tisser-racines-et-goumer-ensemble\/","og_site_name":"Universit\u00e9 de Guyane","article_publisher":"https:\/\/www.facebook.com\/univguyane","article_published_time":"2022-10-03T18:10:07+00:00","article_modified_time":"2024-06-18T18:13:00+00:00","og_image":[{"width":1800,"height":1013,"url":"https:\/\/www.univ-guyane.fr\/wp-content\/uploads\/conference-fempoco-famnenisme-oct-2022-universite-de-guyane.jpeg","type":"image\/jpeg"}],"author":"Erick Loiti\u00e8re","twitter_card":"summary_large_image","twitter_creator":"@univguyane","twitter_site":"@univguyane","twitter_misc":{"Escrito por":"Erick Loiti\u00e8re","Tiempo de lectura":"4 minutos"},"schema":{"@context":"https:\/\/schema.org","@graph":[{"@type":"Article","@id":"https:\/\/www.univ-guyane.fr\/2022\/10\/03\/le-famnenisme-de-fabienne-kanor-tisser-racines-et-goumer-ensemble\/#article","isPartOf":{"@id":"https:\/\/www.univ-guyane.fr\/2022\/10\/03\/le-famnenisme-de-fabienne-kanor-tisser-racines-et-goumer-ensemble\/"},"author":{"name":"Erick Loiti\u00e8re","@id":"https:\/\/www.univ-guyane.fr\/#\/schema\/person\/86d946a28a8be51bb096ccfdf19db179"},"headline":"Le famn\u00e9nisme de Fabienne Kanor : Tisser racines et goumer ensemble","datePublished":"2022-10-03T18:10:07+00:00","dateModified":"2024-06-18T18:13:00+00:00","mainEntityOfPage":{"@id":"https:\/\/www.univ-guyane.fr\/2022\/10\/03\/le-famnenisme-de-fabienne-kanor-tisser-racines-et-goumer-ensemble\/"},"wordCount":768,"publisher":{"@id":"https:\/\/www.univ-guyane.fr\/#organization"},"image":{"@id":"https:\/\/www.univ-guyane.fr\/2022\/10\/03\/le-famnenisme-de-fabienne-kanor-tisser-racines-et-goumer-ensemble\/#primaryimage"},"thumbnailUrl":"https:\/\/www.univ-guyane.fr\/wp-content\/uploads\/conference-fempoco-famnenisme-oct-2022-universite-de-guyane.jpeg","articleSection":["\u2022 \u00c0 la une","\u2022 LSH","\u2022\u00a0MINEA"],"inLanguage":"es"},{"@type":"WebPage","@id":"https:\/\/www.univ-guyane.fr\/2022\/10\/03\/le-famnenisme-de-fabienne-kanor-tisser-racines-et-goumer-ensemble\/","url":"https:\/\/www.univ-guyane.fr\/2022\/10\/03\/le-famnenisme-de-fabienne-kanor-tisser-racines-et-goumer-ensemble\/","name":"Le famn\u00e9nisme de Fabienne Kanor : Tisser racines et goumer ensemble &#8212; Universit\u00e9 de Guyane","isPartOf":{"@id":"https:\/\/www.univ-guyane.fr\/#website"},"primaryImageOfPage":{"@id":"https:\/\/www.univ-guyane.fr\/2022\/10\/03\/le-famnenisme-de-fabienne-kanor-tisser-racines-et-goumer-ensemble\/#primaryimage"},"image":{"@id":"https:\/\/www.univ-guyane.fr\/2022\/10\/03\/le-famnenisme-de-fabienne-kanor-tisser-racines-et-goumer-ensemble\/#primaryimage"},"thumbnailUrl":"https:\/\/www.univ-guyane.fr\/wp-content\/uploads\/conference-fempoco-famnenisme-oct-2022-universite-de-guyane.jpeg","datePublished":"2022-10-03T18:10:07+00:00","dateModified":"2024-06-18T18:13:00+00:00","description":"D\u00e9couvrez la th\u00e9matique captivante du fanm\u00e9nisme d\u00e9velopp\u00e9 par Fabienne Kanor \u00e0 travers son \u0153uvre artistique pluridisciplinaire.","breadcrumb":{"@id":"https:\/\/www.univ-guyane.fr\/2022\/10\/03\/le-famnenisme-de-fabienne-kanor-tisser-racines-et-goumer-ensemble\/#breadcrumb"},"inLanguage":"es","potentialAction":[{"@type":"ReadAction","target":["https:\/\/www.univ-guyane.fr\/2022\/10\/03\/le-famnenisme-de-fabienne-kanor-tisser-racines-et-goumer-ensemble\/"]}]},{"@type":"ImageObject","inLanguage":"es","@id":"https:\/\/www.univ-guyane.fr\/2022\/10\/03\/le-famnenisme-de-fabienne-kanor-tisser-racines-et-goumer-ensemble\/#primaryimage","url":"https:\/\/www.univ-guyane.fr\/wp-content\/uploads\/conference-fempoco-famnenisme-oct-2022-universite-de-guyane.jpeg","contentUrl":"https:\/\/www.univ-guyane.fr\/wp-content\/uploads\/conference-fempoco-famnenisme-oct-2022-universite-de-guyane.jpeg","width":1800,"height":1013,"caption":"Le famn\u00e9nisme de Fabienne Kanor : Tisser racines et goumer ensemble"},{"@type":"BreadcrumbList","@id":"https:\/\/www.univ-guyane.fr\/2022\/10\/03\/le-famnenisme-de-fabienne-kanor-tisser-racines-et-goumer-ensemble\/#breadcrumb","itemListElement":[{"@type":"ListItem","position":1,"name":"Accueil","item":"https:\/\/www.univ-guyane.fr\/"},{"@type":"ListItem","position":2,"name":"Le famn\u00e9nisme de Fabienne Kanor : Tisser racines et goumer ensemble"}]},{"@type":"WebSite","@id":"https:\/\/www.univ-guyane.fr\/#website","url":"https:\/\/www.univ-guyane.fr\/","name":"Universidad de Guyana","description":"En el coraz\u00f3n de la Amazonia","publisher":{"@id":"https:\/\/www.univ-guyane.fr\/#organization"},"alternateName":"UG","potentialAction":[{"@type":"SearchAction","target":{"@type":"EntryPoint","urlTemplate":"https:\/\/www.univ-guyane.fr\/?s={search_term_string}"},"query-input":{"@type":"PropertyValueSpecification","valueRequired":true,"valueName":"search_term_string"}}],"inLanguage":"es"},{"@type":"Organization","@id":"https:\/\/www.univ-guyane.fr\/#organization","name":"Universidad de Guyana","alternateName":"UG","url":"https:\/\/www.univ-guyane.fr\/","logo":{"@type":"ImageObject","inLanguage":"es","@id":"https:\/\/www.univ-guyane.fr\/#\/schema\/logo\/image\/","url":"https:\/\/www.univ-guyane.fr\/wp-content\/uploads\/2024\/05\/f.png","contentUrl":"https:\/\/www.univ-guyane.fr\/wp-content\/uploads\/2024\/05\/f.png","width":1024,"height":1024,"caption":"Universit\u00e9 de Guyane"},"image":{"@id":"https:\/\/www.univ-guyane.fr\/#\/schema\/logo\/image\/"},"sameAs":["https:\/\/www.facebook.com\/univguyane","https:\/\/x.com\/univguyane","https:\/\/gf.linkedin.com\/school\/universite-de-guyane\/","https:\/\/www.instagram.com\/univ_guyane\/"]},{"@type":"Person","@id":"https:\/\/www.univ-guyane.fr\/#\/schema\/person\/86d946a28a8be51bb096ccfdf19db179","name":"Erick Loiti\u00e8re","image":{"@type":"ImageObject","inLanguage":"es","@id":"https:\/\/secure.gravatar.com\/avatar\/0584f332103fbeaf37e52c73b15dca3c547fd9300deb05764e9ad8714839d072?s=96&d=robohash&r=g","url":"https:\/\/secure.gravatar.com\/avatar\/0584f332103fbeaf37e52c73b15dca3c547fd9300deb05764e9ad8714839d072?s=96&d=robohash&r=g","contentUrl":"https:\/\/secure.gravatar.com\/avatar\/0584f332103fbeaf37e52c73b15dca3c547fd9300deb05764e9ad8714839d072?s=96&d=robohash&r=g","caption":"Erick Loiti\u00e8re"},"sameAs":["http:\/\/www.univ-guyane.fr"],"url":"https:\/\/www.univ-guyane.fr\/es\/author\/eloitierdbz\/"}]}},"_links":{"self":[{"href":"https:\/\/www.univ-guyane.fr\/es\/wp-json\/wp\/v2\/posts\/8688","targetHints":{"allow":["GET"]}}],"collection":[{"href":"https:\/\/www.univ-guyane.fr\/es\/wp-json\/wp\/v2\/posts"}],"about":[{"href":"https:\/\/www.univ-guyane.fr\/es\/wp-json\/wp\/v2\/types\/post"}],"author":[{"embeddable":true,"href":"https:\/\/www.univ-guyane.fr\/es\/wp-json\/wp\/v2\/users\/1"}],"replies":[{"embeddable":true,"href":"https:\/\/www.univ-guyane.fr\/es\/wp-json\/wp\/v2\/comments?post=8688"}],"version-history":[{"count":1,"href":"https:\/\/www.univ-guyane.fr\/es\/wp-json\/wp\/v2\/posts\/8688\/revisions"}],"predecessor-version":[{"id":8690,"href":"https:\/\/www.univ-guyane.fr\/es\/wp-json\/wp\/v2\/posts\/8688\/revisions\/8690"}],"wp:featuredmedia":[{"embeddable":true,"href":"https:\/\/www.univ-guyane.fr\/es\/wp-json\/wp\/v2\/media\/8689"}],"wp:attachment":[{"href":"https:\/\/www.univ-guyane.fr\/es\/wp-json\/wp\/v2\/media?parent=8688"}],"wp:term":[{"taxonomy":"category","embeddable":true,"href":"https:\/\/www.univ-guyane.fr\/es\/wp-json\/wp\/v2\/categories?post=8688"},{"taxonomy":"post_tag","embeddable":true,"href":"https:\/\/www.univ-guyane.fr\/es\/wp-json\/wp\/v2\/tags?post=8688"}],"curies":[{"name":"wp","href":"https:\/\/api.w.org\/{rel}","templated":true}]}}