{"id":8698,"date":"2020-03-05T15:39:36","date_gmt":"2020-03-05T18:39:36","guid":{"rendered":"https:\/\/www.univ-guyane.fr\/?p=8698"},"modified":"2024-06-18T15:45:41","modified_gmt":"2024-06-18T18:45:41","slug":"accueil-dune-delegation-de-luniversite-cheikh-anta-diop-de-dakar","status":"publish","type":"post","link":"https:\/\/www.univ-guyane.fr\/es\/2020\/03\/05\/accueil-dune-delegation-de-luniversite-cheikh-anta-diop-de-dakar\/","title":{"rendered":"Recepci\u00f3n de una delegaci\u00f3n de la Universidad Cheikh Anta Diop en Dakar"},"content":{"rendered":"<div id=\"fws_69f3cc360ace5\"  data-column-margin=\"default\" data-midnight=\"dark\"  class=\"wpb_row vc_row-fluid vc_row\"  style=\"padding-top: 0px; padding-bottom: 0px; \"><div class=\"row-bg-wrap\" data-bg-animation=\"none\" data-bg-animation-delay=\"\" data-bg-overlay=\"false\"><div class=\"inner-wrap row-bg-layer\" ><div class=\"row-bg viewport-desktop\"  style=\"\"><\/div><\/div><\/div><div class=\"row_col_wrap_12 col span_12 dark left\">\n\t<div  class=\"vc_col-sm-12 wpb_column column_container vc_column_container col no-extra-padding inherit_tablet inherit_phone\"  data-padding-pos=\"all\" data-has-bg-color=\"false\" data-bg-color=\"\" data-bg-opacity=\"1\" data-animation=\"\" data-delay=\"0\" >\n\t\t<div class=\"vc_column-inner\" >\n\t\t\t<div class=\"wpb_wrapper\">\n\t\t\t\t\n<div class=\"wpb_text_column wpb_content_element  chapo\" >\n\t<h2>En el marco de la colaboraci\u00f3n entre la Universidad de Guyana (UG) y la Universidad Cheikh Anta Diop de Dakar (UCAD), la UG acoger\u00e1 a cinco profesores-investigadores de la Universidad Cheikh Anta Diop de Dakar durante la semana del 9 de marzo de 2020.<\/h2>\n<\/div>\n\n\n\n\n<div class=\"wpb_text_column wpb_content_element\" >\n\t<p><span class=\"nectar-dropcap\" >C <\/span>inco profesores de la UCAD visitar\u00e1n la Universidad de Guyana durante aproximadamente una semana. La visita es el resultado de la asociaci\u00f3n entre ambas instituciones, que implica intercambios tanto de estudiantes como de personal docente. La Universidad tendr\u00e1 el honor de acoger a :<\/p>\n<ul class=\"ug-list pine-list\">\n<li>Papa Alioune Sarr NDIAYE, Director de la Escuela Superior Polit\u00e9cnica (ESP) de la UCAD<\/li>\n<li>Mamadou Lamine NDIAYE, Responsable de Cooperaci\u00f3n e Investigaci\u00f3n de la ESP (UCAD)<\/li>\n<li>Abdoulaye DIENG, Departamento de Ingenier\u00eda El\u00e9ctrica, ESP (UCAD)<\/li>\n<li>Mandicou BA, del departamento de Ingenier\u00eda Inform\u00e1tica de la ESP (UCAD)<\/li>\n<li>Denis Assane DIOUF, de la Facultad de Letras y Humanidades de la UCAD<\/li>\n<\/ul>\n<p>Los profesores DIENG y BA impartir\u00e1n clases en los bachilleratos profesionales de Redes Inform\u00e1ticas y Telecomunicaciones (MRIT) y Dominio de la Energ\u00eda, la Electricidad y el Desarrollo Sostenible (MEED) en el IUT de Kourou, mientras que el profesor DIOUF impartir\u00e1 clases en el 2\u00ba curso del bachillerato de Literatura en el departamento de Letras y Ciencias Humanas, en el marco del curso \"Introducci\u00f3n a la literatura africana franc\u00f3fona\". El profesor Mamadou Lamine NDIAYE pronunciar\u00e1 una conferencia sobre la \"transici\u00f3n energ\u00e9tica en un contexto africano\" el lunes 9 de marzo a las 18.00 horas en el anfiteatro E. El profesor Denis Assane DIOUF pronunciar\u00e1 una conferencia sobre \"L\u00e9opold S\u00e9dar Senghor: l'h\u00e9ritage d'un penseur, po\u00e8te et politique\" (L\u00e9opold S\u00e9dar Senghor: el legado de un pensador, poeta y pol\u00edtico), el jueves 12 de marzo a las 18.00 h en el anfiteatro A.<\/p>\n<h3>Numerosos intercambios entre los dos establecimientos<\/h3>\n<p>Desde la firma del acuerdo marco de cooperaci\u00f3n entre la Universidad de Guayana y la Universidad Cheikh Anta Diop de Dakar en mayo de 2017, se han llevado a cabo varias acciones. En marzo de 2018, el departamento de Lettres et Sciences humaines (LSH) organiz\u00f3 un viaje educativo a Senegal, bajo el lema \"GUYANE-SENEGAL: Revisitando una historia compartida\". Tres profesores-investigadores de la Facultad de Letras y Humanidades de la UCAD fueron invitados a la UG en 2017 y 2018 para impartir clases y conferencias. En octubre de 2018 se celebr\u00f3 en Dakar un seminario de investigaci\u00f3n sobre \"la sostenibilidad de las pesquer\u00edas tropicales\", coorganizado por el laboratorio LEEISA de la UG y el Institut Universitaire de P\u00eache et d'Aquaculture (IUPA) de la UCAD. Adem\u00e1s, esta asociaci\u00f3n ofrece a los estudiantes de la UG la oportunidad de realizar pr\u00e1cticas en Senegal. Ocho estudiantes ya han completado sus pr\u00e1cticas en Dakar (tres en 2018 y cinco en 2019). En mayo de 2020, 7 estudiantes del IUT de Kourou viajar\u00e1n a Dakar como parte de sus pr\u00e1cticas obligatorias. Las visitas de estudio est\u00e1n previstas para el \u00faltimo trimestre de 2020.<\/p>\n<\/div>\n\n\n\n\n\t\t\t<\/div> \n\t\t<\/div>\n\t<\/div> \n<\/div><\/div>","protected":false},"excerpt":{"rendered":"En el marco de la colaboraci\u00f3n entre la Universidad de Guyana (UG) y la Universidad Cheikh Anta Diop...","protected":false},"author":1,"featured_media":8700,"comment_status":"closed","ping_status":"open","sticky":false,"template":"","format":"standard","meta":{"iawp_total_views":63,"footnotes":""},"categories":[17,14,229],"tags":[],"class_list":{"0":"post-8698","1":"post","2":"type-post","3":"status-publish","4":"format-standard","5":"has-post-thumbnail","7":"category-iut","8":"category-lsh","9":"category-universite-actualites"},"yoast_head":"<!-- This site is optimized with the Yoast SEO plugin v27.5 - https:\/\/yoast.com\/product\/yoast-seo-wordpress\/ -->\n<title>Accueil d\u2019une d\u00e9l\u00e9gation de l\u2019Universit\u00e9 Cheikh Anta Diop de Dakar &#8212; Universit\u00e9 de Guyane<\/title>\n<meta name=\"description\" content=\"D\u00e9couvrez le partenariat entre l&#039;Universit\u00e9 Cheik Anta Diop de Dakar et l&#039;Universit\u00e9 de Guyane pour des \u00e9changes \u00e9tudiants et enseignants.\" \/>\n<meta name=\"robots\" content=\"index, follow, max-snippet:-1, max-image-preview:large, max-video-preview:-1\" \/>\n<link rel=\"canonical\" href=\"https:\/\/www.univ-guyane.fr\/es\/2020\/03\/05\/accueil-dune-delegation-de-luniversite-cheikh-anta-diop-de-dakar\/\" \/>\n<meta property=\"og:locale\" content=\"es_ES\" \/>\n<meta property=\"og:type\" content=\"article\" \/>\n<meta property=\"og:title\" content=\"Accueil d\u2019une d\u00e9l\u00e9gation de l\u2019Universit\u00e9 Cheikh Anta Diop de Dakar &#8212; Universit\u00e9 de Guyane\" \/>\n<meta property=\"og:description\" content=\"D\u00e9couvrez le partenariat entre l&#039;Universit\u00e9 Cheik Anta Diop de Dakar et l&#039;Universit\u00e9 de Guyane pour des \u00e9changes \u00e9tudiants et enseignants.\" \/>\n<meta property=\"og:url\" content=\"https:\/\/www.univ-guyane.fr\/es\/2020\/03\/05\/accueil-dune-delegation-de-luniversite-cheikh-anta-diop-de-dakar\/\" \/>\n<meta property=\"og:site_name\" content=\"Universit\u00e9 de Guyane\" \/>\n<meta property=\"article:publisher\" content=\"https:\/\/www.facebook.com\/univguyane\" \/>\n<meta property=\"article:published_time\" content=\"2020-03-05T18:39:36+00:00\" \/>\n<meta property=\"article:modified_time\" content=\"2024-06-18T18:45:41+00:00\" \/>\n<meta property=\"og:image\" content=\"https:\/\/www.univ-guyane.fr\/wp-content\/uploads\/visite-delegation-UCAD-LUniversite-Cheikh-Anta-Diop-de-Dakar.jpeg\" \/>\n\t<meta property=\"og:image:width\" content=\"1024\" \/>\n\t<meta property=\"og:image:height\" content=\"556\" \/>\n\t<meta property=\"og:image:type\" content=\"image\/jpeg\" \/>\n<meta name=\"author\" content=\"Erick Loiti\u00e8re\" \/>\n<meta name=\"twitter:card\" content=\"summary_large_image\" \/>\n<meta name=\"twitter:creator\" content=\"@univguyane\" \/>\n<meta name=\"twitter:site\" content=\"@univguyane\" \/>\n<meta name=\"twitter:label1\" content=\"Escrito por\" \/>\n\t<meta name=\"twitter:data1\" content=\"Erick Loiti\u00e8re\" \/>\n\t<meta name=\"twitter:label2\" content=\"Tiempo de lectura\" \/>\n\t<meta name=\"twitter:data2\" content=\"3 minutos\" \/>\n<script type=\"application\/ld+json\" class=\"yoast-schema-graph\">{\"@context\":\"https:\\\/\\\/schema.org\",\"@graph\":[{\"@type\":\"Article\",\"@id\":\"https:\\\/\\\/www.univ-guyane.fr\\\/2020\\\/03\\\/05\\\/accueil-dune-delegation-de-luniversite-cheikh-anta-diop-de-dakar\\\/#article\",\"isPartOf\":{\"@id\":\"https:\\\/\\\/www.univ-guyane.fr\\\/2020\\\/03\\\/05\\\/accueil-dune-delegation-de-luniversite-cheikh-anta-diop-de-dakar\\\/\"},\"author\":{\"name\":\"Erick Loiti\u00e8re\",\"@id\":\"https:\\\/\\\/www.univ-guyane.fr\\\/#\\\/schema\\\/person\\\/86d946a28a8be51bb096ccfdf19db179\"},\"headline\":\"Accueil d\u2019une d\u00e9l\u00e9gation de l\u2019Universit\u00e9 Cheikh Anta Diop de Dakar\",\"datePublished\":\"2020-03-05T18:39:36+00:00\",\"dateModified\":\"2024-06-18T18:45:41+00:00\",\"mainEntityOfPage\":{\"@id\":\"https:\\\/\\\/www.univ-guyane.fr\\\/2020\\\/03\\\/05\\\/accueil-dune-delegation-de-luniversite-cheikh-anta-diop-de-dakar\\\/\"},\"wordCount\":690,\"publisher\":{\"@id\":\"https:\\\/\\\/www.univ-guyane.fr\\\/#organization\"},\"image\":{\"@id\":\"https:\\\/\\\/www.univ-guyane.fr\\\/2020\\\/03\\\/05\\\/accueil-dune-delegation-de-luniversite-cheikh-anta-diop-de-dakar\\\/#primaryimage\"},\"thumbnailUrl\":\"https:\\\/\\\/www.univ-guyane.fr\\\/wp-content\\\/uploads\\\/visite-delegation-UCAD-LUniversite-Cheikh-Anta-Diop-de-Dakar.jpeg\",\"articleSection\":[\"\u2022 IUT\",\"\u2022 LSH\",\"\u2022 Universit\u00e9\"],\"inLanguage\":\"es\"},{\"@type\":\"WebPage\",\"@id\":\"https:\\\/\\\/www.univ-guyane.fr\\\/2020\\\/03\\\/05\\\/accueil-dune-delegation-de-luniversite-cheikh-anta-diop-de-dakar\\\/\",\"url\":\"https:\\\/\\\/www.univ-guyane.fr\\\/2020\\\/03\\\/05\\\/accueil-dune-delegation-de-luniversite-cheikh-anta-diop-de-dakar\\\/\",\"name\":\"Accueil d\u2019une d\u00e9l\u00e9gation de l\u2019Universit\u00e9 Cheikh Anta Diop de Dakar &#8212; Universit\u00e9 de Guyane\",\"isPartOf\":{\"@id\":\"https:\\\/\\\/www.univ-guyane.fr\\\/#website\"},\"primaryImageOfPage\":{\"@id\":\"https:\\\/\\\/www.univ-guyane.fr\\\/2020\\\/03\\\/05\\\/accueil-dune-delegation-de-luniversite-cheikh-anta-diop-de-dakar\\\/#primaryimage\"},\"image\":{\"@id\":\"https:\\\/\\\/www.univ-guyane.fr\\\/2020\\\/03\\\/05\\\/accueil-dune-delegation-de-luniversite-cheikh-anta-diop-de-dakar\\\/#primaryimage\"},\"thumbnailUrl\":\"https:\\\/\\\/www.univ-guyane.fr\\\/wp-content\\\/uploads\\\/visite-delegation-UCAD-LUniversite-Cheikh-Anta-Diop-de-Dakar.jpeg\",\"datePublished\":\"2020-03-05T18:39:36+00:00\",\"dateModified\":\"2024-06-18T18:45:41+00:00\",\"description\":\"D\u00e9couvrez le partenariat entre l'Universit\u00e9 Cheik Anta Diop de Dakar et l'Universit\u00e9 de Guyane pour des \u00e9changes \u00e9tudiants et enseignants.\",\"breadcrumb\":{\"@id\":\"https:\\\/\\\/www.univ-guyane.fr\\\/2020\\\/03\\\/05\\\/accueil-dune-delegation-de-luniversite-cheikh-anta-diop-de-dakar\\\/#breadcrumb\"},\"inLanguage\":\"es\",\"potentialAction\":[{\"@type\":\"ReadAction\",\"target\":[\"https:\\\/\\\/www.univ-guyane.fr\\\/2020\\\/03\\\/05\\\/accueil-dune-delegation-de-luniversite-cheikh-anta-diop-de-dakar\\\/\"]}]},{\"@type\":\"ImageObject\",\"inLanguage\":\"es\",\"@id\":\"https:\\\/\\\/www.univ-guyane.fr\\\/2020\\\/03\\\/05\\\/accueil-dune-delegation-de-luniversite-cheikh-anta-diop-de-dakar\\\/#primaryimage\",\"url\":\"https:\\\/\\\/www.univ-guyane.fr\\\/wp-content\\\/uploads\\\/visite-delegation-UCAD-LUniversite-Cheikh-Anta-Diop-de-Dakar.jpeg\",\"contentUrl\":\"https:\\\/\\\/www.univ-guyane.fr\\\/wp-content\\\/uploads\\\/visite-delegation-UCAD-LUniversite-Cheikh-Anta-Diop-de-Dakar.jpeg\",\"width\":1024,\"height\":556,\"caption\":\"Accueil d\u2019une d\u00e9l\u00e9gation de l\u2019Universit\u00e9 Cheikh Anta Diop de Dakar\"},{\"@type\":\"BreadcrumbList\",\"@id\":\"https:\\\/\\\/www.univ-guyane.fr\\\/2020\\\/03\\\/05\\\/accueil-dune-delegation-de-luniversite-cheikh-anta-diop-de-dakar\\\/#breadcrumb\",\"itemListElement\":[{\"@type\":\"ListItem\",\"position\":1,\"name\":\"Accueil\",\"item\":\"https:\\\/\\\/www.univ-guyane.fr\\\/\"},{\"@type\":\"ListItem\",\"position\":2,\"name\":\"Accueil d\u2019une d\u00e9l\u00e9gation de l\u2019Universit\u00e9 Cheikh Anta Diop de Dakar\"}]},{\"@type\":\"WebSite\",\"@id\":\"https:\\\/\\\/www.univ-guyane.fr\\\/#website\",\"url\":\"https:\\\/\\\/www.univ-guyane.fr\\\/\",\"name\":\"Universit\u00e9 de Guyane\",\"description\":\"Au c\u0153ur de l&#039;amazonie\",\"publisher\":{\"@id\":\"https:\\\/\\\/www.univ-guyane.fr\\\/#organization\"},\"alternateName\":\"UG\",\"potentialAction\":[{\"@type\":\"SearchAction\",\"target\":{\"@type\":\"EntryPoint\",\"urlTemplate\":\"https:\\\/\\\/www.univ-guyane.fr\\\/?s={search_term_string}\"},\"query-input\":{\"@type\":\"PropertyValueSpecification\",\"valueRequired\":true,\"valueName\":\"search_term_string\"}}],\"inLanguage\":\"es\"},{\"@type\":\"Organization\",\"@id\":\"https:\\\/\\\/www.univ-guyane.fr\\\/#organization\",\"name\":\"Universit\u00e9 de Guyane\",\"alternateName\":\"UG\",\"url\":\"https:\\\/\\\/www.univ-guyane.fr\\\/\",\"logo\":{\"@type\":\"ImageObject\",\"inLanguage\":\"es\",\"@id\":\"https:\\\/\\\/www.univ-guyane.fr\\\/#\\\/schema\\\/logo\\\/image\\\/\",\"url\":\"https:\\\/\\\/www.univ-guyane.fr\\\/wp-content\\\/uploads\\\/2024\\\/05\\\/f.png\",\"contentUrl\":\"https:\\\/\\\/www.univ-guyane.fr\\\/wp-content\\\/uploads\\\/2024\\\/05\\\/f.png\",\"width\":1024,\"height\":1024,\"caption\":\"Universit\u00e9 de Guyane\"},\"image\":{\"@id\":\"https:\\\/\\\/www.univ-guyane.fr\\\/#\\\/schema\\\/logo\\\/image\\\/\"},\"sameAs\":[\"https:\\\/\\\/www.facebook.com\\\/univguyane\",\"https:\\\/\\\/x.com\\\/univguyane\",\"https:\\\/\\\/gf.linkedin.com\\\/school\\\/universite-de-guyane\\\/\",\"https:\\\/\\\/www.instagram.com\\\/univ_guyane\\\/\"]},{\"@type\":\"Person\",\"@id\":\"https:\\\/\\\/www.univ-guyane.fr\\\/#\\\/schema\\\/person\\\/86d946a28a8be51bb096ccfdf19db179\",\"name\":\"Erick Loiti\u00e8re\",\"image\":{\"@type\":\"ImageObject\",\"inLanguage\":\"es\",\"@id\":\"https:\\\/\\\/secure.gravatar.com\\\/avatar\\\/0584f332103fbeaf37e52c73b15dca3c547fd9300deb05764e9ad8714839d072?s=96&d=robohash&r=g\",\"url\":\"https:\\\/\\\/secure.gravatar.com\\\/avatar\\\/0584f332103fbeaf37e52c73b15dca3c547fd9300deb05764e9ad8714839d072?s=96&d=robohash&r=g\",\"contentUrl\":\"https:\\\/\\\/secure.gravatar.com\\\/avatar\\\/0584f332103fbeaf37e52c73b15dca3c547fd9300deb05764e9ad8714839d072?s=96&d=robohash&r=g\",\"caption\":\"Erick Loiti\u00e8re\"},\"sameAs\":[\"http:\\\/\\\/www.univ-guyane.fr\"],\"url\":\"https:\\\/\\\/www.univ-guyane.fr\\\/es\\\/author\\\/eloitierdbz\\\/\"}]}<\/script>\n<!-- \/ Yoast SEO plugin. -->","yoast_head_json":{"title":"Accueil d\u2019une d\u00e9l\u00e9gation de l\u2019Universit\u00e9 Cheikh Anta Diop de Dakar &#8212; Universit\u00e9 de Guyane","description":"D\u00e9couvrez le partenariat entre l'Universit\u00e9 Cheik Anta Diop de Dakar et l'Universit\u00e9 de Guyane pour des \u00e9changes \u00e9tudiants et enseignants.","robots":{"index":"index","follow":"follow","max-snippet":"max-snippet:-1","max-image-preview":"max-image-preview:large","max-video-preview":"max-video-preview:-1"},"canonical":"https:\/\/www.univ-guyane.fr\/es\/2020\/03\/05\/accueil-dune-delegation-de-luniversite-cheikh-anta-diop-de-dakar\/","og_locale":"es_ES","og_type":"article","og_title":"Accueil d\u2019une d\u00e9l\u00e9gation de l\u2019Universit\u00e9 Cheikh Anta Diop de Dakar &#8212; Universit\u00e9 de Guyane","og_description":"D\u00e9couvrez le partenariat entre l'Universit\u00e9 Cheik Anta Diop de Dakar et l'Universit\u00e9 de Guyane pour des \u00e9changes \u00e9tudiants et enseignants.","og_url":"https:\/\/www.univ-guyane.fr\/es\/2020\/03\/05\/accueil-dune-delegation-de-luniversite-cheikh-anta-diop-de-dakar\/","og_site_name":"Universit\u00e9 de Guyane","article_publisher":"https:\/\/www.facebook.com\/univguyane","article_published_time":"2020-03-05T18:39:36+00:00","article_modified_time":"2024-06-18T18:45:41+00:00","og_image":[{"width":1024,"height":556,"url":"https:\/\/www.univ-guyane.fr\/wp-content\/uploads\/visite-delegation-UCAD-LUniversite-Cheikh-Anta-Diop-de-Dakar.jpeg","type":"image\/jpeg"}],"author":"Erick Loiti\u00e8re","twitter_card":"summary_large_image","twitter_creator":"@univguyane","twitter_site":"@univguyane","twitter_misc":{"Escrito por":"Erick Loiti\u00e8re","Tiempo de lectura":"3 minutos"},"schema":{"@context":"https:\/\/schema.org","@graph":[{"@type":"Article","@id":"https:\/\/www.univ-guyane.fr\/2020\/03\/05\/accueil-dune-delegation-de-luniversite-cheikh-anta-diop-de-dakar\/#article","isPartOf":{"@id":"https:\/\/www.univ-guyane.fr\/2020\/03\/05\/accueil-dune-delegation-de-luniversite-cheikh-anta-diop-de-dakar\/"},"author":{"name":"Erick Loiti\u00e8re","@id":"https:\/\/www.univ-guyane.fr\/#\/schema\/person\/86d946a28a8be51bb096ccfdf19db179"},"headline":"Accueil d\u2019une d\u00e9l\u00e9gation de l\u2019Universit\u00e9 Cheikh Anta Diop de Dakar","datePublished":"2020-03-05T18:39:36+00:00","dateModified":"2024-06-18T18:45:41+00:00","mainEntityOfPage":{"@id":"https:\/\/www.univ-guyane.fr\/2020\/03\/05\/accueil-dune-delegation-de-luniversite-cheikh-anta-diop-de-dakar\/"},"wordCount":690,"publisher":{"@id":"https:\/\/www.univ-guyane.fr\/#organization"},"image":{"@id":"https:\/\/www.univ-guyane.fr\/2020\/03\/05\/accueil-dune-delegation-de-luniversite-cheikh-anta-diop-de-dakar\/#primaryimage"},"thumbnailUrl":"https:\/\/www.univ-guyane.fr\/wp-content\/uploads\/visite-delegation-UCAD-LUniversite-Cheikh-Anta-Diop-de-Dakar.jpeg","articleSection":["\u2022 IUT","\u2022 LSH","\u2022 Universit\u00e9"],"inLanguage":"es"},{"@type":"WebPage","@id":"https:\/\/www.univ-guyane.fr\/2020\/03\/05\/accueil-dune-delegation-de-luniversite-cheikh-anta-diop-de-dakar\/","url":"https:\/\/www.univ-guyane.fr\/2020\/03\/05\/accueil-dune-delegation-de-luniversite-cheikh-anta-diop-de-dakar\/","name":"Accueil d\u2019une d\u00e9l\u00e9gation de l\u2019Universit\u00e9 Cheikh Anta Diop de Dakar &#8212; Universit\u00e9 de Guyane","isPartOf":{"@id":"https:\/\/www.univ-guyane.fr\/#website"},"primaryImageOfPage":{"@id":"https:\/\/www.univ-guyane.fr\/2020\/03\/05\/accueil-dune-delegation-de-luniversite-cheikh-anta-diop-de-dakar\/#primaryimage"},"image":{"@id":"https:\/\/www.univ-guyane.fr\/2020\/03\/05\/accueil-dune-delegation-de-luniversite-cheikh-anta-diop-de-dakar\/#primaryimage"},"thumbnailUrl":"https:\/\/www.univ-guyane.fr\/wp-content\/uploads\/visite-delegation-UCAD-LUniversite-Cheikh-Anta-Diop-de-Dakar.jpeg","datePublished":"2020-03-05T18:39:36+00:00","dateModified":"2024-06-18T18:45:41+00:00","description":"D\u00e9couvrez le partenariat entre l'Universit\u00e9 Cheik Anta Diop de Dakar et l'Universit\u00e9 de Guyane pour des \u00e9changes \u00e9tudiants et enseignants.","breadcrumb":{"@id":"https:\/\/www.univ-guyane.fr\/2020\/03\/05\/accueil-dune-delegation-de-luniversite-cheikh-anta-diop-de-dakar\/#breadcrumb"},"inLanguage":"es","potentialAction":[{"@type":"ReadAction","target":["https:\/\/www.univ-guyane.fr\/2020\/03\/05\/accueil-dune-delegation-de-luniversite-cheikh-anta-diop-de-dakar\/"]}]},{"@type":"ImageObject","inLanguage":"es","@id":"https:\/\/www.univ-guyane.fr\/2020\/03\/05\/accueil-dune-delegation-de-luniversite-cheikh-anta-diop-de-dakar\/#primaryimage","url":"https:\/\/www.univ-guyane.fr\/wp-content\/uploads\/visite-delegation-UCAD-LUniversite-Cheikh-Anta-Diop-de-Dakar.jpeg","contentUrl":"https:\/\/www.univ-guyane.fr\/wp-content\/uploads\/visite-delegation-UCAD-LUniversite-Cheikh-Anta-Diop-de-Dakar.jpeg","width":1024,"height":556,"caption":"Accueil d\u2019une d\u00e9l\u00e9gation de l\u2019Universit\u00e9 Cheikh Anta Diop de Dakar"},{"@type":"BreadcrumbList","@id":"https:\/\/www.univ-guyane.fr\/2020\/03\/05\/accueil-dune-delegation-de-luniversite-cheikh-anta-diop-de-dakar\/#breadcrumb","itemListElement":[{"@type":"ListItem","position":1,"name":"Accueil","item":"https:\/\/www.univ-guyane.fr\/"},{"@type":"ListItem","position":2,"name":"Accueil d\u2019une d\u00e9l\u00e9gation de l\u2019Universit\u00e9 Cheikh Anta Diop de Dakar"}]},{"@type":"WebSite","@id":"https:\/\/www.univ-guyane.fr\/#website","url":"https:\/\/www.univ-guyane.fr\/","name":"Universidad de Guyana","description":"En el coraz\u00f3n de la Amazonia","publisher":{"@id":"https:\/\/www.univ-guyane.fr\/#organization"},"alternateName":"UG","potentialAction":[{"@type":"SearchAction","target":{"@type":"EntryPoint","urlTemplate":"https:\/\/www.univ-guyane.fr\/?s={search_term_string}"},"query-input":{"@type":"PropertyValueSpecification","valueRequired":true,"valueName":"search_term_string"}}],"inLanguage":"es"},{"@type":"Organization","@id":"https:\/\/www.univ-guyane.fr\/#organization","name":"Universidad de Guyana","alternateName":"UG","url":"https:\/\/www.univ-guyane.fr\/","logo":{"@type":"ImageObject","inLanguage":"es","@id":"https:\/\/www.univ-guyane.fr\/#\/schema\/logo\/image\/","url":"https:\/\/www.univ-guyane.fr\/wp-content\/uploads\/2024\/05\/f.png","contentUrl":"https:\/\/www.univ-guyane.fr\/wp-content\/uploads\/2024\/05\/f.png","width":1024,"height":1024,"caption":"Universit\u00e9 de Guyane"},"image":{"@id":"https:\/\/www.univ-guyane.fr\/#\/schema\/logo\/image\/"},"sameAs":["https:\/\/www.facebook.com\/univguyane","https:\/\/x.com\/univguyane","https:\/\/gf.linkedin.com\/school\/universite-de-guyane\/","https:\/\/www.instagram.com\/univ_guyane\/"]},{"@type":"Person","@id":"https:\/\/www.univ-guyane.fr\/#\/schema\/person\/86d946a28a8be51bb096ccfdf19db179","name":"Erick Loiti\u00e8re","image":{"@type":"ImageObject","inLanguage":"es","@id":"https:\/\/secure.gravatar.com\/avatar\/0584f332103fbeaf37e52c73b15dca3c547fd9300deb05764e9ad8714839d072?s=96&d=robohash&r=g","url":"https:\/\/secure.gravatar.com\/avatar\/0584f332103fbeaf37e52c73b15dca3c547fd9300deb05764e9ad8714839d072?s=96&d=robohash&r=g","contentUrl":"https:\/\/secure.gravatar.com\/avatar\/0584f332103fbeaf37e52c73b15dca3c547fd9300deb05764e9ad8714839d072?s=96&d=robohash&r=g","caption":"Erick Loiti\u00e8re"},"sameAs":["http:\/\/www.univ-guyane.fr"],"url":"https:\/\/www.univ-guyane.fr\/es\/author\/eloitierdbz\/"}]}},"_links":{"self":[{"href":"https:\/\/www.univ-guyane.fr\/es\/wp-json\/wp\/v2\/posts\/8698","targetHints":{"allow":["GET"]}}],"collection":[{"href":"https:\/\/www.univ-guyane.fr\/es\/wp-json\/wp\/v2\/posts"}],"about":[{"href":"https:\/\/www.univ-guyane.fr\/es\/wp-json\/wp\/v2\/types\/post"}],"author":[{"embeddable":true,"href":"https:\/\/www.univ-guyane.fr\/es\/wp-json\/wp\/v2\/users\/1"}],"replies":[{"embeddable":true,"href":"https:\/\/www.univ-guyane.fr\/es\/wp-json\/wp\/v2\/comments?post=8698"}],"version-history":[{"count":1,"href":"https:\/\/www.univ-guyane.fr\/es\/wp-json\/wp\/v2\/posts\/8698\/revisions"}],"predecessor-version":[{"id":8699,"href":"https:\/\/www.univ-guyane.fr\/es\/wp-json\/wp\/v2\/posts\/8698\/revisions\/8699"}],"wp:featuredmedia":[{"embeddable":true,"href":"https:\/\/www.univ-guyane.fr\/es\/wp-json\/wp\/v2\/media\/8700"}],"wp:attachment":[{"href":"https:\/\/www.univ-guyane.fr\/es\/wp-json\/wp\/v2\/media?parent=8698"}],"wp:term":[{"taxonomy":"category","embeddable":true,"href":"https:\/\/www.univ-guyane.fr\/es\/wp-json\/wp\/v2\/categories?post=8698"},{"taxonomy":"post_tag","embeddable":true,"href":"https:\/\/www.univ-guyane.fr\/es\/wp-json\/wp\/v2\/tags?post=8698"}],"curies":[{"name":"wp","href":"https:\/\/api.w.org\/{rel}","templated":true}]}}