{"id":8842,"date":"2022-09-08T09:50:42","date_gmt":"2022-09-08T12:50:42","guid":{"rendered":"https:\/\/www.univ-guyane.fr\/?p=8842"},"modified":"2024-06-20T09:54:32","modified_gmt":"2024-06-20T12:54:32","slug":"2emes-assises-internationales-du-carnaval-guyanais","status":"publish","type":"post","link":"https:\/\/www.univ-guyane.fr\/es\/2022\/09\/08\/2emes-assises-internationales-du-carnaval-guyanais\/","title":{"rendered":"2\u00aa Conferencia Internacional del Carnaval de Guayana"},"content":{"rendered":"<div id=\"fws_69f4a97219c7a\"  data-column-margin=\"default\" data-midnight=\"dark\"  class=\"wpb_row vc_row-fluid vc_row\"  style=\"padding-top: 0px; padding-bottom: 0px; \"><div class=\"row-bg-wrap\" data-bg-animation=\"none\" data-bg-animation-delay=\"\" data-bg-overlay=\"false\"><div class=\"inner-wrap row-bg-layer\" ><div class=\"row-bg viewport-desktop\"  style=\"\"><\/div><\/div><\/div><div class=\"row_col_wrap_12 col span_12 dark left\">\n\t<div  class=\"vc_col-sm-12 wpb_column column_container vc_column_container col no-extra-padding inherit_tablet inherit_phone\"  data-padding-pos=\"all\" data-has-bg-color=\"false\" data-bg-color=\"\" data-bg-opacity=\"1\" data-animation=\"\" data-delay=\"0\" >\n\t\t<div class=\"vc_column-inner\" >\n\t\t\t<div class=\"wpb_wrapper\">\n\t\t\t\t\n<div class=\"wpb_text_column wpb_content_element  chapo\" >\n\t<h2>El Observatoire R\u00e9gional du Carnaval Guyanais (ORCG) organiza la segunda edici\u00f3n de las Assises internationales du carnaval guyanais, el viernes 30 de septiembre y el s\u00e1bado 1 de octubre, en el auditorio ENCRE de Cayena. El acto, abierto a todos, se retransmitir\u00e1 tambi\u00e9n en directo a trav\u00e9s de las p\u00e1ginas de Facebook de la Universidad de Guayana Francesa y de la Colectividad Territorial de Guayana.<\/h2>\n<\/div>\n\n\n\n\n<div class=\"wpb_text_column wpb_content_element\" >\n\t<p><span class=\"nectar-dropcap\" >\u00c9 <\/span>l Carnaval de Guayana Francesa es una parte importante del patrimonio de Guyana y una herramienta de cohesi\u00f3n social que re\u00fane a las diferentes culturas de la poblaci\u00f3n. Contribuye a la promoci\u00f3n del turismo en Guayana Francesa, as\u00ed como a su desarrollo econ\u00f3mico. Es un momento en el que el arte, la creatividad y la imaginaci\u00f3n se combinan con la tradici\u00f3n para crear una serie de festividades \u00fanicas en la Guayana Francesa. El Carnaval de la Guayana Francesa es un momento de socializaci\u00f3n que requiere preparaci\u00f3n tanto para el cuerpo como para la mente. Este acontecimiento l\u00fadico, que combina rituales y gasto de energ\u00eda, requiere una comprensi\u00f3n de las dimensiones f\u00edsicas, psicol\u00f3gicas y espirituales asociadas a \u00e9l.<\/p>\n<h3><strong>Una segunda edici\u00f3n bajo el lema de la salud<\/strong><\/h3>\n<p>La segunda edici\u00f3n de las Assises du Carnaval guyanais movilizar\u00e1 los conocimientos asociados a la Salud. Los debates entre el p\u00fablico, los agentes culturales, las asociaciones, los socioprofesionales, las instituciones y los universitarios permitir\u00e1n elaborar propuestas concretas, colectivas y constructivas para las pol\u00edticas p\u00fablicas y los carnavaleros. Ello permitir\u00e1 examinar y comprender mejor las cuestiones relacionadas con la actividad f\u00edsica, as\u00ed como la utilizaci\u00f3n de los recursos alimentarios y el uso de la farmacopea guayanesa durante el periodo carnavalesco. Tambi\u00e9n permitir\u00e1 comprender la evoluci\u00f3n de estas pr\u00e1cticas y las distintas influencias que han sufrido (movimientos transfronterizos, globalizaci\u00f3n).<\/p>\n<p>Se proponen cinco l\u00edneas de pensamiento:<\/p>\n<p>Tema 1: Carnaval y salud (f\u00edsica, mental y psicosocial)<br \/>\nTema 2: Carnaval y actividades f\u00edsicas<br \/>\nTema 3: Carnaval y nutrici\u00f3n<br \/>\nTema 4: Carnaval y rituales (productos farmac\u00e9uticos y farmacopea)<br \/>\nTema 5: Carnaval y creencias<\/p>\n<h3><strong>Presentaci\u00f3n de las personalidades y organismos invitados<\/strong><\/h3>\n<p><strong>Marcel ZOUNON,<\/strong> Presidente de la asociaci\u00f3n Towara B\u00e9nin. Director del conjunto art\u00edstico nacional de Ben\u00edn. Representante para \u00c1frica Occidental en el Consejo Internacional de Festivales de Folclore y Artes Tradicionales (CIOFF) de la UNESCO. Profesor en el Instituto Nacional de M\u00e9todos de Arte, Arqueolog\u00eda y Cultura (INMAAC) de la Universidad de Abomey Calavi (Ben\u00edn).<\/p>\n<p><strong>Feliz Koffi GOUDOU<\/strong>,<br \/>\nAdministradora\/Gerente de Patrimonio e Industrias Culturales Periodista cultural. Responsable de comunicaci\u00f3n del Conjunto Art\u00edstico Nacional de Ben\u00edn.<\/p>\n<p><strong>Profesores de la Universidad Anton de Kom de Surinam y de la Universidad de Guyana<\/strong>,<br \/>\nen el marco de la cooperaci\u00f3n entre las universidades de la Meseta de Guayana (departamentos de Humanidades y Ciencias Sociales)<\/p>\n<p>Descargar el programa <a href=\"https:\/\/web.archive.org\/web\/20220925084711\/https:\/\/www.dropbox.com\/s\/qwfxdz2pjqe6qbr\/Programme-Assises-v2022-FR.pdf?dl=0\">aqu\u00ed<\/a><strong>.<\/strong><\/p>\n<\/div>\n\n\n\n\n\t\t\t<\/div> \n\t\t<\/div>\n\t<\/div> \n<\/div><\/div>","protected":false},"excerpt":{"rendered":"El Observatoire R\u00e9gional du Carnaval Guyanais (ORCG) organiza la segunda edici\u00f3n de las Assises internationales du carnaval...","protected":false},"author":1,"featured_media":8843,"comment_status":"closed","ping_status":"open","sticky":false,"template":"","format":"standard","meta":{"iawp_total_views":37,"footnotes":""},"categories":[187],"tags":[],"class_list":{"0":"post-8842","1":"post","2":"type-post","3":"status-publish","4":"format-standard","5":"has-post-thumbnail","7":"category-minea"},"yoast_head":"<!-- This site is optimized with the Yoast SEO plugin v27.5 - https:\/\/yoast.com\/product\/yoast-seo-wordpress\/ -->\n<title>2\u00e8mes assises internationales du Carnaval Guyanais &#8212; Universit\u00e9 de Guyane<\/title>\n<meta name=\"description\" content=\"D\u00e9couvrez la richesse du carnaval guyanais, un \u00e9v\u00e9nement culturel embl\u00e9matique m\u00e9langeant art, cr\u00e9ativit\u00e9 et tradition.\" \/>\n<meta name=\"robots\" content=\"index, follow, max-snippet:-1, max-image-preview:large, max-video-preview:-1\" \/>\n<link rel=\"canonical\" href=\"https:\/\/www.univ-guyane.fr\/es\/2022\/09\/08\/2emes-assises-internationales-du-carnaval-guyanais\/\" \/>\n<meta property=\"og:locale\" content=\"es_ES\" \/>\n<meta property=\"og:type\" content=\"article\" \/>\n<meta property=\"og:title\" content=\"2\u00e8mes assises internationales du Carnaval Guyanais &#8212; Universit\u00e9 de Guyane\" \/>\n<meta property=\"og:description\" content=\"D\u00e9couvrez la richesse du carnaval guyanais, un \u00e9v\u00e9nement culturel embl\u00e9matique m\u00e9langeant art, cr\u00e9ativit\u00e9 et tradition.\" \/>\n<meta property=\"og:url\" content=\"https:\/\/www.univ-guyane.fr\/es\/2022\/09\/08\/2emes-assises-internationales-du-carnaval-guyanais\/\" \/>\n<meta property=\"og:site_name\" content=\"Universit\u00e9 de Guyane\" \/>\n<meta property=\"article:publisher\" content=\"https:\/\/www.facebook.com\/univguyane\" \/>\n<meta property=\"article:published_time\" content=\"2022-09-08T12:50:42+00:00\" \/>\n<meta property=\"article:modified_time\" content=\"2024-06-20T12:54:32+00:00\" \/>\n<meta property=\"og:image\" content=\"https:\/\/www.univ-guyane.fr\/wp-content\/uploads\/2e-assises-intl-du-carnaval-guyanais-universite-de-guyane.jpg\" \/>\n\t<meta property=\"og:image:width\" content=\"1700\" \/>\n\t<meta property=\"og:image:height\" content=\"1041\" \/>\n\t<meta property=\"og:image:type\" content=\"image\/jpeg\" \/>\n<meta name=\"author\" content=\"Erick Loiti\u00e8re\" \/>\n<meta name=\"twitter:card\" content=\"summary_large_image\" \/>\n<meta name=\"twitter:creator\" content=\"@univguyane\" \/>\n<meta name=\"twitter:site\" content=\"@univguyane\" \/>\n<meta name=\"twitter:label1\" content=\"Escrito por\" \/>\n\t<meta name=\"twitter:data1\" content=\"Erick Loiti\u00e8re\" \/>\n\t<meta name=\"twitter:label2\" content=\"Tiempo de lectura\" \/>\n\t<meta name=\"twitter:data2\" content=\"3 minutos\" \/>\n<script type=\"application\/ld+json\" class=\"yoast-schema-graph\">{\"@context\":\"https:\\\/\\\/schema.org\",\"@graph\":[{\"@type\":\"Article\",\"@id\":\"https:\\\/\\\/www.univ-guyane.fr\\\/2022\\\/09\\\/08\\\/2emes-assises-internationales-du-carnaval-guyanais\\\/#article\",\"isPartOf\":{\"@id\":\"https:\\\/\\\/www.univ-guyane.fr\\\/2022\\\/09\\\/08\\\/2emes-assises-internationales-du-carnaval-guyanais\\\/\"},\"author\":{\"name\":\"Erick Loiti\u00e8re\",\"@id\":\"https:\\\/\\\/www.univ-guyane.fr\\\/#\\\/schema\\\/person\\\/86d946a28a8be51bb096ccfdf19db179\"},\"headline\":\"2\u00e8mes assises internationales du Carnaval Guyanais\",\"datePublished\":\"2022-09-08T12:50:42+00:00\",\"dateModified\":\"2024-06-20T12:54:32+00:00\",\"mainEntityOfPage\":{\"@id\":\"https:\\\/\\\/www.univ-guyane.fr\\\/2022\\\/09\\\/08\\\/2emes-assises-internationales-du-carnaval-guyanais\\\/\"},\"wordCount\":705,\"publisher\":{\"@id\":\"https:\\\/\\\/www.univ-guyane.fr\\\/#organization\"},\"image\":{\"@id\":\"https:\\\/\\\/www.univ-guyane.fr\\\/2022\\\/09\\\/08\\\/2emes-assises-internationales-du-carnaval-guyanais\\\/#primaryimage\"},\"thumbnailUrl\":\"https:\\\/\\\/www.univ-guyane.fr\\\/wp-content\\\/uploads\\\/2e-assises-intl-du-carnaval-guyanais-universite-de-guyane.jpg\",\"articleSection\":[\"\u2022\u00a0MINEA\"],\"inLanguage\":\"es\"},{\"@type\":\"WebPage\",\"@id\":\"https:\\\/\\\/www.univ-guyane.fr\\\/2022\\\/09\\\/08\\\/2emes-assises-internationales-du-carnaval-guyanais\\\/\",\"url\":\"https:\\\/\\\/www.univ-guyane.fr\\\/2022\\\/09\\\/08\\\/2emes-assises-internationales-du-carnaval-guyanais\\\/\",\"name\":\"2\u00e8mes assises internationales du Carnaval Guyanais &#8212; Universit\u00e9 de Guyane\",\"isPartOf\":{\"@id\":\"https:\\\/\\\/www.univ-guyane.fr\\\/#website\"},\"primaryImageOfPage\":{\"@id\":\"https:\\\/\\\/www.univ-guyane.fr\\\/2022\\\/09\\\/08\\\/2emes-assises-internationales-du-carnaval-guyanais\\\/#primaryimage\"},\"image\":{\"@id\":\"https:\\\/\\\/www.univ-guyane.fr\\\/2022\\\/09\\\/08\\\/2emes-assises-internationales-du-carnaval-guyanais\\\/#primaryimage\"},\"thumbnailUrl\":\"https:\\\/\\\/www.univ-guyane.fr\\\/wp-content\\\/uploads\\\/2e-assises-intl-du-carnaval-guyanais-universite-de-guyane.jpg\",\"datePublished\":\"2022-09-08T12:50:42+00:00\",\"dateModified\":\"2024-06-20T12:54:32+00:00\",\"description\":\"D\u00e9couvrez la richesse du carnaval guyanais, un \u00e9v\u00e9nement culturel embl\u00e9matique m\u00e9langeant art, cr\u00e9ativit\u00e9 et tradition.\",\"breadcrumb\":{\"@id\":\"https:\\\/\\\/www.univ-guyane.fr\\\/2022\\\/09\\\/08\\\/2emes-assises-internationales-du-carnaval-guyanais\\\/#breadcrumb\"},\"inLanguage\":\"es\",\"potentialAction\":[{\"@type\":\"ReadAction\",\"target\":[\"https:\\\/\\\/www.univ-guyane.fr\\\/2022\\\/09\\\/08\\\/2emes-assises-internationales-du-carnaval-guyanais\\\/\"]}]},{\"@type\":\"ImageObject\",\"inLanguage\":\"es\",\"@id\":\"https:\\\/\\\/www.univ-guyane.fr\\\/2022\\\/09\\\/08\\\/2emes-assises-internationales-du-carnaval-guyanais\\\/#primaryimage\",\"url\":\"https:\\\/\\\/www.univ-guyane.fr\\\/wp-content\\\/uploads\\\/2e-assises-intl-du-carnaval-guyanais-universite-de-guyane.jpg\",\"contentUrl\":\"https:\\\/\\\/www.univ-guyane.fr\\\/wp-content\\\/uploads\\\/2e-assises-intl-du-carnaval-guyanais-universite-de-guyane.jpg\",\"width\":1700,\"height\":1041,\"caption\":\"2\u00e8mes assises internationales du Carnaval Guyanais\"},{\"@type\":\"BreadcrumbList\",\"@id\":\"https:\\\/\\\/www.univ-guyane.fr\\\/2022\\\/09\\\/08\\\/2emes-assises-internationales-du-carnaval-guyanais\\\/#breadcrumb\",\"itemListElement\":[{\"@type\":\"ListItem\",\"position\":1,\"name\":\"Accueil\",\"item\":\"https:\\\/\\\/www.univ-guyane.fr\\\/\"},{\"@type\":\"ListItem\",\"position\":2,\"name\":\"2\u00e8mes assises internationales du Carnaval Guyanais\"}]},{\"@type\":\"WebSite\",\"@id\":\"https:\\\/\\\/www.univ-guyane.fr\\\/#website\",\"url\":\"https:\\\/\\\/www.univ-guyane.fr\\\/\",\"name\":\"Universit\u00e9 de Guyane\",\"description\":\"Au c\u0153ur de l&#039;amazonie\",\"publisher\":{\"@id\":\"https:\\\/\\\/www.univ-guyane.fr\\\/#organization\"},\"alternateName\":\"UG\",\"potentialAction\":[{\"@type\":\"SearchAction\",\"target\":{\"@type\":\"EntryPoint\",\"urlTemplate\":\"https:\\\/\\\/www.univ-guyane.fr\\\/?s={search_term_string}\"},\"query-input\":{\"@type\":\"PropertyValueSpecification\",\"valueRequired\":true,\"valueName\":\"search_term_string\"}}],\"inLanguage\":\"es\"},{\"@type\":\"Organization\",\"@id\":\"https:\\\/\\\/www.univ-guyane.fr\\\/#organization\",\"name\":\"Universit\u00e9 de Guyane\",\"alternateName\":\"UG\",\"url\":\"https:\\\/\\\/www.univ-guyane.fr\\\/\",\"logo\":{\"@type\":\"ImageObject\",\"inLanguage\":\"es\",\"@id\":\"https:\\\/\\\/www.univ-guyane.fr\\\/#\\\/schema\\\/logo\\\/image\\\/\",\"url\":\"https:\\\/\\\/www.univ-guyane.fr\\\/wp-content\\\/uploads\\\/2024\\\/05\\\/f.png\",\"contentUrl\":\"https:\\\/\\\/www.univ-guyane.fr\\\/wp-content\\\/uploads\\\/2024\\\/05\\\/f.png\",\"width\":1024,\"height\":1024,\"caption\":\"Universit\u00e9 de Guyane\"},\"image\":{\"@id\":\"https:\\\/\\\/www.univ-guyane.fr\\\/#\\\/schema\\\/logo\\\/image\\\/\"},\"sameAs\":[\"https:\\\/\\\/www.facebook.com\\\/univguyane\",\"https:\\\/\\\/x.com\\\/univguyane\",\"https:\\\/\\\/gf.linkedin.com\\\/school\\\/universite-de-guyane\\\/\",\"https:\\\/\\\/www.instagram.com\\\/univ_guyane\\\/\"]},{\"@type\":\"Person\",\"@id\":\"https:\\\/\\\/www.univ-guyane.fr\\\/#\\\/schema\\\/person\\\/86d946a28a8be51bb096ccfdf19db179\",\"name\":\"Erick Loiti\u00e8re\",\"image\":{\"@type\":\"ImageObject\",\"inLanguage\":\"es\",\"@id\":\"https:\\\/\\\/secure.gravatar.com\\\/avatar\\\/0584f332103fbeaf37e52c73b15dca3c547fd9300deb05764e9ad8714839d072?s=96&d=robohash&r=g\",\"url\":\"https:\\\/\\\/secure.gravatar.com\\\/avatar\\\/0584f332103fbeaf37e52c73b15dca3c547fd9300deb05764e9ad8714839d072?s=96&d=robohash&r=g\",\"contentUrl\":\"https:\\\/\\\/secure.gravatar.com\\\/avatar\\\/0584f332103fbeaf37e52c73b15dca3c547fd9300deb05764e9ad8714839d072?s=96&d=robohash&r=g\",\"caption\":\"Erick Loiti\u00e8re\"},\"sameAs\":[\"http:\\\/\\\/www.univ-guyane.fr\"],\"url\":\"https:\\\/\\\/www.univ-guyane.fr\\\/es\\\/author\\\/eloitierdbz\\\/\"}]}<\/script>\n<!-- \/ Yoast SEO plugin. -->","yoast_head_json":{"title":"2\u00e8mes assises internationales du Carnaval Guyanais &#8212; Universit\u00e9 de Guyane","description":"D\u00e9couvrez la richesse du carnaval guyanais, un \u00e9v\u00e9nement culturel embl\u00e9matique m\u00e9langeant art, cr\u00e9ativit\u00e9 et tradition.","robots":{"index":"index","follow":"follow","max-snippet":"max-snippet:-1","max-image-preview":"max-image-preview:large","max-video-preview":"max-video-preview:-1"},"canonical":"https:\/\/www.univ-guyane.fr\/es\/2022\/09\/08\/2emes-assises-internationales-du-carnaval-guyanais\/","og_locale":"es_ES","og_type":"article","og_title":"2\u00e8mes assises internationales du Carnaval Guyanais &#8212; Universit\u00e9 de Guyane","og_description":"D\u00e9couvrez la richesse du carnaval guyanais, un \u00e9v\u00e9nement culturel embl\u00e9matique m\u00e9langeant art, cr\u00e9ativit\u00e9 et tradition.","og_url":"https:\/\/www.univ-guyane.fr\/es\/2022\/09\/08\/2emes-assises-internationales-du-carnaval-guyanais\/","og_site_name":"Universit\u00e9 de Guyane","article_publisher":"https:\/\/www.facebook.com\/univguyane","article_published_time":"2022-09-08T12:50:42+00:00","article_modified_time":"2024-06-20T12:54:32+00:00","og_image":[{"width":1700,"height":1041,"url":"https:\/\/www.univ-guyane.fr\/wp-content\/uploads\/2e-assises-intl-du-carnaval-guyanais-universite-de-guyane.jpg","type":"image\/jpeg"}],"author":"Erick Loiti\u00e8re","twitter_card":"summary_large_image","twitter_creator":"@univguyane","twitter_site":"@univguyane","twitter_misc":{"Escrito por":"Erick Loiti\u00e8re","Tiempo de lectura":"3 minutos"},"schema":{"@context":"https:\/\/schema.org","@graph":[{"@type":"Article","@id":"https:\/\/www.univ-guyane.fr\/2022\/09\/08\/2emes-assises-internationales-du-carnaval-guyanais\/#article","isPartOf":{"@id":"https:\/\/www.univ-guyane.fr\/2022\/09\/08\/2emes-assises-internationales-du-carnaval-guyanais\/"},"author":{"name":"Erick Loiti\u00e8re","@id":"https:\/\/www.univ-guyane.fr\/#\/schema\/person\/86d946a28a8be51bb096ccfdf19db179"},"headline":"2\u00e8mes assises internationales du Carnaval Guyanais","datePublished":"2022-09-08T12:50:42+00:00","dateModified":"2024-06-20T12:54:32+00:00","mainEntityOfPage":{"@id":"https:\/\/www.univ-guyane.fr\/2022\/09\/08\/2emes-assises-internationales-du-carnaval-guyanais\/"},"wordCount":705,"publisher":{"@id":"https:\/\/www.univ-guyane.fr\/#organization"},"image":{"@id":"https:\/\/www.univ-guyane.fr\/2022\/09\/08\/2emes-assises-internationales-du-carnaval-guyanais\/#primaryimage"},"thumbnailUrl":"https:\/\/www.univ-guyane.fr\/wp-content\/uploads\/2e-assises-intl-du-carnaval-guyanais-universite-de-guyane.jpg","articleSection":["\u2022\u00a0MINEA"],"inLanguage":"es"},{"@type":"WebPage","@id":"https:\/\/www.univ-guyane.fr\/2022\/09\/08\/2emes-assises-internationales-du-carnaval-guyanais\/","url":"https:\/\/www.univ-guyane.fr\/2022\/09\/08\/2emes-assises-internationales-du-carnaval-guyanais\/","name":"2\u00e8mes assises internationales du Carnaval Guyanais &#8212; Universit\u00e9 de Guyane","isPartOf":{"@id":"https:\/\/www.univ-guyane.fr\/#website"},"primaryImageOfPage":{"@id":"https:\/\/www.univ-guyane.fr\/2022\/09\/08\/2emes-assises-internationales-du-carnaval-guyanais\/#primaryimage"},"image":{"@id":"https:\/\/www.univ-guyane.fr\/2022\/09\/08\/2emes-assises-internationales-du-carnaval-guyanais\/#primaryimage"},"thumbnailUrl":"https:\/\/www.univ-guyane.fr\/wp-content\/uploads\/2e-assises-intl-du-carnaval-guyanais-universite-de-guyane.jpg","datePublished":"2022-09-08T12:50:42+00:00","dateModified":"2024-06-20T12:54:32+00:00","description":"D\u00e9couvrez la richesse du carnaval guyanais, un \u00e9v\u00e9nement culturel embl\u00e9matique m\u00e9langeant art, cr\u00e9ativit\u00e9 et tradition.","breadcrumb":{"@id":"https:\/\/www.univ-guyane.fr\/2022\/09\/08\/2emes-assises-internationales-du-carnaval-guyanais\/#breadcrumb"},"inLanguage":"es","potentialAction":[{"@type":"ReadAction","target":["https:\/\/www.univ-guyane.fr\/2022\/09\/08\/2emes-assises-internationales-du-carnaval-guyanais\/"]}]},{"@type":"ImageObject","inLanguage":"es","@id":"https:\/\/www.univ-guyane.fr\/2022\/09\/08\/2emes-assises-internationales-du-carnaval-guyanais\/#primaryimage","url":"https:\/\/www.univ-guyane.fr\/wp-content\/uploads\/2e-assises-intl-du-carnaval-guyanais-universite-de-guyane.jpg","contentUrl":"https:\/\/www.univ-guyane.fr\/wp-content\/uploads\/2e-assises-intl-du-carnaval-guyanais-universite-de-guyane.jpg","width":1700,"height":1041,"caption":"2\u00e8mes assises internationales du Carnaval Guyanais"},{"@type":"BreadcrumbList","@id":"https:\/\/www.univ-guyane.fr\/2022\/09\/08\/2emes-assises-internationales-du-carnaval-guyanais\/#breadcrumb","itemListElement":[{"@type":"ListItem","position":1,"name":"Accueil","item":"https:\/\/www.univ-guyane.fr\/"},{"@type":"ListItem","position":2,"name":"2\u00e8mes assises internationales du Carnaval Guyanais"}]},{"@type":"WebSite","@id":"https:\/\/www.univ-guyane.fr\/#website","url":"https:\/\/www.univ-guyane.fr\/","name":"Universidad de Guyana","description":"En el coraz\u00f3n de la Amazonia","publisher":{"@id":"https:\/\/www.univ-guyane.fr\/#organization"},"alternateName":"UG","potentialAction":[{"@type":"SearchAction","target":{"@type":"EntryPoint","urlTemplate":"https:\/\/www.univ-guyane.fr\/?s={search_term_string}"},"query-input":{"@type":"PropertyValueSpecification","valueRequired":true,"valueName":"search_term_string"}}],"inLanguage":"es"},{"@type":"Organization","@id":"https:\/\/www.univ-guyane.fr\/#organization","name":"Universidad de Guyana","alternateName":"UG","url":"https:\/\/www.univ-guyane.fr\/","logo":{"@type":"ImageObject","inLanguage":"es","@id":"https:\/\/www.univ-guyane.fr\/#\/schema\/logo\/image\/","url":"https:\/\/www.univ-guyane.fr\/wp-content\/uploads\/2024\/05\/f.png","contentUrl":"https:\/\/www.univ-guyane.fr\/wp-content\/uploads\/2024\/05\/f.png","width":1024,"height":1024,"caption":"Universit\u00e9 de Guyane"},"image":{"@id":"https:\/\/www.univ-guyane.fr\/#\/schema\/logo\/image\/"},"sameAs":["https:\/\/www.facebook.com\/univguyane","https:\/\/x.com\/univguyane","https:\/\/gf.linkedin.com\/school\/universite-de-guyane\/","https:\/\/www.instagram.com\/univ_guyane\/"]},{"@type":"Person","@id":"https:\/\/www.univ-guyane.fr\/#\/schema\/person\/86d946a28a8be51bb096ccfdf19db179","name":"Erick Loiti\u00e8re","image":{"@type":"ImageObject","inLanguage":"es","@id":"https:\/\/secure.gravatar.com\/avatar\/0584f332103fbeaf37e52c73b15dca3c547fd9300deb05764e9ad8714839d072?s=96&d=robohash&r=g","url":"https:\/\/secure.gravatar.com\/avatar\/0584f332103fbeaf37e52c73b15dca3c547fd9300deb05764e9ad8714839d072?s=96&d=robohash&r=g","contentUrl":"https:\/\/secure.gravatar.com\/avatar\/0584f332103fbeaf37e52c73b15dca3c547fd9300deb05764e9ad8714839d072?s=96&d=robohash&r=g","caption":"Erick Loiti\u00e8re"},"sameAs":["http:\/\/www.univ-guyane.fr"],"url":"https:\/\/www.univ-guyane.fr\/es\/author\/eloitierdbz\/"}]}},"_links":{"self":[{"href":"https:\/\/www.univ-guyane.fr\/es\/wp-json\/wp\/v2\/posts\/8842","targetHints":{"allow":["GET"]}}],"collection":[{"href":"https:\/\/www.univ-guyane.fr\/es\/wp-json\/wp\/v2\/posts"}],"about":[{"href":"https:\/\/www.univ-guyane.fr\/es\/wp-json\/wp\/v2\/types\/post"}],"author":[{"embeddable":true,"href":"https:\/\/www.univ-guyane.fr\/es\/wp-json\/wp\/v2\/users\/1"}],"replies":[{"embeddable":true,"href":"https:\/\/www.univ-guyane.fr\/es\/wp-json\/wp\/v2\/comments?post=8842"}],"version-history":[{"count":1,"href":"https:\/\/www.univ-guyane.fr\/es\/wp-json\/wp\/v2\/posts\/8842\/revisions"}],"predecessor-version":[{"id":8844,"href":"https:\/\/www.univ-guyane.fr\/es\/wp-json\/wp\/v2\/posts\/8842\/revisions\/8844"}],"wp:featuredmedia":[{"embeddable":true,"href":"https:\/\/www.univ-guyane.fr\/es\/wp-json\/wp\/v2\/media\/8843"}],"wp:attachment":[{"href":"https:\/\/www.univ-guyane.fr\/es\/wp-json\/wp\/v2\/media?parent=8842"}],"wp:term":[{"taxonomy":"category","embeddable":true,"href":"https:\/\/www.univ-guyane.fr\/es\/wp-json\/wp\/v2\/categories?post=8842"},{"taxonomy":"post_tag","embeddable":true,"href":"https:\/\/www.univ-guyane.fr\/es\/wp-json\/wp\/v2\/tags?post=8842"}],"curies":[{"name":"wp","href":"https:\/\/api.w.org\/{rel}","templated":true}]}}